{"id":30295,"date":"2025-08-18T17:16:09","date_gmt":"2025-08-18T14:16:09","guid":{"rendered":"https:\/\/kuzeyinsesi.org\/index.php\/2025\/08\/18\/soykirimci-israilin-abluka-ve-saldirilari-nedeniyle-gazzede-su-kesintileri-ve-insani-kriz-derinlesiyor\/"},"modified":"2025-08-18T17:16:09","modified_gmt":"2025-08-18T14:16:09","slug":"soykirimci-israilin-abluka-ve-saldirilari-nedeniyle-gazzede-su-kesintileri-ve-insani-kriz-derinlesiyor","status":"publish","type":"post","link":"https:\/\/kuzeyinsesi.org\/index.php\/2025\/08\/18\/soykirimci-israilin-abluka-ve-saldirilari-nedeniyle-gazzede-su-kesintileri-ve-insani-kriz-derinlesiyor\/","title":{"rendered":"Soyk\u0131r\u0131mc\u0131 \u0130srailin abluka ve sald\u0131r\u0131lar\u0131 nedeniyle Gazze&#039;de su kesintileri ve insani kriz derinle\u015fiyor"},"content":{"rendered":"<p><\/p>\n<div>\n<p>&#13;<br \/>\n\t<a href=\"https:\/\/www.trthaber.com\/etiket\/gazze\/\" target=\"_blank\">Gazze<\/a> Belediyesi yapt\u0131\u011f\u0131 a\u00e7\u0131klamada, Gazze kentinde bir\u00e7ok b\u00f6lgeye suyun ula\u015ft\u0131r\u0131lamad\u0131\u011f\u0131n\u0131 belirterek <a href=\"https:\/\/www.trthaber.com\/etiket\/su\/\" target=\"_blank\">su<\/a> da\u011f\u0131t\u0131m\u0131n\u0131n ana vanalar\u0131na ula\u015f\u0131lamad\u0131\u011f\u0131n\u0131 ve bu noktalar\u0131n tehlikeli b\u00f6lgelerde bulundu\u011funu aktard\u0131.<\/p>\n<p>&#13;<br \/>\n\t\u0130srail\u2019in 7 Ekim 2023\u2019ten bu yana s\u00fcren sald\u0131r\u0131lar\u0131 ve s\u0131k\u0131 ablukas\u0131 nedeniyle kentte su kesintilerinin ve insani krizin derinle\u015fti\u011fi kaydedilen a\u00e7\u0131klamada, \u0130srail&#8217;in yo\u011fun sald\u0131r\u0131lar\u0131na ra\u011fmen yetkililerin, ortak \u00e7al\u0131\u015ft\u0131klar\u0131 partnerler arac\u0131l\u0131\u011f\u0131yla ekiplerin b\u00f6lgeye ula\u015fmas\u0131n\u0131 sa\u011flamaya ve suyun yeniden verilmesini g\u00fcvenli \u015fekilde yeniden ba\u015flatmaya \u00e7al\u0131\u015ft\u0131klar\u0131 ifade edildi.<\/p>\n<p>&#13;<br \/>\n\tA\u00e7\u0131klamada, Gazze\u2019de s\u00fcren abluka ve sald\u0131r\u0131lar nedeniyle halk\u0131n temel ihtiya\u00e7lara eri\u015fiminin giderek zorla\u015ft\u0131\u011f\u0131na dikkat \u00e7ekilerek su kesintilerinin, sa\u011fl\u0131k ve hijyen ko\u015fullar\u0131n\u0131 olumsuz etkiledi\u011fi belirtildi.<\/p>\n<p>&#13;<br \/>\n\t\u0130srail\u2019in abluka ve sald\u0131r\u0131lar\u0131, Gazze\u2019de ya\u015fayan milyonlarca ki\u015finin g\u00fcnl\u00fck ya\u015fam\u0131n\u0131 tehdit ederken, insani yard\u0131m\u0131n ula\u015ft\u0131r\u0131lmas\u0131n\u0131 da b\u00fcy\u00fck \u00f6l\u00e7\u00fcde engelliyor.<\/p>\n<p>&#13;<br \/>\n\tGazze \u015eeridi\u2019nde insani felaket derinle\u015firken, halk\u0131n g\u00f6\u00e7e zorland\u0131\u011f\u0131 b\u00f6lgelerde temel hizmetler de ciddi \u015fekilde aks\u0131yor.<\/p>\n<\/p><\/div>\n","protected":false},"excerpt":{"rendered":"<p>&#13; Gazze Belediyesi yapt\u0131\u011f\u0131 a\u00e7\u0131klamada, Gazze kentinde bir\u00e7ok b\u00f6lgeye suyun ula\u015ft\u0131r\u0131lamad\u0131\u011f\u0131n\u0131 belirterek su da\u011f\u0131t\u0131m\u0131n\u0131n ana vanalar\u0131na ula\u015f\u0131lamad\u0131\u011f\u0131n\u0131 ve bu noktalar\u0131n tehlikeli b\u00f6lgelerde bulundu\u011funu aktard\u0131. &#13; \u0130srail\u2019in 7 Ekim 2023\u2019ten bu yana s\u00fcren sald\u0131r\u0131lar\u0131 ve s\u0131k\u0131 ablukas\u0131 nedeniyle kentte su kesintilerinin ve insani krizin derinle\u015fti\u011fi kaydedilen a\u00e7\u0131klamada, \u0130srail&#8217;in yo\u011fun sald\u0131r\u0131lar\u0131na ra\u011fmen yetkililerin, ortak \u00e7al\u0131\u015ft\u0131klar\u0131 partnerler arac\u0131l\u0131\u011f\u0131yla [&hellip;]<\/p>\n","protected":false},"author":1,"featured_media":30296,"comment_status":"open","ping_status":"open","sticky":false,"template":"","format":"standard","meta":{"jnews-multi-image_gallery":[],"jnews_single_post":[],"jnews_primary_category":[],"jnews_social_meta":[],"jnews_override_counter":[],"footnotes":""},"categories":[2],"tags":[],"class_list":["post-30295","post","type-post","status-publish","format-standard","has-post-thumbnail","hentry","category-dunya"],"yoast_head":"<!-- This site is optimized with the Yoast SEO plugin v27.5 - https:\/\/yoast.com\/product\/yoast-seo-wordpress\/ -->\n<title>Soyk\u0131r\u0131mc\u0131 \u0130srailin abluka ve sald\u0131r\u0131lar\u0131 nedeniyle Gazze&#039;de su kesintileri ve insani kriz derinle\u015fiyor - Kuzeyin Sesi<\/title>\n<meta name=\"robots\" content=\"index, follow, max-snippet:-1, max-image-preview:large, max-video-preview:-1\" \/>\n<link rel=\"canonical\" href=\"https:\/\/kuzeyinsesi.org\/index.php\/2025\/08\/18\/soykirimci-israilin-abluka-ve-saldirilari-nedeniyle-gazzede-su-kesintileri-ve-insani-kriz-derinlesiyor\/\" \/>\n<meta property=\"og:locale\" content=\"tr_TR\" \/>\n<meta property=\"og:type\" content=\"article\" \/>\n<meta property=\"og:title\" content=\"Soyk\u0131r\u0131mc\u0131 \u0130srailin abluka ve sald\u0131r\u0131lar\u0131 nedeniyle Gazze&#039;de su kesintileri ve insani kriz derinle\u015fiyor - Kuzeyin Sesi\" \/>\n<meta property=\"og:description\" content=\"&#013; Gazze Belediyesi yapt\u0131\u011f\u0131 a\u00e7\u0131klamada, Gazze kentinde bir\u00e7ok b\u00f6lgeye suyun ula\u015ft\u0131r\u0131lamad\u0131\u011f\u0131n\u0131 belirterek su da\u011f\u0131t\u0131m\u0131n\u0131n ana vanalar\u0131na ula\u015f\u0131lamad\u0131\u011f\u0131n\u0131 ve bu noktalar\u0131n tehlikeli b\u00f6lgelerde bulundu\u011funu aktard\u0131. &#013; \u0130srail\u2019in 7 Ekim 2023\u2019ten bu yana s\u00fcren sald\u0131r\u0131lar\u0131 ve s\u0131k\u0131 ablukas\u0131 nedeniyle kentte su kesintilerinin ve insani krizin derinle\u015fti\u011fi kaydedilen a\u00e7\u0131klamada, \u0130srail&#8217;in yo\u011fun sald\u0131r\u0131lar\u0131na ra\u011fmen yetkililerin, ortak \u00e7al\u0131\u015ft\u0131klar\u0131 partnerler arac\u0131l\u0131\u011f\u0131yla [&hellip;]\" \/>\n<meta property=\"og:url\" content=\"https:\/\/kuzeyinsesi.org\/index.php\/2025\/08\/18\/soykirimci-israilin-abluka-ve-saldirilari-nedeniyle-gazzede-su-kesintileri-ve-insani-kriz-derinlesiyor\/\" \/>\n<meta property=\"og:site_name\" content=\"Kuzeyin Sesi\" \/>\n<meta property=\"article:publisher\" content=\"https:\/\/www.facebook.com\/kuzeyinsesii\" \/>\n<meta property=\"article:published_time\" content=\"2025-08-18T14:16:09+00:00\" \/>\n<meta property=\"og:image\" content=\"https:\/\/trthaberstatic.cdn.wp.trt.com.tr\/resimler\/2340000\/gazze-su-aa-2341704.jpg\" \/>\n<meta name=\"author\" content=\"Kuzeyin Sesi\" \/>\n<meta name=\"twitter:card\" content=\"summary_large_image\" \/>\n<meta name=\"twitter:creator\" content=\"@kuzeyinsesii\" \/>\n<meta name=\"twitter:site\" content=\"@kuzeyinsesii\" \/>\n<meta name=\"twitter:label1\" content=\"Yazan:\" \/>\n\t<meta name=\"twitter:data1\" content=\"Kuzeyin Sesi\" \/>\n\t<meta name=\"twitter:label2\" content=\"Tahmini okuma s\u00fcresi\" \/>\n\t<meta name=\"twitter:data2\" content=\"1 dakika\" \/>\n<script type=\"application\/ld+json\" class=\"yoast-schema-graph\">{\"@context\":\"https:\\\/\\\/schema.org\",\"@graph\":[{\"@type\":\"Article\",\"@id\":\"https:\\\/\\\/kuzeyinsesi.org\\\/index.php\\\/2025\\\/08\\\/18\\\/soykirimci-israilin-abluka-ve-saldirilari-nedeniyle-gazzede-su-kesintileri-ve-insani-kriz-derinlesiyor\\\/#article\",\"isPartOf\":{\"@id\":\"https:\\\/\\\/kuzeyinsesi.org\\\/index.php\\\/2025\\\/08\\\/18\\\/soykirimci-israilin-abluka-ve-saldirilari-nedeniyle-gazzede-su-kesintileri-ve-insani-kriz-derinlesiyor\\\/\"},\"author\":{\"name\":\"Kuzeyin Sesi\",\"@id\":\"https:\\\/\\\/kuzeyinsesi.org\\\/#\\\/schema\\\/person\\\/9f859689cdf01485597712386e37f5aa\"},\"headline\":\"Soyk\u0131r\u0131mc\u0131 \u0130srailin abluka ve sald\u0131r\u0131lar\u0131 nedeniyle Gazze&#039;de su kesintileri ve insani kriz derinle\u015fiyor\",\"datePublished\":\"2025-08-18T14:16:09+00:00\",\"mainEntityOfPage\":{\"@id\":\"https:\\\/\\\/kuzeyinsesi.org\\\/index.php\\\/2025\\\/08\\\/18\\\/soykirimci-israilin-abluka-ve-saldirilari-nedeniyle-gazzede-su-kesintileri-ve-insani-kriz-derinlesiyor\\\/\"},\"wordCount\":227,\"commentCount\":0,\"image\":{\"@id\":\"https:\\\/\\\/kuzeyinsesi.org\\\/index.php\\\/2025\\\/08\\\/18\\\/soykirimci-israilin-abluka-ve-saldirilari-nedeniyle-gazzede-su-kesintileri-ve-insani-kriz-derinlesiyor\\\/#primaryimage\"},\"thumbnailUrl\":\"https:\\\/\\\/kuzeyinsesi.org\\\/wp-content\\\/uploads\\\/2025\\\/08\\\/gazze-su-aa-2341704.jpg\",\"articleSection\":[\"D\u00fcnya\"],\"inLanguage\":\"tr\",\"potentialAction\":[{\"@type\":\"CommentAction\",\"name\":\"Comment\",\"target\":[\"https:\\\/\\\/kuzeyinsesi.org\\\/index.php\\\/2025\\\/08\\\/18\\\/soykirimci-israilin-abluka-ve-saldirilari-nedeniyle-gazzede-su-kesintileri-ve-insani-kriz-derinlesiyor\\\/#respond\"]}]},{\"@type\":\"WebPage\",\"@id\":\"https:\\\/\\\/kuzeyinsesi.org\\\/index.php\\\/2025\\\/08\\\/18\\\/soykirimci-israilin-abluka-ve-saldirilari-nedeniyle-gazzede-su-kesintileri-ve-insani-kriz-derinlesiyor\\\/\",\"url\":\"https:\\\/\\\/kuzeyinsesi.org\\\/index.php\\\/2025\\\/08\\\/18\\\/soykirimci-israilin-abluka-ve-saldirilari-nedeniyle-gazzede-su-kesintileri-ve-insani-kriz-derinlesiyor\\\/\",\"name\":\"Soyk\u0131r\u0131mc\u0131 \u0130srailin abluka ve sald\u0131r\u0131lar\u0131 nedeniyle Gazze&#039;de su kesintileri ve insani kriz derinle\u015fiyor - Kuzeyin Sesi\",\"isPartOf\":{\"@id\":\"https:\\\/\\\/kuzeyinsesi.org\\\/#website\"},\"primaryImageOfPage\":{\"@id\":\"https:\\\/\\\/kuzeyinsesi.org\\\/index.php\\\/2025\\\/08\\\/18\\\/soykirimci-israilin-abluka-ve-saldirilari-nedeniyle-gazzede-su-kesintileri-ve-insani-kriz-derinlesiyor\\\/#primaryimage\"},\"image\":{\"@id\":\"https:\\\/\\\/kuzeyinsesi.org\\\/index.php\\\/2025\\\/08\\\/18\\\/soykirimci-israilin-abluka-ve-saldirilari-nedeniyle-gazzede-su-kesintileri-ve-insani-kriz-derinlesiyor\\\/#primaryimage\"},\"thumbnailUrl\":\"https:\\\/\\\/kuzeyinsesi.org\\\/wp-content\\\/uploads\\\/2025\\\/08\\\/gazze-su-aa-2341704.jpg\",\"datePublished\":\"2025-08-18T14:16:09+00:00\",\"author\":{\"@id\":\"https:\\\/\\\/kuzeyinsesi.org\\\/#\\\/schema\\\/person\\\/9f859689cdf01485597712386e37f5aa\"},\"breadcrumb\":{\"@id\":\"https:\\\/\\\/kuzeyinsesi.org\\\/index.php\\\/2025\\\/08\\\/18\\\/soykirimci-israilin-abluka-ve-saldirilari-nedeniyle-gazzede-su-kesintileri-ve-insani-kriz-derinlesiyor\\\/#breadcrumb\"},\"inLanguage\":\"tr\",\"potentialAction\":[{\"@type\":\"ReadAction\",\"target\":[\"https:\\\/\\\/kuzeyinsesi.org\\\/index.php\\\/2025\\\/08\\\/18\\\/soykirimci-israilin-abluka-ve-saldirilari-nedeniyle-gazzede-su-kesintileri-ve-insani-kriz-derinlesiyor\\\/\"]}]},{\"@type\":\"ImageObject\",\"inLanguage\":\"tr\",\"@id\":\"https:\\\/\\\/kuzeyinsesi.org\\\/index.php\\\/2025\\\/08\\\/18\\\/soykirimci-israilin-abluka-ve-saldirilari-nedeniyle-gazzede-su-kesintileri-ve-insani-kriz-derinlesiyor\\\/#primaryimage\",\"url\":\"https:\\\/\\\/kuzeyinsesi.org\\\/wp-content\\\/uploads\\\/2025\\\/08\\\/gazze-su-aa-2341704.jpg\",\"contentUrl\":\"https:\\\/\\\/kuzeyinsesi.org\\\/wp-content\\\/uploads\\\/2025\\\/08\\\/gazze-su-aa-2341704.jpg\",\"width\":1280,\"height\":720},{\"@type\":\"BreadcrumbList\",\"@id\":\"https:\\\/\\\/kuzeyinsesi.org\\\/index.php\\\/2025\\\/08\\\/18\\\/soykirimci-israilin-abluka-ve-saldirilari-nedeniyle-gazzede-su-kesintileri-ve-insani-kriz-derinlesiyor\\\/#breadcrumb\",\"itemListElement\":[{\"@type\":\"ListItem\",\"position\":1,\"name\":\"Anasayfa\",\"item\":\"https:\\\/\\\/kuzeyinsesi.org\\\/\"},{\"@type\":\"ListItem\",\"position\":2,\"name\":\"Soyk\u0131r\u0131mc\u0131 \u0130srailin abluka ve sald\u0131r\u0131lar\u0131 nedeniyle Gazze&#039;de su kesintileri ve insani kriz derinle\u015fiyor\"}]},{\"@type\":\"WebSite\",\"@id\":\"https:\\\/\\\/kuzeyinsesi.org\\\/#website\",\"url\":\"https:\\\/\\\/kuzeyinsesi.org\\\/\",\"name\":\"Kuzeyin Sesi\",\"description\":\"Do\u011fru Haberin Adresi\",\"potentialAction\":[{\"@type\":\"SearchAction\",\"target\":{\"@type\":\"EntryPoint\",\"urlTemplate\":\"https:\\\/\\\/kuzeyinsesi.org\\\/?s={search_term_string}\"},\"query-input\":{\"@type\":\"PropertyValueSpecification\",\"valueRequired\":true,\"valueName\":\"search_term_string\"}}],\"inLanguage\":\"tr\"},{\"@type\":\"Person\",\"@id\":\"https:\\\/\\\/kuzeyinsesi.org\\\/#\\\/schema\\\/person\\\/9f859689cdf01485597712386e37f5aa\",\"name\":\"Kuzeyin Sesi\",\"image\":{\"@type\":\"ImageObject\",\"inLanguage\":\"tr\",\"@id\":\"https:\\\/\\\/secure.gravatar.com\\\/avatar\\\/bab33852abfd8b282518d6ed81826833d77c3c882d9ab608add591ccace47a44?s=96&d=mm&r=g\",\"url\":\"https:\\\/\\\/secure.gravatar.com\\\/avatar\\\/bab33852abfd8b282518d6ed81826833d77c3c882d9ab608add591ccace47a44?s=96&d=mm&r=g\",\"contentUrl\":\"https:\\\/\\\/secure.gravatar.com\\\/avatar\\\/bab33852abfd8b282518d6ed81826833d77c3c882d9ab608add591ccace47a44?s=96&d=mm&r=g\",\"caption\":\"Kuzeyin Sesi\"},\"sameAs\":[\"https:\\\/\\\/kuzeyinsesi.org\"],\"url\":\"https:\\\/\\\/kuzeyinsesi.org\\\/index.php\\\/author\\\/guven\\\/\"}]}<\/script>\n<!-- \/ Yoast SEO plugin. -->","yoast_head_json":{"title":"Soyk\u0131r\u0131mc\u0131 \u0130srailin abluka ve sald\u0131r\u0131lar\u0131 nedeniyle Gazze&#039;de su kesintileri ve insani kriz derinle\u015fiyor - Kuzeyin Sesi","robots":{"index":"index","follow":"follow","max-snippet":"max-snippet:-1","max-image-preview":"max-image-preview:large","max-video-preview":"max-video-preview:-1"},"canonical":"https:\/\/kuzeyinsesi.org\/index.php\/2025\/08\/18\/soykirimci-israilin-abluka-ve-saldirilari-nedeniyle-gazzede-su-kesintileri-ve-insani-kriz-derinlesiyor\/","og_locale":"tr_TR","og_type":"article","og_title":"Soyk\u0131r\u0131mc\u0131 \u0130srailin abluka ve sald\u0131r\u0131lar\u0131 nedeniyle Gazze&#039;de su kesintileri ve insani kriz derinle\u015fiyor - Kuzeyin Sesi","og_description":"&#13; Gazze Belediyesi yapt\u0131\u011f\u0131 a\u00e7\u0131klamada, Gazze kentinde bir\u00e7ok b\u00f6lgeye suyun ula\u015ft\u0131r\u0131lamad\u0131\u011f\u0131n\u0131 belirterek su da\u011f\u0131t\u0131m\u0131n\u0131n ana vanalar\u0131na ula\u015f\u0131lamad\u0131\u011f\u0131n\u0131 ve bu noktalar\u0131n tehlikeli b\u00f6lgelerde bulundu\u011funu aktard\u0131. &#13; \u0130srail\u2019in 7 Ekim 2023\u2019ten bu yana s\u00fcren sald\u0131r\u0131lar\u0131 ve s\u0131k\u0131 ablukas\u0131 nedeniyle kentte su kesintilerinin ve insani krizin derinle\u015fti\u011fi kaydedilen a\u00e7\u0131klamada, \u0130srail&#8217;in yo\u011fun sald\u0131r\u0131lar\u0131na ra\u011fmen yetkililerin, ortak \u00e7al\u0131\u015ft\u0131klar\u0131 partnerler arac\u0131l\u0131\u011f\u0131yla [&hellip;]","og_url":"https:\/\/kuzeyinsesi.org\/index.php\/2025\/08\/18\/soykirimci-israilin-abluka-ve-saldirilari-nedeniyle-gazzede-su-kesintileri-ve-insani-kriz-derinlesiyor\/","og_site_name":"Kuzeyin Sesi","article_publisher":"https:\/\/www.facebook.com\/kuzeyinsesii","article_published_time":"2025-08-18T14:16:09+00:00","og_image":[{"url":"https:\/\/trthaberstatic.cdn.wp.trt.com.tr\/resimler\/2340000\/gazze-su-aa-2341704.jpg","type":"","width":"","height":""}],"author":"Kuzeyin Sesi","twitter_card":"summary_large_image","twitter_creator":"@kuzeyinsesii","twitter_site":"@kuzeyinsesii","twitter_misc":{"Yazan:":"Kuzeyin Sesi","Tahmini okuma s\u00fcresi":"1 dakika"},"schema":{"@context":"https:\/\/schema.org","@graph":[{"@type":"Article","@id":"https:\/\/kuzeyinsesi.org\/index.php\/2025\/08\/18\/soykirimci-israilin-abluka-ve-saldirilari-nedeniyle-gazzede-su-kesintileri-ve-insani-kriz-derinlesiyor\/#article","isPartOf":{"@id":"https:\/\/kuzeyinsesi.org\/index.php\/2025\/08\/18\/soykirimci-israilin-abluka-ve-saldirilari-nedeniyle-gazzede-su-kesintileri-ve-insani-kriz-derinlesiyor\/"},"author":{"name":"Kuzeyin Sesi","@id":"https:\/\/kuzeyinsesi.org\/#\/schema\/person\/9f859689cdf01485597712386e37f5aa"},"headline":"Soyk\u0131r\u0131mc\u0131 \u0130srailin abluka ve sald\u0131r\u0131lar\u0131 nedeniyle Gazze&#039;de su kesintileri ve insani kriz derinle\u015fiyor","datePublished":"2025-08-18T14:16:09+00:00","mainEntityOfPage":{"@id":"https:\/\/kuzeyinsesi.org\/index.php\/2025\/08\/18\/soykirimci-israilin-abluka-ve-saldirilari-nedeniyle-gazzede-su-kesintileri-ve-insani-kriz-derinlesiyor\/"},"wordCount":227,"commentCount":0,"image":{"@id":"https:\/\/kuzeyinsesi.org\/index.php\/2025\/08\/18\/soykirimci-israilin-abluka-ve-saldirilari-nedeniyle-gazzede-su-kesintileri-ve-insani-kriz-derinlesiyor\/#primaryimage"},"thumbnailUrl":"https:\/\/kuzeyinsesi.org\/wp-content\/uploads\/2025\/08\/gazze-su-aa-2341704.jpg","articleSection":["D\u00fcnya"],"inLanguage":"tr","potentialAction":[{"@type":"CommentAction","name":"Comment","target":["https:\/\/kuzeyinsesi.org\/index.php\/2025\/08\/18\/soykirimci-israilin-abluka-ve-saldirilari-nedeniyle-gazzede-su-kesintileri-ve-insani-kriz-derinlesiyor\/#respond"]}]},{"@type":"WebPage","@id":"https:\/\/kuzeyinsesi.org\/index.php\/2025\/08\/18\/soykirimci-israilin-abluka-ve-saldirilari-nedeniyle-gazzede-su-kesintileri-ve-insani-kriz-derinlesiyor\/","url":"https:\/\/kuzeyinsesi.org\/index.php\/2025\/08\/18\/soykirimci-israilin-abluka-ve-saldirilari-nedeniyle-gazzede-su-kesintileri-ve-insani-kriz-derinlesiyor\/","name":"Soyk\u0131r\u0131mc\u0131 \u0130srailin abluka ve sald\u0131r\u0131lar\u0131 nedeniyle Gazze&#039;de su kesintileri ve insani kriz derinle\u015fiyor - Kuzeyin Sesi","isPartOf":{"@id":"https:\/\/kuzeyinsesi.org\/#website"},"primaryImageOfPage":{"@id":"https:\/\/kuzeyinsesi.org\/index.php\/2025\/08\/18\/soykirimci-israilin-abluka-ve-saldirilari-nedeniyle-gazzede-su-kesintileri-ve-insani-kriz-derinlesiyor\/#primaryimage"},"image":{"@id":"https:\/\/kuzeyinsesi.org\/index.php\/2025\/08\/18\/soykirimci-israilin-abluka-ve-saldirilari-nedeniyle-gazzede-su-kesintileri-ve-insani-kriz-derinlesiyor\/#primaryimage"},"thumbnailUrl":"https:\/\/kuzeyinsesi.org\/wp-content\/uploads\/2025\/08\/gazze-su-aa-2341704.jpg","datePublished":"2025-08-18T14:16:09+00:00","author":{"@id":"https:\/\/kuzeyinsesi.org\/#\/schema\/person\/9f859689cdf01485597712386e37f5aa"},"breadcrumb":{"@id":"https:\/\/kuzeyinsesi.org\/index.php\/2025\/08\/18\/soykirimci-israilin-abluka-ve-saldirilari-nedeniyle-gazzede-su-kesintileri-ve-insani-kriz-derinlesiyor\/#breadcrumb"},"inLanguage":"tr","potentialAction":[{"@type":"ReadAction","target":["https:\/\/kuzeyinsesi.org\/index.php\/2025\/08\/18\/soykirimci-israilin-abluka-ve-saldirilari-nedeniyle-gazzede-su-kesintileri-ve-insani-kriz-derinlesiyor\/"]}]},{"@type":"ImageObject","inLanguage":"tr","@id":"https:\/\/kuzeyinsesi.org\/index.php\/2025\/08\/18\/soykirimci-israilin-abluka-ve-saldirilari-nedeniyle-gazzede-su-kesintileri-ve-insani-kriz-derinlesiyor\/#primaryimage","url":"https:\/\/kuzeyinsesi.org\/wp-content\/uploads\/2025\/08\/gazze-su-aa-2341704.jpg","contentUrl":"https:\/\/kuzeyinsesi.org\/wp-content\/uploads\/2025\/08\/gazze-su-aa-2341704.jpg","width":1280,"height":720},{"@type":"BreadcrumbList","@id":"https:\/\/kuzeyinsesi.org\/index.php\/2025\/08\/18\/soykirimci-israilin-abluka-ve-saldirilari-nedeniyle-gazzede-su-kesintileri-ve-insani-kriz-derinlesiyor\/#breadcrumb","itemListElement":[{"@type":"ListItem","position":1,"name":"Anasayfa","item":"https:\/\/kuzeyinsesi.org\/"},{"@type":"ListItem","position":2,"name":"Soyk\u0131r\u0131mc\u0131 \u0130srailin abluka ve sald\u0131r\u0131lar\u0131 nedeniyle Gazze&#039;de su kesintileri ve insani kriz derinle\u015fiyor"}]},{"@type":"WebSite","@id":"https:\/\/kuzeyinsesi.org\/#website","url":"https:\/\/kuzeyinsesi.org\/","name":"Kuzeyin Sesi","description":"Do\u011fru Haberin Adresi","potentialAction":[{"@type":"SearchAction","target":{"@type":"EntryPoint","urlTemplate":"https:\/\/kuzeyinsesi.org\/?s={search_term_string}"},"query-input":{"@type":"PropertyValueSpecification","valueRequired":true,"valueName":"search_term_string"}}],"inLanguage":"tr"},{"@type":"Person","@id":"https:\/\/kuzeyinsesi.org\/#\/schema\/person\/9f859689cdf01485597712386e37f5aa","name":"Kuzeyin Sesi","image":{"@type":"ImageObject","inLanguage":"tr","@id":"https:\/\/secure.gravatar.com\/avatar\/bab33852abfd8b282518d6ed81826833d77c3c882d9ab608add591ccace47a44?s=96&d=mm&r=g","url":"https:\/\/secure.gravatar.com\/avatar\/bab33852abfd8b282518d6ed81826833d77c3c882d9ab608add591ccace47a44?s=96&d=mm&r=g","contentUrl":"https:\/\/secure.gravatar.com\/avatar\/bab33852abfd8b282518d6ed81826833d77c3c882d9ab608add591ccace47a44?s=96&d=mm&r=g","caption":"Kuzeyin Sesi"},"sameAs":["https:\/\/kuzeyinsesi.org"],"url":"https:\/\/kuzeyinsesi.org\/index.php\/author\/guven\/"}]}},"_links":{"self":[{"href":"https:\/\/kuzeyinsesi.org\/index.php\/wp-json\/wp\/v2\/posts\/30295","targetHints":{"allow":["GET"]}}],"collection":[{"href":"https:\/\/kuzeyinsesi.org\/index.php\/wp-json\/wp\/v2\/posts"}],"about":[{"href":"https:\/\/kuzeyinsesi.org\/index.php\/wp-json\/wp\/v2\/types\/post"}],"author":[{"embeddable":true,"href":"https:\/\/kuzeyinsesi.org\/index.php\/wp-json\/wp\/v2\/users\/1"}],"replies":[{"embeddable":true,"href":"https:\/\/kuzeyinsesi.org\/index.php\/wp-json\/wp\/v2\/comments?post=30295"}],"version-history":[{"count":0,"href":"https:\/\/kuzeyinsesi.org\/index.php\/wp-json\/wp\/v2\/posts\/30295\/revisions"}],"wp:featuredmedia":[{"embeddable":true,"href":"https:\/\/kuzeyinsesi.org\/index.php\/wp-json\/wp\/v2\/media\/30296"}],"wp:attachment":[{"href":"https:\/\/kuzeyinsesi.org\/index.php\/wp-json\/wp\/v2\/media?parent=30295"}],"wp:term":[{"taxonomy":"category","embeddable":true,"href":"https:\/\/kuzeyinsesi.org\/index.php\/wp-json\/wp\/v2\/categories?post=30295"},{"taxonomy":"post_tag","embeddable":true,"href":"https:\/\/kuzeyinsesi.org\/index.php\/wp-json\/wp\/v2\/tags?post=30295"}],"curies":[{"name":"wp","href":"https:\/\/api.w.org\/{rel}","templated":true}]}}