{"id":3023,"date":"2024-05-20T20:32:50","date_gmt":"2024-05-20T17:32:50","guid":{"rendered":"https:\/\/kuzeyinsesi.com\/index.php\/2024\/05\/20\/daude-kibris-turk-basininda-19-mayis-coskusu-konulu-sergi-ve-muzik-dinletisi-yer-aldi\/"},"modified":"2024-05-20T20:32:50","modified_gmt":"2024-05-20T17:32:50","slug":"daude-kibris-turk-basininda-19-mayis-coskusu-konulu-sergi-ve-muzik-dinletisi-yer-aldi","status":"publish","type":"post","link":"https:\/\/kuzeyinsesi.org\/index.php\/2024\/05\/20\/daude-kibris-turk-basininda-19-mayis-coskusu-konulu-sergi-ve-muzik-dinletisi-yer-aldi\/","title":{"rendered":"DA\u00dc\u2019de \u201cK\u0131br\u0131s T\u00fcrk Bas\u0131n\u0131nda 19 May\u0131s Co\u015fkusu\u201d konulu sergi ve m\u00fczik dinletisi yer ald\u0131"},"content":{"rendered":"<div>\n<div class=\"mariselle-image-container center\">\n                                            <\/div>\n<p>\nDo\u011fu Akdeniz \u00dcniversitesi Atat\u00fcrk Ara\u015ft\u0131rma ve Uygulama Merkezi (DA\u00dc ATAUM) taraf\u0131ndan 19 May\u0131s Atat\u00fcrk\u2019\u00fc Anma, Gen\u00e7lik ve Spor Bayram\u0131 kapsam\u0131nda, \u201cK\u0131br\u0131s T\u00fcrk Bas\u0131n\u0131nda 19 May\u0131s Co\u015fkusu\u201d konulu sergi ve m\u00fczik dinletisi d\u00fczenlendi.<\/p>\n<p>DA\u00dc Halkla \u0130li\u015fkiler ve Medya M\u00fcd\u00fcrl\u00fc\u011f\u00fc\u2019nden yap\u0131lan a\u00e7\u0131klamaya g\u00f6re, bug\u00fcn saat 10:00\u2019da, Rekt\u00f6rl\u00fck Binas\u0131 giri\u015finde yap\u0131lan sergi a\u00e7\u0131l\u0131\u015f\u0131na DA\u00dc Rekt\u00f6r Vekili Prof. Dr. Osman M. Karatepe, Tan\u0131t\u0131m ve Kurumsal \u0130leti\u015fimden Sorumlu Rekt\u00f6r Yard\u0131mc\u0131s\u0131 Prof. Dr. Ali \u00d6zt\u00fcren, \u00d6\u011frenci \u0130\u015flerinden Sorumlu Rekt\u00f6r Yard\u0131mc\u0131s\u0131 Prof. Dr. Sonu\u00e7 Zorlu, b\u00f6l\u00fcm ba\u015fkanlar\u0131 ve \u00f6\u011frenciler kat\u0131ld\u0131.<\/p>\n<p>Sayg\u0131 Duru\u015fu ve \u0130stiklal Mar\u015f\u0131\u2019n\u0131n ard\u0131ndan yap\u0131lan a\u00e7\u0131l\u0131\u015fta konu\u015fan DA\u00dc ATAUM \u00d6\u011fretim G\u00f6revlisi Dr. Devran Kaya, Mustafa Kemal Atat\u00fcrk ile silah arkada\u015flar\u0131n\u0131 rahmetle and\u0131, gelece\u011fe \u0131\u015f\u0131k tutan gen\u00e7lerin 19 May\u0131s Atat\u00fcrk\u2019\u00fc Anma, Gen\u00e7lik ve Spor Bayram\u0131\u2019n\u0131 kutlad\u0131.<\/p>\n<p>DA\u00dc Rekt\u00f6r Vekili Prof. Dr. Osman M. Karatepe ise konu\u015fmas\u0131nda, 19 May\u0131s tarihinin esaretten \u00f6zg\u00fcrl\u00fc\u011fe, ba\u011f\u0131ms\u0131zl\u0131\u011fa giden \u00f6nemli bir tarih oldu\u011funu belirterek, s\u00f6z konusu tarihte milli m\u00fccadele fitilinin yak\u0131ld\u0131\u011f\u0131n\u0131n alt\u0131n\u0131 \u00e7izdi. Mustafa Kemal Atat\u00fcrk\u2019\u00fcn 19 May\u0131s\u2019\u0131 gen\u00e7lere emanet edilen bir bayram olarak nitelendirdi\u011fini belirten Karatepe, Ulu \u00d6nder Mustafa Kemal Atat\u00fcrk\u2019\u00fcn gen\u00e7lere ve \u00e7ocuklara verdi\u011fi \u00f6nemin sadece bayramlarla de\u011fil verdi\u011fi mesajlarda da a\u00e7\u0131k oldu\u011funun alt\u0131n \u00e7izdi. Karatepe, bug\u00fcn gen\u00e7lerin \u00f6zg\u00fcrl\u00fck i\u00e7inde ya\u015famas\u0131n\u0131 y\u0131llar \u00f6nce Mustafa Kemal Atat\u00fcrk \u00f6nderli\u011finde verilen m\u00fccadeleye bor\u00e7lu oldu\u011funu belirterek, gen\u00e7lere bu g\u00fcnlerin de\u011ferini bilmelerini tavsiye etti. Atat\u00fcrk\u2019\u00fcn nutuklar\u0131nda ve verilen mesajlar\u0131nda \u00f6nemli bilgilerin yer ald\u0131\u011f\u0131n\u0131 aktaran Karatepe, mesajlar\u0131 iyi anlaman\u0131n son derece \u00f6nemli oldu\u011funu aktard\u0131.  Karatepe konu\u015fmas\u0131n\u0131n sonunda t\u00fcm gen\u00e7lerin bayram\u0131n\u0131 kutlad\u0131.<\/p>\n<p>A\u00e7\u0131l\u0131\u015f konu\u015fmalar\u0131n\u0131n ard\u0131ndan E\u011fitim Fak\u00fcltesi, G\u00fczel Sanatlar E\u011fitimi B\u00f6l\u00fcm\u00fc, M\u00fczik \u00d6\u011fretmenli\u011fi Program\u0131 \u00f6\u011frencilerinin ger\u00e7ekle\u015ftirdi\u011fi m\u00fczik dinletisi e\u015fli\u011finde Rekt\u00f6rl\u00fck Binas\u0131 giri\u015finde a\u00e7\u0131lan sergi ziyaret edildi.<\/p>\n<\/p><\/div>\n<p><script async\n                    defer\n                    crossorigin=\"anonymous\"\n                    src=\"https:\/\/connect.facebook.net\/tr_TR\/sdk.js#xfbml=1&#038;version=v3.3\"\n            ><\/script><\/p>\n","protected":false},"excerpt":{"rendered":"<p>Do\u011fu Akdeniz \u00dcniversitesi Atat\u00fcrk Ara\u015ft\u0131rma ve Uygulama Merkezi (DA\u00dc ATAUM) taraf\u0131ndan 19 May\u0131s Atat\u00fcrk\u2019\u00fc Anma, Gen\u00e7lik ve Spor Bayram\u0131 kapsam\u0131nda, \u201cK\u0131br\u0131s T\u00fcrk Bas\u0131n\u0131nda 19 May\u0131s Co\u015fkusu\u201d konulu sergi ve m\u00fczik dinletisi d\u00fczenlendi. DA\u00dc Halkla \u0130li\u015fkiler ve Medya M\u00fcd\u00fcrl\u00fc\u011f\u00fc\u2019nden yap\u0131lan a\u00e7\u0131klamaya g\u00f6re, bug\u00fcn saat 10:00\u2019da, Rekt\u00f6rl\u00fck Binas\u0131 giri\u015finde yap\u0131lan sergi a\u00e7\u0131l\u0131\u015f\u0131na DA\u00dc Rekt\u00f6r Vekili Prof. Dr. [&hellip;]<\/p>\n","protected":false},"author":1,"featured_media":3024,"comment_status":"open","ping_status":"open","sticky":false,"template":"","format":"standard","meta":{"jnews-multi-image_gallery":[],"jnews_single_post":[],"jnews_primary_category":[],"jnews_social_meta":[],"jnews_override_counter":[],"footnotes":""},"categories":[6],"tags":[],"class_list":["post-3023","post","type-post","status-publish","format-standard","has-post-thumbnail","hentry","category-yasam"],"yoast_head":"<!-- This site is optimized with the Yoast SEO plugin v27.5 - https:\/\/yoast.com\/product\/yoast-seo-wordpress\/ -->\n<title>DA\u00dc\u2019de \u201cK\u0131br\u0131s T\u00fcrk Bas\u0131n\u0131nda 19 May\u0131s Co\u015fkusu\u201d konulu sergi ve m\u00fczik dinletisi yer ald\u0131 - Kuzeyin Sesi<\/title>\n<meta name=\"robots\" content=\"index, follow, max-snippet:-1, max-image-preview:large, max-video-preview:-1\" \/>\n<link rel=\"canonical\" href=\"https:\/\/kuzeyinsesi.org\/index.php\/2024\/05\/20\/daude-kibris-turk-basininda-19-mayis-coskusu-konulu-sergi-ve-muzik-dinletisi-yer-aldi\/\" \/>\n<meta property=\"og:locale\" content=\"tr_TR\" \/>\n<meta property=\"og:type\" content=\"article\" \/>\n<meta property=\"og:title\" content=\"DA\u00dc\u2019de \u201cK\u0131br\u0131s T\u00fcrk Bas\u0131n\u0131nda 19 May\u0131s Co\u015fkusu\u201d konulu sergi ve m\u00fczik dinletisi yer ald\u0131 - Kuzeyin Sesi\" \/>\n<meta property=\"og:description\" content=\"Do\u011fu Akdeniz \u00dcniversitesi Atat\u00fcrk Ara\u015ft\u0131rma ve Uygulama Merkezi (DA\u00dc ATAUM) taraf\u0131ndan 19 May\u0131s Atat\u00fcrk\u2019\u00fc Anma, Gen\u00e7lik ve Spor Bayram\u0131 kapsam\u0131nda, \u201cK\u0131br\u0131s T\u00fcrk Bas\u0131n\u0131nda 19 May\u0131s Co\u015fkusu\u201d konulu sergi ve m\u00fczik dinletisi d\u00fczenlendi. DA\u00dc Halkla \u0130li\u015fkiler ve Medya M\u00fcd\u00fcrl\u00fc\u011f\u00fc\u2019nden yap\u0131lan a\u00e7\u0131klamaya g\u00f6re, bug\u00fcn saat 10:00\u2019da, Rekt\u00f6rl\u00fck Binas\u0131 giri\u015finde yap\u0131lan sergi a\u00e7\u0131l\u0131\u015f\u0131na DA\u00dc Rekt\u00f6r Vekili Prof. Dr. [&hellip;]\" \/>\n<meta property=\"og:url\" content=\"https:\/\/kuzeyinsesi.org\/index.php\/2024\/05\/20\/daude-kibris-turk-basininda-19-mayis-coskusu-konulu-sergi-ve-muzik-dinletisi-yer-aldi\/\" \/>\n<meta property=\"og:site_name\" content=\"Kuzeyin Sesi\" \/>\n<meta property=\"article:publisher\" content=\"https:\/\/www.facebook.com\/kuzeyinsesii\" \/>\n<meta property=\"article:published_time\" content=\"2024-05-20T17:32:50+00:00\" \/>\n<meta property=\"og:image\" content=\"https:\/\/kuzeyinsesi.org\/wp-content\/uploads\/2024\/05\/dau-5-7.jpg\" \/>\n\t<meta property=\"og:image:width\" content=\"1800\" \/>\n\t<meta property=\"og:image:height\" content=\"1190\" \/>\n\t<meta property=\"og:image:type\" content=\"image\/jpeg\" \/>\n<meta name=\"author\" content=\"Kuzeyin Sesi\" \/>\n<meta name=\"twitter:card\" content=\"summary_large_image\" \/>\n<meta name=\"twitter:creator\" content=\"@kuzeyinsesii\" \/>\n<meta name=\"twitter:site\" content=\"@kuzeyinsesii\" \/>\n<meta name=\"twitter:label1\" content=\"Yazan:\" \/>\n\t<meta name=\"twitter:data1\" content=\"Kuzeyin Sesi\" \/>\n\t<meta name=\"twitter:label2\" content=\"Tahmini okuma s\u00fcresi\" \/>\n\t<meta name=\"twitter:data2\" content=\"2 dakika\" \/>\n<script type=\"application\/ld+json\" class=\"yoast-schema-graph\">{\"@context\":\"https:\\\/\\\/schema.org\",\"@graph\":[{\"@type\":\"Article\",\"@id\":\"https:\\\/\\\/kuzeyinsesi.org\\\/index.php\\\/2024\\\/05\\\/20\\\/daude-kibris-turk-basininda-19-mayis-coskusu-konulu-sergi-ve-muzik-dinletisi-yer-aldi\\\/#article\",\"isPartOf\":{\"@id\":\"https:\\\/\\\/kuzeyinsesi.org\\\/index.php\\\/2024\\\/05\\\/20\\\/daude-kibris-turk-basininda-19-mayis-coskusu-konulu-sergi-ve-muzik-dinletisi-yer-aldi\\\/\"},\"author\":{\"name\":\"Kuzeyin Sesi\",\"@id\":\"https:\\\/\\\/kuzeyinsesi.org\\\/#\\\/schema\\\/person\\\/9f859689cdf01485597712386e37f5aa\"},\"headline\":\"DA\u00dc\u2019de \u201cK\u0131br\u0131s T\u00fcrk Bas\u0131n\u0131nda 19 May\u0131s Co\u015fkusu\u201d konulu sergi ve m\u00fczik dinletisi yer ald\u0131\",\"datePublished\":\"2024-05-20T17:32:50+00:00\",\"mainEntityOfPage\":{\"@id\":\"https:\\\/\\\/kuzeyinsesi.org\\\/index.php\\\/2024\\\/05\\\/20\\\/daude-kibris-turk-basininda-19-mayis-coskusu-konulu-sergi-ve-muzik-dinletisi-yer-aldi\\\/\"},\"wordCount\":423,\"commentCount\":0,\"image\":{\"@id\":\"https:\\\/\\\/kuzeyinsesi.org\\\/index.php\\\/2024\\\/05\\\/20\\\/daude-kibris-turk-basininda-19-mayis-coskusu-konulu-sergi-ve-muzik-dinletisi-yer-aldi\\\/#primaryimage\"},\"thumbnailUrl\":\"https:\\\/\\\/kuzeyinsesi.org\\\/wp-content\\\/uploads\\\/2024\\\/05\\\/dau-5-7.jpg\",\"articleSection\":[\"Ya\u015fam\"],\"inLanguage\":\"tr\",\"potentialAction\":[{\"@type\":\"CommentAction\",\"name\":\"Comment\",\"target\":[\"https:\\\/\\\/kuzeyinsesi.org\\\/index.php\\\/2024\\\/05\\\/20\\\/daude-kibris-turk-basininda-19-mayis-coskusu-konulu-sergi-ve-muzik-dinletisi-yer-aldi\\\/#respond\"]}]},{\"@type\":\"WebPage\",\"@id\":\"https:\\\/\\\/kuzeyinsesi.org\\\/index.php\\\/2024\\\/05\\\/20\\\/daude-kibris-turk-basininda-19-mayis-coskusu-konulu-sergi-ve-muzik-dinletisi-yer-aldi\\\/\",\"url\":\"https:\\\/\\\/kuzeyinsesi.org\\\/index.php\\\/2024\\\/05\\\/20\\\/daude-kibris-turk-basininda-19-mayis-coskusu-konulu-sergi-ve-muzik-dinletisi-yer-aldi\\\/\",\"name\":\"DA\u00dc\u2019de \u201cK\u0131br\u0131s T\u00fcrk Bas\u0131n\u0131nda 19 May\u0131s Co\u015fkusu\u201d konulu sergi ve m\u00fczik dinletisi yer ald\u0131 - Kuzeyin Sesi\",\"isPartOf\":{\"@id\":\"https:\\\/\\\/kuzeyinsesi.org\\\/#website\"},\"primaryImageOfPage\":{\"@id\":\"https:\\\/\\\/kuzeyinsesi.org\\\/index.php\\\/2024\\\/05\\\/20\\\/daude-kibris-turk-basininda-19-mayis-coskusu-konulu-sergi-ve-muzik-dinletisi-yer-aldi\\\/#primaryimage\"},\"image\":{\"@id\":\"https:\\\/\\\/kuzeyinsesi.org\\\/index.php\\\/2024\\\/05\\\/20\\\/daude-kibris-turk-basininda-19-mayis-coskusu-konulu-sergi-ve-muzik-dinletisi-yer-aldi\\\/#primaryimage\"},\"thumbnailUrl\":\"https:\\\/\\\/kuzeyinsesi.org\\\/wp-content\\\/uploads\\\/2024\\\/05\\\/dau-5-7.jpg\",\"datePublished\":\"2024-05-20T17:32:50+00:00\",\"author\":{\"@id\":\"https:\\\/\\\/kuzeyinsesi.org\\\/#\\\/schema\\\/person\\\/9f859689cdf01485597712386e37f5aa\"},\"breadcrumb\":{\"@id\":\"https:\\\/\\\/kuzeyinsesi.org\\\/index.php\\\/2024\\\/05\\\/20\\\/daude-kibris-turk-basininda-19-mayis-coskusu-konulu-sergi-ve-muzik-dinletisi-yer-aldi\\\/#breadcrumb\"},\"inLanguage\":\"tr\",\"potentialAction\":[{\"@type\":\"ReadAction\",\"target\":[\"https:\\\/\\\/kuzeyinsesi.org\\\/index.php\\\/2024\\\/05\\\/20\\\/daude-kibris-turk-basininda-19-mayis-coskusu-konulu-sergi-ve-muzik-dinletisi-yer-aldi\\\/\"]}]},{\"@type\":\"ImageObject\",\"inLanguage\":\"tr\",\"@id\":\"https:\\\/\\\/kuzeyinsesi.org\\\/index.php\\\/2024\\\/05\\\/20\\\/daude-kibris-turk-basininda-19-mayis-coskusu-konulu-sergi-ve-muzik-dinletisi-yer-aldi\\\/#primaryimage\",\"url\":\"https:\\\/\\\/kuzeyinsesi.org\\\/wp-content\\\/uploads\\\/2024\\\/05\\\/dau-5-7.jpg\",\"contentUrl\":\"https:\\\/\\\/kuzeyinsesi.org\\\/wp-content\\\/uploads\\\/2024\\\/05\\\/dau-5-7.jpg\",\"width\":1800,\"height\":1190},{\"@type\":\"BreadcrumbList\",\"@id\":\"https:\\\/\\\/kuzeyinsesi.org\\\/index.php\\\/2024\\\/05\\\/20\\\/daude-kibris-turk-basininda-19-mayis-coskusu-konulu-sergi-ve-muzik-dinletisi-yer-aldi\\\/#breadcrumb\",\"itemListElement\":[{\"@type\":\"ListItem\",\"position\":1,\"name\":\"Anasayfa\",\"item\":\"https:\\\/\\\/kuzeyinsesi.org\\\/\"},{\"@type\":\"ListItem\",\"position\":2,\"name\":\"DA\u00dc\u2019de \u201cK\u0131br\u0131s T\u00fcrk Bas\u0131n\u0131nda 19 May\u0131s Co\u015fkusu\u201d konulu sergi ve m\u00fczik dinletisi yer ald\u0131\"}]},{\"@type\":\"WebSite\",\"@id\":\"https:\\\/\\\/kuzeyinsesi.org\\\/#website\",\"url\":\"https:\\\/\\\/kuzeyinsesi.org\\\/\",\"name\":\"Kuzeyin Sesi\",\"description\":\"Do\u011fru Haberin Adresi\",\"potentialAction\":[{\"@type\":\"SearchAction\",\"target\":{\"@type\":\"EntryPoint\",\"urlTemplate\":\"https:\\\/\\\/kuzeyinsesi.org\\\/?s={search_term_string}\"},\"query-input\":{\"@type\":\"PropertyValueSpecification\",\"valueRequired\":true,\"valueName\":\"search_term_string\"}}],\"inLanguage\":\"tr\"},{\"@type\":\"Person\",\"@id\":\"https:\\\/\\\/kuzeyinsesi.org\\\/#\\\/schema\\\/person\\\/9f859689cdf01485597712386e37f5aa\",\"name\":\"Kuzeyin Sesi\",\"image\":{\"@type\":\"ImageObject\",\"inLanguage\":\"tr\",\"@id\":\"https:\\\/\\\/secure.gravatar.com\\\/avatar\\\/bab33852abfd8b282518d6ed81826833d77c3c882d9ab608add591ccace47a44?s=96&d=mm&r=g\",\"url\":\"https:\\\/\\\/secure.gravatar.com\\\/avatar\\\/bab33852abfd8b282518d6ed81826833d77c3c882d9ab608add591ccace47a44?s=96&d=mm&r=g\",\"contentUrl\":\"https:\\\/\\\/secure.gravatar.com\\\/avatar\\\/bab33852abfd8b282518d6ed81826833d77c3c882d9ab608add591ccace47a44?s=96&d=mm&r=g\",\"caption\":\"Kuzeyin Sesi\"},\"sameAs\":[\"https:\\\/\\\/kuzeyinsesi.org\"],\"url\":\"https:\\\/\\\/kuzeyinsesi.org\\\/index.php\\\/author\\\/guven\\\/\"}]}<\/script>\n<!-- \/ Yoast SEO plugin. -->","yoast_head_json":{"title":"DA\u00dc\u2019de \u201cK\u0131br\u0131s T\u00fcrk Bas\u0131n\u0131nda 19 May\u0131s Co\u015fkusu\u201d konulu sergi ve m\u00fczik dinletisi yer ald\u0131 - Kuzeyin Sesi","robots":{"index":"index","follow":"follow","max-snippet":"max-snippet:-1","max-image-preview":"max-image-preview:large","max-video-preview":"max-video-preview:-1"},"canonical":"https:\/\/kuzeyinsesi.org\/index.php\/2024\/05\/20\/daude-kibris-turk-basininda-19-mayis-coskusu-konulu-sergi-ve-muzik-dinletisi-yer-aldi\/","og_locale":"tr_TR","og_type":"article","og_title":"DA\u00dc\u2019de \u201cK\u0131br\u0131s T\u00fcrk Bas\u0131n\u0131nda 19 May\u0131s Co\u015fkusu\u201d konulu sergi ve m\u00fczik dinletisi yer ald\u0131 - Kuzeyin Sesi","og_description":"Do\u011fu Akdeniz \u00dcniversitesi Atat\u00fcrk Ara\u015ft\u0131rma ve Uygulama Merkezi (DA\u00dc ATAUM) taraf\u0131ndan 19 May\u0131s Atat\u00fcrk\u2019\u00fc Anma, Gen\u00e7lik ve Spor Bayram\u0131 kapsam\u0131nda, \u201cK\u0131br\u0131s T\u00fcrk Bas\u0131n\u0131nda 19 May\u0131s Co\u015fkusu\u201d konulu sergi ve m\u00fczik dinletisi d\u00fczenlendi. DA\u00dc Halkla \u0130li\u015fkiler ve Medya M\u00fcd\u00fcrl\u00fc\u011f\u00fc\u2019nden yap\u0131lan a\u00e7\u0131klamaya g\u00f6re, bug\u00fcn saat 10:00\u2019da, Rekt\u00f6rl\u00fck Binas\u0131 giri\u015finde yap\u0131lan sergi a\u00e7\u0131l\u0131\u015f\u0131na DA\u00dc Rekt\u00f6r Vekili Prof. Dr. [&hellip;]","og_url":"https:\/\/kuzeyinsesi.org\/index.php\/2024\/05\/20\/daude-kibris-turk-basininda-19-mayis-coskusu-konulu-sergi-ve-muzik-dinletisi-yer-aldi\/","og_site_name":"Kuzeyin Sesi","article_publisher":"https:\/\/www.facebook.com\/kuzeyinsesii","article_published_time":"2024-05-20T17:32:50+00:00","og_image":[{"width":1800,"height":1190,"url":"https:\/\/kuzeyinsesi.org\/wp-content\/uploads\/2024\/05\/dau-5-7.jpg","type":"image\/jpeg"}],"author":"Kuzeyin Sesi","twitter_card":"summary_large_image","twitter_creator":"@kuzeyinsesii","twitter_site":"@kuzeyinsesii","twitter_misc":{"Yazan:":"Kuzeyin Sesi","Tahmini okuma s\u00fcresi":"2 dakika"},"schema":{"@context":"https:\/\/schema.org","@graph":[{"@type":"Article","@id":"https:\/\/kuzeyinsesi.org\/index.php\/2024\/05\/20\/daude-kibris-turk-basininda-19-mayis-coskusu-konulu-sergi-ve-muzik-dinletisi-yer-aldi\/#article","isPartOf":{"@id":"https:\/\/kuzeyinsesi.org\/index.php\/2024\/05\/20\/daude-kibris-turk-basininda-19-mayis-coskusu-konulu-sergi-ve-muzik-dinletisi-yer-aldi\/"},"author":{"name":"Kuzeyin Sesi","@id":"https:\/\/kuzeyinsesi.org\/#\/schema\/person\/9f859689cdf01485597712386e37f5aa"},"headline":"DA\u00dc\u2019de \u201cK\u0131br\u0131s T\u00fcrk Bas\u0131n\u0131nda 19 May\u0131s Co\u015fkusu\u201d konulu sergi ve m\u00fczik dinletisi yer ald\u0131","datePublished":"2024-05-20T17:32:50+00:00","mainEntityOfPage":{"@id":"https:\/\/kuzeyinsesi.org\/index.php\/2024\/05\/20\/daude-kibris-turk-basininda-19-mayis-coskusu-konulu-sergi-ve-muzik-dinletisi-yer-aldi\/"},"wordCount":423,"commentCount":0,"image":{"@id":"https:\/\/kuzeyinsesi.org\/index.php\/2024\/05\/20\/daude-kibris-turk-basininda-19-mayis-coskusu-konulu-sergi-ve-muzik-dinletisi-yer-aldi\/#primaryimage"},"thumbnailUrl":"https:\/\/kuzeyinsesi.org\/wp-content\/uploads\/2024\/05\/dau-5-7.jpg","articleSection":["Ya\u015fam"],"inLanguage":"tr","potentialAction":[{"@type":"CommentAction","name":"Comment","target":["https:\/\/kuzeyinsesi.org\/index.php\/2024\/05\/20\/daude-kibris-turk-basininda-19-mayis-coskusu-konulu-sergi-ve-muzik-dinletisi-yer-aldi\/#respond"]}]},{"@type":"WebPage","@id":"https:\/\/kuzeyinsesi.org\/index.php\/2024\/05\/20\/daude-kibris-turk-basininda-19-mayis-coskusu-konulu-sergi-ve-muzik-dinletisi-yer-aldi\/","url":"https:\/\/kuzeyinsesi.org\/index.php\/2024\/05\/20\/daude-kibris-turk-basininda-19-mayis-coskusu-konulu-sergi-ve-muzik-dinletisi-yer-aldi\/","name":"DA\u00dc\u2019de \u201cK\u0131br\u0131s T\u00fcrk Bas\u0131n\u0131nda 19 May\u0131s Co\u015fkusu\u201d konulu sergi ve m\u00fczik dinletisi yer ald\u0131 - Kuzeyin Sesi","isPartOf":{"@id":"https:\/\/kuzeyinsesi.org\/#website"},"primaryImageOfPage":{"@id":"https:\/\/kuzeyinsesi.org\/index.php\/2024\/05\/20\/daude-kibris-turk-basininda-19-mayis-coskusu-konulu-sergi-ve-muzik-dinletisi-yer-aldi\/#primaryimage"},"image":{"@id":"https:\/\/kuzeyinsesi.org\/index.php\/2024\/05\/20\/daude-kibris-turk-basininda-19-mayis-coskusu-konulu-sergi-ve-muzik-dinletisi-yer-aldi\/#primaryimage"},"thumbnailUrl":"https:\/\/kuzeyinsesi.org\/wp-content\/uploads\/2024\/05\/dau-5-7.jpg","datePublished":"2024-05-20T17:32:50+00:00","author":{"@id":"https:\/\/kuzeyinsesi.org\/#\/schema\/person\/9f859689cdf01485597712386e37f5aa"},"breadcrumb":{"@id":"https:\/\/kuzeyinsesi.org\/index.php\/2024\/05\/20\/daude-kibris-turk-basininda-19-mayis-coskusu-konulu-sergi-ve-muzik-dinletisi-yer-aldi\/#breadcrumb"},"inLanguage":"tr","potentialAction":[{"@type":"ReadAction","target":["https:\/\/kuzeyinsesi.org\/index.php\/2024\/05\/20\/daude-kibris-turk-basininda-19-mayis-coskusu-konulu-sergi-ve-muzik-dinletisi-yer-aldi\/"]}]},{"@type":"ImageObject","inLanguage":"tr","@id":"https:\/\/kuzeyinsesi.org\/index.php\/2024\/05\/20\/daude-kibris-turk-basininda-19-mayis-coskusu-konulu-sergi-ve-muzik-dinletisi-yer-aldi\/#primaryimage","url":"https:\/\/kuzeyinsesi.org\/wp-content\/uploads\/2024\/05\/dau-5-7.jpg","contentUrl":"https:\/\/kuzeyinsesi.org\/wp-content\/uploads\/2024\/05\/dau-5-7.jpg","width":1800,"height":1190},{"@type":"BreadcrumbList","@id":"https:\/\/kuzeyinsesi.org\/index.php\/2024\/05\/20\/daude-kibris-turk-basininda-19-mayis-coskusu-konulu-sergi-ve-muzik-dinletisi-yer-aldi\/#breadcrumb","itemListElement":[{"@type":"ListItem","position":1,"name":"Anasayfa","item":"https:\/\/kuzeyinsesi.org\/"},{"@type":"ListItem","position":2,"name":"DA\u00dc\u2019de \u201cK\u0131br\u0131s T\u00fcrk Bas\u0131n\u0131nda 19 May\u0131s Co\u015fkusu\u201d konulu sergi ve m\u00fczik dinletisi yer ald\u0131"}]},{"@type":"WebSite","@id":"https:\/\/kuzeyinsesi.org\/#website","url":"https:\/\/kuzeyinsesi.org\/","name":"Kuzeyin Sesi","description":"Do\u011fru Haberin Adresi","potentialAction":[{"@type":"SearchAction","target":{"@type":"EntryPoint","urlTemplate":"https:\/\/kuzeyinsesi.org\/?s={search_term_string}"},"query-input":{"@type":"PropertyValueSpecification","valueRequired":true,"valueName":"search_term_string"}}],"inLanguage":"tr"},{"@type":"Person","@id":"https:\/\/kuzeyinsesi.org\/#\/schema\/person\/9f859689cdf01485597712386e37f5aa","name":"Kuzeyin Sesi","image":{"@type":"ImageObject","inLanguage":"tr","@id":"https:\/\/secure.gravatar.com\/avatar\/bab33852abfd8b282518d6ed81826833d77c3c882d9ab608add591ccace47a44?s=96&d=mm&r=g","url":"https:\/\/secure.gravatar.com\/avatar\/bab33852abfd8b282518d6ed81826833d77c3c882d9ab608add591ccace47a44?s=96&d=mm&r=g","contentUrl":"https:\/\/secure.gravatar.com\/avatar\/bab33852abfd8b282518d6ed81826833d77c3c882d9ab608add591ccace47a44?s=96&d=mm&r=g","caption":"Kuzeyin Sesi"},"sameAs":["https:\/\/kuzeyinsesi.org"],"url":"https:\/\/kuzeyinsesi.org\/index.php\/author\/guven\/"}]}},"_links":{"self":[{"href":"https:\/\/kuzeyinsesi.org\/index.php\/wp-json\/wp\/v2\/posts\/3023","targetHints":{"allow":["GET"]}}],"collection":[{"href":"https:\/\/kuzeyinsesi.org\/index.php\/wp-json\/wp\/v2\/posts"}],"about":[{"href":"https:\/\/kuzeyinsesi.org\/index.php\/wp-json\/wp\/v2\/types\/post"}],"author":[{"embeddable":true,"href":"https:\/\/kuzeyinsesi.org\/index.php\/wp-json\/wp\/v2\/users\/1"}],"replies":[{"embeddable":true,"href":"https:\/\/kuzeyinsesi.org\/index.php\/wp-json\/wp\/v2\/comments?post=3023"}],"version-history":[{"count":0,"href":"https:\/\/kuzeyinsesi.org\/index.php\/wp-json\/wp\/v2\/posts\/3023\/revisions"}],"wp:featuredmedia":[{"embeddable":true,"href":"https:\/\/kuzeyinsesi.org\/index.php\/wp-json\/wp\/v2\/media\/3024"}],"wp:attachment":[{"href":"https:\/\/kuzeyinsesi.org\/index.php\/wp-json\/wp\/v2\/media?parent=3023"}],"wp:term":[{"taxonomy":"category","embeddable":true,"href":"https:\/\/kuzeyinsesi.org\/index.php\/wp-json\/wp\/v2\/categories?post=3023"},{"taxonomy":"post_tag","embeddable":true,"href":"https:\/\/kuzeyinsesi.org\/index.php\/wp-json\/wp\/v2\/tags?post=3023"}],"curies":[{"name":"wp","href":"https:\/\/api.w.org\/{rel}","templated":true}]}}