{"id":30183,"date":"2025-08-10T07:19:10","date_gmt":"2025-08-10T04:19:10","guid":{"rendered":"https:\/\/kuzeyinsesi.org\/index.php\/2025\/08\/10\/ercan-gazikoy-ana-yolundaki-trafik-kazasinda-1-kisi-yasamini-yitirdi\/"},"modified":"2025-08-10T07:19:10","modified_gmt":"2025-08-10T04:19:10","slug":"ercan-gazikoy-ana-yolundaki-trafik-kazasinda-1-kisi-yasamini-yitirdi","status":"publish","type":"post","link":"https:\/\/kuzeyinsesi.org\/index.php\/2025\/08\/10\/ercan-gazikoy-ana-yolundaki-trafik-kazasinda-1-kisi-yasamini-yitirdi\/","title":{"rendered":"Ercan \u2013 Gazik\u00f6y ana yolundaki trafik kazas\u0131nda 1 ki\u015fi ya\u015fam\u0131n\u0131 yitirdi"},"content":{"rendered":"<div>\n<div class=\"mariselle-image-container center\">\n                                            <\/div>\n<p>Ercan \u2013 Gazik\u00f6y ana yolunda meydana gelen trafik kazas\u0131nda 73 ya\u015f\u0131ndaki Salim Erdeg\u00f6r ya\u015fam\u0131n\u0131 yitirdi.<\/p>\n<p>Polisin a\u00e7\u0131klamas\u0131na g\u00f6re, Erdeg\u00f6r, y\u00f6netimindeki KJ 851 plakal\u0131 ara\u00e7la Ercan istikametine do\u011fru seyretti\u011fi s\u0131rada dikkatsizli\u011fi sonucu yolun sa\u011f\u0131na ge\u00e7ip, kar\u015f\u0131dan gelen Hasan Kar\u015f\u0131l\u0131 (E-31) y\u00f6netimindeki LF 762 plakal\u0131 ara\u00e7la\u00a0 y\u00fcz y\u00fcze \u00e7arp\u0131\u015ft\u0131.<\/p>\n<p>Erdeg\u00f6r olay yerinde ya\u015fam\u0131n\u0131 yitirirken, kazada yaralanan Kar\u015f\u0131l\u0131 ile ayn\u0131 ara\u00e7ta yolcu olarak bulunan Ne\u015fe Kar\u015f\u0131l\u0131 (K-29) ve Laren Kar\u015f\u0131l\u0131 (K-2) Lefko\u015fa Dr Burhan Nalbanto\u011flu Devlet Hastanesi\u2019nde tedavi alt\u0131na al\u0131nd\u0131.<\/p>\n<p>Soru\u015fturma devam ediyor.<\/p>\n<\/p><\/div>\n<p><script async\n                    defer\n                    crossorigin=\"anonymous\"\n                    src=\"https:\/\/connect.facebook.net\/tr_TR\/sdk.js#xfbml=1&#038;version=v3.3\"\n            ><\/script><\/p>\n","protected":false},"excerpt":{"rendered":"<p>Ercan \u2013 Gazik\u00f6y ana yolunda meydana gelen trafik kazas\u0131nda 73 ya\u015f\u0131ndaki Salim Erdeg\u00f6r ya\u015fam\u0131n\u0131 yitirdi. Polisin a\u00e7\u0131klamas\u0131na g\u00f6re, Erdeg\u00f6r, y\u00f6netimindeki KJ 851 plakal\u0131 ara\u00e7la Ercan istikametine do\u011fru seyretti\u011fi s\u0131rada dikkatsizli\u011fi sonucu yolun sa\u011f\u0131na ge\u00e7ip, kar\u015f\u0131dan gelen Hasan Kar\u015f\u0131l\u0131 (E-31) y\u00f6netimindeki LF 762 plakal\u0131 ara\u00e7la\u00a0 y\u00fcz y\u00fcze \u00e7arp\u0131\u015ft\u0131. Erdeg\u00f6r olay yerinde ya\u015fam\u0131n\u0131 yitirirken, kazada yaralanan Kar\u015f\u0131l\u0131 [&hellip;]<\/p>\n","protected":false},"author":1,"featured_media":30184,"comment_status":"open","ping_status":"open","sticky":false,"template":"","format":"standard","meta":{"jnews-multi-image_gallery":[],"jnews_single_post":[],"jnews_primary_category":[],"jnews_social_meta":[],"jnews_override_counter":[],"footnotes":""},"categories":[1],"tags":[],"class_list":["post-30183","post","type-post","status-publish","format-standard","has-post-thumbnail","hentry","category-kibris"],"yoast_head":"<!-- This site is optimized with the Yoast SEO plugin v27.5 - https:\/\/yoast.com\/product\/yoast-seo-wordpress\/ -->\n<title>Ercan \u2013 Gazik\u00f6y ana yolundaki trafik kazas\u0131nda 1 ki\u015fi ya\u015fam\u0131n\u0131 yitirdi - Kuzeyin Sesi<\/title>\n<meta name=\"robots\" content=\"index, follow, max-snippet:-1, max-image-preview:large, max-video-preview:-1\" \/>\n<link rel=\"canonical\" href=\"https:\/\/kuzeyinsesi.org\/index.php\/2025\/08\/10\/ercan-gazikoy-ana-yolundaki-trafik-kazasinda-1-kisi-yasamini-yitirdi\/\" \/>\n<meta property=\"og:locale\" content=\"tr_TR\" \/>\n<meta property=\"og:type\" content=\"article\" \/>\n<meta property=\"og:title\" content=\"Ercan \u2013 Gazik\u00f6y ana yolundaki trafik kazas\u0131nda 1 ki\u015fi ya\u015fam\u0131n\u0131 yitirdi - Kuzeyin Sesi\" \/>\n<meta property=\"og:description\" content=\"Ercan \u2013 Gazik\u00f6y ana yolunda meydana gelen trafik kazas\u0131nda 73 ya\u015f\u0131ndaki Salim Erdeg\u00f6r ya\u015fam\u0131n\u0131 yitirdi. Polisin a\u00e7\u0131klamas\u0131na g\u00f6re, Erdeg\u00f6r, y\u00f6netimindeki KJ 851 plakal\u0131 ara\u00e7la Ercan istikametine do\u011fru seyretti\u011fi s\u0131rada dikkatsizli\u011fi sonucu yolun sa\u011f\u0131na ge\u00e7ip, kar\u015f\u0131dan gelen Hasan Kar\u015f\u0131l\u0131 (E-31) y\u00f6netimindeki LF 762 plakal\u0131 ara\u00e7la\u00a0 y\u00fcz y\u00fcze \u00e7arp\u0131\u015ft\u0131. Erdeg\u00f6r olay yerinde ya\u015fam\u0131n\u0131 yitirirken, kazada yaralanan Kar\u015f\u0131l\u0131 [&hellip;]\" \/>\n<meta property=\"og:url\" content=\"https:\/\/kuzeyinsesi.org\/index.php\/2025\/08\/10\/ercan-gazikoy-ana-yolundaki-trafik-kazasinda-1-kisi-yasamini-yitirdi\/\" \/>\n<meta property=\"og:site_name\" content=\"Kuzeyin Sesi\" \/>\n<meta property=\"article:publisher\" content=\"https:\/\/www.facebook.com\/kuzeyinsesii\" \/>\n<meta property=\"article:published_time\" content=\"2025-08-10T04:19:10+00:00\" \/>\n<meta property=\"og:image\" content=\"https:\/\/brtk.net\/wp-content\/uploads\/2025\/08\/10\/1754779774265IMG-20250810-WA0000.jpg?ver=3abaaf75cd56a17fabedc4d1348e0f38\" \/>\n<meta name=\"author\" content=\"Kuzeyin Sesi\" \/>\n<meta name=\"twitter:card\" content=\"summary_large_image\" \/>\n<meta name=\"twitter:creator\" content=\"@kuzeyinsesii\" \/>\n<meta name=\"twitter:site\" content=\"@kuzeyinsesii\" \/>\n<meta name=\"twitter:label1\" content=\"Yazan:\" \/>\n\t<meta name=\"twitter:data1\" content=\"Kuzeyin Sesi\" \/>\n\t<meta name=\"twitter:label2\" content=\"Tahmini okuma s\u00fcresi\" \/>\n\t<meta name=\"twitter:data2\" content=\"1 dakika\" \/>\n<script type=\"application\/ld+json\" class=\"yoast-schema-graph\">{\"@context\":\"https:\\\/\\\/schema.org\",\"@graph\":[{\"@type\":\"Article\",\"@id\":\"https:\\\/\\\/kuzeyinsesi.org\\\/index.php\\\/2025\\\/08\\\/10\\\/ercan-gazikoy-ana-yolundaki-trafik-kazasinda-1-kisi-yasamini-yitirdi\\\/#article\",\"isPartOf\":{\"@id\":\"https:\\\/\\\/kuzeyinsesi.org\\\/index.php\\\/2025\\\/08\\\/10\\\/ercan-gazikoy-ana-yolundaki-trafik-kazasinda-1-kisi-yasamini-yitirdi\\\/\"},\"author\":{\"name\":\"Kuzeyin Sesi\",\"@id\":\"https:\\\/\\\/kuzeyinsesi.org\\\/#\\\/schema\\\/person\\\/9f859689cdf01485597712386e37f5aa\"},\"headline\":\"Ercan \u2013 Gazik\u00f6y ana yolundaki trafik kazas\u0131nda 1 ki\u015fi ya\u015fam\u0131n\u0131 yitirdi\",\"datePublished\":\"2025-08-10T04:19:10+00:00\",\"mainEntityOfPage\":{\"@id\":\"https:\\\/\\\/kuzeyinsesi.org\\\/index.php\\\/2025\\\/08\\\/10\\\/ercan-gazikoy-ana-yolundaki-trafik-kazasinda-1-kisi-yasamini-yitirdi\\\/\"},\"wordCount\":129,\"commentCount\":0,\"image\":{\"@id\":\"https:\\\/\\\/kuzeyinsesi.org\\\/index.php\\\/2025\\\/08\\\/10\\\/ercan-gazikoy-ana-yolundaki-trafik-kazasinda-1-kisi-yasamini-yitirdi\\\/#primaryimage\"},\"thumbnailUrl\":\"https:\\\/\\\/kuzeyinsesi.org\\\/wp-content\\\/uploads\\\/2025\\\/08\\\/1754779774265IMG-20250810-WA0000.jpg\",\"articleSection\":[\"K\u0131br\u0131s\"],\"inLanguage\":\"tr\",\"potentialAction\":[{\"@type\":\"CommentAction\",\"name\":\"Comment\",\"target\":[\"https:\\\/\\\/kuzeyinsesi.org\\\/index.php\\\/2025\\\/08\\\/10\\\/ercan-gazikoy-ana-yolundaki-trafik-kazasinda-1-kisi-yasamini-yitirdi\\\/#respond\"]}]},{\"@type\":\"WebPage\",\"@id\":\"https:\\\/\\\/kuzeyinsesi.org\\\/index.php\\\/2025\\\/08\\\/10\\\/ercan-gazikoy-ana-yolundaki-trafik-kazasinda-1-kisi-yasamini-yitirdi\\\/\",\"url\":\"https:\\\/\\\/kuzeyinsesi.org\\\/index.php\\\/2025\\\/08\\\/10\\\/ercan-gazikoy-ana-yolundaki-trafik-kazasinda-1-kisi-yasamini-yitirdi\\\/\",\"name\":\"Ercan \u2013 Gazik\u00f6y ana yolundaki trafik kazas\u0131nda 1 ki\u015fi ya\u015fam\u0131n\u0131 yitirdi - Kuzeyin Sesi\",\"isPartOf\":{\"@id\":\"https:\\\/\\\/kuzeyinsesi.org\\\/#website\"},\"primaryImageOfPage\":{\"@id\":\"https:\\\/\\\/kuzeyinsesi.org\\\/index.php\\\/2025\\\/08\\\/10\\\/ercan-gazikoy-ana-yolundaki-trafik-kazasinda-1-kisi-yasamini-yitirdi\\\/#primaryimage\"},\"image\":{\"@id\":\"https:\\\/\\\/kuzeyinsesi.org\\\/index.php\\\/2025\\\/08\\\/10\\\/ercan-gazikoy-ana-yolundaki-trafik-kazasinda-1-kisi-yasamini-yitirdi\\\/#primaryimage\"},\"thumbnailUrl\":\"https:\\\/\\\/kuzeyinsesi.org\\\/wp-content\\\/uploads\\\/2025\\\/08\\\/1754779774265IMG-20250810-WA0000.jpg\",\"datePublished\":\"2025-08-10T04:19:10+00:00\",\"author\":{\"@id\":\"https:\\\/\\\/kuzeyinsesi.org\\\/#\\\/schema\\\/person\\\/9f859689cdf01485597712386e37f5aa\"},\"breadcrumb\":{\"@id\":\"https:\\\/\\\/kuzeyinsesi.org\\\/index.php\\\/2025\\\/08\\\/10\\\/ercan-gazikoy-ana-yolundaki-trafik-kazasinda-1-kisi-yasamini-yitirdi\\\/#breadcrumb\"},\"inLanguage\":\"tr\",\"potentialAction\":[{\"@type\":\"ReadAction\",\"target\":[\"https:\\\/\\\/kuzeyinsesi.org\\\/index.php\\\/2025\\\/08\\\/10\\\/ercan-gazikoy-ana-yolundaki-trafik-kazasinda-1-kisi-yasamini-yitirdi\\\/\"]}]},{\"@type\":\"ImageObject\",\"inLanguage\":\"tr\",\"@id\":\"https:\\\/\\\/kuzeyinsesi.org\\\/index.php\\\/2025\\\/08\\\/10\\\/ercan-gazikoy-ana-yolundaki-trafik-kazasinda-1-kisi-yasamini-yitirdi\\\/#primaryimage\",\"url\":\"https:\\\/\\\/kuzeyinsesi.org\\\/wp-content\\\/uploads\\\/2025\\\/08\\\/1754779774265IMG-20250810-WA0000.jpg\",\"contentUrl\":\"https:\\\/\\\/kuzeyinsesi.org\\\/wp-content\\\/uploads\\\/2025\\\/08\\\/1754779774265IMG-20250810-WA0000.jpg\",\"width\":1600,\"height\":1200},{\"@type\":\"BreadcrumbList\",\"@id\":\"https:\\\/\\\/kuzeyinsesi.org\\\/index.php\\\/2025\\\/08\\\/10\\\/ercan-gazikoy-ana-yolundaki-trafik-kazasinda-1-kisi-yasamini-yitirdi\\\/#breadcrumb\",\"itemListElement\":[{\"@type\":\"ListItem\",\"position\":1,\"name\":\"Anasayfa\",\"item\":\"https:\\\/\\\/kuzeyinsesi.org\\\/\"},{\"@type\":\"ListItem\",\"position\":2,\"name\":\"Ercan \u2013 Gazik\u00f6y ana yolundaki trafik kazas\u0131nda 1 ki\u015fi ya\u015fam\u0131n\u0131 yitirdi\"}]},{\"@type\":\"WebSite\",\"@id\":\"https:\\\/\\\/kuzeyinsesi.org\\\/#website\",\"url\":\"https:\\\/\\\/kuzeyinsesi.org\\\/\",\"name\":\"Kuzeyin Sesi\",\"description\":\"Do\u011fru Haberin Adresi\",\"potentialAction\":[{\"@type\":\"SearchAction\",\"target\":{\"@type\":\"EntryPoint\",\"urlTemplate\":\"https:\\\/\\\/kuzeyinsesi.org\\\/?s={search_term_string}\"},\"query-input\":{\"@type\":\"PropertyValueSpecification\",\"valueRequired\":true,\"valueName\":\"search_term_string\"}}],\"inLanguage\":\"tr\"},{\"@type\":\"Person\",\"@id\":\"https:\\\/\\\/kuzeyinsesi.org\\\/#\\\/schema\\\/person\\\/9f859689cdf01485597712386e37f5aa\",\"name\":\"Kuzeyin Sesi\",\"image\":{\"@type\":\"ImageObject\",\"inLanguage\":\"tr\",\"@id\":\"https:\\\/\\\/secure.gravatar.com\\\/avatar\\\/bab33852abfd8b282518d6ed81826833d77c3c882d9ab608add591ccace47a44?s=96&d=mm&r=g\",\"url\":\"https:\\\/\\\/secure.gravatar.com\\\/avatar\\\/bab33852abfd8b282518d6ed81826833d77c3c882d9ab608add591ccace47a44?s=96&d=mm&r=g\",\"contentUrl\":\"https:\\\/\\\/secure.gravatar.com\\\/avatar\\\/bab33852abfd8b282518d6ed81826833d77c3c882d9ab608add591ccace47a44?s=96&d=mm&r=g\",\"caption\":\"Kuzeyin Sesi\"},\"sameAs\":[\"https:\\\/\\\/kuzeyinsesi.org\"],\"url\":\"https:\\\/\\\/kuzeyinsesi.org\\\/index.php\\\/author\\\/guven\\\/\"}]}<\/script>\n<!-- \/ Yoast SEO plugin. -->","yoast_head_json":{"title":"Ercan \u2013 Gazik\u00f6y ana yolundaki trafik kazas\u0131nda 1 ki\u015fi ya\u015fam\u0131n\u0131 yitirdi - Kuzeyin Sesi","robots":{"index":"index","follow":"follow","max-snippet":"max-snippet:-1","max-image-preview":"max-image-preview:large","max-video-preview":"max-video-preview:-1"},"canonical":"https:\/\/kuzeyinsesi.org\/index.php\/2025\/08\/10\/ercan-gazikoy-ana-yolundaki-trafik-kazasinda-1-kisi-yasamini-yitirdi\/","og_locale":"tr_TR","og_type":"article","og_title":"Ercan \u2013 Gazik\u00f6y ana yolundaki trafik kazas\u0131nda 1 ki\u015fi ya\u015fam\u0131n\u0131 yitirdi - Kuzeyin Sesi","og_description":"Ercan \u2013 Gazik\u00f6y ana yolunda meydana gelen trafik kazas\u0131nda 73 ya\u015f\u0131ndaki Salim Erdeg\u00f6r ya\u015fam\u0131n\u0131 yitirdi. Polisin a\u00e7\u0131klamas\u0131na g\u00f6re, Erdeg\u00f6r, y\u00f6netimindeki KJ 851 plakal\u0131 ara\u00e7la Ercan istikametine do\u011fru seyretti\u011fi s\u0131rada dikkatsizli\u011fi sonucu yolun sa\u011f\u0131na ge\u00e7ip, kar\u015f\u0131dan gelen Hasan Kar\u015f\u0131l\u0131 (E-31) y\u00f6netimindeki LF 762 plakal\u0131 ara\u00e7la\u00a0 y\u00fcz y\u00fcze \u00e7arp\u0131\u015ft\u0131. Erdeg\u00f6r olay yerinde ya\u015fam\u0131n\u0131 yitirirken, kazada yaralanan Kar\u015f\u0131l\u0131 [&hellip;]","og_url":"https:\/\/kuzeyinsesi.org\/index.php\/2025\/08\/10\/ercan-gazikoy-ana-yolundaki-trafik-kazasinda-1-kisi-yasamini-yitirdi\/","og_site_name":"Kuzeyin Sesi","article_publisher":"https:\/\/www.facebook.com\/kuzeyinsesii","article_published_time":"2025-08-10T04:19:10+00:00","og_image":[{"url":"https:\/\/brtk.net\/wp-content\/uploads\/2025\/08\/10\/1754779774265IMG-20250810-WA0000.jpg?ver=3abaaf75cd56a17fabedc4d1348e0f38","type":"","width":"","height":""}],"author":"Kuzeyin Sesi","twitter_card":"summary_large_image","twitter_creator":"@kuzeyinsesii","twitter_site":"@kuzeyinsesii","twitter_misc":{"Yazan:":"Kuzeyin Sesi","Tahmini okuma s\u00fcresi":"1 dakika"},"schema":{"@context":"https:\/\/schema.org","@graph":[{"@type":"Article","@id":"https:\/\/kuzeyinsesi.org\/index.php\/2025\/08\/10\/ercan-gazikoy-ana-yolundaki-trafik-kazasinda-1-kisi-yasamini-yitirdi\/#article","isPartOf":{"@id":"https:\/\/kuzeyinsesi.org\/index.php\/2025\/08\/10\/ercan-gazikoy-ana-yolundaki-trafik-kazasinda-1-kisi-yasamini-yitirdi\/"},"author":{"name":"Kuzeyin Sesi","@id":"https:\/\/kuzeyinsesi.org\/#\/schema\/person\/9f859689cdf01485597712386e37f5aa"},"headline":"Ercan \u2013 Gazik\u00f6y ana yolundaki trafik kazas\u0131nda 1 ki\u015fi ya\u015fam\u0131n\u0131 yitirdi","datePublished":"2025-08-10T04:19:10+00:00","mainEntityOfPage":{"@id":"https:\/\/kuzeyinsesi.org\/index.php\/2025\/08\/10\/ercan-gazikoy-ana-yolundaki-trafik-kazasinda-1-kisi-yasamini-yitirdi\/"},"wordCount":129,"commentCount":0,"image":{"@id":"https:\/\/kuzeyinsesi.org\/index.php\/2025\/08\/10\/ercan-gazikoy-ana-yolundaki-trafik-kazasinda-1-kisi-yasamini-yitirdi\/#primaryimage"},"thumbnailUrl":"https:\/\/kuzeyinsesi.org\/wp-content\/uploads\/2025\/08\/1754779774265IMG-20250810-WA0000.jpg","articleSection":["K\u0131br\u0131s"],"inLanguage":"tr","potentialAction":[{"@type":"CommentAction","name":"Comment","target":["https:\/\/kuzeyinsesi.org\/index.php\/2025\/08\/10\/ercan-gazikoy-ana-yolundaki-trafik-kazasinda-1-kisi-yasamini-yitirdi\/#respond"]}]},{"@type":"WebPage","@id":"https:\/\/kuzeyinsesi.org\/index.php\/2025\/08\/10\/ercan-gazikoy-ana-yolundaki-trafik-kazasinda-1-kisi-yasamini-yitirdi\/","url":"https:\/\/kuzeyinsesi.org\/index.php\/2025\/08\/10\/ercan-gazikoy-ana-yolundaki-trafik-kazasinda-1-kisi-yasamini-yitirdi\/","name":"Ercan \u2013 Gazik\u00f6y ana yolundaki trafik kazas\u0131nda 1 ki\u015fi ya\u015fam\u0131n\u0131 yitirdi - Kuzeyin Sesi","isPartOf":{"@id":"https:\/\/kuzeyinsesi.org\/#website"},"primaryImageOfPage":{"@id":"https:\/\/kuzeyinsesi.org\/index.php\/2025\/08\/10\/ercan-gazikoy-ana-yolundaki-trafik-kazasinda-1-kisi-yasamini-yitirdi\/#primaryimage"},"image":{"@id":"https:\/\/kuzeyinsesi.org\/index.php\/2025\/08\/10\/ercan-gazikoy-ana-yolundaki-trafik-kazasinda-1-kisi-yasamini-yitirdi\/#primaryimage"},"thumbnailUrl":"https:\/\/kuzeyinsesi.org\/wp-content\/uploads\/2025\/08\/1754779774265IMG-20250810-WA0000.jpg","datePublished":"2025-08-10T04:19:10+00:00","author":{"@id":"https:\/\/kuzeyinsesi.org\/#\/schema\/person\/9f859689cdf01485597712386e37f5aa"},"breadcrumb":{"@id":"https:\/\/kuzeyinsesi.org\/index.php\/2025\/08\/10\/ercan-gazikoy-ana-yolundaki-trafik-kazasinda-1-kisi-yasamini-yitirdi\/#breadcrumb"},"inLanguage":"tr","potentialAction":[{"@type":"ReadAction","target":["https:\/\/kuzeyinsesi.org\/index.php\/2025\/08\/10\/ercan-gazikoy-ana-yolundaki-trafik-kazasinda-1-kisi-yasamini-yitirdi\/"]}]},{"@type":"ImageObject","inLanguage":"tr","@id":"https:\/\/kuzeyinsesi.org\/index.php\/2025\/08\/10\/ercan-gazikoy-ana-yolundaki-trafik-kazasinda-1-kisi-yasamini-yitirdi\/#primaryimage","url":"https:\/\/kuzeyinsesi.org\/wp-content\/uploads\/2025\/08\/1754779774265IMG-20250810-WA0000.jpg","contentUrl":"https:\/\/kuzeyinsesi.org\/wp-content\/uploads\/2025\/08\/1754779774265IMG-20250810-WA0000.jpg","width":1600,"height":1200},{"@type":"BreadcrumbList","@id":"https:\/\/kuzeyinsesi.org\/index.php\/2025\/08\/10\/ercan-gazikoy-ana-yolundaki-trafik-kazasinda-1-kisi-yasamini-yitirdi\/#breadcrumb","itemListElement":[{"@type":"ListItem","position":1,"name":"Anasayfa","item":"https:\/\/kuzeyinsesi.org\/"},{"@type":"ListItem","position":2,"name":"Ercan \u2013 Gazik\u00f6y ana yolundaki trafik kazas\u0131nda 1 ki\u015fi ya\u015fam\u0131n\u0131 yitirdi"}]},{"@type":"WebSite","@id":"https:\/\/kuzeyinsesi.org\/#website","url":"https:\/\/kuzeyinsesi.org\/","name":"Kuzeyin Sesi","description":"Do\u011fru Haberin Adresi","potentialAction":[{"@type":"SearchAction","target":{"@type":"EntryPoint","urlTemplate":"https:\/\/kuzeyinsesi.org\/?s={search_term_string}"},"query-input":{"@type":"PropertyValueSpecification","valueRequired":true,"valueName":"search_term_string"}}],"inLanguage":"tr"},{"@type":"Person","@id":"https:\/\/kuzeyinsesi.org\/#\/schema\/person\/9f859689cdf01485597712386e37f5aa","name":"Kuzeyin Sesi","image":{"@type":"ImageObject","inLanguage":"tr","@id":"https:\/\/secure.gravatar.com\/avatar\/bab33852abfd8b282518d6ed81826833d77c3c882d9ab608add591ccace47a44?s=96&d=mm&r=g","url":"https:\/\/secure.gravatar.com\/avatar\/bab33852abfd8b282518d6ed81826833d77c3c882d9ab608add591ccace47a44?s=96&d=mm&r=g","contentUrl":"https:\/\/secure.gravatar.com\/avatar\/bab33852abfd8b282518d6ed81826833d77c3c882d9ab608add591ccace47a44?s=96&d=mm&r=g","caption":"Kuzeyin Sesi"},"sameAs":["https:\/\/kuzeyinsesi.org"],"url":"https:\/\/kuzeyinsesi.org\/index.php\/author\/guven\/"}]}},"_links":{"self":[{"href":"https:\/\/kuzeyinsesi.org\/index.php\/wp-json\/wp\/v2\/posts\/30183","targetHints":{"allow":["GET"]}}],"collection":[{"href":"https:\/\/kuzeyinsesi.org\/index.php\/wp-json\/wp\/v2\/posts"}],"about":[{"href":"https:\/\/kuzeyinsesi.org\/index.php\/wp-json\/wp\/v2\/types\/post"}],"author":[{"embeddable":true,"href":"https:\/\/kuzeyinsesi.org\/index.php\/wp-json\/wp\/v2\/users\/1"}],"replies":[{"embeddable":true,"href":"https:\/\/kuzeyinsesi.org\/index.php\/wp-json\/wp\/v2\/comments?post=30183"}],"version-history":[{"count":0,"href":"https:\/\/kuzeyinsesi.org\/index.php\/wp-json\/wp\/v2\/posts\/30183\/revisions"}],"wp:featuredmedia":[{"embeddable":true,"href":"https:\/\/kuzeyinsesi.org\/index.php\/wp-json\/wp\/v2\/media\/30184"}],"wp:attachment":[{"href":"https:\/\/kuzeyinsesi.org\/index.php\/wp-json\/wp\/v2\/media?parent=30183"}],"wp:term":[{"taxonomy":"category","embeddable":true,"href":"https:\/\/kuzeyinsesi.org\/index.php\/wp-json\/wp\/v2\/categories?post=30183"},{"taxonomy":"post_tag","embeddable":true,"href":"https:\/\/kuzeyinsesi.org\/index.php\/wp-json\/wp\/v2\/tags?post=30183"}],"curies":[{"name":"wp","href":"https:\/\/api.w.org\/{rel}","templated":true}]}}