{"id":3013,"date":"2024-05-20T19:31:55","date_gmt":"2024-05-20T16:31:55","guid":{"rendered":"https:\/\/kuzeyinsesi.com\/index.php\/2024\/05\/20\/magusanin-flamingolari-fotograf-yarismasi-sonuclandi\/"},"modified":"2024-05-20T19:31:55","modified_gmt":"2024-05-20T16:31:55","slug":"magusanin-flamingolari-fotograf-yarismasi-sonuclandi","status":"publish","type":"post","link":"https:\/\/kuzeyinsesi.org\/index.php\/2024\/05\/20\/magusanin-flamingolari-fotograf-yarismasi-sonuclandi\/","title":{"rendered":"\u2018\u2019Ma\u011fusa\u2019n\u0131n Flamingolar\u0131 Foto\u011fraf Yar\u0131\u015fmas\u0131\u201d sonu\u00e7land\u0131"},"content":{"rendered":"<div>\n<div class=\"mariselle-image-container center\">\n                                            <\/div>\n<p>Gazima\u011fusa Belediyesi\u2019nin d\u00fczenledi\u011fi  \u201cMa\u011fusa\u2019n\u0131n Flamingolar\u0131 Foto\u011fraf Yar\u0131\u015fmas\u0131\u2019nda dereceye girenler belli oldu.<\/p>\n<p>Yar\u0131\u015fman\u0131n \u00f6d\u00fcl t\u00f6reni ve sergisi 3 Haziran Pazartesi g\u00fcn\u00fc  saat 19.00\u2019da Gazima\u011fusa Bandabuliya\u2019da yer alacak.  <\/p>\n<p>Belediyeden yap\u0131lan a\u00e7\u0131klamaya g\u00f6re, yar\u0131\u015fmada Gazima\u011fusa Belediyesi s\u0131n\u0131rlar\u0131 i\u00e7erisindeki sulak alanlarda bulunan Flamingolar\u0131n ya\u015famlar\u0131n\u0131 g\u00f6steren 104 eser ve foto\u011fraf yar\u0131\u015ft\u0131.<\/p>\n<p>Yrd. Do\u00e7. Dr. \u0130smail G\u00f6k\u00e7e (Foto\u011fraf Sanat\u00e7\u0131s\u0131\/Akademisyen), Kadir Kaba (Foto\u011fraf Sanat\u00e7\u0131s\u0131\/Ara\u015ft\u0131rmac\u0131), Hasan Ba\u011flar (Foto\u011fraf Sanat\u00e7\u0131s\u0131), Dr. Asuman Koruko\u011flu Kuyucu (\u00c7evre E\u011fitimi ve Y\u00f6netimi Uzman\u0131- Ku\u015f G\u00f6zlemcisi), Onursal Akdeniz\u2019in (Gazima\u011fusa Belediyesi K\u00fclt\u00fcr \u015eube Amiri) Se\u00e7ici Kurul olarak g\u00f6rev ald\u0131\u011f\u0131 yar\u0131\u015fmada 61 foto\u011fraf sergilenmeye hak kazand\u0131. <\/p>\n<p>Sergilenmeye hak kazanan 61 foto\u011fraf\u0131n sanat\u00e7\u0131s\u0131 ile yar\u0131\u015fmada 4 dalda dereceye girenlerin isimleri derece belirtilmeden \u015f\u00f6yle listelendi:<\/p>\n<p>\u201cDo\u011fukan G\u00fclakdeniz, Hatice Bayram, G\u00fclden Ye\u015fildall\u0131, Ey\u00fcp Tamer H\u00fcdaverdio\u011flu, \u00d6zg\u00fcr \u00d6zsayg\u0131n \u0130smail Bozat, Mehmet Ali Karahasan, Serhat Karaderi, Mustafa Karahasan, Yunus Toygarca, \u015eifa Bahal\u0131, Engin Kunt, Y\u0131lmaz Y\u00fcksek, Veysi Canate\u015f, Kutlay Muazzez Halkseven, Cem Cengiz, Sami Gencel, Mustafa Alhadi, Sera Yenig\u00fcl.\u201d<\/p>\n<\/p><\/div>\n<p><script async\n                    defer\n                    crossorigin=\"anonymous\"\n                    src=\"https:\/\/connect.facebook.net\/tr_TR\/sdk.js#xfbml=1&#038;version=v3.3\"\n            ><\/script><\/p>\n","protected":false},"excerpt":{"rendered":"<p>Gazima\u011fusa Belediyesi\u2019nin d\u00fczenledi\u011fi \u201cMa\u011fusa\u2019n\u0131n Flamingolar\u0131 Foto\u011fraf Yar\u0131\u015fmas\u0131\u2019nda dereceye girenler belli oldu. Yar\u0131\u015fman\u0131n \u00f6d\u00fcl t\u00f6reni ve sergisi 3 Haziran Pazartesi g\u00fcn\u00fc saat 19.00\u2019da Gazima\u011fusa Bandabuliya\u2019da yer alacak. Belediyeden yap\u0131lan a\u00e7\u0131klamaya g\u00f6re, yar\u0131\u015fmada Gazima\u011fusa Belediyesi s\u0131n\u0131rlar\u0131 i\u00e7erisindeki sulak alanlarda bulunan Flamingolar\u0131n ya\u015famlar\u0131n\u0131 g\u00f6steren 104 eser ve foto\u011fraf yar\u0131\u015ft\u0131. Yrd. Do\u00e7. Dr. \u0130smail G\u00f6k\u00e7e (Foto\u011fraf Sanat\u00e7\u0131s\u0131\/Akademisyen), Kadir Kaba [&hellip;]<\/p>\n","protected":false},"author":1,"featured_media":3014,"comment_status":"open","ping_status":"open","sticky":false,"template":"","format":"standard","meta":{"jnews-multi-image_gallery":[],"jnews_single_post":[],"jnews_primary_category":[],"jnews_social_meta":[],"jnews_override_counter":[],"footnotes":""},"categories":[6],"tags":[],"class_list":["post-3013","post","type-post","status-publish","format-standard","has-post-thumbnail","hentry","category-yasam"],"yoast_head":"<!-- This site is optimized with the Yoast SEO plugin v27.5 - https:\/\/yoast.com\/product\/yoast-seo-wordpress\/ -->\n<title>\u2018\u2019Ma\u011fusa\u2019n\u0131n Flamingolar\u0131 Foto\u011fraf Yar\u0131\u015fmas\u0131\u201d sonu\u00e7land\u0131 - Kuzeyin Sesi<\/title>\n<meta name=\"robots\" content=\"index, follow, max-snippet:-1, max-image-preview:large, max-video-preview:-1\" \/>\n<link rel=\"canonical\" href=\"https:\/\/kuzeyinsesi.org\/index.php\/2024\/05\/20\/magusanin-flamingolari-fotograf-yarismasi-sonuclandi\/\" \/>\n<meta property=\"og:locale\" content=\"tr_TR\" \/>\n<meta property=\"og:type\" content=\"article\" \/>\n<meta property=\"og:title\" content=\"\u2018\u2019Ma\u011fusa\u2019n\u0131n Flamingolar\u0131 Foto\u011fraf Yar\u0131\u015fmas\u0131\u201d sonu\u00e7land\u0131 - Kuzeyin Sesi\" \/>\n<meta property=\"og:description\" content=\"Gazima\u011fusa Belediyesi\u2019nin d\u00fczenledi\u011fi \u201cMa\u011fusa\u2019n\u0131n Flamingolar\u0131 Foto\u011fraf Yar\u0131\u015fmas\u0131\u2019nda dereceye girenler belli oldu. Yar\u0131\u015fman\u0131n \u00f6d\u00fcl t\u00f6reni ve sergisi 3 Haziran Pazartesi g\u00fcn\u00fc saat 19.00\u2019da Gazima\u011fusa Bandabuliya\u2019da yer alacak. Belediyeden yap\u0131lan a\u00e7\u0131klamaya g\u00f6re, yar\u0131\u015fmada Gazima\u011fusa Belediyesi s\u0131n\u0131rlar\u0131 i\u00e7erisindeki sulak alanlarda bulunan Flamingolar\u0131n ya\u015famlar\u0131n\u0131 g\u00f6steren 104 eser ve foto\u011fraf yar\u0131\u015ft\u0131. Yrd. Do\u00e7. Dr. \u0130smail G\u00f6k\u00e7e (Foto\u011fraf Sanat\u00e7\u0131s\u0131\/Akademisyen), Kadir Kaba [&hellip;]\" \/>\n<meta property=\"og:url\" content=\"https:\/\/kuzeyinsesi.org\/index.php\/2024\/05\/20\/magusanin-flamingolari-fotograf-yarismasi-sonuclandi\/\" \/>\n<meta property=\"og:site_name\" content=\"Kuzeyin Sesi\" \/>\n<meta property=\"article:publisher\" content=\"https:\/\/www.facebook.com\/kuzeyinsesii\" \/>\n<meta property=\"article:published_time\" content=\"2024-05-20T16:31:55+00:00\" \/>\n<meta property=\"og:image\" content=\"https:\/\/kuzeyinsesi.org\/wp-content\/uploads\/2024\/05\/magusa-belediyesi-flamingolar-3-scaled.jpg\" \/>\n\t<meta property=\"og:image:width\" content=\"2560\" \/>\n\t<meta property=\"og:image:height\" content=\"1706\" \/>\n\t<meta property=\"og:image:type\" content=\"image\/jpeg\" \/>\n<meta name=\"author\" content=\"Kuzeyin Sesi\" \/>\n<meta name=\"twitter:card\" content=\"summary_large_image\" \/>\n<meta name=\"twitter:creator\" content=\"@kuzeyinsesii\" \/>\n<meta name=\"twitter:site\" content=\"@kuzeyinsesii\" \/>\n<meta name=\"twitter:label1\" content=\"Yazan:\" \/>\n\t<meta name=\"twitter:data1\" content=\"Kuzeyin Sesi\" \/>\n\t<meta name=\"twitter:label2\" content=\"Tahmini okuma s\u00fcresi\" \/>\n\t<meta name=\"twitter:data2\" content=\"1 dakika\" \/>\n<script type=\"application\/ld+json\" class=\"yoast-schema-graph\">{\"@context\":\"https:\\\/\\\/schema.org\",\"@graph\":[{\"@type\":\"Article\",\"@id\":\"https:\\\/\\\/kuzeyinsesi.org\\\/index.php\\\/2024\\\/05\\\/20\\\/magusanin-flamingolari-fotograf-yarismasi-sonuclandi\\\/#article\",\"isPartOf\":{\"@id\":\"https:\\\/\\\/kuzeyinsesi.org\\\/index.php\\\/2024\\\/05\\\/20\\\/magusanin-flamingolari-fotograf-yarismasi-sonuclandi\\\/\"},\"author\":{\"name\":\"Kuzeyin Sesi\",\"@id\":\"https:\\\/\\\/kuzeyinsesi.org\\\/#\\\/schema\\\/person\\\/9f859689cdf01485597712386e37f5aa\"},\"headline\":\"\u2018\u2019Ma\u011fusa\u2019n\u0131n Flamingolar\u0131 Foto\u011fraf Yar\u0131\u015fmas\u0131\u201d sonu\u00e7land\u0131\",\"datePublished\":\"2024-05-20T16:31:55+00:00\",\"mainEntityOfPage\":{\"@id\":\"https:\\\/\\\/kuzeyinsesi.org\\\/index.php\\\/2024\\\/05\\\/20\\\/magusanin-flamingolari-fotograf-yarismasi-sonuclandi\\\/\"},\"wordCount\":227,\"commentCount\":0,\"image\":{\"@id\":\"https:\\\/\\\/kuzeyinsesi.org\\\/index.php\\\/2024\\\/05\\\/20\\\/magusanin-flamingolari-fotograf-yarismasi-sonuclandi\\\/#primaryimage\"},\"thumbnailUrl\":\"https:\\\/\\\/kuzeyinsesi.org\\\/wp-content\\\/uploads\\\/2024\\\/05\\\/magusa-belediyesi-flamingolar-3-scaled.jpg\",\"articleSection\":[\"Ya\u015fam\"],\"inLanguage\":\"tr\",\"potentialAction\":[{\"@type\":\"CommentAction\",\"name\":\"Comment\",\"target\":[\"https:\\\/\\\/kuzeyinsesi.org\\\/index.php\\\/2024\\\/05\\\/20\\\/magusanin-flamingolari-fotograf-yarismasi-sonuclandi\\\/#respond\"]}]},{\"@type\":\"WebPage\",\"@id\":\"https:\\\/\\\/kuzeyinsesi.org\\\/index.php\\\/2024\\\/05\\\/20\\\/magusanin-flamingolari-fotograf-yarismasi-sonuclandi\\\/\",\"url\":\"https:\\\/\\\/kuzeyinsesi.org\\\/index.php\\\/2024\\\/05\\\/20\\\/magusanin-flamingolari-fotograf-yarismasi-sonuclandi\\\/\",\"name\":\"\u2018\u2019Ma\u011fusa\u2019n\u0131n Flamingolar\u0131 Foto\u011fraf Yar\u0131\u015fmas\u0131\u201d sonu\u00e7land\u0131 - Kuzeyin Sesi\",\"isPartOf\":{\"@id\":\"https:\\\/\\\/kuzeyinsesi.org\\\/#website\"},\"primaryImageOfPage\":{\"@id\":\"https:\\\/\\\/kuzeyinsesi.org\\\/index.php\\\/2024\\\/05\\\/20\\\/magusanin-flamingolari-fotograf-yarismasi-sonuclandi\\\/#primaryimage\"},\"image\":{\"@id\":\"https:\\\/\\\/kuzeyinsesi.org\\\/index.php\\\/2024\\\/05\\\/20\\\/magusanin-flamingolari-fotograf-yarismasi-sonuclandi\\\/#primaryimage\"},\"thumbnailUrl\":\"https:\\\/\\\/kuzeyinsesi.org\\\/wp-content\\\/uploads\\\/2024\\\/05\\\/magusa-belediyesi-flamingolar-3-scaled.jpg\",\"datePublished\":\"2024-05-20T16:31:55+00:00\",\"author\":{\"@id\":\"https:\\\/\\\/kuzeyinsesi.org\\\/#\\\/schema\\\/person\\\/9f859689cdf01485597712386e37f5aa\"},\"breadcrumb\":{\"@id\":\"https:\\\/\\\/kuzeyinsesi.org\\\/index.php\\\/2024\\\/05\\\/20\\\/magusanin-flamingolari-fotograf-yarismasi-sonuclandi\\\/#breadcrumb\"},\"inLanguage\":\"tr\",\"potentialAction\":[{\"@type\":\"ReadAction\",\"target\":[\"https:\\\/\\\/kuzeyinsesi.org\\\/index.php\\\/2024\\\/05\\\/20\\\/magusanin-flamingolari-fotograf-yarismasi-sonuclandi\\\/\"]}]},{\"@type\":\"ImageObject\",\"inLanguage\":\"tr\",\"@id\":\"https:\\\/\\\/kuzeyinsesi.org\\\/index.php\\\/2024\\\/05\\\/20\\\/magusanin-flamingolari-fotograf-yarismasi-sonuclandi\\\/#primaryimage\",\"url\":\"https:\\\/\\\/kuzeyinsesi.org\\\/wp-content\\\/uploads\\\/2024\\\/05\\\/magusa-belediyesi-flamingolar-3-scaled.jpg\",\"contentUrl\":\"https:\\\/\\\/kuzeyinsesi.org\\\/wp-content\\\/uploads\\\/2024\\\/05\\\/magusa-belediyesi-flamingolar-3-scaled.jpg\",\"width\":2560,\"height\":1706},{\"@type\":\"BreadcrumbList\",\"@id\":\"https:\\\/\\\/kuzeyinsesi.org\\\/index.php\\\/2024\\\/05\\\/20\\\/magusanin-flamingolari-fotograf-yarismasi-sonuclandi\\\/#breadcrumb\",\"itemListElement\":[{\"@type\":\"ListItem\",\"position\":1,\"name\":\"Anasayfa\",\"item\":\"https:\\\/\\\/kuzeyinsesi.org\\\/\"},{\"@type\":\"ListItem\",\"position\":2,\"name\":\"\u2018\u2019Ma\u011fusa\u2019n\u0131n Flamingolar\u0131 Foto\u011fraf Yar\u0131\u015fmas\u0131\u201d sonu\u00e7land\u0131\"}]},{\"@type\":\"WebSite\",\"@id\":\"https:\\\/\\\/kuzeyinsesi.org\\\/#website\",\"url\":\"https:\\\/\\\/kuzeyinsesi.org\\\/\",\"name\":\"Kuzeyin Sesi\",\"description\":\"Do\u011fru Haberin Adresi\",\"potentialAction\":[{\"@type\":\"SearchAction\",\"target\":{\"@type\":\"EntryPoint\",\"urlTemplate\":\"https:\\\/\\\/kuzeyinsesi.org\\\/?s={search_term_string}\"},\"query-input\":{\"@type\":\"PropertyValueSpecification\",\"valueRequired\":true,\"valueName\":\"search_term_string\"}}],\"inLanguage\":\"tr\"},{\"@type\":\"Person\",\"@id\":\"https:\\\/\\\/kuzeyinsesi.org\\\/#\\\/schema\\\/person\\\/9f859689cdf01485597712386e37f5aa\",\"name\":\"Kuzeyin Sesi\",\"image\":{\"@type\":\"ImageObject\",\"inLanguage\":\"tr\",\"@id\":\"https:\\\/\\\/secure.gravatar.com\\\/avatar\\\/bab33852abfd8b282518d6ed81826833d77c3c882d9ab608add591ccace47a44?s=96&d=mm&r=g\",\"url\":\"https:\\\/\\\/secure.gravatar.com\\\/avatar\\\/bab33852abfd8b282518d6ed81826833d77c3c882d9ab608add591ccace47a44?s=96&d=mm&r=g\",\"contentUrl\":\"https:\\\/\\\/secure.gravatar.com\\\/avatar\\\/bab33852abfd8b282518d6ed81826833d77c3c882d9ab608add591ccace47a44?s=96&d=mm&r=g\",\"caption\":\"Kuzeyin Sesi\"},\"sameAs\":[\"https:\\\/\\\/kuzeyinsesi.org\"],\"url\":\"https:\\\/\\\/kuzeyinsesi.org\\\/index.php\\\/author\\\/guven\\\/\"}]}<\/script>\n<!-- \/ Yoast SEO plugin. -->","yoast_head_json":{"title":"\u2018\u2019Ma\u011fusa\u2019n\u0131n Flamingolar\u0131 Foto\u011fraf Yar\u0131\u015fmas\u0131\u201d sonu\u00e7land\u0131 - Kuzeyin Sesi","robots":{"index":"index","follow":"follow","max-snippet":"max-snippet:-1","max-image-preview":"max-image-preview:large","max-video-preview":"max-video-preview:-1"},"canonical":"https:\/\/kuzeyinsesi.org\/index.php\/2024\/05\/20\/magusanin-flamingolari-fotograf-yarismasi-sonuclandi\/","og_locale":"tr_TR","og_type":"article","og_title":"\u2018\u2019Ma\u011fusa\u2019n\u0131n Flamingolar\u0131 Foto\u011fraf Yar\u0131\u015fmas\u0131\u201d sonu\u00e7land\u0131 - Kuzeyin Sesi","og_description":"Gazima\u011fusa Belediyesi\u2019nin d\u00fczenledi\u011fi \u201cMa\u011fusa\u2019n\u0131n Flamingolar\u0131 Foto\u011fraf Yar\u0131\u015fmas\u0131\u2019nda dereceye girenler belli oldu. Yar\u0131\u015fman\u0131n \u00f6d\u00fcl t\u00f6reni ve sergisi 3 Haziran Pazartesi g\u00fcn\u00fc saat 19.00\u2019da Gazima\u011fusa Bandabuliya\u2019da yer alacak. Belediyeden yap\u0131lan a\u00e7\u0131klamaya g\u00f6re, yar\u0131\u015fmada Gazima\u011fusa Belediyesi s\u0131n\u0131rlar\u0131 i\u00e7erisindeki sulak alanlarda bulunan Flamingolar\u0131n ya\u015famlar\u0131n\u0131 g\u00f6steren 104 eser ve foto\u011fraf yar\u0131\u015ft\u0131. Yrd. Do\u00e7. Dr. \u0130smail G\u00f6k\u00e7e (Foto\u011fraf Sanat\u00e7\u0131s\u0131\/Akademisyen), Kadir Kaba [&hellip;]","og_url":"https:\/\/kuzeyinsesi.org\/index.php\/2024\/05\/20\/magusanin-flamingolari-fotograf-yarismasi-sonuclandi\/","og_site_name":"Kuzeyin Sesi","article_publisher":"https:\/\/www.facebook.com\/kuzeyinsesii","article_published_time":"2024-05-20T16:31:55+00:00","og_image":[{"width":2560,"height":1706,"url":"https:\/\/kuzeyinsesi.org\/wp-content\/uploads\/2024\/05\/magusa-belediyesi-flamingolar-3-scaled.jpg","type":"image\/jpeg"}],"author":"Kuzeyin Sesi","twitter_card":"summary_large_image","twitter_creator":"@kuzeyinsesii","twitter_site":"@kuzeyinsesii","twitter_misc":{"Yazan:":"Kuzeyin Sesi","Tahmini okuma s\u00fcresi":"1 dakika"},"schema":{"@context":"https:\/\/schema.org","@graph":[{"@type":"Article","@id":"https:\/\/kuzeyinsesi.org\/index.php\/2024\/05\/20\/magusanin-flamingolari-fotograf-yarismasi-sonuclandi\/#article","isPartOf":{"@id":"https:\/\/kuzeyinsesi.org\/index.php\/2024\/05\/20\/magusanin-flamingolari-fotograf-yarismasi-sonuclandi\/"},"author":{"name":"Kuzeyin Sesi","@id":"https:\/\/kuzeyinsesi.org\/#\/schema\/person\/9f859689cdf01485597712386e37f5aa"},"headline":"\u2018\u2019Ma\u011fusa\u2019n\u0131n Flamingolar\u0131 Foto\u011fraf Yar\u0131\u015fmas\u0131\u201d sonu\u00e7land\u0131","datePublished":"2024-05-20T16:31:55+00:00","mainEntityOfPage":{"@id":"https:\/\/kuzeyinsesi.org\/index.php\/2024\/05\/20\/magusanin-flamingolari-fotograf-yarismasi-sonuclandi\/"},"wordCount":227,"commentCount":0,"image":{"@id":"https:\/\/kuzeyinsesi.org\/index.php\/2024\/05\/20\/magusanin-flamingolari-fotograf-yarismasi-sonuclandi\/#primaryimage"},"thumbnailUrl":"https:\/\/kuzeyinsesi.org\/wp-content\/uploads\/2024\/05\/magusa-belediyesi-flamingolar-3-scaled.jpg","articleSection":["Ya\u015fam"],"inLanguage":"tr","potentialAction":[{"@type":"CommentAction","name":"Comment","target":["https:\/\/kuzeyinsesi.org\/index.php\/2024\/05\/20\/magusanin-flamingolari-fotograf-yarismasi-sonuclandi\/#respond"]}]},{"@type":"WebPage","@id":"https:\/\/kuzeyinsesi.org\/index.php\/2024\/05\/20\/magusanin-flamingolari-fotograf-yarismasi-sonuclandi\/","url":"https:\/\/kuzeyinsesi.org\/index.php\/2024\/05\/20\/magusanin-flamingolari-fotograf-yarismasi-sonuclandi\/","name":"\u2018\u2019Ma\u011fusa\u2019n\u0131n Flamingolar\u0131 Foto\u011fraf Yar\u0131\u015fmas\u0131\u201d sonu\u00e7land\u0131 - Kuzeyin Sesi","isPartOf":{"@id":"https:\/\/kuzeyinsesi.org\/#website"},"primaryImageOfPage":{"@id":"https:\/\/kuzeyinsesi.org\/index.php\/2024\/05\/20\/magusanin-flamingolari-fotograf-yarismasi-sonuclandi\/#primaryimage"},"image":{"@id":"https:\/\/kuzeyinsesi.org\/index.php\/2024\/05\/20\/magusanin-flamingolari-fotograf-yarismasi-sonuclandi\/#primaryimage"},"thumbnailUrl":"https:\/\/kuzeyinsesi.org\/wp-content\/uploads\/2024\/05\/magusa-belediyesi-flamingolar-3-scaled.jpg","datePublished":"2024-05-20T16:31:55+00:00","author":{"@id":"https:\/\/kuzeyinsesi.org\/#\/schema\/person\/9f859689cdf01485597712386e37f5aa"},"breadcrumb":{"@id":"https:\/\/kuzeyinsesi.org\/index.php\/2024\/05\/20\/magusanin-flamingolari-fotograf-yarismasi-sonuclandi\/#breadcrumb"},"inLanguage":"tr","potentialAction":[{"@type":"ReadAction","target":["https:\/\/kuzeyinsesi.org\/index.php\/2024\/05\/20\/magusanin-flamingolari-fotograf-yarismasi-sonuclandi\/"]}]},{"@type":"ImageObject","inLanguage":"tr","@id":"https:\/\/kuzeyinsesi.org\/index.php\/2024\/05\/20\/magusanin-flamingolari-fotograf-yarismasi-sonuclandi\/#primaryimage","url":"https:\/\/kuzeyinsesi.org\/wp-content\/uploads\/2024\/05\/magusa-belediyesi-flamingolar-3-scaled.jpg","contentUrl":"https:\/\/kuzeyinsesi.org\/wp-content\/uploads\/2024\/05\/magusa-belediyesi-flamingolar-3-scaled.jpg","width":2560,"height":1706},{"@type":"BreadcrumbList","@id":"https:\/\/kuzeyinsesi.org\/index.php\/2024\/05\/20\/magusanin-flamingolari-fotograf-yarismasi-sonuclandi\/#breadcrumb","itemListElement":[{"@type":"ListItem","position":1,"name":"Anasayfa","item":"https:\/\/kuzeyinsesi.org\/"},{"@type":"ListItem","position":2,"name":"\u2018\u2019Ma\u011fusa\u2019n\u0131n Flamingolar\u0131 Foto\u011fraf Yar\u0131\u015fmas\u0131\u201d sonu\u00e7land\u0131"}]},{"@type":"WebSite","@id":"https:\/\/kuzeyinsesi.org\/#website","url":"https:\/\/kuzeyinsesi.org\/","name":"Kuzeyin Sesi","description":"Do\u011fru Haberin Adresi","potentialAction":[{"@type":"SearchAction","target":{"@type":"EntryPoint","urlTemplate":"https:\/\/kuzeyinsesi.org\/?s={search_term_string}"},"query-input":{"@type":"PropertyValueSpecification","valueRequired":true,"valueName":"search_term_string"}}],"inLanguage":"tr"},{"@type":"Person","@id":"https:\/\/kuzeyinsesi.org\/#\/schema\/person\/9f859689cdf01485597712386e37f5aa","name":"Kuzeyin Sesi","image":{"@type":"ImageObject","inLanguage":"tr","@id":"https:\/\/secure.gravatar.com\/avatar\/bab33852abfd8b282518d6ed81826833d77c3c882d9ab608add591ccace47a44?s=96&d=mm&r=g","url":"https:\/\/secure.gravatar.com\/avatar\/bab33852abfd8b282518d6ed81826833d77c3c882d9ab608add591ccace47a44?s=96&d=mm&r=g","contentUrl":"https:\/\/secure.gravatar.com\/avatar\/bab33852abfd8b282518d6ed81826833d77c3c882d9ab608add591ccace47a44?s=96&d=mm&r=g","caption":"Kuzeyin Sesi"},"sameAs":["https:\/\/kuzeyinsesi.org"],"url":"https:\/\/kuzeyinsesi.org\/index.php\/author\/guven\/"}]}},"_links":{"self":[{"href":"https:\/\/kuzeyinsesi.org\/index.php\/wp-json\/wp\/v2\/posts\/3013","targetHints":{"allow":["GET"]}}],"collection":[{"href":"https:\/\/kuzeyinsesi.org\/index.php\/wp-json\/wp\/v2\/posts"}],"about":[{"href":"https:\/\/kuzeyinsesi.org\/index.php\/wp-json\/wp\/v2\/types\/post"}],"author":[{"embeddable":true,"href":"https:\/\/kuzeyinsesi.org\/index.php\/wp-json\/wp\/v2\/users\/1"}],"replies":[{"embeddable":true,"href":"https:\/\/kuzeyinsesi.org\/index.php\/wp-json\/wp\/v2\/comments?post=3013"}],"version-history":[{"count":0,"href":"https:\/\/kuzeyinsesi.org\/index.php\/wp-json\/wp\/v2\/posts\/3013\/revisions"}],"wp:featuredmedia":[{"embeddable":true,"href":"https:\/\/kuzeyinsesi.org\/index.php\/wp-json\/wp\/v2\/media\/3014"}],"wp:attachment":[{"href":"https:\/\/kuzeyinsesi.org\/index.php\/wp-json\/wp\/v2\/media?parent=3013"}],"wp:term":[{"taxonomy":"category","embeddable":true,"href":"https:\/\/kuzeyinsesi.org\/index.php\/wp-json\/wp\/v2\/categories?post=3013"},{"taxonomy":"post_tag","embeddable":true,"href":"https:\/\/kuzeyinsesi.org\/index.php\/wp-json\/wp\/v2\/tags?post=3013"}],"curies":[{"name":"wp","href":"https:\/\/api.w.org\/{rel}","templated":true}]}}