{"id":30098,"date":"2025-08-08T07:29:46","date_gmt":"2025-08-08T04:29:46","guid":{"rendered":"https:\/\/kuzeyinsesi.org\/index.php\/2025\/08\/08\/kib-tek-genel-muduru-aydin-guzelyurt-trafo-merkezinde-meydana-gelen-patlama-nedeni-ile-santraller-devre-disi-kaldi\/"},"modified":"2025-08-08T07:29:46","modified_gmt":"2025-08-08T04:29:46","slug":"kib-tek-genel-muduru-aydin-guzelyurt-trafo-merkezinde-meydana-gelen-patlama-nedeni-ile-santraller-devre-disi-kaldi","status":"publish","type":"post","link":"https:\/\/kuzeyinsesi.org\/index.php\/2025\/08\/08\/kib-tek-genel-muduru-aydin-guzelyurt-trafo-merkezinde-meydana-gelen-patlama-nedeni-ile-santraller-devre-disi-kaldi\/","title":{"rendered":"KIB-TEK Genel M\u00fcd\u00fcr\u00fc Ayd\u0131n: G\u00fczelyurt Trafo Merkezi\u2019nde meydana gelen patlama nedeni ile santraller devre d\u0131\u015f\u0131 kald\u0131"},"content":{"rendered":"<div>\n<div class=\"mariselle-image-container center\">\n                                            <\/div>\n<p>\u00dclke genelinde elektrik kesintisi ya\u015fan\u0131yor.<\/p>\n<p>K\u0131br\u0131s T\u00fcrk Elektrik Kurumu (K\u0131b-Tek), Genel M\u00fcd\u00fcr\u00fc Dalman Ayd\u0131n BRT\u2019ye yapt\u0131\u011f\u0131 a\u00e7\u0131klamada G\u00fczelyurt Trafo Merkezi\u2019nde meydana gelen patlama nedeni ile santrallerinin devre d\u0131\u015f\u0131 kald\u0131\u011f\u0131n\u0131 kaydetti.<\/p>\n<p>Ayd\u0131n, ar\u0131zan\u0131n giderilmesi i\u00e7in \u00e7al\u0131\u015fmalar\u0131n s\u00fcrd\u00fc\u011f\u00fcn\u00fc ve elektirik enerjisinin k\u0131sa s\u00fcre i\u00e7erisinde \u015febekeye verilmesinin beklendi\u011fini kaydetti.<\/p>\n<\/p><\/div>\n<p><script async\n                    defer\n                    crossorigin=\"anonymous\"\n                    src=\"https:\/\/connect.facebook.net\/tr_TR\/sdk.js#xfbml=1&#038;version=v3.3\"\n            ><\/script><\/p>\n","protected":false},"excerpt":{"rendered":"<p>\u00dclke genelinde elektrik kesintisi ya\u015fan\u0131yor. K\u0131br\u0131s T\u00fcrk Elektrik Kurumu (K\u0131b-Tek), Genel M\u00fcd\u00fcr\u00fc Dalman Ayd\u0131n BRT\u2019ye yapt\u0131\u011f\u0131 a\u00e7\u0131klamada G\u00fczelyurt Trafo Merkezi\u2019nde meydana gelen patlama nedeni ile santrallerinin devre d\u0131\u015f\u0131 kald\u0131\u011f\u0131n\u0131 kaydetti. Ayd\u0131n, ar\u0131zan\u0131n giderilmesi i\u00e7in \u00e7al\u0131\u015fmalar\u0131n s\u00fcrd\u00fc\u011f\u00fcn\u00fc ve elektirik enerjisinin k\u0131sa s\u00fcre i\u00e7erisinde \u015febekeye verilmesinin beklendi\u011fini kaydetti.<\/p>\n","protected":false},"author":1,"featured_media":30099,"comment_status":"open","ping_status":"open","sticky":false,"template":"","format":"standard","meta":{"jnews-multi-image_gallery":[],"jnews_single_post":[],"jnews_primary_category":[],"jnews_social_meta":[],"jnews_override_counter":[],"footnotes":""},"categories":[1],"tags":[],"class_list":["post-30098","post","type-post","status-publish","format-standard","has-post-thumbnail","hentry","category-kibris"],"yoast_head":"<!-- This site is optimized with the Yoast SEO plugin v27.5 - https:\/\/yoast.com\/product\/yoast-seo-wordpress\/ -->\n<title>KIB-TEK Genel M\u00fcd\u00fcr\u00fc Ayd\u0131n: G\u00fczelyurt Trafo Merkezi\u2019nde meydana gelen patlama nedeni ile santraller devre d\u0131\u015f\u0131 kald\u0131 - Kuzeyin Sesi<\/title>\n<meta name=\"robots\" content=\"index, follow, max-snippet:-1, max-image-preview:large, max-video-preview:-1\" \/>\n<link rel=\"canonical\" href=\"https:\/\/kuzeyinsesi.org\/index.php\/2025\/08\/08\/kib-tek-genel-muduru-aydin-guzelyurt-trafo-merkezinde-meydana-gelen-patlama-nedeni-ile-santraller-devre-disi-kaldi\/\" \/>\n<meta property=\"og:locale\" content=\"tr_TR\" \/>\n<meta property=\"og:type\" content=\"article\" \/>\n<meta property=\"og:title\" content=\"KIB-TEK Genel M\u00fcd\u00fcr\u00fc Ayd\u0131n: G\u00fczelyurt Trafo Merkezi\u2019nde meydana gelen patlama nedeni ile santraller devre d\u0131\u015f\u0131 kald\u0131 - Kuzeyin Sesi\" \/>\n<meta property=\"og:description\" content=\"\u00dclke genelinde elektrik kesintisi ya\u015fan\u0131yor. K\u0131br\u0131s T\u00fcrk Elektrik Kurumu (K\u0131b-Tek), Genel M\u00fcd\u00fcr\u00fc Dalman Ayd\u0131n BRT\u2019ye yapt\u0131\u011f\u0131 a\u00e7\u0131klamada G\u00fczelyurt Trafo Merkezi\u2019nde meydana gelen patlama nedeni ile santrallerinin devre d\u0131\u015f\u0131 kald\u0131\u011f\u0131n\u0131 kaydetti. Ayd\u0131n, ar\u0131zan\u0131n giderilmesi i\u00e7in \u00e7al\u0131\u015fmalar\u0131n s\u00fcrd\u00fc\u011f\u00fcn\u00fc ve elektirik enerjisinin k\u0131sa s\u00fcre i\u00e7erisinde \u015febekeye verilmesinin beklendi\u011fini kaydetti.\" \/>\n<meta property=\"og:url\" content=\"https:\/\/kuzeyinsesi.org\/index.php\/2025\/08\/08\/kib-tek-genel-muduru-aydin-guzelyurt-trafo-merkezinde-meydana-gelen-patlama-nedeni-ile-santraller-devre-disi-kaldi\/\" \/>\n<meta property=\"og:site_name\" content=\"Kuzeyin Sesi\" \/>\n<meta property=\"article:publisher\" content=\"https:\/\/www.facebook.com\/kuzeyinsesii\" \/>\n<meta property=\"article:published_time\" content=\"2025-08-08T04:29:46+00:00\" \/>\n<meta property=\"og:image\" content=\"https:\/\/brtk.net\/wp-content\/uploads\/2023\/04\/14\/dalman-aydin-333.jpg?ver=2ebf520427ef06b3e414bc9435d371ab\" \/>\n<meta name=\"author\" content=\"Kuzeyin Sesi\" \/>\n<meta name=\"twitter:card\" content=\"summary_large_image\" \/>\n<meta name=\"twitter:creator\" content=\"@kuzeyinsesii\" \/>\n<meta name=\"twitter:site\" content=\"@kuzeyinsesii\" \/>\n<meta name=\"twitter:label1\" content=\"Yazan:\" \/>\n\t<meta name=\"twitter:data1\" content=\"Kuzeyin Sesi\" \/>\n<script type=\"application\/ld+json\" class=\"yoast-schema-graph\">{\"@context\":\"https:\\\/\\\/schema.org\",\"@graph\":[{\"@type\":\"Article\",\"@id\":\"https:\\\/\\\/kuzeyinsesi.org\\\/index.php\\\/2025\\\/08\\\/08\\\/kib-tek-genel-muduru-aydin-guzelyurt-trafo-merkezinde-meydana-gelen-patlama-nedeni-ile-santraller-devre-disi-kaldi\\\/#article\",\"isPartOf\":{\"@id\":\"https:\\\/\\\/kuzeyinsesi.org\\\/index.php\\\/2025\\\/08\\\/08\\\/kib-tek-genel-muduru-aydin-guzelyurt-trafo-merkezinde-meydana-gelen-patlama-nedeni-ile-santraller-devre-disi-kaldi\\\/\"},\"author\":{\"name\":\"Kuzeyin Sesi\",\"@id\":\"https:\\\/\\\/kuzeyinsesi.org\\\/#\\\/schema\\\/person\\\/9f859689cdf01485597712386e37f5aa\"},\"headline\":\"KIB-TEK Genel M\u00fcd\u00fcr\u00fc Ayd\u0131n: G\u00fczelyurt Trafo Merkezi\u2019nde meydana gelen patlama nedeni ile santraller devre d\u0131\u015f\u0131 kald\u0131\",\"datePublished\":\"2025-08-08T04:29:46+00:00\",\"mainEntityOfPage\":{\"@id\":\"https:\\\/\\\/kuzeyinsesi.org\\\/index.php\\\/2025\\\/08\\\/08\\\/kib-tek-genel-muduru-aydin-guzelyurt-trafo-merkezinde-meydana-gelen-patlama-nedeni-ile-santraller-devre-disi-kaldi\\\/\"},\"wordCount\":93,\"commentCount\":0,\"image\":{\"@id\":\"https:\\\/\\\/kuzeyinsesi.org\\\/index.php\\\/2025\\\/08\\\/08\\\/kib-tek-genel-muduru-aydin-guzelyurt-trafo-merkezinde-meydana-gelen-patlama-nedeni-ile-santraller-devre-disi-kaldi\\\/#primaryimage\"},\"thumbnailUrl\":\"https:\\\/\\\/kuzeyinsesi.org\\\/wp-content\\\/uploads\\\/2025\\\/08\\\/dalman-aydin-333.jpg\",\"articleSection\":[\"K\u0131br\u0131s\"],\"inLanguage\":\"tr\",\"potentialAction\":[{\"@type\":\"CommentAction\",\"name\":\"Comment\",\"target\":[\"https:\\\/\\\/kuzeyinsesi.org\\\/index.php\\\/2025\\\/08\\\/08\\\/kib-tek-genel-muduru-aydin-guzelyurt-trafo-merkezinde-meydana-gelen-patlama-nedeni-ile-santraller-devre-disi-kaldi\\\/#respond\"]}]},{\"@type\":\"WebPage\",\"@id\":\"https:\\\/\\\/kuzeyinsesi.org\\\/index.php\\\/2025\\\/08\\\/08\\\/kib-tek-genel-muduru-aydin-guzelyurt-trafo-merkezinde-meydana-gelen-patlama-nedeni-ile-santraller-devre-disi-kaldi\\\/\",\"url\":\"https:\\\/\\\/kuzeyinsesi.org\\\/index.php\\\/2025\\\/08\\\/08\\\/kib-tek-genel-muduru-aydin-guzelyurt-trafo-merkezinde-meydana-gelen-patlama-nedeni-ile-santraller-devre-disi-kaldi\\\/\",\"name\":\"KIB-TEK Genel M\u00fcd\u00fcr\u00fc Ayd\u0131n: G\u00fczelyurt Trafo Merkezi\u2019nde meydana gelen patlama nedeni ile santraller devre d\u0131\u015f\u0131 kald\u0131 - Kuzeyin Sesi\",\"isPartOf\":{\"@id\":\"https:\\\/\\\/kuzeyinsesi.org\\\/#website\"},\"primaryImageOfPage\":{\"@id\":\"https:\\\/\\\/kuzeyinsesi.org\\\/index.php\\\/2025\\\/08\\\/08\\\/kib-tek-genel-muduru-aydin-guzelyurt-trafo-merkezinde-meydana-gelen-patlama-nedeni-ile-santraller-devre-disi-kaldi\\\/#primaryimage\"},\"image\":{\"@id\":\"https:\\\/\\\/kuzeyinsesi.org\\\/index.php\\\/2025\\\/08\\\/08\\\/kib-tek-genel-muduru-aydin-guzelyurt-trafo-merkezinde-meydana-gelen-patlama-nedeni-ile-santraller-devre-disi-kaldi\\\/#primaryimage\"},\"thumbnailUrl\":\"https:\\\/\\\/kuzeyinsesi.org\\\/wp-content\\\/uploads\\\/2025\\\/08\\\/dalman-aydin-333.jpg\",\"datePublished\":\"2025-08-08T04:29:46+00:00\",\"author\":{\"@id\":\"https:\\\/\\\/kuzeyinsesi.org\\\/#\\\/schema\\\/person\\\/9f859689cdf01485597712386e37f5aa\"},\"breadcrumb\":{\"@id\":\"https:\\\/\\\/kuzeyinsesi.org\\\/index.php\\\/2025\\\/08\\\/08\\\/kib-tek-genel-muduru-aydin-guzelyurt-trafo-merkezinde-meydana-gelen-patlama-nedeni-ile-santraller-devre-disi-kaldi\\\/#breadcrumb\"},\"inLanguage\":\"tr\",\"potentialAction\":[{\"@type\":\"ReadAction\",\"target\":[\"https:\\\/\\\/kuzeyinsesi.org\\\/index.php\\\/2025\\\/08\\\/08\\\/kib-tek-genel-muduru-aydin-guzelyurt-trafo-merkezinde-meydana-gelen-patlama-nedeni-ile-santraller-devre-disi-kaldi\\\/\"]}]},{\"@type\":\"ImageObject\",\"inLanguage\":\"tr\",\"@id\":\"https:\\\/\\\/kuzeyinsesi.org\\\/index.php\\\/2025\\\/08\\\/08\\\/kib-tek-genel-muduru-aydin-guzelyurt-trafo-merkezinde-meydana-gelen-patlama-nedeni-ile-santraller-devre-disi-kaldi\\\/#primaryimage\",\"url\":\"https:\\\/\\\/kuzeyinsesi.org\\\/wp-content\\\/uploads\\\/2025\\\/08\\\/dalman-aydin-333.jpg\",\"contentUrl\":\"https:\\\/\\\/kuzeyinsesi.org\\\/wp-content\\\/uploads\\\/2025\\\/08\\\/dalman-aydin-333.jpg\",\"width\":1036,\"height\":540},{\"@type\":\"BreadcrumbList\",\"@id\":\"https:\\\/\\\/kuzeyinsesi.org\\\/index.php\\\/2025\\\/08\\\/08\\\/kib-tek-genel-muduru-aydin-guzelyurt-trafo-merkezinde-meydana-gelen-patlama-nedeni-ile-santraller-devre-disi-kaldi\\\/#breadcrumb\",\"itemListElement\":[{\"@type\":\"ListItem\",\"position\":1,\"name\":\"Anasayfa\",\"item\":\"https:\\\/\\\/kuzeyinsesi.org\\\/\"},{\"@type\":\"ListItem\",\"position\":2,\"name\":\"KIB-TEK Genel M\u00fcd\u00fcr\u00fc Ayd\u0131n: G\u00fczelyurt Trafo Merkezi\u2019nde meydana gelen patlama nedeni ile santraller devre d\u0131\u015f\u0131 kald\u0131\"}]},{\"@type\":\"WebSite\",\"@id\":\"https:\\\/\\\/kuzeyinsesi.org\\\/#website\",\"url\":\"https:\\\/\\\/kuzeyinsesi.org\\\/\",\"name\":\"Kuzeyin Sesi\",\"description\":\"Do\u011fru Haberin Adresi\",\"potentialAction\":[{\"@type\":\"SearchAction\",\"target\":{\"@type\":\"EntryPoint\",\"urlTemplate\":\"https:\\\/\\\/kuzeyinsesi.org\\\/?s={search_term_string}\"},\"query-input\":{\"@type\":\"PropertyValueSpecification\",\"valueRequired\":true,\"valueName\":\"search_term_string\"}}],\"inLanguage\":\"tr\"},{\"@type\":\"Person\",\"@id\":\"https:\\\/\\\/kuzeyinsesi.org\\\/#\\\/schema\\\/person\\\/9f859689cdf01485597712386e37f5aa\",\"name\":\"Kuzeyin Sesi\",\"image\":{\"@type\":\"ImageObject\",\"inLanguage\":\"tr\",\"@id\":\"https:\\\/\\\/secure.gravatar.com\\\/avatar\\\/bab33852abfd8b282518d6ed81826833d77c3c882d9ab608add591ccace47a44?s=96&d=mm&r=g\",\"url\":\"https:\\\/\\\/secure.gravatar.com\\\/avatar\\\/bab33852abfd8b282518d6ed81826833d77c3c882d9ab608add591ccace47a44?s=96&d=mm&r=g\",\"contentUrl\":\"https:\\\/\\\/secure.gravatar.com\\\/avatar\\\/bab33852abfd8b282518d6ed81826833d77c3c882d9ab608add591ccace47a44?s=96&d=mm&r=g\",\"caption\":\"Kuzeyin Sesi\"},\"sameAs\":[\"https:\\\/\\\/kuzeyinsesi.org\"],\"url\":\"https:\\\/\\\/kuzeyinsesi.org\\\/index.php\\\/author\\\/guven\\\/\"}]}<\/script>\n<!-- \/ Yoast SEO plugin. -->","yoast_head_json":{"title":"KIB-TEK Genel M\u00fcd\u00fcr\u00fc Ayd\u0131n: G\u00fczelyurt Trafo Merkezi\u2019nde meydana gelen patlama nedeni ile santraller devre d\u0131\u015f\u0131 kald\u0131 - Kuzeyin Sesi","robots":{"index":"index","follow":"follow","max-snippet":"max-snippet:-1","max-image-preview":"max-image-preview:large","max-video-preview":"max-video-preview:-1"},"canonical":"https:\/\/kuzeyinsesi.org\/index.php\/2025\/08\/08\/kib-tek-genel-muduru-aydin-guzelyurt-trafo-merkezinde-meydana-gelen-patlama-nedeni-ile-santraller-devre-disi-kaldi\/","og_locale":"tr_TR","og_type":"article","og_title":"KIB-TEK Genel M\u00fcd\u00fcr\u00fc Ayd\u0131n: G\u00fczelyurt Trafo Merkezi\u2019nde meydana gelen patlama nedeni ile santraller devre d\u0131\u015f\u0131 kald\u0131 - Kuzeyin Sesi","og_description":"\u00dclke genelinde elektrik kesintisi ya\u015fan\u0131yor. K\u0131br\u0131s T\u00fcrk Elektrik Kurumu (K\u0131b-Tek), Genel M\u00fcd\u00fcr\u00fc Dalman Ayd\u0131n BRT\u2019ye yapt\u0131\u011f\u0131 a\u00e7\u0131klamada G\u00fczelyurt Trafo Merkezi\u2019nde meydana gelen patlama nedeni ile santrallerinin devre d\u0131\u015f\u0131 kald\u0131\u011f\u0131n\u0131 kaydetti. Ayd\u0131n, ar\u0131zan\u0131n giderilmesi i\u00e7in \u00e7al\u0131\u015fmalar\u0131n s\u00fcrd\u00fc\u011f\u00fcn\u00fc ve elektirik enerjisinin k\u0131sa s\u00fcre i\u00e7erisinde \u015febekeye verilmesinin beklendi\u011fini kaydetti.","og_url":"https:\/\/kuzeyinsesi.org\/index.php\/2025\/08\/08\/kib-tek-genel-muduru-aydin-guzelyurt-trafo-merkezinde-meydana-gelen-patlama-nedeni-ile-santraller-devre-disi-kaldi\/","og_site_name":"Kuzeyin Sesi","article_publisher":"https:\/\/www.facebook.com\/kuzeyinsesii","article_published_time":"2025-08-08T04:29:46+00:00","og_image":[{"url":"https:\/\/brtk.net\/wp-content\/uploads\/2023\/04\/14\/dalman-aydin-333.jpg?ver=2ebf520427ef06b3e414bc9435d371ab","type":"","width":"","height":""}],"author":"Kuzeyin Sesi","twitter_card":"summary_large_image","twitter_creator":"@kuzeyinsesii","twitter_site":"@kuzeyinsesii","twitter_misc":{"Yazan:":"Kuzeyin Sesi"},"schema":{"@context":"https:\/\/schema.org","@graph":[{"@type":"Article","@id":"https:\/\/kuzeyinsesi.org\/index.php\/2025\/08\/08\/kib-tek-genel-muduru-aydin-guzelyurt-trafo-merkezinde-meydana-gelen-patlama-nedeni-ile-santraller-devre-disi-kaldi\/#article","isPartOf":{"@id":"https:\/\/kuzeyinsesi.org\/index.php\/2025\/08\/08\/kib-tek-genel-muduru-aydin-guzelyurt-trafo-merkezinde-meydana-gelen-patlama-nedeni-ile-santraller-devre-disi-kaldi\/"},"author":{"name":"Kuzeyin Sesi","@id":"https:\/\/kuzeyinsesi.org\/#\/schema\/person\/9f859689cdf01485597712386e37f5aa"},"headline":"KIB-TEK Genel M\u00fcd\u00fcr\u00fc Ayd\u0131n: G\u00fczelyurt Trafo Merkezi\u2019nde meydana gelen patlama nedeni ile santraller devre d\u0131\u015f\u0131 kald\u0131","datePublished":"2025-08-08T04:29:46+00:00","mainEntityOfPage":{"@id":"https:\/\/kuzeyinsesi.org\/index.php\/2025\/08\/08\/kib-tek-genel-muduru-aydin-guzelyurt-trafo-merkezinde-meydana-gelen-patlama-nedeni-ile-santraller-devre-disi-kaldi\/"},"wordCount":93,"commentCount":0,"image":{"@id":"https:\/\/kuzeyinsesi.org\/index.php\/2025\/08\/08\/kib-tek-genel-muduru-aydin-guzelyurt-trafo-merkezinde-meydana-gelen-patlama-nedeni-ile-santraller-devre-disi-kaldi\/#primaryimage"},"thumbnailUrl":"https:\/\/kuzeyinsesi.org\/wp-content\/uploads\/2025\/08\/dalman-aydin-333.jpg","articleSection":["K\u0131br\u0131s"],"inLanguage":"tr","potentialAction":[{"@type":"CommentAction","name":"Comment","target":["https:\/\/kuzeyinsesi.org\/index.php\/2025\/08\/08\/kib-tek-genel-muduru-aydin-guzelyurt-trafo-merkezinde-meydana-gelen-patlama-nedeni-ile-santraller-devre-disi-kaldi\/#respond"]}]},{"@type":"WebPage","@id":"https:\/\/kuzeyinsesi.org\/index.php\/2025\/08\/08\/kib-tek-genel-muduru-aydin-guzelyurt-trafo-merkezinde-meydana-gelen-patlama-nedeni-ile-santraller-devre-disi-kaldi\/","url":"https:\/\/kuzeyinsesi.org\/index.php\/2025\/08\/08\/kib-tek-genel-muduru-aydin-guzelyurt-trafo-merkezinde-meydana-gelen-patlama-nedeni-ile-santraller-devre-disi-kaldi\/","name":"KIB-TEK Genel M\u00fcd\u00fcr\u00fc Ayd\u0131n: G\u00fczelyurt Trafo Merkezi\u2019nde meydana gelen patlama nedeni ile santraller devre d\u0131\u015f\u0131 kald\u0131 - Kuzeyin Sesi","isPartOf":{"@id":"https:\/\/kuzeyinsesi.org\/#website"},"primaryImageOfPage":{"@id":"https:\/\/kuzeyinsesi.org\/index.php\/2025\/08\/08\/kib-tek-genel-muduru-aydin-guzelyurt-trafo-merkezinde-meydana-gelen-patlama-nedeni-ile-santraller-devre-disi-kaldi\/#primaryimage"},"image":{"@id":"https:\/\/kuzeyinsesi.org\/index.php\/2025\/08\/08\/kib-tek-genel-muduru-aydin-guzelyurt-trafo-merkezinde-meydana-gelen-patlama-nedeni-ile-santraller-devre-disi-kaldi\/#primaryimage"},"thumbnailUrl":"https:\/\/kuzeyinsesi.org\/wp-content\/uploads\/2025\/08\/dalman-aydin-333.jpg","datePublished":"2025-08-08T04:29:46+00:00","author":{"@id":"https:\/\/kuzeyinsesi.org\/#\/schema\/person\/9f859689cdf01485597712386e37f5aa"},"breadcrumb":{"@id":"https:\/\/kuzeyinsesi.org\/index.php\/2025\/08\/08\/kib-tek-genel-muduru-aydin-guzelyurt-trafo-merkezinde-meydana-gelen-patlama-nedeni-ile-santraller-devre-disi-kaldi\/#breadcrumb"},"inLanguage":"tr","potentialAction":[{"@type":"ReadAction","target":["https:\/\/kuzeyinsesi.org\/index.php\/2025\/08\/08\/kib-tek-genel-muduru-aydin-guzelyurt-trafo-merkezinde-meydana-gelen-patlama-nedeni-ile-santraller-devre-disi-kaldi\/"]}]},{"@type":"ImageObject","inLanguage":"tr","@id":"https:\/\/kuzeyinsesi.org\/index.php\/2025\/08\/08\/kib-tek-genel-muduru-aydin-guzelyurt-trafo-merkezinde-meydana-gelen-patlama-nedeni-ile-santraller-devre-disi-kaldi\/#primaryimage","url":"https:\/\/kuzeyinsesi.org\/wp-content\/uploads\/2025\/08\/dalman-aydin-333.jpg","contentUrl":"https:\/\/kuzeyinsesi.org\/wp-content\/uploads\/2025\/08\/dalman-aydin-333.jpg","width":1036,"height":540},{"@type":"BreadcrumbList","@id":"https:\/\/kuzeyinsesi.org\/index.php\/2025\/08\/08\/kib-tek-genel-muduru-aydin-guzelyurt-trafo-merkezinde-meydana-gelen-patlama-nedeni-ile-santraller-devre-disi-kaldi\/#breadcrumb","itemListElement":[{"@type":"ListItem","position":1,"name":"Anasayfa","item":"https:\/\/kuzeyinsesi.org\/"},{"@type":"ListItem","position":2,"name":"KIB-TEK Genel M\u00fcd\u00fcr\u00fc Ayd\u0131n: G\u00fczelyurt Trafo Merkezi\u2019nde meydana gelen patlama nedeni ile santraller devre d\u0131\u015f\u0131 kald\u0131"}]},{"@type":"WebSite","@id":"https:\/\/kuzeyinsesi.org\/#website","url":"https:\/\/kuzeyinsesi.org\/","name":"Kuzeyin Sesi","description":"Do\u011fru Haberin Adresi","potentialAction":[{"@type":"SearchAction","target":{"@type":"EntryPoint","urlTemplate":"https:\/\/kuzeyinsesi.org\/?s={search_term_string}"},"query-input":{"@type":"PropertyValueSpecification","valueRequired":true,"valueName":"search_term_string"}}],"inLanguage":"tr"},{"@type":"Person","@id":"https:\/\/kuzeyinsesi.org\/#\/schema\/person\/9f859689cdf01485597712386e37f5aa","name":"Kuzeyin Sesi","image":{"@type":"ImageObject","inLanguage":"tr","@id":"https:\/\/secure.gravatar.com\/avatar\/bab33852abfd8b282518d6ed81826833d77c3c882d9ab608add591ccace47a44?s=96&d=mm&r=g","url":"https:\/\/secure.gravatar.com\/avatar\/bab33852abfd8b282518d6ed81826833d77c3c882d9ab608add591ccace47a44?s=96&d=mm&r=g","contentUrl":"https:\/\/secure.gravatar.com\/avatar\/bab33852abfd8b282518d6ed81826833d77c3c882d9ab608add591ccace47a44?s=96&d=mm&r=g","caption":"Kuzeyin Sesi"},"sameAs":["https:\/\/kuzeyinsesi.org"],"url":"https:\/\/kuzeyinsesi.org\/index.php\/author\/guven\/"}]}},"_links":{"self":[{"href":"https:\/\/kuzeyinsesi.org\/index.php\/wp-json\/wp\/v2\/posts\/30098","targetHints":{"allow":["GET"]}}],"collection":[{"href":"https:\/\/kuzeyinsesi.org\/index.php\/wp-json\/wp\/v2\/posts"}],"about":[{"href":"https:\/\/kuzeyinsesi.org\/index.php\/wp-json\/wp\/v2\/types\/post"}],"author":[{"embeddable":true,"href":"https:\/\/kuzeyinsesi.org\/index.php\/wp-json\/wp\/v2\/users\/1"}],"replies":[{"embeddable":true,"href":"https:\/\/kuzeyinsesi.org\/index.php\/wp-json\/wp\/v2\/comments?post=30098"}],"version-history":[{"count":0,"href":"https:\/\/kuzeyinsesi.org\/index.php\/wp-json\/wp\/v2\/posts\/30098\/revisions"}],"wp:featuredmedia":[{"embeddable":true,"href":"https:\/\/kuzeyinsesi.org\/index.php\/wp-json\/wp\/v2\/media\/30099"}],"wp:attachment":[{"href":"https:\/\/kuzeyinsesi.org\/index.php\/wp-json\/wp\/v2\/media?parent=30098"}],"wp:term":[{"taxonomy":"category","embeddable":true,"href":"https:\/\/kuzeyinsesi.org\/index.php\/wp-json\/wp\/v2\/categories?post=30098"},{"taxonomy":"post_tag","embeddable":true,"href":"https:\/\/kuzeyinsesi.org\/index.php\/wp-json\/wp\/v2\/tags?post=30098"}],"curies":[{"name":"wp","href":"https:\/\/api.w.org\/{rel}","templated":true}]}}