{"id":3009,"date":"2024-05-20T18:30:53","date_gmt":"2024-05-20T15:30:53","guid":{"rendered":"https:\/\/kuzeyinsesi.com\/index.php\/2024\/05\/20\/dau-26-bahar-festivali-cumartesi-aksami-duzenlenen-emir-can-igrek-konseriyle-sona-erdi\/"},"modified":"2024-05-20T18:30:53","modified_gmt":"2024-05-20T15:30:53","slug":"dau-26-bahar-festivali-cumartesi-aksami-duzenlenen-emir-can-igrek-konseriyle-sona-erdi","status":"publish","type":"post","link":"https:\/\/kuzeyinsesi.org\/index.php\/2024\/05\/20\/dau-26-bahar-festivali-cumartesi-aksami-duzenlenen-emir-can-igrek-konseriyle-sona-erdi\/","title":{"rendered":"DA\u00dc 26. Bahar Festivali Cumartesi ak\u015fam\u0131 d\u00fczenlenen Emir Can \u0130\u011frek konseriyle sona erdi"},"content":{"rendered":"<div>\n<div class=\"mariselle-image-container center\">\n                                            <\/div>\n<p> Do\u011fu Akdeniz \u00dcniversitesi (DA\u00dc) 26. Bahar Festivali Cumartesi ak\u015fam\u0131 d\u00fczenlenen Emir Can \u0130\u011frek konseriyle sona erdi.<\/p>\n<p>DA\u00dc\u2019den verilen bilgiye g\u00f6re festivalin \u00fc\u00e7\u00fcnc\u00fc g\u00fcn\u00fc olan 17 May\u0131s Cuma g\u00fcn\u00fc tiyatro sanat\u00e7\u0131s\u0131 Erkan Kol\u00e7ak K\u00f6stendil; Siyah Giyen Adamlar DA\u00dc Bulu\u015fmas\u0131, Gelin Bu B\u00f6l\u00fcm\u00fc Birlikte \u00c7ekelim ad\u0131 alt\u0131nda Ferit Atay, Hamza Yard\u0131mc\u0131o\u011flu ve Cem \u00d6z\u00fcak s\u00f6yle\u015fiye kat\u0131ld\u0131.<\/p>\n<p>18 May\u0131s Cumartesi g\u00fcn\u00fc ise Semih \u0130\u011fdi\u011f\u00fcl taraf\u0131ndan \u201cPatili Dostlar\u0131m\u0131zla Ya\u015fam\u201d konulu s\u00f6yle\u015fi yap\u0131ld\u0131. DEATHTRAP adl\u0131 tiyatro oyunun kadrosunda yer alan sanat\u00e7\u0131lar Metin Co\u015fkun, G\u00f6zde C\u0131\u011fac\u0131, Mine T\u00fcfek\u00e7io\u011flu, \u0130smail D\u00fcndar, Altu\u011f G\u00f6rg\u00fc; S\u0131r adl\u0131 tiyatro oyunun sanat\u00e7\u0131lar\u0131 Tolga G\u00fcle\u00e7 ve An\u0131l \u00c7elik ile sanat\u00e7\u0131lar Meltem Cumbul ve \u0130lker Aksum \u00f6\u011frencilerle s\u00f6yle\u015fi ger\u00e7ekle\u015ftirdi.<\/p>\n<p>DA\u00dc, 26. Bahar Festivali kapsam\u0131nda \u00e7ok say\u0131da tiyatro oyununa da ev sahipli\u011fi yapt\u0131.  17 May\u0131s Cuma g\u00fcn\u00fc Rauf Raif Denkta\u015f K\u00fclt\u00fcr ve Kongre Saray\u0131\u2019nda \u201cCut\u201d, \u201cS\u0131r\u201d ve \u201cDeathtrap\u201d isimli tiyatro oyunlar\u0131 sahnelendi.<\/p>\n<p>-EMUATHLON 17 May\u0131s\u2019ta D\u00fczenlendi<\/p>\n<p>Her y\u0131l geleneksel olarak Bahar Festivali kapsam\u0131nda DA\u00dc Spor \u0130\u015fleri M\u00fcd\u00fcrl\u00fc\u011f\u00fc taraf\u0131ndan d\u00fczenlenen EMUATHLON da 17 May\u0131s Cuma g\u00fcn\u00fc Lala Mustafa Pa\u015fa Spor Saray\u0131 \u00f6n\u00fcnde yap\u0131ld\u0131.<\/p>\n<p>-Sportif etkinlikler <\/p>\n<p>Festivalde \u201cFive a Side\u201d, \u00c7im Voleybolu, \u00c7im Tenisi,  Amat\u00f6r Atletizm, Tavla Turnuvas\u0131 alanlar\u0131nda yar\u0131\u015fmalar da ger\u00e7ekle\u015ftirildi. Streetball oyunu da d\u00fczenlenen festivalde DA\u00dc Arama Kurtarma Kul\u00fcb\u00fc (DA\u00dc-KUT) taraf\u0131ndan Ekstrem Parkur Oyunlar\u0131 ile ilgili spor etkinlikleri de d\u00fczenlendi.<\/p>\n<p>-26. Bahar Festivali Emir Can \u0130\u011frek Konseri ile Sona Erdi<\/p>\n<p>26 Bahar Festivali 17 May\u0131s Cuma g\u00fcn\u00fc, \u0130ngiliz \u015fark\u0131c\u0131 Darkoo\u2019nun konseri ile devam ettiCumartesi g\u00fcn\u00fc ise sanat\u00e7\u0131 Emir Can \u0130\u011frek konser verdi. Konser sonunda DA\u00dc Rekt\u00f6r Vekili Prof. Dr. Osman M. Karatepe ve Rekt\u00f6r Yard\u0131mc\u0131s\u0131 Prof. Dr. Ali \u00d6zt\u00fcrten taraf\u0131ndan sanat\u00e7\u0131ya te\u015fekk\u00fcr plaketi takdim edildi.<\/p>\n<p>Festival bu y\u0131l Noyanlar Group of Companies ana sponsorlu\u011funda, KKTC Telsim Vodafone ileti\u015fim sponsorlu\u011funda ve NRG Yay\u0131n Grubu\u2019nun medya sponsorlu\u011funda organize edildi.<\/p>\n<\/p><\/div>\n<p><script async\n                    defer\n                    crossorigin=\"anonymous\"\n                    src=\"https:\/\/connect.facebook.net\/tr_TR\/sdk.js#xfbml=1&#038;version=v3.3\"\n            ><\/script><\/p>\n","protected":false},"excerpt":{"rendered":"<p>Do\u011fu Akdeniz \u00dcniversitesi (DA\u00dc) 26. Bahar Festivali Cumartesi ak\u015fam\u0131 d\u00fczenlenen Emir Can \u0130\u011frek konseriyle sona erdi. DA\u00dc\u2019den verilen bilgiye g\u00f6re festivalin \u00fc\u00e7\u00fcnc\u00fc g\u00fcn\u00fc olan 17 May\u0131s Cuma g\u00fcn\u00fc tiyatro sanat\u00e7\u0131s\u0131 Erkan Kol\u00e7ak K\u00f6stendil; Siyah Giyen Adamlar DA\u00dc Bulu\u015fmas\u0131, Gelin Bu B\u00f6l\u00fcm\u00fc Birlikte \u00c7ekelim ad\u0131 alt\u0131nda Ferit Atay, Hamza Yard\u0131mc\u0131o\u011flu ve Cem \u00d6z\u00fcak s\u00f6yle\u015fiye kat\u0131ld\u0131. 18 [&hellip;]<\/p>\n","protected":false},"author":1,"featured_media":3010,"comment_status":"open","ping_status":"open","sticky":false,"template":"","format":"standard","meta":{"jnews-multi-image_gallery":[],"jnews_single_post":[],"jnews_primary_category":[],"jnews_social_meta":[],"jnews_override_counter":[],"footnotes":""},"categories":[6],"tags":[],"class_list":["post-3009","post","type-post","status-publish","format-standard","has-post-thumbnail","hentry","category-yasam"],"yoast_head":"<!-- This site is optimized with the Yoast SEO plugin v27.5 - https:\/\/yoast.com\/product\/yoast-seo-wordpress\/ -->\n<title>DA\u00dc 26. Bahar Festivali Cumartesi ak\u015fam\u0131 d\u00fczenlenen Emir Can \u0130\u011frek konseriyle sona erdi - Kuzeyin Sesi<\/title>\n<meta name=\"robots\" content=\"index, follow, max-snippet:-1, max-image-preview:large, max-video-preview:-1\" \/>\n<link rel=\"canonical\" href=\"https:\/\/kuzeyinsesi.org\/index.php\/2024\/05\/20\/dau-26-bahar-festivali-cumartesi-aksami-duzenlenen-emir-can-igrek-konseriyle-sona-erdi\/\" \/>\n<meta property=\"og:locale\" content=\"tr_TR\" \/>\n<meta property=\"og:type\" content=\"article\" \/>\n<meta property=\"og:title\" content=\"DA\u00dc 26. Bahar Festivali Cumartesi ak\u015fam\u0131 d\u00fczenlenen Emir Can \u0130\u011frek konseriyle sona erdi - Kuzeyin Sesi\" \/>\n<meta property=\"og:description\" content=\"Do\u011fu Akdeniz \u00dcniversitesi (DA\u00dc) 26. Bahar Festivali Cumartesi ak\u015fam\u0131 d\u00fczenlenen Emir Can \u0130\u011frek konseriyle sona erdi. DA\u00dc\u2019den verilen bilgiye g\u00f6re festivalin \u00fc\u00e7\u00fcnc\u00fc g\u00fcn\u00fc olan 17 May\u0131s Cuma g\u00fcn\u00fc tiyatro sanat\u00e7\u0131s\u0131 Erkan Kol\u00e7ak K\u00f6stendil; Siyah Giyen Adamlar DA\u00dc Bulu\u015fmas\u0131, Gelin Bu B\u00f6l\u00fcm\u00fc Birlikte \u00c7ekelim ad\u0131 alt\u0131nda Ferit Atay, Hamza Yard\u0131mc\u0131o\u011flu ve Cem \u00d6z\u00fcak s\u00f6yle\u015fiye kat\u0131ld\u0131. 18 [&hellip;]\" \/>\n<meta property=\"og:url\" content=\"https:\/\/kuzeyinsesi.org\/index.php\/2024\/05\/20\/dau-26-bahar-festivali-cumartesi-aksami-duzenlenen-emir-can-igrek-konseriyle-sona-erdi\/\" \/>\n<meta property=\"og:site_name\" content=\"Kuzeyin Sesi\" \/>\n<meta property=\"article:publisher\" content=\"https:\/\/www.facebook.com\/kuzeyinsesii\" \/>\n<meta property=\"article:published_time\" content=\"2024-05-20T15:30:53+00:00\" \/>\n<meta property=\"og:image\" content=\"https:\/\/kuzeyinsesi.org\/wp-content\/uploads\/2024\/05\/emir-can.jpg\" \/>\n\t<meta property=\"og:image:width\" content=\"1440\" \/>\n\t<meta property=\"og:image:height\" content=\"957\" \/>\n\t<meta property=\"og:image:type\" content=\"image\/jpeg\" \/>\n<meta name=\"author\" content=\"Kuzeyin Sesi\" \/>\n<meta name=\"twitter:card\" content=\"summary_large_image\" \/>\n<meta name=\"twitter:creator\" content=\"@kuzeyinsesii\" \/>\n<meta name=\"twitter:site\" content=\"@kuzeyinsesii\" \/>\n<meta name=\"twitter:label1\" content=\"Yazan:\" \/>\n\t<meta name=\"twitter:data1\" content=\"Kuzeyin Sesi\" \/>\n\t<meta name=\"twitter:label2\" content=\"Tahmini okuma s\u00fcresi\" \/>\n\t<meta name=\"twitter:data2\" content=\"2 dakika\" \/>\n<script type=\"application\/ld+json\" class=\"yoast-schema-graph\">{\"@context\":\"https:\\\/\\\/schema.org\",\"@graph\":[{\"@type\":\"Article\",\"@id\":\"https:\\\/\\\/kuzeyinsesi.org\\\/index.php\\\/2024\\\/05\\\/20\\\/dau-26-bahar-festivali-cumartesi-aksami-duzenlenen-emir-can-igrek-konseriyle-sona-erdi\\\/#article\",\"isPartOf\":{\"@id\":\"https:\\\/\\\/kuzeyinsesi.org\\\/index.php\\\/2024\\\/05\\\/20\\\/dau-26-bahar-festivali-cumartesi-aksami-duzenlenen-emir-can-igrek-konseriyle-sona-erdi\\\/\"},\"author\":{\"name\":\"Kuzeyin Sesi\",\"@id\":\"https:\\\/\\\/kuzeyinsesi.org\\\/#\\\/schema\\\/person\\\/9f859689cdf01485597712386e37f5aa\"},\"headline\":\"DA\u00dc 26. Bahar Festivali Cumartesi ak\u015fam\u0131 d\u00fczenlenen Emir Can \u0130\u011frek konseriyle sona erdi\",\"datePublished\":\"2024-05-20T15:30:53+00:00\",\"mainEntityOfPage\":{\"@id\":\"https:\\\/\\\/kuzeyinsesi.org\\\/index.php\\\/2024\\\/05\\\/20\\\/dau-26-bahar-festivali-cumartesi-aksami-duzenlenen-emir-can-igrek-konseriyle-sona-erdi\\\/\"},\"wordCount\":392,\"commentCount\":0,\"image\":{\"@id\":\"https:\\\/\\\/kuzeyinsesi.org\\\/index.php\\\/2024\\\/05\\\/20\\\/dau-26-bahar-festivali-cumartesi-aksami-duzenlenen-emir-can-igrek-konseriyle-sona-erdi\\\/#primaryimage\"},\"thumbnailUrl\":\"https:\\\/\\\/kuzeyinsesi.org\\\/wp-content\\\/uploads\\\/2024\\\/05\\\/emir-can.jpg\",\"articleSection\":[\"Ya\u015fam\"],\"inLanguage\":\"tr\",\"potentialAction\":[{\"@type\":\"CommentAction\",\"name\":\"Comment\",\"target\":[\"https:\\\/\\\/kuzeyinsesi.org\\\/index.php\\\/2024\\\/05\\\/20\\\/dau-26-bahar-festivali-cumartesi-aksami-duzenlenen-emir-can-igrek-konseriyle-sona-erdi\\\/#respond\"]}]},{\"@type\":\"WebPage\",\"@id\":\"https:\\\/\\\/kuzeyinsesi.org\\\/index.php\\\/2024\\\/05\\\/20\\\/dau-26-bahar-festivali-cumartesi-aksami-duzenlenen-emir-can-igrek-konseriyle-sona-erdi\\\/\",\"url\":\"https:\\\/\\\/kuzeyinsesi.org\\\/index.php\\\/2024\\\/05\\\/20\\\/dau-26-bahar-festivali-cumartesi-aksami-duzenlenen-emir-can-igrek-konseriyle-sona-erdi\\\/\",\"name\":\"DA\u00dc 26. Bahar Festivali Cumartesi ak\u015fam\u0131 d\u00fczenlenen Emir Can \u0130\u011frek konseriyle sona erdi - Kuzeyin Sesi\",\"isPartOf\":{\"@id\":\"https:\\\/\\\/kuzeyinsesi.org\\\/#website\"},\"primaryImageOfPage\":{\"@id\":\"https:\\\/\\\/kuzeyinsesi.org\\\/index.php\\\/2024\\\/05\\\/20\\\/dau-26-bahar-festivali-cumartesi-aksami-duzenlenen-emir-can-igrek-konseriyle-sona-erdi\\\/#primaryimage\"},\"image\":{\"@id\":\"https:\\\/\\\/kuzeyinsesi.org\\\/index.php\\\/2024\\\/05\\\/20\\\/dau-26-bahar-festivali-cumartesi-aksami-duzenlenen-emir-can-igrek-konseriyle-sona-erdi\\\/#primaryimage\"},\"thumbnailUrl\":\"https:\\\/\\\/kuzeyinsesi.org\\\/wp-content\\\/uploads\\\/2024\\\/05\\\/emir-can.jpg\",\"datePublished\":\"2024-05-20T15:30:53+00:00\",\"author\":{\"@id\":\"https:\\\/\\\/kuzeyinsesi.org\\\/#\\\/schema\\\/person\\\/9f859689cdf01485597712386e37f5aa\"},\"breadcrumb\":{\"@id\":\"https:\\\/\\\/kuzeyinsesi.org\\\/index.php\\\/2024\\\/05\\\/20\\\/dau-26-bahar-festivali-cumartesi-aksami-duzenlenen-emir-can-igrek-konseriyle-sona-erdi\\\/#breadcrumb\"},\"inLanguage\":\"tr\",\"potentialAction\":[{\"@type\":\"ReadAction\",\"target\":[\"https:\\\/\\\/kuzeyinsesi.org\\\/index.php\\\/2024\\\/05\\\/20\\\/dau-26-bahar-festivali-cumartesi-aksami-duzenlenen-emir-can-igrek-konseriyle-sona-erdi\\\/\"]}]},{\"@type\":\"ImageObject\",\"inLanguage\":\"tr\",\"@id\":\"https:\\\/\\\/kuzeyinsesi.org\\\/index.php\\\/2024\\\/05\\\/20\\\/dau-26-bahar-festivali-cumartesi-aksami-duzenlenen-emir-can-igrek-konseriyle-sona-erdi\\\/#primaryimage\",\"url\":\"https:\\\/\\\/kuzeyinsesi.org\\\/wp-content\\\/uploads\\\/2024\\\/05\\\/emir-can.jpg\",\"contentUrl\":\"https:\\\/\\\/kuzeyinsesi.org\\\/wp-content\\\/uploads\\\/2024\\\/05\\\/emir-can.jpg\",\"width\":1440,\"height\":957},{\"@type\":\"BreadcrumbList\",\"@id\":\"https:\\\/\\\/kuzeyinsesi.org\\\/index.php\\\/2024\\\/05\\\/20\\\/dau-26-bahar-festivali-cumartesi-aksami-duzenlenen-emir-can-igrek-konseriyle-sona-erdi\\\/#breadcrumb\",\"itemListElement\":[{\"@type\":\"ListItem\",\"position\":1,\"name\":\"Anasayfa\",\"item\":\"https:\\\/\\\/kuzeyinsesi.org\\\/\"},{\"@type\":\"ListItem\",\"position\":2,\"name\":\"DA\u00dc 26. Bahar Festivali Cumartesi ak\u015fam\u0131 d\u00fczenlenen Emir Can \u0130\u011frek konseriyle sona erdi\"}]},{\"@type\":\"WebSite\",\"@id\":\"https:\\\/\\\/kuzeyinsesi.org\\\/#website\",\"url\":\"https:\\\/\\\/kuzeyinsesi.org\\\/\",\"name\":\"Kuzeyin Sesi\",\"description\":\"Do\u011fru Haberin Adresi\",\"potentialAction\":[{\"@type\":\"SearchAction\",\"target\":{\"@type\":\"EntryPoint\",\"urlTemplate\":\"https:\\\/\\\/kuzeyinsesi.org\\\/?s={search_term_string}\"},\"query-input\":{\"@type\":\"PropertyValueSpecification\",\"valueRequired\":true,\"valueName\":\"search_term_string\"}}],\"inLanguage\":\"tr\"},{\"@type\":\"Person\",\"@id\":\"https:\\\/\\\/kuzeyinsesi.org\\\/#\\\/schema\\\/person\\\/9f859689cdf01485597712386e37f5aa\",\"name\":\"Kuzeyin Sesi\",\"image\":{\"@type\":\"ImageObject\",\"inLanguage\":\"tr\",\"@id\":\"https:\\\/\\\/secure.gravatar.com\\\/avatar\\\/bab33852abfd8b282518d6ed81826833d77c3c882d9ab608add591ccace47a44?s=96&d=mm&r=g\",\"url\":\"https:\\\/\\\/secure.gravatar.com\\\/avatar\\\/bab33852abfd8b282518d6ed81826833d77c3c882d9ab608add591ccace47a44?s=96&d=mm&r=g\",\"contentUrl\":\"https:\\\/\\\/secure.gravatar.com\\\/avatar\\\/bab33852abfd8b282518d6ed81826833d77c3c882d9ab608add591ccace47a44?s=96&d=mm&r=g\",\"caption\":\"Kuzeyin Sesi\"},\"sameAs\":[\"https:\\\/\\\/kuzeyinsesi.org\"],\"url\":\"https:\\\/\\\/kuzeyinsesi.org\\\/index.php\\\/author\\\/guven\\\/\"}]}<\/script>\n<!-- \/ Yoast SEO plugin. -->","yoast_head_json":{"title":"DA\u00dc 26. Bahar Festivali Cumartesi ak\u015fam\u0131 d\u00fczenlenen Emir Can \u0130\u011frek konseriyle sona erdi - Kuzeyin Sesi","robots":{"index":"index","follow":"follow","max-snippet":"max-snippet:-1","max-image-preview":"max-image-preview:large","max-video-preview":"max-video-preview:-1"},"canonical":"https:\/\/kuzeyinsesi.org\/index.php\/2024\/05\/20\/dau-26-bahar-festivali-cumartesi-aksami-duzenlenen-emir-can-igrek-konseriyle-sona-erdi\/","og_locale":"tr_TR","og_type":"article","og_title":"DA\u00dc 26. Bahar Festivali Cumartesi ak\u015fam\u0131 d\u00fczenlenen Emir Can \u0130\u011frek konseriyle sona erdi - Kuzeyin Sesi","og_description":"Do\u011fu Akdeniz \u00dcniversitesi (DA\u00dc) 26. Bahar Festivali Cumartesi ak\u015fam\u0131 d\u00fczenlenen Emir Can \u0130\u011frek konseriyle sona erdi. DA\u00dc\u2019den verilen bilgiye g\u00f6re festivalin \u00fc\u00e7\u00fcnc\u00fc g\u00fcn\u00fc olan 17 May\u0131s Cuma g\u00fcn\u00fc tiyatro sanat\u00e7\u0131s\u0131 Erkan Kol\u00e7ak K\u00f6stendil; Siyah Giyen Adamlar DA\u00dc Bulu\u015fmas\u0131, Gelin Bu B\u00f6l\u00fcm\u00fc Birlikte \u00c7ekelim ad\u0131 alt\u0131nda Ferit Atay, Hamza Yard\u0131mc\u0131o\u011flu ve Cem \u00d6z\u00fcak s\u00f6yle\u015fiye kat\u0131ld\u0131. 18 [&hellip;]","og_url":"https:\/\/kuzeyinsesi.org\/index.php\/2024\/05\/20\/dau-26-bahar-festivali-cumartesi-aksami-duzenlenen-emir-can-igrek-konseriyle-sona-erdi\/","og_site_name":"Kuzeyin Sesi","article_publisher":"https:\/\/www.facebook.com\/kuzeyinsesii","article_published_time":"2024-05-20T15:30:53+00:00","og_image":[{"width":1440,"height":957,"url":"https:\/\/kuzeyinsesi.org\/wp-content\/uploads\/2024\/05\/emir-can.jpg","type":"image\/jpeg"}],"author":"Kuzeyin Sesi","twitter_card":"summary_large_image","twitter_creator":"@kuzeyinsesii","twitter_site":"@kuzeyinsesii","twitter_misc":{"Yazan:":"Kuzeyin Sesi","Tahmini okuma s\u00fcresi":"2 dakika"},"schema":{"@context":"https:\/\/schema.org","@graph":[{"@type":"Article","@id":"https:\/\/kuzeyinsesi.org\/index.php\/2024\/05\/20\/dau-26-bahar-festivali-cumartesi-aksami-duzenlenen-emir-can-igrek-konseriyle-sona-erdi\/#article","isPartOf":{"@id":"https:\/\/kuzeyinsesi.org\/index.php\/2024\/05\/20\/dau-26-bahar-festivali-cumartesi-aksami-duzenlenen-emir-can-igrek-konseriyle-sona-erdi\/"},"author":{"name":"Kuzeyin Sesi","@id":"https:\/\/kuzeyinsesi.org\/#\/schema\/person\/9f859689cdf01485597712386e37f5aa"},"headline":"DA\u00dc 26. Bahar Festivali Cumartesi ak\u015fam\u0131 d\u00fczenlenen Emir Can \u0130\u011frek konseriyle sona erdi","datePublished":"2024-05-20T15:30:53+00:00","mainEntityOfPage":{"@id":"https:\/\/kuzeyinsesi.org\/index.php\/2024\/05\/20\/dau-26-bahar-festivali-cumartesi-aksami-duzenlenen-emir-can-igrek-konseriyle-sona-erdi\/"},"wordCount":392,"commentCount":0,"image":{"@id":"https:\/\/kuzeyinsesi.org\/index.php\/2024\/05\/20\/dau-26-bahar-festivali-cumartesi-aksami-duzenlenen-emir-can-igrek-konseriyle-sona-erdi\/#primaryimage"},"thumbnailUrl":"https:\/\/kuzeyinsesi.org\/wp-content\/uploads\/2024\/05\/emir-can.jpg","articleSection":["Ya\u015fam"],"inLanguage":"tr","potentialAction":[{"@type":"CommentAction","name":"Comment","target":["https:\/\/kuzeyinsesi.org\/index.php\/2024\/05\/20\/dau-26-bahar-festivali-cumartesi-aksami-duzenlenen-emir-can-igrek-konseriyle-sona-erdi\/#respond"]}]},{"@type":"WebPage","@id":"https:\/\/kuzeyinsesi.org\/index.php\/2024\/05\/20\/dau-26-bahar-festivali-cumartesi-aksami-duzenlenen-emir-can-igrek-konseriyle-sona-erdi\/","url":"https:\/\/kuzeyinsesi.org\/index.php\/2024\/05\/20\/dau-26-bahar-festivali-cumartesi-aksami-duzenlenen-emir-can-igrek-konseriyle-sona-erdi\/","name":"DA\u00dc 26. Bahar Festivali Cumartesi ak\u015fam\u0131 d\u00fczenlenen Emir Can \u0130\u011frek konseriyle sona erdi - Kuzeyin Sesi","isPartOf":{"@id":"https:\/\/kuzeyinsesi.org\/#website"},"primaryImageOfPage":{"@id":"https:\/\/kuzeyinsesi.org\/index.php\/2024\/05\/20\/dau-26-bahar-festivali-cumartesi-aksami-duzenlenen-emir-can-igrek-konseriyle-sona-erdi\/#primaryimage"},"image":{"@id":"https:\/\/kuzeyinsesi.org\/index.php\/2024\/05\/20\/dau-26-bahar-festivali-cumartesi-aksami-duzenlenen-emir-can-igrek-konseriyle-sona-erdi\/#primaryimage"},"thumbnailUrl":"https:\/\/kuzeyinsesi.org\/wp-content\/uploads\/2024\/05\/emir-can.jpg","datePublished":"2024-05-20T15:30:53+00:00","author":{"@id":"https:\/\/kuzeyinsesi.org\/#\/schema\/person\/9f859689cdf01485597712386e37f5aa"},"breadcrumb":{"@id":"https:\/\/kuzeyinsesi.org\/index.php\/2024\/05\/20\/dau-26-bahar-festivali-cumartesi-aksami-duzenlenen-emir-can-igrek-konseriyle-sona-erdi\/#breadcrumb"},"inLanguage":"tr","potentialAction":[{"@type":"ReadAction","target":["https:\/\/kuzeyinsesi.org\/index.php\/2024\/05\/20\/dau-26-bahar-festivali-cumartesi-aksami-duzenlenen-emir-can-igrek-konseriyle-sona-erdi\/"]}]},{"@type":"ImageObject","inLanguage":"tr","@id":"https:\/\/kuzeyinsesi.org\/index.php\/2024\/05\/20\/dau-26-bahar-festivali-cumartesi-aksami-duzenlenen-emir-can-igrek-konseriyle-sona-erdi\/#primaryimage","url":"https:\/\/kuzeyinsesi.org\/wp-content\/uploads\/2024\/05\/emir-can.jpg","contentUrl":"https:\/\/kuzeyinsesi.org\/wp-content\/uploads\/2024\/05\/emir-can.jpg","width":1440,"height":957},{"@type":"BreadcrumbList","@id":"https:\/\/kuzeyinsesi.org\/index.php\/2024\/05\/20\/dau-26-bahar-festivali-cumartesi-aksami-duzenlenen-emir-can-igrek-konseriyle-sona-erdi\/#breadcrumb","itemListElement":[{"@type":"ListItem","position":1,"name":"Anasayfa","item":"https:\/\/kuzeyinsesi.org\/"},{"@type":"ListItem","position":2,"name":"DA\u00dc 26. Bahar Festivali Cumartesi ak\u015fam\u0131 d\u00fczenlenen Emir Can \u0130\u011frek konseriyle sona erdi"}]},{"@type":"WebSite","@id":"https:\/\/kuzeyinsesi.org\/#website","url":"https:\/\/kuzeyinsesi.org\/","name":"Kuzeyin Sesi","description":"Do\u011fru Haberin Adresi","potentialAction":[{"@type":"SearchAction","target":{"@type":"EntryPoint","urlTemplate":"https:\/\/kuzeyinsesi.org\/?s={search_term_string}"},"query-input":{"@type":"PropertyValueSpecification","valueRequired":true,"valueName":"search_term_string"}}],"inLanguage":"tr"},{"@type":"Person","@id":"https:\/\/kuzeyinsesi.org\/#\/schema\/person\/9f859689cdf01485597712386e37f5aa","name":"Kuzeyin Sesi","image":{"@type":"ImageObject","inLanguage":"tr","@id":"https:\/\/secure.gravatar.com\/avatar\/bab33852abfd8b282518d6ed81826833d77c3c882d9ab608add591ccace47a44?s=96&d=mm&r=g","url":"https:\/\/secure.gravatar.com\/avatar\/bab33852abfd8b282518d6ed81826833d77c3c882d9ab608add591ccace47a44?s=96&d=mm&r=g","contentUrl":"https:\/\/secure.gravatar.com\/avatar\/bab33852abfd8b282518d6ed81826833d77c3c882d9ab608add591ccace47a44?s=96&d=mm&r=g","caption":"Kuzeyin Sesi"},"sameAs":["https:\/\/kuzeyinsesi.org"],"url":"https:\/\/kuzeyinsesi.org\/index.php\/author\/guven\/"}]}},"_links":{"self":[{"href":"https:\/\/kuzeyinsesi.org\/index.php\/wp-json\/wp\/v2\/posts\/3009","targetHints":{"allow":["GET"]}}],"collection":[{"href":"https:\/\/kuzeyinsesi.org\/index.php\/wp-json\/wp\/v2\/posts"}],"about":[{"href":"https:\/\/kuzeyinsesi.org\/index.php\/wp-json\/wp\/v2\/types\/post"}],"author":[{"embeddable":true,"href":"https:\/\/kuzeyinsesi.org\/index.php\/wp-json\/wp\/v2\/users\/1"}],"replies":[{"embeddable":true,"href":"https:\/\/kuzeyinsesi.org\/index.php\/wp-json\/wp\/v2\/comments?post=3009"}],"version-history":[{"count":0,"href":"https:\/\/kuzeyinsesi.org\/index.php\/wp-json\/wp\/v2\/posts\/3009\/revisions"}],"wp:featuredmedia":[{"embeddable":true,"href":"https:\/\/kuzeyinsesi.org\/index.php\/wp-json\/wp\/v2\/media\/3010"}],"wp:attachment":[{"href":"https:\/\/kuzeyinsesi.org\/index.php\/wp-json\/wp\/v2\/media?parent=3009"}],"wp:term":[{"taxonomy":"category","embeddable":true,"href":"https:\/\/kuzeyinsesi.org\/index.php\/wp-json\/wp\/v2\/categories?post=3009"},{"taxonomy":"post_tag","embeddable":true,"href":"https:\/\/kuzeyinsesi.org\/index.php\/wp-json\/wp\/v2\/tags?post=3009"}],"curies":[{"name":"wp","href":"https:\/\/api.w.org\/{rel}","templated":true}]}}