{"id":30056,"date":"2025-08-07T14:13:46","date_gmt":"2025-08-07T11:13:46","guid":{"rendered":"https:\/\/kuzeyinsesi.org\/index.php\/2025\/08\/07\/haksen-baskani-ersangil-kararname-iptal-edilerek-bu-buyuk-hatadan-donulmeli\/"},"modified":"2025-08-07T14:13:46","modified_gmt":"2025-08-07T11:13:46","slug":"haksen-baskani-ersangil-kararname-iptal-edilerek-bu-buyuk-hatadan-donulmeli","status":"publish","type":"post","link":"https:\/\/kuzeyinsesi.org\/index.php\/2025\/08\/07\/haksen-baskani-ersangil-kararname-iptal-edilerek-bu-buyuk-hatadan-donulmeli\/","title":{"rendered":"HAKSEN Ba\u015fkan\u0131 Er\u015fangil: Kararname iptal edilerek, bu b\u00fcy\u00fck hatadan d\u00f6n\u00fclmeli"},"content":{"rendered":"<div>\n<div class=\"mariselle-image-container none\">\n                                            <\/div>\n<p style=\"font-weight: 300;\"><span style=\"font-weight: 300 !important;\">E\u015fit Hak ve Adalet Sendikas\u0131 (HAKSEN) Ba\u015fkan\u0131 Salih Er\u015fangil, yabanc\u0131 i\u015f\u00e7ilerle ilgili yasa g\u00fcc\u00fcnde kararnamenin iptal edilmesini talep ederek, \u201cBu b\u00fcy\u00fck hatadan d\u00f6n\u00fclmelidir\u201d dedi.<\/span><\/p>\n<p style=\"font-weight: 300;\"><span style=\"font-weight: 300 !important;\">Er\u015fangil yapt\u0131\u011f\u0131 yaz\u0131l\u0131 a\u00e7\u0131klamada, i\u015fverenin, \u00e7al\u0131\u015fan\u0131n bar\u0131nma ve g\u0131da ihtiyac\u0131n\u0131 kar\u015f\u0131lad\u0131\u011f\u0131 durumlarda, asgari \u00fccret \u00f6demesini y\u00fczde 40 oran\u0131nda daha az yapabilmesinin, hem k\u00fc\u00e7\u00fck esnaf, hem de yerli ve yabanc\u0131 \u00e7al\u0131\u015fanlar i\u00e7in b\u00fcy\u00fck s\u0131k\u0131nt\u0131lar do\u011furaca\u011f\u0131n\u0131 ileri s\u00fcrd\u00fc.\u00a0<\/span><\/p>\n<p style=\"font-weight: 300;\"><span style=\"font-weight: 300 !important;\">Asgari \u00fccretin y\u00fczde 40\u2019\u0131na tekab\u00fcl eden 17 bin T\u00fcrk Liras\u0131 ile bir ki\u015finin g\u0131da ve kira giderlerinin kar\u015f\u0131lanamayaca\u011f\u0131n\u0131 ifade eden Er\u015fangil, yeni d\u00fczenlemenin k\u00fc\u00e7\u00fck esnaf\u0131n sonunu getirece\u011fini de savundu.<\/span><\/p>\n<p style=\"font-weight: 300;\"><span style=\"font-weight: 300 !important;\">B\u00fcy\u00fck sermayenin \u00e7al\u0131\u015fanlar\u0131 hangi ko\u015fullarda ikamet ettirip, nas\u0131l ya\u015fam olana\u011f\u0131 sundu\u011funun bug\u00fcn bile denetlenemedi\u011fini \u00f6ne s\u00fcren Er\u015fangil, yeni uygulaman\u0131n, kalabal\u0131k ve k\u00f6t\u00fc ko\u015fullarda ikamet eden emek\u00e7ilerin say\u0131s\u0131n\u0131 art\u0131raca\u011f\u0131n\u0131 iddia etti.<\/span><\/p>\n<p style=\"font-weight: 300;\"><span style=\"font-weight: 300 !important;\">Asgari \u00fccretin, bir insan\u0131n a\u00e7l\u0131ktan \u00f6lmemesi i\u00e7in ancak yeterli oldu\u011funu belirten Er\u015fangil, daha da yoksulla\u015ft\u0131r\u0131lacak kitlelerle, su\u00e7 oran\u0131n\u0131n artaca\u011f\u0131 uyar\u0131s\u0131nda bulundu.<\/span><\/p>\n<p style=\"font-weight: 300;\"><span style=\"font-weight: 300 !important;\">Yabanc\u0131 uyruklu i\u015f\u00e7i \u00e7al\u0131\u015ft\u0131rman\u0131n \u00e7ok daha ucuz hale gelmesi nedeniyle ilgili sekt\u00f6rlerde bulunan az say\u0131da yerli i\u015f\u00e7inin de, binlerce K\u0131br\u0131sl\u0131 T\u00fcrk gibi G\u00fcney K\u0131br\u0131s\u2019ta \u00e7al\u0131\u015fmaya mahkum edilece\u011fini savunan Er\u015fangil, \u00fccretlerin d\u00fc\u015fmesinin t\u00fcm \u00f6zel sekt\u00f6r\u00fc etkileyece\u011fini, bunun kamudaki \u00fccretlere de yans\u0131mas\u0131n\u0131n ka\u00e7\u0131n\u0131lmaz oldu\u011funu kaydetti.<\/span><\/p>\n<p style=\"font-weight: 300;\"><span style=\"font-weight: 300 !important;\">Er\u015fangil, \u201cT\u00fcm halk\u0131m\u0131z\u0131n olumsuz \u015fekilde etkilenece\u011fi bu uygulamaya kar\u015f\u0131 toplumsal bir tepki ve direni\u015f g\u00f6sterilmesi elzemdir\u201d dedi.<\/span><\/p>\n<\/p><\/div>\n<p><script async\n                    defer\n                    crossorigin=\"anonymous\"\n                    src=\"https:\/\/connect.facebook.net\/tr_TR\/sdk.js#xfbml=1&#038;version=v3.3\"\n            ><\/script><\/p>\n","protected":false},"excerpt":{"rendered":"<p>E\u015fit Hak ve Adalet Sendikas\u0131 (HAKSEN) Ba\u015fkan\u0131 Salih Er\u015fangil, yabanc\u0131 i\u015f\u00e7ilerle ilgili yasa g\u00fcc\u00fcnde kararnamenin iptal edilmesini talep ederek, \u201cBu b\u00fcy\u00fck hatadan d\u00f6n\u00fclmelidir\u201d dedi. Er\u015fangil yapt\u0131\u011f\u0131 yaz\u0131l\u0131 a\u00e7\u0131klamada, i\u015fverenin, \u00e7al\u0131\u015fan\u0131n bar\u0131nma ve g\u0131da ihtiyac\u0131n\u0131 kar\u015f\u0131lad\u0131\u011f\u0131 durumlarda, asgari \u00fccret \u00f6demesini y\u00fczde 40 oran\u0131nda daha az yapabilmesinin, hem k\u00fc\u00e7\u00fck esnaf, hem de yerli ve yabanc\u0131 \u00e7al\u0131\u015fanlar i\u00e7in [&hellip;]<\/p>\n","protected":false},"author":1,"featured_media":30057,"comment_status":"open","ping_status":"open","sticky":false,"template":"","format":"standard","meta":{"jnews-multi-image_gallery":[],"jnews_single_post":[],"jnews_primary_category":[],"jnews_social_meta":[],"jnews_override_counter":[],"footnotes":""},"categories":[1],"tags":[],"class_list":["post-30056","post","type-post","status-publish","format-standard","has-post-thumbnail","hentry","category-kibris"],"yoast_head":"<!-- This site is optimized with the Yoast SEO plugin v27.5 - https:\/\/yoast.com\/product\/yoast-seo-wordpress\/ -->\n<title>HAKSEN Ba\u015fkan\u0131 Er\u015fangil: Kararname iptal edilerek, bu b\u00fcy\u00fck hatadan d\u00f6n\u00fclmeli - Kuzeyin Sesi<\/title>\n<meta name=\"robots\" content=\"index, follow, max-snippet:-1, max-image-preview:large, max-video-preview:-1\" \/>\n<link rel=\"canonical\" href=\"https:\/\/kuzeyinsesi.org\/index.php\/2025\/08\/07\/haksen-baskani-ersangil-kararname-iptal-edilerek-bu-buyuk-hatadan-donulmeli\/\" \/>\n<meta property=\"og:locale\" content=\"tr_TR\" \/>\n<meta property=\"og:type\" content=\"article\" \/>\n<meta property=\"og:title\" content=\"HAKSEN Ba\u015fkan\u0131 Er\u015fangil: Kararname iptal edilerek, bu b\u00fcy\u00fck hatadan d\u00f6n\u00fclmeli - Kuzeyin Sesi\" \/>\n<meta property=\"og:description\" content=\"E\u015fit Hak ve Adalet Sendikas\u0131 (HAKSEN) Ba\u015fkan\u0131 Salih Er\u015fangil, yabanc\u0131 i\u015f\u00e7ilerle ilgili yasa g\u00fcc\u00fcnde kararnamenin iptal edilmesini talep ederek, \u201cBu b\u00fcy\u00fck hatadan d\u00f6n\u00fclmelidir\u201d dedi. Er\u015fangil yapt\u0131\u011f\u0131 yaz\u0131l\u0131 a\u00e7\u0131klamada, i\u015fverenin, \u00e7al\u0131\u015fan\u0131n bar\u0131nma ve g\u0131da ihtiyac\u0131n\u0131 kar\u015f\u0131lad\u0131\u011f\u0131 durumlarda, asgari \u00fccret \u00f6demesini y\u00fczde 40 oran\u0131nda daha az yapabilmesinin, hem k\u00fc\u00e7\u00fck esnaf, hem de yerli ve yabanc\u0131 \u00e7al\u0131\u015fanlar i\u00e7in [&hellip;]\" \/>\n<meta property=\"og:url\" content=\"https:\/\/kuzeyinsesi.org\/index.php\/2025\/08\/07\/haksen-baskani-ersangil-kararname-iptal-edilerek-bu-buyuk-hatadan-donulmeli\/\" \/>\n<meta property=\"og:site_name\" content=\"Kuzeyin Sesi\" \/>\n<meta property=\"article:publisher\" content=\"https:\/\/www.facebook.com\/kuzeyinsesii\" \/>\n<meta property=\"article:published_time\" content=\"2025-08-07T11:13:46+00:00\" \/>\n<meta property=\"og:image\" content=\"https:\/\/brtk.net\/wp-content\/uploads\/2025\/08\/07\/salih-ersangil.jpg?ver=48e78353ebca9e34e9c864c9fdfab648\" \/>\n<meta name=\"author\" content=\"Kuzeyin Sesi\" \/>\n<meta name=\"twitter:card\" content=\"summary_large_image\" \/>\n<meta name=\"twitter:creator\" content=\"@kuzeyinsesii\" \/>\n<meta name=\"twitter:site\" content=\"@kuzeyinsesii\" \/>\n<meta name=\"twitter:label1\" content=\"Yazan:\" \/>\n\t<meta name=\"twitter:data1\" content=\"Kuzeyin Sesi\" \/>\n\t<meta name=\"twitter:label2\" content=\"Tahmini okuma s\u00fcresi\" \/>\n\t<meta name=\"twitter:data2\" content=\"2 dakika\" \/>\n<script type=\"application\/ld+json\" class=\"yoast-schema-graph\">{\"@context\":\"https:\\\/\\\/schema.org\",\"@graph\":[{\"@type\":\"Article\",\"@id\":\"https:\\\/\\\/kuzeyinsesi.org\\\/index.php\\\/2025\\\/08\\\/07\\\/haksen-baskani-ersangil-kararname-iptal-edilerek-bu-buyuk-hatadan-donulmeli\\\/#article\",\"isPartOf\":{\"@id\":\"https:\\\/\\\/kuzeyinsesi.org\\\/index.php\\\/2025\\\/08\\\/07\\\/haksen-baskani-ersangil-kararname-iptal-edilerek-bu-buyuk-hatadan-donulmeli\\\/\"},\"author\":{\"name\":\"Kuzeyin Sesi\",\"@id\":\"https:\\\/\\\/kuzeyinsesi.org\\\/#\\\/schema\\\/person\\\/9f859689cdf01485597712386e37f5aa\"},\"headline\":\"HAKSEN Ba\u015fkan\u0131 Er\u015fangil: Kararname iptal edilerek, bu b\u00fcy\u00fck hatadan d\u00f6n\u00fclmeli\",\"datePublished\":\"2025-08-07T11:13:46+00:00\",\"mainEntityOfPage\":{\"@id\":\"https:\\\/\\\/kuzeyinsesi.org\\\/index.php\\\/2025\\\/08\\\/07\\\/haksen-baskani-ersangil-kararname-iptal-edilerek-bu-buyuk-hatadan-donulmeli\\\/\"},\"wordCount\":326,\"commentCount\":0,\"image\":{\"@id\":\"https:\\\/\\\/kuzeyinsesi.org\\\/index.php\\\/2025\\\/08\\\/07\\\/haksen-baskani-ersangil-kararname-iptal-edilerek-bu-buyuk-hatadan-donulmeli\\\/#primaryimage\"},\"thumbnailUrl\":\"https:\\\/\\\/kuzeyinsesi.org\\\/wp-content\\\/uploads\\\/2025\\\/08\\\/salih-ersangil.jpg\",\"articleSection\":[\"K\u0131br\u0131s\"],\"inLanguage\":\"tr\",\"potentialAction\":[{\"@type\":\"CommentAction\",\"name\":\"Comment\",\"target\":[\"https:\\\/\\\/kuzeyinsesi.org\\\/index.php\\\/2025\\\/08\\\/07\\\/haksen-baskani-ersangil-kararname-iptal-edilerek-bu-buyuk-hatadan-donulmeli\\\/#respond\"]}]},{\"@type\":\"WebPage\",\"@id\":\"https:\\\/\\\/kuzeyinsesi.org\\\/index.php\\\/2025\\\/08\\\/07\\\/haksen-baskani-ersangil-kararname-iptal-edilerek-bu-buyuk-hatadan-donulmeli\\\/\",\"url\":\"https:\\\/\\\/kuzeyinsesi.org\\\/index.php\\\/2025\\\/08\\\/07\\\/haksen-baskani-ersangil-kararname-iptal-edilerek-bu-buyuk-hatadan-donulmeli\\\/\",\"name\":\"HAKSEN Ba\u015fkan\u0131 Er\u015fangil: Kararname iptal edilerek, bu b\u00fcy\u00fck hatadan d\u00f6n\u00fclmeli - Kuzeyin Sesi\",\"isPartOf\":{\"@id\":\"https:\\\/\\\/kuzeyinsesi.org\\\/#website\"},\"primaryImageOfPage\":{\"@id\":\"https:\\\/\\\/kuzeyinsesi.org\\\/index.php\\\/2025\\\/08\\\/07\\\/haksen-baskani-ersangil-kararname-iptal-edilerek-bu-buyuk-hatadan-donulmeli\\\/#primaryimage\"},\"image\":{\"@id\":\"https:\\\/\\\/kuzeyinsesi.org\\\/index.php\\\/2025\\\/08\\\/07\\\/haksen-baskani-ersangil-kararname-iptal-edilerek-bu-buyuk-hatadan-donulmeli\\\/#primaryimage\"},\"thumbnailUrl\":\"https:\\\/\\\/kuzeyinsesi.org\\\/wp-content\\\/uploads\\\/2025\\\/08\\\/salih-ersangil.jpg\",\"datePublished\":\"2025-08-07T11:13:46+00:00\",\"author\":{\"@id\":\"https:\\\/\\\/kuzeyinsesi.org\\\/#\\\/schema\\\/person\\\/9f859689cdf01485597712386e37f5aa\"},\"breadcrumb\":{\"@id\":\"https:\\\/\\\/kuzeyinsesi.org\\\/index.php\\\/2025\\\/08\\\/07\\\/haksen-baskani-ersangil-kararname-iptal-edilerek-bu-buyuk-hatadan-donulmeli\\\/#breadcrumb\"},\"inLanguage\":\"tr\",\"potentialAction\":[{\"@type\":\"ReadAction\",\"target\":[\"https:\\\/\\\/kuzeyinsesi.org\\\/index.php\\\/2025\\\/08\\\/07\\\/haksen-baskani-ersangil-kararname-iptal-edilerek-bu-buyuk-hatadan-donulmeli\\\/\"]}]},{\"@type\":\"ImageObject\",\"inLanguage\":\"tr\",\"@id\":\"https:\\\/\\\/kuzeyinsesi.org\\\/index.php\\\/2025\\\/08\\\/07\\\/haksen-baskani-ersangil-kararname-iptal-edilerek-bu-buyuk-hatadan-donulmeli\\\/#primaryimage\",\"url\":\"https:\\\/\\\/kuzeyinsesi.org\\\/wp-content\\\/uploads\\\/2025\\\/08\\\/salih-ersangil.jpg\",\"contentUrl\":\"https:\\\/\\\/kuzeyinsesi.org\\\/wp-content\\\/uploads\\\/2025\\\/08\\\/salih-ersangil.jpg\",\"width\":930,\"height\":417},{\"@type\":\"BreadcrumbList\",\"@id\":\"https:\\\/\\\/kuzeyinsesi.org\\\/index.php\\\/2025\\\/08\\\/07\\\/haksen-baskani-ersangil-kararname-iptal-edilerek-bu-buyuk-hatadan-donulmeli\\\/#breadcrumb\",\"itemListElement\":[{\"@type\":\"ListItem\",\"position\":1,\"name\":\"Anasayfa\",\"item\":\"https:\\\/\\\/kuzeyinsesi.org\\\/\"},{\"@type\":\"ListItem\",\"position\":2,\"name\":\"HAKSEN Ba\u015fkan\u0131 Er\u015fangil: Kararname iptal edilerek, bu b\u00fcy\u00fck hatadan d\u00f6n\u00fclmeli\"}]},{\"@type\":\"WebSite\",\"@id\":\"https:\\\/\\\/kuzeyinsesi.org\\\/#website\",\"url\":\"https:\\\/\\\/kuzeyinsesi.org\\\/\",\"name\":\"Kuzeyin Sesi\",\"description\":\"Do\u011fru Haberin Adresi\",\"potentialAction\":[{\"@type\":\"SearchAction\",\"target\":{\"@type\":\"EntryPoint\",\"urlTemplate\":\"https:\\\/\\\/kuzeyinsesi.org\\\/?s={search_term_string}\"},\"query-input\":{\"@type\":\"PropertyValueSpecification\",\"valueRequired\":true,\"valueName\":\"search_term_string\"}}],\"inLanguage\":\"tr\"},{\"@type\":\"Person\",\"@id\":\"https:\\\/\\\/kuzeyinsesi.org\\\/#\\\/schema\\\/person\\\/9f859689cdf01485597712386e37f5aa\",\"name\":\"Kuzeyin Sesi\",\"image\":{\"@type\":\"ImageObject\",\"inLanguage\":\"tr\",\"@id\":\"https:\\\/\\\/secure.gravatar.com\\\/avatar\\\/bab33852abfd8b282518d6ed81826833d77c3c882d9ab608add591ccace47a44?s=96&d=mm&r=g\",\"url\":\"https:\\\/\\\/secure.gravatar.com\\\/avatar\\\/bab33852abfd8b282518d6ed81826833d77c3c882d9ab608add591ccace47a44?s=96&d=mm&r=g\",\"contentUrl\":\"https:\\\/\\\/secure.gravatar.com\\\/avatar\\\/bab33852abfd8b282518d6ed81826833d77c3c882d9ab608add591ccace47a44?s=96&d=mm&r=g\",\"caption\":\"Kuzeyin Sesi\"},\"sameAs\":[\"https:\\\/\\\/kuzeyinsesi.org\"],\"url\":\"https:\\\/\\\/kuzeyinsesi.org\\\/index.php\\\/author\\\/guven\\\/\"}]}<\/script>\n<!-- \/ Yoast SEO plugin. -->","yoast_head_json":{"title":"HAKSEN Ba\u015fkan\u0131 Er\u015fangil: Kararname iptal edilerek, bu b\u00fcy\u00fck hatadan d\u00f6n\u00fclmeli - Kuzeyin Sesi","robots":{"index":"index","follow":"follow","max-snippet":"max-snippet:-1","max-image-preview":"max-image-preview:large","max-video-preview":"max-video-preview:-1"},"canonical":"https:\/\/kuzeyinsesi.org\/index.php\/2025\/08\/07\/haksen-baskani-ersangil-kararname-iptal-edilerek-bu-buyuk-hatadan-donulmeli\/","og_locale":"tr_TR","og_type":"article","og_title":"HAKSEN Ba\u015fkan\u0131 Er\u015fangil: Kararname iptal edilerek, bu b\u00fcy\u00fck hatadan d\u00f6n\u00fclmeli - Kuzeyin Sesi","og_description":"E\u015fit Hak ve Adalet Sendikas\u0131 (HAKSEN) Ba\u015fkan\u0131 Salih Er\u015fangil, yabanc\u0131 i\u015f\u00e7ilerle ilgili yasa g\u00fcc\u00fcnde kararnamenin iptal edilmesini talep ederek, \u201cBu b\u00fcy\u00fck hatadan d\u00f6n\u00fclmelidir\u201d dedi. Er\u015fangil yapt\u0131\u011f\u0131 yaz\u0131l\u0131 a\u00e7\u0131klamada, i\u015fverenin, \u00e7al\u0131\u015fan\u0131n bar\u0131nma ve g\u0131da ihtiyac\u0131n\u0131 kar\u015f\u0131lad\u0131\u011f\u0131 durumlarda, asgari \u00fccret \u00f6demesini y\u00fczde 40 oran\u0131nda daha az yapabilmesinin, hem k\u00fc\u00e7\u00fck esnaf, hem de yerli ve yabanc\u0131 \u00e7al\u0131\u015fanlar i\u00e7in [&hellip;]","og_url":"https:\/\/kuzeyinsesi.org\/index.php\/2025\/08\/07\/haksen-baskani-ersangil-kararname-iptal-edilerek-bu-buyuk-hatadan-donulmeli\/","og_site_name":"Kuzeyin Sesi","article_publisher":"https:\/\/www.facebook.com\/kuzeyinsesii","article_published_time":"2025-08-07T11:13:46+00:00","og_image":[{"url":"https:\/\/brtk.net\/wp-content\/uploads\/2025\/08\/07\/salih-ersangil.jpg?ver=48e78353ebca9e34e9c864c9fdfab648","type":"","width":"","height":""}],"author":"Kuzeyin Sesi","twitter_card":"summary_large_image","twitter_creator":"@kuzeyinsesii","twitter_site":"@kuzeyinsesii","twitter_misc":{"Yazan:":"Kuzeyin Sesi","Tahmini okuma s\u00fcresi":"2 dakika"},"schema":{"@context":"https:\/\/schema.org","@graph":[{"@type":"Article","@id":"https:\/\/kuzeyinsesi.org\/index.php\/2025\/08\/07\/haksen-baskani-ersangil-kararname-iptal-edilerek-bu-buyuk-hatadan-donulmeli\/#article","isPartOf":{"@id":"https:\/\/kuzeyinsesi.org\/index.php\/2025\/08\/07\/haksen-baskani-ersangil-kararname-iptal-edilerek-bu-buyuk-hatadan-donulmeli\/"},"author":{"name":"Kuzeyin Sesi","@id":"https:\/\/kuzeyinsesi.org\/#\/schema\/person\/9f859689cdf01485597712386e37f5aa"},"headline":"HAKSEN Ba\u015fkan\u0131 Er\u015fangil: Kararname iptal edilerek, bu b\u00fcy\u00fck hatadan d\u00f6n\u00fclmeli","datePublished":"2025-08-07T11:13:46+00:00","mainEntityOfPage":{"@id":"https:\/\/kuzeyinsesi.org\/index.php\/2025\/08\/07\/haksen-baskani-ersangil-kararname-iptal-edilerek-bu-buyuk-hatadan-donulmeli\/"},"wordCount":326,"commentCount":0,"image":{"@id":"https:\/\/kuzeyinsesi.org\/index.php\/2025\/08\/07\/haksen-baskani-ersangil-kararname-iptal-edilerek-bu-buyuk-hatadan-donulmeli\/#primaryimage"},"thumbnailUrl":"https:\/\/kuzeyinsesi.org\/wp-content\/uploads\/2025\/08\/salih-ersangil.jpg","articleSection":["K\u0131br\u0131s"],"inLanguage":"tr","potentialAction":[{"@type":"CommentAction","name":"Comment","target":["https:\/\/kuzeyinsesi.org\/index.php\/2025\/08\/07\/haksen-baskani-ersangil-kararname-iptal-edilerek-bu-buyuk-hatadan-donulmeli\/#respond"]}]},{"@type":"WebPage","@id":"https:\/\/kuzeyinsesi.org\/index.php\/2025\/08\/07\/haksen-baskani-ersangil-kararname-iptal-edilerek-bu-buyuk-hatadan-donulmeli\/","url":"https:\/\/kuzeyinsesi.org\/index.php\/2025\/08\/07\/haksen-baskani-ersangil-kararname-iptal-edilerek-bu-buyuk-hatadan-donulmeli\/","name":"HAKSEN Ba\u015fkan\u0131 Er\u015fangil: Kararname iptal edilerek, bu b\u00fcy\u00fck hatadan d\u00f6n\u00fclmeli - Kuzeyin Sesi","isPartOf":{"@id":"https:\/\/kuzeyinsesi.org\/#website"},"primaryImageOfPage":{"@id":"https:\/\/kuzeyinsesi.org\/index.php\/2025\/08\/07\/haksen-baskani-ersangil-kararname-iptal-edilerek-bu-buyuk-hatadan-donulmeli\/#primaryimage"},"image":{"@id":"https:\/\/kuzeyinsesi.org\/index.php\/2025\/08\/07\/haksen-baskani-ersangil-kararname-iptal-edilerek-bu-buyuk-hatadan-donulmeli\/#primaryimage"},"thumbnailUrl":"https:\/\/kuzeyinsesi.org\/wp-content\/uploads\/2025\/08\/salih-ersangil.jpg","datePublished":"2025-08-07T11:13:46+00:00","author":{"@id":"https:\/\/kuzeyinsesi.org\/#\/schema\/person\/9f859689cdf01485597712386e37f5aa"},"breadcrumb":{"@id":"https:\/\/kuzeyinsesi.org\/index.php\/2025\/08\/07\/haksen-baskani-ersangil-kararname-iptal-edilerek-bu-buyuk-hatadan-donulmeli\/#breadcrumb"},"inLanguage":"tr","potentialAction":[{"@type":"ReadAction","target":["https:\/\/kuzeyinsesi.org\/index.php\/2025\/08\/07\/haksen-baskani-ersangil-kararname-iptal-edilerek-bu-buyuk-hatadan-donulmeli\/"]}]},{"@type":"ImageObject","inLanguage":"tr","@id":"https:\/\/kuzeyinsesi.org\/index.php\/2025\/08\/07\/haksen-baskani-ersangil-kararname-iptal-edilerek-bu-buyuk-hatadan-donulmeli\/#primaryimage","url":"https:\/\/kuzeyinsesi.org\/wp-content\/uploads\/2025\/08\/salih-ersangil.jpg","contentUrl":"https:\/\/kuzeyinsesi.org\/wp-content\/uploads\/2025\/08\/salih-ersangil.jpg","width":930,"height":417},{"@type":"BreadcrumbList","@id":"https:\/\/kuzeyinsesi.org\/index.php\/2025\/08\/07\/haksen-baskani-ersangil-kararname-iptal-edilerek-bu-buyuk-hatadan-donulmeli\/#breadcrumb","itemListElement":[{"@type":"ListItem","position":1,"name":"Anasayfa","item":"https:\/\/kuzeyinsesi.org\/"},{"@type":"ListItem","position":2,"name":"HAKSEN Ba\u015fkan\u0131 Er\u015fangil: Kararname iptal edilerek, bu b\u00fcy\u00fck hatadan d\u00f6n\u00fclmeli"}]},{"@type":"WebSite","@id":"https:\/\/kuzeyinsesi.org\/#website","url":"https:\/\/kuzeyinsesi.org\/","name":"Kuzeyin Sesi","description":"Do\u011fru Haberin Adresi","potentialAction":[{"@type":"SearchAction","target":{"@type":"EntryPoint","urlTemplate":"https:\/\/kuzeyinsesi.org\/?s={search_term_string}"},"query-input":{"@type":"PropertyValueSpecification","valueRequired":true,"valueName":"search_term_string"}}],"inLanguage":"tr"},{"@type":"Person","@id":"https:\/\/kuzeyinsesi.org\/#\/schema\/person\/9f859689cdf01485597712386e37f5aa","name":"Kuzeyin Sesi","image":{"@type":"ImageObject","inLanguage":"tr","@id":"https:\/\/secure.gravatar.com\/avatar\/bab33852abfd8b282518d6ed81826833d77c3c882d9ab608add591ccace47a44?s=96&d=mm&r=g","url":"https:\/\/secure.gravatar.com\/avatar\/bab33852abfd8b282518d6ed81826833d77c3c882d9ab608add591ccace47a44?s=96&d=mm&r=g","contentUrl":"https:\/\/secure.gravatar.com\/avatar\/bab33852abfd8b282518d6ed81826833d77c3c882d9ab608add591ccace47a44?s=96&d=mm&r=g","caption":"Kuzeyin Sesi"},"sameAs":["https:\/\/kuzeyinsesi.org"],"url":"https:\/\/kuzeyinsesi.org\/index.php\/author\/guven\/"}]}},"_links":{"self":[{"href":"https:\/\/kuzeyinsesi.org\/index.php\/wp-json\/wp\/v2\/posts\/30056","targetHints":{"allow":["GET"]}}],"collection":[{"href":"https:\/\/kuzeyinsesi.org\/index.php\/wp-json\/wp\/v2\/posts"}],"about":[{"href":"https:\/\/kuzeyinsesi.org\/index.php\/wp-json\/wp\/v2\/types\/post"}],"author":[{"embeddable":true,"href":"https:\/\/kuzeyinsesi.org\/index.php\/wp-json\/wp\/v2\/users\/1"}],"replies":[{"embeddable":true,"href":"https:\/\/kuzeyinsesi.org\/index.php\/wp-json\/wp\/v2\/comments?post=30056"}],"version-history":[{"count":0,"href":"https:\/\/kuzeyinsesi.org\/index.php\/wp-json\/wp\/v2\/posts\/30056\/revisions"}],"wp:featuredmedia":[{"embeddable":true,"href":"https:\/\/kuzeyinsesi.org\/index.php\/wp-json\/wp\/v2\/media\/30057"}],"wp:attachment":[{"href":"https:\/\/kuzeyinsesi.org\/index.php\/wp-json\/wp\/v2\/media?parent=30056"}],"wp:term":[{"taxonomy":"category","embeddable":true,"href":"https:\/\/kuzeyinsesi.org\/index.php\/wp-json\/wp\/v2\/categories?post=30056"},{"taxonomy":"post_tag","embeddable":true,"href":"https:\/\/kuzeyinsesi.org\/index.php\/wp-json\/wp\/v2\/tags?post=30056"}],"curies":[{"name":"wp","href":"https:\/\/api.w.org\/{rel}","templated":true}]}}