{"id":30016,"date":"2025-08-06T17:54:18","date_gmt":"2025-08-06T14:54:18","guid":{"rendered":"https:\/\/kuzeyinsesi.org\/index.php\/2025\/08\/06\/ltb-akustik-sahne-konserleri-cagil-ve-dervis-isguzar-ile-basladi\/"},"modified":"2025-08-06T17:54:18","modified_gmt":"2025-08-06T14:54:18","slug":"ltb-akustik-sahne-konserleri-cagil-ve-dervis-isguzar-ile-basladi","status":"publish","type":"post","link":"https:\/\/kuzeyinsesi.org\/index.php\/2025\/08\/06\/ltb-akustik-sahne-konserleri-cagil-ve-dervis-isguzar-ile-basladi\/","title":{"rendered":"LTB Akustik Sahne Konserleri \u00c7a\u011f\u0131l ve Dervi\u015f \u0130\u015fg\u00fczar ile ba\u015flad\u0131"},"content":{"rendered":"<div>\n<div class=\"mariselle-image-container center\">\n                                            <\/div>\n<p>Lefko\u015fa T\u00fcrk Belediyesi\u2019nin yaz etkinlikleri kapsam\u0131nda d\u00fczenledi\u011fi LTB Akustik Sahne konserleri, Dervi\u015f ve \u00c7a\u011f\u0131l \u0130\u015fg\u00fczar performans\u0131yla ba\u015flad\u0131.<\/p>\n<p>LTB\u2019den yap\u0131lan a\u00e7\u0131klamaya g\u00f6re, \u015fehrin tarihi ve k\u00fclt\u00fcrel miras\u0131n\u0131 ya\u015fatan B\u00fcy\u00fck Han arkas\u0131ndaki Lefkeliler Han\u0131\u2019nda yer alan konseri, m\u00fczikseverlerle birlikte LTB Ba\u015fkan\u0131 Mehmet Harmanc\u0131 da izledi.<\/p>\n<p>LTB Akustik Sahne konserleri A\u011fustos ay\u0131 boyunca her sal\u0131 20.00\u201322.00 saatleri aras\u0131nda Lefkeliler Han\u0131\u2019nda devam edecek.<\/p>\n<p>A\u00e7\u0131klamada, 12 A\u011fustos\u2019ta Grup Reva, 19 A\u011fustos\u2019ta Aysu Mi\u015fon, 26 A\u011fustos\u2019ta da LBO Latin Duo\u2019nun sahne alaca\u011f\u0131 kaydedildi.<\/p>\n<\/p><\/div>\n<p><script async\n                    defer\n                    crossorigin=\"anonymous\"\n                    src=\"https:\/\/connect.facebook.net\/tr_TR\/sdk.js#xfbml=1&#038;version=v3.3\"\n            ><\/script><\/p>\n","protected":false},"excerpt":{"rendered":"<p>Lefko\u015fa T\u00fcrk Belediyesi\u2019nin yaz etkinlikleri kapsam\u0131nda d\u00fczenledi\u011fi LTB Akustik Sahne konserleri, Dervi\u015f ve \u00c7a\u011f\u0131l \u0130\u015fg\u00fczar performans\u0131yla ba\u015flad\u0131. LTB\u2019den yap\u0131lan a\u00e7\u0131klamaya g\u00f6re, \u015fehrin tarihi ve k\u00fclt\u00fcrel miras\u0131n\u0131 ya\u015fatan B\u00fcy\u00fck Han arkas\u0131ndaki Lefkeliler Han\u0131\u2019nda yer alan konseri, m\u00fczikseverlerle birlikte LTB Ba\u015fkan\u0131 Mehmet Harmanc\u0131 da izledi. LTB Akustik Sahne konserleri A\u011fustos ay\u0131 boyunca her sal\u0131 20.00\u201322.00 saatleri aras\u0131nda [&hellip;]<\/p>\n","protected":false},"author":1,"featured_media":30017,"comment_status":"open","ping_status":"open","sticky":false,"template":"","format":"standard","meta":{"jnews-multi-image_gallery":[],"jnews_single_post":[],"jnews_primary_category":[],"jnews_social_meta":[],"jnews_override_counter":[],"footnotes":""},"categories":[6],"tags":[],"class_list":["post-30016","post","type-post","status-publish","format-standard","has-post-thumbnail","hentry","category-yasam"],"yoast_head":"<!-- This site is optimized with the Yoast SEO plugin v27.5 - https:\/\/yoast.com\/product\/yoast-seo-wordpress\/ -->\n<title>LTB Akustik Sahne Konserleri \u00c7a\u011f\u0131l ve Dervi\u015f \u0130\u015fg\u00fczar ile ba\u015flad\u0131 - Kuzeyin Sesi<\/title>\n<meta name=\"robots\" content=\"index, follow, max-snippet:-1, max-image-preview:large, max-video-preview:-1\" \/>\n<link rel=\"canonical\" href=\"https:\/\/kuzeyinsesi.org\/index.php\/2025\/08\/06\/ltb-akustik-sahne-konserleri-cagil-ve-dervis-isguzar-ile-basladi\/\" \/>\n<meta property=\"og:locale\" content=\"tr_TR\" \/>\n<meta property=\"og:type\" content=\"article\" \/>\n<meta property=\"og:title\" content=\"LTB Akustik Sahne Konserleri \u00c7a\u011f\u0131l ve Dervi\u015f \u0130\u015fg\u00fczar ile ba\u015flad\u0131 - Kuzeyin Sesi\" \/>\n<meta property=\"og:description\" content=\"Lefko\u015fa T\u00fcrk Belediyesi\u2019nin yaz etkinlikleri kapsam\u0131nda d\u00fczenledi\u011fi LTB Akustik Sahne konserleri, Dervi\u015f ve \u00c7a\u011f\u0131l \u0130\u015fg\u00fczar performans\u0131yla ba\u015flad\u0131. LTB\u2019den yap\u0131lan a\u00e7\u0131klamaya g\u00f6re, \u015fehrin tarihi ve k\u00fclt\u00fcrel miras\u0131n\u0131 ya\u015fatan B\u00fcy\u00fck Han arkas\u0131ndaki Lefkeliler Han\u0131\u2019nda yer alan konseri, m\u00fczikseverlerle birlikte LTB Ba\u015fkan\u0131 Mehmet Harmanc\u0131 da izledi. LTB Akustik Sahne konserleri A\u011fustos ay\u0131 boyunca her sal\u0131 20.00\u201322.00 saatleri aras\u0131nda [&hellip;]\" \/>\n<meta property=\"og:url\" content=\"https:\/\/kuzeyinsesi.org\/index.php\/2025\/08\/06\/ltb-akustik-sahne-konserleri-cagil-ve-dervis-isguzar-ile-basladi\/\" \/>\n<meta property=\"og:site_name\" content=\"Kuzeyin Sesi\" \/>\n<meta property=\"article:publisher\" content=\"https:\/\/www.facebook.com\/kuzeyinsesii\" \/>\n<meta property=\"article:published_time\" content=\"2025-08-06T14:54:18+00:00\" \/>\n<meta property=\"og:image\" content=\"https:\/\/brtk.net\/wp-content\/uploads\/2025\/08\/06\/foto-1-3.jpeg?ver=20cba4b2dce441653a28c633c45737e6\" \/>\n<meta name=\"author\" content=\"Kuzeyin Sesi\" \/>\n<meta name=\"twitter:card\" content=\"summary_large_image\" \/>\n<meta name=\"twitter:creator\" content=\"@kuzeyinsesii\" \/>\n<meta name=\"twitter:site\" content=\"@kuzeyinsesii\" \/>\n<meta name=\"twitter:label1\" content=\"Yazan:\" \/>\n\t<meta name=\"twitter:data1\" content=\"Kuzeyin Sesi\" \/>\n\t<meta name=\"twitter:label2\" content=\"Tahmini okuma s\u00fcresi\" \/>\n\t<meta name=\"twitter:data2\" content=\"1 dakika\" \/>\n<script type=\"application\/ld+json\" class=\"yoast-schema-graph\">{\"@context\":\"https:\\\/\\\/schema.org\",\"@graph\":[{\"@type\":\"Article\",\"@id\":\"https:\\\/\\\/kuzeyinsesi.org\\\/index.php\\\/2025\\\/08\\\/06\\\/ltb-akustik-sahne-konserleri-cagil-ve-dervis-isguzar-ile-basladi\\\/#article\",\"isPartOf\":{\"@id\":\"https:\\\/\\\/kuzeyinsesi.org\\\/index.php\\\/2025\\\/08\\\/06\\\/ltb-akustik-sahne-konserleri-cagil-ve-dervis-isguzar-ile-basladi\\\/\"},\"author\":{\"name\":\"Kuzeyin Sesi\",\"@id\":\"https:\\\/\\\/kuzeyinsesi.org\\\/#\\\/schema\\\/person\\\/9f859689cdf01485597712386e37f5aa\"},\"headline\":\"LTB Akustik Sahne Konserleri \u00c7a\u011f\u0131l ve Dervi\u015f \u0130\u015fg\u00fczar ile ba\u015flad\u0131\",\"datePublished\":\"2025-08-06T14:54:18+00:00\",\"mainEntityOfPage\":{\"@id\":\"https:\\\/\\\/kuzeyinsesi.org\\\/index.php\\\/2025\\\/08\\\/06\\\/ltb-akustik-sahne-konserleri-cagil-ve-dervis-isguzar-ile-basladi\\\/\"},\"wordCount\":122,\"commentCount\":0,\"image\":{\"@id\":\"https:\\\/\\\/kuzeyinsesi.org\\\/index.php\\\/2025\\\/08\\\/06\\\/ltb-akustik-sahne-konserleri-cagil-ve-dervis-isguzar-ile-basladi\\\/#primaryimage\"},\"thumbnailUrl\":\"https:\\\/\\\/kuzeyinsesi.org\\\/wp-content\\\/uploads\\\/2025\\\/08\\\/1754492067_foto-1-3.jpeg\",\"articleSection\":[\"Ya\u015fam\"],\"inLanguage\":\"tr\",\"potentialAction\":[{\"@type\":\"CommentAction\",\"name\":\"Comment\",\"target\":[\"https:\\\/\\\/kuzeyinsesi.org\\\/index.php\\\/2025\\\/08\\\/06\\\/ltb-akustik-sahne-konserleri-cagil-ve-dervis-isguzar-ile-basladi\\\/#respond\"]}]},{\"@type\":\"WebPage\",\"@id\":\"https:\\\/\\\/kuzeyinsesi.org\\\/index.php\\\/2025\\\/08\\\/06\\\/ltb-akustik-sahne-konserleri-cagil-ve-dervis-isguzar-ile-basladi\\\/\",\"url\":\"https:\\\/\\\/kuzeyinsesi.org\\\/index.php\\\/2025\\\/08\\\/06\\\/ltb-akustik-sahne-konserleri-cagil-ve-dervis-isguzar-ile-basladi\\\/\",\"name\":\"LTB Akustik Sahne Konserleri \u00c7a\u011f\u0131l ve Dervi\u015f \u0130\u015fg\u00fczar ile ba\u015flad\u0131 - Kuzeyin Sesi\",\"isPartOf\":{\"@id\":\"https:\\\/\\\/kuzeyinsesi.org\\\/#website\"},\"primaryImageOfPage\":{\"@id\":\"https:\\\/\\\/kuzeyinsesi.org\\\/index.php\\\/2025\\\/08\\\/06\\\/ltb-akustik-sahne-konserleri-cagil-ve-dervis-isguzar-ile-basladi\\\/#primaryimage\"},\"image\":{\"@id\":\"https:\\\/\\\/kuzeyinsesi.org\\\/index.php\\\/2025\\\/08\\\/06\\\/ltb-akustik-sahne-konserleri-cagil-ve-dervis-isguzar-ile-basladi\\\/#primaryimage\"},\"thumbnailUrl\":\"https:\\\/\\\/kuzeyinsesi.org\\\/wp-content\\\/uploads\\\/2025\\\/08\\\/1754492067_foto-1-3.jpeg\",\"datePublished\":\"2025-08-06T14:54:18+00:00\",\"author\":{\"@id\":\"https:\\\/\\\/kuzeyinsesi.org\\\/#\\\/schema\\\/person\\\/9f859689cdf01485597712386e37f5aa\"},\"breadcrumb\":{\"@id\":\"https:\\\/\\\/kuzeyinsesi.org\\\/index.php\\\/2025\\\/08\\\/06\\\/ltb-akustik-sahne-konserleri-cagil-ve-dervis-isguzar-ile-basladi\\\/#breadcrumb\"},\"inLanguage\":\"tr\",\"potentialAction\":[{\"@type\":\"ReadAction\",\"target\":[\"https:\\\/\\\/kuzeyinsesi.org\\\/index.php\\\/2025\\\/08\\\/06\\\/ltb-akustik-sahne-konserleri-cagil-ve-dervis-isguzar-ile-basladi\\\/\"]}]},{\"@type\":\"ImageObject\",\"inLanguage\":\"tr\",\"@id\":\"https:\\\/\\\/kuzeyinsesi.org\\\/index.php\\\/2025\\\/08\\\/06\\\/ltb-akustik-sahne-konserleri-cagil-ve-dervis-isguzar-ile-basladi\\\/#primaryimage\",\"url\":\"https:\\\/\\\/kuzeyinsesi.org\\\/wp-content\\\/uploads\\\/2025\\\/08\\\/1754492067_foto-1-3.jpeg\",\"contentUrl\":\"https:\\\/\\\/kuzeyinsesi.org\\\/wp-content\\\/uploads\\\/2025\\\/08\\\/1754492067_foto-1-3.jpeg\",\"width\":1600,\"height\":1066},{\"@type\":\"BreadcrumbList\",\"@id\":\"https:\\\/\\\/kuzeyinsesi.org\\\/index.php\\\/2025\\\/08\\\/06\\\/ltb-akustik-sahne-konserleri-cagil-ve-dervis-isguzar-ile-basladi\\\/#breadcrumb\",\"itemListElement\":[{\"@type\":\"ListItem\",\"position\":1,\"name\":\"Anasayfa\",\"item\":\"https:\\\/\\\/kuzeyinsesi.org\\\/\"},{\"@type\":\"ListItem\",\"position\":2,\"name\":\"LTB Akustik Sahne Konserleri \u00c7a\u011f\u0131l ve Dervi\u015f \u0130\u015fg\u00fczar ile ba\u015flad\u0131\"}]},{\"@type\":\"WebSite\",\"@id\":\"https:\\\/\\\/kuzeyinsesi.org\\\/#website\",\"url\":\"https:\\\/\\\/kuzeyinsesi.org\\\/\",\"name\":\"Kuzeyin Sesi\",\"description\":\"Do\u011fru Haberin Adresi\",\"potentialAction\":[{\"@type\":\"SearchAction\",\"target\":{\"@type\":\"EntryPoint\",\"urlTemplate\":\"https:\\\/\\\/kuzeyinsesi.org\\\/?s={search_term_string}\"},\"query-input\":{\"@type\":\"PropertyValueSpecification\",\"valueRequired\":true,\"valueName\":\"search_term_string\"}}],\"inLanguage\":\"tr\"},{\"@type\":\"Person\",\"@id\":\"https:\\\/\\\/kuzeyinsesi.org\\\/#\\\/schema\\\/person\\\/9f859689cdf01485597712386e37f5aa\",\"name\":\"Kuzeyin Sesi\",\"image\":{\"@type\":\"ImageObject\",\"inLanguage\":\"tr\",\"@id\":\"https:\\\/\\\/secure.gravatar.com\\\/avatar\\\/bab33852abfd8b282518d6ed81826833d77c3c882d9ab608add591ccace47a44?s=96&d=mm&r=g\",\"url\":\"https:\\\/\\\/secure.gravatar.com\\\/avatar\\\/bab33852abfd8b282518d6ed81826833d77c3c882d9ab608add591ccace47a44?s=96&d=mm&r=g\",\"contentUrl\":\"https:\\\/\\\/secure.gravatar.com\\\/avatar\\\/bab33852abfd8b282518d6ed81826833d77c3c882d9ab608add591ccace47a44?s=96&d=mm&r=g\",\"caption\":\"Kuzeyin Sesi\"},\"sameAs\":[\"https:\\\/\\\/kuzeyinsesi.org\"],\"url\":\"https:\\\/\\\/kuzeyinsesi.org\\\/index.php\\\/author\\\/guven\\\/\"}]}<\/script>\n<!-- \/ Yoast SEO plugin. -->","yoast_head_json":{"title":"LTB Akustik Sahne Konserleri \u00c7a\u011f\u0131l ve Dervi\u015f \u0130\u015fg\u00fczar ile ba\u015flad\u0131 - Kuzeyin Sesi","robots":{"index":"index","follow":"follow","max-snippet":"max-snippet:-1","max-image-preview":"max-image-preview:large","max-video-preview":"max-video-preview:-1"},"canonical":"https:\/\/kuzeyinsesi.org\/index.php\/2025\/08\/06\/ltb-akustik-sahne-konserleri-cagil-ve-dervis-isguzar-ile-basladi\/","og_locale":"tr_TR","og_type":"article","og_title":"LTB Akustik Sahne Konserleri \u00c7a\u011f\u0131l ve Dervi\u015f \u0130\u015fg\u00fczar ile ba\u015flad\u0131 - Kuzeyin Sesi","og_description":"Lefko\u015fa T\u00fcrk Belediyesi\u2019nin yaz etkinlikleri kapsam\u0131nda d\u00fczenledi\u011fi LTB Akustik Sahne konserleri, Dervi\u015f ve \u00c7a\u011f\u0131l \u0130\u015fg\u00fczar performans\u0131yla ba\u015flad\u0131. LTB\u2019den yap\u0131lan a\u00e7\u0131klamaya g\u00f6re, \u015fehrin tarihi ve k\u00fclt\u00fcrel miras\u0131n\u0131 ya\u015fatan B\u00fcy\u00fck Han arkas\u0131ndaki Lefkeliler Han\u0131\u2019nda yer alan konseri, m\u00fczikseverlerle birlikte LTB Ba\u015fkan\u0131 Mehmet Harmanc\u0131 da izledi. LTB Akustik Sahne konserleri A\u011fustos ay\u0131 boyunca her sal\u0131 20.00\u201322.00 saatleri aras\u0131nda [&hellip;]","og_url":"https:\/\/kuzeyinsesi.org\/index.php\/2025\/08\/06\/ltb-akustik-sahne-konserleri-cagil-ve-dervis-isguzar-ile-basladi\/","og_site_name":"Kuzeyin Sesi","article_publisher":"https:\/\/www.facebook.com\/kuzeyinsesii","article_published_time":"2025-08-06T14:54:18+00:00","og_image":[{"url":"https:\/\/brtk.net\/wp-content\/uploads\/2025\/08\/06\/foto-1-3.jpeg?ver=20cba4b2dce441653a28c633c45737e6","type":"","width":"","height":""}],"author":"Kuzeyin Sesi","twitter_card":"summary_large_image","twitter_creator":"@kuzeyinsesii","twitter_site":"@kuzeyinsesii","twitter_misc":{"Yazan:":"Kuzeyin Sesi","Tahmini okuma s\u00fcresi":"1 dakika"},"schema":{"@context":"https:\/\/schema.org","@graph":[{"@type":"Article","@id":"https:\/\/kuzeyinsesi.org\/index.php\/2025\/08\/06\/ltb-akustik-sahne-konserleri-cagil-ve-dervis-isguzar-ile-basladi\/#article","isPartOf":{"@id":"https:\/\/kuzeyinsesi.org\/index.php\/2025\/08\/06\/ltb-akustik-sahne-konserleri-cagil-ve-dervis-isguzar-ile-basladi\/"},"author":{"name":"Kuzeyin Sesi","@id":"https:\/\/kuzeyinsesi.org\/#\/schema\/person\/9f859689cdf01485597712386e37f5aa"},"headline":"LTB Akustik Sahne Konserleri \u00c7a\u011f\u0131l ve Dervi\u015f \u0130\u015fg\u00fczar ile ba\u015flad\u0131","datePublished":"2025-08-06T14:54:18+00:00","mainEntityOfPage":{"@id":"https:\/\/kuzeyinsesi.org\/index.php\/2025\/08\/06\/ltb-akustik-sahne-konserleri-cagil-ve-dervis-isguzar-ile-basladi\/"},"wordCount":122,"commentCount":0,"image":{"@id":"https:\/\/kuzeyinsesi.org\/index.php\/2025\/08\/06\/ltb-akustik-sahne-konserleri-cagil-ve-dervis-isguzar-ile-basladi\/#primaryimage"},"thumbnailUrl":"https:\/\/kuzeyinsesi.org\/wp-content\/uploads\/2025\/08\/1754492067_foto-1-3.jpeg","articleSection":["Ya\u015fam"],"inLanguage":"tr","potentialAction":[{"@type":"CommentAction","name":"Comment","target":["https:\/\/kuzeyinsesi.org\/index.php\/2025\/08\/06\/ltb-akustik-sahne-konserleri-cagil-ve-dervis-isguzar-ile-basladi\/#respond"]}]},{"@type":"WebPage","@id":"https:\/\/kuzeyinsesi.org\/index.php\/2025\/08\/06\/ltb-akustik-sahne-konserleri-cagil-ve-dervis-isguzar-ile-basladi\/","url":"https:\/\/kuzeyinsesi.org\/index.php\/2025\/08\/06\/ltb-akustik-sahne-konserleri-cagil-ve-dervis-isguzar-ile-basladi\/","name":"LTB Akustik Sahne Konserleri \u00c7a\u011f\u0131l ve Dervi\u015f \u0130\u015fg\u00fczar ile ba\u015flad\u0131 - Kuzeyin Sesi","isPartOf":{"@id":"https:\/\/kuzeyinsesi.org\/#website"},"primaryImageOfPage":{"@id":"https:\/\/kuzeyinsesi.org\/index.php\/2025\/08\/06\/ltb-akustik-sahne-konserleri-cagil-ve-dervis-isguzar-ile-basladi\/#primaryimage"},"image":{"@id":"https:\/\/kuzeyinsesi.org\/index.php\/2025\/08\/06\/ltb-akustik-sahne-konserleri-cagil-ve-dervis-isguzar-ile-basladi\/#primaryimage"},"thumbnailUrl":"https:\/\/kuzeyinsesi.org\/wp-content\/uploads\/2025\/08\/1754492067_foto-1-3.jpeg","datePublished":"2025-08-06T14:54:18+00:00","author":{"@id":"https:\/\/kuzeyinsesi.org\/#\/schema\/person\/9f859689cdf01485597712386e37f5aa"},"breadcrumb":{"@id":"https:\/\/kuzeyinsesi.org\/index.php\/2025\/08\/06\/ltb-akustik-sahne-konserleri-cagil-ve-dervis-isguzar-ile-basladi\/#breadcrumb"},"inLanguage":"tr","potentialAction":[{"@type":"ReadAction","target":["https:\/\/kuzeyinsesi.org\/index.php\/2025\/08\/06\/ltb-akustik-sahne-konserleri-cagil-ve-dervis-isguzar-ile-basladi\/"]}]},{"@type":"ImageObject","inLanguage":"tr","@id":"https:\/\/kuzeyinsesi.org\/index.php\/2025\/08\/06\/ltb-akustik-sahne-konserleri-cagil-ve-dervis-isguzar-ile-basladi\/#primaryimage","url":"https:\/\/kuzeyinsesi.org\/wp-content\/uploads\/2025\/08\/1754492067_foto-1-3.jpeg","contentUrl":"https:\/\/kuzeyinsesi.org\/wp-content\/uploads\/2025\/08\/1754492067_foto-1-3.jpeg","width":1600,"height":1066},{"@type":"BreadcrumbList","@id":"https:\/\/kuzeyinsesi.org\/index.php\/2025\/08\/06\/ltb-akustik-sahne-konserleri-cagil-ve-dervis-isguzar-ile-basladi\/#breadcrumb","itemListElement":[{"@type":"ListItem","position":1,"name":"Anasayfa","item":"https:\/\/kuzeyinsesi.org\/"},{"@type":"ListItem","position":2,"name":"LTB Akustik Sahne Konserleri \u00c7a\u011f\u0131l ve Dervi\u015f \u0130\u015fg\u00fczar ile ba\u015flad\u0131"}]},{"@type":"WebSite","@id":"https:\/\/kuzeyinsesi.org\/#website","url":"https:\/\/kuzeyinsesi.org\/","name":"Kuzeyin Sesi","description":"Do\u011fru Haberin Adresi","potentialAction":[{"@type":"SearchAction","target":{"@type":"EntryPoint","urlTemplate":"https:\/\/kuzeyinsesi.org\/?s={search_term_string}"},"query-input":{"@type":"PropertyValueSpecification","valueRequired":true,"valueName":"search_term_string"}}],"inLanguage":"tr"},{"@type":"Person","@id":"https:\/\/kuzeyinsesi.org\/#\/schema\/person\/9f859689cdf01485597712386e37f5aa","name":"Kuzeyin Sesi","image":{"@type":"ImageObject","inLanguage":"tr","@id":"https:\/\/secure.gravatar.com\/avatar\/bab33852abfd8b282518d6ed81826833d77c3c882d9ab608add591ccace47a44?s=96&d=mm&r=g","url":"https:\/\/secure.gravatar.com\/avatar\/bab33852abfd8b282518d6ed81826833d77c3c882d9ab608add591ccace47a44?s=96&d=mm&r=g","contentUrl":"https:\/\/secure.gravatar.com\/avatar\/bab33852abfd8b282518d6ed81826833d77c3c882d9ab608add591ccace47a44?s=96&d=mm&r=g","caption":"Kuzeyin Sesi"},"sameAs":["https:\/\/kuzeyinsesi.org"],"url":"https:\/\/kuzeyinsesi.org\/index.php\/author\/guven\/"}]}},"_links":{"self":[{"href":"https:\/\/kuzeyinsesi.org\/index.php\/wp-json\/wp\/v2\/posts\/30016","targetHints":{"allow":["GET"]}}],"collection":[{"href":"https:\/\/kuzeyinsesi.org\/index.php\/wp-json\/wp\/v2\/posts"}],"about":[{"href":"https:\/\/kuzeyinsesi.org\/index.php\/wp-json\/wp\/v2\/types\/post"}],"author":[{"embeddable":true,"href":"https:\/\/kuzeyinsesi.org\/index.php\/wp-json\/wp\/v2\/users\/1"}],"replies":[{"embeddable":true,"href":"https:\/\/kuzeyinsesi.org\/index.php\/wp-json\/wp\/v2\/comments?post=30016"}],"version-history":[{"count":0,"href":"https:\/\/kuzeyinsesi.org\/index.php\/wp-json\/wp\/v2\/posts\/30016\/revisions"}],"wp:featuredmedia":[{"embeddable":true,"href":"https:\/\/kuzeyinsesi.org\/index.php\/wp-json\/wp\/v2\/media\/30017"}],"wp:attachment":[{"href":"https:\/\/kuzeyinsesi.org\/index.php\/wp-json\/wp\/v2\/media?parent=30016"}],"wp:term":[{"taxonomy":"category","embeddable":true,"href":"https:\/\/kuzeyinsesi.org\/index.php\/wp-json\/wp\/v2\/categories?post=30016"},{"taxonomy":"post_tag","embeddable":true,"href":"https:\/\/kuzeyinsesi.org\/index.php\/wp-json\/wp\/v2\/tags?post=30016"}],"curies":[{"name":"wp","href":"https:\/\/api.w.org\/{rel}","templated":true}]}}