{"id":29885,"date":"2025-08-04T13:23:38","date_gmt":"2025-08-04T10:23:38","guid":{"rendered":"https:\/\/kuzeyinsesi.org\/index.php\/2025\/08\/04\/erdinc-gunduze-veda\/"},"modified":"2025-08-04T13:23:38","modified_gmt":"2025-08-04T10:23:38","slug":"erdinc-gunduze-veda","status":"publish","type":"post","link":"https:\/\/kuzeyinsesi.org\/index.php\/2025\/08\/04\/erdinc-gunduze-veda\/","title":{"rendered":"Erdin\u00e7 G\u00fcnd\u00fcz\u2019e veda\u2026."},"content":{"rendered":"<div>\n<div class=\"mariselle-image-container center\">\n                                            <\/div>\n<p>Bayrak Radyo Televizyon Kurumu\u2019na bir\u00e7ok kademede emek vermi\u015f, S\u0131la-4 grubu \u00fcyesi m\u00fczisyen, radyo programc\u0131s\u0131, gazeteci Erdin\u00e7 G\u00fcnd\u00fcz i\u00e7in uzun y\u0131llar emek verdi\u011fi Bayrak Radyo Televizyon Kurumu\u2019nda anma t\u00f6reni d\u00fczenlendi.<\/p>\n<p>Bayrak Radyo Televizyon Kurumu Koordinasyon Yard\u0131mc\u0131s\u0131 ayn\u0131 zamanda Radyo E\u011fitim K\u00fclt\u00fcr Yay\u0131nlar\u0131 Amiri Bet\u00fcl Arslan Akku\u015f t\u00f6rende yapt\u0131\u011f\u0131 konu\u015fmada, sadece bir meslek b\u00fcy\u00fc\u011f\u00fcn\u00fc de\u011fil ayn\u0131 zamanda bir d\u00f6nemi, bir sesi, bir vicdan\u0131 u\u011furlamak \u00fczere bir araya gelindi\u011fini ifade etti. Erdin\u00e7 G\u00fcnd\u00fcz\u2019\u00fcn BRT\u2019de mikrofonla ba\u015flayan yolcu\u011funu anlatan Akku\u015f, onun K\u0131br\u0131s T\u00fcrk halk\u0131n\u0131n k\u00fclt\u00fcr\u00fcne, sesine ve haf\u0131zas\u0131na adanm\u0131\u015f bir \u00f6mr\u00fcn sahibi oldu\u011funu vurgulad\u0131.<\/p>\n<p>\u201cMikrofondan y\u00fckselen sesiyle ba\u015flad\u0131\u011f\u0131 yolculu\u011fu, yap\u0131mc\u0131l\u0131k, yay\u0131n koordinat\u00f6rl\u00fc\u011f\u00fc ve y\u00f6netim kurulu ba\u015fkanl\u0131\u011f\u0131 g\u00f6revine dek uzand\u0131\u201d diye konu\u015fan Akku\u015f, Erdin\u00e7 G\u00fcnd\u00fcz\u2019\u00fcn Bayrak Radyo Televizyon Kurumu\u2019nun ruhunu \u015fekillendirenlerden biri oldu\u011funun alt\u0131n\u0131 \u00e7izdi<\/p>\n<p>Bet\u00fcl Arslan Akku\u015f\u2019un konu\u015fmas\u0131n\u0131n ard\u0131ndan t\u00f6ren Erdin\u00e7 G\u00fcnd\u00fcz\u2019\u00fcn ya\u015fam\u0131ndan ve eserlerinden derlenen kesitlerden yer alan sinevizyon sunumu ile devam etti.<\/p>\n<p>T\u00f6rende daha sonra Bayrak Radyo Televizyon Kurumu M\u00fcd\u00fcr\u00fc Meryem \u00c7avu\u015fo\u011flu \u00d6zkurt konu\u015ftu.<\/p>\n<p>\u00d6zkurt, \u201cBen Erdin\u00e7 abiye seslenmek istiyorum. Biz \u015fa\u015f\u0131rmad\u0131k, \u00e7\u00fcnk\u00fc bu kadar aile duygusu olan bu kadar \u00fclkesini seven, zor y\u0131llarda, 1960\u2019l\u0131 y\u0131llarda yapt\u0131klar\u0131 m\u00fczikle, K\u0131br\u0131s T\u00fcrk\u00fc\u2019ne katk\u0131 koyan, birinin ba\u015farmas\u0131na \u015fa\u015f\u0131rmamak gerekir\u201d diye konu\u015ftu. Ayn\u0131 d\u00f6nemde birlikte \u00e7al\u0131\u015ft\u0131\u011f\u0131 Erdin\u00e7 G\u00fcnd\u00fcz\u2019\u00fc unutmayaca\u011f\u0131n\u0131 ifade eden \u00d6zkurt, onu ve sohbetlerini \u00f6zleyece\u011fini belirtti.<\/p>\n<p>G\u00fcnd\u00fcz\u2019\u00fcn eski \u00e7al\u0131\u015fma arkada\u015f\u0131 S\u0131la-4 grubu \u00fcyesi Ferahzad G\u00fcrsoy da, \u00e7ok \u00f6zel bir ki\u015fi olan Erdin\u00e7 G\u00fcnd\u00fcz\u2019le 60 y\u0131l birlikte vakit ge\u00e7irdi\u011fini belirterek, onunla ya\u015fam\u0131n\u0131n nas\u0131l kesi\u015fti\u011fini ve neler ya\u015fad\u0131klar\u0131n\u0131 anlatt\u0131.<\/p>\n<p>G\u00fcrsoy, \u201c\u00f6zellikle 1968\u2019de Dillirga\u2019dan Karpaz\u2019a kadar dola\u015farak derlemeye \u00e7al\u0131\u015ft\u0131\u011f\u0131m\u0131z K\u0131br\u0131s ezgilerini, yeni yolumuzda bize \u00f6rnek olacak K\u0131br\u0131s ezgilerini yaparken duydu\u011fum heyecan\u0131.. \u00c7ok g\u00fczel \u015feyler vard\u0131 geldi \u00e7ok g\u00fczel an\u0131lar b\u0131rakt\u0131\u201d diye konu\u015ftu.<\/p>\n<p>BRTK Y\u00f6netim Kurulu Ba\u015fkan\u0131 \u00d6zdemir Tokel ise b\u00f6ylesi \u00f6zel bir g\u00fcnde konu\u015fma yapman\u0131n zorlu\u011funa i\u015faret ederek, bir ya\u015fam boyunca y\u00fcr\u00fcnen yolun kiminle nas\u0131l y\u00fcr\u00fcnd\u00fc\u011f\u00fcn\u00fcn \u00f6nemine vurgu yapt\u0131.<\/p>\n<p>Tokel, Erdin\u00e7 G\u00fcnd\u00fcz\u2019\u00fcn Bayrak Radyo Televizyon Kurumu i\u00e7erisinde \u00fcstlendi\u011fi g\u00f6revlerle t\u00fcm BRTK ailesine, S\u0131la- 4 kurucular\u0131ndan biri olarak da K\u0131br\u0131s T\u00fcrk halk\u0131na, m\u00fczi\u011fine, k\u00fclt\u00fcr\u00fcne g\u00f6n\u00fcl veren herkese yol arkada\u015fl\u0131\u011f\u0131 yapt\u0131\u011f\u0131n\u0131 s\u00f6yledi.<\/p>\n<p>T\u00f6ren kat\u0131lan Cumhurba\u015fkan\u0131 Ersin Tatar da, Erdin\u00e7 G\u00fcnd\u00fcz\u2019\u00fc 40 y\u0131l \u00f6nceden tan\u0131d\u0131\u011f\u0131n\u0131 ifade ederek, ge\u00e7mi\u015f y\u0131llarda \u00e7al\u0131\u015fma hayat\u0131nda \u00e7e\u015fitli alanlarda yollar\u0131n\u0131n kesi\u015fti\u011fini belirtti.<\/p>\n<p>Cumhurba\u015fkan\u0131 Tatar, 1960\u2019l\u0131 y\u0131llarda zor \u015fartlarda kurulan S\u0131la-4\u2019\u00fcn T\u00fcrkiye\u2019ye K\u0131br\u0131s T\u00fcrk\u00fc\u2019n\u00fcn sesini ve m\u00fccadelesini duyurdu\u011funu dile getirerek, \u201cB\u00f6ylesine g\u00fczel bir insanla s\u00fcrd\u00fcrd\u00fc\u011f\u00fcm\u00fcz dostluk ili\u015fkileri ile ne kadar k\u0131ymetli bir yol arkada\u015f\u0131 oldu\u011funu bilenlerdenim\u201d dedi.<\/p>\n<p>T\u00f6rende G\u00fcnd\u00fcz ailesi ad\u0131na duygular\u0131n\u0131 o\u011flu Arda G\u00fcnd\u00fcz ifade etti.<\/p>\n<p>Arda G\u00fcnd\u00fcz, \u201c\u00c7ok \u00fczg\u00fcn\u00fcm, herkes gibi. K\u0131br\u0131s \u00e7ok de\u011ferli efsanevi bir m\u00fczisyenini kaybetti ama \u00f6ncesinde \u00e7ok g\u00fczel \u00e7ok beyefendi. Kimseye hayat\u0131 boyunca hi\u00e7bir zarar\u0131 olmam\u0131\u015f, herkesi sevmeye \u00e7al\u0131\u015fm\u0131\u015f bir insan\u0131 kaybetti\u201d dedi.<\/p>\n<p>Konu\u015fmalar\u0131n ard\u0131ndan Erdin\u00e7 G\u00fcnd\u00fcz karanfillerle son yolculu\u011funa u\u011furland\u0131.<\/p>\n<\/p><\/div>\n<p><script async\n                    defer\n                    crossorigin=\"anonymous\"\n                    src=\"https:\/\/connect.facebook.net\/tr_TR\/sdk.js#xfbml=1&#038;version=v3.3\"\n            ><\/script><\/p>\n","protected":false},"excerpt":{"rendered":"<p>Bayrak Radyo Televizyon Kurumu\u2019na bir\u00e7ok kademede emek vermi\u015f, S\u0131la-4 grubu \u00fcyesi m\u00fczisyen, radyo programc\u0131s\u0131, gazeteci Erdin\u00e7 G\u00fcnd\u00fcz i\u00e7in uzun y\u0131llar emek verdi\u011fi Bayrak Radyo Televizyon Kurumu\u2019nda anma t\u00f6reni d\u00fczenlendi. Bayrak Radyo Televizyon Kurumu Koordinasyon Yard\u0131mc\u0131s\u0131 ayn\u0131 zamanda Radyo E\u011fitim K\u00fclt\u00fcr Yay\u0131nlar\u0131 Amiri Bet\u00fcl Arslan Akku\u015f t\u00f6rende yapt\u0131\u011f\u0131 konu\u015fmada, sadece bir meslek b\u00fcy\u00fc\u011f\u00fcn\u00fc de\u011fil ayn\u0131 zamanda [&hellip;]<\/p>\n","protected":false},"author":1,"featured_media":29886,"comment_status":"open","ping_status":"open","sticky":false,"template":"","format":"standard","meta":{"jnews-multi-image_gallery":[],"jnews_single_post":[],"jnews_primary_category":[],"jnews_social_meta":[],"jnews_override_counter":[],"footnotes":""},"categories":[1],"tags":[],"class_list":["post-29885","post","type-post","status-publish","format-standard","has-post-thumbnail","hentry","category-kibris"],"yoast_head":"<!-- This site is optimized with the Yoast SEO plugin v27.5 - https:\/\/yoast.com\/product\/yoast-seo-wordpress\/ -->\n<title>Erdin\u00e7 G\u00fcnd\u00fcz\u2019e veda\u2026. - Kuzeyin Sesi<\/title>\n<meta name=\"robots\" content=\"index, follow, max-snippet:-1, max-image-preview:large, max-video-preview:-1\" \/>\n<link rel=\"canonical\" href=\"https:\/\/kuzeyinsesi.org\/index.php\/2025\/08\/04\/erdinc-gunduze-veda\/\" \/>\n<meta property=\"og:locale\" content=\"tr_TR\" \/>\n<meta property=\"og:type\" content=\"article\" \/>\n<meta property=\"og:title\" content=\"Erdin\u00e7 G\u00fcnd\u00fcz\u2019e veda\u2026. - Kuzeyin Sesi\" \/>\n<meta property=\"og:description\" content=\"Bayrak Radyo Televizyon Kurumu\u2019na bir\u00e7ok kademede emek vermi\u015f, S\u0131la-4 grubu \u00fcyesi m\u00fczisyen, radyo programc\u0131s\u0131, gazeteci Erdin\u00e7 G\u00fcnd\u00fcz i\u00e7in uzun y\u0131llar emek verdi\u011fi Bayrak Radyo Televizyon Kurumu\u2019nda anma t\u00f6reni d\u00fczenlendi. Bayrak Radyo Televizyon Kurumu Koordinasyon Yard\u0131mc\u0131s\u0131 ayn\u0131 zamanda Radyo E\u011fitim K\u00fclt\u00fcr Yay\u0131nlar\u0131 Amiri Bet\u00fcl Arslan Akku\u015f t\u00f6rende yapt\u0131\u011f\u0131 konu\u015fmada, sadece bir meslek b\u00fcy\u00fc\u011f\u00fcn\u00fc de\u011fil ayn\u0131 zamanda [&hellip;]\" \/>\n<meta property=\"og:url\" content=\"https:\/\/kuzeyinsesi.org\/index.php\/2025\/08\/04\/erdinc-gunduze-veda\/\" \/>\n<meta property=\"og:site_name\" content=\"Kuzeyin Sesi\" \/>\n<meta property=\"article:publisher\" content=\"https:\/\/www.facebook.com\/kuzeyinsesii\" \/>\n<meta property=\"article:published_time\" content=\"2025-08-04T10:23:38+00:00\" \/>\n<meta property=\"og:image\" content=\"https:\/\/brtk.net\/wp-content\/uploads\/2025\/08\/04\/20250804_113252-scaled.jpg?ver=81a9be00c03c64416c8cf7491c3a7efc\" \/>\n<meta name=\"author\" content=\"Kuzeyin Sesi\" \/>\n<meta name=\"twitter:card\" content=\"summary_large_image\" \/>\n<meta name=\"twitter:creator\" content=\"@kuzeyinsesii\" \/>\n<meta name=\"twitter:site\" content=\"@kuzeyinsesii\" \/>\n<meta name=\"twitter:label1\" content=\"Yazan:\" \/>\n\t<meta name=\"twitter:data1\" content=\"Kuzeyin Sesi\" \/>\n\t<meta name=\"twitter:label2\" content=\"Tahmini okuma s\u00fcresi\" \/>\n\t<meta name=\"twitter:data2\" content=\"3 dakika\" \/>\n<script type=\"application\/ld+json\" class=\"yoast-schema-graph\">{\"@context\":\"https:\\\/\\\/schema.org\",\"@graph\":[{\"@type\":\"Article\",\"@id\":\"https:\\\/\\\/kuzeyinsesi.org\\\/index.php\\\/2025\\\/08\\\/04\\\/erdinc-gunduze-veda\\\/#article\",\"isPartOf\":{\"@id\":\"https:\\\/\\\/kuzeyinsesi.org\\\/index.php\\\/2025\\\/08\\\/04\\\/erdinc-gunduze-veda\\\/\"},\"author\":{\"name\":\"Kuzeyin Sesi\",\"@id\":\"https:\\\/\\\/kuzeyinsesi.org\\\/#\\\/schema\\\/person\\\/9f859689cdf01485597712386e37f5aa\"},\"headline\":\"Erdin\u00e7 G\u00fcnd\u00fcz\u2019e veda\u2026.\",\"datePublished\":\"2025-08-04T10:23:38+00:00\",\"mainEntityOfPage\":{\"@id\":\"https:\\\/\\\/kuzeyinsesi.org\\\/index.php\\\/2025\\\/08\\\/04\\\/erdinc-gunduze-veda\\\/\"},\"wordCount\":677,\"commentCount\":0,\"image\":{\"@id\":\"https:\\\/\\\/kuzeyinsesi.org\\\/index.php\\\/2025\\\/08\\\/04\\\/erdinc-gunduze-veda\\\/#primaryimage\"},\"thumbnailUrl\":\"https:\\\/\\\/kuzeyinsesi.org\\\/wp-content\\\/uploads\\\/2025\\\/08\\\/20250804_113326-1-scaled.jpg\",\"articleSection\":[\"K\u0131br\u0131s\"],\"inLanguage\":\"tr\",\"potentialAction\":[{\"@type\":\"CommentAction\",\"name\":\"Comment\",\"target\":[\"https:\\\/\\\/kuzeyinsesi.org\\\/index.php\\\/2025\\\/08\\\/04\\\/erdinc-gunduze-veda\\\/#respond\"]}]},{\"@type\":\"WebPage\",\"@id\":\"https:\\\/\\\/kuzeyinsesi.org\\\/index.php\\\/2025\\\/08\\\/04\\\/erdinc-gunduze-veda\\\/\",\"url\":\"https:\\\/\\\/kuzeyinsesi.org\\\/index.php\\\/2025\\\/08\\\/04\\\/erdinc-gunduze-veda\\\/\",\"name\":\"Erdin\u00e7 G\u00fcnd\u00fcz\u2019e veda\u2026. - Kuzeyin Sesi\",\"isPartOf\":{\"@id\":\"https:\\\/\\\/kuzeyinsesi.org\\\/#website\"},\"primaryImageOfPage\":{\"@id\":\"https:\\\/\\\/kuzeyinsesi.org\\\/index.php\\\/2025\\\/08\\\/04\\\/erdinc-gunduze-veda\\\/#primaryimage\"},\"image\":{\"@id\":\"https:\\\/\\\/kuzeyinsesi.org\\\/index.php\\\/2025\\\/08\\\/04\\\/erdinc-gunduze-veda\\\/#primaryimage\"},\"thumbnailUrl\":\"https:\\\/\\\/kuzeyinsesi.org\\\/wp-content\\\/uploads\\\/2025\\\/08\\\/20250804_113326-1-scaled.jpg\",\"datePublished\":\"2025-08-04T10:23:38+00:00\",\"author\":{\"@id\":\"https:\\\/\\\/kuzeyinsesi.org\\\/#\\\/schema\\\/person\\\/9f859689cdf01485597712386e37f5aa\"},\"breadcrumb\":{\"@id\":\"https:\\\/\\\/kuzeyinsesi.org\\\/index.php\\\/2025\\\/08\\\/04\\\/erdinc-gunduze-veda\\\/#breadcrumb\"},\"inLanguage\":\"tr\",\"potentialAction\":[{\"@type\":\"ReadAction\",\"target\":[\"https:\\\/\\\/kuzeyinsesi.org\\\/index.php\\\/2025\\\/08\\\/04\\\/erdinc-gunduze-veda\\\/\"]}]},{\"@type\":\"ImageObject\",\"inLanguage\":\"tr\",\"@id\":\"https:\\\/\\\/kuzeyinsesi.org\\\/index.php\\\/2025\\\/08\\\/04\\\/erdinc-gunduze-veda\\\/#primaryimage\",\"url\":\"https:\\\/\\\/kuzeyinsesi.org\\\/wp-content\\\/uploads\\\/2025\\\/08\\\/20250804_113326-1-scaled.jpg\",\"contentUrl\":\"https:\\\/\\\/kuzeyinsesi.org\\\/wp-content\\\/uploads\\\/2025\\\/08\\\/20250804_113326-1-scaled.jpg\",\"width\":2560,\"height\":1920},{\"@type\":\"BreadcrumbList\",\"@id\":\"https:\\\/\\\/kuzeyinsesi.org\\\/index.php\\\/2025\\\/08\\\/04\\\/erdinc-gunduze-veda\\\/#breadcrumb\",\"itemListElement\":[{\"@type\":\"ListItem\",\"position\":1,\"name\":\"Anasayfa\",\"item\":\"https:\\\/\\\/kuzeyinsesi.org\\\/\"},{\"@type\":\"ListItem\",\"position\":2,\"name\":\"Erdin\u00e7 G\u00fcnd\u00fcz\u2019e veda\u2026.\"}]},{\"@type\":\"WebSite\",\"@id\":\"https:\\\/\\\/kuzeyinsesi.org\\\/#website\",\"url\":\"https:\\\/\\\/kuzeyinsesi.org\\\/\",\"name\":\"Kuzeyin Sesi\",\"description\":\"Do\u011fru Haberin Adresi\",\"potentialAction\":[{\"@type\":\"SearchAction\",\"target\":{\"@type\":\"EntryPoint\",\"urlTemplate\":\"https:\\\/\\\/kuzeyinsesi.org\\\/?s={search_term_string}\"},\"query-input\":{\"@type\":\"PropertyValueSpecification\",\"valueRequired\":true,\"valueName\":\"search_term_string\"}}],\"inLanguage\":\"tr\"},{\"@type\":\"Person\",\"@id\":\"https:\\\/\\\/kuzeyinsesi.org\\\/#\\\/schema\\\/person\\\/9f859689cdf01485597712386e37f5aa\",\"name\":\"Kuzeyin Sesi\",\"image\":{\"@type\":\"ImageObject\",\"inLanguage\":\"tr\",\"@id\":\"https:\\\/\\\/secure.gravatar.com\\\/avatar\\\/bab33852abfd8b282518d6ed81826833d77c3c882d9ab608add591ccace47a44?s=96&d=mm&r=g\",\"url\":\"https:\\\/\\\/secure.gravatar.com\\\/avatar\\\/bab33852abfd8b282518d6ed81826833d77c3c882d9ab608add591ccace47a44?s=96&d=mm&r=g\",\"contentUrl\":\"https:\\\/\\\/secure.gravatar.com\\\/avatar\\\/bab33852abfd8b282518d6ed81826833d77c3c882d9ab608add591ccace47a44?s=96&d=mm&r=g\",\"caption\":\"Kuzeyin Sesi\"},\"sameAs\":[\"https:\\\/\\\/kuzeyinsesi.org\"],\"url\":\"https:\\\/\\\/kuzeyinsesi.org\\\/index.php\\\/author\\\/guven\\\/\"}]}<\/script>\n<!-- \/ Yoast SEO plugin. -->","yoast_head_json":{"title":"Erdin\u00e7 G\u00fcnd\u00fcz\u2019e veda\u2026. - Kuzeyin Sesi","robots":{"index":"index","follow":"follow","max-snippet":"max-snippet:-1","max-image-preview":"max-image-preview:large","max-video-preview":"max-video-preview:-1"},"canonical":"https:\/\/kuzeyinsesi.org\/index.php\/2025\/08\/04\/erdinc-gunduze-veda\/","og_locale":"tr_TR","og_type":"article","og_title":"Erdin\u00e7 G\u00fcnd\u00fcz\u2019e veda\u2026. - Kuzeyin Sesi","og_description":"Bayrak Radyo Televizyon Kurumu\u2019na bir\u00e7ok kademede emek vermi\u015f, S\u0131la-4 grubu \u00fcyesi m\u00fczisyen, radyo programc\u0131s\u0131, gazeteci Erdin\u00e7 G\u00fcnd\u00fcz i\u00e7in uzun y\u0131llar emek verdi\u011fi Bayrak Radyo Televizyon Kurumu\u2019nda anma t\u00f6reni d\u00fczenlendi. Bayrak Radyo Televizyon Kurumu Koordinasyon Yard\u0131mc\u0131s\u0131 ayn\u0131 zamanda Radyo E\u011fitim K\u00fclt\u00fcr Yay\u0131nlar\u0131 Amiri Bet\u00fcl Arslan Akku\u015f t\u00f6rende yapt\u0131\u011f\u0131 konu\u015fmada, sadece bir meslek b\u00fcy\u00fc\u011f\u00fcn\u00fc de\u011fil ayn\u0131 zamanda [&hellip;]","og_url":"https:\/\/kuzeyinsesi.org\/index.php\/2025\/08\/04\/erdinc-gunduze-veda\/","og_site_name":"Kuzeyin Sesi","article_publisher":"https:\/\/www.facebook.com\/kuzeyinsesii","article_published_time":"2025-08-04T10:23:38+00:00","og_image":[{"url":"https:\/\/brtk.net\/wp-content\/uploads\/2025\/08\/04\/20250804_113252-scaled.jpg?ver=81a9be00c03c64416c8cf7491c3a7efc","type":"","width":"","height":""}],"author":"Kuzeyin Sesi","twitter_card":"summary_large_image","twitter_creator":"@kuzeyinsesii","twitter_site":"@kuzeyinsesii","twitter_misc":{"Yazan:":"Kuzeyin Sesi","Tahmini okuma s\u00fcresi":"3 dakika"},"schema":{"@context":"https:\/\/schema.org","@graph":[{"@type":"Article","@id":"https:\/\/kuzeyinsesi.org\/index.php\/2025\/08\/04\/erdinc-gunduze-veda\/#article","isPartOf":{"@id":"https:\/\/kuzeyinsesi.org\/index.php\/2025\/08\/04\/erdinc-gunduze-veda\/"},"author":{"name":"Kuzeyin Sesi","@id":"https:\/\/kuzeyinsesi.org\/#\/schema\/person\/9f859689cdf01485597712386e37f5aa"},"headline":"Erdin\u00e7 G\u00fcnd\u00fcz\u2019e veda\u2026.","datePublished":"2025-08-04T10:23:38+00:00","mainEntityOfPage":{"@id":"https:\/\/kuzeyinsesi.org\/index.php\/2025\/08\/04\/erdinc-gunduze-veda\/"},"wordCount":677,"commentCount":0,"image":{"@id":"https:\/\/kuzeyinsesi.org\/index.php\/2025\/08\/04\/erdinc-gunduze-veda\/#primaryimage"},"thumbnailUrl":"https:\/\/kuzeyinsesi.org\/wp-content\/uploads\/2025\/08\/20250804_113326-1-scaled.jpg","articleSection":["K\u0131br\u0131s"],"inLanguage":"tr","potentialAction":[{"@type":"CommentAction","name":"Comment","target":["https:\/\/kuzeyinsesi.org\/index.php\/2025\/08\/04\/erdinc-gunduze-veda\/#respond"]}]},{"@type":"WebPage","@id":"https:\/\/kuzeyinsesi.org\/index.php\/2025\/08\/04\/erdinc-gunduze-veda\/","url":"https:\/\/kuzeyinsesi.org\/index.php\/2025\/08\/04\/erdinc-gunduze-veda\/","name":"Erdin\u00e7 G\u00fcnd\u00fcz\u2019e veda\u2026. - Kuzeyin Sesi","isPartOf":{"@id":"https:\/\/kuzeyinsesi.org\/#website"},"primaryImageOfPage":{"@id":"https:\/\/kuzeyinsesi.org\/index.php\/2025\/08\/04\/erdinc-gunduze-veda\/#primaryimage"},"image":{"@id":"https:\/\/kuzeyinsesi.org\/index.php\/2025\/08\/04\/erdinc-gunduze-veda\/#primaryimage"},"thumbnailUrl":"https:\/\/kuzeyinsesi.org\/wp-content\/uploads\/2025\/08\/20250804_113326-1-scaled.jpg","datePublished":"2025-08-04T10:23:38+00:00","author":{"@id":"https:\/\/kuzeyinsesi.org\/#\/schema\/person\/9f859689cdf01485597712386e37f5aa"},"breadcrumb":{"@id":"https:\/\/kuzeyinsesi.org\/index.php\/2025\/08\/04\/erdinc-gunduze-veda\/#breadcrumb"},"inLanguage":"tr","potentialAction":[{"@type":"ReadAction","target":["https:\/\/kuzeyinsesi.org\/index.php\/2025\/08\/04\/erdinc-gunduze-veda\/"]}]},{"@type":"ImageObject","inLanguage":"tr","@id":"https:\/\/kuzeyinsesi.org\/index.php\/2025\/08\/04\/erdinc-gunduze-veda\/#primaryimage","url":"https:\/\/kuzeyinsesi.org\/wp-content\/uploads\/2025\/08\/20250804_113326-1-scaled.jpg","contentUrl":"https:\/\/kuzeyinsesi.org\/wp-content\/uploads\/2025\/08\/20250804_113326-1-scaled.jpg","width":2560,"height":1920},{"@type":"BreadcrumbList","@id":"https:\/\/kuzeyinsesi.org\/index.php\/2025\/08\/04\/erdinc-gunduze-veda\/#breadcrumb","itemListElement":[{"@type":"ListItem","position":1,"name":"Anasayfa","item":"https:\/\/kuzeyinsesi.org\/"},{"@type":"ListItem","position":2,"name":"Erdin\u00e7 G\u00fcnd\u00fcz\u2019e veda\u2026."}]},{"@type":"WebSite","@id":"https:\/\/kuzeyinsesi.org\/#website","url":"https:\/\/kuzeyinsesi.org\/","name":"Kuzeyin Sesi","description":"Do\u011fru Haberin Adresi","potentialAction":[{"@type":"SearchAction","target":{"@type":"EntryPoint","urlTemplate":"https:\/\/kuzeyinsesi.org\/?s={search_term_string}"},"query-input":{"@type":"PropertyValueSpecification","valueRequired":true,"valueName":"search_term_string"}}],"inLanguage":"tr"},{"@type":"Person","@id":"https:\/\/kuzeyinsesi.org\/#\/schema\/person\/9f859689cdf01485597712386e37f5aa","name":"Kuzeyin Sesi","image":{"@type":"ImageObject","inLanguage":"tr","@id":"https:\/\/secure.gravatar.com\/avatar\/bab33852abfd8b282518d6ed81826833d77c3c882d9ab608add591ccace47a44?s=96&d=mm&r=g","url":"https:\/\/secure.gravatar.com\/avatar\/bab33852abfd8b282518d6ed81826833d77c3c882d9ab608add591ccace47a44?s=96&d=mm&r=g","contentUrl":"https:\/\/secure.gravatar.com\/avatar\/bab33852abfd8b282518d6ed81826833d77c3c882d9ab608add591ccace47a44?s=96&d=mm&r=g","caption":"Kuzeyin Sesi"},"sameAs":["https:\/\/kuzeyinsesi.org"],"url":"https:\/\/kuzeyinsesi.org\/index.php\/author\/guven\/"}]}},"_links":{"self":[{"href":"https:\/\/kuzeyinsesi.org\/index.php\/wp-json\/wp\/v2\/posts\/29885","targetHints":{"allow":["GET"]}}],"collection":[{"href":"https:\/\/kuzeyinsesi.org\/index.php\/wp-json\/wp\/v2\/posts"}],"about":[{"href":"https:\/\/kuzeyinsesi.org\/index.php\/wp-json\/wp\/v2\/types\/post"}],"author":[{"embeddable":true,"href":"https:\/\/kuzeyinsesi.org\/index.php\/wp-json\/wp\/v2\/users\/1"}],"replies":[{"embeddable":true,"href":"https:\/\/kuzeyinsesi.org\/index.php\/wp-json\/wp\/v2\/comments?post=29885"}],"version-history":[{"count":0,"href":"https:\/\/kuzeyinsesi.org\/index.php\/wp-json\/wp\/v2\/posts\/29885\/revisions"}],"wp:featuredmedia":[{"embeddable":true,"href":"https:\/\/kuzeyinsesi.org\/index.php\/wp-json\/wp\/v2\/media\/29886"}],"wp:attachment":[{"href":"https:\/\/kuzeyinsesi.org\/index.php\/wp-json\/wp\/v2\/media?parent=29885"}],"wp:term":[{"taxonomy":"category","embeddable":true,"href":"https:\/\/kuzeyinsesi.org\/index.php\/wp-json\/wp\/v2\/categories?post=29885"},{"taxonomy":"post_tag","embeddable":true,"href":"https:\/\/kuzeyinsesi.org\/index.php\/wp-json\/wp\/v2\/tags?post=29885"}],"curies":[{"name":"wp","href":"https:\/\/api.w.org\/{rel}","templated":true}]}}