{"id":29857,"date":"2025-08-03T13:50:02","date_gmt":"2025-08-03T10:50:02","guid":{"rendered":"https:\/\/kuzeyinsesi.org\/index.php\/2025\/08\/03\/kibris-turk-izcilik-federasyonu-2-yasinda\/"},"modified":"2025-08-03T13:50:02","modified_gmt":"2025-08-03T10:50:02","slug":"kibris-turk-izcilik-federasyonu-2-yasinda","status":"publish","type":"post","link":"https:\/\/kuzeyinsesi.org\/index.php\/2025\/08\/03\/kibris-turk-izcilik-federasyonu-2-yasinda\/","title":{"rendered":"K\u0131br\u0131s T\u00fcrk \u0130zcilik Federasyonu 2 ya\u015f\u0131nda"},"content":{"rendered":"<div>\n<div class=\"mariselle-image-container center\">\n                                            <\/div>\n<p>K\u0131br\u0131s T\u00fcrk \u0130zcilik Federasyonu, ikinci y\u0131l\u0131n\u0131 kutluyor.<\/p>\n<p>Federasyon Ba\u015fkan\u0131 Hakan \u0130nce yapt\u0131\u011f\u0131 yaz\u0131l\u0131 a\u00e7\u0131klamada, iki y\u0131l boyunca yaln\u0131zca kamplar d\u00fczenlemediklerini, ayn\u0131 zamanda izcili\u011fin birle\u015ftirici, d\u00f6n\u00fc\u015ft\u00fcr\u00fcc\u00fc ve evrensel ruhunu \u00fclkenin d\u00f6rt bir yan\u0131nda ya\u015fatmaya gayret ettiklerini belirtti.<\/p>\n<p>K\u0131br\u0131s T\u00fcrk izcili\u011finin, k\u00f6klerini yerelden alan ama g\u00f6z\u00fcn\u00fc evrensel de\u011ferlere diken, kat\u0131l\u0131mc\u0131 ve kapsay\u0131c\u0131 bir yap\u0131yla ilerledi\u011fine i\u015faret eden \u0130nce, \u201cDayan\u0131\u015fma ve i\u015f birli\u011fi i\u00e7inde b\u00fcy\u00fcyen bu yap\u0131, her ge\u00e7en g\u00fcn daha fazla izciye ilham veriyor\u201d dedi.<\/p>\n<\/p><\/div>\n<p><script async\n                    defer\n                    crossorigin=\"anonymous\"\n                    src=\"https:\/\/connect.facebook.net\/tr_TR\/sdk.js#xfbml=1&#038;version=v3.3\"\n            ><\/script><\/p>\n","protected":false},"excerpt":{"rendered":"<p>K\u0131br\u0131s T\u00fcrk \u0130zcilik Federasyonu, ikinci y\u0131l\u0131n\u0131 kutluyor. Federasyon Ba\u015fkan\u0131 Hakan \u0130nce yapt\u0131\u011f\u0131 yaz\u0131l\u0131 a\u00e7\u0131klamada, iki y\u0131l boyunca yaln\u0131zca kamplar d\u00fczenlemediklerini, ayn\u0131 zamanda izcili\u011fin birle\u015ftirici, d\u00f6n\u00fc\u015ft\u00fcr\u00fcc\u00fc ve evrensel ruhunu \u00fclkenin d\u00f6rt bir yan\u0131nda ya\u015fatmaya gayret ettiklerini belirtti. K\u0131br\u0131s T\u00fcrk izcili\u011finin, k\u00f6klerini yerelden alan ama g\u00f6z\u00fcn\u00fc evrensel de\u011ferlere diken, kat\u0131l\u0131mc\u0131 ve kapsay\u0131c\u0131 bir yap\u0131yla ilerledi\u011fine i\u015faret eden [&hellip;]<\/p>\n","protected":false},"author":1,"featured_media":29858,"comment_status":"open","ping_status":"open","sticky":false,"template":"","format":"standard","meta":{"jnews-multi-image_gallery":[],"jnews_single_post":[],"jnews_primary_category":[],"jnews_social_meta":[],"jnews_override_counter":[],"footnotes":""},"categories":[1],"tags":[],"class_list":["post-29857","post","type-post","status-publish","format-standard","has-post-thumbnail","hentry","category-kibris"],"yoast_head":"<!-- This site is optimized with the Yoast SEO plugin v27.5 - https:\/\/yoast.com\/product\/yoast-seo-wordpress\/ -->\n<title>K\u0131br\u0131s T\u00fcrk \u0130zcilik Federasyonu 2 ya\u015f\u0131nda - Kuzeyin Sesi<\/title>\n<meta name=\"robots\" content=\"index, follow, max-snippet:-1, max-image-preview:large, max-video-preview:-1\" \/>\n<link rel=\"canonical\" href=\"https:\/\/kuzeyinsesi.org\/index.php\/2025\/08\/03\/kibris-turk-izcilik-federasyonu-2-yasinda\/\" \/>\n<meta property=\"og:locale\" content=\"tr_TR\" \/>\n<meta property=\"og:type\" content=\"article\" \/>\n<meta property=\"og:title\" content=\"K\u0131br\u0131s T\u00fcrk \u0130zcilik Federasyonu 2 ya\u015f\u0131nda - Kuzeyin Sesi\" \/>\n<meta property=\"og:description\" content=\"K\u0131br\u0131s T\u00fcrk \u0130zcilik Federasyonu, ikinci y\u0131l\u0131n\u0131 kutluyor. Federasyon Ba\u015fkan\u0131 Hakan \u0130nce yapt\u0131\u011f\u0131 yaz\u0131l\u0131 a\u00e7\u0131klamada, iki y\u0131l boyunca yaln\u0131zca kamplar d\u00fczenlemediklerini, ayn\u0131 zamanda izcili\u011fin birle\u015ftirici, d\u00f6n\u00fc\u015ft\u00fcr\u00fcc\u00fc ve evrensel ruhunu \u00fclkenin d\u00f6rt bir yan\u0131nda ya\u015fatmaya gayret ettiklerini belirtti. K\u0131br\u0131s T\u00fcrk izcili\u011finin, k\u00f6klerini yerelden alan ama g\u00f6z\u00fcn\u00fc evrensel de\u011ferlere diken, kat\u0131l\u0131mc\u0131 ve kapsay\u0131c\u0131 bir yap\u0131yla ilerledi\u011fine i\u015faret eden [&hellip;]\" \/>\n<meta property=\"og:url\" content=\"https:\/\/kuzeyinsesi.org\/index.php\/2025\/08\/03\/kibris-turk-izcilik-federasyonu-2-yasinda\/\" \/>\n<meta property=\"og:site_name\" content=\"Kuzeyin Sesi\" \/>\n<meta property=\"article:publisher\" content=\"https:\/\/www.facebook.com\/kuzeyinsesii\" \/>\n<meta property=\"article:published_time\" content=\"2025-08-03T10:50:02+00:00\" \/>\n<meta property=\"og:image\" content=\"https:\/\/brtk.net\/wp-content\/uploads\/2025\/08\/03\/1754203841602izcilik-federasyonu3-scaled.jpeg?ver=519584977ad6648ef708cc5102e5625c\" \/>\n<meta name=\"author\" content=\"Kuzeyin Sesi\" \/>\n<meta name=\"twitter:card\" content=\"summary_large_image\" \/>\n<meta name=\"twitter:creator\" content=\"@kuzeyinsesii\" \/>\n<meta name=\"twitter:site\" content=\"@kuzeyinsesii\" \/>\n<meta name=\"twitter:label1\" content=\"Yazan:\" \/>\n\t<meta name=\"twitter:data1\" content=\"Kuzeyin Sesi\" \/>\n\t<meta name=\"twitter:label2\" content=\"Tahmini okuma s\u00fcresi\" \/>\n\t<meta name=\"twitter:data2\" content=\"1 dakika\" \/>\n<script type=\"application\/ld+json\" class=\"yoast-schema-graph\">{\"@context\":\"https:\\\/\\\/schema.org\",\"@graph\":[{\"@type\":\"Article\",\"@id\":\"https:\\\/\\\/kuzeyinsesi.org\\\/index.php\\\/2025\\\/08\\\/03\\\/kibris-turk-izcilik-federasyonu-2-yasinda\\\/#article\",\"isPartOf\":{\"@id\":\"https:\\\/\\\/kuzeyinsesi.org\\\/index.php\\\/2025\\\/08\\\/03\\\/kibris-turk-izcilik-federasyonu-2-yasinda\\\/\"},\"author\":{\"name\":\"Kuzeyin Sesi\",\"@id\":\"https:\\\/\\\/kuzeyinsesi.org\\\/#\\\/schema\\\/person\\\/9f859689cdf01485597712386e37f5aa\"},\"headline\":\"K\u0131br\u0131s T\u00fcrk \u0130zcilik Federasyonu 2 ya\u015f\u0131nda\",\"datePublished\":\"2025-08-03T10:50:02+00:00\",\"mainEntityOfPage\":{\"@id\":\"https:\\\/\\\/kuzeyinsesi.org\\\/index.php\\\/2025\\\/08\\\/03\\\/kibris-turk-izcilik-federasyonu-2-yasinda\\\/\"},\"wordCount\":123,\"commentCount\":0,\"image\":{\"@id\":\"https:\\\/\\\/kuzeyinsesi.org\\\/index.php\\\/2025\\\/08\\\/03\\\/kibris-turk-izcilik-federasyonu-2-yasinda\\\/#primaryimage\"},\"thumbnailUrl\":\"https:\\\/\\\/kuzeyinsesi.org\\\/wp-content\\\/uploads\\\/2025\\\/08\\\/1754203841602izcilik-federasyonu3-scaled.jpeg\",\"articleSection\":[\"K\u0131br\u0131s\"],\"inLanguage\":\"tr\",\"potentialAction\":[{\"@type\":\"CommentAction\",\"name\":\"Comment\",\"target\":[\"https:\\\/\\\/kuzeyinsesi.org\\\/index.php\\\/2025\\\/08\\\/03\\\/kibris-turk-izcilik-federasyonu-2-yasinda\\\/#respond\"]}]},{\"@type\":\"WebPage\",\"@id\":\"https:\\\/\\\/kuzeyinsesi.org\\\/index.php\\\/2025\\\/08\\\/03\\\/kibris-turk-izcilik-federasyonu-2-yasinda\\\/\",\"url\":\"https:\\\/\\\/kuzeyinsesi.org\\\/index.php\\\/2025\\\/08\\\/03\\\/kibris-turk-izcilik-federasyonu-2-yasinda\\\/\",\"name\":\"K\u0131br\u0131s T\u00fcrk \u0130zcilik Federasyonu 2 ya\u015f\u0131nda - Kuzeyin Sesi\",\"isPartOf\":{\"@id\":\"https:\\\/\\\/kuzeyinsesi.org\\\/#website\"},\"primaryImageOfPage\":{\"@id\":\"https:\\\/\\\/kuzeyinsesi.org\\\/index.php\\\/2025\\\/08\\\/03\\\/kibris-turk-izcilik-federasyonu-2-yasinda\\\/#primaryimage\"},\"image\":{\"@id\":\"https:\\\/\\\/kuzeyinsesi.org\\\/index.php\\\/2025\\\/08\\\/03\\\/kibris-turk-izcilik-federasyonu-2-yasinda\\\/#primaryimage\"},\"thumbnailUrl\":\"https:\\\/\\\/kuzeyinsesi.org\\\/wp-content\\\/uploads\\\/2025\\\/08\\\/1754203841602izcilik-federasyonu3-scaled.jpeg\",\"datePublished\":\"2025-08-03T10:50:02+00:00\",\"author\":{\"@id\":\"https:\\\/\\\/kuzeyinsesi.org\\\/#\\\/schema\\\/person\\\/9f859689cdf01485597712386e37f5aa\"},\"breadcrumb\":{\"@id\":\"https:\\\/\\\/kuzeyinsesi.org\\\/index.php\\\/2025\\\/08\\\/03\\\/kibris-turk-izcilik-federasyonu-2-yasinda\\\/#breadcrumb\"},\"inLanguage\":\"tr\",\"potentialAction\":[{\"@type\":\"ReadAction\",\"target\":[\"https:\\\/\\\/kuzeyinsesi.org\\\/index.php\\\/2025\\\/08\\\/03\\\/kibris-turk-izcilik-federasyonu-2-yasinda\\\/\"]}]},{\"@type\":\"ImageObject\",\"inLanguage\":\"tr\",\"@id\":\"https:\\\/\\\/kuzeyinsesi.org\\\/index.php\\\/2025\\\/08\\\/03\\\/kibris-turk-izcilik-federasyonu-2-yasinda\\\/#primaryimage\",\"url\":\"https:\\\/\\\/kuzeyinsesi.org\\\/wp-content\\\/uploads\\\/2025\\\/08\\\/1754203841602izcilik-federasyonu3-scaled.jpeg\",\"contentUrl\":\"https:\\\/\\\/kuzeyinsesi.org\\\/wp-content\\\/uploads\\\/2025\\\/08\\\/1754203841602izcilik-federasyonu3-scaled.jpeg\",\"width\":2560,\"height\":1920},{\"@type\":\"BreadcrumbList\",\"@id\":\"https:\\\/\\\/kuzeyinsesi.org\\\/index.php\\\/2025\\\/08\\\/03\\\/kibris-turk-izcilik-federasyonu-2-yasinda\\\/#breadcrumb\",\"itemListElement\":[{\"@type\":\"ListItem\",\"position\":1,\"name\":\"Anasayfa\",\"item\":\"https:\\\/\\\/kuzeyinsesi.org\\\/\"},{\"@type\":\"ListItem\",\"position\":2,\"name\":\"K\u0131br\u0131s T\u00fcrk \u0130zcilik Federasyonu 2 ya\u015f\u0131nda\"}]},{\"@type\":\"WebSite\",\"@id\":\"https:\\\/\\\/kuzeyinsesi.org\\\/#website\",\"url\":\"https:\\\/\\\/kuzeyinsesi.org\\\/\",\"name\":\"Kuzeyin Sesi\",\"description\":\"Do\u011fru Haberin Adresi\",\"potentialAction\":[{\"@type\":\"SearchAction\",\"target\":{\"@type\":\"EntryPoint\",\"urlTemplate\":\"https:\\\/\\\/kuzeyinsesi.org\\\/?s={search_term_string}\"},\"query-input\":{\"@type\":\"PropertyValueSpecification\",\"valueRequired\":true,\"valueName\":\"search_term_string\"}}],\"inLanguage\":\"tr\"},{\"@type\":\"Person\",\"@id\":\"https:\\\/\\\/kuzeyinsesi.org\\\/#\\\/schema\\\/person\\\/9f859689cdf01485597712386e37f5aa\",\"name\":\"Kuzeyin Sesi\",\"image\":{\"@type\":\"ImageObject\",\"inLanguage\":\"tr\",\"@id\":\"https:\\\/\\\/secure.gravatar.com\\\/avatar\\\/bab33852abfd8b282518d6ed81826833d77c3c882d9ab608add591ccace47a44?s=96&d=mm&r=g\",\"url\":\"https:\\\/\\\/secure.gravatar.com\\\/avatar\\\/bab33852abfd8b282518d6ed81826833d77c3c882d9ab608add591ccace47a44?s=96&d=mm&r=g\",\"contentUrl\":\"https:\\\/\\\/secure.gravatar.com\\\/avatar\\\/bab33852abfd8b282518d6ed81826833d77c3c882d9ab608add591ccace47a44?s=96&d=mm&r=g\",\"caption\":\"Kuzeyin Sesi\"},\"sameAs\":[\"https:\\\/\\\/kuzeyinsesi.org\"],\"url\":\"https:\\\/\\\/kuzeyinsesi.org\\\/index.php\\\/author\\\/guven\\\/\"}]}<\/script>\n<!-- \/ Yoast SEO plugin. -->","yoast_head_json":{"title":"K\u0131br\u0131s T\u00fcrk \u0130zcilik Federasyonu 2 ya\u015f\u0131nda - Kuzeyin Sesi","robots":{"index":"index","follow":"follow","max-snippet":"max-snippet:-1","max-image-preview":"max-image-preview:large","max-video-preview":"max-video-preview:-1"},"canonical":"https:\/\/kuzeyinsesi.org\/index.php\/2025\/08\/03\/kibris-turk-izcilik-federasyonu-2-yasinda\/","og_locale":"tr_TR","og_type":"article","og_title":"K\u0131br\u0131s T\u00fcrk \u0130zcilik Federasyonu 2 ya\u015f\u0131nda - Kuzeyin Sesi","og_description":"K\u0131br\u0131s T\u00fcrk \u0130zcilik Federasyonu, ikinci y\u0131l\u0131n\u0131 kutluyor. Federasyon Ba\u015fkan\u0131 Hakan \u0130nce yapt\u0131\u011f\u0131 yaz\u0131l\u0131 a\u00e7\u0131klamada, iki y\u0131l boyunca yaln\u0131zca kamplar d\u00fczenlemediklerini, ayn\u0131 zamanda izcili\u011fin birle\u015ftirici, d\u00f6n\u00fc\u015ft\u00fcr\u00fcc\u00fc ve evrensel ruhunu \u00fclkenin d\u00f6rt bir yan\u0131nda ya\u015fatmaya gayret ettiklerini belirtti. K\u0131br\u0131s T\u00fcrk izcili\u011finin, k\u00f6klerini yerelden alan ama g\u00f6z\u00fcn\u00fc evrensel de\u011ferlere diken, kat\u0131l\u0131mc\u0131 ve kapsay\u0131c\u0131 bir yap\u0131yla ilerledi\u011fine i\u015faret eden [&hellip;]","og_url":"https:\/\/kuzeyinsesi.org\/index.php\/2025\/08\/03\/kibris-turk-izcilik-federasyonu-2-yasinda\/","og_site_name":"Kuzeyin Sesi","article_publisher":"https:\/\/www.facebook.com\/kuzeyinsesii","article_published_time":"2025-08-03T10:50:02+00:00","og_image":[{"url":"https:\/\/brtk.net\/wp-content\/uploads\/2025\/08\/03\/1754203841602izcilik-federasyonu3-scaled.jpeg?ver=519584977ad6648ef708cc5102e5625c","type":"","width":"","height":""}],"author":"Kuzeyin Sesi","twitter_card":"summary_large_image","twitter_creator":"@kuzeyinsesii","twitter_site":"@kuzeyinsesii","twitter_misc":{"Yazan:":"Kuzeyin Sesi","Tahmini okuma s\u00fcresi":"1 dakika"},"schema":{"@context":"https:\/\/schema.org","@graph":[{"@type":"Article","@id":"https:\/\/kuzeyinsesi.org\/index.php\/2025\/08\/03\/kibris-turk-izcilik-federasyonu-2-yasinda\/#article","isPartOf":{"@id":"https:\/\/kuzeyinsesi.org\/index.php\/2025\/08\/03\/kibris-turk-izcilik-federasyonu-2-yasinda\/"},"author":{"name":"Kuzeyin Sesi","@id":"https:\/\/kuzeyinsesi.org\/#\/schema\/person\/9f859689cdf01485597712386e37f5aa"},"headline":"K\u0131br\u0131s T\u00fcrk \u0130zcilik Federasyonu 2 ya\u015f\u0131nda","datePublished":"2025-08-03T10:50:02+00:00","mainEntityOfPage":{"@id":"https:\/\/kuzeyinsesi.org\/index.php\/2025\/08\/03\/kibris-turk-izcilik-federasyonu-2-yasinda\/"},"wordCount":123,"commentCount":0,"image":{"@id":"https:\/\/kuzeyinsesi.org\/index.php\/2025\/08\/03\/kibris-turk-izcilik-federasyonu-2-yasinda\/#primaryimage"},"thumbnailUrl":"https:\/\/kuzeyinsesi.org\/wp-content\/uploads\/2025\/08\/1754203841602izcilik-federasyonu3-scaled.jpeg","articleSection":["K\u0131br\u0131s"],"inLanguage":"tr","potentialAction":[{"@type":"CommentAction","name":"Comment","target":["https:\/\/kuzeyinsesi.org\/index.php\/2025\/08\/03\/kibris-turk-izcilik-federasyonu-2-yasinda\/#respond"]}]},{"@type":"WebPage","@id":"https:\/\/kuzeyinsesi.org\/index.php\/2025\/08\/03\/kibris-turk-izcilik-federasyonu-2-yasinda\/","url":"https:\/\/kuzeyinsesi.org\/index.php\/2025\/08\/03\/kibris-turk-izcilik-federasyonu-2-yasinda\/","name":"K\u0131br\u0131s T\u00fcrk \u0130zcilik Federasyonu 2 ya\u015f\u0131nda - Kuzeyin Sesi","isPartOf":{"@id":"https:\/\/kuzeyinsesi.org\/#website"},"primaryImageOfPage":{"@id":"https:\/\/kuzeyinsesi.org\/index.php\/2025\/08\/03\/kibris-turk-izcilik-federasyonu-2-yasinda\/#primaryimage"},"image":{"@id":"https:\/\/kuzeyinsesi.org\/index.php\/2025\/08\/03\/kibris-turk-izcilik-federasyonu-2-yasinda\/#primaryimage"},"thumbnailUrl":"https:\/\/kuzeyinsesi.org\/wp-content\/uploads\/2025\/08\/1754203841602izcilik-federasyonu3-scaled.jpeg","datePublished":"2025-08-03T10:50:02+00:00","author":{"@id":"https:\/\/kuzeyinsesi.org\/#\/schema\/person\/9f859689cdf01485597712386e37f5aa"},"breadcrumb":{"@id":"https:\/\/kuzeyinsesi.org\/index.php\/2025\/08\/03\/kibris-turk-izcilik-federasyonu-2-yasinda\/#breadcrumb"},"inLanguage":"tr","potentialAction":[{"@type":"ReadAction","target":["https:\/\/kuzeyinsesi.org\/index.php\/2025\/08\/03\/kibris-turk-izcilik-federasyonu-2-yasinda\/"]}]},{"@type":"ImageObject","inLanguage":"tr","@id":"https:\/\/kuzeyinsesi.org\/index.php\/2025\/08\/03\/kibris-turk-izcilik-federasyonu-2-yasinda\/#primaryimage","url":"https:\/\/kuzeyinsesi.org\/wp-content\/uploads\/2025\/08\/1754203841602izcilik-federasyonu3-scaled.jpeg","contentUrl":"https:\/\/kuzeyinsesi.org\/wp-content\/uploads\/2025\/08\/1754203841602izcilik-federasyonu3-scaled.jpeg","width":2560,"height":1920},{"@type":"BreadcrumbList","@id":"https:\/\/kuzeyinsesi.org\/index.php\/2025\/08\/03\/kibris-turk-izcilik-federasyonu-2-yasinda\/#breadcrumb","itemListElement":[{"@type":"ListItem","position":1,"name":"Anasayfa","item":"https:\/\/kuzeyinsesi.org\/"},{"@type":"ListItem","position":2,"name":"K\u0131br\u0131s T\u00fcrk \u0130zcilik Federasyonu 2 ya\u015f\u0131nda"}]},{"@type":"WebSite","@id":"https:\/\/kuzeyinsesi.org\/#website","url":"https:\/\/kuzeyinsesi.org\/","name":"Kuzeyin Sesi","description":"Do\u011fru Haberin Adresi","potentialAction":[{"@type":"SearchAction","target":{"@type":"EntryPoint","urlTemplate":"https:\/\/kuzeyinsesi.org\/?s={search_term_string}"},"query-input":{"@type":"PropertyValueSpecification","valueRequired":true,"valueName":"search_term_string"}}],"inLanguage":"tr"},{"@type":"Person","@id":"https:\/\/kuzeyinsesi.org\/#\/schema\/person\/9f859689cdf01485597712386e37f5aa","name":"Kuzeyin Sesi","image":{"@type":"ImageObject","inLanguage":"tr","@id":"https:\/\/secure.gravatar.com\/avatar\/bab33852abfd8b282518d6ed81826833d77c3c882d9ab608add591ccace47a44?s=96&d=mm&r=g","url":"https:\/\/secure.gravatar.com\/avatar\/bab33852abfd8b282518d6ed81826833d77c3c882d9ab608add591ccace47a44?s=96&d=mm&r=g","contentUrl":"https:\/\/secure.gravatar.com\/avatar\/bab33852abfd8b282518d6ed81826833d77c3c882d9ab608add591ccace47a44?s=96&d=mm&r=g","caption":"Kuzeyin Sesi"},"sameAs":["https:\/\/kuzeyinsesi.org"],"url":"https:\/\/kuzeyinsesi.org\/index.php\/author\/guven\/"}]}},"_links":{"self":[{"href":"https:\/\/kuzeyinsesi.org\/index.php\/wp-json\/wp\/v2\/posts\/29857","targetHints":{"allow":["GET"]}}],"collection":[{"href":"https:\/\/kuzeyinsesi.org\/index.php\/wp-json\/wp\/v2\/posts"}],"about":[{"href":"https:\/\/kuzeyinsesi.org\/index.php\/wp-json\/wp\/v2\/types\/post"}],"author":[{"embeddable":true,"href":"https:\/\/kuzeyinsesi.org\/index.php\/wp-json\/wp\/v2\/users\/1"}],"replies":[{"embeddable":true,"href":"https:\/\/kuzeyinsesi.org\/index.php\/wp-json\/wp\/v2\/comments?post=29857"}],"version-history":[{"count":0,"href":"https:\/\/kuzeyinsesi.org\/index.php\/wp-json\/wp\/v2\/posts\/29857\/revisions"}],"wp:featuredmedia":[{"embeddable":true,"href":"https:\/\/kuzeyinsesi.org\/index.php\/wp-json\/wp\/v2\/media\/29858"}],"wp:attachment":[{"href":"https:\/\/kuzeyinsesi.org\/index.php\/wp-json\/wp\/v2\/media?parent=29857"}],"wp:term":[{"taxonomy":"category","embeddable":true,"href":"https:\/\/kuzeyinsesi.org\/index.php\/wp-json\/wp\/v2\/categories?post=29857"},{"taxonomy":"post_tag","embeddable":true,"href":"https:\/\/kuzeyinsesi.org\/index.php\/wp-json\/wp\/v2\/tags?post=29857"}],"curies":[{"name":"wp","href":"https:\/\/api.w.org\/{rel}","templated":true}]}}