{"id":2975,"date":"2024-05-20T13:26:07","date_gmt":"2024-05-20T10:26:07","guid":{"rendered":"https:\/\/kuzeyinsesi.com\/index.php\/2024\/05\/20\/gmb-turk-halk-muzigi-korosundan-turkulerle-bahar-konseri\/"},"modified":"2024-05-20T13:26:07","modified_gmt":"2024-05-20T10:26:07","slug":"gmb-turk-halk-muzigi-korosundan-turkulerle-bahar-konseri","status":"publish","type":"post","link":"https:\/\/kuzeyinsesi.org\/index.php\/2024\/05\/20\/gmb-turk-halk-muzigi-korosundan-turkulerle-bahar-konseri\/","title":{"rendered":"GMB T\u00fcrk Halk M\u00fczi\u011fi Korosu\u2019ndan \u201cT\u00fcrk\u00fclerle Bahar\u201d Konseri\u2026"},"content":{"rendered":"<div>\n<div class=\"mariselle-image-container center\">\n                                            <\/div>\n<p>Gazima\u011fusa Belediyesi (GMB) T\u00fcrk Halk M\u00fczi\u011fi Korosu, per\u015fembe g\u00fcn\u00fc \u201cT\u00fcrk\u00fclerle Bahar\u201d konseri veriyor.<\/p>\n<p>GMB\u2019den verilen bilgiye g\u00f6re, Rauf Raif Denkta\u015f K\u00fclt\u00fcr ve Kongre Merkezi\u2019nde Do\u011fan Balyemez \u015fefli\u011finde d\u00fczenlenecek konser 20.30\u2019da ba\u015flayacak.<\/p>\n<p>Konsere giri\u015f \u00fccretsiz olacak.<\/p>\n<\/p><\/div>\n<p><script async\n                    defer\n                    crossorigin=\"anonymous\"\n                    src=\"https:\/\/connect.facebook.net\/tr_TR\/sdk.js#xfbml=1&#038;version=v3.3\"\n            ><\/script><\/p>\n","protected":false},"excerpt":{"rendered":"<p>Gazima\u011fusa Belediyesi (GMB) T\u00fcrk Halk M\u00fczi\u011fi Korosu, per\u015fembe g\u00fcn\u00fc \u201cT\u00fcrk\u00fclerle Bahar\u201d konseri veriyor. GMB\u2019den verilen bilgiye g\u00f6re, Rauf Raif Denkta\u015f K\u00fclt\u00fcr ve Kongre Merkezi\u2019nde Do\u011fan Balyemez \u015fefli\u011finde d\u00fczenlenecek konser 20.30\u2019da ba\u015flayacak. Konsere giri\u015f \u00fccretsiz olacak.<\/p>\n","protected":false},"author":1,"featured_media":2976,"comment_status":"open","ping_status":"open","sticky":false,"template":"","format":"standard","meta":{"jnews-multi-image_gallery":[],"jnews_single_post":[],"jnews_primary_category":[],"jnews_social_meta":[],"jnews_override_counter":[],"footnotes":""},"categories":[6],"tags":[],"class_list":["post-2975","post","type-post","status-publish","format-standard","has-post-thumbnail","hentry","category-yasam"],"yoast_head":"<!-- This site is optimized with the Yoast SEO plugin v27.5 - https:\/\/yoast.com\/product\/yoast-seo-wordpress\/ -->\n<title>GMB T\u00fcrk Halk M\u00fczi\u011fi Korosu\u2019ndan \u201cT\u00fcrk\u00fclerle Bahar\u201d Konseri\u2026 - Kuzeyin Sesi<\/title>\n<meta name=\"robots\" content=\"index, follow, max-snippet:-1, max-image-preview:large, max-video-preview:-1\" \/>\n<link rel=\"canonical\" href=\"https:\/\/kuzeyinsesi.org\/index.php\/2024\/05\/20\/gmb-turk-halk-muzigi-korosundan-turkulerle-bahar-konseri\/\" \/>\n<meta property=\"og:locale\" content=\"tr_TR\" \/>\n<meta property=\"og:type\" content=\"article\" \/>\n<meta property=\"og:title\" content=\"GMB T\u00fcrk Halk M\u00fczi\u011fi Korosu\u2019ndan \u201cT\u00fcrk\u00fclerle Bahar\u201d Konseri\u2026 - Kuzeyin Sesi\" \/>\n<meta property=\"og:description\" content=\"Gazima\u011fusa Belediyesi (GMB) T\u00fcrk Halk M\u00fczi\u011fi Korosu, per\u015fembe g\u00fcn\u00fc \u201cT\u00fcrk\u00fclerle Bahar\u201d konseri veriyor. GMB\u2019den verilen bilgiye g\u00f6re, Rauf Raif Denkta\u015f K\u00fclt\u00fcr ve Kongre Merkezi\u2019nde Do\u011fan Balyemez \u015fefli\u011finde d\u00fczenlenecek konser 20.30\u2019da ba\u015flayacak. Konsere giri\u015f \u00fccretsiz olacak.\" \/>\n<meta property=\"og:url\" content=\"https:\/\/kuzeyinsesi.org\/index.php\/2024\/05\/20\/gmb-turk-halk-muzigi-korosundan-turkulerle-bahar-konseri\/\" \/>\n<meta property=\"og:site_name\" content=\"Kuzeyin Sesi\" \/>\n<meta property=\"article:publisher\" content=\"https:\/\/www.facebook.com\/kuzeyinsesii\" \/>\n<meta property=\"article:published_time\" content=\"2024-05-20T10:26:07+00:00\" \/>\n<meta property=\"og:image\" content=\"https:\/\/kuzeyinsesi.org\/wp-content\/uploads\/2024\/05\/turku.png\" \/>\n\t<meta property=\"og:image:width\" content=\"1279\" \/>\n\t<meta property=\"og:image:height\" content=\"545\" \/>\n\t<meta property=\"og:image:type\" content=\"image\/png\" \/>\n<meta name=\"author\" content=\"Kuzeyin Sesi\" \/>\n<meta name=\"twitter:card\" content=\"summary_large_image\" \/>\n<meta name=\"twitter:creator\" content=\"@kuzeyinsesii\" \/>\n<meta name=\"twitter:site\" content=\"@kuzeyinsesii\" \/>\n<meta name=\"twitter:label1\" content=\"Yazan:\" \/>\n\t<meta name=\"twitter:data1\" content=\"Kuzeyin Sesi\" \/>\n<script type=\"application\/ld+json\" class=\"yoast-schema-graph\">{\"@context\":\"https:\\\/\\\/schema.org\",\"@graph\":[{\"@type\":\"Article\",\"@id\":\"https:\\\/\\\/kuzeyinsesi.org\\\/index.php\\\/2024\\\/05\\\/20\\\/gmb-turk-halk-muzigi-korosundan-turkulerle-bahar-konseri\\\/#article\",\"isPartOf\":{\"@id\":\"https:\\\/\\\/kuzeyinsesi.org\\\/index.php\\\/2024\\\/05\\\/20\\\/gmb-turk-halk-muzigi-korosundan-turkulerle-bahar-konseri\\\/\"},\"author\":{\"name\":\"Kuzeyin Sesi\",\"@id\":\"https:\\\/\\\/kuzeyinsesi.org\\\/#\\\/schema\\\/person\\\/9f859689cdf01485597712386e37f5aa\"},\"headline\":\"GMB T\u00fcrk Halk M\u00fczi\u011fi Korosu\u2019ndan \u201cT\u00fcrk\u00fclerle Bahar\u201d Konseri\u2026\",\"datePublished\":\"2024-05-20T10:26:07+00:00\",\"mainEntityOfPage\":{\"@id\":\"https:\\\/\\\/kuzeyinsesi.org\\\/index.php\\\/2024\\\/05\\\/20\\\/gmb-turk-halk-muzigi-korosundan-turkulerle-bahar-konseri\\\/\"},\"wordCount\":66,\"commentCount\":0,\"image\":{\"@id\":\"https:\\\/\\\/kuzeyinsesi.org\\\/index.php\\\/2024\\\/05\\\/20\\\/gmb-turk-halk-muzigi-korosundan-turkulerle-bahar-konseri\\\/#primaryimage\"},\"thumbnailUrl\":\"https:\\\/\\\/kuzeyinsesi.org\\\/wp-content\\\/uploads\\\/2024\\\/05\\\/turku.png\",\"articleSection\":[\"Ya\u015fam\"],\"inLanguage\":\"tr\",\"potentialAction\":[{\"@type\":\"CommentAction\",\"name\":\"Comment\",\"target\":[\"https:\\\/\\\/kuzeyinsesi.org\\\/index.php\\\/2024\\\/05\\\/20\\\/gmb-turk-halk-muzigi-korosundan-turkulerle-bahar-konseri\\\/#respond\"]}]},{\"@type\":\"WebPage\",\"@id\":\"https:\\\/\\\/kuzeyinsesi.org\\\/index.php\\\/2024\\\/05\\\/20\\\/gmb-turk-halk-muzigi-korosundan-turkulerle-bahar-konseri\\\/\",\"url\":\"https:\\\/\\\/kuzeyinsesi.org\\\/index.php\\\/2024\\\/05\\\/20\\\/gmb-turk-halk-muzigi-korosundan-turkulerle-bahar-konseri\\\/\",\"name\":\"GMB T\u00fcrk Halk M\u00fczi\u011fi Korosu\u2019ndan \u201cT\u00fcrk\u00fclerle Bahar\u201d Konseri\u2026 - Kuzeyin Sesi\",\"isPartOf\":{\"@id\":\"https:\\\/\\\/kuzeyinsesi.org\\\/#website\"},\"primaryImageOfPage\":{\"@id\":\"https:\\\/\\\/kuzeyinsesi.org\\\/index.php\\\/2024\\\/05\\\/20\\\/gmb-turk-halk-muzigi-korosundan-turkulerle-bahar-konseri\\\/#primaryimage\"},\"image\":{\"@id\":\"https:\\\/\\\/kuzeyinsesi.org\\\/index.php\\\/2024\\\/05\\\/20\\\/gmb-turk-halk-muzigi-korosundan-turkulerle-bahar-konseri\\\/#primaryimage\"},\"thumbnailUrl\":\"https:\\\/\\\/kuzeyinsesi.org\\\/wp-content\\\/uploads\\\/2024\\\/05\\\/turku.png\",\"datePublished\":\"2024-05-20T10:26:07+00:00\",\"author\":{\"@id\":\"https:\\\/\\\/kuzeyinsesi.org\\\/#\\\/schema\\\/person\\\/9f859689cdf01485597712386e37f5aa\"},\"breadcrumb\":{\"@id\":\"https:\\\/\\\/kuzeyinsesi.org\\\/index.php\\\/2024\\\/05\\\/20\\\/gmb-turk-halk-muzigi-korosundan-turkulerle-bahar-konseri\\\/#breadcrumb\"},\"inLanguage\":\"tr\",\"potentialAction\":[{\"@type\":\"ReadAction\",\"target\":[\"https:\\\/\\\/kuzeyinsesi.org\\\/index.php\\\/2024\\\/05\\\/20\\\/gmb-turk-halk-muzigi-korosundan-turkulerle-bahar-konseri\\\/\"]}]},{\"@type\":\"ImageObject\",\"inLanguage\":\"tr\",\"@id\":\"https:\\\/\\\/kuzeyinsesi.org\\\/index.php\\\/2024\\\/05\\\/20\\\/gmb-turk-halk-muzigi-korosundan-turkulerle-bahar-konseri\\\/#primaryimage\",\"url\":\"https:\\\/\\\/kuzeyinsesi.org\\\/wp-content\\\/uploads\\\/2024\\\/05\\\/turku.png\",\"contentUrl\":\"https:\\\/\\\/kuzeyinsesi.org\\\/wp-content\\\/uploads\\\/2024\\\/05\\\/turku.png\",\"width\":1279,\"height\":545},{\"@type\":\"BreadcrumbList\",\"@id\":\"https:\\\/\\\/kuzeyinsesi.org\\\/index.php\\\/2024\\\/05\\\/20\\\/gmb-turk-halk-muzigi-korosundan-turkulerle-bahar-konseri\\\/#breadcrumb\",\"itemListElement\":[{\"@type\":\"ListItem\",\"position\":1,\"name\":\"Anasayfa\",\"item\":\"https:\\\/\\\/kuzeyinsesi.org\\\/\"},{\"@type\":\"ListItem\",\"position\":2,\"name\":\"GMB T\u00fcrk Halk M\u00fczi\u011fi Korosu\u2019ndan \u201cT\u00fcrk\u00fclerle Bahar\u201d Konseri\u2026\"}]},{\"@type\":\"WebSite\",\"@id\":\"https:\\\/\\\/kuzeyinsesi.org\\\/#website\",\"url\":\"https:\\\/\\\/kuzeyinsesi.org\\\/\",\"name\":\"Kuzeyin Sesi\",\"description\":\"Do\u011fru Haberin Adresi\",\"potentialAction\":[{\"@type\":\"SearchAction\",\"target\":{\"@type\":\"EntryPoint\",\"urlTemplate\":\"https:\\\/\\\/kuzeyinsesi.org\\\/?s={search_term_string}\"},\"query-input\":{\"@type\":\"PropertyValueSpecification\",\"valueRequired\":true,\"valueName\":\"search_term_string\"}}],\"inLanguage\":\"tr\"},{\"@type\":\"Person\",\"@id\":\"https:\\\/\\\/kuzeyinsesi.org\\\/#\\\/schema\\\/person\\\/9f859689cdf01485597712386e37f5aa\",\"name\":\"Kuzeyin Sesi\",\"image\":{\"@type\":\"ImageObject\",\"inLanguage\":\"tr\",\"@id\":\"https:\\\/\\\/secure.gravatar.com\\\/avatar\\\/bab33852abfd8b282518d6ed81826833d77c3c882d9ab608add591ccace47a44?s=96&d=mm&r=g\",\"url\":\"https:\\\/\\\/secure.gravatar.com\\\/avatar\\\/bab33852abfd8b282518d6ed81826833d77c3c882d9ab608add591ccace47a44?s=96&d=mm&r=g\",\"contentUrl\":\"https:\\\/\\\/secure.gravatar.com\\\/avatar\\\/bab33852abfd8b282518d6ed81826833d77c3c882d9ab608add591ccace47a44?s=96&d=mm&r=g\",\"caption\":\"Kuzeyin Sesi\"},\"sameAs\":[\"https:\\\/\\\/kuzeyinsesi.org\"],\"url\":\"https:\\\/\\\/kuzeyinsesi.org\\\/index.php\\\/author\\\/guven\\\/\"}]}<\/script>\n<!-- \/ Yoast SEO plugin. -->","yoast_head_json":{"title":"GMB T\u00fcrk Halk M\u00fczi\u011fi Korosu\u2019ndan \u201cT\u00fcrk\u00fclerle Bahar\u201d Konseri\u2026 - Kuzeyin Sesi","robots":{"index":"index","follow":"follow","max-snippet":"max-snippet:-1","max-image-preview":"max-image-preview:large","max-video-preview":"max-video-preview:-1"},"canonical":"https:\/\/kuzeyinsesi.org\/index.php\/2024\/05\/20\/gmb-turk-halk-muzigi-korosundan-turkulerle-bahar-konseri\/","og_locale":"tr_TR","og_type":"article","og_title":"GMB T\u00fcrk Halk M\u00fczi\u011fi Korosu\u2019ndan \u201cT\u00fcrk\u00fclerle Bahar\u201d Konseri\u2026 - Kuzeyin Sesi","og_description":"Gazima\u011fusa Belediyesi (GMB) T\u00fcrk Halk M\u00fczi\u011fi Korosu, per\u015fembe g\u00fcn\u00fc \u201cT\u00fcrk\u00fclerle Bahar\u201d konseri veriyor. GMB\u2019den verilen bilgiye g\u00f6re, Rauf Raif Denkta\u015f K\u00fclt\u00fcr ve Kongre Merkezi\u2019nde Do\u011fan Balyemez \u015fefli\u011finde d\u00fczenlenecek konser 20.30\u2019da ba\u015flayacak. Konsere giri\u015f \u00fccretsiz olacak.","og_url":"https:\/\/kuzeyinsesi.org\/index.php\/2024\/05\/20\/gmb-turk-halk-muzigi-korosundan-turkulerle-bahar-konseri\/","og_site_name":"Kuzeyin Sesi","article_publisher":"https:\/\/www.facebook.com\/kuzeyinsesii","article_published_time":"2024-05-20T10:26:07+00:00","og_image":[{"width":1279,"height":545,"url":"https:\/\/kuzeyinsesi.org\/wp-content\/uploads\/2024\/05\/turku.png","type":"image\/png"}],"author":"Kuzeyin Sesi","twitter_card":"summary_large_image","twitter_creator":"@kuzeyinsesii","twitter_site":"@kuzeyinsesii","twitter_misc":{"Yazan:":"Kuzeyin Sesi"},"schema":{"@context":"https:\/\/schema.org","@graph":[{"@type":"Article","@id":"https:\/\/kuzeyinsesi.org\/index.php\/2024\/05\/20\/gmb-turk-halk-muzigi-korosundan-turkulerle-bahar-konseri\/#article","isPartOf":{"@id":"https:\/\/kuzeyinsesi.org\/index.php\/2024\/05\/20\/gmb-turk-halk-muzigi-korosundan-turkulerle-bahar-konseri\/"},"author":{"name":"Kuzeyin Sesi","@id":"https:\/\/kuzeyinsesi.org\/#\/schema\/person\/9f859689cdf01485597712386e37f5aa"},"headline":"GMB T\u00fcrk Halk M\u00fczi\u011fi Korosu\u2019ndan \u201cT\u00fcrk\u00fclerle Bahar\u201d Konseri\u2026","datePublished":"2024-05-20T10:26:07+00:00","mainEntityOfPage":{"@id":"https:\/\/kuzeyinsesi.org\/index.php\/2024\/05\/20\/gmb-turk-halk-muzigi-korosundan-turkulerle-bahar-konseri\/"},"wordCount":66,"commentCount":0,"image":{"@id":"https:\/\/kuzeyinsesi.org\/index.php\/2024\/05\/20\/gmb-turk-halk-muzigi-korosundan-turkulerle-bahar-konseri\/#primaryimage"},"thumbnailUrl":"https:\/\/kuzeyinsesi.org\/wp-content\/uploads\/2024\/05\/turku.png","articleSection":["Ya\u015fam"],"inLanguage":"tr","potentialAction":[{"@type":"CommentAction","name":"Comment","target":["https:\/\/kuzeyinsesi.org\/index.php\/2024\/05\/20\/gmb-turk-halk-muzigi-korosundan-turkulerle-bahar-konseri\/#respond"]}]},{"@type":"WebPage","@id":"https:\/\/kuzeyinsesi.org\/index.php\/2024\/05\/20\/gmb-turk-halk-muzigi-korosundan-turkulerle-bahar-konseri\/","url":"https:\/\/kuzeyinsesi.org\/index.php\/2024\/05\/20\/gmb-turk-halk-muzigi-korosundan-turkulerle-bahar-konseri\/","name":"GMB T\u00fcrk Halk M\u00fczi\u011fi Korosu\u2019ndan \u201cT\u00fcrk\u00fclerle Bahar\u201d Konseri\u2026 - Kuzeyin Sesi","isPartOf":{"@id":"https:\/\/kuzeyinsesi.org\/#website"},"primaryImageOfPage":{"@id":"https:\/\/kuzeyinsesi.org\/index.php\/2024\/05\/20\/gmb-turk-halk-muzigi-korosundan-turkulerle-bahar-konseri\/#primaryimage"},"image":{"@id":"https:\/\/kuzeyinsesi.org\/index.php\/2024\/05\/20\/gmb-turk-halk-muzigi-korosundan-turkulerle-bahar-konseri\/#primaryimage"},"thumbnailUrl":"https:\/\/kuzeyinsesi.org\/wp-content\/uploads\/2024\/05\/turku.png","datePublished":"2024-05-20T10:26:07+00:00","author":{"@id":"https:\/\/kuzeyinsesi.org\/#\/schema\/person\/9f859689cdf01485597712386e37f5aa"},"breadcrumb":{"@id":"https:\/\/kuzeyinsesi.org\/index.php\/2024\/05\/20\/gmb-turk-halk-muzigi-korosundan-turkulerle-bahar-konseri\/#breadcrumb"},"inLanguage":"tr","potentialAction":[{"@type":"ReadAction","target":["https:\/\/kuzeyinsesi.org\/index.php\/2024\/05\/20\/gmb-turk-halk-muzigi-korosundan-turkulerle-bahar-konseri\/"]}]},{"@type":"ImageObject","inLanguage":"tr","@id":"https:\/\/kuzeyinsesi.org\/index.php\/2024\/05\/20\/gmb-turk-halk-muzigi-korosundan-turkulerle-bahar-konseri\/#primaryimage","url":"https:\/\/kuzeyinsesi.org\/wp-content\/uploads\/2024\/05\/turku.png","contentUrl":"https:\/\/kuzeyinsesi.org\/wp-content\/uploads\/2024\/05\/turku.png","width":1279,"height":545},{"@type":"BreadcrumbList","@id":"https:\/\/kuzeyinsesi.org\/index.php\/2024\/05\/20\/gmb-turk-halk-muzigi-korosundan-turkulerle-bahar-konseri\/#breadcrumb","itemListElement":[{"@type":"ListItem","position":1,"name":"Anasayfa","item":"https:\/\/kuzeyinsesi.org\/"},{"@type":"ListItem","position":2,"name":"GMB T\u00fcrk Halk M\u00fczi\u011fi Korosu\u2019ndan \u201cT\u00fcrk\u00fclerle Bahar\u201d Konseri\u2026"}]},{"@type":"WebSite","@id":"https:\/\/kuzeyinsesi.org\/#website","url":"https:\/\/kuzeyinsesi.org\/","name":"Kuzeyin Sesi","description":"Do\u011fru Haberin Adresi","potentialAction":[{"@type":"SearchAction","target":{"@type":"EntryPoint","urlTemplate":"https:\/\/kuzeyinsesi.org\/?s={search_term_string}"},"query-input":{"@type":"PropertyValueSpecification","valueRequired":true,"valueName":"search_term_string"}}],"inLanguage":"tr"},{"@type":"Person","@id":"https:\/\/kuzeyinsesi.org\/#\/schema\/person\/9f859689cdf01485597712386e37f5aa","name":"Kuzeyin Sesi","image":{"@type":"ImageObject","inLanguage":"tr","@id":"https:\/\/secure.gravatar.com\/avatar\/bab33852abfd8b282518d6ed81826833d77c3c882d9ab608add591ccace47a44?s=96&d=mm&r=g","url":"https:\/\/secure.gravatar.com\/avatar\/bab33852abfd8b282518d6ed81826833d77c3c882d9ab608add591ccace47a44?s=96&d=mm&r=g","contentUrl":"https:\/\/secure.gravatar.com\/avatar\/bab33852abfd8b282518d6ed81826833d77c3c882d9ab608add591ccace47a44?s=96&d=mm&r=g","caption":"Kuzeyin Sesi"},"sameAs":["https:\/\/kuzeyinsesi.org"],"url":"https:\/\/kuzeyinsesi.org\/index.php\/author\/guven\/"}]}},"_links":{"self":[{"href":"https:\/\/kuzeyinsesi.org\/index.php\/wp-json\/wp\/v2\/posts\/2975","targetHints":{"allow":["GET"]}}],"collection":[{"href":"https:\/\/kuzeyinsesi.org\/index.php\/wp-json\/wp\/v2\/posts"}],"about":[{"href":"https:\/\/kuzeyinsesi.org\/index.php\/wp-json\/wp\/v2\/types\/post"}],"author":[{"embeddable":true,"href":"https:\/\/kuzeyinsesi.org\/index.php\/wp-json\/wp\/v2\/users\/1"}],"replies":[{"embeddable":true,"href":"https:\/\/kuzeyinsesi.org\/index.php\/wp-json\/wp\/v2\/comments?post=2975"}],"version-history":[{"count":0,"href":"https:\/\/kuzeyinsesi.org\/index.php\/wp-json\/wp\/v2\/posts\/2975\/revisions"}],"wp:featuredmedia":[{"embeddable":true,"href":"https:\/\/kuzeyinsesi.org\/index.php\/wp-json\/wp\/v2\/media\/2976"}],"wp:attachment":[{"href":"https:\/\/kuzeyinsesi.org\/index.php\/wp-json\/wp\/v2\/media?parent=2975"}],"wp:term":[{"taxonomy":"category","embeddable":true,"href":"https:\/\/kuzeyinsesi.org\/index.php\/wp-json\/wp\/v2\/categories?post=2975"},{"taxonomy":"post_tag","embeddable":true,"href":"https:\/\/kuzeyinsesi.org\/index.php\/wp-json\/wp\/v2\/tags?post=2975"}],"curies":[{"name":"wp","href":"https:\/\/api.w.org\/{rel}","templated":true}]}}