{"id":2963,"date":"2024-05-20T12:24:57","date_gmt":"2024-05-20T09:24:57","guid":{"rendered":"https:\/\/kuzeyinsesi.com\/index.php\/2024\/05\/20\/eklektik-manifest-lefkosa-bienaline-giris-projesinin-ilk-uc-istasyonu-acildi\/"},"modified":"2024-05-20T12:24:57","modified_gmt":"2024-05-20T09:24:57","slug":"eklektik-manifest-lefkosa-bienaline-giris-projesinin-ilk-uc-istasyonu-acildi","status":"publish","type":"post","link":"https:\/\/kuzeyinsesi.org\/index.php\/2024\/05\/20\/eklektik-manifest-lefkosa-bienaline-giris-projesinin-ilk-uc-istasyonu-acildi\/","title":{"rendered":"Eklektik Manifest \u2013 Lefko\u015fa Bienali\u2019ne Giri\u015f Projesi\u2019nin ilk \u00fc\u00e7 istasyonu a\u00e7\u0131ld\u0131"},"content":{"rendered":"<div>\n<div class=\"mariselle-image-container center\">\n                                            <\/div>\n<p>Arkhe organizasyonuyla Lefko\u015fa T\u00fcrk Belediyesi (LTB) himayesinde 11 May\u0131s\u2019ta ba\u015flayan Eklektik Manifest \u2013 Lefko\u015fa Bienali\u2019ne Giri\u015f Projesi\u2019nin ilk \u00fc\u00e7 istasyonu a\u00e7\u0131ld\u0131.<\/p>\n<p>Belediyeden yap\u0131lan a\u00e7\u0131klamaya g\u00f6re, projenin ilk istasyonunda \u00d6zlem \u00dcnsal\u2019\u0131n k\u00fcrat\u00f6rl\u00fc\u011f\u00fcn\u00fc \u00fcstlendi\u011fi Diaspora kategorisindeki \u00fc\u00e7 sergi; Asl\u0131 Bolay\u0131r\u2019\u0131n \u201cBir G\u00fcne\u015fte Uruba Kurutmak\u201d, Alev Adil\u2019in \u201cRuined Archive \/ Harap Ar\u015fiv\u201d ve S\u00fcmer Erek\u2019in, \u201cBrittle Lemons, Collective Collection 1 (1936-2024)\u201d yer al\u0131yor. Ayr\u0131ca Serap Kanay\u2019\u0131n, \u201cConnection\u201d videolar\u0131 g\u00fcn i\u00e7inde belirlenen matinelerde izleyicilerle bulu\u015fuyor.<\/p>\n<p>EMAA Ba\u015fkent Sanat Merkezi\u2019nde a\u00e7\u0131lan ikinci istasyonda ise, k\u00fcrat\u00f6rl\u00fc\u011f\u00fcn\u00fc \u0130lkem Tunar\u2019\u0131n yapt\u0131\u011f\u0131 Hikmet Ulu\u00e7am\u2019\u0131n, Filistin: 45 Y\u0131l Sonra Yeniden \u201cThe Baghdad International Poster Exhibition \u201979 Afi\u015fleri\u201d koleksiyonu, Ar\u015fiv Seksiyonunun ilk sergisi olarak a\u00e7\u0131ld\u0131.<\/p>\n<p>\u00dc\u00e7\u00fcnc\u00fc istasyonda k\u00fcrat\u00f6rl\u00fc\u011f\u00fcn\u00fc Halil Duranay\u2019\u0131n \u00fcstlendi\u011fi P\u0131nar Ye\u015filada\u2019n\u0131n \u201cKafes Edisyon II\u201d, k\u00fcrat\u00f6rl\u00fc\u011f\u00fcn\u00fc \u0130lkem Tunar\u2019\u0131n yapt\u0131\u011f\u0131 Kadir Kaba\u2019n\u0131n \u201cSeyyarlardan Foto\u011frafhanelere K\u0131br\u0131s\u2019ta Foto\u011fraflar\u0131n Bir Asr\u0131\u201d ve k\u00fcrat\u00f6rl\u00fc\u011f\u00fcn\u00fc \u00d6zlem \u00dcnsal\u2019\u0131n \u00fcstlendi\u011fi S\u00fcmer Erek\u2019in \u201cReturn to Sender\u201d sergileri yer al\u0131yor.<\/p>\n<p>-Sergiler 22 Haziran\u2019a kadar ziyaret edilebilecek<\/p>\n<p>A\u00e7\u0131l\u0131\u015f\u0131 yap\u0131lan sergiler, t\u00fcm istasyonlarda 22 Haziran tarihine kadar hafta i\u00e7i 09.00-20.00 ve her Cumartesi 10.00-16.00 saatleri aras\u0131nda ziyaret edilebilecek.<\/p>\n<p>Arkhe taraf\u0131ndan bu y\u0131l ilki d\u00fczenlenen Eklektik Manifest- Lefko\u015fa Bienali\u2019ne Giri\u015f Projesi kapsam\u0131nda 22 sanat\u00e7\u0131, 6 istasyon ve kamusal alanlarda 8 sergi, 7 performans ve 5 panel yap\u0131lacak.<\/p>\n<\/p><\/div>\n<p><script async\n                    defer\n                    crossorigin=\"anonymous\"\n                    src=\"https:\/\/connect.facebook.net\/tr_TR\/sdk.js#xfbml=1&#038;version=v3.3\"\n            ><\/script><\/p>\n","protected":false},"excerpt":{"rendered":"<p>Arkhe organizasyonuyla Lefko\u015fa T\u00fcrk Belediyesi (LTB) himayesinde 11 May\u0131s\u2019ta ba\u015flayan Eklektik Manifest \u2013 Lefko\u015fa Bienali\u2019ne Giri\u015f Projesi\u2019nin ilk \u00fc\u00e7 istasyonu a\u00e7\u0131ld\u0131. Belediyeden yap\u0131lan a\u00e7\u0131klamaya g\u00f6re, projenin ilk istasyonunda \u00d6zlem \u00dcnsal\u2019\u0131n k\u00fcrat\u00f6rl\u00fc\u011f\u00fcn\u00fc \u00fcstlendi\u011fi Diaspora kategorisindeki \u00fc\u00e7 sergi; Asl\u0131 Bolay\u0131r\u2019\u0131n \u201cBir G\u00fcne\u015fte Uruba Kurutmak\u201d, Alev Adil\u2019in \u201cRuined Archive \/ Harap Ar\u015fiv\u201d ve S\u00fcmer Erek\u2019in, \u201cBrittle Lemons, Collective [&hellip;]<\/p>\n","protected":false},"author":1,"featured_media":2964,"comment_status":"open","ping_status":"open","sticky":false,"template":"","format":"standard","meta":{"jnews-multi-image_gallery":[],"jnews_single_post":[],"jnews_primary_category":[],"jnews_social_meta":[],"jnews_override_counter":[],"footnotes":""},"categories":[6],"tags":[],"class_list":["post-2963","post","type-post","status-publish","format-standard","has-post-thumbnail","hentry","category-yasam"],"yoast_head":"<!-- This site is optimized with the Yoast SEO plugin v27.5 - https:\/\/yoast.com\/product\/yoast-seo-wordpress\/ -->\n<title>Eklektik Manifest \u2013 Lefko\u015fa Bienali\u2019ne Giri\u015f Projesi\u2019nin ilk \u00fc\u00e7 istasyonu a\u00e7\u0131ld\u0131 - Kuzeyin Sesi<\/title>\n<meta name=\"robots\" content=\"index, follow, max-snippet:-1, max-image-preview:large, max-video-preview:-1\" \/>\n<link rel=\"canonical\" href=\"https:\/\/kuzeyinsesi.org\/index.php\/2024\/05\/20\/eklektik-manifest-lefkosa-bienaline-giris-projesinin-ilk-uc-istasyonu-acildi\/\" \/>\n<meta property=\"og:locale\" content=\"tr_TR\" \/>\n<meta property=\"og:type\" content=\"article\" \/>\n<meta property=\"og:title\" content=\"Eklektik Manifest \u2013 Lefko\u015fa Bienali\u2019ne Giri\u015f Projesi\u2019nin ilk \u00fc\u00e7 istasyonu a\u00e7\u0131ld\u0131 - Kuzeyin Sesi\" \/>\n<meta property=\"og:description\" content=\"Arkhe organizasyonuyla Lefko\u015fa T\u00fcrk Belediyesi (LTB) himayesinde 11 May\u0131s\u2019ta ba\u015flayan Eklektik Manifest \u2013 Lefko\u015fa Bienali\u2019ne Giri\u015f Projesi\u2019nin ilk \u00fc\u00e7 istasyonu a\u00e7\u0131ld\u0131. Belediyeden yap\u0131lan a\u00e7\u0131klamaya g\u00f6re, projenin ilk istasyonunda \u00d6zlem \u00dcnsal\u2019\u0131n k\u00fcrat\u00f6rl\u00fc\u011f\u00fcn\u00fc \u00fcstlendi\u011fi Diaspora kategorisindeki \u00fc\u00e7 sergi; Asl\u0131 Bolay\u0131r\u2019\u0131n \u201cBir G\u00fcne\u015fte Uruba Kurutmak\u201d, Alev Adil\u2019in \u201cRuined Archive \/ Harap Ar\u015fiv\u201d ve S\u00fcmer Erek\u2019in, \u201cBrittle Lemons, Collective [&hellip;]\" \/>\n<meta property=\"og:url\" content=\"https:\/\/kuzeyinsesi.org\/index.php\/2024\/05\/20\/eklektik-manifest-lefkosa-bienaline-giris-projesinin-ilk-uc-istasyonu-acildi\/\" \/>\n<meta property=\"og:site_name\" content=\"Kuzeyin Sesi\" \/>\n<meta property=\"article:publisher\" content=\"https:\/\/www.facebook.com\/kuzeyinsesii\" \/>\n<meta property=\"article:published_time\" content=\"2024-05-20T09:24:57+00:00\" \/>\n<meta property=\"og:image\" content=\"https:\/\/kuzeyinsesi.org\/wp-content\/uploads\/2024\/05\/aposdpa-1024x684.jpg\" \/>\n\t<meta property=\"og:image:width\" content=\"1024\" \/>\n\t<meta property=\"og:image:height\" content=\"684\" \/>\n\t<meta property=\"og:image:type\" content=\"image\/jpeg\" \/>\n<meta name=\"author\" content=\"Kuzeyin Sesi\" \/>\n<meta name=\"twitter:card\" content=\"summary_large_image\" \/>\n<meta name=\"twitter:creator\" content=\"@kuzeyinsesii\" \/>\n<meta name=\"twitter:site\" content=\"@kuzeyinsesii\" \/>\n<meta name=\"twitter:label1\" content=\"Yazan:\" \/>\n\t<meta name=\"twitter:data1\" content=\"Kuzeyin Sesi\" \/>\n\t<meta name=\"twitter:label2\" content=\"Tahmini okuma s\u00fcresi\" \/>\n\t<meta name=\"twitter:data2\" content=\"1 dakika\" \/>\n<script type=\"application\/ld+json\" class=\"yoast-schema-graph\">{\"@context\":\"https:\\\/\\\/schema.org\",\"@graph\":[{\"@type\":\"Article\",\"@id\":\"https:\\\/\\\/kuzeyinsesi.org\\\/index.php\\\/2024\\\/05\\\/20\\\/eklektik-manifest-lefkosa-bienaline-giris-projesinin-ilk-uc-istasyonu-acildi\\\/#article\",\"isPartOf\":{\"@id\":\"https:\\\/\\\/kuzeyinsesi.org\\\/index.php\\\/2024\\\/05\\\/20\\\/eklektik-manifest-lefkosa-bienaline-giris-projesinin-ilk-uc-istasyonu-acildi\\\/\"},\"author\":{\"name\":\"Kuzeyin Sesi\",\"@id\":\"https:\\\/\\\/kuzeyinsesi.org\\\/#\\\/schema\\\/person\\\/9f859689cdf01485597712386e37f5aa\"},\"headline\":\"Eklektik Manifest \u2013 Lefko\u015fa Bienali\u2019ne Giri\u015f Projesi\u2019nin ilk \u00fc\u00e7 istasyonu a\u00e7\u0131ld\u0131\",\"datePublished\":\"2024-05-20T09:24:57+00:00\",\"mainEntityOfPage\":{\"@id\":\"https:\\\/\\\/kuzeyinsesi.org\\\/index.php\\\/2024\\\/05\\\/20\\\/eklektik-manifest-lefkosa-bienaline-giris-projesinin-ilk-uc-istasyonu-acildi\\\/\"},\"wordCount\":278,\"commentCount\":0,\"image\":{\"@id\":\"https:\\\/\\\/kuzeyinsesi.org\\\/index.php\\\/2024\\\/05\\\/20\\\/eklektik-manifest-lefkosa-bienaline-giris-projesinin-ilk-uc-istasyonu-acildi\\\/#primaryimage\"},\"thumbnailUrl\":\"https:\\\/\\\/kuzeyinsesi.org\\\/wp-content\\\/uploads\\\/2024\\\/05\\\/aposdpa.jpg\",\"articleSection\":[\"Ya\u015fam\"],\"inLanguage\":\"tr\",\"potentialAction\":[{\"@type\":\"CommentAction\",\"name\":\"Comment\",\"target\":[\"https:\\\/\\\/kuzeyinsesi.org\\\/index.php\\\/2024\\\/05\\\/20\\\/eklektik-manifest-lefkosa-bienaline-giris-projesinin-ilk-uc-istasyonu-acildi\\\/#respond\"]}]},{\"@type\":\"WebPage\",\"@id\":\"https:\\\/\\\/kuzeyinsesi.org\\\/index.php\\\/2024\\\/05\\\/20\\\/eklektik-manifest-lefkosa-bienaline-giris-projesinin-ilk-uc-istasyonu-acildi\\\/\",\"url\":\"https:\\\/\\\/kuzeyinsesi.org\\\/index.php\\\/2024\\\/05\\\/20\\\/eklektik-manifest-lefkosa-bienaline-giris-projesinin-ilk-uc-istasyonu-acildi\\\/\",\"name\":\"Eklektik Manifest \u2013 Lefko\u015fa Bienali\u2019ne Giri\u015f Projesi\u2019nin ilk \u00fc\u00e7 istasyonu a\u00e7\u0131ld\u0131 - Kuzeyin Sesi\",\"isPartOf\":{\"@id\":\"https:\\\/\\\/kuzeyinsesi.org\\\/#website\"},\"primaryImageOfPage\":{\"@id\":\"https:\\\/\\\/kuzeyinsesi.org\\\/index.php\\\/2024\\\/05\\\/20\\\/eklektik-manifest-lefkosa-bienaline-giris-projesinin-ilk-uc-istasyonu-acildi\\\/#primaryimage\"},\"image\":{\"@id\":\"https:\\\/\\\/kuzeyinsesi.org\\\/index.php\\\/2024\\\/05\\\/20\\\/eklektik-manifest-lefkosa-bienaline-giris-projesinin-ilk-uc-istasyonu-acildi\\\/#primaryimage\"},\"thumbnailUrl\":\"https:\\\/\\\/kuzeyinsesi.org\\\/wp-content\\\/uploads\\\/2024\\\/05\\\/aposdpa.jpg\",\"datePublished\":\"2024-05-20T09:24:57+00:00\",\"author\":{\"@id\":\"https:\\\/\\\/kuzeyinsesi.org\\\/#\\\/schema\\\/person\\\/9f859689cdf01485597712386e37f5aa\"},\"breadcrumb\":{\"@id\":\"https:\\\/\\\/kuzeyinsesi.org\\\/index.php\\\/2024\\\/05\\\/20\\\/eklektik-manifest-lefkosa-bienaline-giris-projesinin-ilk-uc-istasyonu-acildi\\\/#breadcrumb\"},\"inLanguage\":\"tr\",\"potentialAction\":[{\"@type\":\"ReadAction\",\"target\":[\"https:\\\/\\\/kuzeyinsesi.org\\\/index.php\\\/2024\\\/05\\\/20\\\/eklektik-manifest-lefkosa-bienaline-giris-projesinin-ilk-uc-istasyonu-acildi\\\/\"]}]},{\"@type\":\"ImageObject\",\"inLanguage\":\"tr\",\"@id\":\"https:\\\/\\\/kuzeyinsesi.org\\\/index.php\\\/2024\\\/05\\\/20\\\/eklektik-manifest-lefkosa-bienaline-giris-projesinin-ilk-uc-istasyonu-acildi\\\/#primaryimage\",\"url\":\"https:\\\/\\\/kuzeyinsesi.org\\\/wp-content\\\/uploads\\\/2024\\\/05\\\/aposdpa.jpg\",\"contentUrl\":\"https:\\\/\\\/kuzeyinsesi.org\\\/wp-content\\\/uploads\\\/2024\\\/05\\\/aposdpa.jpg\",\"width\":2400,\"height\":1602},{\"@type\":\"BreadcrumbList\",\"@id\":\"https:\\\/\\\/kuzeyinsesi.org\\\/index.php\\\/2024\\\/05\\\/20\\\/eklektik-manifest-lefkosa-bienaline-giris-projesinin-ilk-uc-istasyonu-acildi\\\/#breadcrumb\",\"itemListElement\":[{\"@type\":\"ListItem\",\"position\":1,\"name\":\"Anasayfa\",\"item\":\"https:\\\/\\\/kuzeyinsesi.org\\\/\"},{\"@type\":\"ListItem\",\"position\":2,\"name\":\"Eklektik Manifest \u2013 Lefko\u015fa Bienali\u2019ne Giri\u015f Projesi\u2019nin ilk \u00fc\u00e7 istasyonu a\u00e7\u0131ld\u0131\"}]},{\"@type\":\"WebSite\",\"@id\":\"https:\\\/\\\/kuzeyinsesi.org\\\/#website\",\"url\":\"https:\\\/\\\/kuzeyinsesi.org\\\/\",\"name\":\"Kuzeyin Sesi\",\"description\":\"Do\u011fru Haberin Adresi\",\"potentialAction\":[{\"@type\":\"SearchAction\",\"target\":{\"@type\":\"EntryPoint\",\"urlTemplate\":\"https:\\\/\\\/kuzeyinsesi.org\\\/?s={search_term_string}\"},\"query-input\":{\"@type\":\"PropertyValueSpecification\",\"valueRequired\":true,\"valueName\":\"search_term_string\"}}],\"inLanguage\":\"tr\"},{\"@type\":\"Person\",\"@id\":\"https:\\\/\\\/kuzeyinsesi.org\\\/#\\\/schema\\\/person\\\/9f859689cdf01485597712386e37f5aa\",\"name\":\"Kuzeyin Sesi\",\"image\":{\"@type\":\"ImageObject\",\"inLanguage\":\"tr\",\"@id\":\"https:\\\/\\\/secure.gravatar.com\\\/avatar\\\/bab33852abfd8b282518d6ed81826833d77c3c882d9ab608add591ccace47a44?s=96&d=mm&r=g\",\"url\":\"https:\\\/\\\/secure.gravatar.com\\\/avatar\\\/bab33852abfd8b282518d6ed81826833d77c3c882d9ab608add591ccace47a44?s=96&d=mm&r=g\",\"contentUrl\":\"https:\\\/\\\/secure.gravatar.com\\\/avatar\\\/bab33852abfd8b282518d6ed81826833d77c3c882d9ab608add591ccace47a44?s=96&d=mm&r=g\",\"caption\":\"Kuzeyin Sesi\"},\"sameAs\":[\"https:\\\/\\\/kuzeyinsesi.org\"],\"url\":\"https:\\\/\\\/kuzeyinsesi.org\\\/index.php\\\/author\\\/guven\\\/\"}]}<\/script>\n<!-- \/ Yoast SEO plugin. -->","yoast_head_json":{"title":"Eklektik Manifest \u2013 Lefko\u015fa Bienali\u2019ne Giri\u015f Projesi\u2019nin ilk \u00fc\u00e7 istasyonu a\u00e7\u0131ld\u0131 - Kuzeyin Sesi","robots":{"index":"index","follow":"follow","max-snippet":"max-snippet:-1","max-image-preview":"max-image-preview:large","max-video-preview":"max-video-preview:-1"},"canonical":"https:\/\/kuzeyinsesi.org\/index.php\/2024\/05\/20\/eklektik-manifest-lefkosa-bienaline-giris-projesinin-ilk-uc-istasyonu-acildi\/","og_locale":"tr_TR","og_type":"article","og_title":"Eklektik Manifest \u2013 Lefko\u015fa Bienali\u2019ne Giri\u015f Projesi\u2019nin ilk \u00fc\u00e7 istasyonu a\u00e7\u0131ld\u0131 - Kuzeyin Sesi","og_description":"Arkhe organizasyonuyla Lefko\u015fa T\u00fcrk Belediyesi (LTB) himayesinde 11 May\u0131s\u2019ta ba\u015flayan Eklektik Manifest \u2013 Lefko\u015fa Bienali\u2019ne Giri\u015f Projesi\u2019nin ilk \u00fc\u00e7 istasyonu a\u00e7\u0131ld\u0131. Belediyeden yap\u0131lan a\u00e7\u0131klamaya g\u00f6re, projenin ilk istasyonunda \u00d6zlem \u00dcnsal\u2019\u0131n k\u00fcrat\u00f6rl\u00fc\u011f\u00fcn\u00fc \u00fcstlendi\u011fi Diaspora kategorisindeki \u00fc\u00e7 sergi; Asl\u0131 Bolay\u0131r\u2019\u0131n \u201cBir G\u00fcne\u015fte Uruba Kurutmak\u201d, Alev Adil\u2019in \u201cRuined Archive \/ Harap Ar\u015fiv\u201d ve S\u00fcmer Erek\u2019in, \u201cBrittle Lemons, Collective [&hellip;]","og_url":"https:\/\/kuzeyinsesi.org\/index.php\/2024\/05\/20\/eklektik-manifest-lefkosa-bienaline-giris-projesinin-ilk-uc-istasyonu-acildi\/","og_site_name":"Kuzeyin Sesi","article_publisher":"https:\/\/www.facebook.com\/kuzeyinsesii","article_published_time":"2024-05-20T09:24:57+00:00","og_image":[{"width":1024,"height":684,"url":"https:\/\/kuzeyinsesi.org\/wp-content\/uploads\/2024\/05\/aposdpa-1024x684.jpg","type":"image\/jpeg"}],"author":"Kuzeyin Sesi","twitter_card":"summary_large_image","twitter_creator":"@kuzeyinsesii","twitter_site":"@kuzeyinsesii","twitter_misc":{"Yazan:":"Kuzeyin Sesi","Tahmini okuma s\u00fcresi":"1 dakika"},"schema":{"@context":"https:\/\/schema.org","@graph":[{"@type":"Article","@id":"https:\/\/kuzeyinsesi.org\/index.php\/2024\/05\/20\/eklektik-manifest-lefkosa-bienaline-giris-projesinin-ilk-uc-istasyonu-acildi\/#article","isPartOf":{"@id":"https:\/\/kuzeyinsesi.org\/index.php\/2024\/05\/20\/eklektik-manifest-lefkosa-bienaline-giris-projesinin-ilk-uc-istasyonu-acildi\/"},"author":{"name":"Kuzeyin Sesi","@id":"https:\/\/kuzeyinsesi.org\/#\/schema\/person\/9f859689cdf01485597712386e37f5aa"},"headline":"Eklektik Manifest \u2013 Lefko\u015fa Bienali\u2019ne Giri\u015f Projesi\u2019nin ilk \u00fc\u00e7 istasyonu a\u00e7\u0131ld\u0131","datePublished":"2024-05-20T09:24:57+00:00","mainEntityOfPage":{"@id":"https:\/\/kuzeyinsesi.org\/index.php\/2024\/05\/20\/eklektik-manifest-lefkosa-bienaline-giris-projesinin-ilk-uc-istasyonu-acildi\/"},"wordCount":278,"commentCount":0,"image":{"@id":"https:\/\/kuzeyinsesi.org\/index.php\/2024\/05\/20\/eklektik-manifest-lefkosa-bienaline-giris-projesinin-ilk-uc-istasyonu-acildi\/#primaryimage"},"thumbnailUrl":"https:\/\/kuzeyinsesi.org\/wp-content\/uploads\/2024\/05\/aposdpa.jpg","articleSection":["Ya\u015fam"],"inLanguage":"tr","potentialAction":[{"@type":"CommentAction","name":"Comment","target":["https:\/\/kuzeyinsesi.org\/index.php\/2024\/05\/20\/eklektik-manifest-lefkosa-bienaline-giris-projesinin-ilk-uc-istasyonu-acildi\/#respond"]}]},{"@type":"WebPage","@id":"https:\/\/kuzeyinsesi.org\/index.php\/2024\/05\/20\/eklektik-manifest-lefkosa-bienaline-giris-projesinin-ilk-uc-istasyonu-acildi\/","url":"https:\/\/kuzeyinsesi.org\/index.php\/2024\/05\/20\/eklektik-manifest-lefkosa-bienaline-giris-projesinin-ilk-uc-istasyonu-acildi\/","name":"Eklektik Manifest \u2013 Lefko\u015fa Bienali\u2019ne Giri\u015f Projesi\u2019nin ilk \u00fc\u00e7 istasyonu a\u00e7\u0131ld\u0131 - Kuzeyin Sesi","isPartOf":{"@id":"https:\/\/kuzeyinsesi.org\/#website"},"primaryImageOfPage":{"@id":"https:\/\/kuzeyinsesi.org\/index.php\/2024\/05\/20\/eklektik-manifest-lefkosa-bienaline-giris-projesinin-ilk-uc-istasyonu-acildi\/#primaryimage"},"image":{"@id":"https:\/\/kuzeyinsesi.org\/index.php\/2024\/05\/20\/eklektik-manifest-lefkosa-bienaline-giris-projesinin-ilk-uc-istasyonu-acildi\/#primaryimage"},"thumbnailUrl":"https:\/\/kuzeyinsesi.org\/wp-content\/uploads\/2024\/05\/aposdpa.jpg","datePublished":"2024-05-20T09:24:57+00:00","author":{"@id":"https:\/\/kuzeyinsesi.org\/#\/schema\/person\/9f859689cdf01485597712386e37f5aa"},"breadcrumb":{"@id":"https:\/\/kuzeyinsesi.org\/index.php\/2024\/05\/20\/eklektik-manifest-lefkosa-bienaline-giris-projesinin-ilk-uc-istasyonu-acildi\/#breadcrumb"},"inLanguage":"tr","potentialAction":[{"@type":"ReadAction","target":["https:\/\/kuzeyinsesi.org\/index.php\/2024\/05\/20\/eklektik-manifest-lefkosa-bienaline-giris-projesinin-ilk-uc-istasyonu-acildi\/"]}]},{"@type":"ImageObject","inLanguage":"tr","@id":"https:\/\/kuzeyinsesi.org\/index.php\/2024\/05\/20\/eklektik-manifest-lefkosa-bienaline-giris-projesinin-ilk-uc-istasyonu-acildi\/#primaryimage","url":"https:\/\/kuzeyinsesi.org\/wp-content\/uploads\/2024\/05\/aposdpa.jpg","contentUrl":"https:\/\/kuzeyinsesi.org\/wp-content\/uploads\/2024\/05\/aposdpa.jpg","width":2400,"height":1602},{"@type":"BreadcrumbList","@id":"https:\/\/kuzeyinsesi.org\/index.php\/2024\/05\/20\/eklektik-manifest-lefkosa-bienaline-giris-projesinin-ilk-uc-istasyonu-acildi\/#breadcrumb","itemListElement":[{"@type":"ListItem","position":1,"name":"Anasayfa","item":"https:\/\/kuzeyinsesi.org\/"},{"@type":"ListItem","position":2,"name":"Eklektik Manifest \u2013 Lefko\u015fa Bienali\u2019ne Giri\u015f Projesi\u2019nin ilk \u00fc\u00e7 istasyonu a\u00e7\u0131ld\u0131"}]},{"@type":"WebSite","@id":"https:\/\/kuzeyinsesi.org\/#website","url":"https:\/\/kuzeyinsesi.org\/","name":"Kuzeyin Sesi","description":"Do\u011fru Haberin Adresi","potentialAction":[{"@type":"SearchAction","target":{"@type":"EntryPoint","urlTemplate":"https:\/\/kuzeyinsesi.org\/?s={search_term_string}"},"query-input":{"@type":"PropertyValueSpecification","valueRequired":true,"valueName":"search_term_string"}}],"inLanguage":"tr"},{"@type":"Person","@id":"https:\/\/kuzeyinsesi.org\/#\/schema\/person\/9f859689cdf01485597712386e37f5aa","name":"Kuzeyin Sesi","image":{"@type":"ImageObject","inLanguage":"tr","@id":"https:\/\/secure.gravatar.com\/avatar\/bab33852abfd8b282518d6ed81826833d77c3c882d9ab608add591ccace47a44?s=96&d=mm&r=g","url":"https:\/\/secure.gravatar.com\/avatar\/bab33852abfd8b282518d6ed81826833d77c3c882d9ab608add591ccace47a44?s=96&d=mm&r=g","contentUrl":"https:\/\/secure.gravatar.com\/avatar\/bab33852abfd8b282518d6ed81826833d77c3c882d9ab608add591ccace47a44?s=96&d=mm&r=g","caption":"Kuzeyin Sesi"},"sameAs":["https:\/\/kuzeyinsesi.org"],"url":"https:\/\/kuzeyinsesi.org\/index.php\/author\/guven\/"}]}},"_links":{"self":[{"href":"https:\/\/kuzeyinsesi.org\/index.php\/wp-json\/wp\/v2\/posts\/2963","targetHints":{"allow":["GET"]}}],"collection":[{"href":"https:\/\/kuzeyinsesi.org\/index.php\/wp-json\/wp\/v2\/posts"}],"about":[{"href":"https:\/\/kuzeyinsesi.org\/index.php\/wp-json\/wp\/v2\/types\/post"}],"author":[{"embeddable":true,"href":"https:\/\/kuzeyinsesi.org\/index.php\/wp-json\/wp\/v2\/users\/1"}],"replies":[{"embeddable":true,"href":"https:\/\/kuzeyinsesi.org\/index.php\/wp-json\/wp\/v2\/comments?post=2963"}],"version-history":[{"count":0,"href":"https:\/\/kuzeyinsesi.org\/index.php\/wp-json\/wp\/v2\/posts\/2963\/revisions"}],"wp:featuredmedia":[{"embeddable":true,"href":"https:\/\/kuzeyinsesi.org\/index.php\/wp-json\/wp\/v2\/media\/2964"}],"wp:attachment":[{"href":"https:\/\/kuzeyinsesi.org\/index.php\/wp-json\/wp\/v2\/media?parent=2963"}],"wp:term":[{"taxonomy":"category","embeddable":true,"href":"https:\/\/kuzeyinsesi.org\/index.php\/wp-json\/wp\/v2\/categories?post=2963"},{"taxonomy":"post_tag","embeddable":true,"href":"https:\/\/kuzeyinsesi.org\/index.php\/wp-json\/wp\/v2\/tags?post=2963"}],"curies":[{"name":"wp","href":"https:\/\/api.w.org\/{rel}","templated":true}]}}