{"id":2955,"date":"2024-05-20T11:24:07","date_gmt":"2024-05-20T08:24:07","guid":{"rendered":"https:\/\/kuzeyinsesi.com\/index.php\/2024\/05\/20\/kayla-guneselin-kucuk-ordek-kitabi-okuyucuyla-bulustu\/"},"modified":"2024-05-20T11:24:07","modified_gmt":"2024-05-20T08:24:07","slug":"kayla-guneselin-kucuk-ordek-kitabi-okuyucuyla-bulustu","status":"publish","type":"post","link":"https:\/\/kuzeyinsesi.org\/index.php\/2024\/05\/20\/kayla-guneselin-kucuk-ordek-kitabi-okuyucuyla-bulustu\/","title":{"rendered":"Kayla G\u00fcne\u015fel\u2019in K\u00fc\u00e7\u00fck \u00d6rdek kitab\u0131 okuyucuyla bulu\u015ftu"},"content":{"rendered":"<div>\n<div class=\"mariselle-image-container center\">\n                                            <\/div>\n<p>Kayla G\u00fcne\u015fel\u2019in K\u00fc\u00e7\u00fck \u00d6rdek kitab\u0131 okuyucuyla bulu\u015ftu.<\/p>\n<p>Yap\u0131lan a\u00e7\u0131klamaya g\u00f6re kitab\u0131n lansman\u0131, ge\u00e7en cumartesi R\u00fcstem Kitabevi\u2019nde ger\u00e7ekle\u015ftirildi.<\/p>\n<p>T\u00fcrk\u00e7e, \u0130ngilizce ve Frans\u0131zca dillerinde, T\u00fcrk\u00e7e \u00f6\u011fretmeni Sadiye Ada\u2019n\u0131n te\u015fviki ile yaz\u0131lan kitap, Sel\u00e7uk F\u0131nd\u0131k\u2019\u0131n tasar\u0131m\u0131 ve resimlemesi ile hayat buldu.<\/p>\n<p>10 ya\u015f\u0131ndaki Kayla G\u00fcne\u015fel a\u00e7\u0131l\u0131\u015fta kitab\u0131 neden yazd\u0131\u011f\u0131n\u0131 3 dilde anlatt\u0131. G\u00fcne\u015fel d\u00fcnyada bar\u0131\u015f mesaj\u0131 vermek istedi\u011fini s\u00f6yledi.<\/p>\n<\/p><\/div>\n<p><script async\n                    defer\n                    crossorigin=\"anonymous\"\n                    src=\"https:\/\/connect.facebook.net\/tr_TR\/sdk.js#xfbml=1&#038;version=v3.3\"\n            ><\/script><\/p>\n","protected":false},"excerpt":{"rendered":"<p>Kayla G\u00fcne\u015fel\u2019in K\u00fc\u00e7\u00fck \u00d6rdek kitab\u0131 okuyucuyla bulu\u015ftu. Yap\u0131lan a\u00e7\u0131klamaya g\u00f6re kitab\u0131n lansman\u0131, ge\u00e7en cumartesi R\u00fcstem Kitabevi\u2019nde ger\u00e7ekle\u015ftirildi. T\u00fcrk\u00e7e, \u0130ngilizce ve Frans\u0131zca dillerinde, T\u00fcrk\u00e7e \u00f6\u011fretmeni Sadiye Ada\u2019n\u0131n te\u015fviki ile yaz\u0131lan kitap, Sel\u00e7uk F\u0131nd\u0131k\u2019\u0131n tasar\u0131m\u0131 ve resimlemesi ile hayat buldu. 10 ya\u015f\u0131ndaki Kayla G\u00fcne\u015fel a\u00e7\u0131l\u0131\u015fta kitab\u0131 neden yazd\u0131\u011f\u0131n\u0131 3 dilde anlatt\u0131. G\u00fcne\u015fel d\u00fcnyada bar\u0131\u015f mesaj\u0131 vermek istedi\u011fini [&hellip;]<\/p>\n","protected":false},"author":1,"featured_media":2956,"comment_status":"open","ping_status":"open","sticky":false,"template":"","format":"standard","meta":{"jnews-multi-image_gallery":[],"jnews_single_post":[],"jnews_primary_category":[],"jnews_social_meta":[],"jnews_override_counter":[],"footnotes":""},"categories":[6],"tags":[],"class_list":["post-2955","post","type-post","status-publish","format-standard","has-post-thumbnail","hentry","category-yasam"],"yoast_head":"<!-- This site is optimized with the Yoast SEO plugin v27.5 - https:\/\/yoast.com\/product\/yoast-seo-wordpress\/ -->\n<title>Kayla G\u00fcne\u015fel\u2019in K\u00fc\u00e7\u00fck \u00d6rdek kitab\u0131 okuyucuyla bulu\u015ftu - Kuzeyin Sesi<\/title>\n<meta name=\"robots\" content=\"index, follow, max-snippet:-1, max-image-preview:large, max-video-preview:-1\" \/>\n<link rel=\"canonical\" href=\"https:\/\/kuzeyinsesi.org\/index.php\/2024\/05\/20\/kayla-guneselin-kucuk-ordek-kitabi-okuyucuyla-bulustu\/\" \/>\n<meta property=\"og:locale\" content=\"tr_TR\" \/>\n<meta property=\"og:type\" content=\"article\" \/>\n<meta property=\"og:title\" content=\"Kayla G\u00fcne\u015fel\u2019in K\u00fc\u00e7\u00fck \u00d6rdek kitab\u0131 okuyucuyla bulu\u015ftu - Kuzeyin Sesi\" \/>\n<meta property=\"og:description\" content=\"Kayla G\u00fcne\u015fel\u2019in K\u00fc\u00e7\u00fck \u00d6rdek kitab\u0131 okuyucuyla bulu\u015ftu. Yap\u0131lan a\u00e7\u0131klamaya g\u00f6re kitab\u0131n lansman\u0131, ge\u00e7en cumartesi R\u00fcstem Kitabevi\u2019nde ger\u00e7ekle\u015ftirildi. T\u00fcrk\u00e7e, \u0130ngilizce ve Frans\u0131zca dillerinde, T\u00fcrk\u00e7e \u00f6\u011fretmeni Sadiye Ada\u2019n\u0131n te\u015fviki ile yaz\u0131lan kitap, Sel\u00e7uk F\u0131nd\u0131k\u2019\u0131n tasar\u0131m\u0131 ve resimlemesi ile hayat buldu. 10 ya\u015f\u0131ndaki Kayla G\u00fcne\u015fel a\u00e7\u0131l\u0131\u015fta kitab\u0131 neden yazd\u0131\u011f\u0131n\u0131 3 dilde anlatt\u0131. G\u00fcne\u015fel d\u00fcnyada bar\u0131\u015f mesaj\u0131 vermek istedi\u011fini [&hellip;]\" \/>\n<meta property=\"og:url\" content=\"https:\/\/kuzeyinsesi.org\/index.php\/2024\/05\/20\/kayla-guneselin-kucuk-ordek-kitabi-okuyucuyla-bulustu\/\" \/>\n<meta property=\"og:site_name\" content=\"Kuzeyin Sesi\" \/>\n<meta property=\"article:publisher\" content=\"https:\/\/www.facebook.com\/kuzeyinsesii\" \/>\n<meta property=\"article:published_time\" content=\"2024-05-20T08:24:07+00:00\" \/>\n<meta property=\"og:image\" content=\"https:\/\/kuzeyinsesi.org\/wp-content\/uploads\/2024\/05\/r32.jpeg\" \/>\n\t<meta property=\"og:image:width\" content=\"1200\" \/>\n\t<meta property=\"og:image:height\" content=\"836\" \/>\n\t<meta property=\"og:image:type\" content=\"image\/jpeg\" \/>\n<meta name=\"author\" content=\"Kuzeyin Sesi\" \/>\n<meta name=\"twitter:card\" content=\"summary_large_image\" \/>\n<meta name=\"twitter:creator\" content=\"@kuzeyinsesii\" \/>\n<meta name=\"twitter:site\" content=\"@kuzeyinsesii\" \/>\n<meta name=\"twitter:label1\" content=\"Yazan:\" \/>\n\t<meta name=\"twitter:data1\" content=\"Kuzeyin Sesi\" \/>\n<script type=\"application\/ld+json\" class=\"yoast-schema-graph\">{\"@context\":\"https:\\\/\\\/schema.org\",\"@graph\":[{\"@type\":\"Article\",\"@id\":\"https:\\\/\\\/kuzeyinsesi.org\\\/index.php\\\/2024\\\/05\\\/20\\\/kayla-guneselin-kucuk-ordek-kitabi-okuyucuyla-bulustu\\\/#article\",\"isPartOf\":{\"@id\":\"https:\\\/\\\/kuzeyinsesi.org\\\/index.php\\\/2024\\\/05\\\/20\\\/kayla-guneselin-kucuk-ordek-kitabi-okuyucuyla-bulustu\\\/\"},\"author\":{\"name\":\"Kuzeyin Sesi\",\"@id\":\"https:\\\/\\\/kuzeyinsesi.org\\\/#\\\/schema\\\/person\\\/9f859689cdf01485597712386e37f5aa\"},\"headline\":\"Kayla G\u00fcne\u015fel\u2019in K\u00fc\u00e7\u00fck \u00d6rdek kitab\u0131 okuyucuyla bulu\u015ftu\",\"datePublished\":\"2024-05-20T08:24:07+00:00\",\"mainEntityOfPage\":{\"@id\":\"https:\\\/\\\/kuzeyinsesi.org\\\/index.php\\\/2024\\\/05\\\/20\\\/kayla-guneselin-kucuk-ordek-kitabi-okuyucuyla-bulustu\\\/\"},\"wordCount\":105,\"commentCount\":0,\"image\":{\"@id\":\"https:\\\/\\\/kuzeyinsesi.org\\\/index.php\\\/2024\\\/05\\\/20\\\/kayla-guneselin-kucuk-ordek-kitabi-okuyucuyla-bulustu\\\/#primaryimage\"},\"thumbnailUrl\":\"https:\\\/\\\/kuzeyinsesi.org\\\/wp-content\\\/uploads\\\/2024\\\/05\\\/r32.jpeg\",\"articleSection\":[\"Ya\u015fam\"],\"inLanguage\":\"tr\",\"potentialAction\":[{\"@type\":\"CommentAction\",\"name\":\"Comment\",\"target\":[\"https:\\\/\\\/kuzeyinsesi.org\\\/index.php\\\/2024\\\/05\\\/20\\\/kayla-guneselin-kucuk-ordek-kitabi-okuyucuyla-bulustu\\\/#respond\"]}]},{\"@type\":\"WebPage\",\"@id\":\"https:\\\/\\\/kuzeyinsesi.org\\\/index.php\\\/2024\\\/05\\\/20\\\/kayla-guneselin-kucuk-ordek-kitabi-okuyucuyla-bulustu\\\/\",\"url\":\"https:\\\/\\\/kuzeyinsesi.org\\\/index.php\\\/2024\\\/05\\\/20\\\/kayla-guneselin-kucuk-ordek-kitabi-okuyucuyla-bulustu\\\/\",\"name\":\"Kayla G\u00fcne\u015fel\u2019in K\u00fc\u00e7\u00fck \u00d6rdek kitab\u0131 okuyucuyla bulu\u015ftu - Kuzeyin Sesi\",\"isPartOf\":{\"@id\":\"https:\\\/\\\/kuzeyinsesi.org\\\/#website\"},\"primaryImageOfPage\":{\"@id\":\"https:\\\/\\\/kuzeyinsesi.org\\\/index.php\\\/2024\\\/05\\\/20\\\/kayla-guneselin-kucuk-ordek-kitabi-okuyucuyla-bulustu\\\/#primaryimage\"},\"image\":{\"@id\":\"https:\\\/\\\/kuzeyinsesi.org\\\/index.php\\\/2024\\\/05\\\/20\\\/kayla-guneselin-kucuk-ordek-kitabi-okuyucuyla-bulustu\\\/#primaryimage\"},\"thumbnailUrl\":\"https:\\\/\\\/kuzeyinsesi.org\\\/wp-content\\\/uploads\\\/2024\\\/05\\\/r32.jpeg\",\"datePublished\":\"2024-05-20T08:24:07+00:00\",\"author\":{\"@id\":\"https:\\\/\\\/kuzeyinsesi.org\\\/#\\\/schema\\\/person\\\/9f859689cdf01485597712386e37f5aa\"},\"breadcrumb\":{\"@id\":\"https:\\\/\\\/kuzeyinsesi.org\\\/index.php\\\/2024\\\/05\\\/20\\\/kayla-guneselin-kucuk-ordek-kitabi-okuyucuyla-bulustu\\\/#breadcrumb\"},\"inLanguage\":\"tr\",\"potentialAction\":[{\"@type\":\"ReadAction\",\"target\":[\"https:\\\/\\\/kuzeyinsesi.org\\\/index.php\\\/2024\\\/05\\\/20\\\/kayla-guneselin-kucuk-ordek-kitabi-okuyucuyla-bulustu\\\/\"]}]},{\"@type\":\"ImageObject\",\"inLanguage\":\"tr\",\"@id\":\"https:\\\/\\\/kuzeyinsesi.org\\\/index.php\\\/2024\\\/05\\\/20\\\/kayla-guneselin-kucuk-ordek-kitabi-okuyucuyla-bulustu\\\/#primaryimage\",\"url\":\"https:\\\/\\\/kuzeyinsesi.org\\\/wp-content\\\/uploads\\\/2024\\\/05\\\/r32.jpeg\",\"contentUrl\":\"https:\\\/\\\/kuzeyinsesi.org\\\/wp-content\\\/uploads\\\/2024\\\/05\\\/r32.jpeg\",\"width\":1200,\"height\":836},{\"@type\":\"BreadcrumbList\",\"@id\":\"https:\\\/\\\/kuzeyinsesi.org\\\/index.php\\\/2024\\\/05\\\/20\\\/kayla-guneselin-kucuk-ordek-kitabi-okuyucuyla-bulustu\\\/#breadcrumb\",\"itemListElement\":[{\"@type\":\"ListItem\",\"position\":1,\"name\":\"Anasayfa\",\"item\":\"https:\\\/\\\/kuzeyinsesi.org\\\/\"},{\"@type\":\"ListItem\",\"position\":2,\"name\":\"Kayla G\u00fcne\u015fel\u2019in K\u00fc\u00e7\u00fck \u00d6rdek kitab\u0131 okuyucuyla bulu\u015ftu\"}]},{\"@type\":\"WebSite\",\"@id\":\"https:\\\/\\\/kuzeyinsesi.org\\\/#website\",\"url\":\"https:\\\/\\\/kuzeyinsesi.org\\\/\",\"name\":\"Kuzeyin Sesi\",\"description\":\"Do\u011fru Haberin Adresi\",\"potentialAction\":[{\"@type\":\"SearchAction\",\"target\":{\"@type\":\"EntryPoint\",\"urlTemplate\":\"https:\\\/\\\/kuzeyinsesi.org\\\/?s={search_term_string}\"},\"query-input\":{\"@type\":\"PropertyValueSpecification\",\"valueRequired\":true,\"valueName\":\"search_term_string\"}}],\"inLanguage\":\"tr\"},{\"@type\":\"Person\",\"@id\":\"https:\\\/\\\/kuzeyinsesi.org\\\/#\\\/schema\\\/person\\\/9f859689cdf01485597712386e37f5aa\",\"name\":\"Kuzeyin Sesi\",\"image\":{\"@type\":\"ImageObject\",\"inLanguage\":\"tr\",\"@id\":\"https:\\\/\\\/secure.gravatar.com\\\/avatar\\\/bab33852abfd8b282518d6ed81826833d77c3c882d9ab608add591ccace47a44?s=96&d=mm&r=g\",\"url\":\"https:\\\/\\\/secure.gravatar.com\\\/avatar\\\/bab33852abfd8b282518d6ed81826833d77c3c882d9ab608add591ccace47a44?s=96&d=mm&r=g\",\"contentUrl\":\"https:\\\/\\\/secure.gravatar.com\\\/avatar\\\/bab33852abfd8b282518d6ed81826833d77c3c882d9ab608add591ccace47a44?s=96&d=mm&r=g\",\"caption\":\"Kuzeyin Sesi\"},\"sameAs\":[\"https:\\\/\\\/kuzeyinsesi.org\"],\"url\":\"https:\\\/\\\/kuzeyinsesi.org\\\/index.php\\\/author\\\/guven\\\/\"}]}<\/script>\n<!-- \/ Yoast SEO plugin. -->","yoast_head_json":{"title":"Kayla G\u00fcne\u015fel\u2019in K\u00fc\u00e7\u00fck \u00d6rdek kitab\u0131 okuyucuyla bulu\u015ftu - Kuzeyin Sesi","robots":{"index":"index","follow":"follow","max-snippet":"max-snippet:-1","max-image-preview":"max-image-preview:large","max-video-preview":"max-video-preview:-1"},"canonical":"https:\/\/kuzeyinsesi.org\/index.php\/2024\/05\/20\/kayla-guneselin-kucuk-ordek-kitabi-okuyucuyla-bulustu\/","og_locale":"tr_TR","og_type":"article","og_title":"Kayla G\u00fcne\u015fel\u2019in K\u00fc\u00e7\u00fck \u00d6rdek kitab\u0131 okuyucuyla bulu\u015ftu - Kuzeyin Sesi","og_description":"Kayla G\u00fcne\u015fel\u2019in K\u00fc\u00e7\u00fck \u00d6rdek kitab\u0131 okuyucuyla bulu\u015ftu. Yap\u0131lan a\u00e7\u0131klamaya g\u00f6re kitab\u0131n lansman\u0131, ge\u00e7en cumartesi R\u00fcstem Kitabevi\u2019nde ger\u00e7ekle\u015ftirildi. T\u00fcrk\u00e7e, \u0130ngilizce ve Frans\u0131zca dillerinde, T\u00fcrk\u00e7e \u00f6\u011fretmeni Sadiye Ada\u2019n\u0131n te\u015fviki ile yaz\u0131lan kitap, Sel\u00e7uk F\u0131nd\u0131k\u2019\u0131n tasar\u0131m\u0131 ve resimlemesi ile hayat buldu. 10 ya\u015f\u0131ndaki Kayla G\u00fcne\u015fel a\u00e7\u0131l\u0131\u015fta kitab\u0131 neden yazd\u0131\u011f\u0131n\u0131 3 dilde anlatt\u0131. G\u00fcne\u015fel d\u00fcnyada bar\u0131\u015f mesaj\u0131 vermek istedi\u011fini [&hellip;]","og_url":"https:\/\/kuzeyinsesi.org\/index.php\/2024\/05\/20\/kayla-guneselin-kucuk-ordek-kitabi-okuyucuyla-bulustu\/","og_site_name":"Kuzeyin Sesi","article_publisher":"https:\/\/www.facebook.com\/kuzeyinsesii","article_published_time":"2024-05-20T08:24:07+00:00","og_image":[{"width":1200,"height":836,"url":"https:\/\/kuzeyinsesi.org\/wp-content\/uploads\/2024\/05\/r32.jpeg","type":"image\/jpeg"}],"author":"Kuzeyin Sesi","twitter_card":"summary_large_image","twitter_creator":"@kuzeyinsesii","twitter_site":"@kuzeyinsesii","twitter_misc":{"Yazan:":"Kuzeyin Sesi"},"schema":{"@context":"https:\/\/schema.org","@graph":[{"@type":"Article","@id":"https:\/\/kuzeyinsesi.org\/index.php\/2024\/05\/20\/kayla-guneselin-kucuk-ordek-kitabi-okuyucuyla-bulustu\/#article","isPartOf":{"@id":"https:\/\/kuzeyinsesi.org\/index.php\/2024\/05\/20\/kayla-guneselin-kucuk-ordek-kitabi-okuyucuyla-bulustu\/"},"author":{"name":"Kuzeyin Sesi","@id":"https:\/\/kuzeyinsesi.org\/#\/schema\/person\/9f859689cdf01485597712386e37f5aa"},"headline":"Kayla G\u00fcne\u015fel\u2019in K\u00fc\u00e7\u00fck \u00d6rdek kitab\u0131 okuyucuyla bulu\u015ftu","datePublished":"2024-05-20T08:24:07+00:00","mainEntityOfPage":{"@id":"https:\/\/kuzeyinsesi.org\/index.php\/2024\/05\/20\/kayla-guneselin-kucuk-ordek-kitabi-okuyucuyla-bulustu\/"},"wordCount":105,"commentCount":0,"image":{"@id":"https:\/\/kuzeyinsesi.org\/index.php\/2024\/05\/20\/kayla-guneselin-kucuk-ordek-kitabi-okuyucuyla-bulustu\/#primaryimage"},"thumbnailUrl":"https:\/\/kuzeyinsesi.org\/wp-content\/uploads\/2024\/05\/r32.jpeg","articleSection":["Ya\u015fam"],"inLanguage":"tr","potentialAction":[{"@type":"CommentAction","name":"Comment","target":["https:\/\/kuzeyinsesi.org\/index.php\/2024\/05\/20\/kayla-guneselin-kucuk-ordek-kitabi-okuyucuyla-bulustu\/#respond"]}]},{"@type":"WebPage","@id":"https:\/\/kuzeyinsesi.org\/index.php\/2024\/05\/20\/kayla-guneselin-kucuk-ordek-kitabi-okuyucuyla-bulustu\/","url":"https:\/\/kuzeyinsesi.org\/index.php\/2024\/05\/20\/kayla-guneselin-kucuk-ordek-kitabi-okuyucuyla-bulustu\/","name":"Kayla G\u00fcne\u015fel\u2019in K\u00fc\u00e7\u00fck \u00d6rdek kitab\u0131 okuyucuyla bulu\u015ftu - Kuzeyin Sesi","isPartOf":{"@id":"https:\/\/kuzeyinsesi.org\/#website"},"primaryImageOfPage":{"@id":"https:\/\/kuzeyinsesi.org\/index.php\/2024\/05\/20\/kayla-guneselin-kucuk-ordek-kitabi-okuyucuyla-bulustu\/#primaryimage"},"image":{"@id":"https:\/\/kuzeyinsesi.org\/index.php\/2024\/05\/20\/kayla-guneselin-kucuk-ordek-kitabi-okuyucuyla-bulustu\/#primaryimage"},"thumbnailUrl":"https:\/\/kuzeyinsesi.org\/wp-content\/uploads\/2024\/05\/r32.jpeg","datePublished":"2024-05-20T08:24:07+00:00","author":{"@id":"https:\/\/kuzeyinsesi.org\/#\/schema\/person\/9f859689cdf01485597712386e37f5aa"},"breadcrumb":{"@id":"https:\/\/kuzeyinsesi.org\/index.php\/2024\/05\/20\/kayla-guneselin-kucuk-ordek-kitabi-okuyucuyla-bulustu\/#breadcrumb"},"inLanguage":"tr","potentialAction":[{"@type":"ReadAction","target":["https:\/\/kuzeyinsesi.org\/index.php\/2024\/05\/20\/kayla-guneselin-kucuk-ordek-kitabi-okuyucuyla-bulustu\/"]}]},{"@type":"ImageObject","inLanguage":"tr","@id":"https:\/\/kuzeyinsesi.org\/index.php\/2024\/05\/20\/kayla-guneselin-kucuk-ordek-kitabi-okuyucuyla-bulustu\/#primaryimage","url":"https:\/\/kuzeyinsesi.org\/wp-content\/uploads\/2024\/05\/r32.jpeg","contentUrl":"https:\/\/kuzeyinsesi.org\/wp-content\/uploads\/2024\/05\/r32.jpeg","width":1200,"height":836},{"@type":"BreadcrumbList","@id":"https:\/\/kuzeyinsesi.org\/index.php\/2024\/05\/20\/kayla-guneselin-kucuk-ordek-kitabi-okuyucuyla-bulustu\/#breadcrumb","itemListElement":[{"@type":"ListItem","position":1,"name":"Anasayfa","item":"https:\/\/kuzeyinsesi.org\/"},{"@type":"ListItem","position":2,"name":"Kayla G\u00fcne\u015fel\u2019in K\u00fc\u00e7\u00fck \u00d6rdek kitab\u0131 okuyucuyla bulu\u015ftu"}]},{"@type":"WebSite","@id":"https:\/\/kuzeyinsesi.org\/#website","url":"https:\/\/kuzeyinsesi.org\/","name":"Kuzeyin Sesi","description":"Do\u011fru Haberin Adresi","potentialAction":[{"@type":"SearchAction","target":{"@type":"EntryPoint","urlTemplate":"https:\/\/kuzeyinsesi.org\/?s={search_term_string}"},"query-input":{"@type":"PropertyValueSpecification","valueRequired":true,"valueName":"search_term_string"}}],"inLanguage":"tr"},{"@type":"Person","@id":"https:\/\/kuzeyinsesi.org\/#\/schema\/person\/9f859689cdf01485597712386e37f5aa","name":"Kuzeyin Sesi","image":{"@type":"ImageObject","inLanguage":"tr","@id":"https:\/\/secure.gravatar.com\/avatar\/bab33852abfd8b282518d6ed81826833d77c3c882d9ab608add591ccace47a44?s=96&d=mm&r=g","url":"https:\/\/secure.gravatar.com\/avatar\/bab33852abfd8b282518d6ed81826833d77c3c882d9ab608add591ccace47a44?s=96&d=mm&r=g","contentUrl":"https:\/\/secure.gravatar.com\/avatar\/bab33852abfd8b282518d6ed81826833d77c3c882d9ab608add591ccace47a44?s=96&d=mm&r=g","caption":"Kuzeyin Sesi"},"sameAs":["https:\/\/kuzeyinsesi.org"],"url":"https:\/\/kuzeyinsesi.org\/index.php\/author\/guven\/"}]}},"_links":{"self":[{"href":"https:\/\/kuzeyinsesi.org\/index.php\/wp-json\/wp\/v2\/posts\/2955","targetHints":{"allow":["GET"]}}],"collection":[{"href":"https:\/\/kuzeyinsesi.org\/index.php\/wp-json\/wp\/v2\/posts"}],"about":[{"href":"https:\/\/kuzeyinsesi.org\/index.php\/wp-json\/wp\/v2\/types\/post"}],"author":[{"embeddable":true,"href":"https:\/\/kuzeyinsesi.org\/index.php\/wp-json\/wp\/v2\/users\/1"}],"replies":[{"embeddable":true,"href":"https:\/\/kuzeyinsesi.org\/index.php\/wp-json\/wp\/v2\/comments?post=2955"}],"version-history":[{"count":0,"href":"https:\/\/kuzeyinsesi.org\/index.php\/wp-json\/wp\/v2\/posts\/2955\/revisions"}],"wp:featuredmedia":[{"embeddable":true,"href":"https:\/\/kuzeyinsesi.org\/index.php\/wp-json\/wp\/v2\/media\/2956"}],"wp:attachment":[{"href":"https:\/\/kuzeyinsesi.org\/index.php\/wp-json\/wp\/v2\/media?parent=2955"}],"wp:term":[{"taxonomy":"category","embeddable":true,"href":"https:\/\/kuzeyinsesi.org\/index.php\/wp-json\/wp\/v2\/categories?post=2955"},{"taxonomy":"post_tag","embeddable":true,"href":"https:\/\/kuzeyinsesi.org\/index.php\/wp-json\/wp\/v2\/tags?post=2955"}],"curies":[{"name":"wp","href":"https:\/\/api.w.org\/{rel}","templated":true}]}}