{"id":2951,"date":"2024-05-20T10:22:58","date_gmt":"2024-05-20T07:22:58","guid":{"rendered":"https:\/\/kuzeyinsesi.com\/index.php\/2024\/05\/20\/soz-isimli-kisa-filmin-galasi-cuma-gunu-yapilacak\/"},"modified":"2024-05-20T10:22:58","modified_gmt":"2024-05-20T07:22:58","slug":"soz-isimli-kisa-filmin-galasi-cuma-gunu-yapilacak","status":"publish","type":"post","link":"https:\/\/kuzeyinsesi.org\/index.php\/2024\/05\/20\/soz-isimli-kisa-filmin-galasi-cuma-gunu-yapilacak\/","title":{"rendered":"S\u00f6z isimli k\u0131sa filmin galas\u0131 cuma g\u00fcn\u00fc yap\u0131lacak"},"content":{"rendered":"<div>\n<div class=\"mariselle-image-container center\">\n                                            <\/div>\n<p>\u00a0K\u0131br\u0131s T\u00fcrk Sinema Televizyon Derne\u011fi ve SineSmart Yap\u0131mc\u0131l\u0131k i\u015f birli\u011fi ile \u00e7ekilen S\u00f6z adl\u0131 k\u0131sa filmin galas\u0131 24 May\u0131s Cuma g\u00fcn\u00fc Lefko\u015fa Atat\u00fcrk K\u00fclt\u00fcr Merkezi\u2019nde (AKM) saat 19.00\u2019da yap\u0131lacak.<\/p>\n<p>\u00a0<\/p>\n<p>Sinevizyon Derne\u011fi\u2019nden yap\u0131lan a\u00e7\u0131klamaya g\u00f6re \u00e7ekimlerine mart ay\u0131nda ba\u015flanan S\u00f6z adl\u0131 k\u0131sa film, 1974 senesinde G\u00fcney K\u0131br\u0131s\u2019taki evinden ayr\u0131lan bir K\u0131br\u0131sl\u0131 T\u00fcrk\u00fcn hikayesini anlat\u0131yor. A\u00e7\u0131klamaya g\u00f6re filmin yap\u0131mc\u0131l\u0131\u011f\u0131n\u0131 Yusuf Darbukac\u0131, senaryosunu \u015eafak Yolcu, g\u00f6r\u00fcnt\u00fc y\u00f6netmenli\u011fini C\u00fcneyt \u015een \u00fcstleniyor. M\u00fcge G\u00fcnay\u2019\u0131n y\u00f6netmenli\u011fini yapt\u0131\u011f\u0131 filmin ana kadrosunda ise, Mehmet Y\u00f6r\u00fcko\u011flu, Ye\u015fim Kumral, Aryen \u00c7a\u011fda\u015f Can, Kani Y\u00fcz\u00fcg\u00fcle\u00e7, Berkant \u00c7akmak yer al\u0131yor.<\/p>\n<p>\u00a0<\/p>\n<p>A\u00e7\u0131klamaya g\u00f6re ger\u00e7ek hikayelerden kurgulanan film, K\u0131br\u0131s Bar\u0131\u015f Harekat\u0131\u2019n\u0131n 50\u2019nci y\u0131l\u0131 dolay\u0131s\u0131yla \u00e7ekildi, o s\u00fcre\u00e7te verdikleri \u00f6zg\u00fcrl\u00fck m\u00fccadelesinde hayat\u0131n\u0131 kaybeden t\u00fcm K\u0131br\u0131s T\u00fcrklerine ve geride b\u0131rakt\u0131klar\u0131 yasl\u0131 ailelerine ithaf edildi. Galan\u0131n halka a\u00e7\u0131k oldu\u011fu belirtildi.<\/p>\n<\/p><\/div>\n<p><script async\n                    defer\n                    crossorigin=\"anonymous\"\n                    src=\"https:\/\/connect.facebook.net\/tr_TR\/sdk.js#xfbml=1&#038;version=v3.3\"\n            ><\/script><\/p>\n","protected":false},"excerpt":{"rendered":"<p>\u00a0K\u0131br\u0131s T\u00fcrk Sinema Televizyon Derne\u011fi ve SineSmart Yap\u0131mc\u0131l\u0131k i\u015f birli\u011fi ile \u00e7ekilen S\u00f6z adl\u0131 k\u0131sa filmin galas\u0131 24 May\u0131s Cuma g\u00fcn\u00fc Lefko\u015fa Atat\u00fcrk K\u00fclt\u00fcr Merkezi\u2019nde (AKM) saat 19.00\u2019da yap\u0131lacak. \u00a0 Sinevizyon Derne\u011fi\u2019nden yap\u0131lan a\u00e7\u0131klamaya g\u00f6re \u00e7ekimlerine mart ay\u0131nda ba\u015flanan S\u00f6z adl\u0131 k\u0131sa film, 1974 senesinde G\u00fcney K\u0131br\u0131s\u2019taki evinden ayr\u0131lan bir K\u0131br\u0131sl\u0131 T\u00fcrk\u00fcn hikayesini anlat\u0131yor. A\u00e7\u0131klamaya [&hellip;]<\/p>\n","protected":false},"author":1,"featured_media":2952,"comment_status":"open","ping_status":"open","sticky":false,"template":"","format":"standard","meta":{"jnews-multi-image_gallery":[],"jnews_single_post":[],"jnews_primary_category":[],"jnews_social_meta":[],"jnews_override_counter":[],"footnotes":""},"categories":[6],"tags":[],"class_list":["post-2951","post","type-post","status-publish","format-standard","has-post-thumbnail","hentry","category-yasam"],"yoast_head":"<!-- This site is optimized with the Yoast SEO plugin v27.5 - https:\/\/yoast.com\/product\/yoast-seo-wordpress\/ -->\n<title>S\u00f6z isimli k\u0131sa filmin galas\u0131 cuma g\u00fcn\u00fc yap\u0131lacak - Kuzeyin Sesi<\/title>\n<meta name=\"robots\" content=\"index, follow, max-snippet:-1, max-image-preview:large, max-video-preview:-1\" \/>\n<link rel=\"canonical\" href=\"https:\/\/kuzeyinsesi.org\/index.php\/2024\/05\/20\/soz-isimli-kisa-filmin-galasi-cuma-gunu-yapilacak\/\" \/>\n<meta property=\"og:locale\" content=\"tr_TR\" \/>\n<meta property=\"og:type\" content=\"article\" \/>\n<meta property=\"og:title\" content=\"S\u00f6z isimli k\u0131sa filmin galas\u0131 cuma g\u00fcn\u00fc yap\u0131lacak - Kuzeyin Sesi\" \/>\n<meta property=\"og:description\" content=\"\u00a0K\u0131br\u0131s T\u00fcrk Sinema Televizyon Derne\u011fi ve SineSmart Yap\u0131mc\u0131l\u0131k i\u015f birli\u011fi ile \u00e7ekilen S\u00f6z adl\u0131 k\u0131sa filmin galas\u0131 24 May\u0131s Cuma g\u00fcn\u00fc Lefko\u015fa Atat\u00fcrk K\u00fclt\u00fcr Merkezi\u2019nde (AKM) saat 19.00\u2019da yap\u0131lacak. \u00a0 Sinevizyon Derne\u011fi\u2019nden yap\u0131lan a\u00e7\u0131klamaya g\u00f6re \u00e7ekimlerine mart ay\u0131nda ba\u015flanan S\u00f6z adl\u0131 k\u0131sa film, 1974 senesinde G\u00fcney K\u0131br\u0131s\u2019taki evinden ayr\u0131lan bir K\u0131br\u0131sl\u0131 T\u00fcrk\u00fcn hikayesini anlat\u0131yor. A\u00e7\u0131klamaya [&hellip;]\" \/>\n<meta property=\"og:url\" content=\"https:\/\/kuzeyinsesi.org\/index.php\/2024\/05\/20\/soz-isimli-kisa-filmin-galasi-cuma-gunu-yapilacak\/\" \/>\n<meta property=\"og:site_name\" content=\"Kuzeyin Sesi\" \/>\n<meta property=\"article:publisher\" content=\"https:\/\/www.facebook.com\/kuzeyinsesii\" \/>\n<meta property=\"article:published_time\" content=\"2024-05-20T07:22:58+00:00\" \/>\n<meta property=\"og:image\" content=\"https:\/\/kuzeyinsesi.org\/wp-content\/uploads\/2024\/05\/sozzzzzzzzzzzzz.webp.webp\" \/>\n\t<meta property=\"og:image:width\" content=\"710\" \/>\n\t<meta property=\"og:image:height\" content=\"370\" \/>\n\t<meta property=\"og:image:type\" content=\"image\/webp\" \/>\n<meta name=\"author\" content=\"Kuzeyin Sesi\" \/>\n<meta name=\"twitter:card\" content=\"summary_large_image\" \/>\n<meta name=\"twitter:creator\" content=\"@kuzeyinsesii\" \/>\n<meta name=\"twitter:site\" content=\"@kuzeyinsesii\" \/>\n<meta name=\"twitter:label1\" content=\"Yazan:\" \/>\n\t<meta name=\"twitter:data1\" content=\"Kuzeyin Sesi\" \/>\n\t<meta name=\"twitter:label2\" content=\"Tahmini okuma s\u00fcresi\" \/>\n\t<meta name=\"twitter:data2\" content=\"1 dakika\" \/>\n<script type=\"application\/ld+json\" class=\"yoast-schema-graph\">{\"@context\":\"https:\\\/\\\/schema.org\",\"@graph\":[{\"@type\":\"Article\",\"@id\":\"https:\\\/\\\/kuzeyinsesi.org\\\/index.php\\\/2024\\\/05\\\/20\\\/soz-isimli-kisa-filmin-galasi-cuma-gunu-yapilacak\\\/#article\",\"isPartOf\":{\"@id\":\"https:\\\/\\\/kuzeyinsesi.org\\\/index.php\\\/2024\\\/05\\\/20\\\/soz-isimli-kisa-filmin-galasi-cuma-gunu-yapilacak\\\/\"},\"author\":{\"name\":\"Kuzeyin Sesi\",\"@id\":\"https:\\\/\\\/kuzeyinsesi.org\\\/#\\\/schema\\\/person\\\/9f859689cdf01485597712386e37f5aa\"},\"headline\":\"S\u00f6z isimli k\u0131sa filmin galas\u0131 cuma g\u00fcn\u00fc yap\u0131lacak\",\"datePublished\":\"2024-05-20T07:22:58+00:00\",\"mainEntityOfPage\":{\"@id\":\"https:\\\/\\\/kuzeyinsesi.org\\\/index.php\\\/2024\\\/05\\\/20\\\/soz-isimli-kisa-filmin-galasi-cuma-gunu-yapilacak\\\/\"},\"wordCount\":219,\"commentCount\":0,\"image\":{\"@id\":\"https:\\\/\\\/kuzeyinsesi.org\\\/index.php\\\/2024\\\/05\\\/20\\\/soz-isimli-kisa-filmin-galasi-cuma-gunu-yapilacak\\\/#primaryimage\"},\"thumbnailUrl\":\"https:\\\/\\\/kuzeyinsesi.org\\\/wp-content\\\/uploads\\\/2024\\\/05\\\/sozzzzzzzzzzzzz.webp.webp\",\"articleSection\":[\"Ya\u015fam\"],\"inLanguage\":\"tr\",\"potentialAction\":[{\"@type\":\"CommentAction\",\"name\":\"Comment\",\"target\":[\"https:\\\/\\\/kuzeyinsesi.org\\\/index.php\\\/2024\\\/05\\\/20\\\/soz-isimli-kisa-filmin-galasi-cuma-gunu-yapilacak\\\/#respond\"]}]},{\"@type\":\"WebPage\",\"@id\":\"https:\\\/\\\/kuzeyinsesi.org\\\/index.php\\\/2024\\\/05\\\/20\\\/soz-isimli-kisa-filmin-galasi-cuma-gunu-yapilacak\\\/\",\"url\":\"https:\\\/\\\/kuzeyinsesi.org\\\/index.php\\\/2024\\\/05\\\/20\\\/soz-isimli-kisa-filmin-galasi-cuma-gunu-yapilacak\\\/\",\"name\":\"S\u00f6z isimli k\u0131sa filmin galas\u0131 cuma g\u00fcn\u00fc yap\u0131lacak - Kuzeyin Sesi\",\"isPartOf\":{\"@id\":\"https:\\\/\\\/kuzeyinsesi.org\\\/#website\"},\"primaryImageOfPage\":{\"@id\":\"https:\\\/\\\/kuzeyinsesi.org\\\/index.php\\\/2024\\\/05\\\/20\\\/soz-isimli-kisa-filmin-galasi-cuma-gunu-yapilacak\\\/#primaryimage\"},\"image\":{\"@id\":\"https:\\\/\\\/kuzeyinsesi.org\\\/index.php\\\/2024\\\/05\\\/20\\\/soz-isimli-kisa-filmin-galasi-cuma-gunu-yapilacak\\\/#primaryimage\"},\"thumbnailUrl\":\"https:\\\/\\\/kuzeyinsesi.org\\\/wp-content\\\/uploads\\\/2024\\\/05\\\/sozzzzzzzzzzzzz.webp.webp\",\"datePublished\":\"2024-05-20T07:22:58+00:00\",\"author\":{\"@id\":\"https:\\\/\\\/kuzeyinsesi.org\\\/#\\\/schema\\\/person\\\/9f859689cdf01485597712386e37f5aa\"},\"breadcrumb\":{\"@id\":\"https:\\\/\\\/kuzeyinsesi.org\\\/index.php\\\/2024\\\/05\\\/20\\\/soz-isimli-kisa-filmin-galasi-cuma-gunu-yapilacak\\\/#breadcrumb\"},\"inLanguage\":\"tr\",\"potentialAction\":[{\"@type\":\"ReadAction\",\"target\":[\"https:\\\/\\\/kuzeyinsesi.org\\\/index.php\\\/2024\\\/05\\\/20\\\/soz-isimli-kisa-filmin-galasi-cuma-gunu-yapilacak\\\/\"]}]},{\"@type\":\"ImageObject\",\"inLanguage\":\"tr\",\"@id\":\"https:\\\/\\\/kuzeyinsesi.org\\\/index.php\\\/2024\\\/05\\\/20\\\/soz-isimli-kisa-filmin-galasi-cuma-gunu-yapilacak\\\/#primaryimage\",\"url\":\"https:\\\/\\\/kuzeyinsesi.org\\\/wp-content\\\/uploads\\\/2024\\\/05\\\/sozzzzzzzzzzzzz.webp.webp\",\"contentUrl\":\"https:\\\/\\\/kuzeyinsesi.org\\\/wp-content\\\/uploads\\\/2024\\\/05\\\/sozzzzzzzzzzzzz.webp.webp\",\"width\":710,\"height\":370},{\"@type\":\"BreadcrumbList\",\"@id\":\"https:\\\/\\\/kuzeyinsesi.org\\\/index.php\\\/2024\\\/05\\\/20\\\/soz-isimli-kisa-filmin-galasi-cuma-gunu-yapilacak\\\/#breadcrumb\",\"itemListElement\":[{\"@type\":\"ListItem\",\"position\":1,\"name\":\"Anasayfa\",\"item\":\"https:\\\/\\\/kuzeyinsesi.org\\\/\"},{\"@type\":\"ListItem\",\"position\":2,\"name\":\"S\u00f6z isimli k\u0131sa filmin galas\u0131 cuma g\u00fcn\u00fc yap\u0131lacak\"}]},{\"@type\":\"WebSite\",\"@id\":\"https:\\\/\\\/kuzeyinsesi.org\\\/#website\",\"url\":\"https:\\\/\\\/kuzeyinsesi.org\\\/\",\"name\":\"Kuzeyin Sesi\",\"description\":\"Do\u011fru Haberin Adresi\",\"potentialAction\":[{\"@type\":\"SearchAction\",\"target\":{\"@type\":\"EntryPoint\",\"urlTemplate\":\"https:\\\/\\\/kuzeyinsesi.org\\\/?s={search_term_string}\"},\"query-input\":{\"@type\":\"PropertyValueSpecification\",\"valueRequired\":true,\"valueName\":\"search_term_string\"}}],\"inLanguage\":\"tr\"},{\"@type\":\"Person\",\"@id\":\"https:\\\/\\\/kuzeyinsesi.org\\\/#\\\/schema\\\/person\\\/9f859689cdf01485597712386e37f5aa\",\"name\":\"Kuzeyin Sesi\",\"image\":{\"@type\":\"ImageObject\",\"inLanguage\":\"tr\",\"@id\":\"https:\\\/\\\/secure.gravatar.com\\\/avatar\\\/bab33852abfd8b282518d6ed81826833d77c3c882d9ab608add591ccace47a44?s=96&d=mm&r=g\",\"url\":\"https:\\\/\\\/secure.gravatar.com\\\/avatar\\\/bab33852abfd8b282518d6ed81826833d77c3c882d9ab608add591ccace47a44?s=96&d=mm&r=g\",\"contentUrl\":\"https:\\\/\\\/secure.gravatar.com\\\/avatar\\\/bab33852abfd8b282518d6ed81826833d77c3c882d9ab608add591ccace47a44?s=96&d=mm&r=g\",\"caption\":\"Kuzeyin Sesi\"},\"sameAs\":[\"https:\\\/\\\/kuzeyinsesi.org\"],\"url\":\"https:\\\/\\\/kuzeyinsesi.org\\\/index.php\\\/author\\\/guven\\\/\"}]}<\/script>\n<!-- \/ Yoast SEO plugin. -->","yoast_head_json":{"title":"S\u00f6z isimli k\u0131sa filmin galas\u0131 cuma g\u00fcn\u00fc yap\u0131lacak - Kuzeyin Sesi","robots":{"index":"index","follow":"follow","max-snippet":"max-snippet:-1","max-image-preview":"max-image-preview:large","max-video-preview":"max-video-preview:-1"},"canonical":"https:\/\/kuzeyinsesi.org\/index.php\/2024\/05\/20\/soz-isimli-kisa-filmin-galasi-cuma-gunu-yapilacak\/","og_locale":"tr_TR","og_type":"article","og_title":"S\u00f6z isimli k\u0131sa filmin galas\u0131 cuma g\u00fcn\u00fc yap\u0131lacak - Kuzeyin Sesi","og_description":"\u00a0K\u0131br\u0131s T\u00fcrk Sinema Televizyon Derne\u011fi ve SineSmart Yap\u0131mc\u0131l\u0131k i\u015f birli\u011fi ile \u00e7ekilen S\u00f6z adl\u0131 k\u0131sa filmin galas\u0131 24 May\u0131s Cuma g\u00fcn\u00fc Lefko\u015fa Atat\u00fcrk K\u00fclt\u00fcr Merkezi\u2019nde (AKM) saat 19.00\u2019da yap\u0131lacak. \u00a0 Sinevizyon Derne\u011fi\u2019nden yap\u0131lan a\u00e7\u0131klamaya g\u00f6re \u00e7ekimlerine mart ay\u0131nda ba\u015flanan S\u00f6z adl\u0131 k\u0131sa film, 1974 senesinde G\u00fcney K\u0131br\u0131s\u2019taki evinden ayr\u0131lan bir K\u0131br\u0131sl\u0131 T\u00fcrk\u00fcn hikayesini anlat\u0131yor. A\u00e7\u0131klamaya [&hellip;]","og_url":"https:\/\/kuzeyinsesi.org\/index.php\/2024\/05\/20\/soz-isimli-kisa-filmin-galasi-cuma-gunu-yapilacak\/","og_site_name":"Kuzeyin Sesi","article_publisher":"https:\/\/www.facebook.com\/kuzeyinsesii","article_published_time":"2024-05-20T07:22:58+00:00","og_image":[{"width":710,"height":370,"url":"https:\/\/kuzeyinsesi.org\/wp-content\/uploads\/2024\/05\/sozzzzzzzzzzzzz.webp.webp","type":"image\/webp"}],"author":"Kuzeyin Sesi","twitter_card":"summary_large_image","twitter_creator":"@kuzeyinsesii","twitter_site":"@kuzeyinsesii","twitter_misc":{"Yazan:":"Kuzeyin Sesi","Tahmini okuma s\u00fcresi":"1 dakika"},"schema":{"@context":"https:\/\/schema.org","@graph":[{"@type":"Article","@id":"https:\/\/kuzeyinsesi.org\/index.php\/2024\/05\/20\/soz-isimli-kisa-filmin-galasi-cuma-gunu-yapilacak\/#article","isPartOf":{"@id":"https:\/\/kuzeyinsesi.org\/index.php\/2024\/05\/20\/soz-isimli-kisa-filmin-galasi-cuma-gunu-yapilacak\/"},"author":{"name":"Kuzeyin Sesi","@id":"https:\/\/kuzeyinsesi.org\/#\/schema\/person\/9f859689cdf01485597712386e37f5aa"},"headline":"S\u00f6z isimli k\u0131sa filmin galas\u0131 cuma g\u00fcn\u00fc yap\u0131lacak","datePublished":"2024-05-20T07:22:58+00:00","mainEntityOfPage":{"@id":"https:\/\/kuzeyinsesi.org\/index.php\/2024\/05\/20\/soz-isimli-kisa-filmin-galasi-cuma-gunu-yapilacak\/"},"wordCount":219,"commentCount":0,"image":{"@id":"https:\/\/kuzeyinsesi.org\/index.php\/2024\/05\/20\/soz-isimli-kisa-filmin-galasi-cuma-gunu-yapilacak\/#primaryimage"},"thumbnailUrl":"https:\/\/kuzeyinsesi.org\/wp-content\/uploads\/2024\/05\/sozzzzzzzzzzzzz.webp.webp","articleSection":["Ya\u015fam"],"inLanguage":"tr","potentialAction":[{"@type":"CommentAction","name":"Comment","target":["https:\/\/kuzeyinsesi.org\/index.php\/2024\/05\/20\/soz-isimli-kisa-filmin-galasi-cuma-gunu-yapilacak\/#respond"]}]},{"@type":"WebPage","@id":"https:\/\/kuzeyinsesi.org\/index.php\/2024\/05\/20\/soz-isimli-kisa-filmin-galasi-cuma-gunu-yapilacak\/","url":"https:\/\/kuzeyinsesi.org\/index.php\/2024\/05\/20\/soz-isimli-kisa-filmin-galasi-cuma-gunu-yapilacak\/","name":"S\u00f6z isimli k\u0131sa filmin galas\u0131 cuma g\u00fcn\u00fc yap\u0131lacak - Kuzeyin Sesi","isPartOf":{"@id":"https:\/\/kuzeyinsesi.org\/#website"},"primaryImageOfPage":{"@id":"https:\/\/kuzeyinsesi.org\/index.php\/2024\/05\/20\/soz-isimli-kisa-filmin-galasi-cuma-gunu-yapilacak\/#primaryimage"},"image":{"@id":"https:\/\/kuzeyinsesi.org\/index.php\/2024\/05\/20\/soz-isimli-kisa-filmin-galasi-cuma-gunu-yapilacak\/#primaryimage"},"thumbnailUrl":"https:\/\/kuzeyinsesi.org\/wp-content\/uploads\/2024\/05\/sozzzzzzzzzzzzz.webp.webp","datePublished":"2024-05-20T07:22:58+00:00","author":{"@id":"https:\/\/kuzeyinsesi.org\/#\/schema\/person\/9f859689cdf01485597712386e37f5aa"},"breadcrumb":{"@id":"https:\/\/kuzeyinsesi.org\/index.php\/2024\/05\/20\/soz-isimli-kisa-filmin-galasi-cuma-gunu-yapilacak\/#breadcrumb"},"inLanguage":"tr","potentialAction":[{"@type":"ReadAction","target":["https:\/\/kuzeyinsesi.org\/index.php\/2024\/05\/20\/soz-isimli-kisa-filmin-galasi-cuma-gunu-yapilacak\/"]}]},{"@type":"ImageObject","inLanguage":"tr","@id":"https:\/\/kuzeyinsesi.org\/index.php\/2024\/05\/20\/soz-isimli-kisa-filmin-galasi-cuma-gunu-yapilacak\/#primaryimage","url":"https:\/\/kuzeyinsesi.org\/wp-content\/uploads\/2024\/05\/sozzzzzzzzzzzzz.webp.webp","contentUrl":"https:\/\/kuzeyinsesi.org\/wp-content\/uploads\/2024\/05\/sozzzzzzzzzzzzz.webp.webp","width":710,"height":370},{"@type":"BreadcrumbList","@id":"https:\/\/kuzeyinsesi.org\/index.php\/2024\/05\/20\/soz-isimli-kisa-filmin-galasi-cuma-gunu-yapilacak\/#breadcrumb","itemListElement":[{"@type":"ListItem","position":1,"name":"Anasayfa","item":"https:\/\/kuzeyinsesi.org\/"},{"@type":"ListItem","position":2,"name":"S\u00f6z isimli k\u0131sa filmin galas\u0131 cuma g\u00fcn\u00fc yap\u0131lacak"}]},{"@type":"WebSite","@id":"https:\/\/kuzeyinsesi.org\/#website","url":"https:\/\/kuzeyinsesi.org\/","name":"Kuzeyin Sesi","description":"Do\u011fru Haberin Adresi","potentialAction":[{"@type":"SearchAction","target":{"@type":"EntryPoint","urlTemplate":"https:\/\/kuzeyinsesi.org\/?s={search_term_string}"},"query-input":{"@type":"PropertyValueSpecification","valueRequired":true,"valueName":"search_term_string"}}],"inLanguage":"tr"},{"@type":"Person","@id":"https:\/\/kuzeyinsesi.org\/#\/schema\/person\/9f859689cdf01485597712386e37f5aa","name":"Kuzeyin Sesi","image":{"@type":"ImageObject","inLanguage":"tr","@id":"https:\/\/secure.gravatar.com\/avatar\/bab33852abfd8b282518d6ed81826833d77c3c882d9ab608add591ccace47a44?s=96&d=mm&r=g","url":"https:\/\/secure.gravatar.com\/avatar\/bab33852abfd8b282518d6ed81826833d77c3c882d9ab608add591ccace47a44?s=96&d=mm&r=g","contentUrl":"https:\/\/secure.gravatar.com\/avatar\/bab33852abfd8b282518d6ed81826833d77c3c882d9ab608add591ccace47a44?s=96&d=mm&r=g","caption":"Kuzeyin Sesi"},"sameAs":["https:\/\/kuzeyinsesi.org"],"url":"https:\/\/kuzeyinsesi.org\/index.php\/author\/guven\/"}]}},"_links":{"self":[{"href":"https:\/\/kuzeyinsesi.org\/index.php\/wp-json\/wp\/v2\/posts\/2951","targetHints":{"allow":["GET"]}}],"collection":[{"href":"https:\/\/kuzeyinsesi.org\/index.php\/wp-json\/wp\/v2\/posts"}],"about":[{"href":"https:\/\/kuzeyinsesi.org\/index.php\/wp-json\/wp\/v2\/types\/post"}],"author":[{"embeddable":true,"href":"https:\/\/kuzeyinsesi.org\/index.php\/wp-json\/wp\/v2\/users\/1"}],"replies":[{"embeddable":true,"href":"https:\/\/kuzeyinsesi.org\/index.php\/wp-json\/wp\/v2\/comments?post=2951"}],"version-history":[{"count":0,"href":"https:\/\/kuzeyinsesi.org\/index.php\/wp-json\/wp\/v2\/posts\/2951\/revisions"}],"wp:featuredmedia":[{"embeddable":true,"href":"https:\/\/kuzeyinsesi.org\/index.php\/wp-json\/wp\/v2\/media\/2952"}],"wp:attachment":[{"href":"https:\/\/kuzeyinsesi.org\/index.php\/wp-json\/wp\/v2\/media?parent=2951"}],"wp:term":[{"taxonomy":"category","embeddable":true,"href":"https:\/\/kuzeyinsesi.org\/index.php\/wp-json\/wp\/v2\/categories?post=2951"},{"taxonomy":"post_tag","embeddable":true,"href":"https:\/\/kuzeyinsesi.org\/index.php\/wp-json\/wp\/v2\/tags?post=2951"}],"curies":[{"name":"wp","href":"https:\/\/api.w.org\/{rel}","templated":true}]}}