{"id":2943,"date":"2024-05-19T18:06:10","date_gmt":"2024-05-19T15:06:10","guid":{"rendered":"https:\/\/kuzeyinsesi.com\/index.php\/2024\/05\/19\/foderin-engeli-yasamak-adli-fotograf-acildi\/"},"modified":"2024-05-19T18:06:10","modified_gmt":"2024-05-19T15:06:10","slug":"foderin-engeli-yasamak-adli-fotograf-acildi","status":"publish","type":"post","link":"https:\/\/kuzeyinsesi.org\/index.php\/2024\/05\/19\/foderin-engeli-yasamak-adli-fotograf-acildi\/","title":{"rendered":"FODER\u2019in \u201dEngeli Ya\u015famak\u201d adl\u0131 foto\u011fraf a\u00e7\u0131ld\u0131"},"content":{"rendered":"<div>\n<div class=\"mariselle-image-container center\">\n                                            <\/div>\n<p>K\u0131br\u0131s T\u00fcrk Foto\u011fraf Derne\u011fi (FODER) taraf\u0131ndan \u0130smail G\u00f6k\u00e7e\u2019nin k\u00fcrat\u00f6rl\u00fc\u011f\u00fcnde d\u00fczenlenen \u201cEngeli Ya\u015famak\u201d foto\u011fraf sergisi a\u00e7\u0131ld\u0131. <\/p>\n<p>FODER\u2019den yap\u0131lan a\u00e7\u0131klamaya g\u00f6re, Cumhurba\u015fkan\u0131 Ersin Tatar\u2019\u0131n e\u015fi Sibel Tatar \u00f6nc\u00fcl\u00fc\u011f\u00fcnde d\u00fczenlenen tek g\u00fcnl\u00fck Engelli Haklar\u0131 \u00c7al\u0131\u015ftay\u0131,uzmanlar\u0131n, engelli derneklerinin, engelli vatanda\u015flar\u0131n ve ilgililerin kat\u0131l\u0131m\u0131yla ger\u00e7ekle\u015fti.  \u00c7al\u0131\u015ftay\u2019da K\u0131br\u0131s T\u00fcrk Foto\u011fraf Derne\u011fi (FODER) taraf\u0131ndan \u0130smail G\u00f6k\u00e7e\u2019nin k\u00fcrat\u00f6rl\u00fc\u011f\u00fcnde d\u00fczenlenen \u201cEngeli Ya\u015famak\u201d foto\u011fraf sergisi a\u00e7\u0131l\u0131\u015f\u0131 yap\u0131ld\u0131. <\/p>\n<p>Girne Merit Royal Diamond Otel\u2019de d\u00fczenlenen cal\u0131\u015ftayda FODER ba\u015fkan\u0131 Ramadan G\u00fcm\u00fc\u015fok\u2019un k\u0131sa bir konu\u015fmas\u0131yla   \u201cEngeli Ya\u015famak\u201d  sergisi a\u00e7\u0131l\u0131\u015f\u0131 yap\u0131ld\u0131.   <\/p>\n<p>G\u00fcm\u00fc\u015fok konu\u015fmas\u0131nda, \u201c\u00dcyelerimiz proje s\u00fcrecinde engellili\u011fin t\u00fcm d\u00fcnyada neyi temsil etti\u011fine dair \u00f6rnek olu\u015fturmak \u00fczere, engellili\u011fe ili\u015fkin kendi bak\u0131\u015f a\u00e7\u0131s\u0131n\u0131 yans\u0131tacak \u00e7al\u0131\u015fmalarla sergimize katk\u0131 koymu\u015ftur.\u201d dedi. <\/p>\n<p>Engelliler i\u00e7in e\u015fit ve eri\u015febilir bir ya\u015fam felsefesini vurgulamak, bir engel ile ya\u015famak zorunda olan insanlarn, ger\u00e7ekli\u011fini hat\u0131rlamak ve hat\u0131rlatmak amac\u0131 g\u00fctt\u00fcklerini kaydeden G\u00fcm\u00fc\u015fok, K\u00fclt\u00fcr Dairesi katk\u0131lar\u0131yla, 24 \u00fcyelerinin 103 foto\u011fraf\u0131yla  \u2018\u2019Engeli Ya\u015famak\u2019\u2019 projesini hayata ge\u00e7irdiklerini s\u00f6yledi.<\/p>\n<div class=\"mariselle-image-container center\">\n                <img decoding=\"async\" width=\"1620\" height=\"939\" class=\"lazy-image\" alt=\"\" sizes=\"(max-width: 1620px) 100vw, 1620px\" src=\"https:\/\/brtk.net\/wp-content\/uploads\/2024\/05\/19\/foder-sergi-1-.jpg?ver=136b40fde4a3ad0fb36b36cf9e05401f\" srcset=\"https:\/\/brtk.net\/wp-content\/uploads\/2024\/05\/19\/foder-sergi-1-.jpg?ver=136b40fde4a3ad0fb36b36cf9e05401f 1620w, https:\/\/brtk.net\/wp-content\/uploads\/2024\/05\/19\/foder-sergi-1--300x174.jpg?ver=80819ab05a54f7dded718bcf2df6b5d3 300w, https:\/\/brtk.net\/wp-content\/uploads\/2024\/05\/19\/foder-sergi-1--1024x594.jpg?ver=80819ab05a54f7dded718bcf2df6b5d3 1024w, https:\/\/brtk.net\/wp-content\/uploads\/2024\/05\/19\/foder-sergi-1--768x445.jpg?ver=80819ab05a54f7dded718bcf2df6b5d3 768w, https:\/\/brtk.net\/wp-content\/uploads\/2024\/05\/19\/foder-sergi-1--1536x890.jpg?ver=da8ef8af4536801c6e0b20d2dce7d0b3 1536w\"\/>                            <\/div>\n<p> \u201cEngeli Ya\u015famak\u201d adl\u0131 sergisine foto\u011fraflar\u0131yla kat\u0131lanlar \u015f\u00f6yle: <\/p>\n<p>\u201cAs\u0131m E\u011fitmen,  Asude Arifo\u011flu,  Ay\u015fe Baysal,  Besime Tanul,  Cemaliye Pelit Kavani, Durmu\u015f B\u0131y\u0131kl\u0131,  Emel Sefer, Emine Cem,  Erman Alt\u0131n\u00e7ay, Ersoy G\u00fc\u00e7er,  Ferg\u00fcn Ulual, G\u00fclnur Tokay, G\u00fclseren Kar\u0131nca, H\u00fcseyin Kocaismail, Mustafa Erkan, Radiye Y\u00fccelen,  Ramadan G\u00fcm\u00fc\u015fok, Salih Cengaver Cem, \u015eaziye Kofal\u0131, \u015eerif \u00d6zege, Tevfik Ulual, Tijen Y\u00fccelen,  Veysi Canate\u015f,  Y\u0131ld\u0131z \u00d6zkan\u201d<\/p>\n<\/p><\/div>\n<p><script async\n                    defer\n                    crossorigin=\"anonymous\"\n                    src=\"https:\/\/connect.facebook.net\/tr_TR\/sdk.js#xfbml=1&#038;version=v3.3\"\n            ><\/script><\/p>\n","protected":false},"excerpt":{"rendered":"<p>K\u0131br\u0131s T\u00fcrk Foto\u011fraf Derne\u011fi (FODER) taraf\u0131ndan \u0130smail G\u00f6k\u00e7e\u2019nin k\u00fcrat\u00f6rl\u00fc\u011f\u00fcnde d\u00fczenlenen \u201cEngeli Ya\u015famak\u201d foto\u011fraf sergisi a\u00e7\u0131ld\u0131. FODER\u2019den yap\u0131lan a\u00e7\u0131klamaya g\u00f6re, Cumhurba\u015fkan\u0131 Ersin Tatar\u2019\u0131n e\u015fi Sibel Tatar \u00f6nc\u00fcl\u00fc\u011f\u00fcnde d\u00fczenlenen tek g\u00fcnl\u00fck Engelli Haklar\u0131 \u00c7al\u0131\u015ftay\u0131,uzmanlar\u0131n, engelli derneklerinin, engelli vatanda\u015flar\u0131n ve ilgililerin kat\u0131l\u0131m\u0131yla ger\u00e7ekle\u015fti. \u00c7al\u0131\u015ftay\u2019da K\u0131br\u0131s T\u00fcrk Foto\u011fraf Derne\u011fi (FODER) taraf\u0131ndan \u0130smail G\u00f6k\u00e7e\u2019nin k\u00fcrat\u00f6rl\u00fc\u011f\u00fcnde d\u00fczenlenen \u201cEngeli Ya\u015famak\u201d foto\u011fraf sergisi [&hellip;]<\/p>\n","protected":false},"author":1,"featured_media":2944,"comment_status":"open","ping_status":"open","sticky":false,"template":"","format":"standard","meta":{"jnews-multi-image_gallery":[],"jnews_single_post":[],"jnews_primary_category":[],"jnews_social_meta":[],"jnews_override_counter":[],"footnotes":""},"categories":[6],"tags":[],"class_list":["post-2943","post","type-post","status-publish","format-standard","has-post-thumbnail","hentry","category-yasam"],"yoast_head":"<!-- This site is optimized with the Yoast SEO plugin v27.5 - https:\/\/yoast.com\/product\/yoast-seo-wordpress\/ -->\n<title>FODER\u2019in \u201dEngeli Ya\u015famak\u201d adl\u0131 foto\u011fraf a\u00e7\u0131ld\u0131 - Kuzeyin Sesi<\/title>\n<meta name=\"robots\" content=\"index, follow, max-snippet:-1, max-image-preview:large, max-video-preview:-1\" \/>\n<link rel=\"canonical\" href=\"https:\/\/kuzeyinsesi.org\/index.php\/2024\/05\/19\/foderin-engeli-yasamak-adli-fotograf-acildi\/\" \/>\n<meta property=\"og:locale\" content=\"tr_TR\" \/>\n<meta property=\"og:type\" content=\"article\" \/>\n<meta property=\"og:title\" content=\"FODER\u2019in \u201dEngeli Ya\u015famak\u201d adl\u0131 foto\u011fraf a\u00e7\u0131ld\u0131 - Kuzeyin Sesi\" \/>\n<meta property=\"og:description\" content=\"K\u0131br\u0131s T\u00fcrk Foto\u011fraf Derne\u011fi (FODER) taraf\u0131ndan \u0130smail G\u00f6k\u00e7e\u2019nin k\u00fcrat\u00f6rl\u00fc\u011f\u00fcnde d\u00fczenlenen \u201cEngeli Ya\u015famak\u201d foto\u011fraf sergisi a\u00e7\u0131ld\u0131. FODER\u2019den yap\u0131lan a\u00e7\u0131klamaya g\u00f6re, Cumhurba\u015fkan\u0131 Ersin Tatar\u2019\u0131n e\u015fi Sibel Tatar \u00f6nc\u00fcl\u00fc\u011f\u00fcnde d\u00fczenlenen tek g\u00fcnl\u00fck Engelli Haklar\u0131 \u00c7al\u0131\u015ftay\u0131,uzmanlar\u0131n, engelli derneklerinin, engelli vatanda\u015flar\u0131n ve ilgililerin kat\u0131l\u0131m\u0131yla ger\u00e7ekle\u015fti. \u00c7al\u0131\u015ftay\u2019da K\u0131br\u0131s T\u00fcrk Foto\u011fraf Derne\u011fi (FODER) taraf\u0131ndan \u0130smail G\u00f6k\u00e7e\u2019nin k\u00fcrat\u00f6rl\u00fc\u011f\u00fcnde d\u00fczenlenen \u201cEngeli Ya\u015famak\u201d foto\u011fraf sergisi [&hellip;]\" \/>\n<meta property=\"og:url\" content=\"https:\/\/kuzeyinsesi.org\/index.php\/2024\/05\/19\/foderin-engeli-yasamak-adli-fotograf-acildi\/\" \/>\n<meta property=\"og:site_name\" content=\"Kuzeyin Sesi\" \/>\n<meta property=\"article:publisher\" content=\"https:\/\/www.facebook.com\/kuzeyinsesii\" \/>\n<meta property=\"article:published_time\" content=\"2024-05-19T15:06:10+00:00\" \/>\n<meta property=\"og:image\" content=\"https:\/\/kuzeyinsesi.org\/wp-content\/uploads\/2024\/05\/foder-sergi-8-1.jpg\" \/>\n\t<meta property=\"og:image:width\" content=\"1620\" \/>\n\t<meta property=\"og:image:height\" content=\"1080\" \/>\n\t<meta property=\"og:image:type\" content=\"image\/jpeg\" \/>\n<meta name=\"author\" content=\"Kuzeyin Sesi\" \/>\n<meta name=\"twitter:card\" content=\"summary_large_image\" \/>\n<meta name=\"twitter:creator\" content=\"@kuzeyinsesii\" \/>\n<meta name=\"twitter:site\" content=\"@kuzeyinsesii\" \/>\n<meta name=\"twitter:label1\" content=\"Yazan:\" \/>\n\t<meta name=\"twitter:data1\" content=\"Kuzeyin Sesi\" \/>\n\t<meta name=\"twitter:label2\" content=\"Tahmini okuma s\u00fcresi\" \/>\n\t<meta name=\"twitter:data2\" content=\"2 dakika\" \/>\n<script type=\"application\/ld+json\" class=\"yoast-schema-graph\">{\"@context\":\"https:\\\/\\\/schema.org\",\"@graph\":[{\"@type\":\"Article\",\"@id\":\"https:\\\/\\\/kuzeyinsesi.org\\\/index.php\\\/2024\\\/05\\\/19\\\/foderin-engeli-yasamak-adli-fotograf-acildi\\\/#article\",\"isPartOf\":{\"@id\":\"https:\\\/\\\/kuzeyinsesi.org\\\/index.php\\\/2024\\\/05\\\/19\\\/foderin-engeli-yasamak-adli-fotograf-acildi\\\/\"},\"author\":{\"name\":\"Kuzeyin Sesi\",\"@id\":\"https:\\\/\\\/kuzeyinsesi.org\\\/#\\\/schema\\\/person\\\/9f859689cdf01485597712386e37f5aa\"},\"headline\":\"FODER\u2019in \u201dEngeli Ya\u015famak\u201d adl\u0131 foto\u011fraf a\u00e7\u0131ld\u0131\",\"datePublished\":\"2024-05-19T15:06:10+00:00\",\"mainEntityOfPage\":{\"@id\":\"https:\\\/\\\/kuzeyinsesi.org\\\/index.php\\\/2024\\\/05\\\/19\\\/foderin-engeli-yasamak-adli-fotograf-acildi\\\/\"},\"wordCount\":337,\"commentCount\":0,\"image\":{\"@id\":\"https:\\\/\\\/kuzeyinsesi.org\\\/index.php\\\/2024\\\/05\\\/19\\\/foderin-engeli-yasamak-adli-fotograf-acildi\\\/#primaryimage\"},\"thumbnailUrl\":\"https:\\\/\\\/kuzeyinsesi.org\\\/wp-content\\\/uploads\\\/2024\\\/05\\\/foder-sergi-8-1.jpg\",\"articleSection\":[\"Ya\u015fam\"],\"inLanguage\":\"tr\",\"potentialAction\":[{\"@type\":\"CommentAction\",\"name\":\"Comment\",\"target\":[\"https:\\\/\\\/kuzeyinsesi.org\\\/index.php\\\/2024\\\/05\\\/19\\\/foderin-engeli-yasamak-adli-fotograf-acildi\\\/#respond\"]}]},{\"@type\":\"WebPage\",\"@id\":\"https:\\\/\\\/kuzeyinsesi.org\\\/index.php\\\/2024\\\/05\\\/19\\\/foderin-engeli-yasamak-adli-fotograf-acildi\\\/\",\"url\":\"https:\\\/\\\/kuzeyinsesi.org\\\/index.php\\\/2024\\\/05\\\/19\\\/foderin-engeli-yasamak-adli-fotograf-acildi\\\/\",\"name\":\"FODER\u2019in \u201dEngeli Ya\u015famak\u201d adl\u0131 foto\u011fraf a\u00e7\u0131ld\u0131 - Kuzeyin Sesi\",\"isPartOf\":{\"@id\":\"https:\\\/\\\/kuzeyinsesi.org\\\/#website\"},\"primaryImageOfPage\":{\"@id\":\"https:\\\/\\\/kuzeyinsesi.org\\\/index.php\\\/2024\\\/05\\\/19\\\/foderin-engeli-yasamak-adli-fotograf-acildi\\\/#primaryimage\"},\"image\":{\"@id\":\"https:\\\/\\\/kuzeyinsesi.org\\\/index.php\\\/2024\\\/05\\\/19\\\/foderin-engeli-yasamak-adli-fotograf-acildi\\\/#primaryimage\"},\"thumbnailUrl\":\"https:\\\/\\\/kuzeyinsesi.org\\\/wp-content\\\/uploads\\\/2024\\\/05\\\/foder-sergi-8-1.jpg\",\"datePublished\":\"2024-05-19T15:06:10+00:00\",\"author\":{\"@id\":\"https:\\\/\\\/kuzeyinsesi.org\\\/#\\\/schema\\\/person\\\/9f859689cdf01485597712386e37f5aa\"},\"breadcrumb\":{\"@id\":\"https:\\\/\\\/kuzeyinsesi.org\\\/index.php\\\/2024\\\/05\\\/19\\\/foderin-engeli-yasamak-adli-fotograf-acildi\\\/#breadcrumb\"},\"inLanguage\":\"tr\",\"potentialAction\":[{\"@type\":\"ReadAction\",\"target\":[\"https:\\\/\\\/kuzeyinsesi.org\\\/index.php\\\/2024\\\/05\\\/19\\\/foderin-engeli-yasamak-adli-fotograf-acildi\\\/\"]}]},{\"@type\":\"ImageObject\",\"inLanguage\":\"tr\",\"@id\":\"https:\\\/\\\/kuzeyinsesi.org\\\/index.php\\\/2024\\\/05\\\/19\\\/foderin-engeli-yasamak-adli-fotograf-acildi\\\/#primaryimage\",\"url\":\"https:\\\/\\\/kuzeyinsesi.org\\\/wp-content\\\/uploads\\\/2024\\\/05\\\/foder-sergi-8-1.jpg\",\"contentUrl\":\"https:\\\/\\\/kuzeyinsesi.org\\\/wp-content\\\/uploads\\\/2024\\\/05\\\/foder-sergi-8-1.jpg\",\"width\":1620,\"height\":1080},{\"@type\":\"BreadcrumbList\",\"@id\":\"https:\\\/\\\/kuzeyinsesi.org\\\/index.php\\\/2024\\\/05\\\/19\\\/foderin-engeli-yasamak-adli-fotograf-acildi\\\/#breadcrumb\",\"itemListElement\":[{\"@type\":\"ListItem\",\"position\":1,\"name\":\"Anasayfa\",\"item\":\"https:\\\/\\\/kuzeyinsesi.org\\\/\"},{\"@type\":\"ListItem\",\"position\":2,\"name\":\"FODER\u2019in \u201dEngeli Ya\u015famak\u201d adl\u0131 foto\u011fraf a\u00e7\u0131ld\u0131\"}]},{\"@type\":\"WebSite\",\"@id\":\"https:\\\/\\\/kuzeyinsesi.org\\\/#website\",\"url\":\"https:\\\/\\\/kuzeyinsesi.org\\\/\",\"name\":\"Kuzeyin Sesi\",\"description\":\"Do\u011fru Haberin Adresi\",\"potentialAction\":[{\"@type\":\"SearchAction\",\"target\":{\"@type\":\"EntryPoint\",\"urlTemplate\":\"https:\\\/\\\/kuzeyinsesi.org\\\/?s={search_term_string}\"},\"query-input\":{\"@type\":\"PropertyValueSpecification\",\"valueRequired\":true,\"valueName\":\"search_term_string\"}}],\"inLanguage\":\"tr\"},{\"@type\":\"Person\",\"@id\":\"https:\\\/\\\/kuzeyinsesi.org\\\/#\\\/schema\\\/person\\\/9f859689cdf01485597712386e37f5aa\",\"name\":\"Kuzeyin Sesi\",\"image\":{\"@type\":\"ImageObject\",\"inLanguage\":\"tr\",\"@id\":\"https:\\\/\\\/secure.gravatar.com\\\/avatar\\\/bab33852abfd8b282518d6ed81826833d77c3c882d9ab608add591ccace47a44?s=96&d=mm&r=g\",\"url\":\"https:\\\/\\\/secure.gravatar.com\\\/avatar\\\/bab33852abfd8b282518d6ed81826833d77c3c882d9ab608add591ccace47a44?s=96&d=mm&r=g\",\"contentUrl\":\"https:\\\/\\\/secure.gravatar.com\\\/avatar\\\/bab33852abfd8b282518d6ed81826833d77c3c882d9ab608add591ccace47a44?s=96&d=mm&r=g\",\"caption\":\"Kuzeyin Sesi\"},\"sameAs\":[\"https:\\\/\\\/kuzeyinsesi.org\"],\"url\":\"https:\\\/\\\/kuzeyinsesi.org\\\/index.php\\\/author\\\/guven\\\/\"}]}<\/script>\n<!-- \/ Yoast SEO plugin. -->","yoast_head_json":{"title":"FODER\u2019in \u201dEngeli Ya\u015famak\u201d adl\u0131 foto\u011fraf a\u00e7\u0131ld\u0131 - Kuzeyin Sesi","robots":{"index":"index","follow":"follow","max-snippet":"max-snippet:-1","max-image-preview":"max-image-preview:large","max-video-preview":"max-video-preview:-1"},"canonical":"https:\/\/kuzeyinsesi.org\/index.php\/2024\/05\/19\/foderin-engeli-yasamak-adli-fotograf-acildi\/","og_locale":"tr_TR","og_type":"article","og_title":"FODER\u2019in \u201dEngeli Ya\u015famak\u201d adl\u0131 foto\u011fraf a\u00e7\u0131ld\u0131 - Kuzeyin Sesi","og_description":"K\u0131br\u0131s T\u00fcrk Foto\u011fraf Derne\u011fi (FODER) taraf\u0131ndan \u0130smail G\u00f6k\u00e7e\u2019nin k\u00fcrat\u00f6rl\u00fc\u011f\u00fcnde d\u00fczenlenen \u201cEngeli Ya\u015famak\u201d foto\u011fraf sergisi a\u00e7\u0131ld\u0131. FODER\u2019den yap\u0131lan a\u00e7\u0131klamaya g\u00f6re, Cumhurba\u015fkan\u0131 Ersin Tatar\u2019\u0131n e\u015fi Sibel Tatar \u00f6nc\u00fcl\u00fc\u011f\u00fcnde d\u00fczenlenen tek g\u00fcnl\u00fck Engelli Haklar\u0131 \u00c7al\u0131\u015ftay\u0131,uzmanlar\u0131n, engelli derneklerinin, engelli vatanda\u015flar\u0131n ve ilgililerin kat\u0131l\u0131m\u0131yla ger\u00e7ekle\u015fti. \u00c7al\u0131\u015ftay\u2019da K\u0131br\u0131s T\u00fcrk Foto\u011fraf Derne\u011fi (FODER) taraf\u0131ndan \u0130smail G\u00f6k\u00e7e\u2019nin k\u00fcrat\u00f6rl\u00fc\u011f\u00fcnde d\u00fczenlenen \u201cEngeli Ya\u015famak\u201d foto\u011fraf sergisi [&hellip;]","og_url":"https:\/\/kuzeyinsesi.org\/index.php\/2024\/05\/19\/foderin-engeli-yasamak-adli-fotograf-acildi\/","og_site_name":"Kuzeyin Sesi","article_publisher":"https:\/\/www.facebook.com\/kuzeyinsesii","article_published_time":"2024-05-19T15:06:10+00:00","og_image":[{"width":1620,"height":1080,"url":"https:\/\/kuzeyinsesi.org\/wp-content\/uploads\/2024\/05\/foder-sergi-8-1.jpg","type":"image\/jpeg"}],"author":"Kuzeyin Sesi","twitter_card":"summary_large_image","twitter_creator":"@kuzeyinsesii","twitter_site":"@kuzeyinsesii","twitter_misc":{"Yazan:":"Kuzeyin Sesi","Tahmini okuma s\u00fcresi":"2 dakika"},"schema":{"@context":"https:\/\/schema.org","@graph":[{"@type":"Article","@id":"https:\/\/kuzeyinsesi.org\/index.php\/2024\/05\/19\/foderin-engeli-yasamak-adli-fotograf-acildi\/#article","isPartOf":{"@id":"https:\/\/kuzeyinsesi.org\/index.php\/2024\/05\/19\/foderin-engeli-yasamak-adli-fotograf-acildi\/"},"author":{"name":"Kuzeyin Sesi","@id":"https:\/\/kuzeyinsesi.org\/#\/schema\/person\/9f859689cdf01485597712386e37f5aa"},"headline":"FODER\u2019in \u201dEngeli Ya\u015famak\u201d adl\u0131 foto\u011fraf a\u00e7\u0131ld\u0131","datePublished":"2024-05-19T15:06:10+00:00","mainEntityOfPage":{"@id":"https:\/\/kuzeyinsesi.org\/index.php\/2024\/05\/19\/foderin-engeli-yasamak-adli-fotograf-acildi\/"},"wordCount":337,"commentCount":0,"image":{"@id":"https:\/\/kuzeyinsesi.org\/index.php\/2024\/05\/19\/foderin-engeli-yasamak-adli-fotograf-acildi\/#primaryimage"},"thumbnailUrl":"https:\/\/kuzeyinsesi.org\/wp-content\/uploads\/2024\/05\/foder-sergi-8-1.jpg","articleSection":["Ya\u015fam"],"inLanguage":"tr","potentialAction":[{"@type":"CommentAction","name":"Comment","target":["https:\/\/kuzeyinsesi.org\/index.php\/2024\/05\/19\/foderin-engeli-yasamak-adli-fotograf-acildi\/#respond"]}]},{"@type":"WebPage","@id":"https:\/\/kuzeyinsesi.org\/index.php\/2024\/05\/19\/foderin-engeli-yasamak-adli-fotograf-acildi\/","url":"https:\/\/kuzeyinsesi.org\/index.php\/2024\/05\/19\/foderin-engeli-yasamak-adli-fotograf-acildi\/","name":"FODER\u2019in \u201dEngeli Ya\u015famak\u201d adl\u0131 foto\u011fraf a\u00e7\u0131ld\u0131 - Kuzeyin Sesi","isPartOf":{"@id":"https:\/\/kuzeyinsesi.org\/#website"},"primaryImageOfPage":{"@id":"https:\/\/kuzeyinsesi.org\/index.php\/2024\/05\/19\/foderin-engeli-yasamak-adli-fotograf-acildi\/#primaryimage"},"image":{"@id":"https:\/\/kuzeyinsesi.org\/index.php\/2024\/05\/19\/foderin-engeli-yasamak-adli-fotograf-acildi\/#primaryimage"},"thumbnailUrl":"https:\/\/kuzeyinsesi.org\/wp-content\/uploads\/2024\/05\/foder-sergi-8-1.jpg","datePublished":"2024-05-19T15:06:10+00:00","author":{"@id":"https:\/\/kuzeyinsesi.org\/#\/schema\/person\/9f859689cdf01485597712386e37f5aa"},"breadcrumb":{"@id":"https:\/\/kuzeyinsesi.org\/index.php\/2024\/05\/19\/foderin-engeli-yasamak-adli-fotograf-acildi\/#breadcrumb"},"inLanguage":"tr","potentialAction":[{"@type":"ReadAction","target":["https:\/\/kuzeyinsesi.org\/index.php\/2024\/05\/19\/foderin-engeli-yasamak-adli-fotograf-acildi\/"]}]},{"@type":"ImageObject","inLanguage":"tr","@id":"https:\/\/kuzeyinsesi.org\/index.php\/2024\/05\/19\/foderin-engeli-yasamak-adli-fotograf-acildi\/#primaryimage","url":"https:\/\/kuzeyinsesi.org\/wp-content\/uploads\/2024\/05\/foder-sergi-8-1.jpg","contentUrl":"https:\/\/kuzeyinsesi.org\/wp-content\/uploads\/2024\/05\/foder-sergi-8-1.jpg","width":1620,"height":1080},{"@type":"BreadcrumbList","@id":"https:\/\/kuzeyinsesi.org\/index.php\/2024\/05\/19\/foderin-engeli-yasamak-adli-fotograf-acildi\/#breadcrumb","itemListElement":[{"@type":"ListItem","position":1,"name":"Anasayfa","item":"https:\/\/kuzeyinsesi.org\/"},{"@type":"ListItem","position":2,"name":"FODER\u2019in \u201dEngeli Ya\u015famak\u201d adl\u0131 foto\u011fraf a\u00e7\u0131ld\u0131"}]},{"@type":"WebSite","@id":"https:\/\/kuzeyinsesi.org\/#website","url":"https:\/\/kuzeyinsesi.org\/","name":"Kuzeyin Sesi","description":"Do\u011fru Haberin Adresi","potentialAction":[{"@type":"SearchAction","target":{"@type":"EntryPoint","urlTemplate":"https:\/\/kuzeyinsesi.org\/?s={search_term_string}"},"query-input":{"@type":"PropertyValueSpecification","valueRequired":true,"valueName":"search_term_string"}}],"inLanguage":"tr"},{"@type":"Person","@id":"https:\/\/kuzeyinsesi.org\/#\/schema\/person\/9f859689cdf01485597712386e37f5aa","name":"Kuzeyin Sesi","image":{"@type":"ImageObject","inLanguage":"tr","@id":"https:\/\/secure.gravatar.com\/avatar\/bab33852abfd8b282518d6ed81826833d77c3c882d9ab608add591ccace47a44?s=96&d=mm&r=g","url":"https:\/\/secure.gravatar.com\/avatar\/bab33852abfd8b282518d6ed81826833d77c3c882d9ab608add591ccace47a44?s=96&d=mm&r=g","contentUrl":"https:\/\/secure.gravatar.com\/avatar\/bab33852abfd8b282518d6ed81826833d77c3c882d9ab608add591ccace47a44?s=96&d=mm&r=g","caption":"Kuzeyin Sesi"},"sameAs":["https:\/\/kuzeyinsesi.org"],"url":"https:\/\/kuzeyinsesi.org\/index.php\/author\/guven\/"}]}},"_links":{"self":[{"href":"https:\/\/kuzeyinsesi.org\/index.php\/wp-json\/wp\/v2\/posts\/2943","targetHints":{"allow":["GET"]}}],"collection":[{"href":"https:\/\/kuzeyinsesi.org\/index.php\/wp-json\/wp\/v2\/posts"}],"about":[{"href":"https:\/\/kuzeyinsesi.org\/index.php\/wp-json\/wp\/v2\/types\/post"}],"author":[{"embeddable":true,"href":"https:\/\/kuzeyinsesi.org\/index.php\/wp-json\/wp\/v2\/users\/1"}],"replies":[{"embeddable":true,"href":"https:\/\/kuzeyinsesi.org\/index.php\/wp-json\/wp\/v2\/comments?post=2943"}],"version-history":[{"count":0,"href":"https:\/\/kuzeyinsesi.org\/index.php\/wp-json\/wp\/v2\/posts\/2943\/revisions"}],"wp:featuredmedia":[{"embeddable":true,"href":"https:\/\/kuzeyinsesi.org\/index.php\/wp-json\/wp\/v2\/media\/2944"}],"wp:attachment":[{"href":"https:\/\/kuzeyinsesi.org\/index.php\/wp-json\/wp\/v2\/media?parent=2943"}],"wp:term":[{"taxonomy":"category","embeddable":true,"href":"https:\/\/kuzeyinsesi.org\/index.php\/wp-json\/wp\/v2\/categories?post=2943"},{"taxonomy":"post_tag","embeddable":true,"href":"https:\/\/kuzeyinsesi.org\/index.php\/wp-json\/wp\/v2\/tags?post=2943"}],"curies":[{"name":"wp","href":"https:\/\/api.w.org\/{rel}","templated":true}]}}