{"id":2937,"date":"2024-05-19T17:05:20","date_gmt":"2024-05-19T14:05:20","guid":{"rendered":"https:\/\/kuzeyinsesi.com\/index.php\/2024\/05\/19\/atesin-letonyada-sempozyum-ve-karma-sergiye-katildi\/"},"modified":"2024-05-19T17:05:20","modified_gmt":"2024-05-19T14:05:20","slug":"atesin-letonyada-sempozyum-ve-karma-sergiye-katildi","status":"publish","type":"post","link":"https:\/\/kuzeyinsesi.org\/index.php\/2024\/05\/19\/atesin-letonyada-sempozyum-ve-karma-sergiye-katildi\/","title":{"rendered":"Ate\u015fin Letonya\u2019da sempozyum ve karma sergiye kat\u0131ld\u0131"},"content":{"rendered":"<div>\n<p>[image id=\u201d997528\u2033  class=\u201dcenter\u201d   size=\u201dfull\u201d<\/p>\n<p>Sanat\u00e7\u0131 Ayhatun Ate\u015fin, Letonya\u2019da 12.Uluslararas\u0131 Seramik Sanat\u0131 Sempozyumu ve karma sergiye kat\u0131ld\u0131.<\/p>\n<p>Ate\u015fin taraf\u0131ndan verilen bilgiye g\u00f6re, 1-18 May\u0131s tarihleri aras\u0131nda Letonya, Litvanya, T\u00fcrkiye, KKTC, \u00c7ekya, G\u00fcrcistan, Polonya ve Hindistan\u2019dan seramik sanat\u00e7\u0131lar\u0131n\u0131 bir araya getiren sempozyum bir karma sergi ve iki uluslararas\u0131 etkinlikle sona erdi.<\/p>\n<p>Sergi a\u00e7\u0131l\u0131\u015f\u0131nda, M\u00fcze K\u00fcrat\u00f6r\u00fc Aiviars ve Valentine Petjko taraf\u0131ndan sanat\u00e7\u0131lara sertifikalar\u0131 takdim edildi. Ate\u015fin\u2019in, Marth Morko M\u00fczesi Sergi Salonu giri\u015finde enstelasyon \u00e7al\u0131\u015fmas\u0131 yer ald\u0131. <\/p>\n<p>\u201cHayat bir uyanma s\u00fcrecidir. \u0130nsano\u011flunun, yarat\u0131l\u0131\u015f ve ya\u015fay\u0131\u015f amac\u0131ndaki gaye, tarih alg\u0131s\u0131yla harmanlan\u0131yor ve ki\u015finin kendini tan\u0131mas\u0131, anlamas\u0131 ve ar\u0131nmas\u0131yla s\u00fcr\u00fcp gidiyor\u201d diyen Ayhatun Ate\u015fin, \u00e7al\u0131\u015fmas\u0131nda, arkaik k\u00fclt\u00fcr birikimini, ironik bir dille ele alarak, g\u00f6rsel alg\u0131y\u0131 g\u00fc\u00e7lendirme yoluna gitmeye \u00e7al\u0131\u015ft\u0131\u011f\u0131n\u0131 ifade etti.<\/p>\n<p>Ate\u015fin, \u00e7al\u0131\u015fmas\u0131n\u0131n, \u201cArkaik g\u00fcl\u00fcmseme, ya\u015fanm\u0131\u015f bir \u00fctopya\u201d ismiyle m\u00fcze koleksiyonuna girmesinin kendisi i\u00e7in bir onur oldu\u011funu da vurgulad\u0131.<\/p>\n<\/p><\/div>\n<p><script async\n                    defer\n                    crossorigin=\"anonymous\"\n                    src=\"https:\/\/connect.facebook.net\/tr_TR\/sdk.js#xfbml=1&#038;version=v3.3\"\n            ><\/script><\/p>\n","protected":false},"excerpt":{"rendered":"<p>[image id=\u201d997528\u2033 class=\u201dcenter\u201d size=\u201dfull\u201d Sanat\u00e7\u0131 Ayhatun Ate\u015fin, Letonya\u2019da 12.Uluslararas\u0131 Seramik Sanat\u0131 Sempozyumu ve karma sergiye kat\u0131ld\u0131. Ate\u015fin taraf\u0131ndan verilen bilgiye g\u00f6re, 1-18 May\u0131s tarihleri aras\u0131nda Letonya, Litvanya, T\u00fcrkiye, KKTC, \u00c7ekya, G\u00fcrcistan, Polonya ve Hindistan\u2019dan seramik sanat\u00e7\u0131lar\u0131n\u0131 bir araya getiren sempozyum bir karma sergi ve iki uluslararas\u0131 etkinlikle sona erdi. Sergi a\u00e7\u0131l\u0131\u015f\u0131nda, M\u00fcze K\u00fcrat\u00f6r\u00fc Aiviars ve [&hellip;]<\/p>\n","protected":false},"author":1,"featured_media":2938,"comment_status":"open","ping_status":"open","sticky":false,"template":"","format":"standard","meta":{"jnews-multi-image_gallery":[],"jnews_single_post":[],"jnews_primary_category":[],"jnews_social_meta":[],"jnews_override_counter":[],"footnotes":""},"categories":[6],"tags":[],"class_list":["post-2937","post","type-post","status-publish","format-standard","has-post-thumbnail","hentry","category-yasam"],"yoast_head":"<!-- This site is optimized with the Yoast SEO plugin v27.5 - https:\/\/yoast.com\/product\/yoast-seo-wordpress\/ -->\n<title>Ate\u015fin Letonya\u2019da sempozyum ve karma sergiye kat\u0131ld\u0131 - Kuzeyin Sesi<\/title>\n<meta name=\"robots\" content=\"index, follow, max-snippet:-1, max-image-preview:large, max-video-preview:-1\" \/>\n<link rel=\"canonical\" href=\"https:\/\/kuzeyinsesi.org\/index.php\/2024\/05\/19\/atesin-letonyada-sempozyum-ve-karma-sergiye-katildi\/\" \/>\n<meta property=\"og:locale\" content=\"tr_TR\" \/>\n<meta property=\"og:type\" content=\"article\" \/>\n<meta property=\"og:title\" content=\"Ate\u015fin Letonya\u2019da sempozyum ve karma sergiye kat\u0131ld\u0131 - Kuzeyin Sesi\" \/>\n<meta property=\"og:description\" content=\"[image id=\u201d997528\u2033 class=\u201dcenter\u201d size=\u201dfull\u201d Sanat\u00e7\u0131 Ayhatun Ate\u015fin, Letonya\u2019da 12.Uluslararas\u0131 Seramik Sanat\u0131 Sempozyumu ve karma sergiye kat\u0131ld\u0131. Ate\u015fin taraf\u0131ndan verilen bilgiye g\u00f6re, 1-18 May\u0131s tarihleri aras\u0131nda Letonya, Litvanya, T\u00fcrkiye, KKTC, \u00c7ekya, G\u00fcrcistan, Polonya ve Hindistan\u2019dan seramik sanat\u00e7\u0131lar\u0131n\u0131 bir araya getiren sempozyum bir karma sergi ve iki uluslararas\u0131 etkinlikle sona erdi. Sergi a\u00e7\u0131l\u0131\u015f\u0131nda, M\u00fcze K\u00fcrat\u00f6r\u00fc Aiviars ve [&hellip;]\" \/>\n<meta property=\"og:url\" content=\"https:\/\/kuzeyinsesi.org\/index.php\/2024\/05\/19\/atesin-letonyada-sempozyum-ve-karma-sergiye-katildi\/\" \/>\n<meta property=\"og:site_name\" content=\"Kuzeyin Sesi\" \/>\n<meta property=\"article:publisher\" content=\"https:\/\/www.facebook.com\/kuzeyinsesii\" \/>\n<meta property=\"article:published_time\" content=\"2024-05-19T14:05:20+00:00\" \/>\n<meta property=\"og:image\" content=\"https:\/\/kuzeyinsesi.org\/wp-content\/uploads\/2024\/05\/sergi-3-1-.jpg\" \/>\n\t<meta property=\"og:image:width\" content=\"1600\" \/>\n\t<meta property=\"og:image:height\" content=\"1200\" \/>\n\t<meta property=\"og:image:type\" content=\"image\/jpeg\" \/>\n<meta name=\"author\" content=\"Kuzeyin Sesi\" \/>\n<meta name=\"twitter:card\" content=\"summary_large_image\" \/>\n<meta name=\"twitter:creator\" content=\"@kuzeyinsesii\" \/>\n<meta name=\"twitter:site\" content=\"@kuzeyinsesii\" \/>\n<meta name=\"twitter:label1\" content=\"Yazan:\" \/>\n\t<meta name=\"twitter:data1\" content=\"Kuzeyin Sesi\" \/>\n\t<meta name=\"twitter:label2\" content=\"Tahmini okuma s\u00fcresi\" \/>\n\t<meta name=\"twitter:data2\" content=\"1 dakika\" \/>\n<script type=\"application\/ld+json\" class=\"yoast-schema-graph\">{\"@context\":\"https:\\\/\\\/schema.org\",\"@graph\":[{\"@type\":\"Article\",\"@id\":\"https:\\\/\\\/kuzeyinsesi.org\\\/index.php\\\/2024\\\/05\\\/19\\\/atesin-letonyada-sempozyum-ve-karma-sergiye-katildi\\\/#article\",\"isPartOf\":{\"@id\":\"https:\\\/\\\/kuzeyinsesi.org\\\/index.php\\\/2024\\\/05\\\/19\\\/atesin-letonyada-sempozyum-ve-karma-sergiye-katildi\\\/\"},\"author\":{\"name\":\"Kuzeyin Sesi\",\"@id\":\"https:\\\/\\\/kuzeyinsesi.org\\\/#\\\/schema\\\/person\\\/9f859689cdf01485597712386e37f5aa\"},\"headline\":\"Ate\u015fin Letonya\u2019da sempozyum ve karma sergiye kat\u0131ld\u0131\",\"datePublished\":\"2024-05-19T14:05:20+00:00\",\"mainEntityOfPage\":{\"@id\":\"https:\\\/\\\/kuzeyinsesi.org\\\/index.php\\\/2024\\\/05\\\/19\\\/atesin-letonyada-sempozyum-ve-karma-sergiye-katildi\\\/\"},\"wordCount\":204,\"commentCount\":0,\"image\":{\"@id\":\"https:\\\/\\\/kuzeyinsesi.org\\\/index.php\\\/2024\\\/05\\\/19\\\/atesin-letonyada-sempozyum-ve-karma-sergiye-katildi\\\/#primaryimage\"},\"thumbnailUrl\":\"https:\\\/\\\/kuzeyinsesi.org\\\/wp-content\\\/uploads\\\/2024\\\/05\\\/sergi-3-1-.jpg\",\"articleSection\":[\"Ya\u015fam\"],\"inLanguage\":\"tr\",\"potentialAction\":[{\"@type\":\"CommentAction\",\"name\":\"Comment\",\"target\":[\"https:\\\/\\\/kuzeyinsesi.org\\\/index.php\\\/2024\\\/05\\\/19\\\/atesin-letonyada-sempozyum-ve-karma-sergiye-katildi\\\/#respond\"]}]},{\"@type\":\"WebPage\",\"@id\":\"https:\\\/\\\/kuzeyinsesi.org\\\/index.php\\\/2024\\\/05\\\/19\\\/atesin-letonyada-sempozyum-ve-karma-sergiye-katildi\\\/\",\"url\":\"https:\\\/\\\/kuzeyinsesi.org\\\/index.php\\\/2024\\\/05\\\/19\\\/atesin-letonyada-sempozyum-ve-karma-sergiye-katildi\\\/\",\"name\":\"Ate\u015fin Letonya\u2019da sempozyum ve karma sergiye kat\u0131ld\u0131 - Kuzeyin Sesi\",\"isPartOf\":{\"@id\":\"https:\\\/\\\/kuzeyinsesi.org\\\/#website\"},\"primaryImageOfPage\":{\"@id\":\"https:\\\/\\\/kuzeyinsesi.org\\\/index.php\\\/2024\\\/05\\\/19\\\/atesin-letonyada-sempozyum-ve-karma-sergiye-katildi\\\/#primaryimage\"},\"image\":{\"@id\":\"https:\\\/\\\/kuzeyinsesi.org\\\/index.php\\\/2024\\\/05\\\/19\\\/atesin-letonyada-sempozyum-ve-karma-sergiye-katildi\\\/#primaryimage\"},\"thumbnailUrl\":\"https:\\\/\\\/kuzeyinsesi.org\\\/wp-content\\\/uploads\\\/2024\\\/05\\\/sergi-3-1-.jpg\",\"datePublished\":\"2024-05-19T14:05:20+00:00\",\"author\":{\"@id\":\"https:\\\/\\\/kuzeyinsesi.org\\\/#\\\/schema\\\/person\\\/9f859689cdf01485597712386e37f5aa\"},\"breadcrumb\":{\"@id\":\"https:\\\/\\\/kuzeyinsesi.org\\\/index.php\\\/2024\\\/05\\\/19\\\/atesin-letonyada-sempozyum-ve-karma-sergiye-katildi\\\/#breadcrumb\"},\"inLanguage\":\"tr\",\"potentialAction\":[{\"@type\":\"ReadAction\",\"target\":[\"https:\\\/\\\/kuzeyinsesi.org\\\/index.php\\\/2024\\\/05\\\/19\\\/atesin-letonyada-sempozyum-ve-karma-sergiye-katildi\\\/\"]}]},{\"@type\":\"ImageObject\",\"inLanguage\":\"tr\",\"@id\":\"https:\\\/\\\/kuzeyinsesi.org\\\/index.php\\\/2024\\\/05\\\/19\\\/atesin-letonyada-sempozyum-ve-karma-sergiye-katildi\\\/#primaryimage\",\"url\":\"https:\\\/\\\/kuzeyinsesi.org\\\/wp-content\\\/uploads\\\/2024\\\/05\\\/sergi-3-1-.jpg\",\"contentUrl\":\"https:\\\/\\\/kuzeyinsesi.org\\\/wp-content\\\/uploads\\\/2024\\\/05\\\/sergi-3-1-.jpg\",\"width\":1600,\"height\":1200},{\"@type\":\"BreadcrumbList\",\"@id\":\"https:\\\/\\\/kuzeyinsesi.org\\\/index.php\\\/2024\\\/05\\\/19\\\/atesin-letonyada-sempozyum-ve-karma-sergiye-katildi\\\/#breadcrumb\",\"itemListElement\":[{\"@type\":\"ListItem\",\"position\":1,\"name\":\"Anasayfa\",\"item\":\"https:\\\/\\\/kuzeyinsesi.org\\\/\"},{\"@type\":\"ListItem\",\"position\":2,\"name\":\"Ate\u015fin Letonya\u2019da sempozyum ve karma sergiye kat\u0131ld\u0131\"}]},{\"@type\":\"WebSite\",\"@id\":\"https:\\\/\\\/kuzeyinsesi.org\\\/#website\",\"url\":\"https:\\\/\\\/kuzeyinsesi.org\\\/\",\"name\":\"Kuzeyin Sesi\",\"description\":\"Do\u011fru Haberin Adresi\",\"potentialAction\":[{\"@type\":\"SearchAction\",\"target\":{\"@type\":\"EntryPoint\",\"urlTemplate\":\"https:\\\/\\\/kuzeyinsesi.org\\\/?s={search_term_string}\"},\"query-input\":{\"@type\":\"PropertyValueSpecification\",\"valueRequired\":true,\"valueName\":\"search_term_string\"}}],\"inLanguage\":\"tr\"},{\"@type\":\"Person\",\"@id\":\"https:\\\/\\\/kuzeyinsesi.org\\\/#\\\/schema\\\/person\\\/9f859689cdf01485597712386e37f5aa\",\"name\":\"Kuzeyin Sesi\",\"image\":{\"@type\":\"ImageObject\",\"inLanguage\":\"tr\",\"@id\":\"https:\\\/\\\/secure.gravatar.com\\\/avatar\\\/bab33852abfd8b282518d6ed81826833d77c3c882d9ab608add591ccace47a44?s=96&d=mm&r=g\",\"url\":\"https:\\\/\\\/secure.gravatar.com\\\/avatar\\\/bab33852abfd8b282518d6ed81826833d77c3c882d9ab608add591ccace47a44?s=96&d=mm&r=g\",\"contentUrl\":\"https:\\\/\\\/secure.gravatar.com\\\/avatar\\\/bab33852abfd8b282518d6ed81826833d77c3c882d9ab608add591ccace47a44?s=96&d=mm&r=g\",\"caption\":\"Kuzeyin Sesi\"},\"sameAs\":[\"https:\\\/\\\/kuzeyinsesi.org\"],\"url\":\"https:\\\/\\\/kuzeyinsesi.org\\\/index.php\\\/author\\\/guven\\\/\"}]}<\/script>\n<!-- \/ Yoast SEO plugin. -->","yoast_head_json":{"title":"Ate\u015fin Letonya\u2019da sempozyum ve karma sergiye kat\u0131ld\u0131 - Kuzeyin Sesi","robots":{"index":"index","follow":"follow","max-snippet":"max-snippet:-1","max-image-preview":"max-image-preview:large","max-video-preview":"max-video-preview:-1"},"canonical":"https:\/\/kuzeyinsesi.org\/index.php\/2024\/05\/19\/atesin-letonyada-sempozyum-ve-karma-sergiye-katildi\/","og_locale":"tr_TR","og_type":"article","og_title":"Ate\u015fin Letonya\u2019da sempozyum ve karma sergiye kat\u0131ld\u0131 - Kuzeyin Sesi","og_description":"[image id=\u201d997528\u2033 class=\u201dcenter\u201d size=\u201dfull\u201d Sanat\u00e7\u0131 Ayhatun Ate\u015fin, Letonya\u2019da 12.Uluslararas\u0131 Seramik Sanat\u0131 Sempozyumu ve karma sergiye kat\u0131ld\u0131. Ate\u015fin taraf\u0131ndan verilen bilgiye g\u00f6re, 1-18 May\u0131s tarihleri aras\u0131nda Letonya, Litvanya, T\u00fcrkiye, KKTC, \u00c7ekya, G\u00fcrcistan, Polonya ve Hindistan\u2019dan seramik sanat\u00e7\u0131lar\u0131n\u0131 bir araya getiren sempozyum bir karma sergi ve iki uluslararas\u0131 etkinlikle sona erdi. Sergi a\u00e7\u0131l\u0131\u015f\u0131nda, M\u00fcze K\u00fcrat\u00f6r\u00fc Aiviars ve [&hellip;]","og_url":"https:\/\/kuzeyinsesi.org\/index.php\/2024\/05\/19\/atesin-letonyada-sempozyum-ve-karma-sergiye-katildi\/","og_site_name":"Kuzeyin Sesi","article_publisher":"https:\/\/www.facebook.com\/kuzeyinsesii","article_published_time":"2024-05-19T14:05:20+00:00","og_image":[{"width":1600,"height":1200,"url":"https:\/\/kuzeyinsesi.org\/wp-content\/uploads\/2024\/05\/sergi-3-1-.jpg","type":"image\/jpeg"}],"author":"Kuzeyin Sesi","twitter_card":"summary_large_image","twitter_creator":"@kuzeyinsesii","twitter_site":"@kuzeyinsesii","twitter_misc":{"Yazan:":"Kuzeyin Sesi","Tahmini okuma s\u00fcresi":"1 dakika"},"schema":{"@context":"https:\/\/schema.org","@graph":[{"@type":"Article","@id":"https:\/\/kuzeyinsesi.org\/index.php\/2024\/05\/19\/atesin-letonyada-sempozyum-ve-karma-sergiye-katildi\/#article","isPartOf":{"@id":"https:\/\/kuzeyinsesi.org\/index.php\/2024\/05\/19\/atesin-letonyada-sempozyum-ve-karma-sergiye-katildi\/"},"author":{"name":"Kuzeyin Sesi","@id":"https:\/\/kuzeyinsesi.org\/#\/schema\/person\/9f859689cdf01485597712386e37f5aa"},"headline":"Ate\u015fin Letonya\u2019da sempozyum ve karma sergiye kat\u0131ld\u0131","datePublished":"2024-05-19T14:05:20+00:00","mainEntityOfPage":{"@id":"https:\/\/kuzeyinsesi.org\/index.php\/2024\/05\/19\/atesin-letonyada-sempozyum-ve-karma-sergiye-katildi\/"},"wordCount":204,"commentCount":0,"image":{"@id":"https:\/\/kuzeyinsesi.org\/index.php\/2024\/05\/19\/atesin-letonyada-sempozyum-ve-karma-sergiye-katildi\/#primaryimage"},"thumbnailUrl":"https:\/\/kuzeyinsesi.org\/wp-content\/uploads\/2024\/05\/sergi-3-1-.jpg","articleSection":["Ya\u015fam"],"inLanguage":"tr","potentialAction":[{"@type":"CommentAction","name":"Comment","target":["https:\/\/kuzeyinsesi.org\/index.php\/2024\/05\/19\/atesin-letonyada-sempozyum-ve-karma-sergiye-katildi\/#respond"]}]},{"@type":"WebPage","@id":"https:\/\/kuzeyinsesi.org\/index.php\/2024\/05\/19\/atesin-letonyada-sempozyum-ve-karma-sergiye-katildi\/","url":"https:\/\/kuzeyinsesi.org\/index.php\/2024\/05\/19\/atesin-letonyada-sempozyum-ve-karma-sergiye-katildi\/","name":"Ate\u015fin Letonya\u2019da sempozyum ve karma sergiye kat\u0131ld\u0131 - Kuzeyin Sesi","isPartOf":{"@id":"https:\/\/kuzeyinsesi.org\/#website"},"primaryImageOfPage":{"@id":"https:\/\/kuzeyinsesi.org\/index.php\/2024\/05\/19\/atesin-letonyada-sempozyum-ve-karma-sergiye-katildi\/#primaryimage"},"image":{"@id":"https:\/\/kuzeyinsesi.org\/index.php\/2024\/05\/19\/atesin-letonyada-sempozyum-ve-karma-sergiye-katildi\/#primaryimage"},"thumbnailUrl":"https:\/\/kuzeyinsesi.org\/wp-content\/uploads\/2024\/05\/sergi-3-1-.jpg","datePublished":"2024-05-19T14:05:20+00:00","author":{"@id":"https:\/\/kuzeyinsesi.org\/#\/schema\/person\/9f859689cdf01485597712386e37f5aa"},"breadcrumb":{"@id":"https:\/\/kuzeyinsesi.org\/index.php\/2024\/05\/19\/atesin-letonyada-sempozyum-ve-karma-sergiye-katildi\/#breadcrumb"},"inLanguage":"tr","potentialAction":[{"@type":"ReadAction","target":["https:\/\/kuzeyinsesi.org\/index.php\/2024\/05\/19\/atesin-letonyada-sempozyum-ve-karma-sergiye-katildi\/"]}]},{"@type":"ImageObject","inLanguage":"tr","@id":"https:\/\/kuzeyinsesi.org\/index.php\/2024\/05\/19\/atesin-letonyada-sempozyum-ve-karma-sergiye-katildi\/#primaryimage","url":"https:\/\/kuzeyinsesi.org\/wp-content\/uploads\/2024\/05\/sergi-3-1-.jpg","contentUrl":"https:\/\/kuzeyinsesi.org\/wp-content\/uploads\/2024\/05\/sergi-3-1-.jpg","width":1600,"height":1200},{"@type":"BreadcrumbList","@id":"https:\/\/kuzeyinsesi.org\/index.php\/2024\/05\/19\/atesin-letonyada-sempozyum-ve-karma-sergiye-katildi\/#breadcrumb","itemListElement":[{"@type":"ListItem","position":1,"name":"Anasayfa","item":"https:\/\/kuzeyinsesi.org\/"},{"@type":"ListItem","position":2,"name":"Ate\u015fin Letonya\u2019da sempozyum ve karma sergiye kat\u0131ld\u0131"}]},{"@type":"WebSite","@id":"https:\/\/kuzeyinsesi.org\/#website","url":"https:\/\/kuzeyinsesi.org\/","name":"Kuzeyin Sesi","description":"Do\u011fru Haberin Adresi","potentialAction":[{"@type":"SearchAction","target":{"@type":"EntryPoint","urlTemplate":"https:\/\/kuzeyinsesi.org\/?s={search_term_string}"},"query-input":{"@type":"PropertyValueSpecification","valueRequired":true,"valueName":"search_term_string"}}],"inLanguage":"tr"},{"@type":"Person","@id":"https:\/\/kuzeyinsesi.org\/#\/schema\/person\/9f859689cdf01485597712386e37f5aa","name":"Kuzeyin Sesi","image":{"@type":"ImageObject","inLanguage":"tr","@id":"https:\/\/secure.gravatar.com\/avatar\/bab33852abfd8b282518d6ed81826833d77c3c882d9ab608add591ccace47a44?s=96&d=mm&r=g","url":"https:\/\/secure.gravatar.com\/avatar\/bab33852abfd8b282518d6ed81826833d77c3c882d9ab608add591ccace47a44?s=96&d=mm&r=g","contentUrl":"https:\/\/secure.gravatar.com\/avatar\/bab33852abfd8b282518d6ed81826833d77c3c882d9ab608add591ccace47a44?s=96&d=mm&r=g","caption":"Kuzeyin Sesi"},"sameAs":["https:\/\/kuzeyinsesi.org"],"url":"https:\/\/kuzeyinsesi.org\/index.php\/author\/guven\/"}]}},"_links":{"self":[{"href":"https:\/\/kuzeyinsesi.org\/index.php\/wp-json\/wp\/v2\/posts\/2937","targetHints":{"allow":["GET"]}}],"collection":[{"href":"https:\/\/kuzeyinsesi.org\/index.php\/wp-json\/wp\/v2\/posts"}],"about":[{"href":"https:\/\/kuzeyinsesi.org\/index.php\/wp-json\/wp\/v2\/types\/post"}],"author":[{"embeddable":true,"href":"https:\/\/kuzeyinsesi.org\/index.php\/wp-json\/wp\/v2\/users\/1"}],"replies":[{"embeddable":true,"href":"https:\/\/kuzeyinsesi.org\/index.php\/wp-json\/wp\/v2\/comments?post=2937"}],"version-history":[{"count":0,"href":"https:\/\/kuzeyinsesi.org\/index.php\/wp-json\/wp\/v2\/posts\/2937\/revisions"}],"wp:featuredmedia":[{"embeddable":true,"href":"https:\/\/kuzeyinsesi.org\/index.php\/wp-json\/wp\/v2\/media\/2938"}],"wp:attachment":[{"href":"https:\/\/kuzeyinsesi.org\/index.php\/wp-json\/wp\/v2\/media?parent=2937"}],"wp:term":[{"taxonomy":"category","embeddable":true,"href":"https:\/\/kuzeyinsesi.org\/index.php\/wp-json\/wp\/v2\/categories?post=2937"},{"taxonomy":"post_tag","embeddable":true,"href":"https:\/\/kuzeyinsesi.org\/index.php\/wp-json\/wp\/v2\/tags?post=2937"}],"curies":[{"name":"wp","href":"https:\/\/api.w.org\/{rel}","templated":true}]}}