{"id":2913,"date":"2024-05-19T11:58:55","date_gmt":"2024-05-19T08:58:55","guid":{"rendered":"https:\/\/kuzeyinsesi.com\/index.php\/2024\/05\/19\/korolar-magusada-tinliyor-koro-soleni-gerceklestirildi\/"},"modified":"2024-05-19T11:58:55","modified_gmt":"2024-05-19T08:58:55","slug":"korolar-magusada-tinliyor-koro-soleni-gerceklestirildi","status":"publish","type":"post","link":"https:\/\/kuzeyinsesi.org\/index.php\/2024\/05\/19\/korolar-magusada-tinliyor-koro-soleni-gerceklestirildi\/","title":{"rendered":"\u201cKorolar Ma\u011fusa\u2019da T\u0131nl\u0131yor\u201d koro \u015f\u00f6leni ger\u00e7ekle\u015ftirildi"},"content":{"rendered":"<div>\n<div class=\"mariselle-image-container center\">\n                                            <\/div>\n<p>\nDo\u011fu Akdeniz \u00dcniversitesi (DA\u00dc) ve K\u0131br\u0131s Polifonik Korolar Derne\u011fi (KPKD) ortakl\u0131\u011f\u0131nda \u201cMa\u011fusa\u2019da Korolar T\u0131nl\u0131yor\u201d Koro \u015e\u00f6leni ger\u00e7ekle\u015ftirildi.<\/p>\n<p>Rauf Raif Denkta\u015f K\u00fclt\u00fcr ve Kongre Saray\u0131\u2019nda d\u00fczenlenen \u015f\u00f6lende toplam 14 \u00e7ok sesli koro sahne ald\u0131. Etkinli\u011fe CTP Milletvekili Teberr\u00fcken Ulu\u00e7ay, K\u00fclt\u00fcr Dairesi M\u00fcd\u00fcr\u00fc \u015eirin Zaima\u011fao\u011flu, DA\u00dc Tan\u0131t\u0131m ve Kurumsal \u0130leti\u015fimden Sorumlu Rekt\u00f6r Yard\u0131mc\u0131s\u0131 Prof. Dr. Ali \u00d6zt\u00fcren, \u00d6\u011frenci \u0130\u015flerinden Sorumlu Rekt\u00f6r Yard\u0131mc\u0131s\u0131 Prof. Dr. Sonu\u00e7 Zorlu ile \u00e7ok say\u0131da koro sever kat\u0131ld\u0131.<\/p>\n<p>DA\u00dc\u2019den yap\u0131lan a\u00e7\u0131klamaya g\u00f6re, \u00c7ocuk, gen\u00e7lik, yeti\u015fkin ve kad\u0131n korolar\u0131n\u0131n yer ald\u0131\u011f\u0131 \u015f\u00f6lende birbirinden g\u00fczel \u00e7ok sesli koro eserleri seslendirilerek, \u00fclkedeki \u00e7ok sesli korolar\u0131n bir \u015f\u00f6len havas\u0131nda bir araya getirip korolar\u0131n birbirlerini dinlemeleri, kayna\u015fmalar\u0131 ve repertuar payla\u015f\u0131m\u0131n\u0131 g\u00fc\u00e7lendirmeleri sa\u011fland\u0131.<\/p>\n<p>A\u00e7\u0131l\u0131\u015f konu\u015fmalar\u0131n\u0131n ard\u0131ndan ba\u015flayan etkinlikte KPKD Ada I\u015f\u0131\u011f\u0131 \u00c7ocuk Korosu, KPKD Ada I\u015f\u0131\u011f\u0131 Gen\u00e7lik Vokal Toplulu\u011fu, Lefko\u015fa Belediye Orkestras\u0131 \u00c7ocuk Korolar\u0131, Lefko\u015fa Anadolu G\u00fczel Sanatlar Lisesi, MAKAMER Seslerin \u00d6zg\u00fcrl\u00fc\u011f\u00fc Kad\u0131nlar Korosu, DA\u00dc E\u011fitim Fak\u00fcltesi GSEB M\u00fczik \u00d6\u011fretmenli\u011fi Program\u0131 Korosu, Bar\u0131\u015f \u0130\u00e7in \u0130ki Toplumlu Koro \u2013 Lena Melanidou, Sonare \u00c7ok Sesli Korosu, Kyrenia International Choir, YD\u00dc M\u00fczik \u00d6\u011fretmenli\u011fi Ana Bilim Dal\u0131 Korosu, Mormenek\u015fe \u00c7a\u011fda\u015flar Korosu, Vox Africa Choir, Ceasar Choir ve KPKD Otello \u00c7ok Sesli Korosu sahne ald\u0131.<\/p>\n<\/p><\/div>\n<p><script async\n                    defer\n                    crossorigin=\"anonymous\"\n                    src=\"https:\/\/connect.facebook.net\/tr_TR\/sdk.js#xfbml=1&#038;version=v3.3\"\n            ><\/script><\/p>\n","protected":false},"excerpt":{"rendered":"<p>Do\u011fu Akdeniz \u00dcniversitesi (DA\u00dc) ve K\u0131br\u0131s Polifonik Korolar Derne\u011fi (KPKD) ortakl\u0131\u011f\u0131nda \u201cMa\u011fusa\u2019da Korolar T\u0131nl\u0131yor\u201d Koro \u015e\u00f6leni ger\u00e7ekle\u015ftirildi. Rauf Raif Denkta\u015f K\u00fclt\u00fcr ve Kongre Saray\u0131\u2019nda d\u00fczenlenen \u015f\u00f6lende toplam 14 \u00e7ok sesli koro sahne ald\u0131. Etkinli\u011fe CTP Milletvekili Teberr\u00fcken Ulu\u00e7ay, K\u00fclt\u00fcr Dairesi M\u00fcd\u00fcr\u00fc \u015eirin Zaima\u011fao\u011flu, DA\u00dc Tan\u0131t\u0131m ve Kurumsal \u0130leti\u015fimden Sorumlu Rekt\u00f6r Yard\u0131mc\u0131s\u0131 Prof. Dr. Ali \u00d6zt\u00fcren, [&hellip;]<\/p>\n","protected":false},"author":1,"featured_media":2914,"comment_status":"open","ping_status":"open","sticky":false,"template":"","format":"standard","meta":{"jnews-multi-image_gallery":[],"jnews_single_post":[],"jnews_primary_category":[],"jnews_social_meta":[],"jnews_override_counter":[],"footnotes":""},"categories":[6],"tags":[],"class_list":["post-2913","post","type-post","status-publish","format-standard","has-post-thumbnail","hentry","category-yasam"],"yoast_head":"<!-- This site is optimized with the Yoast SEO plugin v27.5 - https:\/\/yoast.com\/product\/yoast-seo-wordpress\/ -->\n<title>\u201cKorolar Ma\u011fusa\u2019da T\u0131nl\u0131yor\u201d koro \u015f\u00f6leni ger\u00e7ekle\u015ftirildi - Kuzeyin Sesi<\/title>\n<meta name=\"robots\" content=\"index, follow, max-snippet:-1, max-image-preview:large, max-video-preview:-1\" \/>\n<link rel=\"canonical\" href=\"https:\/\/kuzeyinsesi.org\/index.php\/2024\/05\/19\/korolar-magusada-tinliyor-koro-soleni-gerceklestirildi\/\" \/>\n<meta property=\"og:locale\" content=\"tr_TR\" \/>\n<meta property=\"og:type\" content=\"article\" \/>\n<meta property=\"og:title\" content=\"\u201cKorolar Ma\u011fusa\u2019da T\u0131nl\u0131yor\u201d koro \u015f\u00f6leni ger\u00e7ekle\u015ftirildi - Kuzeyin Sesi\" \/>\n<meta property=\"og:description\" content=\"Do\u011fu Akdeniz \u00dcniversitesi (DA\u00dc) ve K\u0131br\u0131s Polifonik Korolar Derne\u011fi (KPKD) ortakl\u0131\u011f\u0131nda \u201cMa\u011fusa\u2019da Korolar T\u0131nl\u0131yor\u201d Koro \u015e\u00f6leni ger\u00e7ekle\u015ftirildi. Rauf Raif Denkta\u015f K\u00fclt\u00fcr ve Kongre Saray\u0131\u2019nda d\u00fczenlenen \u015f\u00f6lende toplam 14 \u00e7ok sesli koro sahne ald\u0131. Etkinli\u011fe CTP Milletvekili Teberr\u00fcken Ulu\u00e7ay, K\u00fclt\u00fcr Dairesi M\u00fcd\u00fcr\u00fc \u015eirin Zaima\u011fao\u011flu, DA\u00dc Tan\u0131t\u0131m ve Kurumsal \u0130leti\u015fimden Sorumlu Rekt\u00f6r Yard\u0131mc\u0131s\u0131 Prof. Dr. Ali \u00d6zt\u00fcren, [&hellip;]\" \/>\n<meta property=\"og:url\" content=\"https:\/\/kuzeyinsesi.org\/index.php\/2024\/05\/19\/korolar-magusada-tinliyor-koro-soleni-gerceklestirildi\/\" \/>\n<meta property=\"og:site_name\" content=\"Kuzeyin Sesi\" \/>\n<meta property=\"article:publisher\" content=\"https:\/\/www.facebook.com\/kuzeyinsesii\" \/>\n<meta property=\"article:published_time\" content=\"2024-05-19T08:58:55+00:00\" \/>\n<meta property=\"og:image\" content=\"https:\/\/kuzeyinsesi.org\/wp-content\/uploads\/2024\/05\/korolar-magusa-da-tinliyor-soleni-1-.jpg\" \/>\n\t<meta property=\"og:image:width\" content=\"1600\" \/>\n\t<meta property=\"og:image:height\" content=\"1059\" \/>\n\t<meta property=\"og:image:type\" content=\"image\/jpeg\" \/>\n<meta name=\"author\" content=\"Kuzeyin Sesi\" \/>\n<meta name=\"twitter:card\" content=\"summary_large_image\" \/>\n<meta name=\"twitter:creator\" content=\"@kuzeyinsesii\" \/>\n<meta name=\"twitter:site\" content=\"@kuzeyinsesii\" \/>\n<meta name=\"twitter:label1\" content=\"Yazan:\" \/>\n\t<meta name=\"twitter:data1\" content=\"Kuzeyin Sesi\" \/>\n\t<meta name=\"twitter:label2\" content=\"Tahmini okuma s\u00fcresi\" \/>\n\t<meta name=\"twitter:data2\" content=\"1 dakika\" \/>\n<script type=\"application\/ld+json\" class=\"yoast-schema-graph\">{\"@context\":\"https:\\\/\\\/schema.org\",\"@graph\":[{\"@type\":\"Article\",\"@id\":\"https:\\\/\\\/kuzeyinsesi.org\\\/index.php\\\/2024\\\/05\\\/19\\\/korolar-magusada-tinliyor-koro-soleni-gerceklestirildi\\\/#article\",\"isPartOf\":{\"@id\":\"https:\\\/\\\/kuzeyinsesi.org\\\/index.php\\\/2024\\\/05\\\/19\\\/korolar-magusada-tinliyor-koro-soleni-gerceklestirildi\\\/\"},\"author\":{\"name\":\"Kuzeyin Sesi\",\"@id\":\"https:\\\/\\\/kuzeyinsesi.org\\\/#\\\/schema\\\/person\\\/9f859689cdf01485597712386e37f5aa\"},\"headline\":\"\u201cKorolar Ma\u011fusa\u2019da T\u0131nl\u0131yor\u201d koro \u015f\u00f6leni ger\u00e7ekle\u015ftirildi\",\"datePublished\":\"2024-05-19T08:58:55+00:00\",\"mainEntityOfPage\":{\"@id\":\"https:\\\/\\\/kuzeyinsesi.org\\\/index.php\\\/2024\\\/05\\\/19\\\/korolar-magusada-tinliyor-koro-soleni-gerceklestirildi\\\/\"},\"wordCount\":272,\"commentCount\":0,\"image\":{\"@id\":\"https:\\\/\\\/kuzeyinsesi.org\\\/index.php\\\/2024\\\/05\\\/19\\\/korolar-magusada-tinliyor-koro-soleni-gerceklestirildi\\\/#primaryimage\"},\"thumbnailUrl\":\"https:\\\/\\\/kuzeyinsesi.org\\\/wp-content\\\/uploads\\\/2024\\\/05\\\/korolar-magusa-da-tinliyor-soleni-1-.jpg\",\"articleSection\":[\"Ya\u015fam\"],\"inLanguage\":\"tr\",\"potentialAction\":[{\"@type\":\"CommentAction\",\"name\":\"Comment\",\"target\":[\"https:\\\/\\\/kuzeyinsesi.org\\\/index.php\\\/2024\\\/05\\\/19\\\/korolar-magusada-tinliyor-koro-soleni-gerceklestirildi\\\/#respond\"]}]},{\"@type\":\"WebPage\",\"@id\":\"https:\\\/\\\/kuzeyinsesi.org\\\/index.php\\\/2024\\\/05\\\/19\\\/korolar-magusada-tinliyor-koro-soleni-gerceklestirildi\\\/\",\"url\":\"https:\\\/\\\/kuzeyinsesi.org\\\/index.php\\\/2024\\\/05\\\/19\\\/korolar-magusada-tinliyor-koro-soleni-gerceklestirildi\\\/\",\"name\":\"\u201cKorolar Ma\u011fusa\u2019da T\u0131nl\u0131yor\u201d koro \u015f\u00f6leni ger\u00e7ekle\u015ftirildi - Kuzeyin Sesi\",\"isPartOf\":{\"@id\":\"https:\\\/\\\/kuzeyinsesi.org\\\/#website\"},\"primaryImageOfPage\":{\"@id\":\"https:\\\/\\\/kuzeyinsesi.org\\\/index.php\\\/2024\\\/05\\\/19\\\/korolar-magusada-tinliyor-koro-soleni-gerceklestirildi\\\/#primaryimage\"},\"image\":{\"@id\":\"https:\\\/\\\/kuzeyinsesi.org\\\/index.php\\\/2024\\\/05\\\/19\\\/korolar-magusada-tinliyor-koro-soleni-gerceklestirildi\\\/#primaryimage\"},\"thumbnailUrl\":\"https:\\\/\\\/kuzeyinsesi.org\\\/wp-content\\\/uploads\\\/2024\\\/05\\\/korolar-magusa-da-tinliyor-soleni-1-.jpg\",\"datePublished\":\"2024-05-19T08:58:55+00:00\",\"author\":{\"@id\":\"https:\\\/\\\/kuzeyinsesi.org\\\/#\\\/schema\\\/person\\\/9f859689cdf01485597712386e37f5aa\"},\"breadcrumb\":{\"@id\":\"https:\\\/\\\/kuzeyinsesi.org\\\/index.php\\\/2024\\\/05\\\/19\\\/korolar-magusada-tinliyor-koro-soleni-gerceklestirildi\\\/#breadcrumb\"},\"inLanguage\":\"tr\",\"potentialAction\":[{\"@type\":\"ReadAction\",\"target\":[\"https:\\\/\\\/kuzeyinsesi.org\\\/index.php\\\/2024\\\/05\\\/19\\\/korolar-magusada-tinliyor-koro-soleni-gerceklestirildi\\\/\"]}]},{\"@type\":\"ImageObject\",\"inLanguage\":\"tr\",\"@id\":\"https:\\\/\\\/kuzeyinsesi.org\\\/index.php\\\/2024\\\/05\\\/19\\\/korolar-magusada-tinliyor-koro-soleni-gerceklestirildi\\\/#primaryimage\",\"url\":\"https:\\\/\\\/kuzeyinsesi.org\\\/wp-content\\\/uploads\\\/2024\\\/05\\\/korolar-magusa-da-tinliyor-soleni-1-.jpg\",\"contentUrl\":\"https:\\\/\\\/kuzeyinsesi.org\\\/wp-content\\\/uploads\\\/2024\\\/05\\\/korolar-magusa-da-tinliyor-soleni-1-.jpg\",\"width\":1600,\"height\":1059},{\"@type\":\"BreadcrumbList\",\"@id\":\"https:\\\/\\\/kuzeyinsesi.org\\\/index.php\\\/2024\\\/05\\\/19\\\/korolar-magusada-tinliyor-koro-soleni-gerceklestirildi\\\/#breadcrumb\",\"itemListElement\":[{\"@type\":\"ListItem\",\"position\":1,\"name\":\"Anasayfa\",\"item\":\"https:\\\/\\\/kuzeyinsesi.org\\\/\"},{\"@type\":\"ListItem\",\"position\":2,\"name\":\"\u201cKorolar Ma\u011fusa\u2019da T\u0131nl\u0131yor\u201d koro \u015f\u00f6leni ger\u00e7ekle\u015ftirildi\"}]},{\"@type\":\"WebSite\",\"@id\":\"https:\\\/\\\/kuzeyinsesi.org\\\/#website\",\"url\":\"https:\\\/\\\/kuzeyinsesi.org\\\/\",\"name\":\"Kuzeyin Sesi\",\"description\":\"Do\u011fru Haberin Adresi\",\"potentialAction\":[{\"@type\":\"SearchAction\",\"target\":{\"@type\":\"EntryPoint\",\"urlTemplate\":\"https:\\\/\\\/kuzeyinsesi.org\\\/?s={search_term_string}\"},\"query-input\":{\"@type\":\"PropertyValueSpecification\",\"valueRequired\":true,\"valueName\":\"search_term_string\"}}],\"inLanguage\":\"tr\"},{\"@type\":\"Person\",\"@id\":\"https:\\\/\\\/kuzeyinsesi.org\\\/#\\\/schema\\\/person\\\/9f859689cdf01485597712386e37f5aa\",\"name\":\"Kuzeyin Sesi\",\"image\":{\"@type\":\"ImageObject\",\"inLanguage\":\"tr\",\"@id\":\"https:\\\/\\\/secure.gravatar.com\\\/avatar\\\/bab33852abfd8b282518d6ed81826833d77c3c882d9ab608add591ccace47a44?s=96&d=mm&r=g\",\"url\":\"https:\\\/\\\/secure.gravatar.com\\\/avatar\\\/bab33852abfd8b282518d6ed81826833d77c3c882d9ab608add591ccace47a44?s=96&d=mm&r=g\",\"contentUrl\":\"https:\\\/\\\/secure.gravatar.com\\\/avatar\\\/bab33852abfd8b282518d6ed81826833d77c3c882d9ab608add591ccace47a44?s=96&d=mm&r=g\",\"caption\":\"Kuzeyin Sesi\"},\"sameAs\":[\"https:\\\/\\\/kuzeyinsesi.org\"],\"url\":\"https:\\\/\\\/kuzeyinsesi.org\\\/index.php\\\/author\\\/guven\\\/\"}]}<\/script>\n<!-- \/ Yoast SEO plugin. -->","yoast_head_json":{"title":"\u201cKorolar Ma\u011fusa\u2019da T\u0131nl\u0131yor\u201d koro \u015f\u00f6leni ger\u00e7ekle\u015ftirildi - Kuzeyin Sesi","robots":{"index":"index","follow":"follow","max-snippet":"max-snippet:-1","max-image-preview":"max-image-preview:large","max-video-preview":"max-video-preview:-1"},"canonical":"https:\/\/kuzeyinsesi.org\/index.php\/2024\/05\/19\/korolar-magusada-tinliyor-koro-soleni-gerceklestirildi\/","og_locale":"tr_TR","og_type":"article","og_title":"\u201cKorolar Ma\u011fusa\u2019da T\u0131nl\u0131yor\u201d koro \u015f\u00f6leni ger\u00e7ekle\u015ftirildi - Kuzeyin Sesi","og_description":"Do\u011fu Akdeniz \u00dcniversitesi (DA\u00dc) ve K\u0131br\u0131s Polifonik Korolar Derne\u011fi (KPKD) ortakl\u0131\u011f\u0131nda \u201cMa\u011fusa\u2019da Korolar T\u0131nl\u0131yor\u201d Koro \u015e\u00f6leni ger\u00e7ekle\u015ftirildi. Rauf Raif Denkta\u015f K\u00fclt\u00fcr ve Kongre Saray\u0131\u2019nda d\u00fczenlenen \u015f\u00f6lende toplam 14 \u00e7ok sesli koro sahne ald\u0131. Etkinli\u011fe CTP Milletvekili Teberr\u00fcken Ulu\u00e7ay, K\u00fclt\u00fcr Dairesi M\u00fcd\u00fcr\u00fc \u015eirin Zaima\u011fao\u011flu, DA\u00dc Tan\u0131t\u0131m ve Kurumsal \u0130leti\u015fimden Sorumlu Rekt\u00f6r Yard\u0131mc\u0131s\u0131 Prof. Dr. Ali \u00d6zt\u00fcren, [&hellip;]","og_url":"https:\/\/kuzeyinsesi.org\/index.php\/2024\/05\/19\/korolar-magusada-tinliyor-koro-soleni-gerceklestirildi\/","og_site_name":"Kuzeyin Sesi","article_publisher":"https:\/\/www.facebook.com\/kuzeyinsesii","article_published_time":"2024-05-19T08:58:55+00:00","og_image":[{"width":1600,"height":1059,"url":"https:\/\/kuzeyinsesi.org\/wp-content\/uploads\/2024\/05\/korolar-magusa-da-tinliyor-soleni-1-.jpg","type":"image\/jpeg"}],"author":"Kuzeyin Sesi","twitter_card":"summary_large_image","twitter_creator":"@kuzeyinsesii","twitter_site":"@kuzeyinsesii","twitter_misc":{"Yazan:":"Kuzeyin Sesi","Tahmini okuma s\u00fcresi":"1 dakika"},"schema":{"@context":"https:\/\/schema.org","@graph":[{"@type":"Article","@id":"https:\/\/kuzeyinsesi.org\/index.php\/2024\/05\/19\/korolar-magusada-tinliyor-koro-soleni-gerceklestirildi\/#article","isPartOf":{"@id":"https:\/\/kuzeyinsesi.org\/index.php\/2024\/05\/19\/korolar-magusada-tinliyor-koro-soleni-gerceklestirildi\/"},"author":{"name":"Kuzeyin Sesi","@id":"https:\/\/kuzeyinsesi.org\/#\/schema\/person\/9f859689cdf01485597712386e37f5aa"},"headline":"\u201cKorolar Ma\u011fusa\u2019da T\u0131nl\u0131yor\u201d koro \u015f\u00f6leni ger\u00e7ekle\u015ftirildi","datePublished":"2024-05-19T08:58:55+00:00","mainEntityOfPage":{"@id":"https:\/\/kuzeyinsesi.org\/index.php\/2024\/05\/19\/korolar-magusada-tinliyor-koro-soleni-gerceklestirildi\/"},"wordCount":272,"commentCount":0,"image":{"@id":"https:\/\/kuzeyinsesi.org\/index.php\/2024\/05\/19\/korolar-magusada-tinliyor-koro-soleni-gerceklestirildi\/#primaryimage"},"thumbnailUrl":"https:\/\/kuzeyinsesi.org\/wp-content\/uploads\/2024\/05\/korolar-magusa-da-tinliyor-soleni-1-.jpg","articleSection":["Ya\u015fam"],"inLanguage":"tr","potentialAction":[{"@type":"CommentAction","name":"Comment","target":["https:\/\/kuzeyinsesi.org\/index.php\/2024\/05\/19\/korolar-magusada-tinliyor-koro-soleni-gerceklestirildi\/#respond"]}]},{"@type":"WebPage","@id":"https:\/\/kuzeyinsesi.org\/index.php\/2024\/05\/19\/korolar-magusada-tinliyor-koro-soleni-gerceklestirildi\/","url":"https:\/\/kuzeyinsesi.org\/index.php\/2024\/05\/19\/korolar-magusada-tinliyor-koro-soleni-gerceklestirildi\/","name":"\u201cKorolar Ma\u011fusa\u2019da T\u0131nl\u0131yor\u201d koro \u015f\u00f6leni ger\u00e7ekle\u015ftirildi - Kuzeyin Sesi","isPartOf":{"@id":"https:\/\/kuzeyinsesi.org\/#website"},"primaryImageOfPage":{"@id":"https:\/\/kuzeyinsesi.org\/index.php\/2024\/05\/19\/korolar-magusada-tinliyor-koro-soleni-gerceklestirildi\/#primaryimage"},"image":{"@id":"https:\/\/kuzeyinsesi.org\/index.php\/2024\/05\/19\/korolar-magusada-tinliyor-koro-soleni-gerceklestirildi\/#primaryimage"},"thumbnailUrl":"https:\/\/kuzeyinsesi.org\/wp-content\/uploads\/2024\/05\/korolar-magusa-da-tinliyor-soleni-1-.jpg","datePublished":"2024-05-19T08:58:55+00:00","author":{"@id":"https:\/\/kuzeyinsesi.org\/#\/schema\/person\/9f859689cdf01485597712386e37f5aa"},"breadcrumb":{"@id":"https:\/\/kuzeyinsesi.org\/index.php\/2024\/05\/19\/korolar-magusada-tinliyor-koro-soleni-gerceklestirildi\/#breadcrumb"},"inLanguage":"tr","potentialAction":[{"@type":"ReadAction","target":["https:\/\/kuzeyinsesi.org\/index.php\/2024\/05\/19\/korolar-magusada-tinliyor-koro-soleni-gerceklestirildi\/"]}]},{"@type":"ImageObject","inLanguage":"tr","@id":"https:\/\/kuzeyinsesi.org\/index.php\/2024\/05\/19\/korolar-magusada-tinliyor-koro-soleni-gerceklestirildi\/#primaryimage","url":"https:\/\/kuzeyinsesi.org\/wp-content\/uploads\/2024\/05\/korolar-magusa-da-tinliyor-soleni-1-.jpg","contentUrl":"https:\/\/kuzeyinsesi.org\/wp-content\/uploads\/2024\/05\/korolar-magusa-da-tinliyor-soleni-1-.jpg","width":1600,"height":1059},{"@type":"BreadcrumbList","@id":"https:\/\/kuzeyinsesi.org\/index.php\/2024\/05\/19\/korolar-magusada-tinliyor-koro-soleni-gerceklestirildi\/#breadcrumb","itemListElement":[{"@type":"ListItem","position":1,"name":"Anasayfa","item":"https:\/\/kuzeyinsesi.org\/"},{"@type":"ListItem","position":2,"name":"\u201cKorolar Ma\u011fusa\u2019da T\u0131nl\u0131yor\u201d koro \u015f\u00f6leni ger\u00e7ekle\u015ftirildi"}]},{"@type":"WebSite","@id":"https:\/\/kuzeyinsesi.org\/#website","url":"https:\/\/kuzeyinsesi.org\/","name":"Kuzeyin Sesi","description":"Do\u011fru Haberin Adresi","potentialAction":[{"@type":"SearchAction","target":{"@type":"EntryPoint","urlTemplate":"https:\/\/kuzeyinsesi.org\/?s={search_term_string}"},"query-input":{"@type":"PropertyValueSpecification","valueRequired":true,"valueName":"search_term_string"}}],"inLanguage":"tr"},{"@type":"Person","@id":"https:\/\/kuzeyinsesi.org\/#\/schema\/person\/9f859689cdf01485597712386e37f5aa","name":"Kuzeyin Sesi","image":{"@type":"ImageObject","inLanguage":"tr","@id":"https:\/\/secure.gravatar.com\/avatar\/bab33852abfd8b282518d6ed81826833d77c3c882d9ab608add591ccace47a44?s=96&d=mm&r=g","url":"https:\/\/secure.gravatar.com\/avatar\/bab33852abfd8b282518d6ed81826833d77c3c882d9ab608add591ccace47a44?s=96&d=mm&r=g","contentUrl":"https:\/\/secure.gravatar.com\/avatar\/bab33852abfd8b282518d6ed81826833d77c3c882d9ab608add591ccace47a44?s=96&d=mm&r=g","caption":"Kuzeyin Sesi"},"sameAs":["https:\/\/kuzeyinsesi.org"],"url":"https:\/\/kuzeyinsesi.org\/index.php\/author\/guven\/"}]}},"_links":{"self":[{"href":"https:\/\/kuzeyinsesi.org\/index.php\/wp-json\/wp\/v2\/posts\/2913","targetHints":{"allow":["GET"]}}],"collection":[{"href":"https:\/\/kuzeyinsesi.org\/index.php\/wp-json\/wp\/v2\/posts"}],"about":[{"href":"https:\/\/kuzeyinsesi.org\/index.php\/wp-json\/wp\/v2\/types\/post"}],"author":[{"embeddable":true,"href":"https:\/\/kuzeyinsesi.org\/index.php\/wp-json\/wp\/v2\/users\/1"}],"replies":[{"embeddable":true,"href":"https:\/\/kuzeyinsesi.org\/index.php\/wp-json\/wp\/v2\/comments?post=2913"}],"version-history":[{"count":0,"href":"https:\/\/kuzeyinsesi.org\/index.php\/wp-json\/wp\/v2\/posts\/2913\/revisions"}],"wp:featuredmedia":[{"embeddable":true,"href":"https:\/\/kuzeyinsesi.org\/index.php\/wp-json\/wp\/v2\/media\/2914"}],"wp:attachment":[{"href":"https:\/\/kuzeyinsesi.org\/index.php\/wp-json\/wp\/v2\/media?parent=2913"}],"wp:term":[{"taxonomy":"category","embeddable":true,"href":"https:\/\/kuzeyinsesi.org\/index.php\/wp-json\/wp\/v2\/categories?post=2913"},{"taxonomy":"post_tag","embeddable":true,"href":"https:\/\/kuzeyinsesi.org\/index.php\/wp-json\/wp\/v2\/tags?post=2913"}],"curies":[{"name":"wp","href":"https:\/\/api.w.org\/{rel}","templated":true}]}}