{"id":2880,"date":"2024-05-18T17:34:58","date_gmt":"2024-05-18T14:34:58","guid":{"rendered":"https:\/\/kuzeyinsesi.com\/index.php\/2024\/05\/18\/tufan-ekicinin-bir-cereyan-masali-adli-kitabi-cikti\/"},"modified":"2024-05-18T17:34:58","modified_gmt":"2024-05-18T14:34:58","slug":"tufan-ekicinin-bir-cereyan-masali-adli-kitabi-cikti","status":"publish","type":"post","link":"https:\/\/kuzeyinsesi.org\/index.php\/2024\/05\/18\/tufan-ekicinin-bir-cereyan-masali-adli-kitabi-cikti\/","title":{"rendered":"Tufan Ekici\u2019nin \u2018\u2019Bir Cereyan Masal\u0131\u2019\u2019 adl\u0131 kitab\u0131 \u00e7\u0131kt\u0131"},"content":{"rendered":"<div>\n<div class=\"mariselle-image-container none\">\n                                            <\/div>\n<p>Tufan Ekici taraf\u0131ndan kaleme al\u0131nan \u201cBir Cereyan Masal\u0131\u201d adl\u0131 kitap I\u015f\u0131k Kitabevi Yay\u0131nlar\u0131\u2019ndan \u00e7\u0131kt\u0131.<\/p>\n<p>Yazar Ekici taraf\u0131ndan kitaba ili\u015fkin yap\u0131lan a\u00e7\u0131klamada, \u201cBir Cereyan Masal\u0131\u201dn\u0131n, KKTC\u2019nin elektrik sorununu akademik ve ele\u015ftirel bir bak\u0131\u015f a\u00e7\u0131s\u0131yla irdeleyen bir \u00e7al\u0131\u015fma oldu\u011fu, kitapta; \u00f6zelde elektrik sorunu genelde ise \u00fclkedeki \u201c\u00e7arp\u0131k\u201d diye nitelenen d\u00fczenin i\u015fleyi\u015fi hakk\u0131nda \u00f6rnek ve saptamalar\u0131n yer ald\u0131\u011f\u0131 kaydedildi.<\/p>\n<\/p><\/div>\n<p><script async\n                    defer\n                    crossorigin=\"anonymous\"\n                    src=\"https:\/\/connect.facebook.net\/tr_TR\/sdk.js#xfbml=1&#038;version=v3.3\"\n            ><\/script><\/p>\n","protected":false},"excerpt":{"rendered":"<p>Tufan Ekici taraf\u0131ndan kaleme al\u0131nan \u201cBir Cereyan Masal\u0131\u201d adl\u0131 kitap I\u015f\u0131k Kitabevi Yay\u0131nlar\u0131\u2019ndan \u00e7\u0131kt\u0131. Yazar Ekici taraf\u0131ndan kitaba ili\u015fkin yap\u0131lan a\u00e7\u0131klamada, \u201cBir Cereyan Masal\u0131\u201dn\u0131n, KKTC\u2019nin elektrik sorununu akademik ve ele\u015ftirel bir bak\u0131\u015f a\u00e7\u0131s\u0131yla irdeleyen bir \u00e7al\u0131\u015fma oldu\u011fu, kitapta; \u00f6zelde elektrik sorunu genelde ise \u00fclkedeki \u201c\u00e7arp\u0131k\u201d diye nitelenen d\u00fczenin i\u015fleyi\u015fi hakk\u0131nda \u00f6rnek ve saptamalar\u0131n yer ald\u0131\u011f\u0131 [&hellip;]<\/p>\n","protected":false},"author":1,"featured_media":2881,"comment_status":"open","ping_status":"open","sticky":false,"template":"","format":"standard","meta":{"jnews-multi-image_gallery":[],"jnews_single_post":[],"jnews_primary_category":[],"jnews_social_meta":[],"jnews_override_counter":[],"footnotes":""},"categories":[6],"tags":[],"class_list":["post-2880","post","type-post","status-publish","format-standard","has-post-thumbnail","hentry","category-yasam"],"yoast_head":"<!-- This site is optimized with the Yoast SEO plugin v27.5 - https:\/\/yoast.com\/product\/yoast-seo-wordpress\/ -->\n<title>Tufan Ekici\u2019nin \u2018\u2019Bir Cereyan Masal\u0131\u2019\u2019 adl\u0131 kitab\u0131 \u00e7\u0131kt\u0131 - Kuzeyin Sesi<\/title>\n<meta name=\"robots\" content=\"index, follow, max-snippet:-1, max-image-preview:large, max-video-preview:-1\" \/>\n<link rel=\"canonical\" href=\"https:\/\/kuzeyinsesi.org\/index.php\/2024\/05\/18\/tufan-ekicinin-bir-cereyan-masali-adli-kitabi-cikti\/\" \/>\n<meta property=\"og:locale\" content=\"tr_TR\" \/>\n<meta property=\"og:type\" content=\"article\" \/>\n<meta property=\"og:title\" content=\"Tufan Ekici\u2019nin \u2018\u2019Bir Cereyan Masal\u0131\u2019\u2019 adl\u0131 kitab\u0131 \u00e7\u0131kt\u0131 - Kuzeyin Sesi\" \/>\n<meta property=\"og:description\" content=\"Tufan Ekici taraf\u0131ndan kaleme al\u0131nan \u201cBir Cereyan Masal\u0131\u201d adl\u0131 kitap I\u015f\u0131k Kitabevi Yay\u0131nlar\u0131\u2019ndan \u00e7\u0131kt\u0131. Yazar Ekici taraf\u0131ndan kitaba ili\u015fkin yap\u0131lan a\u00e7\u0131klamada, \u201cBir Cereyan Masal\u0131\u201dn\u0131n, KKTC\u2019nin elektrik sorununu akademik ve ele\u015ftirel bir bak\u0131\u015f a\u00e7\u0131s\u0131yla irdeleyen bir \u00e7al\u0131\u015fma oldu\u011fu, kitapta; \u00f6zelde elektrik sorunu genelde ise \u00fclkedeki \u201c\u00e7arp\u0131k\u201d diye nitelenen d\u00fczenin i\u015fleyi\u015fi hakk\u0131nda \u00f6rnek ve saptamalar\u0131n yer ald\u0131\u011f\u0131 [&hellip;]\" \/>\n<meta property=\"og:url\" content=\"https:\/\/kuzeyinsesi.org\/index.php\/2024\/05\/18\/tufan-ekicinin-bir-cereyan-masali-adli-kitabi-cikti\/\" \/>\n<meta property=\"og:site_name\" content=\"Kuzeyin Sesi\" \/>\n<meta property=\"article:publisher\" content=\"https:\/\/www.facebook.com\/kuzeyinsesii\" \/>\n<meta property=\"article:published_time\" content=\"2024-05-18T14:34:58+00:00\" \/>\n<meta property=\"og:image\" content=\"https:\/\/kuzeyinsesi.org\/wp-content\/uploads\/2024\/05\/Tufan-Ekicinin-\u2018Bir-Cereyan-Masali-adli-kitabi-cikti.webp.webp\" \/>\n\t<meta property=\"og:image:width\" content=\"710\" \/>\n\t<meta property=\"og:image:height\" content=\"370\" \/>\n\t<meta property=\"og:image:type\" content=\"image\/webp\" \/>\n<meta name=\"author\" content=\"Kuzeyin Sesi\" \/>\n<meta name=\"twitter:card\" content=\"summary_large_image\" \/>\n<meta name=\"twitter:creator\" content=\"@kuzeyinsesii\" \/>\n<meta name=\"twitter:site\" content=\"@kuzeyinsesii\" \/>\n<meta name=\"twitter:label1\" content=\"Yazan:\" \/>\n\t<meta name=\"twitter:data1\" content=\"Kuzeyin Sesi\" \/>\n<script type=\"application\/ld+json\" class=\"yoast-schema-graph\">{\"@context\":\"https:\\\/\\\/schema.org\",\"@graph\":[{\"@type\":\"Article\",\"@id\":\"https:\\\/\\\/kuzeyinsesi.org\\\/index.php\\\/2024\\\/05\\\/18\\\/tufan-ekicinin-bir-cereyan-masali-adli-kitabi-cikti\\\/#article\",\"isPartOf\":{\"@id\":\"https:\\\/\\\/kuzeyinsesi.org\\\/index.php\\\/2024\\\/05\\\/18\\\/tufan-ekicinin-bir-cereyan-masali-adli-kitabi-cikti\\\/\"},\"author\":{\"name\":\"Kuzeyin Sesi\",\"@id\":\"https:\\\/\\\/kuzeyinsesi.org\\\/#\\\/schema\\\/person\\\/9f859689cdf01485597712386e37f5aa\"},\"headline\":\"Tufan Ekici\u2019nin \u2018\u2019Bir Cereyan Masal\u0131\u2019\u2019 adl\u0131 kitab\u0131 \u00e7\u0131kt\u0131\",\"datePublished\":\"2024-05-18T14:34:58+00:00\",\"mainEntityOfPage\":{\"@id\":\"https:\\\/\\\/kuzeyinsesi.org\\\/index.php\\\/2024\\\/05\\\/18\\\/tufan-ekicinin-bir-cereyan-masali-adli-kitabi-cikti\\\/\"},\"wordCount\":88,\"commentCount\":0,\"image\":{\"@id\":\"https:\\\/\\\/kuzeyinsesi.org\\\/index.php\\\/2024\\\/05\\\/18\\\/tufan-ekicinin-bir-cereyan-masali-adli-kitabi-cikti\\\/#primaryimage\"},\"thumbnailUrl\":\"https:\\\/\\\/kuzeyinsesi.org\\\/wp-content\\\/uploads\\\/2024\\\/05\\\/Tufan-Ekicinin-\u2018Bir-Cereyan-Masali-adli-kitabi-cikti.webp.webp\",\"articleSection\":[\"Ya\u015fam\"],\"inLanguage\":\"tr\",\"potentialAction\":[{\"@type\":\"CommentAction\",\"name\":\"Comment\",\"target\":[\"https:\\\/\\\/kuzeyinsesi.org\\\/index.php\\\/2024\\\/05\\\/18\\\/tufan-ekicinin-bir-cereyan-masali-adli-kitabi-cikti\\\/#respond\"]}]},{\"@type\":\"WebPage\",\"@id\":\"https:\\\/\\\/kuzeyinsesi.org\\\/index.php\\\/2024\\\/05\\\/18\\\/tufan-ekicinin-bir-cereyan-masali-adli-kitabi-cikti\\\/\",\"url\":\"https:\\\/\\\/kuzeyinsesi.org\\\/index.php\\\/2024\\\/05\\\/18\\\/tufan-ekicinin-bir-cereyan-masali-adli-kitabi-cikti\\\/\",\"name\":\"Tufan Ekici\u2019nin \u2018\u2019Bir Cereyan Masal\u0131\u2019\u2019 adl\u0131 kitab\u0131 \u00e7\u0131kt\u0131 - Kuzeyin Sesi\",\"isPartOf\":{\"@id\":\"https:\\\/\\\/kuzeyinsesi.org\\\/#website\"},\"primaryImageOfPage\":{\"@id\":\"https:\\\/\\\/kuzeyinsesi.org\\\/index.php\\\/2024\\\/05\\\/18\\\/tufan-ekicinin-bir-cereyan-masali-adli-kitabi-cikti\\\/#primaryimage\"},\"image\":{\"@id\":\"https:\\\/\\\/kuzeyinsesi.org\\\/index.php\\\/2024\\\/05\\\/18\\\/tufan-ekicinin-bir-cereyan-masali-adli-kitabi-cikti\\\/#primaryimage\"},\"thumbnailUrl\":\"https:\\\/\\\/kuzeyinsesi.org\\\/wp-content\\\/uploads\\\/2024\\\/05\\\/Tufan-Ekicinin-\u2018Bir-Cereyan-Masali-adli-kitabi-cikti.webp.webp\",\"datePublished\":\"2024-05-18T14:34:58+00:00\",\"author\":{\"@id\":\"https:\\\/\\\/kuzeyinsesi.org\\\/#\\\/schema\\\/person\\\/9f859689cdf01485597712386e37f5aa\"},\"breadcrumb\":{\"@id\":\"https:\\\/\\\/kuzeyinsesi.org\\\/index.php\\\/2024\\\/05\\\/18\\\/tufan-ekicinin-bir-cereyan-masali-adli-kitabi-cikti\\\/#breadcrumb\"},\"inLanguage\":\"tr\",\"potentialAction\":[{\"@type\":\"ReadAction\",\"target\":[\"https:\\\/\\\/kuzeyinsesi.org\\\/index.php\\\/2024\\\/05\\\/18\\\/tufan-ekicinin-bir-cereyan-masali-adli-kitabi-cikti\\\/\"]}]},{\"@type\":\"ImageObject\",\"inLanguage\":\"tr\",\"@id\":\"https:\\\/\\\/kuzeyinsesi.org\\\/index.php\\\/2024\\\/05\\\/18\\\/tufan-ekicinin-bir-cereyan-masali-adli-kitabi-cikti\\\/#primaryimage\",\"url\":\"https:\\\/\\\/kuzeyinsesi.org\\\/wp-content\\\/uploads\\\/2024\\\/05\\\/Tufan-Ekicinin-\u2018Bir-Cereyan-Masali-adli-kitabi-cikti.webp.webp\",\"contentUrl\":\"https:\\\/\\\/kuzeyinsesi.org\\\/wp-content\\\/uploads\\\/2024\\\/05\\\/Tufan-Ekicinin-\u2018Bir-Cereyan-Masali-adli-kitabi-cikti.webp.webp\",\"width\":710,\"height\":370},{\"@type\":\"BreadcrumbList\",\"@id\":\"https:\\\/\\\/kuzeyinsesi.org\\\/index.php\\\/2024\\\/05\\\/18\\\/tufan-ekicinin-bir-cereyan-masali-adli-kitabi-cikti\\\/#breadcrumb\",\"itemListElement\":[{\"@type\":\"ListItem\",\"position\":1,\"name\":\"Anasayfa\",\"item\":\"https:\\\/\\\/kuzeyinsesi.org\\\/\"},{\"@type\":\"ListItem\",\"position\":2,\"name\":\"Tufan Ekici\u2019nin \u2018\u2019Bir Cereyan Masal\u0131\u2019\u2019 adl\u0131 kitab\u0131 \u00e7\u0131kt\u0131\"}]},{\"@type\":\"WebSite\",\"@id\":\"https:\\\/\\\/kuzeyinsesi.org\\\/#website\",\"url\":\"https:\\\/\\\/kuzeyinsesi.org\\\/\",\"name\":\"Kuzeyin Sesi\",\"description\":\"Do\u011fru Haberin Adresi\",\"potentialAction\":[{\"@type\":\"SearchAction\",\"target\":{\"@type\":\"EntryPoint\",\"urlTemplate\":\"https:\\\/\\\/kuzeyinsesi.org\\\/?s={search_term_string}\"},\"query-input\":{\"@type\":\"PropertyValueSpecification\",\"valueRequired\":true,\"valueName\":\"search_term_string\"}}],\"inLanguage\":\"tr\"},{\"@type\":\"Person\",\"@id\":\"https:\\\/\\\/kuzeyinsesi.org\\\/#\\\/schema\\\/person\\\/9f859689cdf01485597712386e37f5aa\",\"name\":\"Kuzeyin Sesi\",\"image\":{\"@type\":\"ImageObject\",\"inLanguage\":\"tr\",\"@id\":\"https:\\\/\\\/secure.gravatar.com\\\/avatar\\\/bab33852abfd8b282518d6ed81826833d77c3c882d9ab608add591ccace47a44?s=96&d=mm&r=g\",\"url\":\"https:\\\/\\\/secure.gravatar.com\\\/avatar\\\/bab33852abfd8b282518d6ed81826833d77c3c882d9ab608add591ccace47a44?s=96&d=mm&r=g\",\"contentUrl\":\"https:\\\/\\\/secure.gravatar.com\\\/avatar\\\/bab33852abfd8b282518d6ed81826833d77c3c882d9ab608add591ccace47a44?s=96&d=mm&r=g\",\"caption\":\"Kuzeyin Sesi\"},\"sameAs\":[\"https:\\\/\\\/kuzeyinsesi.org\"],\"url\":\"https:\\\/\\\/kuzeyinsesi.org\\\/index.php\\\/author\\\/guven\\\/\"}]}<\/script>\n<!-- \/ Yoast SEO plugin. -->","yoast_head_json":{"title":"Tufan Ekici\u2019nin \u2018\u2019Bir Cereyan Masal\u0131\u2019\u2019 adl\u0131 kitab\u0131 \u00e7\u0131kt\u0131 - Kuzeyin Sesi","robots":{"index":"index","follow":"follow","max-snippet":"max-snippet:-1","max-image-preview":"max-image-preview:large","max-video-preview":"max-video-preview:-1"},"canonical":"https:\/\/kuzeyinsesi.org\/index.php\/2024\/05\/18\/tufan-ekicinin-bir-cereyan-masali-adli-kitabi-cikti\/","og_locale":"tr_TR","og_type":"article","og_title":"Tufan Ekici\u2019nin \u2018\u2019Bir Cereyan Masal\u0131\u2019\u2019 adl\u0131 kitab\u0131 \u00e7\u0131kt\u0131 - Kuzeyin Sesi","og_description":"Tufan Ekici taraf\u0131ndan kaleme al\u0131nan \u201cBir Cereyan Masal\u0131\u201d adl\u0131 kitap I\u015f\u0131k Kitabevi Yay\u0131nlar\u0131\u2019ndan \u00e7\u0131kt\u0131. Yazar Ekici taraf\u0131ndan kitaba ili\u015fkin yap\u0131lan a\u00e7\u0131klamada, \u201cBir Cereyan Masal\u0131\u201dn\u0131n, KKTC\u2019nin elektrik sorununu akademik ve ele\u015ftirel bir bak\u0131\u015f a\u00e7\u0131s\u0131yla irdeleyen bir \u00e7al\u0131\u015fma oldu\u011fu, kitapta; \u00f6zelde elektrik sorunu genelde ise \u00fclkedeki \u201c\u00e7arp\u0131k\u201d diye nitelenen d\u00fczenin i\u015fleyi\u015fi hakk\u0131nda \u00f6rnek ve saptamalar\u0131n yer ald\u0131\u011f\u0131 [&hellip;]","og_url":"https:\/\/kuzeyinsesi.org\/index.php\/2024\/05\/18\/tufan-ekicinin-bir-cereyan-masali-adli-kitabi-cikti\/","og_site_name":"Kuzeyin Sesi","article_publisher":"https:\/\/www.facebook.com\/kuzeyinsesii","article_published_time":"2024-05-18T14:34:58+00:00","og_image":[{"width":710,"height":370,"url":"https:\/\/kuzeyinsesi.org\/wp-content\/uploads\/2024\/05\/Tufan-Ekicinin-\u2018Bir-Cereyan-Masali-adli-kitabi-cikti.webp.webp","type":"image\/webp"}],"author":"Kuzeyin Sesi","twitter_card":"summary_large_image","twitter_creator":"@kuzeyinsesii","twitter_site":"@kuzeyinsesii","twitter_misc":{"Yazan:":"Kuzeyin Sesi"},"schema":{"@context":"https:\/\/schema.org","@graph":[{"@type":"Article","@id":"https:\/\/kuzeyinsesi.org\/index.php\/2024\/05\/18\/tufan-ekicinin-bir-cereyan-masali-adli-kitabi-cikti\/#article","isPartOf":{"@id":"https:\/\/kuzeyinsesi.org\/index.php\/2024\/05\/18\/tufan-ekicinin-bir-cereyan-masali-adli-kitabi-cikti\/"},"author":{"name":"Kuzeyin Sesi","@id":"https:\/\/kuzeyinsesi.org\/#\/schema\/person\/9f859689cdf01485597712386e37f5aa"},"headline":"Tufan Ekici\u2019nin \u2018\u2019Bir Cereyan Masal\u0131\u2019\u2019 adl\u0131 kitab\u0131 \u00e7\u0131kt\u0131","datePublished":"2024-05-18T14:34:58+00:00","mainEntityOfPage":{"@id":"https:\/\/kuzeyinsesi.org\/index.php\/2024\/05\/18\/tufan-ekicinin-bir-cereyan-masali-adli-kitabi-cikti\/"},"wordCount":88,"commentCount":0,"image":{"@id":"https:\/\/kuzeyinsesi.org\/index.php\/2024\/05\/18\/tufan-ekicinin-bir-cereyan-masali-adli-kitabi-cikti\/#primaryimage"},"thumbnailUrl":"https:\/\/kuzeyinsesi.org\/wp-content\/uploads\/2024\/05\/Tufan-Ekicinin-\u2018Bir-Cereyan-Masali-adli-kitabi-cikti.webp.webp","articleSection":["Ya\u015fam"],"inLanguage":"tr","potentialAction":[{"@type":"CommentAction","name":"Comment","target":["https:\/\/kuzeyinsesi.org\/index.php\/2024\/05\/18\/tufan-ekicinin-bir-cereyan-masali-adli-kitabi-cikti\/#respond"]}]},{"@type":"WebPage","@id":"https:\/\/kuzeyinsesi.org\/index.php\/2024\/05\/18\/tufan-ekicinin-bir-cereyan-masali-adli-kitabi-cikti\/","url":"https:\/\/kuzeyinsesi.org\/index.php\/2024\/05\/18\/tufan-ekicinin-bir-cereyan-masali-adli-kitabi-cikti\/","name":"Tufan Ekici\u2019nin \u2018\u2019Bir Cereyan Masal\u0131\u2019\u2019 adl\u0131 kitab\u0131 \u00e7\u0131kt\u0131 - Kuzeyin Sesi","isPartOf":{"@id":"https:\/\/kuzeyinsesi.org\/#website"},"primaryImageOfPage":{"@id":"https:\/\/kuzeyinsesi.org\/index.php\/2024\/05\/18\/tufan-ekicinin-bir-cereyan-masali-adli-kitabi-cikti\/#primaryimage"},"image":{"@id":"https:\/\/kuzeyinsesi.org\/index.php\/2024\/05\/18\/tufan-ekicinin-bir-cereyan-masali-adli-kitabi-cikti\/#primaryimage"},"thumbnailUrl":"https:\/\/kuzeyinsesi.org\/wp-content\/uploads\/2024\/05\/Tufan-Ekicinin-\u2018Bir-Cereyan-Masali-adli-kitabi-cikti.webp.webp","datePublished":"2024-05-18T14:34:58+00:00","author":{"@id":"https:\/\/kuzeyinsesi.org\/#\/schema\/person\/9f859689cdf01485597712386e37f5aa"},"breadcrumb":{"@id":"https:\/\/kuzeyinsesi.org\/index.php\/2024\/05\/18\/tufan-ekicinin-bir-cereyan-masali-adli-kitabi-cikti\/#breadcrumb"},"inLanguage":"tr","potentialAction":[{"@type":"ReadAction","target":["https:\/\/kuzeyinsesi.org\/index.php\/2024\/05\/18\/tufan-ekicinin-bir-cereyan-masali-adli-kitabi-cikti\/"]}]},{"@type":"ImageObject","inLanguage":"tr","@id":"https:\/\/kuzeyinsesi.org\/index.php\/2024\/05\/18\/tufan-ekicinin-bir-cereyan-masali-adli-kitabi-cikti\/#primaryimage","url":"https:\/\/kuzeyinsesi.org\/wp-content\/uploads\/2024\/05\/Tufan-Ekicinin-\u2018Bir-Cereyan-Masali-adli-kitabi-cikti.webp.webp","contentUrl":"https:\/\/kuzeyinsesi.org\/wp-content\/uploads\/2024\/05\/Tufan-Ekicinin-\u2018Bir-Cereyan-Masali-adli-kitabi-cikti.webp.webp","width":710,"height":370},{"@type":"BreadcrumbList","@id":"https:\/\/kuzeyinsesi.org\/index.php\/2024\/05\/18\/tufan-ekicinin-bir-cereyan-masali-adli-kitabi-cikti\/#breadcrumb","itemListElement":[{"@type":"ListItem","position":1,"name":"Anasayfa","item":"https:\/\/kuzeyinsesi.org\/"},{"@type":"ListItem","position":2,"name":"Tufan Ekici\u2019nin \u2018\u2019Bir Cereyan Masal\u0131\u2019\u2019 adl\u0131 kitab\u0131 \u00e7\u0131kt\u0131"}]},{"@type":"WebSite","@id":"https:\/\/kuzeyinsesi.org\/#website","url":"https:\/\/kuzeyinsesi.org\/","name":"Kuzeyin Sesi","description":"Do\u011fru Haberin Adresi","potentialAction":[{"@type":"SearchAction","target":{"@type":"EntryPoint","urlTemplate":"https:\/\/kuzeyinsesi.org\/?s={search_term_string}"},"query-input":{"@type":"PropertyValueSpecification","valueRequired":true,"valueName":"search_term_string"}}],"inLanguage":"tr"},{"@type":"Person","@id":"https:\/\/kuzeyinsesi.org\/#\/schema\/person\/9f859689cdf01485597712386e37f5aa","name":"Kuzeyin Sesi","image":{"@type":"ImageObject","inLanguage":"tr","@id":"https:\/\/secure.gravatar.com\/avatar\/bab33852abfd8b282518d6ed81826833d77c3c882d9ab608add591ccace47a44?s=96&d=mm&r=g","url":"https:\/\/secure.gravatar.com\/avatar\/bab33852abfd8b282518d6ed81826833d77c3c882d9ab608add591ccace47a44?s=96&d=mm&r=g","contentUrl":"https:\/\/secure.gravatar.com\/avatar\/bab33852abfd8b282518d6ed81826833d77c3c882d9ab608add591ccace47a44?s=96&d=mm&r=g","caption":"Kuzeyin Sesi"},"sameAs":["https:\/\/kuzeyinsesi.org"],"url":"https:\/\/kuzeyinsesi.org\/index.php\/author\/guven\/"}]}},"_links":{"self":[{"href":"https:\/\/kuzeyinsesi.org\/index.php\/wp-json\/wp\/v2\/posts\/2880","targetHints":{"allow":["GET"]}}],"collection":[{"href":"https:\/\/kuzeyinsesi.org\/index.php\/wp-json\/wp\/v2\/posts"}],"about":[{"href":"https:\/\/kuzeyinsesi.org\/index.php\/wp-json\/wp\/v2\/types\/post"}],"author":[{"embeddable":true,"href":"https:\/\/kuzeyinsesi.org\/index.php\/wp-json\/wp\/v2\/users\/1"}],"replies":[{"embeddable":true,"href":"https:\/\/kuzeyinsesi.org\/index.php\/wp-json\/wp\/v2\/comments?post=2880"}],"version-history":[{"count":0,"href":"https:\/\/kuzeyinsesi.org\/index.php\/wp-json\/wp\/v2\/posts\/2880\/revisions"}],"wp:featuredmedia":[{"embeddable":true,"href":"https:\/\/kuzeyinsesi.org\/index.php\/wp-json\/wp\/v2\/media\/2881"}],"wp:attachment":[{"href":"https:\/\/kuzeyinsesi.org\/index.php\/wp-json\/wp\/v2\/media?parent=2880"}],"wp:term":[{"taxonomy":"category","embeddable":true,"href":"https:\/\/kuzeyinsesi.org\/index.php\/wp-json\/wp\/v2\/categories?post=2880"},{"taxonomy":"post_tag","embeddable":true,"href":"https:\/\/kuzeyinsesi.org\/index.php\/wp-json\/wp\/v2\/tags?post=2880"}],"curies":[{"name":"wp","href":"https:\/\/api.w.org\/{rel}","templated":true}]}}