{"id":2870,"date":"2024-05-18T15:32:24","date_gmt":"2024-05-18T12:32:24","guid":{"rendered":"https:\/\/kuzeyinsesi.com\/index.php\/2024\/05\/18\/20-kibris-tiyatro-festivali-perdelerini-acti\/"},"modified":"2024-05-18T15:32:24","modified_gmt":"2024-05-18T12:32:24","slug":"20-kibris-tiyatro-festivali-perdelerini-acti","status":"publish","type":"post","link":"https:\/\/kuzeyinsesi.org\/index.php\/2024\/05\/18\/20-kibris-tiyatro-festivali-perdelerini-acti\/","title":{"rendered":"\u201c20. K\u0131br\u0131s Tiyatro Festivali\u201d perdelerini a\u00e7t\u0131"},"content":{"rendered":"<div>\n<div class=\"mariselle-image-container none\">\n                                            <\/div>\n<p>Lefko\u015fa T\u00fcrk Belediyesi\u2019nin bu y\u0131l 20.\u2019sini d\u00fczenledi\u011fi K\u0131br\u0131s Tiyatro Festivali, \u201c\u00c7\u0131k\u0131n I\u015f\u0131\u011fa Bulu\u015fabilenler, Sevindirebilenler, De\u011fi\u015febilenler\u201d slogan\u0131yla perdelerini a\u00e7t\u0131.<\/p>\n<p>LTB\u2019den verilen bilgiye g\u00f6re, YD\u00dc AKKM\u2019de yer alan festivalin a\u00e7\u0131l\u0131\u015f oyunu, Ankara Devlet Tiyatrosu taraf\u0131ndan sahnelenen \u201cKad\u0131nlar, Filler ve Saireler\u201d oldu. Oyun \u00f6ncesinde a\u00e7\u0131l\u0131\u015f konu\u015fmalar\u0131 yap\u0131ld\u0131.<\/p>\n<p>Festivalde ilk konu\u015fmay\u0131 yapan festival komitesi ba\u015fkan\u0131 K\u0131ymet Karabiber, K\u0131br\u0131s Tiyatro Festivali\u2019nin \u201cy\u0131ld\u0131z gibi do\u011fmaya\u201d devam etti\u011fini ifade ederek, s\u00fcreklili\u011fini s\u00fcrd\u00fcren festivalin \u00f6nemine vurgu yapt\u0131.<\/p>\n<p>LBT\u2019nin kurucular\u0131 aras\u0131nda yer alan Ya\u015far Ersoy\u2019un 20 y\u0131l \u00f6nce festivali ba\u015flatt\u0131\u011f\u0131n\u0131 ve kendilerinin de bunu devam ettirdiklerini ifade eden K\u0131ymet Karabiber, ba\u015fta LTB Ba\u015fkan\u0131 Mehmet Harmanc\u0131 ve meclis \u00fcyeleri olmak \u00fczere festivalin d\u00fczenlenmesine katk\u0131 koyan kurumlara te\u015fekk\u00fcr etti.<\/p>\n<p>T\u00fcrkiye Cumhuriyeti Devlet Tiyatrolar\u0131 ad\u0131na Ankara Devlet Tiyatrosu M\u00fcd\u00fcr Yard\u0131mc\u0131s\u0131 Ula\u015f Ersoy da, K\u0131br\u0131s Tiyatro Festivali\u2019nde olman\u0131n kendileri i\u00e7in bir gurur kayna\u011f\u0131 oldu\u011funu belirtti.<\/p>\n<p>Ersoy, do\u011fup b\u00fcy\u00fcd\u00fc\u011f\u00fc, \u00e7ok \u015fey \u00f6\u011frendi\u011fi ve ailem dedi\u011fi Lefko\u015fa Belediye Tiyatrosu ile b\u00fcnyesinde yer al\u0131p \u00e7al\u0131\u015fmaktan gurur duydu\u011funu ifade ederek, T\u00fcrkiye Cumhuriyeti Devlet Tiyatrolar\u0131 ile imzalanan protokol\u00fcn sanata vesile olmas\u0131n\u0131n \u00f6nemine de\u011findi.<\/p>\n<p>Yeni projelerle de birlikte olunaca\u011f\u0131n\u0131 ifade eden Ersoy, festivalin d\u00fczenlenmesine katk\u0131 koyanlara te\u015fekk\u00fcr etti ve s\u00f6zlerini \u201cSanat iyile\u015ftirir, ya\u015fas\u0131n \u0131\u015f\u0131\u011fa \u00e7\u0131kanlar\u201d dedi.<\/p>\n<p>LTB Ba\u015fkan\u0131 Mehmet Harmanc\u0131 da, festivalin 20. kez perdelerini a\u00e7mas\u0131n\u0131n \u201cb\u00fcy\u00fck bir onur ve gurur\u201d oldu\u011funu ifade ederek, \u201c\u0130lk kurucular\u0131m\u0131zdan setteki \u0131\u015f\u0131k\u00e7\u0131m\u0131za, organizasyonu sa\u011flayan halkla ili\u015fkilerden oyuncular\u0131m\u0131za kadar herkesin b\u00fcy\u00fck eme\u011fini ve heyecan\u0131n\u0131 hissediyoruz. Bizler de her y\u0131l bir\u00e7ok farkl\u0131 zorlu\u011fu a\u015farak bu festivali sizlerle bulu\u015fturmaya gayret ediyoruz\u201d dedi.<\/p>\n<p>Bu noktada en \u00f6nemli dayanaklar\u0131n\u0131n tiyatro seyircisi oldu\u011funu, seyirciler olmadan festivalin olamayaca\u011f\u0131n\u0131, var olduklar\u0131 s\u00fcrece festivalin daha \u00e7ok ya\u015fayaca\u011f\u0131n\u0131 vurgulayan Ba\u015fkan Harmanc\u0131, en b\u00fcy\u00fck alk\u0131\u015f\u0131n tiyatro seyircisinin hakk\u0131 oldu\u011funu dile getirdi.<\/p>\n<p>Harmanc\u0131, Lefko\u015fa\u2019da son d\u00f6nemlerde \u00e7ok anlaml\u0131 bir\u00e7ok farkl\u0131 k\u00fclt\u00fcr sanat etkinli\u011fi ya\u015fand\u0131\u011f\u0131n\u0131, bunlar aras\u0131nda yer alan ve diaspora ana temas\u0131 ile devam eden Eklektik Manifest\u2019i de an\u0131msatt\u0131.<\/p>\n<p>Bu y\u00f6ndeki tan\u0131mlamaya en uygun ismin TC Devlet Tiyatrolar\u0131\u2019nda g\u00f6rev yapan Ula\u015f Ersoy oldu\u011funu, bunun yan\u0131nda oyunda yer alan \u00fclke sanat\u00e7\u0131s\u0131 Neyra Kayaba\u015f\u0131\u2019n\u0131n ayr\u0131 bir gurur ya\u015fatt\u0131\u011f\u0131n\u0131 s\u00f6yleyen Ba\u015fkan Harmanc\u0131, TC Devlet Tiyatrolar\u0131\u2019na te\u015fekk\u00fcr ederek, kurumsal varl\u0131klar\u0131 ile ba\u015fka bak\u0131\u015f a\u00e7\u0131s\u0131 sa\u011flanmas\u0131na yard\u0131mc\u0131 olduklar\u0131n\u0131 ifade etti.<\/p>\n<p>Konu\u015fmalar\u0131n ard\u0131ndan 20. K\u0131br\u0131s Tiyatro Festivali, Ankara Devlet Tiyatrosu taraf\u0131ndan sahnelenen \u201cKad\u0131nlar, Filler ve Saireler\u201d oyunu ile \u201cperde\u201d dedi.<\/p>\n<p>B\u00fcy\u00fck bir \u015fehirdeki s\u0131radan bir apartmanda birbirine kom\u015fu olan \u00fc\u00e7 kad\u0131n\u0131n trajikomik hik\u00e2yesini anlatan oyunun y\u00f6netmenli\u011fini Sibel Erdenk yapt\u0131. Yunus Emre G\u00fcm\u00fc\u015f\u2019\u00fcn yazd\u0131\u011f\u0131 Neyra Kayaba\u015f\u0131, Filiz Demiralp, G\u00fcl \u00d6z, Gizem Ko\u00e7er\u2019in oyuncu olarak yer ald\u0131\u011f\u0131 \u201cKad\u0131nlar, Filler ve Saireler\u201d oyunu ayakta alk\u0131\u015fland\u0131.<\/p>\n<p>-Program<\/p>\n<p>Toplam 9 oyuna daha ev sahipli\u011fi yapacak festival, Grand Pasha ve \u0130ktisatbank ana sponsorlu\u011funda, 11 Haziran\u2019a kadar devam edecek.<\/p>\n<p>K\u0131br\u0131s Tiyatro Festivali\u2019nde ikinci oyun Antilogos Tiyatrosu\u2019nun sahneleyece\u011fi \u201cAnnesi\u201d olacak. 21 May\u0131s\u2019ta YD\u00dc AKKM\u2019de yer alacak oyun saat 20.30\u2019da ba\u015flayacak.<\/p>\n<p>Festivalin, g\u00fcm\u00fc\u015f sponsoru Birinci Global olurken, salon sponsorlu\u011funu Yak\u0131n Do\u011fu \u00dcniversitesi, ula\u015f\u0131m sponsorlu\u011funu ise Northern Travel \u00fcstlendi. Wideline, Bel-Koop ve SIBA Limited de festivale katk\u0131 koyanlar aras\u0131nda yer al\u0131yor.<\/p>\n<p>Festival biletleri, Lefko\u015fa Belediye Tiyatrosu gi\u015fesi ve biletinial.com\u2019dan al\u0131nabiliyor.<\/p>\n<\/p><\/div>\n<p><script async\n                    defer\n                    crossorigin=\"anonymous\"\n                    src=\"https:\/\/connect.facebook.net\/tr_TR\/sdk.js#xfbml=1&#038;version=v3.3\"\n            ><\/script><\/p>\n","protected":false},"excerpt":{"rendered":"<p>Lefko\u015fa T\u00fcrk Belediyesi\u2019nin bu y\u0131l 20.\u2019sini d\u00fczenledi\u011fi K\u0131br\u0131s Tiyatro Festivali, \u201c\u00c7\u0131k\u0131n I\u015f\u0131\u011fa Bulu\u015fabilenler, Sevindirebilenler, De\u011fi\u015febilenler\u201d slogan\u0131yla perdelerini a\u00e7t\u0131. LTB\u2019den verilen bilgiye g\u00f6re, YD\u00dc AKKM\u2019de yer alan festivalin a\u00e7\u0131l\u0131\u015f oyunu, Ankara Devlet Tiyatrosu taraf\u0131ndan sahnelenen \u201cKad\u0131nlar, Filler ve Saireler\u201d oldu. Oyun \u00f6ncesinde a\u00e7\u0131l\u0131\u015f konu\u015fmalar\u0131 yap\u0131ld\u0131. Festivalde ilk konu\u015fmay\u0131 yapan festival komitesi ba\u015fkan\u0131 K\u0131ymet Karabiber, K\u0131br\u0131s Tiyatro [&hellip;]<\/p>\n","protected":false},"author":1,"featured_media":2871,"comment_status":"open","ping_status":"open","sticky":false,"template":"","format":"standard","meta":{"jnews-multi-image_gallery":[],"jnews_single_post":[],"jnews_primary_category":[],"jnews_social_meta":[],"jnews_override_counter":[],"footnotes":""},"categories":[6],"tags":[],"class_list":["post-2870","post","type-post","status-publish","format-standard","has-post-thumbnail","hentry","category-yasam"],"yoast_head":"<!-- This site is optimized with the Yoast SEO plugin v27.5 - https:\/\/yoast.com\/product\/yoast-seo-wordpress\/ -->\n<title>\u201c20. K\u0131br\u0131s Tiyatro Festivali\u201d perdelerini a\u00e7t\u0131 - Kuzeyin Sesi<\/title>\n<meta name=\"robots\" content=\"index, follow, max-snippet:-1, max-image-preview:large, max-video-preview:-1\" \/>\n<link rel=\"canonical\" href=\"https:\/\/kuzeyinsesi.org\/index.php\/2024\/05\/18\/20-kibris-tiyatro-festivali-perdelerini-acti\/\" \/>\n<meta property=\"og:locale\" content=\"tr_TR\" \/>\n<meta property=\"og:type\" content=\"article\" \/>\n<meta property=\"og:title\" content=\"\u201c20. K\u0131br\u0131s Tiyatro Festivali\u201d perdelerini a\u00e7t\u0131 - Kuzeyin Sesi\" \/>\n<meta property=\"og:description\" content=\"Lefko\u015fa T\u00fcrk Belediyesi\u2019nin bu y\u0131l 20.\u2019sini d\u00fczenledi\u011fi K\u0131br\u0131s Tiyatro Festivali, \u201c\u00c7\u0131k\u0131n I\u015f\u0131\u011fa Bulu\u015fabilenler, Sevindirebilenler, De\u011fi\u015febilenler\u201d slogan\u0131yla perdelerini a\u00e7t\u0131. LTB\u2019den verilen bilgiye g\u00f6re, YD\u00dc AKKM\u2019de yer alan festivalin a\u00e7\u0131l\u0131\u015f oyunu, Ankara Devlet Tiyatrosu taraf\u0131ndan sahnelenen \u201cKad\u0131nlar, Filler ve Saireler\u201d oldu. Oyun \u00f6ncesinde a\u00e7\u0131l\u0131\u015f konu\u015fmalar\u0131 yap\u0131ld\u0131. Festivalde ilk konu\u015fmay\u0131 yapan festival komitesi ba\u015fkan\u0131 K\u0131ymet Karabiber, K\u0131br\u0131s Tiyatro [&hellip;]\" \/>\n<meta property=\"og:url\" content=\"https:\/\/kuzeyinsesi.org\/index.php\/2024\/05\/18\/20-kibris-tiyatro-festivali-perdelerini-acti\/\" \/>\n<meta property=\"og:site_name\" content=\"Kuzeyin Sesi\" \/>\n<meta property=\"article:publisher\" content=\"https:\/\/www.facebook.com\/kuzeyinsesii\" \/>\n<meta property=\"article:published_time\" content=\"2024-05-18T12:32:24+00:00\" \/>\n<meta property=\"og:image\" content=\"https:\/\/kuzeyinsesi.org\/wp-content\/uploads\/2024\/05\/festival-acilis-10-.jpg\" \/>\n\t<meta property=\"og:image:width\" content=\"1920\" \/>\n\t<meta property=\"og:image:height\" content=\"1280\" \/>\n\t<meta property=\"og:image:type\" content=\"image\/jpeg\" \/>\n<meta name=\"author\" content=\"Kuzeyin Sesi\" \/>\n<meta name=\"twitter:card\" content=\"summary_large_image\" \/>\n<meta name=\"twitter:creator\" content=\"@kuzeyinsesii\" \/>\n<meta name=\"twitter:site\" content=\"@kuzeyinsesii\" \/>\n<meta name=\"twitter:label1\" content=\"Yazan:\" \/>\n\t<meta name=\"twitter:data1\" content=\"Kuzeyin Sesi\" \/>\n\t<meta name=\"twitter:label2\" content=\"Tahmini okuma s\u00fcresi\" \/>\n\t<meta name=\"twitter:data2\" content=\"3 dakika\" \/>\n<script type=\"application\/ld+json\" class=\"yoast-schema-graph\">{\"@context\":\"https:\\\/\\\/schema.org\",\"@graph\":[{\"@type\":\"Article\",\"@id\":\"https:\\\/\\\/kuzeyinsesi.org\\\/index.php\\\/2024\\\/05\\\/18\\\/20-kibris-tiyatro-festivali-perdelerini-acti\\\/#article\",\"isPartOf\":{\"@id\":\"https:\\\/\\\/kuzeyinsesi.org\\\/index.php\\\/2024\\\/05\\\/18\\\/20-kibris-tiyatro-festivali-perdelerini-acti\\\/\"},\"author\":{\"name\":\"Kuzeyin Sesi\",\"@id\":\"https:\\\/\\\/kuzeyinsesi.org\\\/#\\\/schema\\\/person\\\/9f859689cdf01485597712386e37f5aa\"},\"headline\":\"\u201c20. K\u0131br\u0131s Tiyatro Festivali\u201d perdelerini a\u00e7t\u0131\",\"datePublished\":\"2024-05-18T12:32:24+00:00\",\"mainEntityOfPage\":{\"@id\":\"https:\\\/\\\/kuzeyinsesi.org\\\/index.php\\\/2024\\\/05\\\/18\\\/20-kibris-tiyatro-festivali-perdelerini-acti\\\/\"},\"wordCount\":685,\"commentCount\":0,\"image\":{\"@id\":\"https:\\\/\\\/kuzeyinsesi.org\\\/index.php\\\/2024\\\/05\\\/18\\\/20-kibris-tiyatro-festivali-perdelerini-acti\\\/#primaryimage\"},\"thumbnailUrl\":\"https:\\\/\\\/kuzeyinsesi.org\\\/wp-content\\\/uploads\\\/2024\\\/05\\\/festival-acilis-10-.jpg\",\"articleSection\":[\"Ya\u015fam\"],\"inLanguage\":\"tr\",\"potentialAction\":[{\"@type\":\"CommentAction\",\"name\":\"Comment\",\"target\":[\"https:\\\/\\\/kuzeyinsesi.org\\\/index.php\\\/2024\\\/05\\\/18\\\/20-kibris-tiyatro-festivali-perdelerini-acti\\\/#respond\"]}]},{\"@type\":\"WebPage\",\"@id\":\"https:\\\/\\\/kuzeyinsesi.org\\\/index.php\\\/2024\\\/05\\\/18\\\/20-kibris-tiyatro-festivali-perdelerini-acti\\\/\",\"url\":\"https:\\\/\\\/kuzeyinsesi.org\\\/index.php\\\/2024\\\/05\\\/18\\\/20-kibris-tiyatro-festivali-perdelerini-acti\\\/\",\"name\":\"\u201c20. K\u0131br\u0131s Tiyatro Festivali\u201d perdelerini a\u00e7t\u0131 - Kuzeyin Sesi\",\"isPartOf\":{\"@id\":\"https:\\\/\\\/kuzeyinsesi.org\\\/#website\"},\"primaryImageOfPage\":{\"@id\":\"https:\\\/\\\/kuzeyinsesi.org\\\/index.php\\\/2024\\\/05\\\/18\\\/20-kibris-tiyatro-festivali-perdelerini-acti\\\/#primaryimage\"},\"image\":{\"@id\":\"https:\\\/\\\/kuzeyinsesi.org\\\/index.php\\\/2024\\\/05\\\/18\\\/20-kibris-tiyatro-festivali-perdelerini-acti\\\/#primaryimage\"},\"thumbnailUrl\":\"https:\\\/\\\/kuzeyinsesi.org\\\/wp-content\\\/uploads\\\/2024\\\/05\\\/festival-acilis-10-.jpg\",\"datePublished\":\"2024-05-18T12:32:24+00:00\",\"author\":{\"@id\":\"https:\\\/\\\/kuzeyinsesi.org\\\/#\\\/schema\\\/person\\\/9f859689cdf01485597712386e37f5aa\"},\"breadcrumb\":{\"@id\":\"https:\\\/\\\/kuzeyinsesi.org\\\/index.php\\\/2024\\\/05\\\/18\\\/20-kibris-tiyatro-festivali-perdelerini-acti\\\/#breadcrumb\"},\"inLanguage\":\"tr\",\"potentialAction\":[{\"@type\":\"ReadAction\",\"target\":[\"https:\\\/\\\/kuzeyinsesi.org\\\/index.php\\\/2024\\\/05\\\/18\\\/20-kibris-tiyatro-festivali-perdelerini-acti\\\/\"]}]},{\"@type\":\"ImageObject\",\"inLanguage\":\"tr\",\"@id\":\"https:\\\/\\\/kuzeyinsesi.org\\\/index.php\\\/2024\\\/05\\\/18\\\/20-kibris-tiyatro-festivali-perdelerini-acti\\\/#primaryimage\",\"url\":\"https:\\\/\\\/kuzeyinsesi.org\\\/wp-content\\\/uploads\\\/2024\\\/05\\\/festival-acilis-10-.jpg\",\"contentUrl\":\"https:\\\/\\\/kuzeyinsesi.org\\\/wp-content\\\/uploads\\\/2024\\\/05\\\/festival-acilis-10-.jpg\",\"width\":1920,\"height\":1280},{\"@type\":\"BreadcrumbList\",\"@id\":\"https:\\\/\\\/kuzeyinsesi.org\\\/index.php\\\/2024\\\/05\\\/18\\\/20-kibris-tiyatro-festivali-perdelerini-acti\\\/#breadcrumb\",\"itemListElement\":[{\"@type\":\"ListItem\",\"position\":1,\"name\":\"Anasayfa\",\"item\":\"https:\\\/\\\/kuzeyinsesi.org\\\/\"},{\"@type\":\"ListItem\",\"position\":2,\"name\":\"\u201c20. K\u0131br\u0131s Tiyatro Festivali\u201d perdelerini a\u00e7t\u0131\"}]},{\"@type\":\"WebSite\",\"@id\":\"https:\\\/\\\/kuzeyinsesi.org\\\/#website\",\"url\":\"https:\\\/\\\/kuzeyinsesi.org\\\/\",\"name\":\"Kuzeyin Sesi\",\"description\":\"Do\u011fru Haberin Adresi\",\"potentialAction\":[{\"@type\":\"SearchAction\",\"target\":{\"@type\":\"EntryPoint\",\"urlTemplate\":\"https:\\\/\\\/kuzeyinsesi.org\\\/?s={search_term_string}\"},\"query-input\":{\"@type\":\"PropertyValueSpecification\",\"valueRequired\":true,\"valueName\":\"search_term_string\"}}],\"inLanguage\":\"tr\"},{\"@type\":\"Person\",\"@id\":\"https:\\\/\\\/kuzeyinsesi.org\\\/#\\\/schema\\\/person\\\/9f859689cdf01485597712386e37f5aa\",\"name\":\"Kuzeyin Sesi\",\"image\":{\"@type\":\"ImageObject\",\"inLanguage\":\"tr\",\"@id\":\"https:\\\/\\\/secure.gravatar.com\\\/avatar\\\/bab33852abfd8b282518d6ed81826833d77c3c882d9ab608add591ccace47a44?s=96&d=mm&r=g\",\"url\":\"https:\\\/\\\/secure.gravatar.com\\\/avatar\\\/bab33852abfd8b282518d6ed81826833d77c3c882d9ab608add591ccace47a44?s=96&d=mm&r=g\",\"contentUrl\":\"https:\\\/\\\/secure.gravatar.com\\\/avatar\\\/bab33852abfd8b282518d6ed81826833d77c3c882d9ab608add591ccace47a44?s=96&d=mm&r=g\",\"caption\":\"Kuzeyin Sesi\"},\"sameAs\":[\"https:\\\/\\\/kuzeyinsesi.org\"],\"url\":\"https:\\\/\\\/kuzeyinsesi.org\\\/index.php\\\/author\\\/guven\\\/\"}]}<\/script>\n<!-- \/ Yoast SEO plugin. -->","yoast_head_json":{"title":"\u201c20. K\u0131br\u0131s Tiyatro Festivali\u201d perdelerini a\u00e7t\u0131 - Kuzeyin Sesi","robots":{"index":"index","follow":"follow","max-snippet":"max-snippet:-1","max-image-preview":"max-image-preview:large","max-video-preview":"max-video-preview:-1"},"canonical":"https:\/\/kuzeyinsesi.org\/index.php\/2024\/05\/18\/20-kibris-tiyatro-festivali-perdelerini-acti\/","og_locale":"tr_TR","og_type":"article","og_title":"\u201c20. K\u0131br\u0131s Tiyatro Festivali\u201d perdelerini a\u00e7t\u0131 - Kuzeyin Sesi","og_description":"Lefko\u015fa T\u00fcrk Belediyesi\u2019nin bu y\u0131l 20.\u2019sini d\u00fczenledi\u011fi K\u0131br\u0131s Tiyatro Festivali, \u201c\u00c7\u0131k\u0131n I\u015f\u0131\u011fa Bulu\u015fabilenler, Sevindirebilenler, De\u011fi\u015febilenler\u201d slogan\u0131yla perdelerini a\u00e7t\u0131. LTB\u2019den verilen bilgiye g\u00f6re, YD\u00dc AKKM\u2019de yer alan festivalin a\u00e7\u0131l\u0131\u015f oyunu, Ankara Devlet Tiyatrosu taraf\u0131ndan sahnelenen \u201cKad\u0131nlar, Filler ve Saireler\u201d oldu. Oyun \u00f6ncesinde a\u00e7\u0131l\u0131\u015f konu\u015fmalar\u0131 yap\u0131ld\u0131. Festivalde ilk konu\u015fmay\u0131 yapan festival komitesi ba\u015fkan\u0131 K\u0131ymet Karabiber, K\u0131br\u0131s Tiyatro [&hellip;]","og_url":"https:\/\/kuzeyinsesi.org\/index.php\/2024\/05\/18\/20-kibris-tiyatro-festivali-perdelerini-acti\/","og_site_name":"Kuzeyin Sesi","article_publisher":"https:\/\/www.facebook.com\/kuzeyinsesii","article_published_time":"2024-05-18T12:32:24+00:00","og_image":[{"width":1920,"height":1280,"url":"https:\/\/kuzeyinsesi.org\/wp-content\/uploads\/2024\/05\/festival-acilis-10-.jpg","type":"image\/jpeg"}],"author":"Kuzeyin Sesi","twitter_card":"summary_large_image","twitter_creator":"@kuzeyinsesii","twitter_site":"@kuzeyinsesii","twitter_misc":{"Yazan:":"Kuzeyin Sesi","Tahmini okuma s\u00fcresi":"3 dakika"},"schema":{"@context":"https:\/\/schema.org","@graph":[{"@type":"Article","@id":"https:\/\/kuzeyinsesi.org\/index.php\/2024\/05\/18\/20-kibris-tiyatro-festivali-perdelerini-acti\/#article","isPartOf":{"@id":"https:\/\/kuzeyinsesi.org\/index.php\/2024\/05\/18\/20-kibris-tiyatro-festivali-perdelerini-acti\/"},"author":{"name":"Kuzeyin Sesi","@id":"https:\/\/kuzeyinsesi.org\/#\/schema\/person\/9f859689cdf01485597712386e37f5aa"},"headline":"\u201c20. K\u0131br\u0131s Tiyatro Festivali\u201d perdelerini a\u00e7t\u0131","datePublished":"2024-05-18T12:32:24+00:00","mainEntityOfPage":{"@id":"https:\/\/kuzeyinsesi.org\/index.php\/2024\/05\/18\/20-kibris-tiyatro-festivali-perdelerini-acti\/"},"wordCount":685,"commentCount":0,"image":{"@id":"https:\/\/kuzeyinsesi.org\/index.php\/2024\/05\/18\/20-kibris-tiyatro-festivali-perdelerini-acti\/#primaryimage"},"thumbnailUrl":"https:\/\/kuzeyinsesi.org\/wp-content\/uploads\/2024\/05\/festival-acilis-10-.jpg","articleSection":["Ya\u015fam"],"inLanguage":"tr","potentialAction":[{"@type":"CommentAction","name":"Comment","target":["https:\/\/kuzeyinsesi.org\/index.php\/2024\/05\/18\/20-kibris-tiyatro-festivali-perdelerini-acti\/#respond"]}]},{"@type":"WebPage","@id":"https:\/\/kuzeyinsesi.org\/index.php\/2024\/05\/18\/20-kibris-tiyatro-festivali-perdelerini-acti\/","url":"https:\/\/kuzeyinsesi.org\/index.php\/2024\/05\/18\/20-kibris-tiyatro-festivali-perdelerini-acti\/","name":"\u201c20. K\u0131br\u0131s Tiyatro Festivali\u201d perdelerini a\u00e7t\u0131 - Kuzeyin Sesi","isPartOf":{"@id":"https:\/\/kuzeyinsesi.org\/#website"},"primaryImageOfPage":{"@id":"https:\/\/kuzeyinsesi.org\/index.php\/2024\/05\/18\/20-kibris-tiyatro-festivali-perdelerini-acti\/#primaryimage"},"image":{"@id":"https:\/\/kuzeyinsesi.org\/index.php\/2024\/05\/18\/20-kibris-tiyatro-festivali-perdelerini-acti\/#primaryimage"},"thumbnailUrl":"https:\/\/kuzeyinsesi.org\/wp-content\/uploads\/2024\/05\/festival-acilis-10-.jpg","datePublished":"2024-05-18T12:32:24+00:00","author":{"@id":"https:\/\/kuzeyinsesi.org\/#\/schema\/person\/9f859689cdf01485597712386e37f5aa"},"breadcrumb":{"@id":"https:\/\/kuzeyinsesi.org\/index.php\/2024\/05\/18\/20-kibris-tiyatro-festivali-perdelerini-acti\/#breadcrumb"},"inLanguage":"tr","potentialAction":[{"@type":"ReadAction","target":["https:\/\/kuzeyinsesi.org\/index.php\/2024\/05\/18\/20-kibris-tiyatro-festivali-perdelerini-acti\/"]}]},{"@type":"ImageObject","inLanguage":"tr","@id":"https:\/\/kuzeyinsesi.org\/index.php\/2024\/05\/18\/20-kibris-tiyatro-festivali-perdelerini-acti\/#primaryimage","url":"https:\/\/kuzeyinsesi.org\/wp-content\/uploads\/2024\/05\/festival-acilis-10-.jpg","contentUrl":"https:\/\/kuzeyinsesi.org\/wp-content\/uploads\/2024\/05\/festival-acilis-10-.jpg","width":1920,"height":1280},{"@type":"BreadcrumbList","@id":"https:\/\/kuzeyinsesi.org\/index.php\/2024\/05\/18\/20-kibris-tiyatro-festivali-perdelerini-acti\/#breadcrumb","itemListElement":[{"@type":"ListItem","position":1,"name":"Anasayfa","item":"https:\/\/kuzeyinsesi.org\/"},{"@type":"ListItem","position":2,"name":"\u201c20. K\u0131br\u0131s Tiyatro Festivali\u201d perdelerini a\u00e7t\u0131"}]},{"@type":"WebSite","@id":"https:\/\/kuzeyinsesi.org\/#website","url":"https:\/\/kuzeyinsesi.org\/","name":"Kuzeyin Sesi","description":"Do\u011fru Haberin Adresi","potentialAction":[{"@type":"SearchAction","target":{"@type":"EntryPoint","urlTemplate":"https:\/\/kuzeyinsesi.org\/?s={search_term_string}"},"query-input":{"@type":"PropertyValueSpecification","valueRequired":true,"valueName":"search_term_string"}}],"inLanguage":"tr"},{"@type":"Person","@id":"https:\/\/kuzeyinsesi.org\/#\/schema\/person\/9f859689cdf01485597712386e37f5aa","name":"Kuzeyin Sesi","image":{"@type":"ImageObject","inLanguage":"tr","@id":"https:\/\/secure.gravatar.com\/avatar\/bab33852abfd8b282518d6ed81826833d77c3c882d9ab608add591ccace47a44?s=96&d=mm&r=g","url":"https:\/\/secure.gravatar.com\/avatar\/bab33852abfd8b282518d6ed81826833d77c3c882d9ab608add591ccace47a44?s=96&d=mm&r=g","contentUrl":"https:\/\/secure.gravatar.com\/avatar\/bab33852abfd8b282518d6ed81826833d77c3c882d9ab608add591ccace47a44?s=96&d=mm&r=g","caption":"Kuzeyin Sesi"},"sameAs":["https:\/\/kuzeyinsesi.org"],"url":"https:\/\/kuzeyinsesi.org\/index.php\/author\/guven\/"}]}},"_links":{"self":[{"href":"https:\/\/kuzeyinsesi.org\/index.php\/wp-json\/wp\/v2\/posts\/2870","targetHints":{"allow":["GET"]}}],"collection":[{"href":"https:\/\/kuzeyinsesi.org\/index.php\/wp-json\/wp\/v2\/posts"}],"about":[{"href":"https:\/\/kuzeyinsesi.org\/index.php\/wp-json\/wp\/v2\/types\/post"}],"author":[{"embeddable":true,"href":"https:\/\/kuzeyinsesi.org\/index.php\/wp-json\/wp\/v2\/users\/1"}],"replies":[{"embeddable":true,"href":"https:\/\/kuzeyinsesi.org\/index.php\/wp-json\/wp\/v2\/comments?post=2870"}],"version-history":[{"count":0,"href":"https:\/\/kuzeyinsesi.org\/index.php\/wp-json\/wp\/v2\/posts\/2870\/revisions"}],"wp:featuredmedia":[{"embeddable":true,"href":"https:\/\/kuzeyinsesi.org\/index.php\/wp-json\/wp\/v2\/media\/2871"}],"wp:attachment":[{"href":"https:\/\/kuzeyinsesi.org\/index.php\/wp-json\/wp\/v2\/media?parent=2870"}],"wp:term":[{"taxonomy":"category","embeddable":true,"href":"https:\/\/kuzeyinsesi.org\/index.php\/wp-json\/wp\/v2\/categories?post=2870"},{"taxonomy":"post_tag","embeddable":true,"href":"https:\/\/kuzeyinsesi.org\/index.php\/wp-json\/wp\/v2\/tags?post=2870"}],"curies":[{"name":"wp","href":"https:\/\/api.w.org\/{rel}","templated":true}]}}