{"id":2803,"date":"2024-05-17T16:07:23","date_gmt":"2024-05-17T13:07:23","guid":{"rendered":"https:\/\/kuzeyinsesi.com\/index.php\/2024\/05\/17\/girnede-pazar-gunu-ramadan-cemil-meydaninda-19-mayis-etkinlikleri-var\/"},"modified":"2024-05-17T16:07:23","modified_gmt":"2024-05-17T13:07:23","slug":"girnede-pazar-gunu-ramadan-cemil-meydaninda-19-mayis-etkinlikleri-var","status":"publish","type":"post","link":"https:\/\/kuzeyinsesi.org\/index.php\/2024\/05\/17\/girnede-pazar-gunu-ramadan-cemil-meydaninda-19-mayis-etkinlikleri-var\/","title":{"rendered":"Girne\u2019de pazar g\u00fcn\u00fc Ramadan Cemil Meydan\u0131\u2019nda 19 May\u0131s etkinlikleri var"},"content":{"rendered":"<div>\n<div class=\"mariselle-image-container center\">\n                                            <\/div>\n<p>Girne\u2019de, 19 May\u0131s Atat\u00fcrk\u2019\u00fc Anma, Gen\u00e7lik ve Spor Bayram\u0131 dolay\u0131s\u0131yla pazar g\u00fcn\u00fc Ramadan Cemil Meydan\u0131\u2019nda etkinlikler d\u00fczenleniyor.<\/p>\n<p>Belediye\u2019den yap\u0131lan yaz\u0131l\u0131 a\u00e7\u0131klamaya g\u00f6re, Girne Belediyesi organizasyonuyla ger\u00e7ekle\u015fecek etkinlikler, Ramadan Cemil Meydan\u0131\u2019nda (Eski Belediye Binas\u0131 \u00d6n\u00fc) saat 17.00\u2019de yeme-i\u00e7me stantlar\u0131n\u0131n kurulmas\u0131yla ba\u015flayacak.<\/p>\n<p>Living Coils, etkinli\u011fin ilk grubu olarak saat 18.00\u2019de sahne alacak. Living Coils\u2019in ard\u0131ndan saat 19.15\u2019te STOPop-Rock Band Serdar Tuksal Quarter, sahnede olacak.<\/p>\n<p>Etkinlik,  Ahmet Evran\u2019\u0131n konseriyle sona erecek.<\/p>\n<\/p><\/div>\n<p><script async\n                    defer\n                    crossorigin=\"anonymous\"\n                    src=\"https:\/\/connect.facebook.net\/tr_TR\/sdk.js#xfbml=1&#038;version=v3.3\"\n            ><\/script><\/p>\n","protected":false},"excerpt":{"rendered":"<p>Girne\u2019de, 19 May\u0131s Atat\u00fcrk\u2019\u00fc Anma, Gen\u00e7lik ve Spor Bayram\u0131 dolay\u0131s\u0131yla pazar g\u00fcn\u00fc Ramadan Cemil Meydan\u0131\u2019nda etkinlikler d\u00fczenleniyor. Belediye\u2019den yap\u0131lan yaz\u0131l\u0131 a\u00e7\u0131klamaya g\u00f6re, Girne Belediyesi organizasyonuyla ger\u00e7ekle\u015fecek etkinlikler, Ramadan Cemil Meydan\u0131\u2019nda (Eski Belediye Binas\u0131 \u00d6n\u00fc) saat 17.00\u2019de yeme-i\u00e7me stantlar\u0131n\u0131n kurulmas\u0131yla ba\u015flayacak. Living Coils, etkinli\u011fin ilk grubu olarak saat 18.00\u2019de sahne alacak. Living Coils\u2019in ard\u0131ndan saat 19.15\u2019te [&hellip;]<\/p>\n","protected":false},"author":1,"featured_media":2804,"comment_status":"open","ping_status":"open","sticky":false,"template":"","format":"standard","meta":{"jnews-multi-image_gallery":[],"jnews_single_post":[],"jnews_primary_category":[],"jnews_social_meta":[],"jnews_override_counter":[],"footnotes":""},"categories":[6],"tags":[],"class_list":["post-2803","post","type-post","status-publish","format-standard","has-post-thumbnail","hentry","category-yasam"],"yoast_head":"<!-- This site is optimized with the Yoast SEO plugin v27.5 - https:\/\/yoast.com\/product\/yoast-seo-wordpress\/ -->\n<title>Girne\u2019de pazar g\u00fcn\u00fc Ramadan Cemil Meydan\u0131\u2019nda 19 May\u0131s etkinlikleri var - Kuzeyin Sesi<\/title>\n<meta name=\"robots\" content=\"index, follow, max-snippet:-1, max-image-preview:large, max-video-preview:-1\" \/>\n<link rel=\"canonical\" href=\"https:\/\/kuzeyinsesi.org\/index.php\/2024\/05\/17\/girnede-pazar-gunu-ramadan-cemil-meydaninda-19-mayis-etkinlikleri-var\/\" \/>\n<meta property=\"og:locale\" content=\"tr_TR\" \/>\n<meta property=\"og:type\" content=\"article\" \/>\n<meta property=\"og:title\" content=\"Girne\u2019de pazar g\u00fcn\u00fc Ramadan Cemil Meydan\u0131\u2019nda 19 May\u0131s etkinlikleri var - Kuzeyin Sesi\" \/>\n<meta property=\"og:description\" content=\"Girne\u2019de, 19 May\u0131s Atat\u00fcrk\u2019\u00fc Anma, Gen\u00e7lik ve Spor Bayram\u0131 dolay\u0131s\u0131yla pazar g\u00fcn\u00fc Ramadan Cemil Meydan\u0131\u2019nda etkinlikler d\u00fczenleniyor. Belediye\u2019den yap\u0131lan yaz\u0131l\u0131 a\u00e7\u0131klamaya g\u00f6re, Girne Belediyesi organizasyonuyla ger\u00e7ekle\u015fecek etkinlikler, Ramadan Cemil Meydan\u0131\u2019nda (Eski Belediye Binas\u0131 \u00d6n\u00fc) saat 17.00\u2019de yeme-i\u00e7me stantlar\u0131n\u0131n kurulmas\u0131yla ba\u015flayacak. Living Coils, etkinli\u011fin ilk grubu olarak saat 18.00\u2019de sahne alacak. Living Coils\u2019in ard\u0131ndan saat 19.15\u2019te [&hellip;]\" \/>\n<meta property=\"og:url\" content=\"https:\/\/kuzeyinsesi.org\/index.php\/2024\/05\/17\/girnede-pazar-gunu-ramadan-cemil-meydaninda-19-mayis-etkinlikleri-var\/\" \/>\n<meta property=\"og:site_name\" content=\"Kuzeyin Sesi\" \/>\n<meta property=\"article:publisher\" content=\"https:\/\/www.facebook.com\/kuzeyinsesii\" \/>\n<meta property=\"article:published_time\" content=\"2024-05-17T13:07:23+00:00\" \/>\n<meta property=\"og:image\" content=\"https:\/\/kuzeyinsesi.org\/wp-content\/uploads\/2024\/05\/girne-belediyesi-etkinlik-1.jpeg\" \/>\n\t<meta property=\"og:image:width\" content=\"1279\" \/>\n\t<meta property=\"og:image:height\" content=\"1600\" \/>\n\t<meta property=\"og:image:type\" content=\"image\/jpeg\" \/>\n<meta name=\"author\" content=\"Kuzeyin Sesi\" \/>\n<meta name=\"twitter:card\" content=\"summary_large_image\" \/>\n<meta name=\"twitter:creator\" content=\"@kuzeyinsesii\" \/>\n<meta name=\"twitter:site\" content=\"@kuzeyinsesii\" \/>\n<meta name=\"twitter:label1\" content=\"Yazan:\" \/>\n\t<meta name=\"twitter:data1\" content=\"Kuzeyin Sesi\" \/>\n<script type=\"application\/ld+json\" class=\"yoast-schema-graph\">{\"@context\":\"https:\\\/\\\/schema.org\",\"@graph\":[{\"@type\":\"Article\",\"@id\":\"https:\\\/\\\/kuzeyinsesi.org\\\/index.php\\\/2024\\\/05\\\/17\\\/girnede-pazar-gunu-ramadan-cemil-meydaninda-19-mayis-etkinlikleri-var\\\/#article\",\"isPartOf\":{\"@id\":\"https:\\\/\\\/kuzeyinsesi.org\\\/index.php\\\/2024\\\/05\\\/17\\\/girnede-pazar-gunu-ramadan-cemil-meydaninda-19-mayis-etkinlikleri-var\\\/\"},\"author\":{\"name\":\"Kuzeyin Sesi\",\"@id\":\"https:\\\/\\\/kuzeyinsesi.org\\\/#\\\/schema\\\/person\\\/9f859689cdf01485597712386e37f5aa\"},\"headline\":\"Girne\u2019de pazar g\u00fcn\u00fc Ramadan Cemil Meydan\u0131\u2019nda 19 May\u0131s etkinlikleri var\",\"datePublished\":\"2024-05-17T13:07:23+00:00\",\"mainEntityOfPage\":{\"@id\":\"https:\\\/\\\/kuzeyinsesi.org\\\/index.php\\\/2024\\\/05\\\/17\\\/girnede-pazar-gunu-ramadan-cemil-meydaninda-19-mayis-etkinlikleri-var\\\/\"},\"wordCount\":106,\"commentCount\":0,\"image\":{\"@id\":\"https:\\\/\\\/kuzeyinsesi.org\\\/index.php\\\/2024\\\/05\\\/17\\\/girnede-pazar-gunu-ramadan-cemil-meydaninda-19-mayis-etkinlikleri-var\\\/#primaryimage\"},\"thumbnailUrl\":\"https:\\\/\\\/kuzeyinsesi.org\\\/wp-content\\\/uploads\\\/2024\\\/05\\\/girne-belediyesi-etkinlik-1.jpeg\",\"articleSection\":[\"Ya\u015fam\"],\"inLanguage\":\"tr\",\"potentialAction\":[{\"@type\":\"CommentAction\",\"name\":\"Comment\",\"target\":[\"https:\\\/\\\/kuzeyinsesi.org\\\/index.php\\\/2024\\\/05\\\/17\\\/girnede-pazar-gunu-ramadan-cemil-meydaninda-19-mayis-etkinlikleri-var\\\/#respond\"]}]},{\"@type\":\"WebPage\",\"@id\":\"https:\\\/\\\/kuzeyinsesi.org\\\/index.php\\\/2024\\\/05\\\/17\\\/girnede-pazar-gunu-ramadan-cemil-meydaninda-19-mayis-etkinlikleri-var\\\/\",\"url\":\"https:\\\/\\\/kuzeyinsesi.org\\\/index.php\\\/2024\\\/05\\\/17\\\/girnede-pazar-gunu-ramadan-cemil-meydaninda-19-mayis-etkinlikleri-var\\\/\",\"name\":\"Girne\u2019de pazar g\u00fcn\u00fc Ramadan Cemil Meydan\u0131\u2019nda 19 May\u0131s etkinlikleri var - Kuzeyin Sesi\",\"isPartOf\":{\"@id\":\"https:\\\/\\\/kuzeyinsesi.org\\\/#website\"},\"primaryImageOfPage\":{\"@id\":\"https:\\\/\\\/kuzeyinsesi.org\\\/index.php\\\/2024\\\/05\\\/17\\\/girnede-pazar-gunu-ramadan-cemil-meydaninda-19-mayis-etkinlikleri-var\\\/#primaryimage\"},\"image\":{\"@id\":\"https:\\\/\\\/kuzeyinsesi.org\\\/index.php\\\/2024\\\/05\\\/17\\\/girnede-pazar-gunu-ramadan-cemil-meydaninda-19-mayis-etkinlikleri-var\\\/#primaryimage\"},\"thumbnailUrl\":\"https:\\\/\\\/kuzeyinsesi.org\\\/wp-content\\\/uploads\\\/2024\\\/05\\\/girne-belediyesi-etkinlik-1.jpeg\",\"datePublished\":\"2024-05-17T13:07:23+00:00\",\"author\":{\"@id\":\"https:\\\/\\\/kuzeyinsesi.org\\\/#\\\/schema\\\/person\\\/9f859689cdf01485597712386e37f5aa\"},\"breadcrumb\":{\"@id\":\"https:\\\/\\\/kuzeyinsesi.org\\\/index.php\\\/2024\\\/05\\\/17\\\/girnede-pazar-gunu-ramadan-cemil-meydaninda-19-mayis-etkinlikleri-var\\\/#breadcrumb\"},\"inLanguage\":\"tr\",\"potentialAction\":[{\"@type\":\"ReadAction\",\"target\":[\"https:\\\/\\\/kuzeyinsesi.org\\\/index.php\\\/2024\\\/05\\\/17\\\/girnede-pazar-gunu-ramadan-cemil-meydaninda-19-mayis-etkinlikleri-var\\\/\"]}]},{\"@type\":\"ImageObject\",\"inLanguage\":\"tr\",\"@id\":\"https:\\\/\\\/kuzeyinsesi.org\\\/index.php\\\/2024\\\/05\\\/17\\\/girnede-pazar-gunu-ramadan-cemil-meydaninda-19-mayis-etkinlikleri-var\\\/#primaryimage\",\"url\":\"https:\\\/\\\/kuzeyinsesi.org\\\/wp-content\\\/uploads\\\/2024\\\/05\\\/girne-belediyesi-etkinlik-1.jpeg\",\"contentUrl\":\"https:\\\/\\\/kuzeyinsesi.org\\\/wp-content\\\/uploads\\\/2024\\\/05\\\/girne-belediyesi-etkinlik-1.jpeg\",\"width\":1279,\"height\":1600},{\"@type\":\"BreadcrumbList\",\"@id\":\"https:\\\/\\\/kuzeyinsesi.org\\\/index.php\\\/2024\\\/05\\\/17\\\/girnede-pazar-gunu-ramadan-cemil-meydaninda-19-mayis-etkinlikleri-var\\\/#breadcrumb\",\"itemListElement\":[{\"@type\":\"ListItem\",\"position\":1,\"name\":\"Anasayfa\",\"item\":\"https:\\\/\\\/kuzeyinsesi.org\\\/\"},{\"@type\":\"ListItem\",\"position\":2,\"name\":\"Girne\u2019de pazar g\u00fcn\u00fc Ramadan Cemil Meydan\u0131\u2019nda 19 May\u0131s etkinlikleri var\"}]},{\"@type\":\"WebSite\",\"@id\":\"https:\\\/\\\/kuzeyinsesi.org\\\/#website\",\"url\":\"https:\\\/\\\/kuzeyinsesi.org\\\/\",\"name\":\"Kuzeyin Sesi\",\"description\":\"Do\u011fru Haberin Adresi\",\"potentialAction\":[{\"@type\":\"SearchAction\",\"target\":{\"@type\":\"EntryPoint\",\"urlTemplate\":\"https:\\\/\\\/kuzeyinsesi.org\\\/?s={search_term_string}\"},\"query-input\":{\"@type\":\"PropertyValueSpecification\",\"valueRequired\":true,\"valueName\":\"search_term_string\"}}],\"inLanguage\":\"tr\"},{\"@type\":\"Person\",\"@id\":\"https:\\\/\\\/kuzeyinsesi.org\\\/#\\\/schema\\\/person\\\/9f859689cdf01485597712386e37f5aa\",\"name\":\"Kuzeyin Sesi\",\"image\":{\"@type\":\"ImageObject\",\"inLanguage\":\"tr\",\"@id\":\"https:\\\/\\\/secure.gravatar.com\\\/avatar\\\/bab33852abfd8b282518d6ed81826833d77c3c882d9ab608add591ccace47a44?s=96&d=mm&r=g\",\"url\":\"https:\\\/\\\/secure.gravatar.com\\\/avatar\\\/bab33852abfd8b282518d6ed81826833d77c3c882d9ab608add591ccace47a44?s=96&d=mm&r=g\",\"contentUrl\":\"https:\\\/\\\/secure.gravatar.com\\\/avatar\\\/bab33852abfd8b282518d6ed81826833d77c3c882d9ab608add591ccace47a44?s=96&d=mm&r=g\",\"caption\":\"Kuzeyin Sesi\"},\"sameAs\":[\"https:\\\/\\\/kuzeyinsesi.org\"],\"url\":\"https:\\\/\\\/kuzeyinsesi.org\\\/index.php\\\/author\\\/guven\\\/\"}]}<\/script>\n<!-- \/ Yoast SEO plugin. -->","yoast_head_json":{"title":"Girne\u2019de pazar g\u00fcn\u00fc Ramadan Cemil Meydan\u0131\u2019nda 19 May\u0131s etkinlikleri var - Kuzeyin Sesi","robots":{"index":"index","follow":"follow","max-snippet":"max-snippet:-1","max-image-preview":"max-image-preview:large","max-video-preview":"max-video-preview:-1"},"canonical":"https:\/\/kuzeyinsesi.org\/index.php\/2024\/05\/17\/girnede-pazar-gunu-ramadan-cemil-meydaninda-19-mayis-etkinlikleri-var\/","og_locale":"tr_TR","og_type":"article","og_title":"Girne\u2019de pazar g\u00fcn\u00fc Ramadan Cemil Meydan\u0131\u2019nda 19 May\u0131s etkinlikleri var - Kuzeyin Sesi","og_description":"Girne\u2019de, 19 May\u0131s Atat\u00fcrk\u2019\u00fc Anma, Gen\u00e7lik ve Spor Bayram\u0131 dolay\u0131s\u0131yla pazar g\u00fcn\u00fc Ramadan Cemil Meydan\u0131\u2019nda etkinlikler d\u00fczenleniyor. Belediye\u2019den yap\u0131lan yaz\u0131l\u0131 a\u00e7\u0131klamaya g\u00f6re, Girne Belediyesi organizasyonuyla ger\u00e7ekle\u015fecek etkinlikler, Ramadan Cemil Meydan\u0131\u2019nda (Eski Belediye Binas\u0131 \u00d6n\u00fc) saat 17.00\u2019de yeme-i\u00e7me stantlar\u0131n\u0131n kurulmas\u0131yla ba\u015flayacak. Living Coils, etkinli\u011fin ilk grubu olarak saat 18.00\u2019de sahne alacak. Living Coils\u2019in ard\u0131ndan saat 19.15\u2019te [&hellip;]","og_url":"https:\/\/kuzeyinsesi.org\/index.php\/2024\/05\/17\/girnede-pazar-gunu-ramadan-cemil-meydaninda-19-mayis-etkinlikleri-var\/","og_site_name":"Kuzeyin Sesi","article_publisher":"https:\/\/www.facebook.com\/kuzeyinsesii","article_published_time":"2024-05-17T13:07:23+00:00","og_image":[{"width":1279,"height":1600,"url":"https:\/\/kuzeyinsesi.org\/wp-content\/uploads\/2024\/05\/girne-belediyesi-etkinlik-1.jpeg","type":"image\/jpeg"}],"author":"Kuzeyin Sesi","twitter_card":"summary_large_image","twitter_creator":"@kuzeyinsesii","twitter_site":"@kuzeyinsesii","twitter_misc":{"Yazan:":"Kuzeyin Sesi"},"schema":{"@context":"https:\/\/schema.org","@graph":[{"@type":"Article","@id":"https:\/\/kuzeyinsesi.org\/index.php\/2024\/05\/17\/girnede-pazar-gunu-ramadan-cemil-meydaninda-19-mayis-etkinlikleri-var\/#article","isPartOf":{"@id":"https:\/\/kuzeyinsesi.org\/index.php\/2024\/05\/17\/girnede-pazar-gunu-ramadan-cemil-meydaninda-19-mayis-etkinlikleri-var\/"},"author":{"name":"Kuzeyin Sesi","@id":"https:\/\/kuzeyinsesi.org\/#\/schema\/person\/9f859689cdf01485597712386e37f5aa"},"headline":"Girne\u2019de pazar g\u00fcn\u00fc Ramadan Cemil Meydan\u0131\u2019nda 19 May\u0131s etkinlikleri var","datePublished":"2024-05-17T13:07:23+00:00","mainEntityOfPage":{"@id":"https:\/\/kuzeyinsesi.org\/index.php\/2024\/05\/17\/girnede-pazar-gunu-ramadan-cemil-meydaninda-19-mayis-etkinlikleri-var\/"},"wordCount":106,"commentCount":0,"image":{"@id":"https:\/\/kuzeyinsesi.org\/index.php\/2024\/05\/17\/girnede-pazar-gunu-ramadan-cemil-meydaninda-19-mayis-etkinlikleri-var\/#primaryimage"},"thumbnailUrl":"https:\/\/kuzeyinsesi.org\/wp-content\/uploads\/2024\/05\/girne-belediyesi-etkinlik-1.jpeg","articleSection":["Ya\u015fam"],"inLanguage":"tr","potentialAction":[{"@type":"CommentAction","name":"Comment","target":["https:\/\/kuzeyinsesi.org\/index.php\/2024\/05\/17\/girnede-pazar-gunu-ramadan-cemil-meydaninda-19-mayis-etkinlikleri-var\/#respond"]}]},{"@type":"WebPage","@id":"https:\/\/kuzeyinsesi.org\/index.php\/2024\/05\/17\/girnede-pazar-gunu-ramadan-cemil-meydaninda-19-mayis-etkinlikleri-var\/","url":"https:\/\/kuzeyinsesi.org\/index.php\/2024\/05\/17\/girnede-pazar-gunu-ramadan-cemil-meydaninda-19-mayis-etkinlikleri-var\/","name":"Girne\u2019de pazar g\u00fcn\u00fc Ramadan Cemil Meydan\u0131\u2019nda 19 May\u0131s etkinlikleri var - Kuzeyin Sesi","isPartOf":{"@id":"https:\/\/kuzeyinsesi.org\/#website"},"primaryImageOfPage":{"@id":"https:\/\/kuzeyinsesi.org\/index.php\/2024\/05\/17\/girnede-pazar-gunu-ramadan-cemil-meydaninda-19-mayis-etkinlikleri-var\/#primaryimage"},"image":{"@id":"https:\/\/kuzeyinsesi.org\/index.php\/2024\/05\/17\/girnede-pazar-gunu-ramadan-cemil-meydaninda-19-mayis-etkinlikleri-var\/#primaryimage"},"thumbnailUrl":"https:\/\/kuzeyinsesi.org\/wp-content\/uploads\/2024\/05\/girne-belediyesi-etkinlik-1.jpeg","datePublished":"2024-05-17T13:07:23+00:00","author":{"@id":"https:\/\/kuzeyinsesi.org\/#\/schema\/person\/9f859689cdf01485597712386e37f5aa"},"breadcrumb":{"@id":"https:\/\/kuzeyinsesi.org\/index.php\/2024\/05\/17\/girnede-pazar-gunu-ramadan-cemil-meydaninda-19-mayis-etkinlikleri-var\/#breadcrumb"},"inLanguage":"tr","potentialAction":[{"@type":"ReadAction","target":["https:\/\/kuzeyinsesi.org\/index.php\/2024\/05\/17\/girnede-pazar-gunu-ramadan-cemil-meydaninda-19-mayis-etkinlikleri-var\/"]}]},{"@type":"ImageObject","inLanguage":"tr","@id":"https:\/\/kuzeyinsesi.org\/index.php\/2024\/05\/17\/girnede-pazar-gunu-ramadan-cemil-meydaninda-19-mayis-etkinlikleri-var\/#primaryimage","url":"https:\/\/kuzeyinsesi.org\/wp-content\/uploads\/2024\/05\/girne-belediyesi-etkinlik-1.jpeg","contentUrl":"https:\/\/kuzeyinsesi.org\/wp-content\/uploads\/2024\/05\/girne-belediyesi-etkinlik-1.jpeg","width":1279,"height":1600},{"@type":"BreadcrumbList","@id":"https:\/\/kuzeyinsesi.org\/index.php\/2024\/05\/17\/girnede-pazar-gunu-ramadan-cemil-meydaninda-19-mayis-etkinlikleri-var\/#breadcrumb","itemListElement":[{"@type":"ListItem","position":1,"name":"Anasayfa","item":"https:\/\/kuzeyinsesi.org\/"},{"@type":"ListItem","position":2,"name":"Girne\u2019de pazar g\u00fcn\u00fc Ramadan Cemil Meydan\u0131\u2019nda 19 May\u0131s etkinlikleri var"}]},{"@type":"WebSite","@id":"https:\/\/kuzeyinsesi.org\/#website","url":"https:\/\/kuzeyinsesi.org\/","name":"Kuzeyin Sesi","description":"Do\u011fru Haberin Adresi","potentialAction":[{"@type":"SearchAction","target":{"@type":"EntryPoint","urlTemplate":"https:\/\/kuzeyinsesi.org\/?s={search_term_string}"},"query-input":{"@type":"PropertyValueSpecification","valueRequired":true,"valueName":"search_term_string"}}],"inLanguage":"tr"},{"@type":"Person","@id":"https:\/\/kuzeyinsesi.org\/#\/schema\/person\/9f859689cdf01485597712386e37f5aa","name":"Kuzeyin Sesi","image":{"@type":"ImageObject","inLanguage":"tr","@id":"https:\/\/secure.gravatar.com\/avatar\/bab33852abfd8b282518d6ed81826833d77c3c882d9ab608add591ccace47a44?s=96&d=mm&r=g","url":"https:\/\/secure.gravatar.com\/avatar\/bab33852abfd8b282518d6ed81826833d77c3c882d9ab608add591ccace47a44?s=96&d=mm&r=g","contentUrl":"https:\/\/secure.gravatar.com\/avatar\/bab33852abfd8b282518d6ed81826833d77c3c882d9ab608add591ccace47a44?s=96&d=mm&r=g","caption":"Kuzeyin Sesi"},"sameAs":["https:\/\/kuzeyinsesi.org"],"url":"https:\/\/kuzeyinsesi.org\/index.php\/author\/guven\/"}]}},"_links":{"self":[{"href":"https:\/\/kuzeyinsesi.org\/index.php\/wp-json\/wp\/v2\/posts\/2803","targetHints":{"allow":["GET"]}}],"collection":[{"href":"https:\/\/kuzeyinsesi.org\/index.php\/wp-json\/wp\/v2\/posts"}],"about":[{"href":"https:\/\/kuzeyinsesi.org\/index.php\/wp-json\/wp\/v2\/types\/post"}],"author":[{"embeddable":true,"href":"https:\/\/kuzeyinsesi.org\/index.php\/wp-json\/wp\/v2\/users\/1"}],"replies":[{"embeddable":true,"href":"https:\/\/kuzeyinsesi.org\/index.php\/wp-json\/wp\/v2\/comments?post=2803"}],"version-history":[{"count":0,"href":"https:\/\/kuzeyinsesi.org\/index.php\/wp-json\/wp\/v2\/posts\/2803\/revisions"}],"wp:featuredmedia":[{"embeddable":true,"href":"https:\/\/kuzeyinsesi.org\/index.php\/wp-json\/wp\/v2\/media\/2804"}],"wp:attachment":[{"href":"https:\/\/kuzeyinsesi.org\/index.php\/wp-json\/wp\/v2\/media?parent=2803"}],"wp:term":[{"taxonomy":"category","embeddable":true,"href":"https:\/\/kuzeyinsesi.org\/index.php\/wp-json\/wp\/v2\/categories?post=2803"},{"taxonomy":"post_tag","embeddable":true,"href":"https:\/\/kuzeyinsesi.org\/index.php\/wp-json\/wp\/v2\/tags?post=2803"}],"curies":[{"name":"wp","href":"https:\/\/api.w.org\/{rel}","templated":true}]}}