{"id":27997,"date":"2025-07-03T19:12:12","date_gmt":"2025-07-03T16:12:12","guid":{"rendered":"https:\/\/kuzeyinsesi.org\/index.php\/2025\/07\/03\/balya-yuklu-tir-alev-aldi\/"},"modified":"2025-07-03T19:12:12","modified_gmt":"2025-07-03T16:12:12","slug":"balya-yuklu-tir-alev-aldi","status":"publish","type":"post","link":"https:\/\/kuzeyinsesi.org\/index.php\/2025\/07\/03\/balya-yuklu-tir-alev-aldi\/","title":{"rendered":"Balya y\u00fckl\u00fc t\u0131r alev ald\u0131"},"content":{"rendered":"<div>\n<div class=\"mariselle-image-container center\">\n                                            <\/div>\n<p>Gazima\u011fusa\u2019da Mustafa Kemal Bulvar\u0131 \u00fczerinde seyir halinde bulunan ve arkas\u0131nda balya y\u00fckl\u00fc t\u0131r ara\u00e7ta hen\u00fcz tespit edilemeyen sebepten dolay\u0131 yang\u0131n meydana geldi.<\/p>\n<p>Polisten yap\u0131lan a\u00e7\u0131klama \u015f\u00f6yle:\u00a0<\/p>\n<p>\u201c03.07.2025 tarihinde, saat 17.00 s\u0131ralar\u0131nda, Mustafa Kemal Bulvar\u0131 \u00fczerinde Sema Otel \u00f6nlerinde, seyir halinde bulunan ve arkas\u0131nda balya y\u00fckl\u00fc t\u0131r ara\u00e7ta hen\u00fcz tespit edilemeyen sebepten dolay\u0131 yang\u0131n meydana geldi. Yang\u0131na polis itfaiye ekipleri ile Gazima\u011fusa Belediyesi ve \u00f6zel \u015firketlere ait su tankerleri ile m\u00fcdahale edildi. Yang\u0131n sonucu bahse konu t\u0131r ara\u00e7 ve arkas\u0131nda y\u00fckl\u00fc bulunan balyalar yand\u0131. Alevlerin t\u0131r arac\u0131n yak\u0131n\u0131nda park halinde bulunan UY 261 plakal\u0131 araca sirayet etmesi sonucu da konu ara\u00e7 k\u0131smen yanarak maddi hasar meydana geldi. So\u011futma \u00e7al\u0131\u015fmalar\u0131 devam ediyor.\u201d<\/p>\n<\/p><\/div>\n<p><script async\n                    defer\n                    crossorigin=\"anonymous\"\n                    src=\"https:\/\/connect.facebook.net\/tr_TR\/sdk.js#xfbml=1&#038;version=v3.3\"\n            ><\/script><\/p>\n","protected":false},"excerpt":{"rendered":"<p>Gazima\u011fusa\u2019da Mustafa Kemal Bulvar\u0131 \u00fczerinde seyir halinde bulunan ve arkas\u0131nda balya y\u00fckl\u00fc t\u0131r ara\u00e7ta hen\u00fcz tespit edilemeyen sebepten dolay\u0131 yang\u0131n meydana geldi. Polisten yap\u0131lan a\u00e7\u0131klama \u015f\u00f6yle:\u00a0 \u201c03.07.2025 tarihinde, saat 17.00 s\u0131ralar\u0131nda, Mustafa Kemal Bulvar\u0131 \u00fczerinde Sema Otel \u00f6nlerinde, seyir halinde bulunan ve arkas\u0131nda balya y\u00fckl\u00fc t\u0131r ara\u00e7ta hen\u00fcz tespit edilemeyen sebepten dolay\u0131 yang\u0131n meydana geldi. [&hellip;]<\/p>\n","protected":false},"author":1,"featured_media":27998,"comment_status":"open","ping_status":"open","sticky":false,"template":"","format":"standard","meta":{"jnews-multi-image_gallery":[],"jnews_single_post":[],"jnews_primary_category":[],"jnews_social_meta":[],"jnews_override_counter":[],"footnotes":""},"categories":[1],"tags":[],"class_list":["post-27997","post","type-post","status-publish","format-standard","has-post-thumbnail","hentry","category-kibris"],"yoast_head":"<!-- This site is optimized with the Yoast SEO plugin v27.5 - https:\/\/yoast.com\/product\/yoast-seo-wordpress\/ -->\n<title>Balya y\u00fckl\u00fc t\u0131r alev ald\u0131 - Kuzeyin Sesi<\/title>\n<meta name=\"robots\" content=\"index, follow, max-snippet:-1, max-image-preview:large, max-video-preview:-1\" \/>\n<link rel=\"canonical\" href=\"https:\/\/kuzeyinsesi.org\/index.php\/2025\/07\/03\/balya-yuklu-tir-alev-aldi\/\" \/>\n<meta property=\"og:locale\" content=\"tr_TR\" \/>\n<meta property=\"og:type\" content=\"article\" \/>\n<meta property=\"og:title\" content=\"Balya y\u00fckl\u00fc t\u0131r alev ald\u0131 - Kuzeyin Sesi\" \/>\n<meta property=\"og:description\" content=\"Gazima\u011fusa\u2019da Mustafa Kemal Bulvar\u0131 \u00fczerinde seyir halinde bulunan ve arkas\u0131nda balya y\u00fckl\u00fc t\u0131r ara\u00e7ta hen\u00fcz tespit edilemeyen sebepten dolay\u0131 yang\u0131n meydana geldi. Polisten yap\u0131lan a\u00e7\u0131klama \u015f\u00f6yle:\u00a0 \u201c03.07.2025 tarihinde, saat 17.00 s\u0131ralar\u0131nda, Mustafa Kemal Bulvar\u0131 \u00fczerinde Sema Otel \u00f6nlerinde, seyir halinde bulunan ve arkas\u0131nda balya y\u00fckl\u00fc t\u0131r ara\u00e7ta hen\u00fcz tespit edilemeyen sebepten dolay\u0131 yang\u0131n meydana geldi. [&hellip;]\" \/>\n<meta property=\"og:url\" content=\"https:\/\/kuzeyinsesi.org\/index.php\/2025\/07\/03\/balya-yuklu-tir-alev-aldi\/\" \/>\n<meta property=\"og:site_name\" content=\"Kuzeyin Sesi\" \/>\n<meta property=\"article:publisher\" content=\"https:\/\/www.facebook.com\/kuzeyinsesii\" \/>\n<meta property=\"article:published_time\" content=\"2025-07-03T16:12:12+00:00\" \/>\n<meta property=\"og:image\" content=\"https:\/\/brtk.net\/wp-content\/uploads\/2025\/07\/03\/IMG-20250703-WA0039.jpg?ver=c66ba9d45fd0627ba6b9e9118a6c8a9f\" \/>\n<meta name=\"author\" content=\"Kuzeyin Sesi\" \/>\n<meta name=\"twitter:card\" content=\"summary_large_image\" \/>\n<meta name=\"twitter:creator\" content=\"@kuzeyinsesii\" \/>\n<meta name=\"twitter:site\" content=\"@kuzeyinsesii\" \/>\n<meta name=\"twitter:label1\" content=\"Yazan:\" \/>\n\t<meta name=\"twitter:data1\" content=\"Kuzeyin Sesi\" \/>\n\t<meta name=\"twitter:label2\" content=\"Tahmini okuma s\u00fcresi\" \/>\n\t<meta name=\"twitter:data2\" content=\"1 dakika\" \/>\n<script type=\"application\/ld+json\" class=\"yoast-schema-graph\">{\"@context\":\"https:\\\/\\\/schema.org\",\"@graph\":[{\"@type\":\"Article\",\"@id\":\"https:\\\/\\\/kuzeyinsesi.org\\\/index.php\\\/2025\\\/07\\\/03\\\/balya-yuklu-tir-alev-aldi\\\/#article\",\"isPartOf\":{\"@id\":\"https:\\\/\\\/kuzeyinsesi.org\\\/index.php\\\/2025\\\/07\\\/03\\\/balya-yuklu-tir-alev-aldi\\\/\"},\"author\":{\"name\":\"Kuzeyin Sesi\",\"@id\":\"https:\\\/\\\/kuzeyinsesi.org\\\/#\\\/schema\\\/person\\\/9f859689cdf01485597712386e37f5aa\"},\"headline\":\"Balya y\u00fckl\u00fc t\u0131r alev ald\u0131\",\"datePublished\":\"2025-07-03T16:12:12+00:00\",\"mainEntityOfPage\":{\"@id\":\"https:\\\/\\\/kuzeyinsesi.org\\\/index.php\\\/2025\\\/07\\\/03\\\/balya-yuklu-tir-alev-aldi\\\/\"},\"wordCount\":146,\"commentCount\":0,\"image\":{\"@id\":\"https:\\\/\\\/kuzeyinsesi.org\\\/index.php\\\/2025\\\/07\\\/03\\\/balya-yuklu-tir-alev-aldi\\\/#primaryimage\"},\"thumbnailUrl\":\"https:\\\/\\\/kuzeyinsesi.org\\\/wp-content\\\/uploads\\\/2025\\\/07\\\/IMG-20250703-WA0039.jpg\",\"articleSection\":[\"K\u0131br\u0131s\"],\"inLanguage\":\"tr\",\"potentialAction\":[{\"@type\":\"CommentAction\",\"name\":\"Comment\",\"target\":[\"https:\\\/\\\/kuzeyinsesi.org\\\/index.php\\\/2025\\\/07\\\/03\\\/balya-yuklu-tir-alev-aldi\\\/#respond\"]}]},{\"@type\":\"WebPage\",\"@id\":\"https:\\\/\\\/kuzeyinsesi.org\\\/index.php\\\/2025\\\/07\\\/03\\\/balya-yuklu-tir-alev-aldi\\\/\",\"url\":\"https:\\\/\\\/kuzeyinsesi.org\\\/index.php\\\/2025\\\/07\\\/03\\\/balya-yuklu-tir-alev-aldi\\\/\",\"name\":\"Balya y\u00fckl\u00fc t\u0131r alev ald\u0131 - Kuzeyin Sesi\",\"isPartOf\":{\"@id\":\"https:\\\/\\\/kuzeyinsesi.org\\\/#website\"},\"primaryImageOfPage\":{\"@id\":\"https:\\\/\\\/kuzeyinsesi.org\\\/index.php\\\/2025\\\/07\\\/03\\\/balya-yuklu-tir-alev-aldi\\\/#primaryimage\"},\"image\":{\"@id\":\"https:\\\/\\\/kuzeyinsesi.org\\\/index.php\\\/2025\\\/07\\\/03\\\/balya-yuklu-tir-alev-aldi\\\/#primaryimage\"},\"thumbnailUrl\":\"https:\\\/\\\/kuzeyinsesi.org\\\/wp-content\\\/uploads\\\/2025\\\/07\\\/IMG-20250703-WA0039.jpg\",\"datePublished\":\"2025-07-03T16:12:12+00:00\",\"author\":{\"@id\":\"https:\\\/\\\/kuzeyinsesi.org\\\/#\\\/schema\\\/person\\\/9f859689cdf01485597712386e37f5aa\"},\"breadcrumb\":{\"@id\":\"https:\\\/\\\/kuzeyinsesi.org\\\/index.php\\\/2025\\\/07\\\/03\\\/balya-yuklu-tir-alev-aldi\\\/#breadcrumb\"},\"inLanguage\":\"tr\",\"potentialAction\":[{\"@type\":\"ReadAction\",\"target\":[\"https:\\\/\\\/kuzeyinsesi.org\\\/index.php\\\/2025\\\/07\\\/03\\\/balya-yuklu-tir-alev-aldi\\\/\"]}]},{\"@type\":\"ImageObject\",\"inLanguage\":\"tr\",\"@id\":\"https:\\\/\\\/kuzeyinsesi.org\\\/index.php\\\/2025\\\/07\\\/03\\\/balya-yuklu-tir-alev-aldi\\\/#primaryimage\",\"url\":\"https:\\\/\\\/kuzeyinsesi.org\\\/wp-content\\\/uploads\\\/2025\\\/07\\\/IMG-20250703-WA0039.jpg\",\"contentUrl\":\"https:\\\/\\\/kuzeyinsesi.org\\\/wp-content\\\/uploads\\\/2025\\\/07\\\/IMG-20250703-WA0039.jpg\",\"width\":1920,\"height\":1080},{\"@type\":\"BreadcrumbList\",\"@id\":\"https:\\\/\\\/kuzeyinsesi.org\\\/index.php\\\/2025\\\/07\\\/03\\\/balya-yuklu-tir-alev-aldi\\\/#breadcrumb\",\"itemListElement\":[{\"@type\":\"ListItem\",\"position\":1,\"name\":\"Anasayfa\",\"item\":\"https:\\\/\\\/kuzeyinsesi.org\\\/\"},{\"@type\":\"ListItem\",\"position\":2,\"name\":\"Balya y\u00fckl\u00fc t\u0131r alev ald\u0131\"}]},{\"@type\":\"WebSite\",\"@id\":\"https:\\\/\\\/kuzeyinsesi.org\\\/#website\",\"url\":\"https:\\\/\\\/kuzeyinsesi.org\\\/\",\"name\":\"Kuzeyin Sesi\",\"description\":\"Do\u011fru Haberin Adresi\",\"potentialAction\":[{\"@type\":\"SearchAction\",\"target\":{\"@type\":\"EntryPoint\",\"urlTemplate\":\"https:\\\/\\\/kuzeyinsesi.org\\\/?s={search_term_string}\"},\"query-input\":{\"@type\":\"PropertyValueSpecification\",\"valueRequired\":true,\"valueName\":\"search_term_string\"}}],\"inLanguage\":\"tr\"},{\"@type\":\"Person\",\"@id\":\"https:\\\/\\\/kuzeyinsesi.org\\\/#\\\/schema\\\/person\\\/9f859689cdf01485597712386e37f5aa\",\"name\":\"Kuzeyin Sesi\",\"image\":{\"@type\":\"ImageObject\",\"inLanguage\":\"tr\",\"@id\":\"https:\\\/\\\/secure.gravatar.com\\\/avatar\\\/bab33852abfd8b282518d6ed81826833d77c3c882d9ab608add591ccace47a44?s=96&d=mm&r=g\",\"url\":\"https:\\\/\\\/secure.gravatar.com\\\/avatar\\\/bab33852abfd8b282518d6ed81826833d77c3c882d9ab608add591ccace47a44?s=96&d=mm&r=g\",\"contentUrl\":\"https:\\\/\\\/secure.gravatar.com\\\/avatar\\\/bab33852abfd8b282518d6ed81826833d77c3c882d9ab608add591ccace47a44?s=96&d=mm&r=g\",\"caption\":\"Kuzeyin Sesi\"},\"sameAs\":[\"https:\\\/\\\/kuzeyinsesi.org\"],\"url\":\"https:\\\/\\\/kuzeyinsesi.org\\\/index.php\\\/author\\\/guven\\\/\"}]}<\/script>\n<!-- \/ Yoast SEO plugin. -->","yoast_head_json":{"title":"Balya y\u00fckl\u00fc t\u0131r alev ald\u0131 - Kuzeyin Sesi","robots":{"index":"index","follow":"follow","max-snippet":"max-snippet:-1","max-image-preview":"max-image-preview:large","max-video-preview":"max-video-preview:-1"},"canonical":"https:\/\/kuzeyinsesi.org\/index.php\/2025\/07\/03\/balya-yuklu-tir-alev-aldi\/","og_locale":"tr_TR","og_type":"article","og_title":"Balya y\u00fckl\u00fc t\u0131r alev ald\u0131 - Kuzeyin Sesi","og_description":"Gazima\u011fusa\u2019da Mustafa Kemal Bulvar\u0131 \u00fczerinde seyir halinde bulunan ve arkas\u0131nda balya y\u00fckl\u00fc t\u0131r ara\u00e7ta hen\u00fcz tespit edilemeyen sebepten dolay\u0131 yang\u0131n meydana geldi. Polisten yap\u0131lan a\u00e7\u0131klama \u015f\u00f6yle:\u00a0 \u201c03.07.2025 tarihinde, saat 17.00 s\u0131ralar\u0131nda, Mustafa Kemal Bulvar\u0131 \u00fczerinde Sema Otel \u00f6nlerinde, seyir halinde bulunan ve arkas\u0131nda balya y\u00fckl\u00fc t\u0131r ara\u00e7ta hen\u00fcz tespit edilemeyen sebepten dolay\u0131 yang\u0131n meydana geldi. [&hellip;]","og_url":"https:\/\/kuzeyinsesi.org\/index.php\/2025\/07\/03\/balya-yuklu-tir-alev-aldi\/","og_site_name":"Kuzeyin Sesi","article_publisher":"https:\/\/www.facebook.com\/kuzeyinsesii","article_published_time":"2025-07-03T16:12:12+00:00","og_image":[{"url":"https:\/\/brtk.net\/wp-content\/uploads\/2025\/07\/03\/IMG-20250703-WA0039.jpg?ver=c66ba9d45fd0627ba6b9e9118a6c8a9f","type":"","width":"","height":""}],"author":"Kuzeyin Sesi","twitter_card":"summary_large_image","twitter_creator":"@kuzeyinsesii","twitter_site":"@kuzeyinsesii","twitter_misc":{"Yazan:":"Kuzeyin Sesi","Tahmini okuma s\u00fcresi":"1 dakika"},"schema":{"@context":"https:\/\/schema.org","@graph":[{"@type":"Article","@id":"https:\/\/kuzeyinsesi.org\/index.php\/2025\/07\/03\/balya-yuklu-tir-alev-aldi\/#article","isPartOf":{"@id":"https:\/\/kuzeyinsesi.org\/index.php\/2025\/07\/03\/balya-yuklu-tir-alev-aldi\/"},"author":{"name":"Kuzeyin Sesi","@id":"https:\/\/kuzeyinsesi.org\/#\/schema\/person\/9f859689cdf01485597712386e37f5aa"},"headline":"Balya y\u00fckl\u00fc t\u0131r alev ald\u0131","datePublished":"2025-07-03T16:12:12+00:00","mainEntityOfPage":{"@id":"https:\/\/kuzeyinsesi.org\/index.php\/2025\/07\/03\/balya-yuklu-tir-alev-aldi\/"},"wordCount":146,"commentCount":0,"image":{"@id":"https:\/\/kuzeyinsesi.org\/index.php\/2025\/07\/03\/balya-yuklu-tir-alev-aldi\/#primaryimage"},"thumbnailUrl":"https:\/\/kuzeyinsesi.org\/wp-content\/uploads\/2025\/07\/IMG-20250703-WA0039.jpg","articleSection":["K\u0131br\u0131s"],"inLanguage":"tr","potentialAction":[{"@type":"CommentAction","name":"Comment","target":["https:\/\/kuzeyinsesi.org\/index.php\/2025\/07\/03\/balya-yuklu-tir-alev-aldi\/#respond"]}]},{"@type":"WebPage","@id":"https:\/\/kuzeyinsesi.org\/index.php\/2025\/07\/03\/balya-yuklu-tir-alev-aldi\/","url":"https:\/\/kuzeyinsesi.org\/index.php\/2025\/07\/03\/balya-yuklu-tir-alev-aldi\/","name":"Balya y\u00fckl\u00fc t\u0131r alev ald\u0131 - Kuzeyin Sesi","isPartOf":{"@id":"https:\/\/kuzeyinsesi.org\/#website"},"primaryImageOfPage":{"@id":"https:\/\/kuzeyinsesi.org\/index.php\/2025\/07\/03\/balya-yuklu-tir-alev-aldi\/#primaryimage"},"image":{"@id":"https:\/\/kuzeyinsesi.org\/index.php\/2025\/07\/03\/balya-yuklu-tir-alev-aldi\/#primaryimage"},"thumbnailUrl":"https:\/\/kuzeyinsesi.org\/wp-content\/uploads\/2025\/07\/IMG-20250703-WA0039.jpg","datePublished":"2025-07-03T16:12:12+00:00","author":{"@id":"https:\/\/kuzeyinsesi.org\/#\/schema\/person\/9f859689cdf01485597712386e37f5aa"},"breadcrumb":{"@id":"https:\/\/kuzeyinsesi.org\/index.php\/2025\/07\/03\/balya-yuklu-tir-alev-aldi\/#breadcrumb"},"inLanguage":"tr","potentialAction":[{"@type":"ReadAction","target":["https:\/\/kuzeyinsesi.org\/index.php\/2025\/07\/03\/balya-yuklu-tir-alev-aldi\/"]}]},{"@type":"ImageObject","inLanguage":"tr","@id":"https:\/\/kuzeyinsesi.org\/index.php\/2025\/07\/03\/balya-yuklu-tir-alev-aldi\/#primaryimage","url":"https:\/\/kuzeyinsesi.org\/wp-content\/uploads\/2025\/07\/IMG-20250703-WA0039.jpg","contentUrl":"https:\/\/kuzeyinsesi.org\/wp-content\/uploads\/2025\/07\/IMG-20250703-WA0039.jpg","width":1920,"height":1080},{"@type":"BreadcrumbList","@id":"https:\/\/kuzeyinsesi.org\/index.php\/2025\/07\/03\/balya-yuklu-tir-alev-aldi\/#breadcrumb","itemListElement":[{"@type":"ListItem","position":1,"name":"Anasayfa","item":"https:\/\/kuzeyinsesi.org\/"},{"@type":"ListItem","position":2,"name":"Balya y\u00fckl\u00fc t\u0131r alev ald\u0131"}]},{"@type":"WebSite","@id":"https:\/\/kuzeyinsesi.org\/#website","url":"https:\/\/kuzeyinsesi.org\/","name":"Kuzeyin Sesi","description":"Do\u011fru Haberin Adresi","potentialAction":[{"@type":"SearchAction","target":{"@type":"EntryPoint","urlTemplate":"https:\/\/kuzeyinsesi.org\/?s={search_term_string}"},"query-input":{"@type":"PropertyValueSpecification","valueRequired":true,"valueName":"search_term_string"}}],"inLanguage":"tr"},{"@type":"Person","@id":"https:\/\/kuzeyinsesi.org\/#\/schema\/person\/9f859689cdf01485597712386e37f5aa","name":"Kuzeyin Sesi","image":{"@type":"ImageObject","inLanguage":"tr","@id":"https:\/\/secure.gravatar.com\/avatar\/bab33852abfd8b282518d6ed81826833d77c3c882d9ab608add591ccace47a44?s=96&d=mm&r=g","url":"https:\/\/secure.gravatar.com\/avatar\/bab33852abfd8b282518d6ed81826833d77c3c882d9ab608add591ccace47a44?s=96&d=mm&r=g","contentUrl":"https:\/\/secure.gravatar.com\/avatar\/bab33852abfd8b282518d6ed81826833d77c3c882d9ab608add591ccace47a44?s=96&d=mm&r=g","caption":"Kuzeyin Sesi"},"sameAs":["https:\/\/kuzeyinsesi.org"],"url":"https:\/\/kuzeyinsesi.org\/index.php\/author\/guven\/"}]}},"_links":{"self":[{"href":"https:\/\/kuzeyinsesi.org\/index.php\/wp-json\/wp\/v2\/posts\/27997","targetHints":{"allow":["GET"]}}],"collection":[{"href":"https:\/\/kuzeyinsesi.org\/index.php\/wp-json\/wp\/v2\/posts"}],"about":[{"href":"https:\/\/kuzeyinsesi.org\/index.php\/wp-json\/wp\/v2\/types\/post"}],"author":[{"embeddable":true,"href":"https:\/\/kuzeyinsesi.org\/index.php\/wp-json\/wp\/v2\/users\/1"}],"replies":[{"embeddable":true,"href":"https:\/\/kuzeyinsesi.org\/index.php\/wp-json\/wp\/v2\/comments?post=27997"}],"version-history":[{"count":0,"href":"https:\/\/kuzeyinsesi.org\/index.php\/wp-json\/wp\/v2\/posts\/27997\/revisions"}],"wp:featuredmedia":[{"embeddable":true,"href":"https:\/\/kuzeyinsesi.org\/index.php\/wp-json\/wp\/v2\/media\/27998"}],"wp:attachment":[{"href":"https:\/\/kuzeyinsesi.org\/index.php\/wp-json\/wp\/v2\/media?parent=27997"}],"wp:term":[{"taxonomy":"category","embeddable":true,"href":"https:\/\/kuzeyinsesi.org\/index.php\/wp-json\/wp\/v2\/categories?post=27997"},{"taxonomy":"post_tag","embeddable":true,"href":"https:\/\/kuzeyinsesi.org\/index.php\/wp-json\/wp\/v2\/tags?post=27997"}],"curies":[{"name":"wp","href":"https:\/\/api.w.org\/{rel}","templated":true}]}}