{"id":27960,"date":"2025-06-27T22:08:42","date_gmt":"2025-06-27T19:08:42","guid":{"rendered":"https:\/\/kuzeyinsesi.org\/index.php\/2025\/06\/27\/kibris-turk-tabipleri-birligi-nden-genis-kapsamli-cevre-sempozyumu\/"},"modified":"2025-06-27T22:08:42","modified_gmt":"2025-06-27T19:08:42","slug":"kibris-turk-tabipleri-birligi-nden-genis-kapsamli-cevre-sempozyumu","status":"publish","type":"post","link":"https:\/\/kuzeyinsesi.org\/index.php\/2025\/06\/27\/kibris-turk-tabipleri-birligi-nden-genis-kapsamli-cevre-sempozyumu\/","title":{"rendered":"K\u0131br\u0131s T\u00fcrk Tabipleri Birli\u011fi \u2018nden geni\u015f kapsaml\u0131 \u201c\u00c7evre Sempozyumu\u201d"},"content":{"rendered":"<div>\n<div class=\"mariselle-image-container center\">\n                                            <\/div>\n<p>K\u0131br\u0131s T\u00fcrk Tabipleri Birli\u011fi organizasyonuyla geni\u015f kapsaml\u0131 \u201c\u00c7evre Sempozyumu\u201d ba\u015flad\u0131. <\/p>\n<p>\u201cYeni bir g\u00fcn ama kirli bir ba\u015flang\u0131\u00e7\u201d ana temas\u0131 ile d\u00fczenlenen sempozyum K\u0131br\u0131s T\u00fcrk Tabipleri Birli\u011fi Dr. Mustafa Hami Konferans Salonu\u2019nda yer al\u0131yor.<\/p>\n<p>Yar\u0131n da devam edecek sempozyumda T\u00fcrkiye ve Kuzey K\u0131br\u0131s\u2019tan \u00e7ok say\u0131da akademisyen kat\u0131l\u0131m g\u00f6sterirken \u00e7evre sorunlar\u0131 ve halk sa\u011fl\u0131\u011f\u0131 ele al\u0131n\u0131yor.<\/p>\n<div class=\"mariselle-image-container center\">\n                <img decoding=\"async\" width=\"1920\" height=\"1088\" class=\"lazy-image\" alt=\"\" sizes=\"(max-width: 1920px) 100vw, 1920px\" src=\"https:\/\/brtk.net\/wp-content\/uploads\/2025\/06\/27\/vlcsnap-2025-06-27-22h03m00s592.png?ver=4aefd5c43082af0e41d0133fbf5c186c\" srcset=\"https:\/\/brtk.net\/wp-content\/uploads\/2025\/06\/27\/vlcsnap-2025-06-27-22h03m00s592.png?ver=4aefd5c43082af0e41d0133fbf5c186c 1920w, https:\/\/brtk.net\/wp-content\/uploads\/2025\/06\/27\/vlcsnap-2025-06-27-22h03m00s592-300x170.png?ver=4aefd5c43082af0e41d0133fbf5c186c 300w, https:\/\/brtk.net\/wp-content\/uploads\/2025\/06\/27\/vlcsnap-2025-06-27-22h03m00s592-1024x580.png?ver=9955ab54cdb40c76a1c33d083fcaf1f7 1024w, https:\/\/brtk.net\/wp-content\/uploads\/2025\/06\/27\/vlcsnap-2025-06-27-22h03m00s592-768x435.png?ver=18ca35ea94ddf5431f18e509316c2250 768w, https:\/\/brtk.net\/wp-content\/uploads\/2025\/06\/27\/vlcsnap-2025-06-27-22h03m00s592-1536x870.png?ver=7889f7daf4ef2dcc42598a258e73a215 1536w\"\/>                            <\/div>\n<p>Sempozyumun a\u00e7\u0131l\u0131\u015f\u0131nda konu\u015fan  K\u0131br\u0131s T\u00fcrk Tabipler Birli\u011fi Halk Sa\u011fl\u0131\u011f\u0131, \u00c7evre ve \u0130nsan Haklar\u0131 Sorumlusu Cemal Mert, \u00e7evre politikalar\u0131 ve bilincinin art\u0131r\u0131lmas\u0131n\u0131n, halk\u0131n talepleriyle m\u00fcmk\u00fcn olaca\u011f\u0131na dikkat \u00e7ekerek, herkesi konuya duyarl\u0131 olmaya davet etti.<\/p>\n<p>Mert, \u201cK\u0131br\u0131s T\u00fcrk tabipler birli\u011fi olarak yasada bize verilen en \u00f6nemli g\u00f6rev halk sa\u011fl\u0131\u011f\u0131 \u00e7evre sa\u011fl\u0131\u011f\u0131 konusunda proje yaratmak kamu kurum ve kurulu\u015flar\u0131n\u0131 uyarmak ve onlarla birlikte \u00e7al\u0131\u015fmakt\u0131r.\u201d Dedi. <\/p>\n<p>Mert, sempozyumda ele al\u0131nacak konu ba\u015fl\u0131klar\u0131na da de\u011finerek, \u00e7evresel ve halk sa\u011fl\u0131\u011f\u0131n\u0131 tehdit eden unsurlar konusunda at\u0131lmas\u0131 gereken ad\u0131mlara dikkati \u00e7ekti.<\/p>\n<p>Birlik Ba\u015fkan\u0131 Ba\u015fkan\u0131 Ceyhun Dalkan ise \u00e7evre sa\u011fl\u0131\u011f\u0131, insan sa\u011fl\u0131\u011f\u0131n\u0131n temelidir ancak bu temel k\u00f6t\u00fcye gitmektedir\u201d diyerek, solunum yolu hastal\u0131klar\u0131nda, \u00e7ocuklarda geli\u015fim sorunlar\u0131nda ve baz\u0131 kanser t\u00fcrlerinde \u00e7evresel etkilerin rol\u00fcne dikkat \u00e7ekti.<\/p>\n<p>Dalkan, \u201c Hastalar\u0131m\u0131zda solunum yolu hastal\u0131klar\u0131n\u0131 daha s\u0131k g\u00f6rmeye ba\u015flad\u0131k\u2026 \u00c7ocuklar\u0131m\u0131zda \u00e7evresel sorunlara ba\u011fl\u0131 hastal\u0131klar artmaktad\u0131r, bebeklerin anne karn\u0131ndaki geli\u015fimini olumsuz etkilemektedir\u2026\u201d diye konu\u015ftu.<\/p>\n<\/p><\/div>\n<p><script async\n                    defer\n                    crossorigin=\"anonymous\"\n                    src=\"https:\/\/connect.facebook.net\/tr_TR\/sdk.js#xfbml=1&#038;version=v3.3\"\n            ><\/script><\/p>\n","protected":false},"excerpt":{"rendered":"<p>K\u0131br\u0131s T\u00fcrk Tabipleri Birli\u011fi organizasyonuyla geni\u015f kapsaml\u0131 \u201c\u00c7evre Sempozyumu\u201d ba\u015flad\u0131. \u201cYeni bir g\u00fcn ama kirli bir ba\u015flang\u0131\u00e7\u201d ana temas\u0131 ile d\u00fczenlenen sempozyum K\u0131br\u0131s T\u00fcrk Tabipleri Birli\u011fi Dr. Mustafa Hami Konferans Salonu\u2019nda yer al\u0131yor. Yar\u0131n da devam edecek sempozyumda T\u00fcrkiye ve Kuzey K\u0131br\u0131s\u2019tan \u00e7ok say\u0131da akademisyen kat\u0131l\u0131m g\u00f6sterirken \u00e7evre sorunlar\u0131 ve halk sa\u011fl\u0131\u011f\u0131 ele al\u0131n\u0131yor. Sempozyumun [&hellip;]<\/p>\n","protected":false},"author":1,"featured_media":27961,"comment_status":"open","ping_status":"open","sticky":false,"template":"","format":"standard","meta":{"jnews-multi-image_gallery":[],"jnews_single_post":[],"jnews_primary_category":[],"jnews_social_meta":[],"jnews_override_counter":[],"footnotes":""},"categories":[1],"tags":[],"class_list":["post-27960","post","type-post","status-publish","format-standard","has-post-thumbnail","hentry","category-kibris"],"yoast_head":"<!-- This site is optimized with the Yoast SEO plugin v27.5 - https:\/\/yoast.com\/product\/yoast-seo-wordpress\/ -->\n<title>K\u0131br\u0131s T\u00fcrk Tabipleri Birli\u011fi \u2018nden geni\u015f kapsaml\u0131 \u201c\u00c7evre Sempozyumu\u201d - Kuzeyin Sesi<\/title>\n<meta name=\"robots\" content=\"index, follow, max-snippet:-1, max-image-preview:large, max-video-preview:-1\" \/>\n<link rel=\"canonical\" href=\"https:\/\/kuzeyinsesi.org\/index.php\/2025\/06\/27\/kibris-turk-tabipleri-birligi-nden-genis-kapsamli-cevre-sempozyumu\/\" \/>\n<meta property=\"og:locale\" content=\"tr_TR\" \/>\n<meta property=\"og:type\" content=\"article\" \/>\n<meta property=\"og:title\" content=\"K\u0131br\u0131s T\u00fcrk Tabipleri Birli\u011fi \u2018nden geni\u015f kapsaml\u0131 \u201c\u00c7evre Sempozyumu\u201d - Kuzeyin Sesi\" \/>\n<meta property=\"og:description\" content=\"K\u0131br\u0131s T\u00fcrk Tabipleri Birli\u011fi organizasyonuyla geni\u015f kapsaml\u0131 \u201c\u00c7evre Sempozyumu\u201d ba\u015flad\u0131. \u201cYeni bir g\u00fcn ama kirli bir ba\u015flang\u0131\u00e7\u201d ana temas\u0131 ile d\u00fczenlenen sempozyum K\u0131br\u0131s T\u00fcrk Tabipleri Birli\u011fi Dr. Mustafa Hami Konferans Salonu\u2019nda yer al\u0131yor. Yar\u0131n da devam edecek sempozyumda T\u00fcrkiye ve Kuzey K\u0131br\u0131s\u2019tan \u00e7ok say\u0131da akademisyen kat\u0131l\u0131m g\u00f6sterirken \u00e7evre sorunlar\u0131 ve halk sa\u011fl\u0131\u011f\u0131 ele al\u0131n\u0131yor. Sempozyumun [&hellip;]\" \/>\n<meta property=\"og:url\" content=\"https:\/\/kuzeyinsesi.org\/index.php\/2025\/06\/27\/kibris-turk-tabipleri-birligi-nden-genis-kapsamli-cevre-sempozyumu\/\" \/>\n<meta property=\"og:site_name\" content=\"Kuzeyin Sesi\" \/>\n<meta property=\"article:publisher\" content=\"https:\/\/www.facebook.com\/kuzeyinsesii\" \/>\n<meta property=\"article:published_time\" content=\"2025-06-27T19:08:42+00:00\" \/>\n<meta property=\"og:image\" content=\"https:\/\/brtk.net\/wp-content\/uploads\/2025\/06\/27\/vlcsnap-2025-06-27-22h02m46s763.png?ver=d56c60ca0366af8fc91de01a4c7ebf0f\" \/>\n<meta name=\"author\" content=\"Kuzeyin Sesi\" \/>\n<meta name=\"twitter:card\" content=\"summary_large_image\" \/>\n<meta name=\"twitter:creator\" content=\"@kuzeyinsesii\" \/>\n<meta name=\"twitter:site\" content=\"@kuzeyinsesii\" \/>\n<meta name=\"twitter:label1\" content=\"Yazan:\" \/>\n\t<meta name=\"twitter:data1\" content=\"Kuzeyin Sesi\" \/>\n\t<meta name=\"twitter:label2\" content=\"Tahmini okuma s\u00fcresi\" \/>\n\t<meta name=\"twitter:data2\" content=\"1 dakika\" \/>\n<script type=\"application\/ld+json\" class=\"yoast-schema-graph\">{\"@context\":\"https:\\\/\\\/schema.org\",\"@graph\":[{\"@type\":\"Article\",\"@id\":\"https:\\\/\\\/kuzeyinsesi.org\\\/index.php\\\/2025\\\/06\\\/27\\\/kibris-turk-tabipleri-birligi-nden-genis-kapsamli-cevre-sempozyumu\\\/#article\",\"isPartOf\":{\"@id\":\"https:\\\/\\\/kuzeyinsesi.org\\\/index.php\\\/2025\\\/06\\\/27\\\/kibris-turk-tabipleri-birligi-nden-genis-kapsamli-cevre-sempozyumu\\\/\"},\"author\":{\"name\":\"Kuzeyin Sesi\",\"@id\":\"https:\\\/\\\/kuzeyinsesi.org\\\/#\\\/schema\\\/person\\\/9f859689cdf01485597712386e37f5aa\"},\"headline\":\"K\u0131br\u0131s T\u00fcrk Tabipleri Birli\u011fi \u2018nden geni\u015f kapsaml\u0131 \u201c\u00c7evre Sempozyumu\u201d\",\"datePublished\":\"2025-06-27T19:08:42+00:00\",\"mainEntityOfPage\":{\"@id\":\"https:\\\/\\\/kuzeyinsesi.org\\\/index.php\\\/2025\\\/06\\\/27\\\/kibris-turk-tabipleri-birligi-nden-genis-kapsamli-cevre-sempozyumu\\\/\"},\"wordCount\":297,\"commentCount\":0,\"image\":{\"@id\":\"https:\\\/\\\/kuzeyinsesi.org\\\/index.php\\\/2025\\\/06\\\/27\\\/kibris-turk-tabipleri-birligi-nden-genis-kapsamli-cevre-sempozyumu\\\/#primaryimage\"},\"thumbnailUrl\":\"https:\\\/\\\/kuzeyinsesi.org\\\/wp-content\\\/uploads\\\/2025\\\/06\\\/vlcsnap-2025-06-27-22h03m00s592.png\",\"articleSection\":[\"K\u0131br\u0131s\"],\"inLanguage\":\"tr\",\"potentialAction\":[{\"@type\":\"CommentAction\",\"name\":\"Comment\",\"target\":[\"https:\\\/\\\/kuzeyinsesi.org\\\/index.php\\\/2025\\\/06\\\/27\\\/kibris-turk-tabipleri-birligi-nden-genis-kapsamli-cevre-sempozyumu\\\/#respond\"]}]},{\"@type\":\"WebPage\",\"@id\":\"https:\\\/\\\/kuzeyinsesi.org\\\/index.php\\\/2025\\\/06\\\/27\\\/kibris-turk-tabipleri-birligi-nden-genis-kapsamli-cevre-sempozyumu\\\/\",\"url\":\"https:\\\/\\\/kuzeyinsesi.org\\\/index.php\\\/2025\\\/06\\\/27\\\/kibris-turk-tabipleri-birligi-nden-genis-kapsamli-cevre-sempozyumu\\\/\",\"name\":\"K\u0131br\u0131s T\u00fcrk Tabipleri Birli\u011fi \u2018nden geni\u015f kapsaml\u0131 \u201c\u00c7evre Sempozyumu\u201d - Kuzeyin Sesi\",\"isPartOf\":{\"@id\":\"https:\\\/\\\/kuzeyinsesi.org\\\/#website\"},\"primaryImageOfPage\":{\"@id\":\"https:\\\/\\\/kuzeyinsesi.org\\\/index.php\\\/2025\\\/06\\\/27\\\/kibris-turk-tabipleri-birligi-nden-genis-kapsamli-cevre-sempozyumu\\\/#primaryimage\"},\"image\":{\"@id\":\"https:\\\/\\\/kuzeyinsesi.org\\\/index.php\\\/2025\\\/06\\\/27\\\/kibris-turk-tabipleri-birligi-nden-genis-kapsamli-cevre-sempozyumu\\\/#primaryimage\"},\"thumbnailUrl\":\"https:\\\/\\\/kuzeyinsesi.org\\\/wp-content\\\/uploads\\\/2025\\\/06\\\/vlcsnap-2025-06-27-22h03m00s592.png\",\"datePublished\":\"2025-06-27T19:08:42+00:00\",\"author\":{\"@id\":\"https:\\\/\\\/kuzeyinsesi.org\\\/#\\\/schema\\\/person\\\/9f859689cdf01485597712386e37f5aa\"},\"breadcrumb\":{\"@id\":\"https:\\\/\\\/kuzeyinsesi.org\\\/index.php\\\/2025\\\/06\\\/27\\\/kibris-turk-tabipleri-birligi-nden-genis-kapsamli-cevre-sempozyumu\\\/#breadcrumb\"},\"inLanguage\":\"tr\",\"potentialAction\":[{\"@type\":\"ReadAction\",\"target\":[\"https:\\\/\\\/kuzeyinsesi.org\\\/index.php\\\/2025\\\/06\\\/27\\\/kibris-turk-tabipleri-birligi-nden-genis-kapsamli-cevre-sempozyumu\\\/\"]}]},{\"@type\":\"ImageObject\",\"inLanguage\":\"tr\",\"@id\":\"https:\\\/\\\/kuzeyinsesi.org\\\/index.php\\\/2025\\\/06\\\/27\\\/kibris-turk-tabipleri-birligi-nden-genis-kapsamli-cevre-sempozyumu\\\/#primaryimage\",\"url\":\"https:\\\/\\\/kuzeyinsesi.org\\\/wp-content\\\/uploads\\\/2025\\\/06\\\/vlcsnap-2025-06-27-22h03m00s592.png\",\"contentUrl\":\"https:\\\/\\\/kuzeyinsesi.org\\\/wp-content\\\/uploads\\\/2025\\\/06\\\/vlcsnap-2025-06-27-22h03m00s592.png\",\"width\":1920,\"height\":1088},{\"@type\":\"BreadcrumbList\",\"@id\":\"https:\\\/\\\/kuzeyinsesi.org\\\/index.php\\\/2025\\\/06\\\/27\\\/kibris-turk-tabipleri-birligi-nden-genis-kapsamli-cevre-sempozyumu\\\/#breadcrumb\",\"itemListElement\":[{\"@type\":\"ListItem\",\"position\":1,\"name\":\"Anasayfa\",\"item\":\"https:\\\/\\\/kuzeyinsesi.org\\\/\"},{\"@type\":\"ListItem\",\"position\":2,\"name\":\"K\u0131br\u0131s T\u00fcrk Tabipleri Birli\u011fi \u2018nden geni\u015f kapsaml\u0131 \u201c\u00c7evre Sempozyumu\u201d\"}]},{\"@type\":\"WebSite\",\"@id\":\"https:\\\/\\\/kuzeyinsesi.org\\\/#website\",\"url\":\"https:\\\/\\\/kuzeyinsesi.org\\\/\",\"name\":\"Kuzeyin Sesi\",\"description\":\"Do\u011fru Haberin Adresi\",\"potentialAction\":[{\"@type\":\"SearchAction\",\"target\":{\"@type\":\"EntryPoint\",\"urlTemplate\":\"https:\\\/\\\/kuzeyinsesi.org\\\/?s={search_term_string}\"},\"query-input\":{\"@type\":\"PropertyValueSpecification\",\"valueRequired\":true,\"valueName\":\"search_term_string\"}}],\"inLanguage\":\"tr\"},{\"@type\":\"Person\",\"@id\":\"https:\\\/\\\/kuzeyinsesi.org\\\/#\\\/schema\\\/person\\\/9f859689cdf01485597712386e37f5aa\",\"name\":\"Kuzeyin Sesi\",\"image\":{\"@type\":\"ImageObject\",\"inLanguage\":\"tr\",\"@id\":\"https:\\\/\\\/secure.gravatar.com\\\/avatar\\\/bab33852abfd8b282518d6ed81826833d77c3c882d9ab608add591ccace47a44?s=96&d=mm&r=g\",\"url\":\"https:\\\/\\\/secure.gravatar.com\\\/avatar\\\/bab33852abfd8b282518d6ed81826833d77c3c882d9ab608add591ccace47a44?s=96&d=mm&r=g\",\"contentUrl\":\"https:\\\/\\\/secure.gravatar.com\\\/avatar\\\/bab33852abfd8b282518d6ed81826833d77c3c882d9ab608add591ccace47a44?s=96&d=mm&r=g\",\"caption\":\"Kuzeyin Sesi\"},\"sameAs\":[\"https:\\\/\\\/kuzeyinsesi.org\"],\"url\":\"https:\\\/\\\/kuzeyinsesi.org\\\/index.php\\\/author\\\/guven\\\/\"}]}<\/script>\n<!-- \/ Yoast SEO plugin. -->","yoast_head_json":{"title":"K\u0131br\u0131s T\u00fcrk Tabipleri Birli\u011fi \u2018nden geni\u015f kapsaml\u0131 \u201c\u00c7evre Sempozyumu\u201d - Kuzeyin Sesi","robots":{"index":"index","follow":"follow","max-snippet":"max-snippet:-1","max-image-preview":"max-image-preview:large","max-video-preview":"max-video-preview:-1"},"canonical":"https:\/\/kuzeyinsesi.org\/index.php\/2025\/06\/27\/kibris-turk-tabipleri-birligi-nden-genis-kapsamli-cevre-sempozyumu\/","og_locale":"tr_TR","og_type":"article","og_title":"K\u0131br\u0131s T\u00fcrk Tabipleri Birli\u011fi \u2018nden geni\u015f kapsaml\u0131 \u201c\u00c7evre Sempozyumu\u201d - Kuzeyin Sesi","og_description":"K\u0131br\u0131s T\u00fcrk Tabipleri Birli\u011fi organizasyonuyla geni\u015f kapsaml\u0131 \u201c\u00c7evre Sempozyumu\u201d ba\u015flad\u0131. \u201cYeni bir g\u00fcn ama kirli bir ba\u015flang\u0131\u00e7\u201d ana temas\u0131 ile d\u00fczenlenen sempozyum K\u0131br\u0131s T\u00fcrk Tabipleri Birli\u011fi Dr. Mustafa Hami Konferans Salonu\u2019nda yer al\u0131yor. Yar\u0131n da devam edecek sempozyumda T\u00fcrkiye ve Kuzey K\u0131br\u0131s\u2019tan \u00e7ok say\u0131da akademisyen kat\u0131l\u0131m g\u00f6sterirken \u00e7evre sorunlar\u0131 ve halk sa\u011fl\u0131\u011f\u0131 ele al\u0131n\u0131yor. Sempozyumun [&hellip;]","og_url":"https:\/\/kuzeyinsesi.org\/index.php\/2025\/06\/27\/kibris-turk-tabipleri-birligi-nden-genis-kapsamli-cevre-sempozyumu\/","og_site_name":"Kuzeyin Sesi","article_publisher":"https:\/\/www.facebook.com\/kuzeyinsesii","article_published_time":"2025-06-27T19:08:42+00:00","og_image":[{"url":"https:\/\/brtk.net\/wp-content\/uploads\/2025\/06\/27\/vlcsnap-2025-06-27-22h02m46s763.png?ver=d56c60ca0366af8fc91de01a4c7ebf0f","type":"","width":"","height":""}],"author":"Kuzeyin Sesi","twitter_card":"summary_large_image","twitter_creator":"@kuzeyinsesii","twitter_site":"@kuzeyinsesii","twitter_misc":{"Yazan:":"Kuzeyin Sesi","Tahmini okuma s\u00fcresi":"1 dakika"},"schema":{"@context":"https:\/\/schema.org","@graph":[{"@type":"Article","@id":"https:\/\/kuzeyinsesi.org\/index.php\/2025\/06\/27\/kibris-turk-tabipleri-birligi-nden-genis-kapsamli-cevre-sempozyumu\/#article","isPartOf":{"@id":"https:\/\/kuzeyinsesi.org\/index.php\/2025\/06\/27\/kibris-turk-tabipleri-birligi-nden-genis-kapsamli-cevre-sempozyumu\/"},"author":{"name":"Kuzeyin Sesi","@id":"https:\/\/kuzeyinsesi.org\/#\/schema\/person\/9f859689cdf01485597712386e37f5aa"},"headline":"K\u0131br\u0131s T\u00fcrk Tabipleri Birli\u011fi \u2018nden geni\u015f kapsaml\u0131 \u201c\u00c7evre Sempozyumu\u201d","datePublished":"2025-06-27T19:08:42+00:00","mainEntityOfPage":{"@id":"https:\/\/kuzeyinsesi.org\/index.php\/2025\/06\/27\/kibris-turk-tabipleri-birligi-nden-genis-kapsamli-cevre-sempozyumu\/"},"wordCount":297,"commentCount":0,"image":{"@id":"https:\/\/kuzeyinsesi.org\/index.php\/2025\/06\/27\/kibris-turk-tabipleri-birligi-nden-genis-kapsamli-cevre-sempozyumu\/#primaryimage"},"thumbnailUrl":"https:\/\/kuzeyinsesi.org\/wp-content\/uploads\/2025\/06\/vlcsnap-2025-06-27-22h03m00s592.png","articleSection":["K\u0131br\u0131s"],"inLanguage":"tr","potentialAction":[{"@type":"CommentAction","name":"Comment","target":["https:\/\/kuzeyinsesi.org\/index.php\/2025\/06\/27\/kibris-turk-tabipleri-birligi-nden-genis-kapsamli-cevre-sempozyumu\/#respond"]}]},{"@type":"WebPage","@id":"https:\/\/kuzeyinsesi.org\/index.php\/2025\/06\/27\/kibris-turk-tabipleri-birligi-nden-genis-kapsamli-cevre-sempozyumu\/","url":"https:\/\/kuzeyinsesi.org\/index.php\/2025\/06\/27\/kibris-turk-tabipleri-birligi-nden-genis-kapsamli-cevre-sempozyumu\/","name":"K\u0131br\u0131s T\u00fcrk Tabipleri Birli\u011fi \u2018nden geni\u015f kapsaml\u0131 \u201c\u00c7evre Sempozyumu\u201d - Kuzeyin Sesi","isPartOf":{"@id":"https:\/\/kuzeyinsesi.org\/#website"},"primaryImageOfPage":{"@id":"https:\/\/kuzeyinsesi.org\/index.php\/2025\/06\/27\/kibris-turk-tabipleri-birligi-nden-genis-kapsamli-cevre-sempozyumu\/#primaryimage"},"image":{"@id":"https:\/\/kuzeyinsesi.org\/index.php\/2025\/06\/27\/kibris-turk-tabipleri-birligi-nden-genis-kapsamli-cevre-sempozyumu\/#primaryimage"},"thumbnailUrl":"https:\/\/kuzeyinsesi.org\/wp-content\/uploads\/2025\/06\/vlcsnap-2025-06-27-22h03m00s592.png","datePublished":"2025-06-27T19:08:42+00:00","author":{"@id":"https:\/\/kuzeyinsesi.org\/#\/schema\/person\/9f859689cdf01485597712386e37f5aa"},"breadcrumb":{"@id":"https:\/\/kuzeyinsesi.org\/index.php\/2025\/06\/27\/kibris-turk-tabipleri-birligi-nden-genis-kapsamli-cevre-sempozyumu\/#breadcrumb"},"inLanguage":"tr","potentialAction":[{"@type":"ReadAction","target":["https:\/\/kuzeyinsesi.org\/index.php\/2025\/06\/27\/kibris-turk-tabipleri-birligi-nden-genis-kapsamli-cevre-sempozyumu\/"]}]},{"@type":"ImageObject","inLanguage":"tr","@id":"https:\/\/kuzeyinsesi.org\/index.php\/2025\/06\/27\/kibris-turk-tabipleri-birligi-nden-genis-kapsamli-cevre-sempozyumu\/#primaryimage","url":"https:\/\/kuzeyinsesi.org\/wp-content\/uploads\/2025\/06\/vlcsnap-2025-06-27-22h03m00s592.png","contentUrl":"https:\/\/kuzeyinsesi.org\/wp-content\/uploads\/2025\/06\/vlcsnap-2025-06-27-22h03m00s592.png","width":1920,"height":1088},{"@type":"BreadcrumbList","@id":"https:\/\/kuzeyinsesi.org\/index.php\/2025\/06\/27\/kibris-turk-tabipleri-birligi-nden-genis-kapsamli-cevre-sempozyumu\/#breadcrumb","itemListElement":[{"@type":"ListItem","position":1,"name":"Anasayfa","item":"https:\/\/kuzeyinsesi.org\/"},{"@type":"ListItem","position":2,"name":"K\u0131br\u0131s T\u00fcrk Tabipleri Birli\u011fi \u2018nden geni\u015f kapsaml\u0131 \u201c\u00c7evre Sempozyumu\u201d"}]},{"@type":"WebSite","@id":"https:\/\/kuzeyinsesi.org\/#website","url":"https:\/\/kuzeyinsesi.org\/","name":"Kuzeyin Sesi","description":"Do\u011fru Haberin Adresi","potentialAction":[{"@type":"SearchAction","target":{"@type":"EntryPoint","urlTemplate":"https:\/\/kuzeyinsesi.org\/?s={search_term_string}"},"query-input":{"@type":"PropertyValueSpecification","valueRequired":true,"valueName":"search_term_string"}}],"inLanguage":"tr"},{"@type":"Person","@id":"https:\/\/kuzeyinsesi.org\/#\/schema\/person\/9f859689cdf01485597712386e37f5aa","name":"Kuzeyin Sesi","image":{"@type":"ImageObject","inLanguage":"tr","@id":"https:\/\/secure.gravatar.com\/avatar\/bab33852abfd8b282518d6ed81826833d77c3c882d9ab608add591ccace47a44?s=96&d=mm&r=g","url":"https:\/\/secure.gravatar.com\/avatar\/bab33852abfd8b282518d6ed81826833d77c3c882d9ab608add591ccace47a44?s=96&d=mm&r=g","contentUrl":"https:\/\/secure.gravatar.com\/avatar\/bab33852abfd8b282518d6ed81826833d77c3c882d9ab608add591ccace47a44?s=96&d=mm&r=g","caption":"Kuzeyin Sesi"},"sameAs":["https:\/\/kuzeyinsesi.org"],"url":"https:\/\/kuzeyinsesi.org\/index.php\/author\/guven\/"}]}},"_links":{"self":[{"href":"https:\/\/kuzeyinsesi.org\/index.php\/wp-json\/wp\/v2\/posts\/27960","targetHints":{"allow":["GET"]}}],"collection":[{"href":"https:\/\/kuzeyinsesi.org\/index.php\/wp-json\/wp\/v2\/posts"}],"about":[{"href":"https:\/\/kuzeyinsesi.org\/index.php\/wp-json\/wp\/v2\/types\/post"}],"author":[{"embeddable":true,"href":"https:\/\/kuzeyinsesi.org\/index.php\/wp-json\/wp\/v2\/users\/1"}],"replies":[{"embeddable":true,"href":"https:\/\/kuzeyinsesi.org\/index.php\/wp-json\/wp\/v2\/comments?post=27960"}],"version-history":[{"count":0,"href":"https:\/\/kuzeyinsesi.org\/index.php\/wp-json\/wp\/v2\/posts\/27960\/revisions"}],"wp:featuredmedia":[{"embeddable":true,"href":"https:\/\/kuzeyinsesi.org\/index.php\/wp-json\/wp\/v2\/media\/27961"}],"wp:attachment":[{"href":"https:\/\/kuzeyinsesi.org\/index.php\/wp-json\/wp\/v2\/media?parent=27960"}],"wp:term":[{"taxonomy":"category","embeddable":true,"href":"https:\/\/kuzeyinsesi.org\/index.php\/wp-json\/wp\/v2\/categories?post=27960"},{"taxonomy":"post_tag","embeddable":true,"href":"https:\/\/kuzeyinsesi.org\/index.php\/wp-json\/wp\/v2\/tags?post=27960"}],"curies":[{"name":"wp","href":"https:\/\/api.w.org\/{rel}","templated":true}]}}