{"id":27950,"date":"2025-06-27T16:40:35","date_gmt":"2025-06-27T13:40:35","guid":{"rendered":"https:\/\/kuzeyinsesi.org\/index.php\/2025\/06\/27\/cumhuriyetci-turk-partisi-serdarlida-kitle-toplantisi-gerceklestirdi\/"},"modified":"2025-06-27T16:40:35","modified_gmt":"2025-06-27T13:40:35","slug":"cumhuriyetci-turk-partisi-serdarlida-kitle-toplantisi-gerceklestirdi","status":"publish","type":"post","link":"https:\/\/kuzeyinsesi.org\/index.php\/2025\/06\/27\/cumhuriyetci-turk-partisi-serdarlida-kitle-toplantisi-gerceklestirdi\/","title":{"rendered":"Cumhuriyet\u00e7i T\u00fcrk Partisi, Serdarl\u0131\u2019da kitle toplant\u0131s\u0131 ger\u00e7ekle\u015ftirdi"},"content":{"rendered":"<div>\n<div class=\"mariselle-image-container none\">\n                                            <\/div>\n<p>Cumhuriyet\u00e7i T\u00fcrk Partisi (CTP) Serdarl\u0131\u2019da kitle toplant\u0131s\u0131 ger\u00e7ekle\u015ftirdi.<\/p>\n<p>Toplant\u0131da konu\u015fan CTP Genel Ba\u015fkan\u0131 ve Cumhurba\u015fkan\u0131 Aday\u0131 Tufan Erh\u00fcrman, tarihte ilk kez n\u00fcfusla ilgili tart\u0131\u015fmalar\u0131n ve sorunlar\u0131n bu kadar tuhaf bir noktaya geldi\u011fini \u00f6ne s\u00fcrerek ele\u015ftirilerde bulundu.<br \/>N\u00fcfus say\u0131m\u0131n\u0131n ve ard\u0131ndan da n\u00fcfus politikas\u0131n\u0131n \u00f6nemine i\u015faret eden Erh\u00fcrman, \u201cN\u00fcfusu saymak yetmez; planlama yapmam\u0131z gerek\u201d dedi.<\/p>\n<p>Tufan Erh\u00fcrman, tarihte ilk kez, be\u015f y\u0131ll\u0131k bir Cumhurba\u015fkanl\u0131\u011f\u0131 d\u00f6neminin tamamen m\u00fczakeresiz ge\u00e7ti\u011fini de belirterek \u201cBu be\u015f y\u0131l i\u00e7inde tek bir ge\u00e7i\u015f noktas\u0131 dahi a\u00e7\u0131lmad\u0131. En az say\u0131da uluslararas\u0131 diplomat\u0131n Cumhurba\u015fkanl\u0131\u011f\u0131\u2019n\u0131 ziyaret etti\u011fi bir d\u00f6nemi ya\u015fad\u0131k\u201d diye konu\u015ftu. <\/p>\n<p>\u00c7ok kritik bir se\u00e7ime do\u011fru gidildi\u011fine de dikkati \u00e7eken Erh\u00fcrman, halk\u0131 b\u00f6ld\u00fcrtmeyeceklerini vurgulad\u0131.<\/p>\n<p>CTP Genel Sekreteri Erkut \u015eahali de hem m\u00fczakerenin hi\u00e7 olmad\u0131\u011f\u0131, hem de en k\u00fc\u00e7\u00fck bir geli\u015fmenin ya\u015fanmad\u0131\u011f\u0131 bir d\u00f6nemin geride b\u0131rak\u0131ld\u0131\u011f\u0131n\u0131 belirtti\u2026<\/p>\n<p>CTP Ma\u011fusa \u0130l\u00e7e Ba\u015fkan\u0131 Oktay Kayalp da, Ma\u011fusa \u0130l\u00e7esi olarak toplant\u0131lara devam edeceklerini ifade ederek \u201cKritik se\u00e7ime gidiyoruz. Bu, tarihi bir se\u00e7im. \u00dclkemize sahip \u00e7\u0131kmak i\u00e7in yollarday\u0131z\u201d dedi.<\/p>\n<\/p><\/div>\n<p><script async\n                    defer\n                    crossorigin=\"anonymous\"\n                    src=\"https:\/\/connect.facebook.net\/tr_TR\/sdk.js#xfbml=1&#038;version=v3.3\"\n            ><\/script><\/p>\n","protected":false},"excerpt":{"rendered":"<p>Cumhuriyet\u00e7i T\u00fcrk Partisi (CTP) Serdarl\u0131\u2019da kitle toplant\u0131s\u0131 ger\u00e7ekle\u015ftirdi. Toplant\u0131da konu\u015fan CTP Genel Ba\u015fkan\u0131 ve Cumhurba\u015fkan\u0131 Aday\u0131 Tufan Erh\u00fcrman, tarihte ilk kez n\u00fcfusla ilgili tart\u0131\u015fmalar\u0131n ve sorunlar\u0131n bu kadar tuhaf bir noktaya geldi\u011fini \u00f6ne s\u00fcrerek ele\u015ftirilerde bulundu.N\u00fcfus say\u0131m\u0131n\u0131n ve ard\u0131ndan da n\u00fcfus politikas\u0131n\u0131n \u00f6nemine i\u015faret eden Erh\u00fcrman, \u201cN\u00fcfusu saymak yetmez; planlama yapmam\u0131z gerek\u201d dedi. Tufan Erh\u00fcrman, [&hellip;]<\/p>\n","protected":false},"author":1,"featured_media":27951,"comment_status":"open","ping_status":"open","sticky":false,"template":"","format":"standard","meta":{"jnews-multi-image_gallery":[],"jnews_single_post":[],"jnews_primary_category":[],"jnews_social_meta":[],"jnews_override_counter":[],"footnotes":""},"categories":[1],"tags":[],"class_list":["post-27950","post","type-post","status-publish","format-standard","has-post-thumbnail","hentry","category-kibris"],"yoast_head":"<!-- This site is optimized with the Yoast SEO plugin v27.5 - https:\/\/yoast.com\/product\/yoast-seo-wordpress\/ -->\n<title>Cumhuriyet\u00e7i T\u00fcrk Partisi, Serdarl\u0131\u2019da kitle toplant\u0131s\u0131 ger\u00e7ekle\u015ftirdi - Kuzeyin Sesi<\/title>\n<meta name=\"robots\" content=\"index, follow, max-snippet:-1, max-image-preview:large, max-video-preview:-1\" \/>\n<link rel=\"canonical\" href=\"https:\/\/kuzeyinsesi.org\/index.php\/2025\/06\/27\/cumhuriyetci-turk-partisi-serdarlida-kitle-toplantisi-gerceklestirdi\/\" \/>\n<meta property=\"og:locale\" content=\"tr_TR\" \/>\n<meta property=\"og:type\" content=\"article\" \/>\n<meta property=\"og:title\" content=\"Cumhuriyet\u00e7i T\u00fcrk Partisi, Serdarl\u0131\u2019da kitle toplant\u0131s\u0131 ger\u00e7ekle\u015ftirdi - Kuzeyin Sesi\" \/>\n<meta property=\"og:description\" content=\"Cumhuriyet\u00e7i T\u00fcrk Partisi (CTP) Serdarl\u0131\u2019da kitle toplant\u0131s\u0131 ger\u00e7ekle\u015ftirdi. Toplant\u0131da konu\u015fan CTP Genel Ba\u015fkan\u0131 ve Cumhurba\u015fkan\u0131 Aday\u0131 Tufan Erh\u00fcrman, tarihte ilk kez n\u00fcfusla ilgili tart\u0131\u015fmalar\u0131n ve sorunlar\u0131n bu kadar tuhaf bir noktaya geldi\u011fini \u00f6ne s\u00fcrerek ele\u015ftirilerde bulundu.N\u00fcfus say\u0131m\u0131n\u0131n ve ard\u0131ndan da n\u00fcfus politikas\u0131n\u0131n \u00f6nemine i\u015faret eden Erh\u00fcrman, \u201cN\u00fcfusu saymak yetmez; planlama yapmam\u0131z gerek\u201d dedi. Tufan Erh\u00fcrman, [&hellip;]\" \/>\n<meta property=\"og:url\" content=\"https:\/\/kuzeyinsesi.org\/index.php\/2025\/06\/27\/cumhuriyetci-turk-partisi-serdarlida-kitle-toplantisi-gerceklestirdi\/\" \/>\n<meta property=\"og:site_name\" content=\"Kuzeyin Sesi\" \/>\n<meta property=\"article:publisher\" content=\"https:\/\/www.facebook.com\/kuzeyinsesii\" \/>\n<meta property=\"article:published_time\" content=\"2025-06-27T13:40:35+00:00\" \/>\n<meta property=\"og:image\" content=\"https:\/\/brtk.net\/wp-content\/uploads\/2025\/06\/27\/1751024746383Tufan-Erhurman-Serdarli-1-scaled.jpg?ver=e73785b5812a3bf13edbb13906dbf360\" \/>\n<meta name=\"author\" content=\"Kuzeyin Sesi\" \/>\n<meta name=\"twitter:card\" content=\"summary_large_image\" \/>\n<meta name=\"twitter:creator\" content=\"@kuzeyinsesii\" \/>\n<meta name=\"twitter:site\" content=\"@kuzeyinsesii\" \/>\n<meta name=\"twitter:label1\" content=\"Yazan:\" \/>\n\t<meta name=\"twitter:data1\" content=\"Kuzeyin Sesi\" \/>\n\t<meta name=\"twitter:label2\" content=\"Tahmini okuma s\u00fcresi\" \/>\n\t<meta name=\"twitter:data2\" content=\"1 dakika\" \/>\n<script type=\"application\/ld+json\" class=\"yoast-schema-graph\">{\"@context\":\"https:\\\/\\\/schema.org\",\"@graph\":[{\"@type\":\"Article\",\"@id\":\"https:\\\/\\\/kuzeyinsesi.org\\\/index.php\\\/2025\\\/06\\\/27\\\/cumhuriyetci-turk-partisi-serdarlida-kitle-toplantisi-gerceklestirdi\\\/#article\",\"isPartOf\":{\"@id\":\"https:\\\/\\\/kuzeyinsesi.org\\\/index.php\\\/2025\\\/06\\\/27\\\/cumhuriyetci-turk-partisi-serdarlida-kitle-toplantisi-gerceklestirdi\\\/\"},\"author\":{\"name\":\"Kuzeyin Sesi\",\"@id\":\"https:\\\/\\\/kuzeyinsesi.org\\\/#\\\/schema\\\/person\\\/9f859689cdf01485597712386e37f5aa\"},\"headline\":\"Cumhuriyet\u00e7i T\u00fcrk Partisi, Serdarl\u0131\u2019da kitle toplant\u0131s\u0131 ger\u00e7ekle\u015ftirdi\",\"datePublished\":\"2025-06-27T13:40:35+00:00\",\"mainEntityOfPage\":{\"@id\":\"https:\\\/\\\/kuzeyinsesi.org\\\/index.php\\\/2025\\\/06\\\/27\\\/cumhuriyetci-turk-partisi-serdarlida-kitle-toplantisi-gerceklestirdi\\\/\"},\"wordCount\":243,\"commentCount\":0,\"image\":{\"@id\":\"https:\\\/\\\/kuzeyinsesi.org\\\/index.php\\\/2025\\\/06\\\/27\\\/cumhuriyetci-turk-partisi-serdarlida-kitle-toplantisi-gerceklestirdi\\\/#primaryimage\"},\"thumbnailUrl\":\"https:\\\/\\\/kuzeyinsesi.org\\\/wp-content\\\/uploads\\\/2025\\\/06\\\/1751024746383Tufan-Erhurman-Serdarli-1-scaled.jpg\",\"articleSection\":[\"K\u0131br\u0131s\"],\"inLanguage\":\"tr\",\"potentialAction\":[{\"@type\":\"CommentAction\",\"name\":\"Comment\",\"target\":[\"https:\\\/\\\/kuzeyinsesi.org\\\/index.php\\\/2025\\\/06\\\/27\\\/cumhuriyetci-turk-partisi-serdarlida-kitle-toplantisi-gerceklestirdi\\\/#respond\"]}]},{\"@type\":\"WebPage\",\"@id\":\"https:\\\/\\\/kuzeyinsesi.org\\\/index.php\\\/2025\\\/06\\\/27\\\/cumhuriyetci-turk-partisi-serdarlida-kitle-toplantisi-gerceklestirdi\\\/\",\"url\":\"https:\\\/\\\/kuzeyinsesi.org\\\/index.php\\\/2025\\\/06\\\/27\\\/cumhuriyetci-turk-partisi-serdarlida-kitle-toplantisi-gerceklestirdi\\\/\",\"name\":\"Cumhuriyet\u00e7i T\u00fcrk Partisi, Serdarl\u0131\u2019da kitle toplant\u0131s\u0131 ger\u00e7ekle\u015ftirdi - Kuzeyin Sesi\",\"isPartOf\":{\"@id\":\"https:\\\/\\\/kuzeyinsesi.org\\\/#website\"},\"primaryImageOfPage\":{\"@id\":\"https:\\\/\\\/kuzeyinsesi.org\\\/index.php\\\/2025\\\/06\\\/27\\\/cumhuriyetci-turk-partisi-serdarlida-kitle-toplantisi-gerceklestirdi\\\/#primaryimage\"},\"image\":{\"@id\":\"https:\\\/\\\/kuzeyinsesi.org\\\/index.php\\\/2025\\\/06\\\/27\\\/cumhuriyetci-turk-partisi-serdarlida-kitle-toplantisi-gerceklestirdi\\\/#primaryimage\"},\"thumbnailUrl\":\"https:\\\/\\\/kuzeyinsesi.org\\\/wp-content\\\/uploads\\\/2025\\\/06\\\/1751024746383Tufan-Erhurman-Serdarli-1-scaled.jpg\",\"datePublished\":\"2025-06-27T13:40:35+00:00\",\"author\":{\"@id\":\"https:\\\/\\\/kuzeyinsesi.org\\\/#\\\/schema\\\/person\\\/9f859689cdf01485597712386e37f5aa\"},\"breadcrumb\":{\"@id\":\"https:\\\/\\\/kuzeyinsesi.org\\\/index.php\\\/2025\\\/06\\\/27\\\/cumhuriyetci-turk-partisi-serdarlida-kitle-toplantisi-gerceklestirdi\\\/#breadcrumb\"},\"inLanguage\":\"tr\",\"potentialAction\":[{\"@type\":\"ReadAction\",\"target\":[\"https:\\\/\\\/kuzeyinsesi.org\\\/index.php\\\/2025\\\/06\\\/27\\\/cumhuriyetci-turk-partisi-serdarlida-kitle-toplantisi-gerceklestirdi\\\/\"]}]},{\"@type\":\"ImageObject\",\"inLanguage\":\"tr\",\"@id\":\"https:\\\/\\\/kuzeyinsesi.org\\\/index.php\\\/2025\\\/06\\\/27\\\/cumhuriyetci-turk-partisi-serdarlida-kitle-toplantisi-gerceklestirdi\\\/#primaryimage\",\"url\":\"https:\\\/\\\/kuzeyinsesi.org\\\/wp-content\\\/uploads\\\/2025\\\/06\\\/1751024746383Tufan-Erhurman-Serdarli-1-scaled.jpg\",\"contentUrl\":\"https:\\\/\\\/kuzeyinsesi.org\\\/wp-content\\\/uploads\\\/2025\\\/06\\\/1751024746383Tufan-Erhurman-Serdarli-1-scaled.jpg\",\"width\":2560,\"height\":1451},{\"@type\":\"BreadcrumbList\",\"@id\":\"https:\\\/\\\/kuzeyinsesi.org\\\/index.php\\\/2025\\\/06\\\/27\\\/cumhuriyetci-turk-partisi-serdarlida-kitle-toplantisi-gerceklestirdi\\\/#breadcrumb\",\"itemListElement\":[{\"@type\":\"ListItem\",\"position\":1,\"name\":\"Anasayfa\",\"item\":\"https:\\\/\\\/kuzeyinsesi.org\\\/\"},{\"@type\":\"ListItem\",\"position\":2,\"name\":\"Cumhuriyet\u00e7i T\u00fcrk Partisi, Serdarl\u0131\u2019da kitle toplant\u0131s\u0131 ger\u00e7ekle\u015ftirdi\"}]},{\"@type\":\"WebSite\",\"@id\":\"https:\\\/\\\/kuzeyinsesi.org\\\/#website\",\"url\":\"https:\\\/\\\/kuzeyinsesi.org\\\/\",\"name\":\"Kuzeyin Sesi\",\"description\":\"Do\u011fru Haberin Adresi\",\"potentialAction\":[{\"@type\":\"SearchAction\",\"target\":{\"@type\":\"EntryPoint\",\"urlTemplate\":\"https:\\\/\\\/kuzeyinsesi.org\\\/?s={search_term_string}\"},\"query-input\":{\"@type\":\"PropertyValueSpecification\",\"valueRequired\":true,\"valueName\":\"search_term_string\"}}],\"inLanguage\":\"tr\"},{\"@type\":\"Person\",\"@id\":\"https:\\\/\\\/kuzeyinsesi.org\\\/#\\\/schema\\\/person\\\/9f859689cdf01485597712386e37f5aa\",\"name\":\"Kuzeyin Sesi\",\"image\":{\"@type\":\"ImageObject\",\"inLanguage\":\"tr\",\"@id\":\"https:\\\/\\\/secure.gravatar.com\\\/avatar\\\/bab33852abfd8b282518d6ed81826833d77c3c882d9ab608add591ccace47a44?s=96&d=mm&r=g\",\"url\":\"https:\\\/\\\/secure.gravatar.com\\\/avatar\\\/bab33852abfd8b282518d6ed81826833d77c3c882d9ab608add591ccace47a44?s=96&d=mm&r=g\",\"contentUrl\":\"https:\\\/\\\/secure.gravatar.com\\\/avatar\\\/bab33852abfd8b282518d6ed81826833d77c3c882d9ab608add591ccace47a44?s=96&d=mm&r=g\",\"caption\":\"Kuzeyin Sesi\"},\"sameAs\":[\"https:\\\/\\\/kuzeyinsesi.org\"],\"url\":\"https:\\\/\\\/kuzeyinsesi.org\\\/index.php\\\/author\\\/guven\\\/\"}]}<\/script>\n<!-- \/ Yoast SEO plugin. -->","yoast_head_json":{"title":"Cumhuriyet\u00e7i T\u00fcrk Partisi, Serdarl\u0131\u2019da kitle toplant\u0131s\u0131 ger\u00e7ekle\u015ftirdi - Kuzeyin Sesi","robots":{"index":"index","follow":"follow","max-snippet":"max-snippet:-1","max-image-preview":"max-image-preview:large","max-video-preview":"max-video-preview:-1"},"canonical":"https:\/\/kuzeyinsesi.org\/index.php\/2025\/06\/27\/cumhuriyetci-turk-partisi-serdarlida-kitle-toplantisi-gerceklestirdi\/","og_locale":"tr_TR","og_type":"article","og_title":"Cumhuriyet\u00e7i T\u00fcrk Partisi, Serdarl\u0131\u2019da kitle toplant\u0131s\u0131 ger\u00e7ekle\u015ftirdi - Kuzeyin Sesi","og_description":"Cumhuriyet\u00e7i T\u00fcrk Partisi (CTP) Serdarl\u0131\u2019da kitle toplant\u0131s\u0131 ger\u00e7ekle\u015ftirdi. Toplant\u0131da konu\u015fan CTP Genel Ba\u015fkan\u0131 ve Cumhurba\u015fkan\u0131 Aday\u0131 Tufan Erh\u00fcrman, tarihte ilk kez n\u00fcfusla ilgili tart\u0131\u015fmalar\u0131n ve sorunlar\u0131n bu kadar tuhaf bir noktaya geldi\u011fini \u00f6ne s\u00fcrerek ele\u015ftirilerde bulundu.N\u00fcfus say\u0131m\u0131n\u0131n ve ard\u0131ndan da n\u00fcfus politikas\u0131n\u0131n \u00f6nemine i\u015faret eden Erh\u00fcrman, \u201cN\u00fcfusu saymak yetmez; planlama yapmam\u0131z gerek\u201d dedi. Tufan Erh\u00fcrman, [&hellip;]","og_url":"https:\/\/kuzeyinsesi.org\/index.php\/2025\/06\/27\/cumhuriyetci-turk-partisi-serdarlida-kitle-toplantisi-gerceklestirdi\/","og_site_name":"Kuzeyin Sesi","article_publisher":"https:\/\/www.facebook.com\/kuzeyinsesii","article_published_time":"2025-06-27T13:40:35+00:00","og_image":[{"url":"https:\/\/brtk.net\/wp-content\/uploads\/2025\/06\/27\/1751024746383Tufan-Erhurman-Serdarli-1-scaled.jpg?ver=e73785b5812a3bf13edbb13906dbf360","type":"","width":"","height":""}],"author":"Kuzeyin Sesi","twitter_card":"summary_large_image","twitter_creator":"@kuzeyinsesii","twitter_site":"@kuzeyinsesii","twitter_misc":{"Yazan:":"Kuzeyin Sesi","Tahmini okuma s\u00fcresi":"1 dakika"},"schema":{"@context":"https:\/\/schema.org","@graph":[{"@type":"Article","@id":"https:\/\/kuzeyinsesi.org\/index.php\/2025\/06\/27\/cumhuriyetci-turk-partisi-serdarlida-kitle-toplantisi-gerceklestirdi\/#article","isPartOf":{"@id":"https:\/\/kuzeyinsesi.org\/index.php\/2025\/06\/27\/cumhuriyetci-turk-partisi-serdarlida-kitle-toplantisi-gerceklestirdi\/"},"author":{"name":"Kuzeyin Sesi","@id":"https:\/\/kuzeyinsesi.org\/#\/schema\/person\/9f859689cdf01485597712386e37f5aa"},"headline":"Cumhuriyet\u00e7i T\u00fcrk Partisi, Serdarl\u0131\u2019da kitle toplant\u0131s\u0131 ger\u00e7ekle\u015ftirdi","datePublished":"2025-06-27T13:40:35+00:00","mainEntityOfPage":{"@id":"https:\/\/kuzeyinsesi.org\/index.php\/2025\/06\/27\/cumhuriyetci-turk-partisi-serdarlida-kitle-toplantisi-gerceklestirdi\/"},"wordCount":243,"commentCount":0,"image":{"@id":"https:\/\/kuzeyinsesi.org\/index.php\/2025\/06\/27\/cumhuriyetci-turk-partisi-serdarlida-kitle-toplantisi-gerceklestirdi\/#primaryimage"},"thumbnailUrl":"https:\/\/kuzeyinsesi.org\/wp-content\/uploads\/2025\/06\/1751024746383Tufan-Erhurman-Serdarli-1-scaled.jpg","articleSection":["K\u0131br\u0131s"],"inLanguage":"tr","potentialAction":[{"@type":"CommentAction","name":"Comment","target":["https:\/\/kuzeyinsesi.org\/index.php\/2025\/06\/27\/cumhuriyetci-turk-partisi-serdarlida-kitle-toplantisi-gerceklestirdi\/#respond"]}]},{"@type":"WebPage","@id":"https:\/\/kuzeyinsesi.org\/index.php\/2025\/06\/27\/cumhuriyetci-turk-partisi-serdarlida-kitle-toplantisi-gerceklestirdi\/","url":"https:\/\/kuzeyinsesi.org\/index.php\/2025\/06\/27\/cumhuriyetci-turk-partisi-serdarlida-kitle-toplantisi-gerceklestirdi\/","name":"Cumhuriyet\u00e7i T\u00fcrk Partisi, Serdarl\u0131\u2019da kitle toplant\u0131s\u0131 ger\u00e7ekle\u015ftirdi - Kuzeyin Sesi","isPartOf":{"@id":"https:\/\/kuzeyinsesi.org\/#website"},"primaryImageOfPage":{"@id":"https:\/\/kuzeyinsesi.org\/index.php\/2025\/06\/27\/cumhuriyetci-turk-partisi-serdarlida-kitle-toplantisi-gerceklestirdi\/#primaryimage"},"image":{"@id":"https:\/\/kuzeyinsesi.org\/index.php\/2025\/06\/27\/cumhuriyetci-turk-partisi-serdarlida-kitle-toplantisi-gerceklestirdi\/#primaryimage"},"thumbnailUrl":"https:\/\/kuzeyinsesi.org\/wp-content\/uploads\/2025\/06\/1751024746383Tufan-Erhurman-Serdarli-1-scaled.jpg","datePublished":"2025-06-27T13:40:35+00:00","author":{"@id":"https:\/\/kuzeyinsesi.org\/#\/schema\/person\/9f859689cdf01485597712386e37f5aa"},"breadcrumb":{"@id":"https:\/\/kuzeyinsesi.org\/index.php\/2025\/06\/27\/cumhuriyetci-turk-partisi-serdarlida-kitle-toplantisi-gerceklestirdi\/#breadcrumb"},"inLanguage":"tr","potentialAction":[{"@type":"ReadAction","target":["https:\/\/kuzeyinsesi.org\/index.php\/2025\/06\/27\/cumhuriyetci-turk-partisi-serdarlida-kitle-toplantisi-gerceklestirdi\/"]}]},{"@type":"ImageObject","inLanguage":"tr","@id":"https:\/\/kuzeyinsesi.org\/index.php\/2025\/06\/27\/cumhuriyetci-turk-partisi-serdarlida-kitle-toplantisi-gerceklestirdi\/#primaryimage","url":"https:\/\/kuzeyinsesi.org\/wp-content\/uploads\/2025\/06\/1751024746383Tufan-Erhurman-Serdarli-1-scaled.jpg","contentUrl":"https:\/\/kuzeyinsesi.org\/wp-content\/uploads\/2025\/06\/1751024746383Tufan-Erhurman-Serdarli-1-scaled.jpg","width":2560,"height":1451},{"@type":"BreadcrumbList","@id":"https:\/\/kuzeyinsesi.org\/index.php\/2025\/06\/27\/cumhuriyetci-turk-partisi-serdarlida-kitle-toplantisi-gerceklestirdi\/#breadcrumb","itemListElement":[{"@type":"ListItem","position":1,"name":"Anasayfa","item":"https:\/\/kuzeyinsesi.org\/"},{"@type":"ListItem","position":2,"name":"Cumhuriyet\u00e7i T\u00fcrk Partisi, Serdarl\u0131\u2019da kitle toplant\u0131s\u0131 ger\u00e7ekle\u015ftirdi"}]},{"@type":"WebSite","@id":"https:\/\/kuzeyinsesi.org\/#website","url":"https:\/\/kuzeyinsesi.org\/","name":"Kuzeyin Sesi","description":"Do\u011fru Haberin Adresi","potentialAction":[{"@type":"SearchAction","target":{"@type":"EntryPoint","urlTemplate":"https:\/\/kuzeyinsesi.org\/?s={search_term_string}"},"query-input":{"@type":"PropertyValueSpecification","valueRequired":true,"valueName":"search_term_string"}}],"inLanguage":"tr"},{"@type":"Person","@id":"https:\/\/kuzeyinsesi.org\/#\/schema\/person\/9f859689cdf01485597712386e37f5aa","name":"Kuzeyin Sesi","image":{"@type":"ImageObject","inLanguage":"tr","@id":"https:\/\/secure.gravatar.com\/avatar\/bab33852abfd8b282518d6ed81826833d77c3c882d9ab608add591ccace47a44?s=96&d=mm&r=g","url":"https:\/\/secure.gravatar.com\/avatar\/bab33852abfd8b282518d6ed81826833d77c3c882d9ab608add591ccace47a44?s=96&d=mm&r=g","contentUrl":"https:\/\/secure.gravatar.com\/avatar\/bab33852abfd8b282518d6ed81826833d77c3c882d9ab608add591ccace47a44?s=96&d=mm&r=g","caption":"Kuzeyin Sesi"},"sameAs":["https:\/\/kuzeyinsesi.org"],"url":"https:\/\/kuzeyinsesi.org\/index.php\/author\/guven\/"}]}},"_links":{"self":[{"href":"https:\/\/kuzeyinsesi.org\/index.php\/wp-json\/wp\/v2\/posts\/27950","targetHints":{"allow":["GET"]}}],"collection":[{"href":"https:\/\/kuzeyinsesi.org\/index.php\/wp-json\/wp\/v2\/posts"}],"about":[{"href":"https:\/\/kuzeyinsesi.org\/index.php\/wp-json\/wp\/v2\/types\/post"}],"author":[{"embeddable":true,"href":"https:\/\/kuzeyinsesi.org\/index.php\/wp-json\/wp\/v2\/users\/1"}],"replies":[{"embeddable":true,"href":"https:\/\/kuzeyinsesi.org\/index.php\/wp-json\/wp\/v2\/comments?post=27950"}],"version-history":[{"count":0,"href":"https:\/\/kuzeyinsesi.org\/index.php\/wp-json\/wp\/v2\/posts\/27950\/revisions"}],"wp:featuredmedia":[{"embeddable":true,"href":"https:\/\/kuzeyinsesi.org\/index.php\/wp-json\/wp\/v2\/media\/27951"}],"wp:attachment":[{"href":"https:\/\/kuzeyinsesi.org\/index.php\/wp-json\/wp\/v2\/media?parent=27950"}],"wp:term":[{"taxonomy":"category","embeddable":true,"href":"https:\/\/kuzeyinsesi.org\/index.php\/wp-json\/wp\/v2\/categories?post=27950"},{"taxonomy":"post_tag","embeddable":true,"href":"https:\/\/kuzeyinsesi.org\/index.php\/wp-json\/wp\/v2\/tags?post=27950"}],"curies":[{"name":"wp","href":"https:\/\/api.w.org\/{rel}","templated":true}]}}