{"id":27921,"date":"2025-06-27T11:14:24","date_gmt":"2025-06-27T08:14:24","guid":{"rendered":"https:\/\/kuzeyinsesi.org\/index.php\/2025\/06\/27\/kstu-davasi-1-eylule-ertelendi\/"},"modified":"2025-06-27T11:14:24","modified_gmt":"2025-06-27T08:14:24","slug":"kstu-davasi-1-eylule-ertelendi","status":"publish","type":"post","link":"https:\/\/kuzeyinsesi.org\/index.php\/2025\/06\/27\/kstu-davasi-1-eylule-ertelendi\/","title":{"rendered":"KST\u00dc davas\u0131 1 Eyl\u00fcl\u2019e ertelendi"},"content":{"rendered":"<div>\n<div class=\"mariselle-image-container none\">\n                                            <\/div>\n<p>K\u0131br\u0131s Sa\u011fl\u0131k ve Toplum Bilimleri \u00dcniversitesi (KST\u00dc) soru\u015fturmas\u0131 kapsam\u0131nda yarg\u0131lanan okulun genel sekreteri ve hissedarlar\u0131ndan S.G., uluslararas\u0131 ofis sorumlusu A.S. ve asistan B.\u00d6. bug\u00fcn, yeniden Lefko\u015fa\u2019da A\u011f\u0131r Ceza Mahkemesi\u2019ne \u00e7\u0131kar\u0131ld\u0131.<\/p>\n<p>San\u0131k avukatlar\u0131 Hasan Y\u00fccelen, Do\u011fa Zeki ve G\u00fcven Ball\u0131kara\u2019n\u0131n haz\u0131r bulundu\u011fu mahkeme, davay\u0131 1 Eyl\u00fcl Pazartesi g\u00fcn\u00fcne erteledi.<\/p>\n<p>San\u0131klar aleyhinde, \u201cSahtekarl\u0131kla para temini\u201d, \u201cdoland\u0131r\u0131c\u0131l\u0131k\u201d, \u201csahte belge d\u00fczenleme ve tedav\u00fcle s\u00fcrme\u201d, \u201chesaplarda hile ve sahtekarl\u0131k yapma\u201d, \u201csu\u00e7 geliri aklama\u201d, \u201csahte banka \u00f6deme emrini tahrik\u201d, \u201cm\u00fcstahdem taraf\u0131ndan sirkat\u201d su\u00e7lamalar\u0131 bulunuyor.<\/p>\n<\/p><\/div>\n<p><script async\n                    defer\n                    crossorigin=\"anonymous\"\n                    src=\"https:\/\/connect.facebook.net\/tr_TR\/sdk.js#xfbml=1&#038;version=v3.3\"\n            ><\/script><\/p>\n","protected":false},"excerpt":{"rendered":"<p>K\u0131br\u0131s Sa\u011fl\u0131k ve Toplum Bilimleri \u00dcniversitesi (KST\u00dc) soru\u015fturmas\u0131 kapsam\u0131nda yarg\u0131lanan okulun genel sekreteri ve hissedarlar\u0131ndan S.G., uluslararas\u0131 ofis sorumlusu A.S. ve asistan B.\u00d6. bug\u00fcn, yeniden Lefko\u015fa\u2019da A\u011f\u0131r Ceza Mahkemesi\u2019ne \u00e7\u0131kar\u0131ld\u0131. San\u0131k avukatlar\u0131 Hasan Y\u00fccelen, Do\u011fa Zeki ve G\u00fcven Ball\u0131kara\u2019n\u0131n haz\u0131r bulundu\u011fu mahkeme, davay\u0131 1 Eyl\u00fcl Pazartesi g\u00fcn\u00fcne erteledi. San\u0131klar aleyhinde, \u201cSahtekarl\u0131kla para temini\u201d, \u201cdoland\u0131r\u0131c\u0131l\u0131k\u201d, \u201csahte [&hellip;]<\/p>\n","protected":false},"author":1,"featured_media":27922,"comment_status":"open","ping_status":"open","sticky":false,"template":"","format":"standard","meta":{"jnews-multi-image_gallery":[],"jnews_single_post":[],"jnews_primary_category":[],"jnews_social_meta":[],"jnews_override_counter":[],"footnotes":""},"categories":[1],"tags":[],"class_list":["post-27921","post","type-post","status-publish","format-standard","has-post-thumbnail","hentry","category-kibris"],"yoast_head":"<!-- This site is optimized with the Yoast SEO plugin v27.5 - https:\/\/yoast.com\/product\/yoast-seo-wordpress\/ -->\n<title>KST\u00dc davas\u0131 1 Eyl\u00fcl\u2019e ertelendi - Kuzeyin Sesi<\/title>\n<meta name=\"robots\" content=\"index, follow, max-snippet:-1, max-image-preview:large, max-video-preview:-1\" \/>\n<link rel=\"canonical\" href=\"https:\/\/kuzeyinsesi.org\/index.php\/2025\/06\/27\/kstu-davasi-1-eylule-ertelendi\/\" \/>\n<meta property=\"og:locale\" content=\"tr_TR\" \/>\n<meta property=\"og:type\" content=\"article\" \/>\n<meta property=\"og:title\" content=\"KST\u00dc davas\u0131 1 Eyl\u00fcl\u2019e ertelendi - Kuzeyin Sesi\" \/>\n<meta property=\"og:description\" content=\"K\u0131br\u0131s Sa\u011fl\u0131k ve Toplum Bilimleri \u00dcniversitesi (KST\u00dc) soru\u015fturmas\u0131 kapsam\u0131nda yarg\u0131lanan okulun genel sekreteri ve hissedarlar\u0131ndan S.G., uluslararas\u0131 ofis sorumlusu A.S. ve asistan B.\u00d6. bug\u00fcn, yeniden Lefko\u015fa\u2019da A\u011f\u0131r Ceza Mahkemesi\u2019ne \u00e7\u0131kar\u0131ld\u0131. San\u0131k avukatlar\u0131 Hasan Y\u00fccelen, Do\u011fa Zeki ve G\u00fcven Ball\u0131kara\u2019n\u0131n haz\u0131r bulundu\u011fu mahkeme, davay\u0131 1 Eyl\u00fcl Pazartesi g\u00fcn\u00fcne erteledi. San\u0131klar aleyhinde, \u201cSahtekarl\u0131kla para temini\u201d, \u201cdoland\u0131r\u0131c\u0131l\u0131k\u201d, \u201csahte [&hellip;]\" \/>\n<meta property=\"og:url\" content=\"https:\/\/kuzeyinsesi.org\/index.php\/2025\/06\/27\/kstu-davasi-1-eylule-ertelendi\/\" \/>\n<meta property=\"og:site_name\" content=\"Kuzeyin Sesi\" \/>\n<meta property=\"article:publisher\" content=\"https:\/\/www.facebook.com\/kuzeyinsesii\" \/>\n<meta property=\"article:published_time\" content=\"2025-06-27T08:14:24+00:00\" \/>\n<meta property=\"og:image\" content=\"https:\/\/brtk.net\/wp-content\/uploads\/2025\/06\/27\/dava1.jpg?ver=14700d1d8412540d55f4748f7c4c13d5\" \/>\n<meta name=\"author\" content=\"Kuzeyin Sesi\" \/>\n<meta name=\"twitter:card\" content=\"summary_large_image\" \/>\n<meta name=\"twitter:creator\" content=\"@kuzeyinsesii\" \/>\n<meta name=\"twitter:site\" content=\"@kuzeyinsesii\" \/>\n<meta name=\"twitter:label1\" content=\"Yazan:\" \/>\n\t<meta name=\"twitter:data1\" content=\"Kuzeyin Sesi\" \/>\n\t<meta name=\"twitter:label2\" content=\"Tahmini okuma s\u00fcresi\" \/>\n\t<meta name=\"twitter:data2\" content=\"1 dakika\" \/>\n<script type=\"application\/ld+json\" class=\"yoast-schema-graph\">{\"@context\":\"https:\\\/\\\/schema.org\",\"@graph\":[{\"@type\":\"Article\",\"@id\":\"https:\\\/\\\/kuzeyinsesi.org\\\/index.php\\\/2025\\\/06\\\/27\\\/kstu-davasi-1-eylule-ertelendi\\\/#article\",\"isPartOf\":{\"@id\":\"https:\\\/\\\/kuzeyinsesi.org\\\/index.php\\\/2025\\\/06\\\/27\\\/kstu-davasi-1-eylule-ertelendi\\\/\"},\"author\":{\"name\":\"Kuzeyin Sesi\",\"@id\":\"https:\\\/\\\/kuzeyinsesi.org\\\/#\\\/schema\\\/person\\\/9f859689cdf01485597712386e37f5aa\"},\"headline\":\"KST\u00dc davas\u0131 1 Eyl\u00fcl\u2019e ertelendi\",\"datePublished\":\"2025-06-27T08:14:24+00:00\",\"mainEntityOfPage\":{\"@id\":\"https:\\\/\\\/kuzeyinsesi.org\\\/index.php\\\/2025\\\/06\\\/27\\\/kstu-davasi-1-eylule-ertelendi\\\/\"},\"wordCount\":124,\"commentCount\":0,\"image\":{\"@id\":\"https:\\\/\\\/kuzeyinsesi.org\\\/index.php\\\/2025\\\/06\\\/27\\\/kstu-davasi-1-eylule-ertelendi\\\/#primaryimage\"},\"thumbnailUrl\":\"https:\\\/\\\/kuzeyinsesi.org\\\/wp-content\\\/uploads\\\/2025\\\/06\\\/dava1.jpg\",\"articleSection\":[\"K\u0131br\u0131s\"],\"inLanguage\":\"tr\",\"potentialAction\":[{\"@type\":\"CommentAction\",\"name\":\"Comment\",\"target\":[\"https:\\\/\\\/kuzeyinsesi.org\\\/index.php\\\/2025\\\/06\\\/27\\\/kstu-davasi-1-eylule-ertelendi\\\/#respond\"]}]},{\"@type\":\"WebPage\",\"@id\":\"https:\\\/\\\/kuzeyinsesi.org\\\/index.php\\\/2025\\\/06\\\/27\\\/kstu-davasi-1-eylule-ertelendi\\\/\",\"url\":\"https:\\\/\\\/kuzeyinsesi.org\\\/index.php\\\/2025\\\/06\\\/27\\\/kstu-davasi-1-eylule-ertelendi\\\/\",\"name\":\"KST\u00dc davas\u0131 1 Eyl\u00fcl\u2019e ertelendi - Kuzeyin Sesi\",\"isPartOf\":{\"@id\":\"https:\\\/\\\/kuzeyinsesi.org\\\/#website\"},\"primaryImageOfPage\":{\"@id\":\"https:\\\/\\\/kuzeyinsesi.org\\\/index.php\\\/2025\\\/06\\\/27\\\/kstu-davasi-1-eylule-ertelendi\\\/#primaryimage\"},\"image\":{\"@id\":\"https:\\\/\\\/kuzeyinsesi.org\\\/index.php\\\/2025\\\/06\\\/27\\\/kstu-davasi-1-eylule-ertelendi\\\/#primaryimage\"},\"thumbnailUrl\":\"https:\\\/\\\/kuzeyinsesi.org\\\/wp-content\\\/uploads\\\/2025\\\/06\\\/dava1.jpg\",\"datePublished\":\"2025-06-27T08:14:24+00:00\",\"author\":{\"@id\":\"https:\\\/\\\/kuzeyinsesi.org\\\/#\\\/schema\\\/person\\\/9f859689cdf01485597712386e37f5aa\"},\"breadcrumb\":{\"@id\":\"https:\\\/\\\/kuzeyinsesi.org\\\/index.php\\\/2025\\\/06\\\/27\\\/kstu-davasi-1-eylule-ertelendi\\\/#breadcrumb\"},\"inLanguage\":\"tr\",\"potentialAction\":[{\"@type\":\"ReadAction\",\"target\":[\"https:\\\/\\\/kuzeyinsesi.org\\\/index.php\\\/2025\\\/06\\\/27\\\/kstu-davasi-1-eylule-ertelendi\\\/\"]}]},{\"@type\":\"ImageObject\",\"inLanguage\":\"tr\",\"@id\":\"https:\\\/\\\/kuzeyinsesi.org\\\/index.php\\\/2025\\\/06\\\/27\\\/kstu-davasi-1-eylule-ertelendi\\\/#primaryimage\",\"url\":\"https:\\\/\\\/kuzeyinsesi.org\\\/wp-content\\\/uploads\\\/2025\\\/06\\\/dava1.jpg\",\"contentUrl\":\"https:\\\/\\\/kuzeyinsesi.org\\\/wp-content\\\/uploads\\\/2025\\\/06\\\/dava1.jpg\",\"width\":1600,\"height\":1200},{\"@type\":\"BreadcrumbList\",\"@id\":\"https:\\\/\\\/kuzeyinsesi.org\\\/index.php\\\/2025\\\/06\\\/27\\\/kstu-davasi-1-eylule-ertelendi\\\/#breadcrumb\",\"itemListElement\":[{\"@type\":\"ListItem\",\"position\":1,\"name\":\"Anasayfa\",\"item\":\"https:\\\/\\\/kuzeyinsesi.org\\\/\"},{\"@type\":\"ListItem\",\"position\":2,\"name\":\"KST\u00dc davas\u0131 1 Eyl\u00fcl\u2019e ertelendi\"}]},{\"@type\":\"WebSite\",\"@id\":\"https:\\\/\\\/kuzeyinsesi.org\\\/#website\",\"url\":\"https:\\\/\\\/kuzeyinsesi.org\\\/\",\"name\":\"Kuzeyin Sesi\",\"description\":\"Do\u011fru Haberin Adresi\",\"potentialAction\":[{\"@type\":\"SearchAction\",\"target\":{\"@type\":\"EntryPoint\",\"urlTemplate\":\"https:\\\/\\\/kuzeyinsesi.org\\\/?s={search_term_string}\"},\"query-input\":{\"@type\":\"PropertyValueSpecification\",\"valueRequired\":true,\"valueName\":\"search_term_string\"}}],\"inLanguage\":\"tr\"},{\"@type\":\"Person\",\"@id\":\"https:\\\/\\\/kuzeyinsesi.org\\\/#\\\/schema\\\/person\\\/9f859689cdf01485597712386e37f5aa\",\"name\":\"Kuzeyin Sesi\",\"image\":{\"@type\":\"ImageObject\",\"inLanguage\":\"tr\",\"@id\":\"https:\\\/\\\/secure.gravatar.com\\\/avatar\\\/bab33852abfd8b282518d6ed81826833d77c3c882d9ab608add591ccace47a44?s=96&d=mm&r=g\",\"url\":\"https:\\\/\\\/secure.gravatar.com\\\/avatar\\\/bab33852abfd8b282518d6ed81826833d77c3c882d9ab608add591ccace47a44?s=96&d=mm&r=g\",\"contentUrl\":\"https:\\\/\\\/secure.gravatar.com\\\/avatar\\\/bab33852abfd8b282518d6ed81826833d77c3c882d9ab608add591ccace47a44?s=96&d=mm&r=g\",\"caption\":\"Kuzeyin Sesi\"},\"sameAs\":[\"https:\\\/\\\/kuzeyinsesi.org\"],\"url\":\"https:\\\/\\\/kuzeyinsesi.org\\\/index.php\\\/author\\\/guven\\\/\"}]}<\/script>\n<!-- \/ Yoast SEO plugin. -->","yoast_head_json":{"title":"KST\u00dc davas\u0131 1 Eyl\u00fcl\u2019e ertelendi - Kuzeyin Sesi","robots":{"index":"index","follow":"follow","max-snippet":"max-snippet:-1","max-image-preview":"max-image-preview:large","max-video-preview":"max-video-preview:-1"},"canonical":"https:\/\/kuzeyinsesi.org\/index.php\/2025\/06\/27\/kstu-davasi-1-eylule-ertelendi\/","og_locale":"tr_TR","og_type":"article","og_title":"KST\u00dc davas\u0131 1 Eyl\u00fcl\u2019e ertelendi - Kuzeyin Sesi","og_description":"K\u0131br\u0131s Sa\u011fl\u0131k ve Toplum Bilimleri \u00dcniversitesi (KST\u00dc) soru\u015fturmas\u0131 kapsam\u0131nda yarg\u0131lanan okulun genel sekreteri ve hissedarlar\u0131ndan S.G., uluslararas\u0131 ofis sorumlusu A.S. ve asistan B.\u00d6. bug\u00fcn, yeniden Lefko\u015fa\u2019da A\u011f\u0131r Ceza Mahkemesi\u2019ne \u00e7\u0131kar\u0131ld\u0131. San\u0131k avukatlar\u0131 Hasan Y\u00fccelen, Do\u011fa Zeki ve G\u00fcven Ball\u0131kara\u2019n\u0131n haz\u0131r bulundu\u011fu mahkeme, davay\u0131 1 Eyl\u00fcl Pazartesi g\u00fcn\u00fcne erteledi. San\u0131klar aleyhinde, \u201cSahtekarl\u0131kla para temini\u201d, \u201cdoland\u0131r\u0131c\u0131l\u0131k\u201d, \u201csahte [&hellip;]","og_url":"https:\/\/kuzeyinsesi.org\/index.php\/2025\/06\/27\/kstu-davasi-1-eylule-ertelendi\/","og_site_name":"Kuzeyin Sesi","article_publisher":"https:\/\/www.facebook.com\/kuzeyinsesii","article_published_time":"2025-06-27T08:14:24+00:00","og_image":[{"url":"https:\/\/brtk.net\/wp-content\/uploads\/2025\/06\/27\/dava1.jpg?ver=14700d1d8412540d55f4748f7c4c13d5","type":"","width":"","height":""}],"author":"Kuzeyin Sesi","twitter_card":"summary_large_image","twitter_creator":"@kuzeyinsesii","twitter_site":"@kuzeyinsesii","twitter_misc":{"Yazan:":"Kuzeyin Sesi","Tahmini okuma s\u00fcresi":"1 dakika"},"schema":{"@context":"https:\/\/schema.org","@graph":[{"@type":"Article","@id":"https:\/\/kuzeyinsesi.org\/index.php\/2025\/06\/27\/kstu-davasi-1-eylule-ertelendi\/#article","isPartOf":{"@id":"https:\/\/kuzeyinsesi.org\/index.php\/2025\/06\/27\/kstu-davasi-1-eylule-ertelendi\/"},"author":{"name":"Kuzeyin Sesi","@id":"https:\/\/kuzeyinsesi.org\/#\/schema\/person\/9f859689cdf01485597712386e37f5aa"},"headline":"KST\u00dc davas\u0131 1 Eyl\u00fcl\u2019e ertelendi","datePublished":"2025-06-27T08:14:24+00:00","mainEntityOfPage":{"@id":"https:\/\/kuzeyinsesi.org\/index.php\/2025\/06\/27\/kstu-davasi-1-eylule-ertelendi\/"},"wordCount":124,"commentCount":0,"image":{"@id":"https:\/\/kuzeyinsesi.org\/index.php\/2025\/06\/27\/kstu-davasi-1-eylule-ertelendi\/#primaryimage"},"thumbnailUrl":"https:\/\/kuzeyinsesi.org\/wp-content\/uploads\/2025\/06\/dava1.jpg","articleSection":["K\u0131br\u0131s"],"inLanguage":"tr","potentialAction":[{"@type":"CommentAction","name":"Comment","target":["https:\/\/kuzeyinsesi.org\/index.php\/2025\/06\/27\/kstu-davasi-1-eylule-ertelendi\/#respond"]}]},{"@type":"WebPage","@id":"https:\/\/kuzeyinsesi.org\/index.php\/2025\/06\/27\/kstu-davasi-1-eylule-ertelendi\/","url":"https:\/\/kuzeyinsesi.org\/index.php\/2025\/06\/27\/kstu-davasi-1-eylule-ertelendi\/","name":"KST\u00dc davas\u0131 1 Eyl\u00fcl\u2019e ertelendi - Kuzeyin Sesi","isPartOf":{"@id":"https:\/\/kuzeyinsesi.org\/#website"},"primaryImageOfPage":{"@id":"https:\/\/kuzeyinsesi.org\/index.php\/2025\/06\/27\/kstu-davasi-1-eylule-ertelendi\/#primaryimage"},"image":{"@id":"https:\/\/kuzeyinsesi.org\/index.php\/2025\/06\/27\/kstu-davasi-1-eylule-ertelendi\/#primaryimage"},"thumbnailUrl":"https:\/\/kuzeyinsesi.org\/wp-content\/uploads\/2025\/06\/dava1.jpg","datePublished":"2025-06-27T08:14:24+00:00","author":{"@id":"https:\/\/kuzeyinsesi.org\/#\/schema\/person\/9f859689cdf01485597712386e37f5aa"},"breadcrumb":{"@id":"https:\/\/kuzeyinsesi.org\/index.php\/2025\/06\/27\/kstu-davasi-1-eylule-ertelendi\/#breadcrumb"},"inLanguage":"tr","potentialAction":[{"@type":"ReadAction","target":["https:\/\/kuzeyinsesi.org\/index.php\/2025\/06\/27\/kstu-davasi-1-eylule-ertelendi\/"]}]},{"@type":"ImageObject","inLanguage":"tr","@id":"https:\/\/kuzeyinsesi.org\/index.php\/2025\/06\/27\/kstu-davasi-1-eylule-ertelendi\/#primaryimage","url":"https:\/\/kuzeyinsesi.org\/wp-content\/uploads\/2025\/06\/dava1.jpg","contentUrl":"https:\/\/kuzeyinsesi.org\/wp-content\/uploads\/2025\/06\/dava1.jpg","width":1600,"height":1200},{"@type":"BreadcrumbList","@id":"https:\/\/kuzeyinsesi.org\/index.php\/2025\/06\/27\/kstu-davasi-1-eylule-ertelendi\/#breadcrumb","itemListElement":[{"@type":"ListItem","position":1,"name":"Anasayfa","item":"https:\/\/kuzeyinsesi.org\/"},{"@type":"ListItem","position":2,"name":"KST\u00dc davas\u0131 1 Eyl\u00fcl\u2019e ertelendi"}]},{"@type":"WebSite","@id":"https:\/\/kuzeyinsesi.org\/#website","url":"https:\/\/kuzeyinsesi.org\/","name":"Kuzeyin Sesi","description":"Do\u011fru Haberin Adresi","potentialAction":[{"@type":"SearchAction","target":{"@type":"EntryPoint","urlTemplate":"https:\/\/kuzeyinsesi.org\/?s={search_term_string}"},"query-input":{"@type":"PropertyValueSpecification","valueRequired":true,"valueName":"search_term_string"}}],"inLanguage":"tr"},{"@type":"Person","@id":"https:\/\/kuzeyinsesi.org\/#\/schema\/person\/9f859689cdf01485597712386e37f5aa","name":"Kuzeyin Sesi","image":{"@type":"ImageObject","inLanguage":"tr","@id":"https:\/\/secure.gravatar.com\/avatar\/bab33852abfd8b282518d6ed81826833d77c3c882d9ab608add591ccace47a44?s=96&d=mm&r=g","url":"https:\/\/secure.gravatar.com\/avatar\/bab33852abfd8b282518d6ed81826833d77c3c882d9ab608add591ccace47a44?s=96&d=mm&r=g","contentUrl":"https:\/\/secure.gravatar.com\/avatar\/bab33852abfd8b282518d6ed81826833d77c3c882d9ab608add591ccace47a44?s=96&d=mm&r=g","caption":"Kuzeyin Sesi"},"sameAs":["https:\/\/kuzeyinsesi.org"],"url":"https:\/\/kuzeyinsesi.org\/index.php\/author\/guven\/"}]}},"_links":{"self":[{"href":"https:\/\/kuzeyinsesi.org\/index.php\/wp-json\/wp\/v2\/posts\/27921","targetHints":{"allow":["GET"]}}],"collection":[{"href":"https:\/\/kuzeyinsesi.org\/index.php\/wp-json\/wp\/v2\/posts"}],"about":[{"href":"https:\/\/kuzeyinsesi.org\/index.php\/wp-json\/wp\/v2\/types\/post"}],"author":[{"embeddable":true,"href":"https:\/\/kuzeyinsesi.org\/index.php\/wp-json\/wp\/v2\/users\/1"}],"replies":[{"embeddable":true,"href":"https:\/\/kuzeyinsesi.org\/index.php\/wp-json\/wp\/v2\/comments?post=27921"}],"version-history":[{"count":0,"href":"https:\/\/kuzeyinsesi.org\/index.php\/wp-json\/wp\/v2\/posts\/27921\/revisions"}],"wp:featuredmedia":[{"embeddable":true,"href":"https:\/\/kuzeyinsesi.org\/index.php\/wp-json\/wp\/v2\/media\/27922"}],"wp:attachment":[{"href":"https:\/\/kuzeyinsesi.org\/index.php\/wp-json\/wp\/v2\/media?parent=27921"}],"wp:term":[{"taxonomy":"category","embeddable":true,"href":"https:\/\/kuzeyinsesi.org\/index.php\/wp-json\/wp\/v2\/categories?post=27921"},{"taxonomy":"post_tag","embeddable":true,"href":"https:\/\/kuzeyinsesi.org\/index.php\/wp-json\/wp\/v2\/tags?post=27921"}],"curies":[{"name":"wp","href":"https:\/\/api.w.org\/{rel}","templated":true}]}}