{"id":2751,"date":"2024-05-16T19:45:19","date_gmt":"2024-05-16T16:45:19","guid":{"rendered":"https:\/\/kuzeyinsesi.com\/index.php\/2024\/05\/16\/orta-cagda-kibrisin-kadinlari-sergisi-gazimagusada-sanatseverlerle-bulusacak\/"},"modified":"2024-05-16T19:45:19","modified_gmt":"2024-05-16T16:45:19","slug":"orta-cagda-kibrisin-kadinlari-sergisi-gazimagusada-sanatseverlerle-bulusacak","status":"publish","type":"post","link":"https:\/\/kuzeyinsesi.org\/index.php\/2024\/05\/16\/orta-cagda-kibrisin-kadinlari-sergisi-gazimagusada-sanatseverlerle-bulusacak\/","title":{"rendered":"\u201cOrta \u00c7a\u011f\u2019da K\u0131br\u0131s\u2019\u0131n Kad\u0131nlar\u0131 Sergisi\u201d Gazima\u011fusa\u2019da sanatseverlerle bulu\u015facak"},"content":{"rendered":"<div>\n<div class=\"mariselle-image-container none\">\n                                            <\/div>\n<p>\u201cOrta \u00c7a\u011f\u2019da K\u0131br\u0131s\u2019\u0131n Kad\u0131nlar\u0131 Sergisi\u201d, 24 May\u0131s\u2019ta Gazima\u011fusa Martinengo Burcu\u2019nda (\u00c7ifte Mazgallar) a\u00e7\u0131lacak.<\/p>\n<p>Gazima\u011fusa Belediyesi Halkla \u0130li\u015fkiler Birimi Bas\u0131n Ofisi\u2019nden yap\u0131lan a\u00e7\u0131klamaya g\u00f6re, Semra Bayhanl\u0131 ve Ahmet Kemal Hilmi\u2019nin Orta \u00c7a\u011f\u2019da K\u0131br\u0131s\u2019\u0131n Kad\u0131nlar\u0131-K\u0131br\u0131s\u2019\u0131n Kad\u0131n Kahramanlar\u0131 Sergisi, Ma\u011fusa\u2019da sanatseverlerle bulu\u015facak.<\/p>\n<p>Gazima\u011fusa Belediyesi ve Naci Talat Vakf\u0131\u2019n\u0131n katk\u0131lar\u0131yla d\u00fczenlenecek Sergi\u2019nin a\u00e7\u0131l\u0131\u015f\u0131 19.00\u2019da yap\u0131lacak.<\/p>\n<\/p><\/div>\n<p><script async\n                    defer\n                    crossorigin=\"anonymous\"\n                    src=\"https:\/\/connect.facebook.net\/tr_TR\/sdk.js#xfbml=1&#038;version=v3.3\"\n            ><\/script><\/p>\n","protected":false},"excerpt":{"rendered":"<p>\u201cOrta \u00c7a\u011f\u2019da K\u0131br\u0131s\u2019\u0131n Kad\u0131nlar\u0131 Sergisi\u201d, 24 May\u0131s\u2019ta Gazima\u011fusa Martinengo Burcu\u2019nda (\u00c7ifte Mazgallar) a\u00e7\u0131lacak. Gazima\u011fusa Belediyesi Halkla \u0130li\u015fkiler Birimi Bas\u0131n Ofisi\u2019nden yap\u0131lan a\u00e7\u0131klamaya g\u00f6re, Semra Bayhanl\u0131 ve Ahmet Kemal Hilmi\u2019nin Orta \u00c7a\u011f\u2019da K\u0131br\u0131s\u2019\u0131n Kad\u0131nlar\u0131-K\u0131br\u0131s\u2019\u0131n Kad\u0131n Kahramanlar\u0131 Sergisi, Ma\u011fusa\u2019da sanatseverlerle bulu\u015facak. Gazima\u011fusa Belediyesi ve Naci Talat Vakf\u0131\u2019n\u0131n katk\u0131lar\u0131yla d\u00fczenlenecek Sergi\u2019nin a\u00e7\u0131l\u0131\u015f\u0131 19.00\u2019da yap\u0131lacak.<\/p>\n","protected":false},"author":1,"featured_media":2752,"comment_status":"open","ping_status":"open","sticky":false,"template":"","format":"standard","meta":{"jnews-multi-image_gallery":[],"jnews_single_post":[],"jnews_primary_category":[],"jnews_social_meta":[],"jnews_override_counter":[],"footnotes":""},"categories":[6],"tags":[],"class_list":["post-2751","post","type-post","status-publish","format-standard","has-post-thumbnail","hentry","category-yasam"],"yoast_head":"<!-- This site is optimized with the Yoast SEO plugin v27.5 - https:\/\/yoast.com\/product\/yoast-seo-wordpress\/ -->\n<title>\u201cOrta \u00c7a\u011f\u2019da K\u0131br\u0131s\u2019\u0131n Kad\u0131nlar\u0131 Sergisi\u201d Gazima\u011fusa\u2019da sanatseverlerle bulu\u015facak - Kuzeyin Sesi<\/title>\n<meta name=\"robots\" content=\"index, follow, max-snippet:-1, max-image-preview:large, max-video-preview:-1\" \/>\n<link rel=\"canonical\" href=\"https:\/\/kuzeyinsesi.org\/index.php\/2024\/05\/16\/orta-cagda-kibrisin-kadinlari-sergisi-gazimagusada-sanatseverlerle-bulusacak\/\" \/>\n<meta property=\"og:locale\" content=\"tr_TR\" \/>\n<meta property=\"og:type\" content=\"article\" \/>\n<meta property=\"og:title\" content=\"\u201cOrta \u00c7a\u011f\u2019da K\u0131br\u0131s\u2019\u0131n Kad\u0131nlar\u0131 Sergisi\u201d Gazima\u011fusa\u2019da sanatseverlerle bulu\u015facak - Kuzeyin Sesi\" \/>\n<meta property=\"og:description\" content=\"\u201cOrta \u00c7a\u011f\u2019da K\u0131br\u0131s\u2019\u0131n Kad\u0131nlar\u0131 Sergisi\u201d, 24 May\u0131s\u2019ta Gazima\u011fusa Martinengo Burcu\u2019nda (\u00c7ifte Mazgallar) a\u00e7\u0131lacak. Gazima\u011fusa Belediyesi Halkla \u0130li\u015fkiler Birimi Bas\u0131n Ofisi\u2019nden yap\u0131lan a\u00e7\u0131klamaya g\u00f6re, Semra Bayhanl\u0131 ve Ahmet Kemal Hilmi\u2019nin Orta \u00c7a\u011f\u2019da K\u0131br\u0131s\u2019\u0131n Kad\u0131nlar\u0131-K\u0131br\u0131s\u2019\u0131n Kad\u0131n Kahramanlar\u0131 Sergisi, Ma\u011fusa\u2019da sanatseverlerle bulu\u015facak. Gazima\u011fusa Belediyesi ve Naci Talat Vakf\u0131\u2019n\u0131n katk\u0131lar\u0131yla d\u00fczenlenecek Sergi\u2019nin a\u00e7\u0131l\u0131\u015f\u0131 19.00\u2019da yap\u0131lacak.\" \/>\n<meta property=\"og:url\" content=\"https:\/\/kuzeyinsesi.org\/index.php\/2024\/05\/16\/orta-cagda-kibrisin-kadinlari-sergisi-gazimagusada-sanatseverlerle-bulusacak\/\" \/>\n<meta property=\"og:site_name\" content=\"Kuzeyin Sesi\" \/>\n<meta property=\"article:publisher\" content=\"https:\/\/www.facebook.com\/kuzeyinsesii\" \/>\n<meta property=\"article:published_time\" content=\"2024-05-16T16:45:19+00:00\" \/>\n<meta property=\"og:image\" content=\"https:\/\/kuzeyinsesi.org\/wp-content\/uploads\/2024\/05\/orta-cag-kadinlari8.jpeg\" \/>\n\t<meta property=\"og:image:width\" content=\"1600\" \/>\n\t<meta property=\"og:image:height\" content=\"1600\" \/>\n\t<meta property=\"og:image:type\" content=\"image\/jpeg\" \/>\n<meta name=\"author\" content=\"Kuzeyin Sesi\" \/>\n<meta name=\"twitter:card\" content=\"summary_large_image\" \/>\n<meta name=\"twitter:creator\" content=\"@kuzeyinsesii\" \/>\n<meta name=\"twitter:site\" content=\"@kuzeyinsesii\" \/>\n<meta name=\"twitter:label1\" content=\"Yazan:\" \/>\n\t<meta name=\"twitter:data1\" content=\"Kuzeyin Sesi\" \/>\n<script type=\"application\/ld+json\" class=\"yoast-schema-graph\">{\"@context\":\"https:\\\/\\\/schema.org\",\"@graph\":[{\"@type\":\"Article\",\"@id\":\"https:\\\/\\\/kuzeyinsesi.org\\\/index.php\\\/2024\\\/05\\\/16\\\/orta-cagda-kibrisin-kadinlari-sergisi-gazimagusada-sanatseverlerle-bulusacak\\\/#article\",\"isPartOf\":{\"@id\":\"https:\\\/\\\/kuzeyinsesi.org\\\/index.php\\\/2024\\\/05\\\/16\\\/orta-cagda-kibrisin-kadinlari-sergisi-gazimagusada-sanatseverlerle-bulusacak\\\/\"},\"author\":{\"name\":\"Kuzeyin Sesi\",\"@id\":\"https:\\\/\\\/kuzeyinsesi.org\\\/#\\\/schema\\\/person\\\/9f859689cdf01485597712386e37f5aa\"},\"headline\":\"\u201cOrta \u00c7a\u011f\u2019da K\u0131br\u0131s\u2019\u0131n Kad\u0131nlar\u0131 Sergisi\u201d Gazima\u011fusa\u2019da sanatseverlerle bulu\u015facak\",\"datePublished\":\"2024-05-16T16:45:19+00:00\",\"mainEntityOfPage\":{\"@id\":\"https:\\\/\\\/kuzeyinsesi.org\\\/index.php\\\/2024\\\/05\\\/16\\\/orta-cagda-kibrisin-kadinlari-sergisi-gazimagusada-sanatseverlerle-bulusacak\\\/\"},\"wordCount\":106,\"commentCount\":0,\"image\":{\"@id\":\"https:\\\/\\\/kuzeyinsesi.org\\\/index.php\\\/2024\\\/05\\\/16\\\/orta-cagda-kibrisin-kadinlari-sergisi-gazimagusada-sanatseverlerle-bulusacak\\\/#primaryimage\"},\"thumbnailUrl\":\"https:\\\/\\\/kuzeyinsesi.org\\\/wp-content\\\/uploads\\\/2024\\\/05\\\/orta-cag-kadinlari8.jpeg\",\"articleSection\":[\"Ya\u015fam\"],\"inLanguage\":\"tr\",\"potentialAction\":[{\"@type\":\"CommentAction\",\"name\":\"Comment\",\"target\":[\"https:\\\/\\\/kuzeyinsesi.org\\\/index.php\\\/2024\\\/05\\\/16\\\/orta-cagda-kibrisin-kadinlari-sergisi-gazimagusada-sanatseverlerle-bulusacak\\\/#respond\"]}]},{\"@type\":\"WebPage\",\"@id\":\"https:\\\/\\\/kuzeyinsesi.org\\\/index.php\\\/2024\\\/05\\\/16\\\/orta-cagda-kibrisin-kadinlari-sergisi-gazimagusada-sanatseverlerle-bulusacak\\\/\",\"url\":\"https:\\\/\\\/kuzeyinsesi.org\\\/index.php\\\/2024\\\/05\\\/16\\\/orta-cagda-kibrisin-kadinlari-sergisi-gazimagusada-sanatseverlerle-bulusacak\\\/\",\"name\":\"\u201cOrta \u00c7a\u011f\u2019da K\u0131br\u0131s\u2019\u0131n Kad\u0131nlar\u0131 Sergisi\u201d Gazima\u011fusa\u2019da sanatseverlerle bulu\u015facak - Kuzeyin Sesi\",\"isPartOf\":{\"@id\":\"https:\\\/\\\/kuzeyinsesi.org\\\/#website\"},\"primaryImageOfPage\":{\"@id\":\"https:\\\/\\\/kuzeyinsesi.org\\\/index.php\\\/2024\\\/05\\\/16\\\/orta-cagda-kibrisin-kadinlari-sergisi-gazimagusada-sanatseverlerle-bulusacak\\\/#primaryimage\"},\"image\":{\"@id\":\"https:\\\/\\\/kuzeyinsesi.org\\\/index.php\\\/2024\\\/05\\\/16\\\/orta-cagda-kibrisin-kadinlari-sergisi-gazimagusada-sanatseverlerle-bulusacak\\\/#primaryimage\"},\"thumbnailUrl\":\"https:\\\/\\\/kuzeyinsesi.org\\\/wp-content\\\/uploads\\\/2024\\\/05\\\/orta-cag-kadinlari8.jpeg\",\"datePublished\":\"2024-05-16T16:45:19+00:00\",\"author\":{\"@id\":\"https:\\\/\\\/kuzeyinsesi.org\\\/#\\\/schema\\\/person\\\/9f859689cdf01485597712386e37f5aa\"},\"breadcrumb\":{\"@id\":\"https:\\\/\\\/kuzeyinsesi.org\\\/index.php\\\/2024\\\/05\\\/16\\\/orta-cagda-kibrisin-kadinlari-sergisi-gazimagusada-sanatseverlerle-bulusacak\\\/#breadcrumb\"},\"inLanguage\":\"tr\",\"potentialAction\":[{\"@type\":\"ReadAction\",\"target\":[\"https:\\\/\\\/kuzeyinsesi.org\\\/index.php\\\/2024\\\/05\\\/16\\\/orta-cagda-kibrisin-kadinlari-sergisi-gazimagusada-sanatseverlerle-bulusacak\\\/\"]}]},{\"@type\":\"ImageObject\",\"inLanguage\":\"tr\",\"@id\":\"https:\\\/\\\/kuzeyinsesi.org\\\/index.php\\\/2024\\\/05\\\/16\\\/orta-cagda-kibrisin-kadinlari-sergisi-gazimagusada-sanatseverlerle-bulusacak\\\/#primaryimage\",\"url\":\"https:\\\/\\\/kuzeyinsesi.org\\\/wp-content\\\/uploads\\\/2024\\\/05\\\/orta-cag-kadinlari8.jpeg\",\"contentUrl\":\"https:\\\/\\\/kuzeyinsesi.org\\\/wp-content\\\/uploads\\\/2024\\\/05\\\/orta-cag-kadinlari8.jpeg\",\"width\":1600,\"height\":1600},{\"@type\":\"BreadcrumbList\",\"@id\":\"https:\\\/\\\/kuzeyinsesi.org\\\/index.php\\\/2024\\\/05\\\/16\\\/orta-cagda-kibrisin-kadinlari-sergisi-gazimagusada-sanatseverlerle-bulusacak\\\/#breadcrumb\",\"itemListElement\":[{\"@type\":\"ListItem\",\"position\":1,\"name\":\"Anasayfa\",\"item\":\"https:\\\/\\\/kuzeyinsesi.org\\\/\"},{\"@type\":\"ListItem\",\"position\":2,\"name\":\"\u201cOrta \u00c7a\u011f\u2019da K\u0131br\u0131s\u2019\u0131n Kad\u0131nlar\u0131 Sergisi\u201d Gazima\u011fusa\u2019da sanatseverlerle bulu\u015facak\"}]},{\"@type\":\"WebSite\",\"@id\":\"https:\\\/\\\/kuzeyinsesi.org\\\/#website\",\"url\":\"https:\\\/\\\/kuzeyinsesi.org\\\/\",\"name\":\"Kuzeyin Sesi\",\"description\":\"Do\u011fru Haberin Adresi\",\"potentialAction\":[{\"@type\":\"SearchAction\",\"target\":{\"@type\":\"EntryPoint\",\"urlTemplate\":\"https:\\\/\\\/kuzeyinsesi.org\\\/?s={search_term_string}\"},\"query-input\":{\"@type\":\"PropertyValueSpecification\",\"valueRequired\":true,\"valueName\":\"search_term_string\"}}],\"inLanguage\":\"tr\"},{\"@type\":\"Person\",\"@id\":\"https:\\\/\\\/kuzeyinsesi.org\\\/#\\\/schema\\\/person\\\/9f859689cdf01485597712386e37f5aa\",\"name\":\"Kuzeyin Sesi\",\"image\":{\"@type\":\"ImageObject\",\"inLanguage\":\"tr\",\"@id\":\"https:\\\/\\\/secure.gravatar.com\\\/avatar\\\/bab33852abfd8b282518d6ed81826833d77c3c882d9ab608add591ccace47a44?s=96&d=mm&r=g\",\"url\":\"https:\\\/\\\/secure.gravatar.com\\\/avatar\\\/bab33852abfd8b282518d6ed81826833d77c3c882d9ab608add591ccace47a44?s=96&d=mm&r=g\",\"contentUrl\":\"https:\\\/\\\/secure.gravatar.com\\\/avatar\\\/bab33852abfd8b282518d6ed81826833d77c3c882d9ab608add591ccace47a44?s=96&d=mm&r=g\",\"caption\":\"Kuzeyin Sesi\"},\"sameAs\":[\"https:\\\/\\\/kuzeyinsesi.org\"],\"url\":\"https:\\\/\\\/kuzeyinsesi.org\\\/index.php\\\/author\\\/guven\\\/\"}]}<\/script>\n<!-- \/ Yoast SEO plugin. -->","yoast_head_json":{"title":"\u201cOrta \u00c7a\u011f\u2019da K\u0131br\u0131s\u2019\u0131n Kad\u0131nlar\u0131 Sergisi\u201d Gazima\u011fusa\u2019da sanatseverlerle bulu\u015facak - Kuzeyin Sesi","robots":{"index":"index","follow":"follow","max-snippet":"max-snippet:-1","max-image-preview":"max-image-preview:large","max-video-preview":"max-video-preview:-1"},"canonical":"https:\/\/kuzeyinsesi.org\/index.php\/2024\/05\/16\/orta-cagda-kibrisin-kadinlari-sergisi-gazimagusada-sanatseverlerle-bulusacak\/","og_locale":"tr_TR","og_type":"article","og_title":"\u201cOrta \u00c7a\u011f\u2019da K\u0131br\u0131s\u2019\u0131n Kad\u0131nlar\u0131 Sergisi\u201d Gazima\u011fusa\u2019da sanatseverlerle bulu\u015facak - Kuzeyin Sesi","og_description":"\u201cOrta \u00c7a\u011f\u2019da K\u0131br\u0131s\u2019\u0131n Kad\u0131nlar\u0131 Sergisi\u201d, 24 May\u0131s\u2019ta Gazima\u011fusa Martinengo Burcu\u2019nda (\u00c7ifte Mazgallar) a\u00e7\u0131lacak. Gazima\u011fusa Belediyesi Halkla \u0130li\u015fkiler Birimi Bas\u0131n Ofisi\u2019nden yap\u0131lan a\u00e7\u0131klamaya g\u00f6re, Semra Bayhanl\u0131 ve Ahmet Kemal Hilmi\u2019nin Orta \u00c7a\u011f\u2019da K\u0131br\u0131s\u2019\u0131n Kad\u0131nlar\u0131-K\u0131br\u0131s\u2019\u0131n Kad\u0131n Kahramanlar\u0131 Sergisi, Ma\u011fusa\u2019da sanatseverlerle bulu\u015facak. Gazima\u011fusa Belediyesi ve Naci Talat Vakf\u0131\u2019n\u0131n katk\u0131lar\u0131yla d\u00fczenlenecek Sergi\u2019nin a\u00e7\u0131l\u0131\u015f\u0131 19.00\u2019da yap\u0131lacak.","og_url":"https:\/\/kuzeyinsesi.org\/index.php\/2024\/05\/16\/orta-cagda-kibrisin-kadinlari-sergisi-gazimagusada-sanatseverlerle-bulusacak\/","og_site_name":"Kuzeyin Sesi","article_publisher":"https:\/\/www.facebook.com\/kuzeyinsesii","article_published_time":"2024-05-16T16:45:19+00:00","og_image":[{"width":1600,"height":1600,"url":"https:\/\/kuzeyinsesi.org\/wp-content\/uploads\/2024\/05\/orta-cag-kadinlari8.jpeg","type":"image\/jpeg"}],"author":"Kuzeyin Sesi","twitter_card":"summary_large_image","twitter_creator":"@kuzeyinsesii","twitter_site":"@kuzeyinsesii","twitter_misc":{"Yazan:":"Kuzeyin Sesi"},"schema":{"@context":"https:\/\/schema.org","@graph":[{"@type":"Article","@id":"https:\/\/kuzeyinsesi.org\/index.php\/2024\/05\/16\/orta-cagda-kibrisin-kadinlari-sergisi-gazimagusada-sanatseverlerle-bulusacak\/#article","isPartOf":{"@id":"https:\/\/kuzeyinsesi.org\/index.php\/2024\/05\/16\/orta-cagda-kibrisin-kadinlari-sergisi-gazimagusada-sanatseverlerle-bulusacak\/"},"author":{"name":"Kuzeyin Sesi","@id":"https:\/\/kuzeyinsesi.org\/#\/schema\/person\/9f859689cdf01485597712386e37f5aa"},"headline":"\u201cOrta \u00c7a\u011f\u2019da K\u0131br\u0131s\u2019\u0131n Kad\u0131nlar\u0131 Sergisi\u201d Gazima\u011fusa\u2019da sanatseverlerle bulu\u015facak","datePublished":"2024-05-16T16:45:19+00:00","mainEntityOfPage":{"@id":"https:\/\/kuzeyinsesi.org\/index.php\/2024\/05\/16\/orta-cagda-kibrisin-kadinlari-sergisi-gazimagusada-sanatseverlerle-bulusacak\/"},"wordCount":106,"commentCount":0,"image":{"@id":"https:\/\/kuzeyinsesi.org\/index.php\/2024\/05\/16\/orta-cagda-kibrisin-kadinlari-sergisi-gazimagusada-sanatseverlerle-bulusacak\/#primaryimage"},"thumbnailUrl":"https:\/\/kuzeyinsesi.org\/wp-content\/uploads\/2024\/05\/orta-cag-kadinlari8.jpeg","articleSection":["Ya\u015fam"],"inLanguage":"tr","potentialAction":[{"@type":"CommentAction","name":"Comment","target":["https:\/\/kuzeyinsesi.org\/index.php\/2024\/05\/16\/orta-cagda-kibrisin-kadinlari-sergisi-gazimagusada-sanatseverlerle-bulusacak\/#respond"]}]},{"@type":"WebPage","@id":"https:\/\/kuzeyinsesi.org\/index.php\/2024\/05\/16\/orta-cagda-kibrisin-kadinlari-sergisi-gazimagusada-sanatseverlerle-bulusacak\/","url":"https:\/\/kuzeyinsesi.org\/index.php\/2024\/05\/16\/orta-cagda-kibrisin-kadinlari-sergisi-gazimagusada-sanatseverlerle-bulusacak\/","name":"\u201cOrta \u00c7a\u011f\u2019da K\u0131br\u0131s\u2019\u0131n Kad\u0131nlar\u0131 Sergisi\u201d Gazima\u011fusa\u2019da sanatseverlerle bulu\u015facak - Kuzeyin Sesi","isPartOf":{"@id":"https:\/\/kuzeyinsesi.org\/#website"},"primaryImageOfPage":{"@id":"https:\/\/kuzeyinsesi.org\/index.php\/2024\/05\/16\/orta-cagda-kibrisin-kadinlari-sergisi-gazimagusada-sanatseverlerle-bulusacak\/#primaryimage"},"image":{"@id":"https:\/\/kuzeyinsesi.org\/index.php\/2024\/05\/16\/orta-cagda-kibrisin-kadinlari-sergisi-gazimagusada-sanatseverlerle-bulusacak\/#primaryimage"},"thumbnailUrl":"https:\/\/kuzeyinsesi.org\/wp-content\/uploads\/2024\/05\/orta-cag-kadinlari8.jpeg","datePublished":"2024-05-16T16:45:19+00:00","author":{"@id":"https:\/\/kuzeyinsesi.org\/#\/schema\/person\/9f859689cdf01485597712386e37f5aa"},"breadcrumb":{"@id":"https:\/\/kuzeyinsesi.org\/index.php\/2024\/05\/16\/orta-cagda-kibrisin-kadinlari-sergisi-gazimagusada-sanatseverlerle-bulusacak\/#breadcrumb"},"inLanguage":"tr","potentialAction":[{"@type":"ReadAction","target":["https:\/\/kuzeyinsesi.org\/index.php\/2024\/05\/16\/orta-cagda-kibrisin-kadinlari-sergisi-gazimagusada-sanatseverlerle-bulusacak\/"]}]},{"@type":"ImageObject","inLanguage":"tr","@id":"https:\/\/kuzeyinsesi.org\/index.php\/2024\/05\/16\/orta-cagda-kibrisin-kadinlari-sergisi-gazimagusada-sanatseverlerle-bulusacak\/#primaryimage","url":"https:\/\/kuzeyinsesi.org\/wp-content\/uploads\/2024\/05\/orta-cag-kadinlari8.jpeg","contentUrl":"https:\/\/kuzeyinsesi.org\/wp-content\/uploads\/2024\/05\/orta-cag-kadinlari8.jpeg","width":1600,"height":1600},{"@type":"BreadcrumbList","@id":"https:\/\/kuzeyinsesi.org\/index.php\/2024\/05\/16\/orta-cagda-kibrisin-kadinlari-sergisi-gazimagusada-sanatseverlerle-bulusacak\/#breadcrumb","itemListElement":[{"@type":"ListItem","position":1,"name":"Anasayfa","item":"https:\/\/kuzeyinsesi.org\/"},{"@type":"ListItem","position":2,"name":"\u201cOrta \u00c7a\u011f\u2019da K\u0131br\u0131s\u2019\u0131n Kad\u0131nlar\u0131 Sergisi\u201d Gazima\u011fusa\u2019da sanatseverlerle bulu\u015facak"}]},{"@type":"WebSite","@id":"https:\/\/kuzeyinsesi.org\/#website","url":"https:\/\/kuzeyinsesi.org\/","name":"Kuzeyin Sesi","description":"Do\u011fru Haberin Adresi","potentialAction":[{"@type":"SearchAction","target":{"@type":"EntryPoint","urlTemplate":"https:\/\/kuzeyinsesi.org\/?s={search_term_string}"},"query-input":{"@type":"PropertyValueSpecification","valueRequired":true,"valueName":"search_term_string"}}],"inLanguage":"tr"},{"@type":"Person","@id":"https:\/\/kuzeyinsesi.org\/#\/schema\/person\/9f859689cdf01485597712386e37f5aa","name":"Kuzeyin Sesi","image":{"@type":"ImageObject","inLanguage":"tr","@id":"https:\/\/secure.gravatar.com\/avatar\/bab33852abfd8b282518d6ed81826833d77c3c882d9ab608add591ccace47a44?s=96&d=mm&r=g","url":"https:\/\/secure.gravatar.com\/avatar\/bab33852abfd8b282518d6ed81826833d77c3c882d9ab608add591ccace47a44?s=96&d=mm&r=g","contentUrl":"https:\/\/secure.gravatar.com\/avatar\/bab33852abfd8b282518d6ed81826833d77c3c882d9ab608add591ccace47a44?s=96&d=mm&r=g","caption":"Kuzeyin Sesi"},"sameAs":["https:\/\/kuzeyinsesi.org"],"url":"https:\/\/kuzeyinsesi.org\/index.php\/author\/guven\/"}]}},"_links":{"self":[{"href":"https:\/\/kuzeyinsesi.org\/index.php\/wp-json\/wp\/v2\/posts\/2751","targetHints":{"allow":["GET"]}}],"collection":[{"href":"https:\/\/kuzeyinsesi.org\/index.php\/wp-json\/wp\/v2\/posts"}],"about":[{"href":"https:\/\/kuzeyinsesi.org\/index.php\/wp-json\/wp\/v2\/types\/post"}],"author":[{"embeddable":true,"href":"https:\/\/kuzeyinsesi.org\/index.php\/wp-json\/wp\/v2\/users\/1"}],"replies":[{"embeddable":true,"href":"https:\/\/kuzeyinsesi.org\/index.php\/wp-json\/wp\/v2\/comments?post=2751"}],"version-history":[{"count":0,"href":"https:\/\/kuzeyinsesi.org\/index.php\/wp-json\/wp\/v2\/posts\/2751\/revisions"}],"wp:featuredmedia":[{"embeddable":true,"href":"https:\/\/kuzeyinsesi.org\/index.php\/wp-json\/wp\/v2\/media\/2752"}],"wp:attachment":[{"href":"https:\/\/kuzeyinsesi.org\/index.php\/wp-json\/wp\/v2\/media?parent=2751"}],"wp:term":[{"taxonomy":"category","embeddable":true,"href":"https:\/\/kuzeyinsesi.org\/index.php\/wp-json\/wp\/v2\/categories?post=2751"},{"taxonomy":"post_tag","embeddable":true,"href":"https:\/\/kuzeyinsesi.org\/index.php\/wp-json\/wp\/v2\/tags?post=2751"}],"curies":[{"name":"wp","href":"https:\/\/api.w.org\/{rel}","templated":true}]}}