{"id":2702,"date":"2024-05-16T12:34:07","date_gmt":"2024-05-16T09:34:07","guid":{"rendered":"https:\/\/kuzeyinsesi.com\/index.php\/2024\/05\/16\/19-uluslararasi-bellapais-ilkbahar-muzik-festivali-devam-ediyor-cumartesi-aksami-genclik-konseri-duzenlenecek\/"},"modified":"2024-05-16T12:34:07","modified_gmt":"2024-05-16T09:34:07","slug":"19-uluslararasi-bellapais-ilkbahar-muzik-festivali-devam-ediyor-cumartesi-aksami-genclik-konseri-duzenlenecek","status":"publish","type":"post","link":"https:\/\/kuzeyinsesi.org\/index.php\/2024\/05\/16\/19-uluslararasi-bellapais-ilkbahar-muzik-festivali-devam-ediyor-cumartesi-aksami-genclik-konseri-duzenlenecek\/","title":{"rendered":"19. Uluslararas\u0131 Bellapais \u0130lkbahar M\u00fczik Festivali devam ediyor..Cumartesi ak\u015fam\u0131 \u201cGen\u00e7lik Konseri\u201d d\u00fczenlenecek"},"content":{"rendered":"<div>\n<div class=\"mariselle-image-container center\">\n                                            <\/div>\n<p> 19. Uluslararas\u0131 Bellapais \u0130lkbahar M\u00fczik Festivali kapsam\u0131nda 18 May\u0131s Cumartesi ak\u015fam\u0131 Gen\u00e7 Yetenekler Production Orkestras\u0131 &amp; KPKD Ada I\u015f\u0131\u011f\u0131 \u00c7ocuk Korosu ile Gen\u00e7lik Vokal Toplulu\u011fu Konser verecek.<\/p>\n<p>Kuzey K\u0131br\u0131s M\u00fczik Derne\u011fi \u2018nden yap\u0131lan a\u00e7\u0131klamaya g\u00f6re, festival kapsam\u0131nda Bellapais Manast\u0131r\u0131\u2019nda yer alacak konser saat 20.00\u2019 de ba\u015flayacak.<\/p>\n<p>Gen\u00e7lik Konserinin ilk b\u00f6l\u00fcm\u00fcnde Ersin Ka\u015fif y\u00f6netimindeki Gen\u00e7 Yetenekler Production Orkestras\u0131 Alto Havva \u00d6zdemira\u011f ve Soprano Simay Vechi\u2019nin solistli\u011finde sahne alacak.<\/p>\n<p>Konserin ikinci b\u00f6l\u00fcm\u00fcnde ise Erkan Da\u011fl\u0131 y\u00f6netimindeki K\u0131br\u0131s Polifonik Korolar Derne\u011fi Ada I\u015f\u0131\u011f\u0131 \u00c7ocuk Korosu ile Ada I\u015f\u0131\u011f\u0131 Gen\u00e7lik Vokal Toplulu\u011fu performans sergileyecek. Bu b\u00f6l\u00fcm\u00fcn solisti ise Seren Co\u015faner olacak.<\/p>\n<p>Geliri  \u015eampiyon Melekleri Ya\u015fatma Derne\u011fi\u2019 ne ba\u011f\u0131\u015flanacak konserin biletleri  Deniz Plazalar, Bellapais Manast\u0131r\u0131 Bilet Ofisi ile konser giri\u015finden veya online olarak biletfest.com\u2019dan temin edilebilir.<\/p>\n<p>Turizm ve K\u00fclt\u00fcr Bakanl\u0131\u011f\u0131, Deniz Plaza, Bellapais Gardens ve Kybele\u2019nin katk\u0131lar\u0131yla organize edilen festival 31 May\u0131s\u2019 a kadar s\u00fcrecek ve 12 farkl\u0131 konsere ev sahipli\u011fi yapacak.<\/p>\n<\/p><\/div>\n<p><script async\n                    defer\n                    crossorigin=\"anonymous\"\n                    src=\"https:\/\/connect.facebook.net\/tr_TR\/sdk.js#xfbml=1&#038;version=v3.3\"\n            ><\/script><\/p>\n","protected":false},"excerpt":{"rendered":"<p>19. Uluslararas\u0131 Bellapais \u0130lkbahar M\u00fczik Festivali kapsam\u0131nda 18 May\u0131s Cumartesi ak\u015fam\u0131 Gen\u00e7 Yetenekler Production Orkestras\u0131 &amp; KPKD Ada I\u015f\u0131\u011f\u0131 \u00c7ocuk Korosu ile Gen\u00e7lik Vokal Toplulu\u011fu Konser verecek. Kuzey K\u0131br\u0131s M\u00fczik Derne\u011fi \u2018nden yap\u0131lan a\u00e7\u0131klamaya g\u00f6re, festival kapsam\u0131nda Bellapais Manast\u0131r\u0131\u2019nda yer alacak konser saat 20.00\u2019 de ba\u015flayacak. Gen\u00e7lik Konserinin ilk b\u00f6l\u00fcm\u00fcnde Ersin Ka\u015fif y\u00f6netimindeki Gen\u00e7 Yetenekler [&hellip;]<\/p>\n","protected":false},"author":1,"featured_media":2703,"comment_status":"open","ping_status":"open","sticky":false,"template":"","format":"standard","meta":{"jnews-multi-image_gallery":[],"jnews_single_post":[],"jnews_primary_category":[],"jnews_social_meta":[],"jnews_override_counter":[],"footnotes":""},"categories":[6],"tags":[],"class_list":["post-2702","post","type-post","status-publish","format-standard","has-post-thumbnail","hentry","category-yasam"],"yoast_head":"<!-- This site is optimized with the Yoast SEO plugin v27.5 - https:\/\/yoast.com\/product\/yoast-seo-wordpress\/ -->\n<title>19. Uluslararas\u0131 Bellapais \u0130lkbahar M\u00fczik Festivali devam ediyor..Cumartesi ak\u015fam\u0131 \u201cGen\u00e7lik Konseri\u201d d\u00fczenlenecek - Kuzeyin Sesi<\/title>\n<meta name=\"robots\" content=\"index, follow, max-snippet:-1, max-image-preview:large, max-video-preview:-1\" \/>\n<link rel=\"canonical\" href=\"https:\/\/kuzeyinsesi.org\/index.php\/2024\/05\/16\/19-uluslararasi-bellapais-ilkbahar-muzik-festivali-devam-ediyor-cumartesi-aksami-genclik-konseri-duzenlenecek\/\" \/>\n<meta property=\"og:locale\" content=\"tr_TR\" \/>\n<meta property=\"og:type\" content=\"article\" \/>\n<meta property=\"og:title\" content=\"19. Uluslararas\u0131 Bellapais \u0130lkbahar M\u00fczik Festivali devam ediyor..Cumartesi ak\u015fam\u0131 \u201cGen\u00e7lik Konseri\u201d d\u00fczenlenecek - Kuzeyin Sesi\" \/>\n<meta property=\"og:description\" content=\"19. Uluslararas\u0131 Bellapais \u0130lkbahar M\u00fczik Festivali kapsam\u0131nda 18 May\u0131s Cumartesi ak\u015fam\u0131 Gen\u00e7 Yetenekler Production Orkestras\u0131 &amp; KPKD Ada I\u015f\u0131\u011f\u0131 \u00c7ocuk Korosu ile Gen\u00e7lik Vokal Toplulu\u011fu Konser verecek. Kuzey K\u0131br\u0131s M\u00fczik Derne\u011fi \u2018nden yap\u0131lan a\u00e7\u0131klamaya g\u00f6re, festival kapsam\u0131nda Bellapais Manast\u0131r\u0131\u2019nda yer alacak konser saat 20.00\u2019 de ba\u015flayacak. Gen\u00e7lik Konserinin ilk b\u00f6l\u00fcm\u00fcnde Ersin Ka\u015fif y\u00f6netimindeki Gen\u00e7 Yetenekler [&hellip;]\" \/>\n<meta property=\"og:url\" content=\"https:\/\/kuzeyinsesi.org\/index.php\/2024\/05\/16\/19-uluslararasi-bellapais-ilkbahar-muzik-festivali-devam-ediyor-cumartesi-aksami-genclik-konseri-duzenlenecek\/\" \/>\n<meta property=\"og:site_name\" content=\"Kuzeyin Sesi\" \/>\n<meta property=\"article:publisher\" content=\"https:\/\/www.facebook.com\/kuzeyinsesii\" \/>\n<meta property=\"article:published_time\" content=\"2024-05-16T09:34:07+00:00\" \/>\n<meta property=\"og:image\" content=\"https:\/\/kuzeyinsesi.org\/wp-content\/uploads\/2024\/05\/aisudoau.jpg\" \/>\n\t<meta property=\"og:image:width\" content=\"1080\" \/>\n\t<meta property=\"og:image:height\" content=\"565\" \/>\n\t<meta property=\"og:image:type\" content=\"image\/jpeg\" \/>\n<meta name=\"author\" content=\"Kuzeyin Sesi\" \/>\n<meta name=\"twitter:card\" content=\"summary_large_image\" \/>\n<meta name=\"twitter:creator\" content=\"@kuzeyinsesii\" \/>\n<meta name=\"twitter:site\" content=\"@kuzeyinsesii\" \/>\n<meta name=\"twitter:label1\" content=\"Yazan:\" \/>\n\t<meta name=\"twitter:data1\" content=\"Kuzeyin Sesi\" \/>\n\t<meta name=\"twitter:label2\" content=\"Tahmini okuma s\u00fcresi\" \/>\n\t<meta name=\"twitter:data2\" content=\"1 dakika\" \/>\n<script type=\"application\/ld+json\" class=\"yoast-schema-graph\">{\"@context\":\"https:\\\/\\\/schema.org\",\"@graph\":[{\"@type\":\"Article\",\"@id\":\"https:\\\/\\\/kuzeyinsesi.org\\\/index.php\\\/2024\\\/05\\\/16\\\/19-uluslararasi-bellapais-ilkbahar-muzik-festivali-devam-ediyor-cumartesi-aksami-genclik-konseri-duzenlenecek\\\/#article\",\"isPartOf\":{\"@id\":\"https:\\\/\\\/kuzeyinsesi.org\\\/index.php\\\/2024\\\/05\\\/16\\\/19-uluslararasi-bellapais-ilkbahar-muzik-festivali-devam-ediyor-cumartesi-aksami-genclik-konseri-duzenlenecek\\\/\"},\"author\":{\"name\":\"Kuzeyin Sesi\",\"@id\":\"https:\\\/\\\/kuzeyinsesi.org\\\/#\\\/schema\\\/person\\\/9f859689cdf01485597712386e37f5aa\"},\"headline\":\"19. Uluslararas\u0131 Bellapais \u0130lkbahar M\u00fczik Festivali devam ediyor..Cumartesi ak\u015fam\u0131 \u201cGen\u00e7lik Konseri\u201d d\u00fczenlenecek\",\"datePublished\":\"2024-05-16T09:34:07+00:00\",\"mainEntityOfPage\":{\"@id\":\"https:\\\/\\\/kuzeyinsesi.org\\\/index.php\\\/2024\\\/05\\\/16\\\/19-uluslararasi-bellapais-ilkbahar-muzik-festivali-devam-ediyor-cumartesi-aksami-genclik-konseri-duzenlenecek\\\/\"},\"wordCount\":212,\"commentCount\":0,\"image\":{\"@id\":\"https:\\\/\\\/kuzeyinsesi.org\\\/index.php\\\/2024\\\/05\\\/16\\\/19-uluslararasi-bellapais-ilkbahar-muzik-festivali-devam-ediyor-cumartesi-aksami-genclik-konseri-duzenlenecek\\\/#primaryimage\"},\"thumbnailUrl\":\"https:\\\/\\\/kuzeyinsesi.org\\\/wp-content\\\/uploads\\\/2024\\\/05\\\/aisudoau.jpg\",\"articleSection\":[\"Ya\u015fam\"],\"inLanguage\":\"tr\",\"potentialAction\":[{\"@type\":\"CommentAction\",\"name\":\"Comment\",\"target\":[\"https:\\\/\\\/kuzeyinsesi.org\\\/index.php\\\/2024\\\/05\\\/16\\\/19-uluslararasi-bellapais-ilkbahar-muzik-festivali-devam-ediyor-cumartesi-aksami-genclik-konseri-duzenlenecek\\\/#respond\"]}]},{\"@type\":\"WebPage\",\"@id\":\"https:\\\/\\\/kuzeyinsesi.org\\\/index.php\\\/2024\\\/05\\\/16\\\/19-uluslararasi-bellapais-ilkbahar-muzik-festivali-devam-ediyor-cumartesi-aksami-genclik-konseri-duzenlenecek\\\/\",\"url\":\"https:\\\/\\\/kuzeyinsesi.org\\\/index.php\\\/2024\\\/05\\\/16\\\/19-uluslararasi-bellapais-ilkbahar-muzik-festivali-devam-ediyor-cumartesi-aksami-genclik-konseri-duzenlenecek\\\/\",\"name\":\"19. Uluslararas\u0131 Bellapais \u0130lkbahar M\u00fczik Festivali devam ediyor..Cumartesi ak\u015fam\u0131 \u201cGen\u00e7lik Konseri\u201d d\u00fczenlenecek - Kuzeyin Sesi\",\"isPartOf\":{\"@id\":\"https:\\\/\\\/kuzeyinsesi.org\\\/#website\"},\"primaryImageOfPage\":{\"@id\":\"https:\\\/\\\/kuzeyinsesi.org\\\/index.php\\\/2024\\\/05\\\/16\\\/19-uluslararasi-bellapais-ilkbahar-muzik-festivali-devam-ediyor-cumartesi-aksami-genclik-konseri-duzenlenecek\\\/#primaryimage\"},\"image\":{\"@id\":\"https:\\\/\\\/kuzeyinsesi.org\\\/index.php\\\/2024\\\/05\\\/16\\\/19-uluslararasi-bellapais-ilkbahar-muzik-festivali-devam-ediyor-cumartesi-aksami-genclik-konseri-duzenlenecek\\\/#primaryimage\"},\"thumbnailUrl\":\"https:\\\/\\\/kuzeyinsesi.org\\\/wp-content\\\/uploads\\\/2024\\\/05\\\/aisudoau.jpg\",\"datePublished\":\"2024-05-16T09:34:07+00:00\",\"author\":{\"@id\":\"https:\\\/\\\/kuzeyinsesi.org\\\/#\\\/schema\\\/person\\\/9f859689cdf01485597712386e37f5aa\"},\"breadcrumb\":{\"@id\":\"https:\\\/\\\/kuzeyinsesi.org\\\/index.php\\\/2024\\\/05\\\/16\\\/19-uluslararasi-bellapais-ilkbahar-muzik-festivali-devam-ediyor-cumartesi-aksami-genclik-konseri-duzenlenecek\\\/#breadcrumb\"},\"inLanguage\":\"tr\",\"potentialAction\":[{\"@type\":\"ReadAction\",\"target\":[\"https:\\\/\\\/kuzeyinsesi.org\\\/index.php\\\/2024\\\/05\\\/16\\\/19-uluslararasi-bellapais-ilkbahar-muzik-festivali-devam-ediyor-cumartesi-aksami-genclik-konseri-duzenlenecek\\\/\"]}]},{\"@type\":\"ImageObject\",\"inLanguage\":\"tr\",\"@id\":\"https:\\\/\\\/kuzeyinsesi.org\\\/index.php\\\/2024\\\/05\\\/16\\\/19-uluslararasi-bellapais-ilkbahar-muzik-festivali-devam-ediyor-cumartesi-aksami-genclik-konseri-duzenlenecek\\\/#primaryimage\",\"url\":\"https:\\\/\\\/kuzeyinsesi.org\\\/wp-content\\\/uploads\\\/2024\\\/05\\\/aisudoau.jpg\",\"contentUrl\":\"https:\\\/\\\/kuzeyinsesi.org\\\/wp-content\\\/uploads\\\/2024\\\/05\\\/aisudoau.jpg\",\"width\":1080,\"height\":565},{\"@type\":\"BreadcrumbList\",\"@id\":\"https:\\\/\\\/kuzeyinsesi.org\\\/index.php\\\/2024\\\/05\\\/16\\\/19-uluslararasi-bellapais-ilkbahar-muzik-festivali-devam-ediyor-cumartesi-aksami-genclik-konseri-duzenlenecek\\\/#breadcrumb\",\"itemListElement\":[{\"@type\":\"ListItem\",\"position\":1,\"name\":\"Anasayfa\",\"item\":\"https:\\\/\\\/kuzeyinsesi.org\\\/\"},{\"@type\":\"ListItem\",\"position\":2,\"name\":\"19. Uluslararas\u0131 Bellapais \u0130lkbahar M\u00fczik Festivali devam ediyor..Cumartesi ak\u015fam\u0131 \u201cGen\u00e7lik Konseri\u201d d\u00fczenlenecek\"}]},{\"@type\":\"WebSite\",\"@id\":\"https:\\\/\\\/kuzeyinsesi.org\\\/#website\",\"url\":\"https:\\\/\\\/kuzeyinsesi.org\\\/\",\"name\":\"Kuzeyin Sesi\",\"description\":\"Do\u011fru Haberin Adresi\",\"potentialAction\":[{\"@type\":\"SearchAction\",\"target\":{\"@type\":\"EntryPoint\",\"urlTemplate\":\"https:\\\/\\\/kuzeyinsesi.org\\\/?s={search_term_string}\"},\"query-input\":{\"@type\":\"PropertyValueSpecification\",\"valueRequired\":true,\"valueName\":\"search_term_string\"}}],\"inLanguage\":\"tr\"},{\"@type\":\"Person\",\"@id\":\"https:\\\/\\\/kuzeyinsesi.org\\\/#\\\/schema\\\/person\\\/9f859689cdf01485597712386e37f5aa\",\"name\":\"Kuzeyin Sesi\",\"image\":{\"@type\":\"ImageObject\",\"inLanguage\":\"tr\",\"@id\":\"https:\\\/\\\/secure.gravatar.com\\\/avatar\\\/bab33852abfd8b282518d6ed81826833d77c3c882d9ab608add591ccace47a44?s=96&d=mm&r=g\",\"url\":\"https:\\\/\\\/secure.gravatar.com\\\/avatar\\\/bab33852abfd8b282518d6ed81826833d77c3c882d9ab608add591ccace47a44?s=96&d=mm&r=g\",\"contentUrl\":\"https:\\\/\\\/secure.gravatar.com\\\/avatar\\\/bab33852abfd8b282518d6ed81826833d77c3c882d9ab608add591ccace47a44?s=96&d=mm&r=g\",\"caption\":\"Kuzeyin Sesi\"},\"sameAs\":[\"https:\\\/\\\/kuzeyinsesi.org\"],\"url\":\"https:\\\/\\\/kuzeyinsesi.org\\\/index.php\\\/author\\\/guven\\\/\"}]}<\/script>\n<!-- \/ Yoast SEO plugin. -->","yoast_head_json":{"title":"19. Uluslararas\u0131 Bellapais \u0130lkbahar M\u00fczik Festivali devam ediyor..Cumartesi ak\u015fam\u0131 \u201cGen\u00e7lik Konseri\u201d d\u00fczenlenecek - Kuzeyin Sesi","robots":{"index":"index","follow":"follow","max-snippet":"max-snippet:-1","max-image-preview":"max-image-preview:large","max-video-preview":"max-video-preview:-1"},"canonical":"https:\/\/kuzeyinsesi.org\/index.php\/2024\/05\/16\/19-uluslararasi-bellapais-ilkbahar-muzik-festivali-devam-ediyor-cumartesi-aksami-genclik-konseri-duzenlenecek\/","og_locale":"tr_TR","og_type":"article","og_title":"19. Uluslararas\u0131 Bellapais \u0130lkbahar M\u00fczik Festivali devam ediyor..Cumartesi ak\u015fam\u0131 \u201cGen\u00e7lik Konseri\u201d d\u00fczenlenecek - Kuzeyin Sesi","og_description":"19. Uluslararas\u0131 Bellapais \u0130lkbahar M\u00fczik Festivali kapsam\u0131nda 18 May\u0131s Cumartesi ak\u015fam\u0131 Gen\u00e7 Yetenekler Production Orkestras\u0131 &amp; KPKD Ada I\u015f\u0131\u011f\u0131 \u00c7ocuk Korosu ile Gen\u00e7lik Vokal Toplulu\u011fu Konser verecek. Kuzey K\u0131br\u0131s M\u00fczik Derne\u011fi \u2018nden yap\u0131lan a\u00e7\u0131klamaya g\u00f6re, festival kapsam\u0131nda Bellapais Manast\u0131r\u0131\u2019nda yer alacak konser saat 20.00\u2019 de ba\u015flayacak. Gen\u00e7lik Konserinin ilk b\u00f6l\u00fcm\u00fcnde Ersin Ka\u015fif y\u00f6netimindeki Gen\u00e7 Yetenekler [&hellip;]","og_url":"https:\/\/kuzeyinsesi.org\/index.php\/2024\/05\/16\/19-uluslararasi-bellapais-ilkbahar-muzik-festivali-devam-ediyor-cumartesi-aksami-genclik-konseri-duzenlenecek\/","og_site_name":"Kuzeyin Sesi","article_publisher":"https:\/\/www.facebook.com\/kuzeyinsesii","article_published_time":"2024-05-16T09:34:07+00:00","og_image":[{"width":1080,"height":565,"url":"https:\/\/kuzeyinsesi.org\/wp-content\/uploads\/2024\/05\/aisudoau.jpg","type":"image\/jpeg"}],"author":"Kuzeyin Sesi","twitter_card":"summary_large_image","twitter_creator":"@kuzeyinsesii","twitter_site":"@kuzeyinsesii","twitter_misc":{"Yazan:":"Kuzeyin Sesi","Tahmini okuma s\u00fcresi":"1 dakika"},"schema":{"@context":"https:\/\/schema.org","@graph":[{"@type":"Article","@id":"https:\/\/kuzeyinsesi.org\/index.php\/2024\/05\/16\/19-uluslararasi-bellapais-ilkbahar-muzik-festivali-devam-ediyor-cumartesi-aksami-genclik-konseri-duzenlenecek\/#article","isPartOf":{"@id":"https:\/\/kuzeyinsesi.org\/index.php\/2024\/05\/16\/19-uluslararasi-bellapais-ilkbahar-muzik-festivali-devam-ediyor-cumartesi-aksami-genclik-konseri-duzenlenecek\/"},"author":{"name":"Kuzeyin Sesi","@id":"https:\/\/kuzeyinsesi.org\/#\/schema\/person\/9f859689cdf01485597712386e37f5aa"},"headline":"19. Uluslararas\u0131 Bellapais \u0130lkbahar M\u00fczik Festivali devam ediyor..Cumartesi ak\u015fam\u0131 \u201cGen\u00e7lik Konseri\u201d d\u00fczenlenecek","datePublished":"2024-05-16T09:34:07+00:00","mainEntityOfPage":{"@id":"https:\/\/kuzeyinsesi.org\/index.php\/2024\/05\/16\/19-uluslararasi-bellapais-ilkbahar-muzik-festivali-devam-ediyor-cumartesi-aksami-genclik-konseri-duzenlenecek\/"},"wordCount":212,"commentCount":0,"image":{"@id":"https:\/\/kuzeyinsesi.org\/index.php\/2024\/05\/16\/19-uluslararasi-bellapais-ilkbahar-muzik-festivali-devam-ediyor-cumartesi-aksami-genclik-konseri-duzenlenecek\/#primaryimage"},"thumbnailUrl":"https:\/\/kuzeyinsesi.org\/wp-content\/uploads\/2024\/05\/aisudoau.jpg","articleSection":["Ya\u015fam"],"inLanguage":"tr","potentialAction":[{"@type":"CommentAction","name":"Comment","target":["https:\/\/kuzeyinsesi.org\/index.php\/2024\/05\/16\/19-uluslararasi-bellapais-ilkbahar-muzik-festivali-devam-ediyor-cumartesi-aksami-genclik-konseri-duzenlenecek\/#respond"]}]},{"@type":"WebPage","@id":"https:\/\/kuzeyinsesi.org\/index.php\/2024\/05\/16\/19-uluslararasi-bellapais-ilkbahar-muzik-festivali-devam-ediyor-cumartesi-aksami-genclik-konseri-duzenlenecek\/","url":"https:\/\/kuzeyinsesi.org\/index.php\/2024\/05\/16\/19-uluslararasi-bellapais-ilkbahar-muzik-festivali-devam-ediyor-cumartesi-aksami-genclik-konseri-duzenlenecek\/","name":"19. Uluslararas\u0131 Bellapais \u0130lkbahar M\u00fczik Festivali devam ediyor..Cumartesi ak\u015fam\u0131 \u201cGen\u00e7lik Konseri\u201d d\u00fczenlenecek - Kuzeyin Sesi","isPartOf":{"@id":"https:\/\/kuzeyinsesi.org\/#website"},"primaryImageOfPage":{"@id":"https:\/\/kuzeyinsesi.org\/index.php\/2024\/05\/16\/19-uluslararasi-bellapais-ilkbahar-muzik-festivali-devam-ediyor-cumartesi-aksami-genclik-konseri-duzenlenecek\/#primaryimage"},"image":{"@id":"https:\/\/kuzeyinsesi.org\/index.php\/2024\/05\/16\/19-uluslararasi-bellapais-ilkbahar-muzik-festivali-devam-ediyor-cumartesi-aksami-genclik-konseri-duzenlenecek\/#primaryimage"},"thumbnailUrl":"https:\/\/kuzeyinsesi.org\/wp-content\/uploads\/2024\/05\/aisudoau.jpg","datePublished":"2024-05-16T09:34:07+00:00","author":{"@id":"https:\/\/kuzeyinsesi.org\/#\/schema\/person\/9f859689cdf01485597712386e37f5aa"},"breadcrumb":{"@id":"https:\/\/kuzeyinsesi.org\/index.php\/2024\/05\/16\/19-uluslararasi-bellapais-ilkbahar-muzik-festivali-devam-ediyor-cumartesi-aksami-genclik-konseri-duzenlenecek\/#breadcrumb"},"inLanguage":"tr","potentialAction":[{"@type":"ReadAction","target":["https:\/\/kuzeyinsesi.org\/index.php\/2024\/05\/16\/19-uluslararasi-bellapais-ilkbahar-muzik-festivali-devam-ediyor-cumartesi-aksami-genclik-konseri-duzenlenecek\/"]}]},{"@type":"ImageObject","inLanguage":"tr","@id":"https:\/\/kuzeyinsesi.org\/index.php\/2024\/05\/16\/19-uluslararasi-bellapais-ilkbahar-muzik-festivali-devam-ediyor-cumartesi-aksami-genclik-konseri-duzenlenecek\/#primaryimage","url":"https:\/\/kuzeyinsesi.org\/wp-content\/uploads\/2024\/05\/aisudoau.jpg","contentUrl":"https:\/\/kuzeyinsesi.org\/wp-content\/uploads\/2024\/05\/aisudoau.jpg","width":1080,"height":565},{"@type":"BreadcrumbList","@id":"https:\/\/kuzeyinsesi.org\/index.php\/2024\/05\/16\/19-uluslararasi-bellapais-ilkbahar-muzik-festivali-devam-ediyor-cumartesi-aksami-genclik-konseri-duzenlenecek\/#breadcrumb","itemListElement":[{"@type":"ListItem","position":1,"name":"Anasayfa","item":"https:\/\/kuzeyinsesi.org\/"},{"@type":"ListItem","position":2,"name":"19. Uluslararas\u0131 Bellapais \u0130lkbahar M\u00fczik Festivali devam ediyor..Cumartesi ak\u015fam\u0131 \u201cGen\u00e7lik Konseri\u201d d\u00fczenlenecek"}]},{"@type":"WebSite","@id":"https:\/\/kuzeyinsesi.org\/#website","url":"https:\/\/kuzeyinsesi.org\/","name":"Kuzeyin Sesi","description":"Do\u011fru Haberin Adresi","potentialAction":[{"@type":"SearchAction","target":{"@type":"EntryPoint","urlTemplate":"https:\/\/kuzeyinsesi.org\/?s={search_term_string}"},"query-input":{"@type":"PropertyValueSpecification","valueRequired":true,"valueName":"search_term_string"}}],"inLanguage":"tr"},{"@type":"Person","@id":"https:\/\/kuzeyinsesi.org\/#\/schema\/person\/9f859689cdf01485597712386e37f5aa","name":"Kuzeyin Sesi","image":{"@type":"ImageObject","inLanguage":"tr","@id":"https:\/\/secure.gravatar.com\/avatar\/bab33852abfd8b282518d6ed81826833d77c3c882d9ab608add591ccace47a44?s=96&d=mm&r=g","url":"https:\/\/secure.gravatar.com\/avatar\/bab33852abfd8b282518d6ed81826833d77c3c882d9ab608add591ccace47a44?s=96&d=mm&r=g","contentUrl":"https:\/\/secure.gravatar.com\/avatar\/bab33852abfd8b282518d6ed81826833d77c3c882d9ab608add591ccace47a44?s=96&d=mm&r=g","caption":"Kuzeyin Sesi"},"sameAs":["https:\/\/kuzeyinsesi.org"],"url":"https:\/\/kuzeyinsesi.org\/index.php\/author\/guven\/"}]}},"_links":{"self":[{"href":"https:\/\/kuzeyinsesi.org\/index.php\/wp-json\/wp\/v2\/posts\/2702","targetHints":{"allow":["GET"]}}],"collection":[{"href":"https:\/\/kuzeyinsesi.org\/index.php\/wp-json\/wp\/v2\/posts"}],"about":[{"href":"https:\/\/kuzeyinsesi.org\/index.php\/wp-json\/wp\/v2\/types\/post"}],"author":[{"embeddable":true,"href":"https:\/\/kuzeyinsesi.org\/index.php\/wp-json\/wp\/v2\/users\/1"}],"replies":[{"embeddable":true,"href":"https:\/\/kuzeyinsesi.org\/index.php\/wp-json\/wp\/v2\/comments?post=2702"}],"version-history":[{"count":0,"href":"https:\/\/kuzeyinsesi.org\/index.php\/wp-json\/wp\/v2\/posts\/2702\/revisions"}],"wp:featuredmedia":[{"embeddable":true,"href":"https:\/\/kuzeyinsesi.org\/index.php\/wp-json\/wp\/v2\/media\/2703"}],"wp:attachment":[{"href":"https:\/\/kuzeyinsesi.org\/index.php\/wp-json\/wp\/v2\/media?parent=2702"}],"wp:term":[{"taxonomy":"category","embeddable":true,"href":"https:\/\/kuzeyinsesi.org\/index.php\/wp-json\/wp\/v2\/categories?post=2702"},{"taxonomy":"post_tag","embeddable":true,"href":"https:\/\/kuzeyinsesi.org\/index.php\/wp-json\/wp\/v2\/tags?post=2702"}],"curies":[{"name":"wp","href":"https:\/\/api.w.org\/{rel}","templated":true}]}}