{"id":2688,"date":"2024-05-16T11:32:57","date_gmt":"2024-05-16T08:32:57","guid":{"rendered":"https:\/\/kuzeyinsesi.com\/index.php\/2024\/05\/16\/kayla-gunesel-ve-kucuk-ordek-kitabi-okuyucuyla-bulusuyor\/"},"modified":"2024-05-16T11:32:57","modified_gmt":"2024-05-16T08:32:57","slug":"kayla-gunesel-ve-kucuk-ordek-kitabi-okuyucuyla-bulusuyor","status":"publish","type":"post","link":"https:\/\/kuzeyinsesi.org\/index.php\/2024\/05\/16\/kayla-gunesel-ve-kucuk-ordek-kitabi-okuyucuyla-bulusuyor\/","title":{"rendered":"Kayla G\u00fcne\u015fel ve \u201cK\u00fc\u00e7\u00fck \u00d6rdek\u201d kitab\u0131 okuyucuyla bulu\u015fuyor"},"content":{"rendered":"<div>\n<div class=\"mariselle-image-container none\">\n                                            <\/div>\n<p>Kayla G\u00fcne\u015fel\u2019in T\u00fcrk\u00e7e, \u0130ngilizce ve Frans\u0131zca olarak kaleme ald\u0131\u011f\u0131 \u201cK\u00fc\u00e7\u00fck \u00d6rdek\u201d isimli kitab\u0131, cumartesi g\u00fcn\u00fc Lefko\u015fa\u2019da R\u00fcstem Kitabevi\u2019nde d\u00fczenlenecek etkinlikle tan\u0131t\u0131lacak.<\/p>\n<p>10 ya\u015f\u0131ndaki Kayla, resimlerini de kendi \u00e7izdi\u011fi hikayesini ayn\u0131 kitapta, 3 farkl\u0131 dilde yazd\u0131.<\/p>\n<p>Ailesinden verilen bilgiye g\u00f6re, T\u00fcrk\u00e7e, \u0130ngilize ve Frans\u0131zca dillerini rahatl\u0131kla konu\u015fan ve kendini yaz\u0131l\u0131 olarak da ifade edebilen Kayla G\u00fcne\u015fel\u2019in hayal g\u00fcc\u00fcyle anlatt\u0131\u011f\u0131\u00a0\u201cK\u00fc\u00e7\u00fck \u00d6rdek\u201d\u00a0hikayesi, \u00e7ocuklar\u0131n yan\u0131s\u0131ra \u00a0yeti\u015fkinlere\u00a0de hitap ediyor.<\/p>\n<p>\u2018K\u00fc\u00e7\u00fck \u00d6rdek\u2019 kitab\u0131n\u0131, bir hayalin ger\u00e7ekle\u015fmesi olarak ifade eden Kayla, kitab\u0131 yazma sebepleri olarak \u201ck\u0131skan\u00e7l\u0131\u011f\u0131n k\u00f6t\u00fc bir \u015fey oldu\u011funu anlatmak, d\u00fcnyada bar\u0131\u015f mesaj\u0131n\u0131 vermek ve k\u00f6t\u00fcl\u00fck yapan\u0131n k\u00f6t\u00fcl\u00fck buldu\u011funu vurgulamak\u201d oldu\u011funu anlatt\u0131, deste\u011fi i\u00e7in T\u00fcrk\u00e7e \u00f6\u011fretmenine de te\u015fekk\u00fcr etti.<\/p>\n<p>Kitab\u0131n lansman\u0131, 18 May\u0131s Cumartesi g\u00fcn\u00fc, R\u00fcstem Kitabevi\u2019nde saat 11.00\u2019de ger\u00e7ekle\u015fecek.<\/p>\n<\/p><\/div>\n<p><script async\n                    defer\n                    crossorigin=\"anonymous\"\n                    src=\"https:\/\/connect.facebook.net\/tr_TR\/sdk.js#xfbml=1&#038;version=v3.3\"\n            ><\/script><\/p>\n","protected":false},"excerpt":{"rendered":"<p>Kayla G\u00fcne\u015fel\u2019in T\u00fcrk\u00e7e, \u0130ngilizce ve Frans\u0131zca olarak kaleme ald\u0131\u011f\u0131 \u201cK\u00fc\u00e7\u00fck \u00d6rdek\u201d isimli kitab\u0131, cumartesi g\u00fcn\u00fc Lefko\u015fa\u2019da R\u00fcstem Kitabevi\u2019nde d\u00fczenlenecek etkinlikle tan\u0131t\u0131lacak. 10 ya\u015f\u0131ndaki Kayla, resimlerini de kendi \u00e7izdi\u011fi hikayesini ayn\u0131 kitapta, 3 farkl\u0131 dilde yazd\u0131. Ailesinden verilen bilgiye g\u00f6re, T\u00fcrk\u00e7e, \u0130ngilize ve Frans\u0131zca dillerini rahatl\u0131kla konu\u015fan ve kendini yaz\u0131l\u0131 olarak da ifade edebilen Kayla G\u00fcne\u015fel\u2019in [&hellip;]<\/p>\n","protected":false},"author":1,"featured_media":2689,"comment_status":"open","ping_status":"open","sticky":false,"template":"","format":"standard","meta":{"jnews-multi-image_gallery":[],"jnews_single_post":[],"jnews_primary_category":[],"jnews_social_meta":[],"jnews_override_counter":[],"footnotes":""},"categories":[6],"tags":[],"class_list":["post-2688","post","type-post","status-publish","format-standard","has-post-thumbnail","hentry","category-yasam"],"yoast_head":"<!-- This site is optimized with the Yoast SEO plugin v27.5 - https:\/\/yoast.com\/product\/yoast-seo-wordpress\/ -->\n<title>Kayla G\u00fcne\u015fel ve \u201cK\u00fc\u00e7\u00fck \u00d6rdek\u201d kitab\u0131 okuyucuyla bulu\u015fuyor - Kuzeyin Sesi<\/title>\n<meta name=\"robots\" content=\"index, follow, max-snippet:-1, max-image-preview:large, max-video-preview:-1\" \/>\n<link rel=\"canonical\" href=\"https:\/\/kuzeyinsesi.org\/index.php\/2024\/05\/16\/kayla-gunesel-ve-kucuk-ordek-kitabi-okuyucuyla-bulusuyor\/\" \/>\n<meta property=\"og:locale\" content=\"tr_TR\" \/>\n<meta property=\"og:type\" content=\"article\" \/>\n<meta property=\"og:title\" content=\"Kayla G\u00fcne\u015fel ve \u201cK\u00fc\u00e7\u00fck \u00d6rdek\u201d kitab\u0131 okuyucuyla bulu\u015fuyor - Kuzeyin Sesi\" \/>\n<meta property=\"og:description\" content=\"Kayla G\u00fcne\u015fel\u2019in T\u00fcrk\u00e7e, \u0130ngilizce ve Frans\u0131zca olarak kaleme ald\u0131\u011f\u0131 \u201cK\u00fc\u00e7\u00fck \u00d6rdek\u201d isimli kitab\u0131, cumartesi g\u00fcn\u00fc Lefko\u015fa\u2019da R\u00fcstem Kitabevi\u2019nde d\u00fczenlenecek etkinlikle tan\u0131t\u0131lacak. 10 ya\u015f\u0131ndaki Kayla, resimlerini de kendi \u00e7izdi\u011fi hikayesini ayn\u0131 kitapta, 3 farkl\u0131 dilde yazd\u0131. Ailesinden verilen bilgiye g\u00f6re, T\u00fcrk\u00e7e, \u0130ngilize ve Frans\u0131zca dillerini rahatl\u0131kla konu\u015fan ve kendini yaz\u0131l\u0131 olarak da ifade edebilen Kayla G\u00fcne\u015fel\u2019in [&hellip;]\" \/>\n<meta property=\"og:url\" content=\"https:\/\/kuzeyinsesi.org\/index.php\/2024\/05\/16\/kayla-gunesel-ve-kucuk-ordek-kitabi-okuyucuyla-bulusuyor\/\" \/>\n<meta property=\"og:site_name\" content=\"Kuzeyin Sesi\" \/>\n<meta property=\"article:publisher\" content=\"https:\/\/www.facebook.com\/kuzeyinsesii\" \/>\n<meta property=\"article:published_time\" content=\"2024-05-16T08:32:57+00:00\" \/>\n<meta property=\"og:image\" content=\"https:\/\/kuzeyinsesi.org\/wp-content\/uploads\/2024\/05\/sibel-paralik-kitap-1-.jpeg\" \/>\n\t<meta property=\"og:image:width\" content=\"1600\" \/>\n\t<meta property=\"og:image:height\" content=\"1063\" \/>\n\t<meta property=\"og:image:type\" content=\"image\/jpeg\" \/>\n<meta name=\"author\" content=\"Kuzeyin Sesi\" \/>\n<meta name=\"twitter:card\" content=\"summary_large_image\" \/>\n<meta name=\"twitter:creator\" content=\"@kuzeyinsesii\" \/>\n<meta name=\"twitter:site\" content=\"@kuzeyinsesii\" \/>\n<meta name=\"twitter:label1\" content=\"Yazan:\" \/>\n\t<meta name=\"twitter:data1\" content=\"Kuzeyin Sesi\" \/>\n\t<meta name=\"twitter:label2\" content=\"Tahmini okuma s\u00fcresi\" \/>\n\t<meta name=\"twitter:data2\" content=\"1 dakika\" \/>\n<script type=\"application\/ld+json\" class=\"yoast-schema-graph\">{\"@context\":\"https:\\\/\\\/schema.org\",\"@graph\":[{\"@type\":\"Article\",\"@id\":\"https:\\\/\\\/kuzeyinsesi.org\\\/index.php\\\/2024\\\/05\\\/16\\\/kayla-gunesel-ve-kucuk-ordek-kitabi-okuyucuyla-bulusuyor\\\/#article\",\"isPartOf\":{\"@id\":\"https:\\\/\\\/kuzeyinsesi.org\\\/index.php\\\/2024\\\/05\\\/16\\\/kayla-gunesel-ve-kucuk-ordek-kitabi-okuyucuyla-bulusuyor\\\/\"},\"author\":{\"name\":\"Kuzeyin Sesi\",\"@id\":\"https:\\\/\\\/kuzeyinsesi.org\\\/#\\\/schema\\\/person\\\/9f859689cdf01485597712386e37f5aa\"},\"headline\":\"Kayla G\u00fcne\u015fel ve \u201cK\u00fc\u00e7\u00fck \u00d6rdek\u201d kitab\u0131 okuyucuyla bulu\u015fuyor\",\"datePublished\":\"2024-05-16T08:32:57+00:00\",\"mainEntityOfPage\":{\"@id\":\"https:\\\/\\\/kuzeyinsesi.org\\\/index.php\\\/2024\\\/05\\\/16\\\/kayla-gunesel-ve-kucuk-ordek-kitabi-okuyucuyla-bulusuyor\\\/\"},\"wordCount\":193,\"commentCount\":0,\"image\":{\"@id\":\"https:\\\/\\\/kuzeyinsesi.org\\\/index.php\\\/2024\\\/05\\\/16\\\/kayla-gunesel-ve-kucuk-ordek-kitabi-okuyucuyla-bulusuyor\\\/#primaryimage\"},\"thumbnailUrl\":\"https:\\\/\\\/kuzeyinsesi.org\\\/wp-content\\\/uploads\\\/2024\\\/05\\\/sibel-paralik-kitap-1-.jpeg\",\"articleSection\":[\"Ya\u015fam\"],\"inLanguage\":\"tr\",\"potentialAction\":[{\"@type\":\"CommentAction\",\"name\":\"Comment\",\"target\":[\"https:\\\/\\\/kuzeyinsesi.org\\\/index.php\\\/2024\\\/05\\\/16\\\/kayla-gunesel-ve-kucuk-ordek-kitabi-okuyucuyla-bulusuyor\\\/#respond\"]}]},{\"@type\":\"WebPage\",\"@id\":\"https:\\\/\\\/kuzeyinsesi.org\\\/index.php\\\/2024\\\/05\\\/16\\\/kayla-gunesel-ve-kucuk-ordek-kitabi-okuyucuyla-bulusuyor\\\/\",\"url\":\"https:\\\/\\\/kuzeyinsesi.org\\\/index.php\\\/2024\\\/05\\\/16\\\/kayla-gunesel-ve-kucuk-ordek-kitabi-okuyucuyla-bulusuyor\\\/\",\"name\":\"Kayla G\u00fcne\u015fel ve \u201cK\u00fc\u00e7\u00fck \u00d6rdek\u201d kitab\u0131 okuyucuyla bulu\u015fuyor - Kuzeyin Sesi\",\"isPartOf\":{\"@id\":\"https:\\\/\\\/kuzeyinsesi.org\\\/#website\"},\"primaryImageOfPage\":{\"@id\":\"https:\\\/\\\/kuzeyinsesi.org\\\/index.php\\\/2024\\\/05\\\/16\\\/kayla-gunesel-ve-kucuk-ordek-kitabi-okuyucuyla-bulusuyor\\\/#primaryimage\"},\"image\":{\"@id\":\"https:\\\/\\\/kuzeyinsesi.org\\\/index.php\\\/2024\\\/05\\\/16\\\/kayla-gunesel-ve-kucuk-ordek-kitabi-okuyucuyla-bulusuyor\\\/#primaryimage\"},\"thumbnailUrl\":\"https:\\\/\\\/kuzeyinsesi.org\\\/wp-content\\\/uploads\\\/2024\\\/05\\\/sibel-paralik-kitap-1-.jpeg\",\"datePublished\":\"2024-05-16T08:32:57+00:00\",\"author\":{\"@id\":\"https:\\\/\\\/kuzeyinsesi.org\\\/#\\\/schema\\\/person\\\/9f859689cdf01485597712386e37f5aa\"},\"breadcrumb\":{\"@id\":\"https:\\\/\\\/kuzeyinsesi.org\\\/index.php\\\/2024\\\/05\\\/16\\\/kayla-gunesel-ve-kucuk-ordek-kitabi-okuyucuyla-bulusuyor\\\/#breadcrumb\"},\"inLanguage\":\"tr\",\"potentialAction\":[{\"@type\":\"ReadAction\",\"target\":[\"https:\\\/\\\/kuzeyinsesi.org\\\/index.php\\\/2024\\\/05\\\/16\\\/kayla-gunesel-ve-kucuk-ordek-kitabi-okuyucuyla-bulusuyor\\\/\"]}]},{\"@type\":\"ImageObject\",\"inLanguage\":\"tr\",\"@id\":\"https:\\\/\\\/kuzeyinsesi.org\\\/index.php\\\/2024\\\/05\\\/16\\\/kayla-gunesel-ve-kucuk-ordek-kitabi-okuyucuyla-bulusuyor\\\/#primaryimage\",\"url\":\"https:\\\/\\\/kuzeyinsesi.org\\\/wp-content\\\/uploads\\\/2024\\\/05\\\/sibel-paralik-kitap-1-.jpeg\",\"contentUrl\":\"https:\\\/\\\/kuzeyinsesi.org\\\/wp-content\\\/uploads\\\/2024\\\/05\\\/sibel-paralik-kitap-1-.jpeg\",\"width\":1600,\"height\":1063},{\"@type\":\"BreadcrumbList\",\"@id\":\"https:\\\/\\\/kuzeyinsesi.org\\\/index.php\\\/2024\\\/05\\\/16\\\/kayla-gunesel-ve-kucuk-ordek-kitabi-okuyucuyla-bulusuyor\\\/#breadcrumb\",\"itemListElement\":[{\"@type\":\"ListItem\",\"position\":1,\"name\":\"Anasayfa\",\"item\":\"https:\\\/\\\/kuzeyinsesi.org\\\/\"},{\"@type\":\"ListItem\",\"position\":2,\"name\":\"Kayla G\u00fcne\u015fel ve \u201cK\u00fc\u00e7\u00fck \u00d6rdek\u201d kitab\u0131 okuyucuyla bulu\u015fuyor\"}]},{\"@type\":\"WebSite\",\"@id\":\"https:\\\/\\\/kuzeyinsesi.org\\\/#website\",\"url\":\"https:\\\/\\\/kuzeyinsesi.org\\\/\",\"name\":\"Kuzeyin Sesi\",\"description\":\"Do\u011fru Haberin Adresi\",\"potentialAction\":[{\"@type\":\"SearchAction\",\"target\":{\"@type\":\"EntryPoint\",\"urlTemplate\":\"https:\\\/\\\/kuzeyinsesi.org\\\/?s={search_term_string}\"},\"query-input\":{\"@type\":\"PropertyValueSpecification\",\"valueRequired\":true,\"valueName\":\"search_term_string\"}}],\"inLanguage\":\"tr\"},{\"@type\":\"Person\",\"@id\":\"https:\\\/\\\/kuzeyinsesi.org\\\/#\\\/schema\\\/person\\\/9f859689cdf01485597712386e37f5aa\",\"name\":\"Kuzeyin Sesi\",\"image\":{\"@type\":\"ImageObject\",\"inLanguage\":\"tr\",\"@id\":\"https:\\\/\\\/secure.gravatar.com\\\/avatar\\\/bab33852abfd8b282518d6ed81826833d77c3c882d9ab608add591ccace47a44?s=96&d=mm&r=g\",\"url\":\"https:\\\/\\\/secure.gravatar.com\\\/avatar\\\/bab33852abfd8b282518d6ed81826833d77c3c882d9ab608add591ccace47a44?s=96&d=mm&r=g\",\"contentUrl\":\"https:\\\/\\\/secure.gravatar.com\\\/avatar\\\/bab33852abfd8b282518d6ed81826833d77c3c882d9ab608add591ccace47a44?s=96&d=mm&r=g\",\"caption\":\"Kuzeyin Sesi\"},\"sameAs\":[\"https:\\\/\\\/kuzeyinsesi.org\"],\"url\":\"https:\\\/\\\/kuzeyinsesi.org\\\/index.php\\\/author\\\/guven\\\/\"}]}<\/script>\n<!-- \/ Yoast SEO plugin. -->","yoast_head_json":{"title":"Kayla G\u00fcne\u015fel ve \u201cK\u00fc\u00e7\u00fck \u00d6rdek\u201d kitab\u0131 okuyucuyla bulu\u015fuyor - Kuzeyin Sesi","robots":{"index":"index","follow":"follow","max-snippet":"max-snippet:-1","max-image-preview":"max-image-preview:large","max-video-preview":"max-video-preview:-1"},"canonical":"https:\/\/kuzeyinsesi.org\/index.php\/2024\/05\/16\/kayla-gunesel-ve-kucuk-ordek-kitabi-okuyucuyla-bulusuyor\/","og_locale":"tr_TR","og_type":"article","og_title":"Kayla G\u00fcne\u015fel ve \u201cK\u00fc\u00e7\u00fck \u00d6rdek\u201d kitab\u0131 okuyucuyla bulu\u015fuyor - Kuzeyin Sesi","og_description":"Kayla G\u00fcne\u015fel\u2019in T\u00fcrk\u00e7e, \u0130ngilizce ve Frans\u0131zca olarak kaleme ald\u0131\u011f\u0131 \u201cK\u00fc\u00e7\u00fck \u00d6rdek\u201d isimli kitab\u0131, cumartesi g\u00fcn\u00fc Lefko\u015fa\u2019da R\u00fcstem Kitabevi\u2019nde d\u00fczenlenecek etkinlikle tan\u0131t\u0131lacak. 10 ya\u015f\u0131ndaki Kayla, resimlerini de kendi \u00e7izdi\u011fi hikayesini ayn\u0131 kitapta, 3 farkl\u0131 dilde yazd\u0131. Ailesinden verilen bilgiye g\u00f6re, T\u00fcrk\u00e7e, \u0130ngilize ve Frans\u0131zca dillerini rahatl\u0131kla konu\u015fan ve kendini yaz\u0131l\u0131 olarak da ifade edebilen Kayla G\u00fcne\u015fel\u2019in [&hellip;]","og_url":"https:\/\/kuzeyinsesi.org\/index.php\/2024\/05\/16\/kayla-gunesel-ve-kucuk-ordek-kitabi-okuyucuyla-bulusuyor\/","og_site_name":"Kuzeyin Sesi","article_publisher":"https:\/\/www.facebook.com\/kuzeyinsesii","article_published_time":"2024-05-16T08:32:57+00:00","og_image":[{"width":1600,"height":1063,"url":"https:\/\/kuzeyinsesi.org\/wp-content\/uploads\/2024\/05\/sibel-paralik-kitap-1-.jpeg","type":"image\/jpeg"}],"author":"Kuzeyin Sesi","twitter_card":"summary_large_image","twitter_creator":"@kuzeyinsesii","twitter_site":"@kuzeyinsesii","twitter_misc":{"Yazan:":"Kuzeyin Sesi","Tahmini okuma s\u00fcresi":"1 dakika"},"schema":{"@context":"https:\/\/schema.org","@graph":[{"@type":"Article","@id":"https:\/\/kuzeyinsesi.org\/index.php\/2024\/05\/16\/kayla-gunesel-ve-kucuk-ordek-kitabi-okuyucuyla-bulusuyor\/#article","isPartOf":{"@id":"https:\/\/kuzeyinsesi.org\/index.php\/2024\/05\/16\/kayla-gunesel-ve-kucuk-ordek-kitabi-okuyucuyla-bulusuyor\/"},"author":{"name":"Kuzeyin Sesi","@id":"https:\/\/kuzeyinsesi.org\/#\/schema\/person\/9f859689cdf01485597712386e37f5aa"},"headline":"Kayla G\u00fcne\u015fel ve \u201cK\u00fc\u00e7\u00fck \u00d6rdek\u201d kitab\u0131 okuyucuyla bulu\u015fuyor","datePublished":"2024-05-16T08:32:57+00:00","mainEntityOfPage":{"@id":"https:\/\/kuzeyinsesi.org\/index.php\/2024\/05\/16\/kayla-gunesel-ve-kucuk-ordek-kitabi-okuyucuyla-bulusuyor\/"},"wordCount":193,"commentCount":0,"image":{"@id":"https:\/\/kuzeyinsesi.org\/index.php\/2024\/05\/16\/kayla-gunesel-ve-kucuk-ordek-kitabi-okuyucuyla-bulusuyor\/#primaryimage"},"thumbnailUrl":"https:\/\/kuzeyinsesi.org\/wp-content\/uploads\/2024\/05\/sibel-paralik-kitap-1-.jpeg","articleSection":["Ya\u015fam"],"inLanguage":"tr","potentialAction":[{"@type":"CommentAction","name":"Comment","target":["https:\/\/kuzeyinsesi.org\/index.php\/2024\/05\/16\/kayla-gunesel-ve-kucuk-ordek-kitabi-okuyucuyla-bulusuyor\/#respond"]}]},{"@type":"WebPage","@id":"https:\/\/kuzeyinsesi.org\/index.php\/2024\/05\/16\/kayla-gunesel-ve-kucuk-ordek-kitabi-okuyucuyla-bulusuyor\/","url":"https:\/\/kuzeyinsesi.org\/index.php\/2024\/05\/16\/kayla-gunesel-ve-kucuk-ordek-kitabi-okuyucuyla-bulusuyor\/","name":"Kayla G\u00fcne\u015fel ve \u201cK\u00fc\u00e7\u00fck \u00d6rdek\u201d kitab\u0131 okuyucuyla bulu\u015fuyor - Kuzeyin Sesi","isPartOf":{"@id":"https:\/\/kuzeyinsesi.org\/#website"},"primaryImageOfPage":{"@id":"https:\/\/kuzeyinsesi.org\/index.php\/2024\/05\/16\/kayla-gunesel-ve-kucuk-ordek-kitabi-okuyucuyla-bulusuyor\/#primaryimage"},"image":{"@id":"https:\/\/kuzeyinsesi.org\/index.php\/2024\/05\/16\/kayla-gunesel-ve-kucuk-ordek-kitabi-okuyucuyla-bulusuyor\/#primaryimage"},"thumbnailUrl":"https:\/\/kuzeyinsesi.org\/wp-content\/uploads\/2024\/05\/sibel-paralik-kitap-1-.jpeg","datePublished":"2024-05-16T08:32:57+00:00","author":{"@id":"https:\/\/kuzeyinsesi.org\/#\/schema\/person\/9f859689cdf01485597712386e37f5aa"},"breadcrumb":{"@id":"https:\/\/kuzeyinsesi.org\/index.php\/2024\/05\/16\/kayla-gunesel-ve-kucuk-ordek-kitabi-okuyucuyla-bulusuyor\/#breadcrumb"},"inLanguage":"tr","potentialAction":[{"@type":"ReadAction","target":["https:\/\/kuzeyinsesi.org\/index.php\/2024\/05\/16\/kayla-gunesel-ve-kucuk-ordek-kitabi-okuyucuyla-bulusuyor\/"]}]},{"@type":"ImageObject","inLanguage":"tr","@id":"https:\/\/kuzeyinsesi.org\/index.php\/2024\/05\/16\/kayla-gunesel-ve-kucuk-ordek-kitabi-okuyucuyla-bulusuyor\/#primaryimage","url":"https:\/\/kuzeyinsesi.org\/wp-content\/uploads\/2024\/05\/sibel-paralik-kitap-1-.jpeg","contentUrl":"https:\/\/kuzeyinsesi.org\/wp-content\/uploads\/2024\/05\/sibel-paralik-kitap-1-.jpeg","width":1600,"height":1063},{"@type":"BreadcrumbList","@id":"https:\/\/kuzeyinsesi.org\/index.php\/2024\/05\/16\/kayla-gunesel-ve-kucuk-ordek-kitabi-okuyucuyla-bulusuyor\/#breadcrumb","itemListElement":[{"@type":"ListItem","position":1,"name":"Anasayfa","item":"https:\/\/kuzeyinsesi.org\/"},{"@type":"ListItem","position":2,"name":"Kayla G\u00fcne\u015fel ve \u201cK\u00fc\u00e7\u00fck \u00d6rdek\u201d kitab\u0131 okuyucuyla bulu\u015fuyor"}]},{"@type":"WebSite","@id":"https:\/\/kuzeyinsesi.org\/#website","url":"https:\/\/kuzeyinsesi.org\/","name":"Kuzeyin Sesi","description":"Do\u011fru Haberin Adresi","potentialAction":[{"@type":"SearchAction","target":{"@type":"EntryPoint","urlTemplate":"https:\/\/kuzeyinsesi.org\/?s={search_term_string}"},"query-input":{"@type":"PropertyValueSpecification","valueRequired":true,"valueName":"search_term_string"}}],"inLanguage":"tr"},{"@type":"Person","@id":"https:\/\/kuzeyinsesi.org\/#\/schema\/person\/9f859689cdf01485597712386e37f5aa","name":"Kuzeyin Sesi","image":{"@type":"ImageObject","inLanguage":"tr","@id":"https:\/\/secure.gravatar.com\/avatar\/bab33852abfd8b282518d6ed81826833d77c3c882d9ab608add591ccace47a44?s=96&d=mm&r=g","url":"https:\/\/secure.gravatar.com\/avatar\/bab33852abfd8b282518d6ed81826833d77c3c882d9ab608add591ccace47a44?s=96&d=mm&r=g","contentUrl":"https:\/\/secure.gravatar.com\/avatar\/bab33852abfd8b282518d6ed81826833d77c3c882d9ab608add591ccace47a44?s=96&d=mm&r=g","caption":"Kuzeyin Sesi"},"sameAs":["https:\/\/kuzeyinsesi.org"],"url":"https:\/\/kuzeyinsesi.org\/index.php\/author\/guven\/"}]}},"_links":{"self":[{"href":"https:\/\/kuzeyinsesi.org\/index.php\/wp-json\/wp\/v2\/posts\/2688","targetHints":{"allow":["GET"]}}],"collection":[{"href":"https:\/\/kuzeyinsesi.org\/index.php\/wp-json\/wp\/v2\/posts"}],"about":[{"href":"https:\/\/kuzeyinsesi.org\/index.php\/wp-json\/wp\/v2\/types\/post"}],"author":[{"embeddable":true,"href":"https:\/\/kuzeyinsesi.org\/index.php\/wp-json\/wp\/v2\/users\/1"}],"replies":[{"embeddable":true,"href":"https:\/\/kuzeyinsesi.org\/index.php\/wp-json\/wp\/v2\/comments?post=2688"}],"version-history":[{"count":0,"href":"https:\/\/kuzeyinsesi.org\/index.php\/wp-json\/wp\/v2\/posts\/2688\/revisions"}],"wp:featuredmedia":[{"embeddable":true,"href":"https:\/\/kuzeyinsesi.org\/index.php\/wp-json\/wp\/v2\/media\/2689"}],"wp:attachment":[{"href":"https:\/\/kuzeyinsesi.org\/index.php\/wp-json\/wp\/v2\/media?parent=2688"}],"wp:term":[{"taxonomy":"category","embeddable":true,"href":"https:\/\/kuzeyinsesi.org\/index.php\/wp-json\/wp\/v2\/categories?post=2688"},{"taxonomy":"post_tag","embeddable":true,"href":"https:\/\/kuzeyinsesi.org\/index.php\/wp-json\/wp\/v2\/tags?post=2688"}],"curies":[{"name":"wp","href":"https:\/\/api.w.org\/{rel}","templated":true}]}}