{"id":2680,"date":"2024-05-16T10:32:07","date_gmt":"2024-05-16T07:32:07","guid":{"rendered":"https:\/\/kuzeyinsesi.com\/index.php\/2024\/05\/16\/dau-26nci-bahar-festivali-basladi\/"},"modified":"2024-05-16T10:32:07","modified_gmt":"2024-05-16T07:32:07","slug":"dau-26nci-bahar-festivali-basladi","status":"publish","type":"post","link":"https:\/\/kuzeyinsesi.org\/index.php\/2024\/05\/16\/dau-26nci-bahar-festivali-basladi\/","title":{"rendered":"DA\u00dc 26\u2019nc\u0131 Bahar Festivali ba\u015flad\u0131"},"content":{"rendered":"<div>\n<div class=\"mariselle-image-container center\">\n                                            <\/div>\n<p>26. Do\u011fu Akdeniz \u00dcniversitesi (DA\u00dc) Bahar Festivali\u2019nin a\u00e7\u0131l\u0131\u015f\u0131 d\u00fcn ger\u00e7ekle\u015ftirildi.  Festival kortej y\u00fcr\u00fcy\u00fc\u015f\u00fcyle ba\u015flad\u0131. <\/p>\n<div class=\"mariselle-image-container center\">\n                <img decoding=\"async\" width=\"1600\" height=\"949\" class=\"lazy-image\" alt=\"\" sizes=\"(max-width: 1600px) 100vw, 1600px\" src=\"https:\/\/brtk.net\/wp-content\/uploads\/2024\/05\/16\/cea1c258-fd27-484f-92a8-b05f7b41064buu.jpg?ver=b05cca5a5e73e4ddc170730a7d6f838d\" srcset=\"https:\/\/brtk.net\/wp-content\/uploads\/2024\/05\/16\/cea1c258-fd27-484f-92a8-b05f7b41064buu.jpg?ver=b05cca5a5e73e4ddc170730a7d6f838d 1600w, https:\/\/brtk.net\/wp-content\/uploads\/2024\/05\/16\/cea1c258-fd27-484f-92a8-b05f7b41064buu-300x178.jpg?ver=b05cca5a5e73e4ddc170730a7d6f838d 300w, https:\/\/brtk.net\/wp-content\/uploads\/2024\/05\/16\/cea1c258-fd27-484f-92a8-b05f7b41064buu-1024x607.jpg?ver=b05cca5a5e73e4ddc170730a7d6f838d 1024w, https:\/\/brtk.net\/wp-content\/uploads\/2024\/05\/16\/cea1c258-fd27-484f-92a8-b05f7b41064buu-768x456.jpg?ver=79849ea14fb02bc7ab55acb4327f0746 768w, https:\/\/brtk.net\/wp-content\/uploads\/2024\/05\/16\/cea1c258-fd27-484f-92a8-b05f7b41064buu-1536x911.jpg?ver=79849ea14fb02bc7ab55acb4327f0746 1536w\"\/>                            <\/div>\n<p>Kortejin ard\u0131ndan festivalin a\u00e7\u0131l\u0131\u015f\u0131 ger\u00e7ekle\u015ftirildi. A\u00e7\u0131l\u0131\u015fta konu\u015fan Rekt\u00f6r Yard\u0131mc\u0131lar\u0131 Prof.Dr.Sonu\u00e7 Zorlu ve  Prof.Dr.Ali \u00d6zt\u00fcren, \u00f6\u011frencilere keyifle ge\u00e7irecekleri bir bahar festivali program\u0131 haz\u0131rlad\u0131klar\u0131n\u0131 belirttiler.<\/p>\n<div class=\"mariselle-image-container center\">\n                <img decoding=\"async\" width=\"1385\" height=\"889\" class=\"lazy-image\" alt=\"\" sizes=\"(max-width: 1385px) 100vw, 1385px\" src=\"https:\/\/brtk.net\/wp-content\/uploads\/2024\/05\/16\/2f8bc2ce-99b5-4314-8066-61e2968f08e9jjj.jpg?ver=ab1081021ea7a25b6301f6b482bfbe90\" srcset=\"https:\/\/brtk.net\/wp-content\/uploads\/2024\/05\/16\/2f8bc2ce-99b5-4314-8066-61e2968f08e9jjj.jpg?ver=ab1081021ea7a25b6301f6b482bfbe90 1385w, https:\/\/brtk.net\/wp-content\/uploads\/2024\/05\/16\/2f8bc2ce-99b5-4314-8066-61e2968f08e9jjj-300x193.jpg?ver=ab1081021ea7a25b6301f6b482bfbe90 300w, https:\/\/brtk.net\/wp-content\/uploads\/2024\/05\/16\/2f8bc2ce-99b5-4314-8066-61e2968f08e9jjj-1024x657.jpg?ver=bc0db1ec2c716e0dc4be7bd574c0e33c 1024w, https:\/\/brtk.net\/wp-content\/uploads\/2024\/05\/16\/2f8bc2ce-99b5-4314-8066-61e2968f08e9jjj-768x493.jpg?ver=bc0db1ec2c716e0dc4be7bd574c0e33c 768w\"\/>                            <\/div>\n<p>Festivalin a\u00e7\u0131l\u0131\u015f konserini ise T\u00fcrkiye\u2019nin sevilen sanat\u00e7\u0131s\u0131 Sefo yapt\u0131. Bir\u00e7ok aktivitenin yer alaca\u011f\u0131 festival, 18 May\u0131s Cumartesi g\u00fcn\u00fcne kadar devam edecek.<\/p>\n<\/p><\/div>\n<p><script async\n                    defer\n                    crossorigin=\"anonymous\"\n                    src=\"https:\/\/connect.facebook.net\/tr_TR\/sdk.js#xfbml=1&#038;version=v3.3\"\n            ><\/script><\/p>\n","protected":false},"excerpt":{"rendered":"<p>26. Do\u011fu Akdeniz \u00dcniversitesi (DA\u00dc) Bahar Festivali\u2019nin a\u00e7\u0131l\u0131\u015f\u0131 d\u00fcn ger\u00e7ekle\u015ftirildi. Festival kortej y\u00fcr\u00fcy\u00fc\u015f\u00fcyle ba\u015flad\u0131. Kortejin ard\u0131ndan festivalin a\u00e7\u0131l\u0131\u015f\u0131 ger\u00e7ekle\u015ftirildi. A\u00e7\u0131l\u0131\u015fta konu\u015fan Rekt\u00f6r Yard\u0131mc\u0131lar\u0131 Prof.Dr.Sonu\u00e7 Zorlu ve Prof.Dr.Ali \u00d6zt\u00fcren, \u00f6\u011frencilere keyifle ge\u00e7irecekleri bir bahar festivali program\u0131 haz\u0131rlad\u0131klar\u0131n\u0131 belirttiler. Festivalin a\u00e7\u0131l\u0131\u015f konserini ise T\u00fcrkiye\u2019nin sevilen sanat\u00e7\u0131s\u0131 Sefo yapt\u0131. Bir\u00e7ok aktivitenin yer alaca\u011f\u0131 festival, 18 May\u0131s Cumartesi g\u00fcn\u00fcne [&hellip;]<\/p>\n","protected":false},"author":1,"featured_media":2681,"comment_status":"open","ping_status":"open","sticky":false,"template":"","format":"standard","meta":{"jnews-multi-image_gallery":[],"jnews_single_post":[],"jnews_primary_category":[],"jnews_social_meta":[],"jnews_override_counter":[],"footnotes":""},"categories":[6],"tags":[],"class_list":["post-2680","post","type-post","status-publish","format-standard","has-post-thumbnail","hentry","category-yasam"],"yoast_head":"<!-- This site is optimized with the Yoast SEO plugin v27.5 - https:\/\/yoast.com\/product\/yoast-seo-wordpress\/ -->\n<title>DA\u00dc 26\u2019nc\u0131 Bahar Festivali ba\u015flad\u0131 - Kuzeyin Sesi<\/title>\n<meta name=\"robots\" content=\"index, follow, max-snippet:-1, max-image-preview:large, max-video-preview:-1\" \/>\n<link rel=\"canonical\" href=\"https:\/\/kuzeyinsesi.org\/index.php\/2024\/05\/16\/dau-26nci-bahar-festivali-basladi\/\" \/>\n<meta property=\"og:locale\" content=\"tr_TR\" \/>\n<meta property=\"og:type\" content=\"article\" \/>\n<meta property=\"og:title\" content=\"DA\u00dc 26\u2019nc\u0131 Bahar Festivali ba\u015flad\u0131 - Kuzeyin Sesi\" \/>\n<meta property=\"og:description\" content=\"26. Do\u011fu Akdeniz \u00dcniversitesi (DA\u00dc) Bahar Festivali\u2019nin a\u00e7\u0131l\u0131\u015f\u0131 d\u00fcn ger\u00e7ekle\u015ftirildi. Festival kortej y\u00fcr\u00fcy\u00fc\u015f\u00fcyle ba\u015flad\u0131. Kortejin ard\u0131ndan festivalin a\u00e7\u0131l\u0131\u015f\u0131 ger\u00e7ekle\u015ftirildi. A\u00e7\u0131l\u0131\u015fta konu\u015fan Rekt\u00f6r Yard\u0131mc\u0131lar\u0131 Prof.Dr.Sonu\u00e7 Zorlu ve Prof.Dr.Ali \u00d6zt\u00fcren, \u00f6\u011frencilere keyifle ge\u00e7irecekleri bir bahar festivali program\u0131 haz\u0131rlad\u0131klar\u0131n\u0131 belirttiler. Festivalin a\u00e7\u0131l\u0131\u015f konserini ise T\u00fcrkiye\u2019nin sevilen sanat\u00e7\u0131s\u0131 Sefo yapt\u0131. Bir\u00e7ok aktivitenin yer alaca\u011f\u0131 festival, 18 May\u0131s Cumartesi g\u00fcn\u00fcne [&hellip;]\" \/>\n<meta property=\"og:url\" content=\"https:\/\/kuzeyinsesi.org\/index.php\/2024\/05\/16\/dau-26nci-bahar-festivali-basladi\/\" \/>\n<meta property=\"og:site_name\" content=\"Kuzeyin Sesi\" \/>\n<meta property=\"article:publisher\" content=\"https:\/\/www.facebook.com\/kuzeyinsesii\" \/>\n<meta property=\"article:published_time\" content=\"2024-05-16T07:32:07+00:00\" \/>\n<meta property=\"og:image\" content=\"https:\/\/kuzeyinsesi.org\/wp-content\/uploads\/2024\/05\/cea1c258-fd27-484f-92a8-b05f7b41064buu.jpg\" \/>\n\t<meta property=\"og:image:width\" content=\"1600\" \/>\n\t<meta property=\"og:image:height\" content=\"949\" \/>\n\t<meta property=\"og:image:type\" content=\"image\/jpeg\" \/>\n<meta name=\"author\" content=\"Kuzeyin Sesi\" \/>\n<meta name=\"twitter:card\" content=\"summary_large_image\" \/>\n<meta name=\"twitter:creator\" content=\"@kuzeyinsesii\" \/>\n<meta name=\"twitter:site\" content=\"@kuzeyinsesii\" \/>\n<meta name=\"twitter:label1\" content=\"Yazan:\" \/>\n\t<meta name=\"twitter:data1\" content=\"Kuzeyin Sesi\" \/>\n<script type=\"application\/ld+json\" class=\"yoast-schema-graph\">{\"@context\":\"https:\\\/\\\/schema.org\",\"@graph\":[{\"@type\":\"Article\",\"@id\":\"https:\\\/\\\/kuzeyinsesi.org\\\/index.php\\\/2024\\\/05\\\/16\\\/dau-26nci-bahar-festivali-basladi\\\/#article\",\"isPartOf\":{\"@id\":\"https:\\\/\\\/kuzeyinsesi.org\\\/index.php\\\/2024\\\/05\\\/16\\\/dau-26nci-bahar-festivali-basladi\\\/\"},\"author\":{\"name\":\"Kuzeyin Sesi\",\"@id\":\"https:\\\/\\\/kuzeyinsesi.org\\\/#\\\/schema\\\/person\\\/9f859689cdf01485597712386e37f5aa\"},\"headline\":\"DA\u00dc 26\u2019nc\u0131 Bahar Festivali ba\u015flad\u0131\",\"datePublished\":\"2024-05-16T07:32:07+00:00\",\"mainEntityOfPage\":{\"@id\":\"https:\\\/\\\/kuzeyinsesi.org\\\/index.php\\\/2024\\\/05\\\/16\\\/dau-26nci-bahar-festivali-basladi\\\/\"},\"wordCount\":99,\"commentCount\":0,\"image\":{\"@id\":\"https:\\\/\\\/kuzeyinsesi.org\\\/index.php\\\/2024\\\/05\\\/16\\\/dau-26nci-bahar-festivali-basladi\\\/#primaryimage\"},\"thumbnailUrl\":\"https:\\\/\\\/kuzeyinsesi.org\\\/wp-content\\\/uploads\\\/2024\\\/05\\\/cea1c258-fd27-484f-92a8-b05f7b41064buu.jpg\",\"articleSection\":[\"Ya\u015fam\"],\"inLanguage\":\"tr\",\"potentialAction\":[{\"@type\":\"CommentAction\",\"name\":\"Comment\",\"target\":[\"https:\\\/\\\/kuzeyinsesi.org\\\/index.php\\\/2024\\\/05\\\/16\\\/dau-26nci-bahar-festivali-basladi\\\/#respond\"]}]},{\"@type\":\"WebPage\",\"@id\":\"https:\\\/\\\/kuzeyinsesi.org\\\/index.php\\\/2024\\\/05\\\/16\\\/dau-26nci-bahar-festivali-basladi\\\/\",\"url\":\"https:\\\/\\\/kuzeyinsesi.org\\\/index.php\\\/2024\\\/05\\\/16\\\/dau-26nci-bahar-festivali-basladi\\\/\",\"name\":\"DA\u00dc 26\u2019nc\u0131 Bahar Festivali ba\u015flad\u0131 - Kuzeyin Sesi\",\"isPartOf\":{\"@id\":\"https:\\\/\\\/kuzeyinsesi.org\\\/#website\"},\"primaryImageOfPage\":{\"@id\":\"https:\\\/\\\/kuzeyinsesi.org\\\/index.php\\\/2024\\\/05\\\/16\\\/dau-26nci-bahar-festivali-basladi\\\/#primaryimage\"},\"image\":{\"@id\":\"https:\\\/\\\/kuzeyinsesi.org\\\/index.php\\\/2024\\\/05\\\/16\\\/dau-26nci-bahar-festivali-basladi\\\/#primaryimage\"},\"thumbnailUrl\":\"https:\\\/\\\/kuzeyinsesi.org\\\/wp-content\\\/uploads\\\/2024\\\/05\\\/cea1c258-fd27-484f-92a8-b05f7b41064buu.jpg\",\"datePublished\":\"2024-05-16T07:32:07+00:00\",\"author\":{\"@id\":\"https:\\\/\\\/kuzeyinsesi.org\\\/#\\\/schema\\\/person\\\/9f859689cdf01485597712386e37f5aa\"},\"breadcrumb\":{\"@id\":\"https:\\\/\\\/kuzeyinsesi.org\\\/index.php\\\/2024\\\/05\\\/16\\\/dau-26nci-bahar-festivali-basladi\\\/#breadcrumb\"},\"inLanguage\":\"tr\",\"potentialAction\":[{\"@type\":\"ReadAction\",\"target\":[\"https:\\\/\\\/kuzeyinsesi.org\\\/index.php\\\/2024\\\/05\\\/16\\\/dau-26nci-bahar-festivali-basladi\\\/\"]}]},{\"@type\":\"ImageObject\",\"inLanguage\":\"tr\",\"@id\":\"https:\\\/\\\/kuzeyinsesi.org\\\/index.php\\\/2024\\\/05\\\/16\\\/dau-26nci-bahar-festivali-basladi\\\/#primaryimage\",\"url\":\"https:\\\/\\\/kuzeyinsesi.org\\\/wp-content\\\/uploads\\\/2024\\\/05\\\/cea1c258-fd27-484f-92a8-b05f7b41064buu.jpg\",\"contentUrl\":\"https:\\\/\\\/kuzeyinsesi.org\\\/wp-content\\\/uploads\\\/2024\\\/05\\\/cea1c258-fd27-484f-92a8-b05f7b41064buu.jpg\",\"width\":1600,\"height\":949},{\"@type\":\"BreadcrumbList\",\"@id\":\"https:\\\/\\\/kuzeyinsesi.org\\\/index.php\\\/2024\\\/05\\\/16\\\/dau-26nci-bahar-festivali-basladi\\\/#breadcrumb\",\"itemListElement\":[{\"@type\":\"ListItem\",\"position\":1,\"name\":\"Anasayfa\",\"item\":\"https:\\\/\\\/kuzeyinsesi.org\\\/\"},{\"@type\":\"ListItem\",\"position\":2,\"name\":\"DA\u00dc 26\u2019nc\u0131 Bahar Festivali ba\u015flad\u0131\"}]},{\"@type\":\"WebSite\",\"@id\":\"https:\\\/\\\/kuzeyinsesi.org\\\/#website\",\"url\":\"https:\\\/\\\/kuzeyinsesi.org\\\/\",\"name\":\"Kuzeyin Sesi\",\"description\":\"Do\u011fru Haberin Adresi\",\"potentialAction\":[{\"@type\":\"SearchAction\",\"target\":{\"@type\":\"EntryPoint\",\"urlTemplate\":\"https:\\\/\\\/kuzeyinsesi.org\\\/?s={search_term_string}\"},\"query-input\":{\"@type\":\"PropertyValueSpecification\",\"valueRequired\":true,\"valueName\":\"search_term_string\"}}],\"inLanguage\":\"tr\"},{\"@type\":\"Person\",\"@id\":\"https:\\\/\\\/kuzeyinsesi.org\\\/#\\\/schema\\\/person\\\/9f859689cdf01485597712386e37f5aa\",\"name\":\"Kuzeyin Sesi\",\"image\":{\"@type\":\"ImageObject\",\"inLanguage\":\"tr\",\"@id\":\"https:\\\/\\\/secure.gravatar.com\\\/avatar\\\/bab33852abfd8b282518d6ed81826833d77c3c882d9ab608add591ccace47a44?s=96&d=mm&r=g\",\"url\":\"https:\\\/\\\/secure.gravatar.com\\\/avatar\\\/bab33852abfd8b282518d6ed81826833d77c3c882d9ab608add591ccace47a44?s=96&d=mm&r=g\",\"contentUrl\":\"https:\\\/\\\/secure.gravatar.com\\\/avatar\\\/bab33852abfd8b282518d6ed81826833d77c3c882d9ab608add591ccace47a44?s=96&d=mm&r=g\",\"caption\":\"Kuzeyin Sesi\"},\"sameAs\":[\"https:\\\/\\\/kuzeyinsesi.org\"],\"url\":\"https:\\\/\\\/kuzeyinsesi.org\\\/index.php\\\/author\\\/guven\\\/\"}]}<\/script>\n<!-- \/ Yoast SEO plugin. -->","yoast_head_json":{"title":"DA\u00dc 26\u2019nc\u0131 Bahar Festivali ba\u015flad\u0131 - Kuzeyin Sesi","robots":{"index":"index","follow":"follow","max-snippet":"max-snippet:-1","max-image-preview":"max-image-preview:large","max-video-preview":"max-video-preview:-1"},"canonical":"https:\/\/kuzeyinsesi.org\/index.php\/2024\/05\/16\/dau-26nci-bahar-festivali-basladi\/","og_locale":"tr_TR","og_type":"article","og_title":"DA\u00dc 26\u2019nc\u0131 Bahar Festivali ba\u015flad\u0131 - Kuzeyin Sesi","og_description":"26. Do\u011fu Akdeniz \u00dcniversitesi (DA\u00dc) Bahar Festivali\u2019nin a\u00e7\u0131l\u0131\u015f\u0131 d\u00fcn ger\u00e7ekle\u015ftirildi. Festival kortej y\u00fcr\u00fcy\u00fc\u015f\u00fcyle ba\u015flad\u0131. Kortejin ard\u0131ndan festivalin a\u00e7\u0131l\u0131\u015f\u0131 ger\u00e7ekle\u015ftirildi. A\u00e7\u0131l\u0131\u015fta konu\u015fan Rekt\u00f6r Yard\u0131mc\u0131lar\u0131 Prof.Dr.Sonu\u00e7 Zorlu ve Prof.Dr.Ali \u00d6zt\u00fcren, \u00f6\u011frencilere keyifle ge\u00e7irecekleri bir bahar festivali program\u0131 haz\u0131rlad\u0131klar\u0131n\u0131 belirttiler. Festivalin a\u00e7\u0131l\u0131\u015f konserini ise T\u00fcrkiye\u2019nin sevilen sanat\u00e7\u0131s\u0131 Sefo yapt\u0131. Bir\u00e7ok aktivitenin yer alaca\u011f\u0131 festival, 18 May\u0131s Cumartesi g\u00fcn\u00fcne [&hellip;]","og_url":"https:\/\/kuzeyinsesi.org\/index.php\/2024\/05\/16\/dau-26nci-bahar-festivali-basladi\/","og_site_name":"Kuzeyin Sesi","article_publisher":"https:\/\/www.facebook.com\/kuzeyinsesii","article_published_time":"2024-05-16T07:32:07+00:00","og_image":[{"width":1600,"height":949,"url":"https:\/\/kuzeyinsesi.org\/wp-content\/uploads\/2024\/05\/cea1c258-fd27-484f-92a8-b05f7b41064buu.jpg","type":"image\/jpeg"}],"author":"Kuzeyin Sesi","twitter_card":"summary_large_image","twitter_creator":"@kuzeyinsesii","twitter_site":"@kuzeyinsesii","twitter_misc":{"Yazan:":"Kuzeyin Sesi"},"schema":{"@context":"https:\/\/schema.org","@graph":[{"@type":"Article","@id":"https:\/\/kuzeyinsesi.org\/index.php\/2024\/05\/16\/dau-26nci-bahar-festivali-basladi\/#article","isPartOf":{"@id":"https:\/\/kuzeyinsesi.org\/index.php\/2024\/05\/16\/dau-26nci-bahar-festivali-basladi\/"},"author":{"name":"Kuzeyin Sesi","@id":"https:\/\/kuzeyinsesi.org\/#\/schema\/person\/9f859689cdf01485597712386e37f5aa"},"headline":"DA\u00dc 26\u2019nc\u0131 Bahar Festivali ba\u015flad\u0131","datePublished":"2024-05-16T07:32:07+00:00","mainEntityOfPage":{"@id":"https:\/\/kuzeyinsesi.org\/index.php\/2024\/05\/16\/dau-26nci-bahar-festivali-basladi\/"},"wordCount":99,"commentCount":0,"image":{"@id":"https:\/\/kuzeyinsesi.org\/index.php\/2024\/05\/16\/dau-26nci-bahar-festivali-basladi\/#primaryimage"},"thumbnailUrl":"https:\/\/kuzeyinsesi.org\/wp-content\/uploads\/2024\/05\/cea1c258-fd27-484f-92a8-b05f7b41064buu.jpg","articleSection":["Ya\u015fam"],"inLanguage":"tr","potentialAction":[{"@type":"CommentAction","name":"Comment","target":["https:\/\/kuzeyinsesi.org\/index.php\/2024\/05\/16\/dau-26nci-bahar-festivali-basladi\/#respond"]}]},{"@type":"WebPage","@id":"https:\/\/kuzeyinsesi.org\/index.php\/2024\/05\/16\/dau-26nci-bahar-festivali-basladi\/","url":"https:\/\/kuzeyinsesi.org\/index.php\/2024\/05\/16\/dau-26nci-bahar-festivali-basladi\/","name":"DA\u00dc 26\u2019nc\u0131 Bahar Festivali ba\u015flad\u0131 - Kuzeyin Sesi","isPartOf":{"@id":"https:\/\/kuzeyinsesi.org\/#website"},"primaryImageOfPage":{"@id":"https:\/\/kuzeyinsesi.org\/index.php\/2024\/05\/16\/dau-26nci-bahar-festivali-basladi\/#primaryimage"},"image":{"@id":"https:\/\/kuzeyinsesi.org\/index.php\/2024\/05\/16\/dau-26nci-bahar-festivali-basladi\/#primaryimage"},"thumbnailUrl":"https:\/\/kuzeyinsesi.org\/wp-content\/uploads\/2024\/05\/cea1c258-fd27-484f-92a8-b05f7b41064buu.jpg","datePublished":"2024-05-16T07:32:07+00:00","author":{"@id":"https:\/\/kuzeyinsesi.org\/#\/schema\/person\/9f859689cdf01485597712386e37f5aa"},"breadcrumb":{"@id":"https:\/\/kuzeyinsesi.org\/index.php\/2024\/05\/16\/dau-26nci-bahar-festivali-basladi\/#breadcrumb"},"inLanguage":"tr","potentialAction":[{"@type":"ReadAction","target":["https:\/\/kuzeyinsesi.org\/index.php\/2024\/05\/16\/dau-26nci-bahar-festivali-basladi\/"]}]},{"@type":"ImageObject","inLanguage":"tr","@id":"https:\/\/kuzeyinsesi.org\/index.php\/2024\/05\/16\/dau-26nci-bahar-festivali-basladi\/#primaryimage","url":"https:\/\/kuzeyinsesi.org\/wp-content\/uploads\/2024\/05\/cea1c258-fd27-484f-92a8-b05f7b41064buu.jpg","contentUrl":"https:\/\/kuzeyinsesi.org\/wp-content\/uploads\/2024\/05\/cea1c258-fd27-484f-92a8-b05f7b41064buu.jpg","width":1600,"height":949},{"@type":"BreadcrumbList","@id":"https:\/\/kuzeyinsesi.org\/index.php\/2024\/05\/16\/dau-26nci-bahar-festivali-basladi\/#breadcrumb","itemListElement":[{"@type":"ListItem","position":1,"name":"Anasayfa","item":"https:\/\/kuzeyinsesi.org\/"},{"@type":"ListItem","position":2,"name":"DA\u00dc 26\u2019nc\u0131 Bahar Festivali ba\u015flad\u0131"}]},{"@type":"WebSite","@id":"https:\/\/kuzeyinsesi.org\/#website","url":"https:\/\/kuzeyinsesi.org\/","name":"Kuzeyin Sesi","description":"Do\u011fru Haberin Adresi","potentialAction":[{"@type":"SearchAction","target":{"@type":"EntryPoint","urlTemplate":"https:\/\/kuzeyinsesi.org\/?s={search_term_string}"},"query-input":{"@type":"PropertyValueSpecification","valueRequired":true,"valueName":"search_term_string"}}],"inLanguage":"tr"},{"@type":"Person","@id":"https:\/\/kuzeyinsesi.org\/#\/schema\/person\/9f859689cdf01485597712386e37f5aa","name":"Kuzeyin Sesi","image":{"@type":"ImageObject","inLanguage":"tr","@id":"https:\/\/secure.gravatar.com\/avatar\/bab33852abfd8b282518d6ed81826833d77c3c882d9ab608add591ccace47a44?s=96&d=mm&r=g","url":"https:\/\/secure.gravatar.com\/avatar\/bab33852abfd8b282518d6ed81826833d77c3c882d9ab608add591ccace47a44?s=96&d=mm&r=g","contentUrl":"https:\/\/secure.gravatar.com\/avatar\/bab33852abfd8b282518d6ed81826833d77c3c882d9ab608add591ccace47a44?s=96&d=mm&r=g","caption":"Kuzeyin Sesi"},"sameAs":["https:\/\/kuzeyinsesi.org"],"url":"https:\/\/kuzeyinsesi.org\/index.php\/author\/guven\/"}]}},"_links":{"self":[{"href":"https:\/\/kuzeyinsesi.org\/index.php\/wp-json\/wp\/v2\/posts\/2680","targetHints":{"allow":["GET"]}}],"collection":[{"href":"https:\/\/kuzeyinsesi.org\/index.php\/wp-json\/wp\/v2\/posts"}],"about":[{"href":"https:\/\/kuzeyinsesi.org\/index.php\/wp-json\/wp\/v2\/types\/post"}],"author":[{"embeddable":true,"href":"https:\/\/kuzeyinsesi.org\/index.php\/wp-json\/wp\/v2\/users\/1"}],"replies":[{"embeddable":true,"href":"https:\/\/kuzeyinsesi.org\/index.php\/wp-json\/wp\/v2\/comments?post=2680"}],"version-history":[{"count":0,"href":"https:\/\/kuzeyinsesi.org\/index.php\/wp-json\/wp\/v2\/posts\/2680\/revisions"}],"wp:featuredmedia":[{"embeddable":true,"href":"https:\/\/kuzeyinsesi.org\/index.php\/wp-json\/wp\/v2\/media\/2681"}],"wp:attachment":[{"href":"https:\/\/kuzeyinsesi.org\/index.php\/wp-json\/wp\/v2\/media?parent=2680"}],"wp:term":[{"taxonomy":"category","embeddable":true,"href":"https:\/\/kuzeyinsesi.org\/index.php\/wp-json\/wp\/v2\/categories?post=2680"},{"taxonomy":"post_tag","embeddable":true,"href":"https:\/\/kuzeyinsesi.org\/index.php\/wp-json\/wp\/v2\/tags?post=2680"}],"curies":[{"name":"wp","href":"https:\/\/api.w.org\/{rel}","templated":true}]}}