{"id":264,"date":"2024-04-24T16:17:34","date_gmt":"2024-04-24T13:17:34","guid":{"rendered":"https:\/\/kuzeyinsesi.com\/index.php\/2024\/04\/24\/rusya-abdnin-ukraynaya-sevk-edecegi-silahlar-cephedeki-durumu-degistirmeyecek\/"},"modified":"2024-04-24T16:17:34","modified_gmt":"2024-04-24T13:17:34","slug":"rusya-abdnin-ukraynaya-sevk-edecegi-silahlar-cephedeki-durumu-degistirmeyecek","status":"publish","type":"post","link":"https:\/\/kuzeyinsesi.org\/index.php\/2024\/04\/24\/rusya-abdnin-ukraynaya-sevk-edecegi-silahlar-cephedeki-durumu-degistirmeyecek\/","title":{"rendered":"Rusya: ABD&#039;nin Ukrayna&#039;ya sevk edece\u011fi silahlar cephedeki durumu de\u011fi\u015ftirmeyecek"},"content":{"rendered":"<p><\/p>\n<div>\n<p>&#13;<br \/>\n\tPeskov, ba\u015fkent Moskova&#8217;da gazetecilerin g\u00fcncel konulara ili\u015fkin sorular\u0131n\u0131 yan\u0131tlad\u0131.<\/p>\n<p>&#13;<br \/>\n\tABD&#8217;nin Ukrayna&#8217;ya silah sevkiyat\u0131n\u0131 de\u011ferlendiren Peskov, &#8220;\u00c7at\u0131\u015fma alan\u0131ndaki durum \u00e7ok anlaml\u0131 ve net. Ancak muhtemelen haz\u0131rlanan t\u00fcm yeni silah sevkiyat partilerinin cephedeki durumu de\u011fi\u015ftirmeyece\u011fini s\u00f6ylemekten usanm\u0131yoruz.&#8221; dedi.<\/p>\n<p>&#13;<br \/>\n\t<a href=\"https:\/\/www.trthaber.com\/etiket\/rusya\/\" target=\"_blank\" rel=\"noopener\">Rusya<\/a> Devlet Ba\u015fkan\u0131 Vladimir Putin&#8217;in, daha \u00f6nce &#8220;Ukrayna&#8217;da g\u00fcvenli b\u00f6lgenin olu\u015fturulmas\u0131 gerekti\u011fi&#8221; y\u00f6n\u00fcnde a\u00e7\u0131klama yapt\u0131\u011f\u0131na dikkati \u00e7eken Peskov, bu konuda herhangi de\u011fi\u015fiklik olmad\u0131\u011f\u0131n\u0131 vurgulad\u0131.<\/p>\n<p>&#13;<br \/>\n\tS\u00f6zc\u00fc Peskov, Ukrayna&#8217;ya uzun menzilli f\u00fcze sistemlerinin tedarik edilmesi hakk\u0131ndaki soruyla ilgili yorum yapmayaca\u011f\u0131n\u0131, bunun Rusya Silahl\u0131 Kuvvetlerinin y\u00fck\u00fcml\u00fcl\u00fc\u011f\u00fcnde oldu\u011funu s\u00f6yledi.<\/p>\n<p>&#13;<br \/>\n\t<strong>&#8220;Bir\u00e7o\u011fu, i\u00e7 sorunlar\u0131 \u00e7\u00f6zmek i\u00e7in Ukrayna&#8217;daki durumu kullanmaya \u00e7al\u0131\u015f\u0131yor&#8221;<\/strong><\/p>\n<p>&#13;<br \/>\n\t<a href=\"https:\/\/www.trthaber.com\/etiket\/ingiltere\/\" target=\"_blank\" rel=\"noopener\">\u0130ngiltere<\/a> Ba\u015fbakan\u0131 Rishi Sunak&#8217;\u0131n, &#8220;\u00fclkesinin savunma harcamalar\u0131n\u0131 2030&#8217;a kadar gayrisafi yurt i\u00e7i milli has\u0131lan\u0131n (GSY\u0130H) y\u00fczde 2,5&#8217;ine \u00e7\u0131karaca\u011f\u0131&#8221; y\u00f6n\u00fcndeki a\u00e7\u0131klamas\u0131n\u0131 da de\u011ferlendiren Peskov, \u015fu ifadeleri kulland\u0131:<\/p>\n<p>&#13;<br \/>\n\t&#8220;Bir\u00e7o\u011fu, i\u00e7 sorunlar\u0131 \u00e7\u00f6zmek i\u00e7in Ukrayna&#8217;daki durumu kullanmaya \u00e7al\u0131\u015f\u0131yor, bu durumu yapay ve kas\u0131tl\u0131 \u015fekilde gerginle\u015ftiriyor. \u0130ngiltere&#8217;deki ekonomik durumun zor oldu\u011funun fark\u0131nday\u0131z. Bir yandan kemerlerini s\u0131kmak zorundalar. Bu \u0130ngiliz vatanda\u015flar\u0131 i\u00e7in pek de kolay de\u011fil. Bu nedenle ekonominin belirli b\u00f6l\u00fcm\u00fcn\u00fcn askerile\u015ftirilmesi, bu zorluklar\u0131n kamufle edilmesidir.&#8221;<\/p>\n<\/p><\/div>\n","protected":false},"excerpt":{"rendered":"<p>&#13; Peskov, ba\u015fkent Moskova&#8217;da gazetecilerin g\u00fcncel konulara ili\u015fkin sorular\u0131n\u0131 yan\u0131tlad\u0131. &#13; ABD&#8217;nin Ukrayna&#8217;ya silah sevkiyat\u0131n\u0131 de\u011ferlendiren Peskov, &#8220;\u00c7at\u0131\u015fma alan\u0131ndaki durum \u00e7ok anlaml\u0131 ve net. Ancak muhtemelen haz\u0131rlanan t\u00fcm yeni silah sevkiyat partilerinin cephedeki durumu de\u011fi\u015ftirmeyece\u011fini s\u00f6ylemekten usanm\u0131yoruz.&#8221; dedi. &#13; Rusya Devlet Ba\u015fkan\u0131 Vladimir Putin&#8217;in, daha \u00f6nce &#8220;Ukrayna&#8217;da g\u00fcvenli b\u00f6lgenin olu\u015fturulmas\u0131 gerekti\u011fi&#8221; y\u00f6n\u00fcnde a\u00e7\u0131klama yapt\u0131\u011f\u0131na dikkati [&hellip;]<\/p>\n","protected":false},"author":1,"featured_media":265,"comment_status":"open","ping_status":"open","sticky":false,"template":"","format":"standard","meta":{"jnews-multi-image_gallery":[],"jnews_single_post":[],"jnews_primary_category":[],"jnews_social_meta":[],"jnews_override_counter":[],"footnotes":""},"categories":[2],"tags":[],"class_list":["post-264","post","type-post","status-publish","format-standard","has-post-thumbnail","hentry","category-dunya"],"yoast_head":"<!-- This site is optimized with the Yoast SEO plugin v27.5 - https:\/\/yoast.com\/product\/yoast-seo-wordpress\/ -->\n<title>Rusya: ABD&#039;nin Ukrayna&#039;ya sevk edece\u011fi silahlar cephedeki durumu de\u011fi\u015ftirmeyecek - Kuzeyin Sesi<\/title>\n<meta name=\"robots\" content=\"index, follow, max-snippet:-1, max-image-preview:large, max-video-preview:-1\" \/>\n<link rel=\"canonical\" href=\"https:\/\/kuzeyinsesi.org\/index.php\/2024\/04\/24\/rusya-abdnin-ukraynaya-sevk-edecegi-silahlar-cephedeki-durumu-degistirmeyecek\/\" \/>\n<meta property=\"og:locale\" content=\"tr_TR\" \/>\n<meta property=\"og:type\" content=\"article\" \/>\n<meta property=\"og:title\" content=\"Rusya: ABD&#039;nin Ukrayna&#039;ya sevk edece\u011fi silahlar cephedeki durumu de\u011fi\u015ftirmeyecek - Kuzeyin Sesi\" \/>\n<meta property=\"og:description\" content=\"&#013; Peskov, ba\u015fkent Moskova&#8217;da gazetecilerin g\u00fcncel konulara ili\u015fkin sorular\u0131n\u0131 yan\u0131tlad\u0131. &#013; ABD&#8217;nin Ukrayna&#8217;ya silah sevkiyat\u0131n\u0131 de\u011ferlendiren Peskov, &#8220;\u00c7at\u0131\u015fma alan\u0131ndaki durum \u00e7ok anlaml\u0131 ve net. Ancak muhtemelen haz\u0131rlanan t\u00fcm yeni silah sevkiyat partilerinin cephedeki durumu de\u011fi\u015ftirmeyece\u011fini s\u00f6ylemekten usanm\u0131yoruz.&#8221; dedi. &#013; Rusya Devlet Ba\u015fkan\u0131 Vladimir Putin&#8217;in, daha \u00f6nce &#8220;Ukrayna&#8217;da g\u00fcvenli b\u00f6lgenin olu\u015fturulmas\u0131 gerekti\u011fi&#8221; y\u00f6n\u00fcnde a\u00e7\u0131klama yapt\u0131\u011f\u0131na dikkati [&hellip;]\" \/>\n<meta property=\"og:url\" content=\"https:\/\/kuzeyinsesi.org\/index.php\/2024\/04\/24\/rusya-abdnin-ukraynaya-sevk-edecegi-silahlar-cephedeki-durumu-degistirmeyecek\/\" \/>\n<meta property=\"og:site_name\" content=\"Kuzeyin Sesi\" \/>\n<meta property=\"article:publisher\" content=\"https:\/\/www.facebook.com\/kuzeyinsesii\" \/>\n<meta property=\"article:published_time\" content=\"2024-04-24T13:17:34+00:00\" \/>\n<meta property=\"og:image\" content=\"https:\/\/kuzeyinsesi.org\/wp-content\/uploads\/2024\/04\/kremlin-peskov-ap-1532992.jpg\" \/>\n\t<meta property=\"og:image:width\" content=\"1280\" \/>\n\t<meta property=\"og:image:height\" content=\"720\" \/>\n\t<meta property=\"og:image:type\" content=\"image\/jpeg\" \/>\n<meta name=\"author\" content=\"Kuzeyin Sesi\" \/>\n<meta name=\"twitter:card\" content=\"summary_large_image\" \/>\n<meta name=\"twitter:creator\" content=\"@kuzeyinsesii\" \/>\n<meta name=\"twitter:site\" content=\"@kuzeyinsesii\" \/>\n<meta name=\"twitter:label1\" content=\"Yazan:\" \/>\n\t<meta name=\"twitter:data1\" content=\"Kuzeyin Sesi\" \/>\n\t<meta name=\"twitter:label2\" content=\"Tahmini okuma s\u00fcresi\" \/>\n\t<meta name=\"twitter:data2\" content=\"1 dakika\" \/>\n<script type=\"application\/ld+json\" class=\"yoast-schema-graph\">{\"@context\":\"https:\\\/\\\/schema.org\",\"@graph\":[{\"@type\":\"Article\",\"@id\":\"https:\\\/\\\/kuzeyinsesi.org\\\/index.php\\\/2024\\\/04\\\/24\\\/rusya-abdnin-ukraynaya-sevk-edecegi-silahlar-cephedeki-durumu-degistirmeyecek\\\/#article\",\"isPartOf\":{\"@id\":\"https:\\\/\\\/kuzeyinsesi.org\\\/index.php\\\/2024\\\/04\\\/24\\\/rusya-abdnin-ukraynaya-sevk-edecegi-silahlar-cephedeki-durumu-degistirmeyecek\\\/\"},\"author\":{\"name\":\"Kuzeyin Sesi\",\"@id\":\"https:\\\/\\\/kuzeyinsesi.org\\\/#\\\/schema\\\/person\\\/9f859689cdf01485597712386e37f5aa\"},\"headline\":\"Rusya: ABD&#039;nin Ukrayna&#039;ya sevk edece\u011fi silahlar cephedeki durumu de\u011fi\u015ftirmeyecek\",\"datePublished\":\"2024-04-24T13:17:34+00:00\",\"mainEntityOfPage\":{\"@id\":\"https:\\\/\\\/kuzeyinsesi.org\\\/index.php\\\/2024\\\/04\\\/24\\\/rusya-abdnin-ukraynaya-sevk-edecegi-silahlar-cephedeki-durumu-degistirmeyecek\\\/\"},\"wordCount\":258,\"commentCount\":0,\"image\":{\"@id\":\"https:\\\/\\\/kuzeyinsesi.org\\\/index.php\\\/2024\\\/04\\\/24\\\/rusya-abdnin-ukraynaya-sevk-edecegi-silahlar-cephedeki-durumu-degistirmeyecek\\\/#primaryimage\"},\"thumbnailUrl\":\"https:\\\/\\\/kuzeyinsesi.org\\\/wp-content\\\/uploads\\\/2024\\\/04\\\/kremlin-peskov-ap-1532992.jpg\",\"articleSection\":[\"D\u00fcnya\"],\"inLanguage\":\"tr\",\"potentialAction\":[{\"@type\":\"CommentAction\",\"name\":\"Comment\",\"target\":[\"https:\\\/\\\/kuzeyinsesi.org\\\/index.php\\\/2024\\\/04\\\/24\\\/rusya-abdnin-ukraynaya-sevk-edecegi-silahlar-cephedeki-durumu-degistirmeyecek\\\/#respond\"]}]},{\"@type\":\"WebPage\",\"@id\":\"https:\\\/\\\/kuzeyinsesi.org\\\/index.php\\\/2024\\\/04\\\/24\\\/rusya-abdnin-ukraynaya-sevk-edecegi-silahlar-cephedeki-durumu-degistirmeyecek\\\/\",\"url\":\"https:\\\/\\\/kuzeyinsesi.org\\\/index.php\\\/2024\\\/04\\\/24\\\/rusya-abdnin-ukraynaya-sevk-edecegi-silahlar-cephedeki-durumu-degistirmeyecek\\\/\",\"name\":\"Rusya: ABD&#039;nin Ukrayna&#039;ya sevk edece\u011fi silahlar cephedeki durumu de\u011fi\u015ftirmeyecek - Kuzeyin Sesi\",\"isPartOf\":{\"@id\":\"https:\\\/\\\/kuzeyinsesi.org\\\/#website\"},\"primaryImageOfPage\":{\"@id\":\"https:\\\/\\\/kuzeyinsesi.org\\\/index.php\\\/2024\\\/04\\\/24\\\/rusya-abdnin-ukraynaya-sevk-edecegi-silahlar-cephedeki-durumu-degistirmeyecek\\\/#primaryimage\"},\"image\":{\"@id\":\"https:\\\/\\\/kuzeyinsesi.org\\\/index.php\\\/2024\\\/04\\\/24\\\/rusya-abdnin-ukraynaya-sevk-edecegi-silahlar-cephedeki-durumu-degistirmeyecek\\\/#primaryimage\"},\"thumbnailUrl\":\"https:\\\/\\\/kuzeyinsesi.org\\\/wp-content\\\/uploads\\\/2024\\\/04\\\/kremlin-peskov-ap-1532992.jpg\",\"datePublished\":\"2024-04-24T13:17:34+00:00\",\"author\":{\"@id\":\"https:\\\/\\\/kuzeyinsesi.org\\\/#\\\/schema\\\/person\\\/9f859689cdf01485597712386e37f5aa\"},\"breadcrumb\":{\"@id\":\"https:\\\/\\\/kuzeyinsesi.org\\\/index.php\\\/2024\\\/04\\\/24\\\/rusya-abdnin-ukraynaya-sevk-edecegi-silahlar-cephedeki-durumu-degistirmeyecek\\\/#breadcrumb\"},\"inLanguage\":\"tr\",\"potentialAction\":[{\"@type\":\"ReadAction\",\"target\":[\"https:\\\/\\\/kuzeyinsesi.org\\\/index.php\\\/2024\\\/04\\\/24\\\/rusya-abdnin-ukraynaya-sevk-edecegi-silahlar-cephedeki-durumu-degistirmeyecek\\\/\"]}]},{\"@type\":\"ImageObject\",\"inLanguage\":\"tr\",\"@id\":\"https:\\\/\\\/kuzeyinsesi.org\\\/index.php\\\/2024\\\/04\\\/24\\\/rusya-abdnin-ukraynaya-sevk-edecegi-silahlar-cephedeki-durumu-degistirmeyecek\\\/#primaryimage\",\"url\":\"https:\\\/\\\/kuzeyinsesi.org\\\/wp-content\\\/uploads\\\/2024\\\/04\\\/kremlin-peskov-ap-1532992.jpg\",\"contentUrl\":\"https:\\\/\\\/kuzeyinsesi.org\\\/wp-content\\\/uploads\\\/2024\\\/04\\\/kremlin-peskov-ap-1532992.jpg\",\"width\":1280,\"height\":720},{\"@type\":\"BreadcrumbList\",\"@id\":\"https:\\\/\\\/kuzeyinsesi.org\\\/index.php\\\/2024\\\/04\\\/24\\\/rusya-abdnin-ukraynaya-sevk-edecegi-silahlar-cephedeki-durumu-degistirmeyecek\\\/#breadcrumb\",\"itemListElement\":[{\"@type\":\"ListItem\",\"position\":1,\"name\":\"Anasayfa\",\"item\":\"https:\\\/\\\/kuzeyinsesi.org\\\/\"},{\"@type\":\"ListItem\",\"position\":2,\"name\":\"Rusya: ABD&#039;nin Ukrayna&#039;ya sevk edece\u011fi silahlar cephedeki durumu de\u011fi\u015ftirmeyecek\"}]},{\"@type\":\"WebSite\",\"@id\":\"https:\\\/\\\/kuzeyinsesi.org\\\/#website\",\"url\":\"https:\\\/\\\/kuzeyinsesi.org\\\/\",\"name\":\"Kuzeyin Sesi\",\"description\":\"Do\u011fru Haberin Adresi\",\"potentialAction\":[{\"@type\":\"SearchAction\",\"target\":{\"@type\":\"EntryPoint\",\"urlTemplate\":\"https:\\\/\\\/kuzeyinsesi.org\\\/?s={search_term_string}\"},\"query-input\":{\"@type\":\"PropertyValueSpecification\",\"valueRequired\":true,\"valueName\":\"search_term_string\"}}],\"inLanguage\":\"tr\"},{\"@type\":\"Person\",\"@id\":\"https:\\\/\\\/kuzeyinsesi.org\\\/#\\\/schema\\\/person\\\/9f859689cdf01485597712386e37f5aa\",\"name\":\"Kuzeyin Sesi\",\"image\":{\"@type\":\"ImageObject\",\"inLanguage\":\"tr\",\"@id\":\"https:\\\/\\\/secure.gravatar.com\\\/avatar\\\/bab33852abfd8b282518d6ed81826833d77c3c882d9ab608add591ccace47a44?s=96&d=mm&r=g\",\"url\":\"https:\\\/\\\/secure.gravatar.com\\\/avatar\\\/bab33852abfd8b282518d6ed81826833d77c3c882d9ab608add591ccace47a44?s=96&d=mm&r=g\",\"contentUrl\":\"https:\\\/\\\/secure.gravatar.com\\\/avatar\\\/bab33852abfd8b282518d6ed81826833d77c3c882d9ab608add591ccace47a44?s=96&d=mm&r=g\",\"caption\":\"Kuzeyin Sesi\"},\"sameAs\":[\"https:\\\/\\\/kuzeyinsesi.org\"],\"url\":\"https:\\\/\\\/kuzeyinsesi.org\\\/index.php\\\/author\\\/guven\\\/\"}]}<\/script>\n<!-- \/ Yoast SEO plugin. -->","yoast_head_json":{"title":"Rusya: ABD&#039;nin Ukrayna&#039;ya sevk edece\u011fi silahlar cephedeki durumu de\u011fi\u015ftirmeyecek - Kuzeyin Sesi","robots":{"index":"index","follow":"follow","max-snippet":"max-snippet:-1","max-image-preview":"max-image-preview:large","max-video-preview":"max-video-preview:-1"},"canonical":"https:\/\/kuzeyinsesi.org\/index.php\/2024\/04\/24\/rusya-abdnin-ukraynaya-sevk-edecegi-silahlar-cephedeki-durumu-degistirmeyecek\/","og_locale":"tr_TR","og_type":"article","og_title":"Rusya: ABD&#039;nin Ukrayna&#039;ya sevk edece\u011fi silahlar cephedeki durumu de\u011fi\u015ftirmeyecek - Kuzeyin Sesi","og_description":"&#13; Peskov, ba\u015fkent Moskova&#8217;da gazetecilerin g\u00fcncel konulara ili\u015fkin sorular\u0131n\u0131 yan\u0131tlad\u0131. &#13; ABD&#8217;nin Ukrayna&#8217;ya silah sevkiyat\u0131n\u0131 de\u011ferlendiren Peskov, &#8220;\u00c7at\u0131\u015fma alan\u0131ndaki durum \u00e7ok anlaml\u0131 ve net. Ancak muhtemelen haz\u0131rlanan t\u00fcm yeni silah sevkiyat partilerinin cephedeki durumu de\u011fi\u015ftirmeyece\u011fini s\u00f6ylemekten usanm\u0131yoruz.&#8221; dedi. &#13; Rusya Devlet Ba\u015fkan\u0131 Vladimir Putin&#8217;in, daha \u00f6nce &#8220;Ukrayna&#8217;da g\u00fcvenli b\u00f6lgenin olu\u015fturulmas\u0131 gerekti\u011fi&#8221; y\u00f6n\u00fcnde a\u00e7\u0131klama yapt\u0131\u011f\u0131na dikkati [&hellip;]","og_url":"https:\/\/kuzeyinsesi.org\/index.php\/2024\/04\/24\/rusya-abdnin-ukraynaya-sevk-edecegi-silahlar-cephedeki-durumu-degistirmeyecek\/","og_site_name":"Kuzeyin Sesi","article_publisher":"https:\/\/www.facebook.com\/kuzeyinsesii","article_published_time":"2024-04-24T13:17:34+00:00","og_image":[{"width":1280,"height":720,"url":"https:\/\/kuzeyinsesi.org\/wp-content\/uploads\/2024\/04\/kremlin-peskov-ap-1532992.jpg","type":"image\/jpeg"}],"author":"Kuzeyin Sesi","twitter_card":"summary_large_image","twitter_creator":"@kuzeyinsesii","twitter_site":"@kuzeyinsesii","twitter_misc":{"Yazan:":"Kuzeyin Sesi","Tahmini okuma s\u00fcresi":"1 dakika"},"schema":{"@context":"https:\/\/schema.org","@graph":[{"@type":"Article","@id":"https:\/\/kuzeyinsesi.org\/index.php\/2024\/04\/24\/rusya-abdnin-ukraynaya-sevk-edecegi-silahlar-cephedeki-durumu-degistirmeyecek\/#article","isPartOf":{"@id":"https:\/\/kuzeyinsesi.org\/index.php\/2024\/04\/24\/rusya-abdnin-ukraynaya-sevk-edecegi-silahlar-cephedeki-durumu-degistirmeyecek\/"},"author":{"name":"Kuzeyin Sesi","@id":"https:\/\/kuzeyinsesi.org\/#\/schema\/person\/9f859689cdf01485597712386e37f5aa"},"headline":"Rusya: ABD&#039;nin Ukrayna&#039;ya sevk edece\u011fi silahlar cephedeki durumu de\u011fi\u015ftirmeyecek","datePublished":"2024-04-24T13:17:34+00:00","mainEntityOfPage":{"@id":"https:\/\/kuzeyinsesi.org\/index.php\/2024\/04\/24\/rusya-abdnin-ukraynaya-sevk-edecegi-silahlar-cephedeki-durumu-degistirmeyecek\/"},"wordCount":258,"commentCount":0,"image":{"@id":"https:\/\/kuzeyinsesi.org\/index.php\/2024\/04\/24\/rusya-abdnin-ukraynaya-sevk-edecegi-silahlar-cephedeki-durumu-degistirmeyecek\/#primaryimage"},"thumbnailUrl":"https:\/\/kuzeyinsesi.org\/wp-content\/uploads\/2024\/04\/kremlin-peskov-ap-1532992.jpg","articleSection":["D\u00fcnya"],"inLanguage":"tr","potentialAction":[{"@type":"CommentAction","name":"Comment","target":["https:\/\/kuzeyinsesi.org\/index.php\/2024\/04\/24\/rusya-abdnin-ukraynaya-sevk-edecegi-silahlar-cephedeki-durumu-degistirmeyecek\/#respond"]}]},{"@type":"WebPage","@id":"https:\/\/kuzeyinsesi.org\/index.php\/2024\/04\/24\/rusya-abdnin-ukraynaya-sevk-edecegi-silahlar-cephedeki-durumu-degistirmeyecek\/","url":"https:\/\/kuzeyinsesi.org\/index.php\/2024\/04\/24\/rusya-abdnin-ukraynaya-sevk-edecegi-silahlar-cephedeki-durumu-degistirmeyecek\/","name":"Rusya: ABD&#039;nin Ukrayna&#039;ya sevk edece\u011fi silahlar cephedeki durumu de\u011fi\u015ftirmeyecek - Kuzeyin Sesi","isPartOf":{"@id":"https:\/\/kuzeyinsesi.org\/#website"},"primaryImageOfPage":{"@id":"https:\/\/kuzeyinsesi.org\/index.php\/2024\/04\/24\/rusya-abdnin-ukraynaya-sevk-edecegi-silahlar-cephedeki-durumu-degistirmeyecek\/#primaryimage"},"image":{"@id":"https:\/\/kuzeyinsesi.org\/index.php\/2024\/04\/24\/rusya-abdnin-ukraynaya-sevk-edecegi-silahlar-cephedeki-durumu-degistirmeyecek\/#primaryimage"},"thumbnailUrl":"https:\/\/kuzeyinsesi.org\/wp-content\/uploads\/2024\/04\/kremlin-peskov-ap-1532992.jpg","datePublished":"2024-04-24T13:17:34+00:00","author":{"@id":"https:\/\/kuzeyinsesi.org\/#\/schema\/person\/9f859689cdf01485597712386e37f5aa"},"breadcrumb":{"@id":"https:\/\/kuzeyinsesi.org\/index.php\/2024\/04\/24\/rusya-abdnin-ukraynaya-sevk-edecegi-silahlar-cephedeki-durumu-degistirmeyecek\/#breadcrumb"},"inLanguage":"tr","potentialAction":[{"@type":"ReadAction","target":["https:\/\/kuzeyinsesi.org\/index.php\/2024\/04\/24\/rusya-abdnin-ukraynaya-sevk-edecegi-silahlar-cephedeki-durumu-degistirmeyecek\/"]}]},{"@type":"ImageObject","inLanguage":"tr","@id":"https:\/\/kuzeyinsesi.org\/index.php\/2024\/04\/24\/rusya-abdnin-ukraynaya-sevk-edecegi-silahlar-cephedeki-durumu-degistirmeyecek\/#primaryimage","url":"https:\/\/kuzeyinsesi.org\/wp-content\/uploads\/2024\/04\/kremlin-peskov-ap-1532992.jpg","contentUrl":"https:\/\/kuzeyinsesi.org\/wp-content\/uploads\/2024\/04\/kremlin-peskov-ap-1532992.jpg","width":1280,"height":720},{"@type":"BreadcrumbList","@id":"https:\/\/kuzeyinsesi.org\/index.php\/2024\/04\/24\/rusya-abdnin-ukraynaya-sevk-edecegi-silahlar-cephedeki-durumu-degistirmeyecek\/#breadcrumb","itemListElement":[{"@type":"ListItem","position":1,"name":"Anasayfa","item":"https:\/\/kuzeyinsesi.org\/"},{"@type":"ListItem","position":2,"name":"Rusya: ABD&#039;nin Ukrayna&#039;ya sevk edece\u011fi silahlar cephedeki durumu de\u011fi\u015ftirmeyecek"}]},{"@type":"WebSite","@id":"https:\/\/kuzeyinsesi.org\/#website","url":"https:\/\/kuzeyinsesi.org\/","name":"Kuzeyin Sesi","description":"Do\u011fru Haberin Adresi","potentialAction":[{"@type":"SearchAction","target":{"@type":"EntryPoint","urlTemplate":"https:\/\/kuzeyinsesi.org\/?s={search_term_string}"},"query-input":{"@type":"PropertyValueSpecification","valueRequired":true,"valueName":"search_term_string"}}],"inLanguage":"tr"},{"@type":"Person","@id":"https:\/\/kuzeyinsesi.org\/#\/schema\/person\/9f859689cdf01485597712386e37f5aa","name":"Kuzeyin Sesi","image":{"@type":"ImageObject","inLanguage":"tr","@id":"https:\/\/secure.gravatar.com\/avatar\/bab33852abfd8b282518d6ed81826833d77c3c882d9ab608add591ccace47a44?s=96&d=mm&r=g","url":"https:\/\/secure.gravatar.com\/avatar\/bab33852abfd8b282518d6ed81826833d77c3c882d9ab608add591ccace47a44?s=96&d=mm&r=g","contentUrl":"https:\/\/secure.gravatar.com\/avatar\/bab33852abfd8b282518d6ed81826833d77c3c882d9ab608add591ccace47a44?s=96&d=mm&r=g","caption":"Kuzeyin Sesi"},"sameAs":["https:\/\/kuzeyinsesi.org"],"url":"https:\/\/kuzeyinsesi.org\/index.php\/author\/guven\/"}]}},"_links":{"self":[{"href":"https:\/\/kuzeyinsesi.org\/index.php\/wp-json\/wp\/v2\/posts\/264","targetHints":{"allow":["GET"]}}],"collection":[{"href":"https:\/\/kuzeyinsesi.org\/index.php\/wp-json\/wp\/v2\/posts"}],"about":[{"href":"https:\/\/kuzeyinsesi.org\/index.php\/wp-json\/wp\/v2\/types\/post"}],"author":[{"embeddable":true,"href":"https:\/\/kuzeyinsesi.org\/index.php\/wp-json\/wp\/v2\/users\/1"}],"replies":[{"embeddable":true,"href":"https:\/\/kuzeyinsesi.org\/index.php\/wp-json\/wp\/v2\/comments?post=264"}],"version-history":[{"count":0,"href":"https:\/\/kuzeyinsesi.org\/index.php\/wp-json\/wp\/v2\/posts\/264\/revisions"}],"wp:featuredmedia":[{"embeddable":true,"href":"https:\/\/kuzeyinsesi.org\/index.php\/wp-json\/wp\/v2\/media\/265"}],"wp:attachment":[{"href":"https:\/\/kuzeyinsesi.org\/index.php\/wp-json\/wp\/v2\/media?parent=264"}],"wp:term":[{"taxonomy":"category","embeddable":true,"href":"https:\/\/kuzeyinsesi.org\/index.php\/wp-json\/wp\/v2\/categories?post=264"},{"taxonomy":"post_tag","embeddable":true,"href":"https:\/\/kuzeyinsesi.org\/index.php\/wp-json\/wp\/v2\/tags?post=264"}],"curies":[{"name":"wp","href":"https:\/\/api.w.org\/{rel}","templated":true}]}}