{"id":2587,"date":"2024-05-15T17:06:12","date_gmt":"2024-05-15T14:06:12","guid":{"rendered":"https:\/\/kuzeyinsesi.com\/index.php\/2024\/05\/15\/20-kibris-tiyatro-festivali-17-mayis-cuma-aksami-basliyor\/"},"modified":"2024-05-15T17:06:12","modified_gmt":"2024-05-15T14:06:12","slug":"20-kibris-tiyatro-festivali-17-mayis-cuma-aksami-basliyor","status":"publish","type":"post","link":"https:\/\/kuzeyinsesi.org\/index.php\/2024\/05\/15\/20-kibris-tiyatro-festivali-17-mayis-cuma-aksami-basliyor\/","title":{"rendered":"20. K\u0131br\u0131s Tiyatro Festivali 17 May\u0131s Cuma ak\u015fam\u0131 ba\u015fl\u0131yor"},"content":{"rendered":"<div>\n<div class=\"mariselle-image-container center\">\n                                            <\/div>\n<p>Lefko\u015fa T\u00fcrk Belediyesi\u2019nin d\u00fczenledi\u011fi K\u0131br\u0131s Tiyatro Festivali\u2019nin yirmincisi 17 May\u0131s Cuma ak\u015fam\u0131 ba\u015fl\u0131yor.<\/p>\n<p>LTB\u2019den verilen bilgiye g\u00f6re, Ankara Devlet Tiyatrosu\u2019nun komedi oyunu \u201cKad\u0131nlar, Filler ve Saireler\u201d d\u00f6rt ki\u015filik  kad\u0131n oyuncu kadrosu ile seyirciyle bulu\u015facak. Kad\u0131nlar\u0131n ya\u015fad\u0131\u011f\u0131 hayat maceralar\u0131n\u0131 komik bir \u015fekilde ele alan oyunun biletleri www.biletinial.com adresinden ve Lefko\u015fa Belediye Tiyatrosu gi\u015fesinden sat\u0131lacak.<\/p>\n<p>Festival a\u00e7\u0131l\u0131\u015f sonras\u0131 \u015fu oyunlarla devam edecek;<\/p>\n<p>Antilogos Tiyatrosu\u2019nun \u201d Annesi,\u201d Kumbarac\u0131 50\u2019nin \u201c\u00d6teki Venedik Taciri\u201d, Van Devlet Tiyatrosu\u2019nun \u00e7ocuk oyunu \u201cB\u00fcy\u00fcl\u00fc Prens\u201d \u0130stanbul \u015eehir Tiyatrolar\u0131\u2019n\u0131n \u201cCad\u0131 Kazan\u0131\u201d, \u201cU\u00e7urtman\u0131n Kuyru\u011fu\u201d ve \u00e7ocuk oyunu \u201c\u00c7\u00f6ps\u00fcz D\u00fcnya\u201d, Lefko\u015fa Belediye Tiyatrosu\u2019nun \u201cTart\u00fcf 24\u201d ve \u201cU\u00e7an Bisiklet\u201d \u00e7ocuk oyunu. <\/p>\n<p>Festival kapan\u0131\u015f\u0131 Ankara Devlet Tiyatrosu\u2019nun \u201cGonzago\u2019nun \u00d6ld\u00fcr\u00fclmesi\u201d ile yap\u0131lacak.<\/p>\n<\/p><\/div>\n<p><script async\n                    defer\n                    crossorigin=\"anonymous\"\n                    src=\"https:\/\/connect.facebook.net\/tr_TR\/sdk.js#xfbml=1&#038;version=v3.3\"\n            ><\/script><\/p>\n","protected":false},"excerpt":{"rendered":"<p>Lefko\u015fa T\u00fcrk Belediyesi\u2019nin d\u00fczenledi\u011fi K\u0131br\u0131s Tiyatro Festivali\u2019nin yirmincisi 17 May\u0131s Cuma ak\u015fam\u0131 ba\u015fl\u0131yor. LTB\u2019den verilen bilgiye g\u00f6re, Ankara Devlet Tiyatrosu\u2019nun komedi oyunu \u201cKad\u0131nlar, Filler ve Saireler\u201d d\u00f6rt ki\u015filik kad\u0131n oyuncu kadrosu ile seyirciyle bulu\u015facak. Kad\u0131nlar\u0131n ya\u015fad\u0131\u011f\u0131 hayat maceralar\u0131n\u0131 komik bir \u015fekilde ele alan oyunun biletleri www.biletinial.com adresinden ve Lefko\u015fa Belediye Tiyatrosu gi\u015fesinden sat\u0131lacak. Festival a\u00e7\u0131l\u0131\u015f [&hellip;]<\/p>\n","protected":false},"author":1,"featured_media":2588,"comment_status":"open","ping_status":"open","sticky":false,"template":"","format":"standard","meta":{"jnews-multi-image_gallery":[],"jnews_single_post":[],"jnews_primary_category":[],"jnews_social_meta":[],"jnews_override_counter":[],"footnotes":""},"categories":[6],"tags":[],"class_list":["post-2587","post","type-post","status-publish","format-standard","has-post-thumbnail","hentry","category-yasam"],"yoast_head":"<!-- This site is optimized with the Yoast SEO plugin v27.5 - https:\/\/yoast.com\/product\/yoast-seo-wordpress\/ -->\n<title>20. K\u0131br\u0131s Tiyatro Festivali 17 May\u0131s Cuma ak\u015fam\u0131 ba\u015fl\u0131yor - Kuzeyin Sesi<\/title>\n<meta name=\"robots\" content=\"index, follow, max-snippet:-1, max-image-preview:large, max-video-preview:-1\" \/>\n<link rel=\"canonical\" href=\"https:\/\/kuzeyinsesi.org\/index.php\/2024\/05\/15\/20-kibris-tiyatro-festivali-17-mayis-cuma-aksami-basliyor\/\" \/>\n<meta property=\"og:locale\" content=\"tr_TR\" \/>\n<meta property=\"og:type\" content=\"article\" \/>\n<meta property=\"og:title\" content=\"20. K\u0131br\u0131s Tiyatro Festivali 17 May\u0131s Cuma ak\u015fam\u0131 ba\u015fl\u0131yor - Kuzeyin Sesi\" \/>\n<meta property=\"og:description\" content=\"Lefko\u015fa T\u00fcrk Belediyesi\u2019nin d\u00fczenledi\u011fi K\u0131br\u0131s Tiyatro Festivali\u2019nin yirmincisi 17 May\u0131s Cuma ak\u015fam\u0131 ba\u015fl\u0131yor. LTB\u2019den verilen bilgiye g\u00f6re, Ankara Devlet Tiyatrosu\u2019nun komedi oyunu \u201cKad\u0131nlar, Filler ve Saireler\u201d d\u00f6rt ki\u015filik kad\u0131n oyuncu kadrosu ile seyirciyle bulu\u015facak. Kad\u0131nlar\u0131n ya\u015fad\u0131\u011f\u0131 hayat maceralar\u0131n\u0131 komik bir \u015fekilde ele alan oyunun biletleri www.biletinial.com adresinden ve Lefko\u015fa Belediye Tiyatrosu gi\u015fesinden sat\u0131lacak. Festival a\u00e7\u0131l\u0131\u015f [&hellip;]\" \/>\n<meta property=\"og:url\" content=\"https:\/\/kuzeyinsesi.org\/index.php\/2024\/05\/15\/20-kibris-tiyatro-festivali-17-mayis-cuma-aksami-basliyor\/\" \/>\n<meta property=\"og:site_name\" content=\"Kuzeyin Sesi\" \/>\n<meta property=\"article:publisher\" content=\"https:\/\/www.facebook.com\/kuzeyinsesii\" \/>\n<meta property=\"article:published_time\" content=\"2024-05-15T14:06:12+00:00\" \/>\n<meta property=\"og:image\" content=\"https:\/\/kuzeyinsesi.org\/wp-content\/uploads\/2024\/05\/ltb-tiyatro-festival-5-.jpg\" \/>\n\t<meta property=\"og:image:width\" content=\"1200\" \/>\n\t<meta property=\"og:image:height\" content=\"1500\" \/>\n\t<meta property=\"og:image:type\" content=\"image\/jpeg\" \/>\n<meta name=\"author\" content=\"Kuzeyin Sesi\" \/>\n<meta name=\"twitter:card\" content=\"summary_large_image\" \/>\n<meta name=\"twitter:creator\" content=\"@kuzeyinsesii\" \/>\n<meta name=\"twitter:site\" content=\"@kuzeyinsesii\" \/>\n<meta name=\"twitter:label1\" content=\"Yazan:\" \/>\n\t<meta name=\"twitter:data1\" content=\"Kuzeyin Sesi\" \/>\n\t<meta name=\"twitter:label2\" content=\"Tahmini okuma s\u00fcresi\" \/>\n\t<meta name=\"twitter:data2\" content=\"1 dakika\" \/>\n<script type=\"application\/ld+json\" class=\"yoast-schema-graph\">{\"@context\":\"https:\\\/\\\/schema.org\",\"@graph\":[{\"@type\":\"Article\",\"@id\":\"https:\\\/\\\/kuzeyinsesi.org\\\/index.php\\\/2024\\\/05\\\/15\\\/20-kibris-tiyatro-festivali-17-mayis-cuma-aksami-basliyor\\\/#article\",\"isPartOf\":{\"@id\":\"https:\\\/\\\/kuzeyinsesi.org\\\/index.php\\\/2024\\\/05\\\/15\\\/20-kibris-tiyatro-festivali-17-mayis-cuma-aksami-basliyor\\\/\"},\"author\":{\"name\":\"Kuzeyin Sesi\",\"@id\":\"https:\\\/\\\/kuzeyinsesi.org\\\/#\\\/schema\\\/person\\\/9f859689cdf01485597712386e37f5aa\"},\"headline\":\"20. K\u0131br\u0131s Tiyatro Festivali 17 May\u0131s Cuma ak\u015fam\u0131 ba\u015fl\u0131yor\",\"datePublished\":\"2024-05-15T14:06:12+00:00\",\"mainEntityOfPage\":{\"@id\":\"https:\\\/\\\/kuzeyinsesi.org\\\/index.php\\\/2024\\\/05\\\/15\\\/20-kibris-tiyatro-festivali-17-mayis-cuma-aksami-basliyor\\\/\"},\"wordCount\":167,\"commentCount\":0,\"image\":{\"@id\":\"https:\\\/\\\/kuzeyinsesi.org\\\/index.php\\\/2024\\\/05\\\/15\\\/20-kibris-tiyatro-festivali-17-mayis-cuma-aksami-basliyor\\\/#primaryimage\"},\"thumbnailUrl\":\"https:\\\/\\\/kuzeyinsesi.org\\\/wp-content\\\/uploads\\\/2024\\\/05\\\/ltb-tiyatro-festival-5-.jpg\",\"articleSection\":[\"Ya\u015fam\"],\"inLanguage\":\"tr\",\"potentialAction\":[{\"@type\":\"CommentAction\",\"name\":\"Comment\",\"target\":[\"https:\\\/\\\/kuzeyinsesi.org\\\/index.php\\\/2024\\\/05\\\/15\\\/20-kibris-tiyatro-festivali-17-mayis-cuma-aksami-basliyor\\\/#respond\"]}]},{\"@type\":\"WebPage\",\"@id\":\"https:\\\/\\\/kuzeyinsesi.org\\\/index.php\\\/2024\\\/05\\\/15\\\/20-kibris-tiyatro-festivali-17-mayis-cuma-aksami-basliyor\\\/\",\"url\":\"https:\\\/\\\/kuzeyinsesi.org\\\/index.php\\\/2024\\\/05\\\/15\\\/20-kibris-tiyatro-festivali-17-mayis-cuma-aksami-basliyor\\\/\",\"name\":\"20. K\u0131br\u0131s Tiyatro Festivali 17 May\u0131s Cuma ak\u015fam\u0131 ba\u015fl\u0131yor - Kuzeyin Sesi\",\"isPartOf\":{\"@id\":\"https:\\\/\\\/kuzeyinsesi.org\\\/#website\"},\"primaryImageOfPage\":{\"@id\":\"https:\\\/\\\/kuzeyinsesi.org\\\/index.php\\\/2024\\\/05\\\/15\\\/20-kibris-tiyatro-festivali-17-mayis-cuma-aksami-basliyor\\\/#primaryimage\"},\"image\":{\"@id\":\"https:\\\/\\\/kuzeyinsesi.org\\\/index.php\\\/2024\\\/05\\\/15\\\/20-kibris-tiyatro-festivali-17-mayis-cuma-aksami-basliyor\\\/#primaryimage\"},\"thumbnailUrl\":\"https:\\\/\\\/kuzeyinsesi.org\\\/wp-content\\\/uploads\\\/2024\\\/05\\\/ltb-tiyatro-festival-5-.jpg\",\"datePublished\":\"2024-05-15T14:06:12+00:00\",\"author\":{\"@id\":\"https:\\\/\\\/kuzeyinsesi.org\\\/#\\\/schema\\\/person\\\/9f859689cdf01485597712386e37f5aa\"},\"breadcrumb\":{\"@id\":\"https:\\\/\\\/kuzeyinsesi.org\\\/index.php\\\/2024\\\/05\\\/15\\\/20-kibris-tiyatro-festivali-17-mayis-cuma-aksami-basliyor\\\/#breadcrumb\"},\"inLanguage\":\"tr\",\"potentialAction\":[{\"@type\":\"ReadAction\",\"target\":[\"https:\\\/\\\/kuzeyinsesi.org\\\/index.php\\\/2024\\\/05\\\/15\\\/20-kibris-tiyatro-festivali-17-mayis-cuma-aksami-basliyor\\\/\"]}]},{\"@type\":\"ImageObject\",\"inLanguage\":\"tr\",\"@id\":\"https:\\\/\\\/kuzeyinsesi.org\\\/index.php\\\/2024\\\/05\\\/15\\\/20-kibris-tiyatro-festivali-17-mayis-cuma-aksami-basliyor\\\/#primaryimage\",\"url\":\"https:\\\/\\\/kuzeyinsesi.org\\\/wp-content\\\/uploads\\\/2024\\\/05\\\/ltb-tiyatro-festival-5-.jpg\",\"contentUrl\":\"https:\\\/\\\/kuzeyinsesi.org\\\/wp-content\\\/uploads\\\/2024\\\/05\\\/ltb-tiyatro-festival-5-.jpg\",\"width\":1200,\"height\":1500},{\"@type\":\"BreadcrumbList\",\"@id\":\"https:\\\/\\\/kuzeyinsesi.org\\\/index.php\\\/2024\\\/05\\\/15\\\/20-kibris-tiyatro-festivali-17-mayis-cuma-aksami-basliyor\\\/#breadcrumb\",\"itemListElement\":[{\"@type\":\"ListItem\",\"position\":1,\"name\":\"Anasayfa\",\"item\":\"https:\\\/\\\/kuzeyinsesi.org\\\/\"},{\"@type\":\"ListItem\",\"position\":2,\"name\":\"20. K\u0131br\u0131s Tiyatro Festivali 17 May\u0131s Cuma ak\u015fam\u0131 ba\u015fl\u0131yor\"}]},{\"@type\":\"WebSite\",\"@id\":\"https:\\\/\\\/kuzeyinsesi.org\\\/#website\",\"url\":\"https:\\\/\\\/kuzeyinsesi.org\\\/\",\"name\":\"Kuzeyin Sesi\",\"description\":\"Do\u011fru Haberin Adresi\",\"potentialAction\":[{\"@type\":\"SearchAction\",\"target\":{\"@type\":\"EntryPoint\",\"urlTemplate\":\"https:\\\/\\\/kuzeyinsesi.org\\\/?s={search_term_string}\"},\"query-input\":{\"@type\":\"PropertyValueSpecification\",\"valueRequired\":true,\"valueName\":\"search_term_string\"}}],\"inLanguage\":\"tr\"},{\"@type\":\"Person\",\"@id\":\"https:\\\/\\\/kuzeyinsesi.org\\\/#\\\/schema\\\/person\\\/9f859689cdf01485597712386e37f5aa\",\"name\":\"Kuzeyin Sesi\",\"image\":{\"@type\":\"ImageObject\",\"inLanguage\":\"tr\",\"@id\":\"https:\\\/\\\/secure.gravatar.com\\\/avatar\\\/bab33852abfd8b282518d6ed81826833d77c3c882d9ab608add591ccace47a44?s=96&d=mm&r=g\",\"url\":\"https:\\\/\\\/secure.gravatar.com\\\/avatar\\\/bab33852abfd8b282518d6ed81826833d77c3c882d9ab608add591ccace47a44?s=96&d=mm&r=g\",\"contentUrl\":\"https:\\\/\\\/secure.gravatar.com\\\/avatar\\\/bab33852abfd8b282518d6ed81826833d77c3c882d9ab608add591ccace47a44?s=96&d=mm&r=g\",\"caption\":\"Kuzeyin Sesi\"},\"sameAs\":[\"https:\\\/\\\/kuzeyinsesi.org\"],\"url\":\"https:\\\/\\\/kuzeyinsesi.org\\\/index.php\\\/author\\\/guven\\\/\"}]}<\/script>\n<!-- \/ Yoast SEO plugin. -->","yoast_head_json":{"title":"20. K\u0131br\u0131s Tiyatro Festivali 17 May\u0131s Cuma ak\u015fam\u0131 ba\u015fl\u0131yor - Kuzeyin Sesi","robots":{"index":"index","follow":"follow","max-snippet":"max-snippet:-1","max-image-preview":"max-image-preview:large","max-video-preview":"max-video-preview:-1"},"canonical":"https:\/\/kuzeyinsesi.org\/index.php\/2024\/05\/15\/20-kibris-tiyatro-festivali-17-mayis-cuma-aksami-basliyor\/","og_locale":"tr_TR","og_type":"article","og_title":"20. K\u0131br\u0131s Tiyatro Festivali 17 May\u0131s Cuma ak\u015fam\u0131 ba\u015fl\u0131yor - Kuzeyin Sesi","og_description":"Lefko\u015fa T\u00fcrk Belediyesi\u2019nin d\u00fczenledi\u011fi K\u0131br\u0131s Tiyatro Festivali\u2019nin yirmincisi 17 May\u0131s Cuma ak\u015fam\u0131 ba\u015fl\u0131yor. LTB\u2019den verilen bilgiye g\u00f6re, Ankara Devlet Tiyatrosu\u2019nun komedi oyunu \u201cKad\u0131nlar, Filler ve Saireler\u201d d\u00f6rt ki\u015filik kad\u0131n oyuncu kadrosu ile seyirciyle bulu\u015facak. Kad\u0131nlar\u0131n ya\u015fad\u0131\u011f\u0131 hayat maceralar\u0131n\u0131 komik bir \u015fekilde ele alan oyunun biletleri www.biletinial.com adresinden ve Lefko\u015fa Belediye Tiyatrosu gi\u015fesinden sat\u0131lacak. Festival a\u00e7\u0131l\u0131\u015f [&hellip;]","og_url":"https:\/\/kuzeyinsesi.org\/index.php\/2024\/05\/15\/20-kibris-tiyatro-festivali-17-mayis-cuma-aksami-basliyor\/","og_site_name":"Kuzeyin Sesi","article_publisher":"https:\/\/www.facebook.com\/kuzeyinsesii","article_published_time":"2024-05-15T14:06:12+00:00","og_image":[{"width":1200,"height":1500,"url":"https:\/\/kuzeyinsesi.org\/wp-content\/uploads\/2024\/05\/ltb-tiyatro-festival-5-.jpg","type":"image\/jpeg"}],"author":"Kuzeyin Sesi","twitter_card":"summary_large_image","twitter_creator":"@kuzeyinsesii","twitter_site":"@kuzeyinsesii","twitter_misc":{"Yazan:":"Kuzeyin Sesi","Tahmini okuma s\u00fcresi":"1 dakika"},"schema":{"@context":"https:\/\/schema.org","@graph":[{"@type":"Article","@id":"https:\/\/kuzeyinsesi.org\/index.php\/2024\/05\/15\/20-kibris-tiyatro-festivali-17-mayis-cuma-aksami-basliyor\/#article","isPartOf":{"@id":"https:\/\/kuzeyinsesi.org\/index.php\/2024\/05\/15\/20-kibris-tiyatro-festivali-17-mayis-cuma-aksami-basliyor\/"},"author":{"name":"Kuzeyin Sesi","@id":"https:\/\/kuzeyinsesi.org\/#\/schema\/person\/9f859689cdf01485597712386e37f5aa"},"headline":"20. K\u0131br\u0131s Tiyatro Festivali 17 May\u0131s Cuma ak\u015fam\u0131 ba\u015fl\u0131yor","datePublished":"2024-05-15T14:06:12+00:00","mainEntityOfPage":{"@id":"https:\/\/kuzeyinsesi.org\/index.php\/2024\/05\/15\/20-kibris-tiyatro-festivali-17-mayis-cuma-aksami-basliyor\/"},"wordCount":167,"commentCount":0,"image":{"@id":"https:\/\/kuzeyinsesi.org\/index.php\/2024\/05\/15\/20-kibris-tiyatro-festivali-17-mayis-cuma-aksami-basliyor\/#primaryimage"},"thumbnailUrl":"https:\/\/kuzeyinsesi.org\/wp-content\/uploads\/2024\/05\/ltb-tiyatro-festival-5-.jpg","articleSection":["Ya\u015fam"],"inLanguage":"tr","potentialAction":[{"@type":"CommentAction","name":"Comment","target":["https:\/\/kuzeyinsesi.org\/index.php\/2024\/05\/15\/20-kibris-tiyatro-festivali-17-mayis-cuma-aksami-basliyor\/#respond"]}]},{"@type":"WebPage","@id":"https:\/\/kuzeyinsesi.org\/index.php\/2024\/05\/15\/20-kibris-tiyatro-festivali-17-mayis-cuma-aksami-basliyor\/","url":"https:\/\/kuzeyinsesi.org\/index.php\/2024\/05\/15\/20-kibris-tiyatro-festivali-17-mayis-cuma-aksami-basliyor\/","name":"20. K\u0131br\u0131s Tiyatro Festivali 17 May\u0131s Cuma ak\u015fam\u0131 ba\u015fl\u0131yor - Kuzeyin Sesi","isPartOf":{"@id":"https:\/\/kuzeyinsesi.org\/#website"},"primaryImageOfPage":{"@id":"https:\/\/kuzeyinsesi.org\/index.php\/2024\/05\/15\/20-kibris-tiyatro-festivali-17-mayis-cuma-aksami-basliyor\/#primaryimage"},"image":{"@id":"https:\/\/kuzeyinsesi.org\/index.php\/2024\/05\/15\/20-kibris-tiyatro-festivali-17-mayis-cuma-aksami-basliyor\/#primaryimage"},"thumbnailUrl":"https:\/\/kuzeyinsesi.org\/wp-content\/uploads\/2024\/05\/ltb-tiyatro-festival-5-.jpg","datePublished":"2024-05-15T14:06:12+00:00","author":{"@id":"https:\/\/kuzeyinsesi.org\/#\/schema\/person\/9f859689cdf01485597712386e37f5aa"},"breadcrumb":{"@id":"https:\/\/kuzeyinsesi.org\/index.php\/2024\/05\/15\/20-kibris-tiyatro-festivali-17-mayis-cuma-aksami-basliyor\/#breadcrumb"},"inLanguage":"tr","potentialAction":[{"@type":"ReadAction","target":["https:\/\/kuzeyinsesi.org\/index.php\/2024\/05\/15\/20-kibris-tiyatro-festivali-17-mayis-cuma-aksami-basliyor\/"]}]},{"@type":"ImageObject","inLanguage":"tr","@id":"https:\/\/kuzeyinsesi.org\/index.php\/2024\/05\/15\/20-kibris-tiyatro-festivali-17-mayis-cuma-aksami-basliyor\/#primaryimage","url":"https:\/\/kuzeyinsesi.org\/wp-content\/uploads\/2024\/05\/ltb-tiyatro-festival-5-.jpg","contentUrl":"https:\/\/kuzeyinsesi.org\/wp-content\/uploads\/2024\/05\/ltb-tiyatro-festival-5-.jpg","width":1200,"height":1500},{"@type":"BreadcrumbList","@id":"https:\/\/kuzeyinsesi.org\/index.php\/2024\/05\/15\/20-kibris-tiyatro-festivali-17-mayis-cuma-aksami-basliyor\/#breadcrumb","itemListElement":[{"@type":"ListItem","position":1,"name":"Anasayfa","item":"https:\/\/kuzeyinsesi.org\/"},{"@type":"ListItem","position":2,"name":"20. K\u0131br\u0131s Tiyatro Festivali 17 May\u0131s Cuma ak\u015fam\u0131 ba\u015fl\u0131yor"}]},{"@type":"WebSite","@id":"https:\/\/kuzeyinsesi.org\/#website","url":"https:\/\/kuzeyinsesi.org\/","name":"Kuzeyin Sesi","description":"Do\u011fru Haberin Adresi","potentialAction":[{"@type":"SearchAction","target":{"@type":"EntryPoint","urlTemplate":"https:\/\/kuzeyinsesi.org\/?s={search_term_string}"},"query-input":{"@type":"PropertyValueSpecification","valueRequired":true,"valueName":"search_term_string"}}],"inLanguage":"tr"},{"@type":"Person","@id":"https:\/\/kuzeyinsesi.org\/#\/schema\/person\/9f859689cdf01485597712386e37f5aa","name":"Kuzeyin Sesi","image":{"@type":"ImageObject","inLanguage":"tr","@id":"https:\/\/secure.gravatar.com\/avatar\/bab33852abfd8b282518d6ed81826833d77c3c882d9ab608add591ccace47a44?s=96&d=mm&r=g","url":"https:\/\/secure.gravatar.com\/avatar\/bab33852abfd8b282518d6ed81826833d77c3c882d9ab608add591ccace47a44?s=96&d=mm&r=g","contentUrl":"https:\/\/secure.gravatar.com\/avatar\/bab33852abfd8b282518d6ed81826833d77c3c882d9ab608add591ccace47a44?s=96&d=mm&r=g","caption":"Kuzeyin Sesi"},"sameAs":["https:\/\/kuzeyinsesi.org"],"url":"https:\/\/kuzeyinsesi.org\/index.php\/author\/guven\/"}]}},"_links":{"self":[{"href":"https:\/\/kuzeyinsesi.org\/index.php\/wp-json\/wp\/v2\/posts\/2587","targetHints":{"allow":["GET"]}}],"collection":[{"href":"https:\/\/kuzeyinsesi.org\/index.php\/wp-json\/wp\/v2\/posts"}],"about":[{"href":"https:\/\/kuzeyinsesi.org\/index.php\/wp-json\/wp\/v2\/types\/post"}],"author":[{"embeddable":true,"href":"https:\/\/kuzeyinsesi.org\/index.php\/wp-json\/wp\/v2\/users\/1"}],"replies":[{"embeddable":true,"href":"https:\/\/kuzeyinsesi.org\/index.php\/wp-json\/wp\/v2\/comments?post=2587"}],"version-history":[{"count":0,"href":"https:\/\/kuzeyinsesi.org\/index.php\/wp-json\/wp\/v2\/posts\/2587\/revisions"}],"wp:featuredmedia":[{"embeddable":true,"href":"https:\/\/kuzeyinsesi.org\/index.php\/wp-json\/wp\/v2\/media\/2588"}],"wp:attachment":[{"href":"https:\/\/kuzeyinsesi.org\/index.php\/wp-json\/wp\/v2\/media?parent=2587"}],"wp:term":[{"taxonomy":"category","embeddable":true,"href":"https:\/\/kuzeyinsesi.org\/index.php\/wp-json\/wp\/v2\/categories?post=2587"},{"taxonomy":"post_tag","embeddable":true,"href":"https:\/\/kuzeyinsesi.org\/index.php\/wp-json\/wp\/v2\/tags?post=2587"}],"curies":[{"name":"wp","href":"https:\/\/api.w.org\/{rel}","templated":true}]}}