{"id":2562,"date":"2024-05-15T15:02:32","date_gmt":"2024-05-15T12:02:32","guid":{"rendered":"https:\/\/kuzeyinsesi.com\/index.php\/2024\/05\/15\/aysegul-zaim-son-single-parcasiyla-paylasim-rekoru-kirdi\/"},"modified":"2024-05-15T15:02:32","modified_gmt":"2024-05-15T12:02:32","slug":"aysegul-zaim-son-single-parcasiyla-paylasim-rekoru-kirdi","status":"publish","type":"post","link":"https:\/\/kuzeyinsesi.org\/index.php\/2024\/05\/15\/aysegul-zaim-son-single-parcasiyla-paylasim-rekoru-kirdi\/","title":{"rendered":"Ay\u015feg\u00fcl Zaim son single par\u00e7as\u0131yla payla\u015f\u0131m rekoru k\u0131rd\u0131"},"content":{"rendered":"<div>\n<div class=\"mariselle-image-container center\">\n                                            <\/div>\n<p>\u00dclkemizin ba\u015far\u0131l\u0131 sanat\u00e7\u0131lar\u0131ndan, Bayrak Radyo Televizyon Kurumu (BRTK) \u00e7al\u0131\u1e63anlar\u0131ndan Ay\u015feg\u00fcl Zaim \u00e7\u0131karm\u0131\u015f oldu\u011fu, s\u00f6z\u00fc m\u00fczi\u011fi kendisine ait<br \/>\u201cB\u0131rakma Beni\u201d isimli<br \/>son single par\u00e7as\u0131yla sosyal medyada payla\u015f\u0131m rekoru k\u0131rd\u0131.<\/p>\n<p>  Daha \u00f6nce de \u201cT\u00fcrk\u00fc G\u00f6zl\u00fcm\u201d ve \u201cG\u00f6\u00e7 Eylesem\u201d isimli \u015fark\u0131lar\u0131yla viral olan sanat\u00e7\u0131 bu \u015fark\u0131yla da \u00e7ok iddial\u0131 olaca\u011f\u0131 g\u00f6r\u00fcn\u00fcyor. M\u00fczik kariyerinde emin ad\u0131mlarla ilerleyen sanat\u00e7\u0131 hali haz\u0131rda \u00fc\u00e7 \u015fark\u0131s\u0131n\u0131 daha tamamlam\u0131\u015f durumda..<\/p>\n<p>BRTK\u2019da yap\u0131mc\u0131l\u0131\u011f\u0131n\u0131 \u00fcstlendi\u011fi \u201c\u015eark\u0131 S\u00f6ylemek Laz\u0131m\u201d program\u0131yla da izleyicilerin de g\u00f6nl\u00fcne taht kuran sanat\u00e7\u0131n\u0131n klip \u00e7al\u0131\u015fmalar\u0131n\u0131 tamamlamas\u0131n\u0131n ard\u0131ndan yak\u0131n zamanda  di\u011fer  \u00e7al\u0131\u015fmalar\u0131n\u0131 da dinleyicileriyle bulu\u015fturmas\u0131 bekleniyor.<\/p>\n<div class=\"jeg_video_container jeg_video_content\"><iframe loading=\"lazy\" title=\"Ay\u015feg\u00fcl Zaim - B\u0131rakma Beni\" width=\"500\" height=\"281\" src=\"https:\/\/www.youtube.com\/embed\/NHpdJm35FNg?feature=oembed\" frameborder=\"0\" allow=\"accelerometer; autoplay; clipboard-write; encrypted-media; gyroscope; picture-in-picture; web-share\" referrerpolicy=\"strict-origin-when-cross-origin\" allowfullscreen><\/iframe><\/div><\/div>\n<p><script async\n                    defer\n                    crossorigin=\"anonymous\"\n                    src=\"https:\/\/connect.facebook.net\/tr_TR\/sdk.js#xfbml=1&#038;version=v3.3\"\n            ><\/script><\/p>\n","protected":false},"excerpt":{"rendered":"<p>\u00dclkemizin ba\u015far\u0131l\u0131 sanat\u00e7\u0131lar\u0131ndan, Bayrak Radyo Televizyon Kurumu (BRTK) \u00e7al\u0131\u1e63anlar\u0131ndan Ay\u015feg\u00fcl Zaim \u00e7\u0131karm\u0131\u015f oldu\u011fu, s\u00f6z\u00fc m\u00fczi\u011fi kendisine ait\u201cB\u0131rakma Beni\u201d isimlison single par\u00e7as\u0131yla sosyal medyada payla\u015f\u0131m rekoru k\u0131rd\u0131. Daha \u00f6nce de \u201cT\u00fcrk\u00fc G\u00f6zl\u00fcm\u201d ve \u201cG\u00f6\u00e7 Eylesem\u201d isimli \u015fark\u0131lar\u0131yla viral olan sanat\u00e7\u0131 bu \u015fark\u0131yla da \u00e7ok iddial\u0131 olaca\u011f\u0131 g\u00f6r\u00fcn\u00fcyor. M\u00fczik kariyerinde emin ad\u0131mlarla ilerleyen sanat\u00e7\u0131 hali haz\u0131rda \u00fc\u00e7 [&hellip;]<\/p>\n","protected":false},"author":1,"featured_media":2564,"comment_status":"open","ping_status":"open","sticky":false,"template":"","format":"standard","meta":{"jnews-multi-image_gallery":[],"jnews_single_post":[],"jnews_primary_category":[],"jnews_social_meta":[],"jnews_override_counter":[],"footnotes":""},"categories":[6],"tags":[],"class_list":["post-2562","post","type-post","status-publish","format-standard","has-post-thumbnail","hentry","category-yasam"],"yoast_head":"<!-- This site is optimized with the Yoast SEO plugin v27.5 - https:\/\/yoast.com\/product\/yoast-seo-wordpress\/ -->\n<title>Ay\u015feg\u00fcl Zaim son single par\u00e7as\u0131yla payla\u015f\u0131m rekoru k\u0131rd\u0131 - Kuzeyin Sesi<\/title>\n<meta name=\"robots\" content=\"index, follow, max-snippet:-1, max-image-preview:large, max-video-preview:-1\" \/>\n<link rel=\"canonical\" href=\"https:\/\/kuzeyinsesi.org\/index.php\/2024\/05\/15\/aysegul-zaim-son-single-parcasiyla-paylasim-rekoru-kirdi\/\" \/>\n<meta property=\"og:locale\" content=\"tr_TR\" \/>\n<meta property=\"og:type\" content=\"article\" \/>\n<meta property=\"og:title\" content=\"Ay\u015feg\u00fcl Zaim son single par\u00e7as\u0131yla payla\u015f\u0131m rekoru k\u0131rd\u0131 - Kuzeyin Sesi\" \/>\n<meta property=\"og:description\" content=\"\u00dclkemizin ba\u015far\u0131l\u0131 sanat\u00e7\u0131lar\u0131ndan, Bayrak Radyo Televizyon Kurumu (BRTK) \u00e7al\u0131\u1e63anlar\u0131ndan Ay\u015feg\u00fcl Zaim \u00e7\u0131karm\u0131\u015f oldu\u011fu, s\u00f6z\u00fc m\u00fczi\u011fi kendisine ait\u201cB\u0131rakma Beni\u201d isimlison single par\u00e7as\u0131yla sosyal medyada payla\u015f\u0131m rekoru k\u0131rd\u0131. Daha \u00f6nce de \u201cT\u00fcrk\u00fc G\u00f6zl\u00fcm\u201d ve \u201cG\u00f6\u00e7 Eylesem\u201d isimli \u015fark\u0131lar\u0131yla viral olan sanat\u00e7\u0131 bu \u015fark\u0131yla da \u00e7ok iddial\u0131 olaca\u011f\u0131 g\u00f6r\u00fcn\u00fcyor. M\u00fczik kariyerinde emin ad\u0131mlarla ilerleyen sanat\u00e7\u0131 hali haz\u0131rda \u00fc\u00e7 [&hellip;]\" \/>\n<meta property=\"og:url\" content=\"https:\/\/kuzeyinsesi.org\/index.php\/2024\/05\/15\/aysegul-zaim-son-single-parcasiyla-paylasim-rekoru-kirdi\/\" \/>\n<meta property=\"og:site_name\" content=\"Kuzeyin Sesi\" \/>\n<meta property=\"article:publisher\" content=\"https:\/\/www.facebook.com\/kuzeyinsesii\" \/>\n<meta property=\"article:published_time\" content=\"2024-05-15T12:02:32+00:00\" \/>\n<meta property=\"og:image\" content=\"https:\/\/kuzeyinsesi.org\/wp-content\/uploads\/2024\/05\/InShot_20240515_150332606.jpg\" \/>\n\t<meta property=\"og:image:width\" content=\"1920\" \/>\n\t<meta property=\"og:image:height\" content=\"1079\" \/>\n\t<meta property=\"og:image:type\" content=\"image\/jpeg\" \/>\n<meta name=\"author\" content=\"Kuzeyin Sesi\" \/>\n<meta name=\"twitter:card\" content=\"summary_large_image\" \/>\n<meta name=\"twitter:creator\" content=\"@kuzeyinsesii\" \/>\n<meta name=\"twitter:site\" content=\"@kuzeyinsesii\" \/>\n<meta name=\"twitter:label1\" content=\"Yazan:\" \/>\n\t<meta name=\"twitter:data1\" content=\"Kuzeyin Sesi\" \/>\n\t<meta name=\"twitter:label2\" content=\"Tahmini okuma s\u00fcresi\" \/>\n\t<meta name=\"twitter:data2\" content=\"1 dakika\" \/>\n<script type=\"application\/ld+json\" class=\"yoast-schema-graph\">{\"@context\":\"https:\\\/\\\/schema.org\",\"@graph\":[{\"@type\":\"Article\",\"@id\":\"https:\\\/\\\/kuzeyinsesi.org\\\/index.php\\\/2024\\\/05\\\/15\\\/aysegul-zaim-son-single-parcasiyla-paylasim-rekoru-kirdi\\\/#article\",\"isPartOf\":{\"@id\":\"https:\\\/\\\/kuzeyinsesi.org\\\/index.php\\\/2024\\\/05\\\/15\\\/aysegul-zaim-son-single-parcasiyla-paylasim-rekoru-kirdi\\\/\"},\"author\":{\"name\":\"Kuzeyin Sesi\",\"@id\":\"https:\\\/\\\/kuzeyinsesi.org\\\/#\\\/schema\\\/person\\\/9f859689cdf01485597712386e37f5aa\"},\"headline\":\"Ay\u015feg\u00fcl Zaim son single par\u00e7as\u0131yla payla\u015f\u0131m rekoru k\u0131rd\u0131\",\"datePublished\":\"2024-05-15T12:02:32+00:00\",\"mainEntityOfPage\":{\"@id\":\"https:\\\/\\\/kuzeyinsesi.org\\\/index.php\\\/2024\\\/05\\\/15\\\/aysegul-zaim-son-single-parcasiyla-paylasim-rekoru-kirdi\\\/\"},\"wordCount\":162,\"commentCount\":0,\"image\":{\"@id\":\"https:\\\/\\\/kuzeyinsesi.org\\\/index.php\\\/2024\\\/05\\\/15\\\/aysegul-zaim-son-single-parcasiyla-paylasim-rekoru-kirdi\\\/#primaryimage\"},\"thumbnailUrl\":\"https:\\\/\\\/kuzeyinsesi.org\\\/wp-content\\\/uploads\\\/2024\\\/05\\\/InShot_20240515_150332606.jpg\",\"articleSection\":[\"Ya\u015fam\"],\"inLanguage\":\"tr\",\"potentialAction\":[{\"@type\":\"CommentAction\",\"name\":\"Comment\",\"target\":[\"https:\\\/\\\/kuzeyinsesi.org\\\/index.php\\\/2024\\\/05\\\/15\\\/aysegul-zaim-son-single-parcasiyla-paylasim-rekoru-kirdi\\\/#respond\"]}]},{\"@type\":\"WebPage\",\"@id\":\"https:\\\/\\\/kuzeyinsesi.org\\\/index.php\\\/2024\\\/05\\\/15\\\/aysegul-zaim-son-single-parcasiyla-paylasim-rekoru-kirdi\\\/\",\"url\":\"https:\\\/\\\/kuzeyinsesi.org\\\/index.php\\\/2024\\\/05\\\/15\\\/aysegul-zaim-son-single-parcasiyla-paylasim-rekoru-kirdi\\\/\",\"name\":\"Ay\u015feg\u00fcl Zaim son single par\u00e7as\u0131yla payla\u015f\u0131m rekoru k\u0131rd\u0131 - Kuzeyin Sesi\",\"isPartOf\":{\"@id\":\"https:\\\/\\\/kuzeyinsesi.org\\\/#website\"},\"primaryImageOfPage\":{\"@id\":\"https:\\\/\\\/kuzeyinsesi.org\\\/index.php\\\/2024\\\/05\\\/15\\\/aysegul-zaim-son-single-parcasiyla-paylasim-rekoru-kirdi\\\/#primaryimage\"},\"image\":{\"@id\":\"https:\\\/\\\/kuzeyinsesi.org\\\/index.php\\\/2024\\\/05\\\/15\\\/aysegul-zaim-son-single-parcasiyla-paylasim-rekoru-kirdi\\\/#primaryimage\"},\"thumbnailUrl\":\"https:\\\/\\\/kuzeyinsesi.org\\\/wp-content\\\/uploads\\\/2024\\\/05\\\/InShot_20240515_150332606.jpg\",\"datePublished\":\"2024-05-15T12:02:32+00:00\",\"author\":{\"@id\":\"https:\\\/\\\/kuzeyinsesi.org\\\/#\\\/schema\\\/person\\\/9f859689cdf01485597712386e37f5aa\"},\"breadcrumb\":{\"@id\":\"https:\\\/\\\/kuzeyinsesi.org\\\/index.php\\\/2024\\\/05\\\/15\\\/aysegul-zaim-son-single-parcasiyla-paylasim-rekoru-kirdi\\\/#breadcrumb\"},\"inLanguage\":\"tr\",\"potentialAction\":[{\"@type\":\"ReadAction\",\"target\":[\"https:\\\/\\\/kuzeyinsesi.org\\\/index.php\\\/2024\\\/05\\\/15\\\/aysegul-zaim-son-single-parcasiyla-paylasim-rekoru-kirdi\\\/\"]}]},{\"@type\":\"ImageObject\",\"inLanguage\":\"tr\",\"@id\":\"https:\\\/\\\/kuzeyinsesi.org\\\/index.php\\\/2024\\\/05\\\/15\\\/aysegul-zaim-son-single-parcasiyla-paylasim-rekoru-kirdi\\\/#primaryimage\",\"url\":\"https:\\\/\\\/kuzeyinsesi.org\\\/wp-content\\\/uploads\\\/2024\\\/05\\\/InShot_20240515_150332606.jpg\",\"contentUrl\":\"https:\\\/\\\/kuzeyinsesi.org\\\/wp-content\\\/uploads\\\/2024\\\/05\\\/InShot_20240515_150332606.jpg\",\"width\":1920,\"height\":1079},{\"@type\":\"BreadcrumbList\",\"@id\":\"https:\\\/\\\/kuzeyinsesi.org\\\/index.php\\\/2024\\\/05\\\/15\\\/aysegul-zaim-son-single-parcasiyla-paylasim-rekoru-kirdi\\\/#breadcrumb\",\"itemListElement\":[{\"@type\":\"ListItem\",\"position\":1,\"name\":\"Anasayfa\",\"item\":\"https:\\\/\\\/kuzeyinsesi.org\\\/\"},{\"@type\":\"ListItem\",\"position\":2,\"name\":\"Ay\u015feg\u00fcl Zaim son single par\u00e7as\u0131yla payla\u015f\u0131m rekoru k\u0131rd\u0131\"}]},{\"@type\":\"WebSite\",\"@id\":\"https:\\\/\\\/kuzeyinsesi.org\\\/#website\",\"url\":\"https:\\\/\\\/kuzeyinsesi.org\\\/\",\"name\":\"Kuzeyin Sesi\",\"description\":\"Do\u011fru Haberin Adresi\",\"potentialAction\":[{\"@type\":\"SearchAction\",\"target\":{\"@type\":\"EntryPoint\",\"urlTemplate\":\"https:\\\/\\\/kuzeyinsesi.org\\\/?s={search_term_string}\"},\"query-input\":{\"@type\":\"PropertyValueSpecification\",\"valueRequired\":true,\"valueName\":\"search_term_string\"}}],\"inLanguage\":\"tr\"},{\"@type\":\"Person\",\"@id\":\"https:\\\/\\\/kuzeyinsesi.org\\\/#\\\/schema\\\/person\\\/9f859689cdf01485597712386e37f5aa\",\"name\":\"Kuzeyin Sesi\",\"image\":{\"@type\":\"ImageObject\",\"inLanguage\":\"tr\",\"@id\":\"https:\\\/\\\/secure.gravatar.com\\\/avatar\\\/bab33852abfd8b282518d6ed81826833d77c3c882d9ab608add591ccace47a44?s=96&d=mm&r=g\",\"url\":\"https:\\\/\\\/secure.gravatar.com\\\/avatar\\\/bab33852abfd8b282518d6ed81826833d77c3c882d9ab608add591ccace47a44?s=96&d=mm&r=g\",\"contentUrl\":\"https:\\\/\\\/secure.gravatar.com\\\/avatar\\\/bab33852abfd8b282518d6ed81826833d77c3c882d9ab608add591ccace47a44?s=96&d=mm&r=g\",\"caption\":\"Kuzeyin Sesi\"},\"sameAs\":[\"https:\\\/\\\/kuzeyinsesi.org\"],\"url\":\"https:\\\/\\\/kuzeyinsesi.org\\\/index.php\\\/author\\\/guven\\\/\"}]}<\/script>\n<!-- \/ Yoast SEO plugin. -->","yoast_head_json":{"title":"Ay\u015feg\u00fcl Zaim son single par\u00e7as\u0131yla payla\u015f\u0131m rekoru k\u0131rd\u0131 - Kuzeyin Sesi","robots":{"index":"index","follow":"follow","max-snippet":"max-snippet:-1","max-image-preview":"max-image-preview:large","max-video-preview":"max-video-preview:-1"},"canonical":"https:\/\/kuzeyinsesi.org\/index.php\/2024\/05\/15\/aysegul-zaim-son-single-parcasiyla-paylasim-rekoru-kirdi\/","og_locale":"tr_TR","og_type":"article","og_title":"Ay\u015feg\u00fcl Zaim son single par\u00e7as\u0131yla payla\u015f\u0131m rekoru k\u0131rd\u0131 - Kuzeyin Sesi","og_description":"\u00dclkemizin ba\u015far\u0131l\u0131 sanat\u00e7\u0131lar\u0131ndan, Bayrak Radyo Televizyon Kurumu (BRTK) \u00e7al\u0131\u1e63anlar\u0131ndan Ay\u015feg\u00fcl Zaim \u00e7\u0131karm\u0131\u015f oldu\u011fu, s\u00f6z\u00fc m\u00fczi\u011fi kendisine ait\u201cB\u0131rakma Beni\u201d isimlison single par\u00e7as\u0131yla sosyal medyada payla\u015f\u0131m rekoru k\u0131rd\u0131. Daha \u00f6nce de \u201cT\u00fcrk\u00fc G\u00f6zl\u00fcm\u201d ve \u201cG\u00f6\u00e7 Eylesem\u201d isimli \u015fark\u0131lar\u0131yla viral olan sanat\u00e7\u0131 bu \u015fark\u0131yla da \u00e7ok iddial\u0131 olaca\u011f\u0131 g\u00f6r\u00fcn\u00fcyor. M\u00fczik kariyerinde emin ad\u0131mlarla ilerleyen sanat\u00e7\u0131 hali haz\u0131rda \u00fc\u00e7 [&hellip;]","og_url":"https:\/\/kuzeyinsesi.org\/index.php\/2024\/05\/15\/aysegul-zaim-son-single-parcasiyla-paylasim-rekoru-kirdi\/","og_site_name":"Kuzeyin Sesi","article_publisher":"https:\/\/www.facebook.com\/kuzeyinsesii","article_published_time":"2024-05-15T12:02:32+00:00","og_image":[{"width":1920,"height":1079,"url":"https:\/\/kuzeyinsesi.org\/wp-content\/uploads\/2024\/05\/InShot_20240515_150332606.jpg","type":"image\/jpeg"}],"author":"Kuzeyin Sesi","twitter_card":"summary_large_image","twitter_creator":"@kuzeyinsesii","twitter_site":"@kuzeyinsesii","twitter_misc":{"Yazan:":"Kuzeyin Sesi","Tahmini okuma s\u00fcresi":"1 dakika"},"schema":{"@context":"https:\/\/schema.org","@graph":[{"@type":"Article","@id":"https:\/\/kuzeyinsesi.org\/index.php\/2024\/05\/15\/aysegul-zaim-son-single-parcasiyla-paylasim-rekoru-kirdi\/#article","isPartOf":{"@id":"https:\/\/kuzeyinsesi.org\/index.php\/2024\/05\/15\/aysegul-zaim-son-single-parcasiyla-paylasim-rekoru-kirdi\/"},"author":{"name":"Kuzeyin Sesi","@id":"https:\/\/kuzeyinsesi.org\/#\/schema\/person\/9f859689cdf01485597712386e37f5aa"},"headline":"Ay\u015feg\u00fcl Zaim son single par\u00e7as\u0131yla payla\u015f\u0131m rekoru k\u0131rd\u0131","datePublished":"2024-05-15T12:02:32+00:00","mainEntityOfPage":{"@id":"https:\/\/kuzeyinsesi.org\/index.php\/2024\/05\/15\/aysegul-zaim-son-single-parcasiyla-paylasim-rekoru-kirdi\/"},"wordCount":162,"commentCount":0,"image":{"@id":"https:\/\/kuzeyinsesi.org\/index.php\/2024\/05\/15\/aysegul-zaim-son-single-parcasiyla-paylasim-rekoru-kirdi\/#primaryimage"},"thumbnailUrl":"https:\/\/kuzeyinsesi.org\/wp-content\/uploads\/2024\/05\/InShot_20240515_150332606.jpg","articleSection":["Ya\u015fam"],"inLanguage":"tr","potentialAction":[{"@type":"CommentAction","name":"Comment","target":["https:\/\/kuzeyinsesi.org\/index.php\/2024\/05\/15\/aysegul-zaim-son-single-parcasiyla-paylasim-rekoru-kirdi\/#respond"]}]},{"@type":"WebPage","@id":"https:\/\/kuzeyinsesi.org\/index.php\/2024\/05\/15\/aysegul-zaim-son-single-parcasiyla-paylasim-rekoru-kirdi\/","url":"https:\/\/kuzeyinsesi.org\/index.php\/2024\/05\/15\/aysegul-zaim-son-single-parcasiyla-paylasim-rekoru-kirdi\/","name":"Ay\u015feg\u00fcl Zaim son single par\u00e7as\u0131yla payla\u015f\u0131m rekoru k\u0131rd\u0131 - Kuzeyin Sesi","isPartOf":{"@id":"https:\/\/kuzeyinsesi.org\/#website"},"primaryImageOfPage":{"@id":"https:\/\/kuzeyinsesi.org\/index.php\/2024\/05\/15\/aysegul-zaim-son-single-parcasiyla-paylasim-rekoru-kirdi\/#primaryimage"},"image":{"@id":"https:\/\/kuzeyinsesi.org\/index.php\/2024\/05\/15\/aysegul-zaim-son-single-parcasiyla-paylasim-rekoru-kirdi\/#primaryimage"},"thumbnailUrl":"https:\/\/kuzeyinsesi.org\/wp-content\/uploads\/2024\/05\/InShot_20240515_150332606.jpg","datePublished":"2024-05-15T12:02:32+00:00","author":{"@id":"https:\/\/kuzeyinsesi.org\/#\/schema\/person\/9f859689cdf01485597712386e37f5aa"},"breadcrumb":{"@id":"https:\/\/kuzeyinsesi.org\/index.php\/2024\/05\/15\/aysegul-zaim-son-single-parcasiyla-paylasim-rekoru-kirdi\/#breadcrumb"},"inLanguage":"tr","potentialAction":[{"@type":"ReadAction","target":["https:\/\/kuzeyinsesi.org\/index.php\/2024\/05\/15\/aysegul-zaim-son-single-parcasiyla-paylasim-rekoru-kirdi\/"]}]},{"@type":"ImageObject","inLanguage":"tr","@id":"https:\/\/kuzeyinsesi.org\/index.php\/2024\/05\/15\/aysegul-zaim-son-single-parcasiyla-paylasim-rekoru-kirdi\/#primaryimage","url":"https:\/\/kuzeyinsesi.org\/wp-content\/uploads\/2024\/05\/InShot_20240515_150332606.jpg","contentUrl":"https:\/\/kuzeyinsesi.org\/wp-content\/uploads\/2024\/05\/InShot_20240515_150332606.jpg","width":1920,"height":1079},{"@type":"BreadcrumbList","@id":"https:\/\/kuzeyinsesi.org\/index.php\/2024\/05\/15\/aysegul-zaim-son-single-parcasiyla-paylasim-rekoru-kirdi\/#breadcrumb","itemListElement":[{"@type":"ListItem","position":1,"name":"Anasayfa","item":"https:\/\/kuzeyinsesi.org\/"},{"@type":"ListItem","position":2,"name":"Ay\u015feg\u00fcl Zaim son single par\u00e7as\u0131yla payla\u015f\u0131m rekoru k\u0131rd\u0131"}]},{"@type":"WebSite","@id":"https:\/\/kuzeyinsesi.org\/#website","url":"https:\/\/kuzeyinsesi.org\/","name":"Kuzeyin Sesi","description":"Do\u011fru Haberin Adresi","potentialAction":[{"@type":"SearchAction","target":{"@type":"EntryPoint","urlTemplate":"https:\/\/kuzeyinsesi.org\/?s={search_term_string}"},"query-input":{"@type":"PropertyValueSpecification","valueRequired":true,"valueName":"search_term_string"}}],"inLanguage":"tr"},{"@type":"Person","@id":"https:\/\/kuzeyinsesi.org\/#\/schema\/person\/9f859689cdf01485597712386e37f5aa","name":"Kuzeyin Sesi","image":{"@type":"ImageObject","inLanguage":"tr","@id":"https:\/\/secure.gravatar.com\/avatar\/bab33852abfd8b282518d6ed81826833d77c3c882d9ab608add591ccace47a44?s=96&d=mm&r=g","url":"https:\/\/secure.gravatar.com\/avatar\/bab33852abfd8b282518d6ed81826833d77c3c882d9ab608add591ccace47a44?s=96&d=mm&r=g","contentUrl":"https:\/\/secure.gravatar.com\/avatar\/bab33852abfd8b282518d6ed81826833d77c3c882d9ab608add591ccace47a44?s=96&d=mm&r=g","caption":"Kuzeyin Sesi"},"sameAs":["https:\/\/kuzeyinsesi.org"],"url":"https:\/\/kuzeyinsesi.org\/index.php\/author\/guven\/"}]}},"_links":{"self":[{"href":"https:\/\/kuzeyinsesi.org\/index.php\/wp-json\/wp\/v2\/posts\/2562","targetHints":{"allow":["GET"]}}],"collection":[{"href":"https:\/\/kuzeyinsesi.org\/index.php\/wp-json\/wp\/v2\/posts"}],"about":[{"href":"https:\/\/kuzeyinsesi.org\/index.php\/wp-json\/wp\/v2\/types\/post"}],"author":[{"embeddable":true,"href":"https:\/\/kuzeyinsesi.org\/index.php\/wp-json\/wp\/v2\/users\/1"}],"replies":[{"embeddable":true,"href":"https:\/\/kuzeyinsesi.org\/index.php\/wp-json\/wp\/v2\/comments?post=2562"}],"version-history":[{"count":0,"href":"https:\/\/kuzeyinsesi.org\/index.php\/wp-json\/wp\/v2\/posts\/2562\/revisions"}],"wp:featuredmedia":[{"embeddable":true,"href":"https:\/\/kuzeyinsesi.org\/index.php\/wp-json\/wp\/v2\/media\/2564"}],"wp:attachment":[{"href":"https:\/\/kuzeyinsesi.org\/index.php\/wp-json\/wp\/v2\/media?parent=2562"}],"wp:term":[{"taxonomy":"category","embeddable":true,"href":"https:\/\/kuzeyinsesi.org\/index.php\/wp-json\/wp\/v2\/categories?post=2562"},{"taxonomy":"post_tag","embeddable":true,"href":"https:\/\/kuzeyinsesi.org\/index.php\/wp-json\/wp\/v2\/tags?post=2562"}],"curies":[{"name":"wp","href":"https:\/\/api.w.org\/{rel}","templated":true}]}}