{"id":2484,"date":"2024-05-14T17:36:13","date_gmt":"2024-05-14T14:36:13","guid":{"rendered":"https:\/\/kuzeyinsesi.com\/index.php\/2024\/05\/14\/eski-meclis-baskani-siberden-cagri-kardes-ocagi-yasayan-bir-muzeye-donusturulmeli\/"},"modified":"2024-05-14T17:36:13","modified_gmt":"2024-05-14T14:36:13","slug":"eski-meclis-baskani-siberden-cagri-kardes-ocagi-yasayan-bir-muzeye-donusturulmeli","status":"publish","type":"post","link":"https:\/\/kuzeyinsesi.org\/index.php\/2024\/05\/14\/eski-meclis-baskani-siberden-cagri-kardes-ocagi-yasayan-bir-muzeye-donusturulmeli\/","title":{"rendered":"Eski Meclis Ba\u015fkan\u0131 Siber\u2019den \u00e7a\u011fr\u0131: \u201cKarde\u015f Oca\u011f\u0131 ya\u015fayan bir m\u00fczeye d\u00f6n\u00fc\u015ft\u00fcr\u00fclmeli\u201d"},"content":{"rendered":"<div>\n<div class=\"mariselle-image-container center\">\n                                            <\/div>\n<p>\u201cK\u0131br\u0131s\u2019ta J\u00f6n T\u00fcrk Hareketi-Kul\u00fcp-Karde\u015f Oca\u011f\u0131\u201d kitab\u0131n\u0131n yazar\u0131, eski Meclis Ba\u015fkan\u0131 Sibel Siber, Karde\u015f Oca\u011f\u0131 kul\u00fcb\u00fcne sahip \u00e7\u0131k\u0131lmas\u0131n\u0131 ve ya\u015fayan bir m\u00fczeye d\u00f6n\u00fc\u015ft\u00fcr\u00fclmesini istedi.<\/p>\n<p>TAK\u2019a a\u00e7\u0131klama yapan Siber, bug\u00fcn Karde\u015f Oca\u011f\u0131 Kul\u00fcb\u00fc\u2019n\u00fc ziyaret ederek \u00fcyelik ba\u015fvurusunda bulundu\u011funu bildirdi.<\/p>\n<p>Kul\u00fcb\u00fcn sadece 5 \u00fcyesi kald\u0131\u011f\u0131na i\u015faret eden Siber, K\u0131br\u0131sl\u0131 T\u00fcrklerin ilk kurumsal yap\u0131s\u0131 olan Karde\u015f Oca\u011f\u0131\u2019na sahip \u00e7\u0131k\u0131lmas\u0131 \u00e7a\u011fr\u0131s\u0131nda bulundu.<\/p>\n<p>Siber, Karde\u015f Oca\u011f\u0131\u2019n\u0131 ziyaretinde g\u00f6r\u00fc\u015ft\u00fc\u011f\u00fc \u00fcyelere yapt\u0131\u011f\u0131 konu\u015fmada, K\u0131br\u0131sl\u0131 T\u00fcrklerin tarihinde \u00f6nemli rol oynam\u0131\u015f, bir d\u00f6nem toplumun nabz\u0131n\u0131n att\u0131\u011f\u0131 Karde\u015f Oca\u011f\u0131 Kul\u00fcb\u00fc\u2019n\u00fcn ve kul\u00fcb\u00fcn de\u011ferli \u00fcyelerinin, toplum belle\u011finden silinmemesi gerekti\u011fini vurgulad\u0131.<\/p>\n<p>Siber, bu kul\u00fcb\u00fcn faaliyetlerini s\u00fcrd\u00fcren, ya\u015fayan bir m\u00fczeye d\u00f6n\u00fc\u015ft\u00fcr\u00fclmesi gerekti\u011fi \u00fczerinde durdu.<\/p>\n<p>Bunun i\u00e7in de yeni \u00fcyelerin kat\u0131l\u0131m\u0131na ihtiya\u00e7 duyuldu\u011fu ve bug\u00fcn kendisinin de bu ama\u00e7la Karde\u015f Oca\u011f\u0131\u2019na \u00fcyelik ba\u015fvurusunda bulundu\u011funu ifade eden Siber, \u201cTarihimize, ge\u00e7mi\u015fimize sahip \u00e7\u0131kmak boynumuzun borcudur\u201d dedi. Siber, bu konuda \u00e7al\u0131\u015fmak isteyenlerle bir ekip olma arzusunda oldu\u011funu vurgulad\u0131.<\/p>\n<p><strong>-Karde\u015f Oca\u011f\u0131<\/strong><\/p>\n<p>Karde\u015f Oca\u011f\u0131 Kul\u00fcb\u00fc, 1909 y\u0131l\u0131nda, bir grup toplum \u00f6nderinin giri\u015fimiyle \u201cH\u00fcrriyet ve Terakki Kul\u00fcb\u00fc\u201d ad\u0131yla kuruldu ve daha sonra s\u0131ras\u0131yla ad\u0131 Birlik Oca\u011f\u0131, Karda\u015f Oca\u011f\u0131 ve Karde\u015f Oca\u011f\u0131 olarak de\u011fi\u015fti. <\/p>\n<p>Kul\u00fcp, \u00f6zellikle \u0130ngiliz S\u00f6m\u00fcrge idaresi d\u00f6neminde, toplumsal varl\u0131k m\u00fccadelesi verilen zor y\u0131llarda \u00f6nemli g\u00f6revler \u00fcstlenerek s\u00f6m\u00fcrge y\u00f6netiminin haks\u0131z uygulamalar\u0131na, gasp edilen toplumsal haklara kar\u015f\u0131 \u00f6rg\u00fctl\u00fc m\u00fccadele verdi.<\/p>\n<p>Sosyal, siyasal ve k\u00fclt\u00fcrel alanda \u00e7al\u0131\u015fmalar yapan, \u201cBirlik\u201d ad\u0131yla gazete \u00e7\u0131karan, halka tiyatro sevgisi a\u015f\u0131layan Karde\u015f Oca\u011f\u0131\u2019ndan bu nedenle \u201cSenato\u201d olarak da s\u00f6z edildi.<\/p>\n<\/p><\/div>\n<p><script async\n                    defer\n                    crossorigin=\"anonymous\"\n                    src=\"https:\/\/connect.facebook.net\/tr_TR\/sdk.js#xfbml=1&#038;version=v3.3\"\n            ><\/script><\/p>\n","protected":false},"excerpt":{"rendered":"<p>\u201cK\u0131br\u0131s\u2019ta J\u00f6n T\u00fcrk Hareketi-Kul\u00fcp-Karde\u015f Oca\u011f\u0131\u201d kitab\u0131n\u0131n yazar\u0131, eski Meclis Ba\u015fkan\u0131 Sibel Siber, Karde\u015f Oca\u011f\u0131 kul\u00fcb\u00fcne sahip \u00e7\u0131k\u0131lmas\u0131n\u0131 ve ya\u015fayan bir m\u00fczeye d\u00f6n\u00fc\u015ft\u00fcr\u00fclmesini istedi. TAK\u2019a a\u00e7\u0131klama yapan Siber, bug\u00fcn Karde\u015f Oca\u011f\u0131 Kul\u00fcb\u00fc\u2019n\u00fc ziyaret ederek \u00fcyelik ba\u015fvurusunda bulundu\u011funu bildirdi. Kul\u00fcb\u00fcn sadece 5 \u00fcyesi kald\u0131\u011f\u0131na i\u015faret eden Siber, K\u0131br\u0131sl\u0131 T\u00fcrklerin ilk kurumsal yap\u0131s\u0131 olan Karde\u015f Oca\u011f\u0131\u2019na sahip \u00e7\u0131k\u0131lmas\u0131 [&hellip;]<\/p>\n","protected":false},"author":1,"featured_media":2485,"comment_status":"open","ping_status":"open","sticky":false,"template":"","format":"standard","meta":{"jnews-multi-image_gallery":[],"jnews_single_post":[],"jnews_primary_category":[],"jnews_social_meta":[],"jnews_override_counter":[],"footnotes":""},"categories":[6],"tags":[],"class_list":["post-2484","post","type-post","status-publish","format-standard","has-post-thumbnail","hentry","category-yasam"],"yoast_head":"<!-- This site is optimized with the Yoast SEO plugin v27.5 - https:\/\/yoast.com\/product\/yoast-seo-wordpress\/ -->\n<title>Eski Meclis Ba\u015fkan\u0131 Siber\u2019den \u00e7a\u011fr\u0131: \u201cKarde\u015f Oca\u011f\u0131 ya\u015fayan bir m\u00fczeye d\u00f6n\u00fc\u015ft\u00fcr\u00fclmeli\u201d - Kuzeyin Sesi<\/title>\n<meta name=\"robots\" content=\"index, follow, max-snippet:-1, max-image-preview:large, max-video-preview:-1\" \/>\n<link rel=\"canonical\" href=\"https:\/\/kuzeyinsesi.org\/index.php\/2024\/05\/14\/eski-meclis-baskani-siberden-cagri-kardes-ocagi-yasayan-bir-muzeye-donusturulmeli\/\" \/>\n<meta property=\"og:locale\" content=\"tr_TR\" \/>\n<meta property=\"og:type\" content=\"article\" \/>\n<meta property=\"og:title\" content=\"Eski Meclis Ba\u015fkan\u0131 Siber\u2019den \u00e7a\u011fr\u0131: \u201cKarde\u015f Oca\u011f\u0131 ya\u015fayan bir m\u00fczeye d\u00f6n\u00fc\u015ft\u00fcr\u00fclmeli\u201d - Kuzeyin Sesi\" \/>\n<meta property=\"og:description\" content=\"\u201cK\u0131br\u0131s\u2019ta J\u00f6n T\u00fcrk Hareketi-Kul\u00fcp-Karde\u015f Oca\u011f\u0131\u201d kitab\u0131n\u0131n yazar\u0131, eski Meclis Ba\u015fkan\u0131 Sibel Siber, Karde\u015f Oca\u011f\u0131 kul\u00fcb\u00fcne sahip \u00e7\u0131k\u0131lmas\u0131n\u0131 ve ya\u015fayan bir m\u00fczeye d\u00f6n\u00fc\u015ft\u00fcr\u00fclmesini istedi. TAK\u2019a a\u00e7\u0131klama yapan Siber, bug\u00fcn Karde\u015f Oca\u011f\u0131 Kul\u00fcb\u00fc\u2019n\u00fc ziyaret ederek \u00fcyelik ba\u015fvurusunda bulundu\u011funu bildirdi. Kul\u00fcb\u00fcn sadece 5 \u00fcyesi kald\u0131\u011f\u0131na i\u015faret eden Siber, K\u0131br\u0131sl\u0131 T\u00fcrklerin ilk kurumsal yap\u0131s\u0131 olan Karde\u015f Oca\u011f\u0131\u2019na sahip \u00e7\u0131k\u0131lmas\u0131 [&hellip;]\" \/>\n<meta property=\"og:url\" content=\"https:\/\/kuzeyinsesi.org\/index.php\/2024\/05\/14\/eski-meclis-baskani-siberden-cagri-kardes-ocagi-yasayan-bir-muzeye-donusturulmeli\/\" \/>\n<meta property=\"og:site_name\" content=\"Kuzeyin Sesi\" \/>\n<meta property=\"article:publisher\" content=\"https:\/\/www.facebook.com\/kuzeyinsesii\" \/>\n<meta property=\"article:published_time\" content=\"2024-05-14T14:36:13+00:00\" \/>\n<meta property=\"og:image\" content=\"https:\/\/kuzeyinsesi.org\/wp-content\/uploads\/2024\/05\/kardes-ocagi3.jpg\" \/>\n\t<meta property=\"og:image:width\" content=\"1235\" \/>\n\t<meta property=\"og:image:height\" content=\"571\" \/>\n\t<meta property=\"og:image:type\" content=\"image\/jpeg\" \/>\n<meta name=\"author\" content=\"Kuzeyin Sesi\" \/>\n<meta name=\"twitter:card\" content=\"summary_large_image\" \/>\n<meta name=\"twitter:creator\" content=\"@kuzeyinsesii\" \/>\n<meta name=\"twitter:site\" content=\"@kuzeyinsesii\" \/>\n<meta name=\"twitter:label1\" content=\"Yazan:\" \/>\n\t<meta name=\"twitter:data1\" content=\"Kuzeyin Sesi\" \/>\n\t<meta name=\"twitter:label2\" content=\"Tahmini okuma s\u00fcresi\" \/>\n\t<meta name=\"twitter:data2\" content=\"2 dakika\" \/>\n<script type=\"application\/ld+json\" class=\"yoast-schema-graph\">{\"@context\":\"https:\\\/\\\/schema.org\",\"@graph\":[{\"@type\":\"Article\",\"@id\":\"https:\\\/\\\/kuzeyinsesi.org\\\/index.php\\\/2024\\\/05\\\/14\\\/eski-meclis-baskani-siberden-cagri-kardes-ocagi-yasayan-bir-muzeye-donusturulmeli\\\/#article\",\"isPartOf\":{\"@id\":\"https:\\\/\\\/kuzeyinsesi.org\\\/index.php\\\/2024\\\/05\\\/14\\\/eski-meclis-baskani-siberden-cagri-kardes-ocagi-yasayan-bir-muzeye-donusturulmeli\\\/\"},\"author\":{\"name\":\"Kuzeyin Sesi\",\"@id\":\"https:\\\/\\\/kuzeyinsesi.org\\\/#\\\/schema\\\/person\\\/9f859689cdf01485597712386e37f5aa\"},\"headline\":\"Eski Meclis Ba\u015fkan\u0131 Siber\u2019den \u00e7a\u011fr\u0131: \u201cKarde\u015f Oca\u011f\u0131 ya\u015fayan bir m\u00fczeye d\u00f6n\u00fc\u015ft\u00fcr\u00fclmeli\u201d\",\"datePublished\":\"2024-05-14T14:36:13+00:00\",\"mainEntityOfPage\":{\"@id\":\"https:\\\/\\\/kuzeyinsesi.org\\\/index.php\\\/2024\\\/05\\\/14\\\/eski-meclis-baskani-siberden-cagri-kardes-ocagi-yasayan-bir-muzeye-donusturulmeli\\\/\"},\"wordCount\":356,\"commentCount\":0,\"image\":{\"@id\":\"https:\\\/\\\/kuzeyinsesi.org\\\/index.php\\\/2024\\\/05\\\/14\\\/eski-meclis-baskani-siberden-cagri-kardes-ocagi-yasayan-bir-muzeye-donusturulmeli\\\/#primaryimage\"},\"thumbnailUrl\":\"https:\\\/\\\/kuzeyinsesi.org\\\/wp-content\\\/uploads\\\/2024\\\/05\\\/kardes-ocagi3.jpg\",\"articleSection\":[\"Ya\u015fam\"],\"inLanguage\":\"tr\",\"potentialAction\":[{\"@type\":\"CommentAction\",\"name\":\"Comment\",\"target\":[\"https:\\\/\\\/kuzeyinsesi.org\\\/index.php\\\/2024\\\/05\\\/14\\\/eski-meclis-baskani-siberden-cagri-kardes-ocagi-yasayan-bir-muzeye-donusturulmeli\\\/#respond\"]}]},{\"@type\":\"WebPage\",\"@id\":\"https:\\\/\\\/kuzeyinsesi.org\\\/index.php\\\/2024\\\/05\\\/14\\\/eski-meclis-baskani-siberden-cagri-kardes-ocagi-yasayan-bir-muzeye-donusturulmeli\\\/\",\"url\":\"https:\\\/\\\/kuzeyinsesi.org\\\/index.php\\\/2024\\\/05\\\/14\\\/eski-meclis-baskani-siberden-cagri-kardes-ocagi-yasayan-bir-muzeye-donusturulmeli\\\/\",\"name\":\"Eski Meclis Ba\u015fkan\u0131 Siber\u2019den \u00e7a\u011fr\u0131: \u201cKarde\u015f Oca\u011f\u0131 ya\u015fayan bir m\u00fczeye d\u00f6n\u00fc\u015ft\u00fcr\u00fclmeli\u201d - Kuzeyin Sesi\",\"isPartOf\":{\"@id\":\"https:\\\/\\\/kuzeyinsesi.org\\\/#website\"},\"primaryImageOfPage\":{\"@id\":\"https:\\\/\\\/kuzeyinsesi.org\\\/index.php\\\/2024\\\/05\\\/14\\\/eski-meclis-baskani-siberden-cagri-kardes-ocagi-yasayan-bir-muzeye-donusturulmeli\\\/#primaryimage\"},\"image\":{\"@id\":\"https:\\\/\\\/kuzeyinsesi.org\\\/index.php\\\/2024\\\/05\\\/14\\\/eski-meclis-baskani-siberden-cagri-kardes-ocagi-yasayan-bir-muzeye-donusturulmeli\\\/#primaryimage\"},\"thumbnailUrl\":\"https:\\\/\\\/kuzeyinsesi.org\\\/wp-content\\\/uploads\\\/2024\\\/05\\\/kardes-ocagi3.jpg\",\"datePublished\":\"2024-05-14T14:36:13+00:00\",\"author\":{\"@id\":\"https:\\\/\\\/kuzeyinsesi.org\\\/#\\\/schema\\\/person\\\/9f859689cdf01485597712386e37f5aa\"},\"breadcrumb\":{\"@id\":\"https:\\\/\\\/kuzeyinsesi.org\\\/index.php\\\/2024\\\/05\\\/14\\\/eski-meclis-baskani-siberden-cagri-kardes-ocagi-yasayan-bir-muzeye-donusturulmeli\\\/#breadcrumb\"},\"inLanguage\":\"tr\",\"potentialAction\":[{\"@type\":\"ReadAction\",\"target\":[\"https:\\\/\\\/kuzeyinsesi.org\\\/index.php\\\/2024\\\/05\\\/14\\\/eski-meclis-baskani-siberden-cagri-kardes-ocagi-yasayan-bir-muzeye-donusturulmeli\\\/\"]}]},{\"@type\":\"ImageObject\",\"inLanguage\":\"tr\",\"@id\":\"https:\\\/\\\/kuzeyinsesi.org\\\/index.php\\\/2024\\\/05\\\/14\\\/eski-meclis-baskani-siberden-cagri-kardes-ocagi-yasayan-bir-muzeye-donusturulmeli\\\/#primaryimage\",\"url\":\"https:\\\/\\\/kuzeyinsesi.org\\\/wp-content\\\/uploads\\\/2024\\\/05\\\/kardes-ocagi3.jpg\",\"contentUrl\":\"https:\\\/\\\/kuzeyinsesi.org\\\/wp-content\\\/uploads\\\/2024\\\/05\\\/kardes-ocagi3.jpg\",\"width\":1235,\"height\":571},{\"@type\":\"BreadcrumbList\",\"@id\":\"https:\\\/\\\/kuzeyinsesi.org\\\/index.php\\\/2024\\\/05\\\/14\\\/eski-meclis-baskani-siberden-cagri-kardes-ocagi-yasayan-bir-muzeye-donusturulmeli\\\/#breadcrumb\",\"itemListElement\":[{\"@type\":\"ListItem\",\"position\":1,\"name\":\"Anasayfa\",\"item\":\"https:\\\/\\\/kuzeyinsesi.org\\\/\"},{\"@type\":\"ListItem\",\"position\":2,\"name\":\"Eski Meclis Ba\u015fkan\u0131 Siber\u2019den \u00e7a\u011fr\u0131: \u201cKarde\u015f Oca\u011f\u0131 ya\u015fayan bir m\u00fczeye d\u00f6n\u00fc\u015ft\u00fcr\u00fclmeli\u201d\"}]},{\"@type\":\"WebSite\",\"@id\":\"https:\\\/\\\/kuzeyinsesi.org\\\/#website\",\"url\":\"https:\\\/\\\/kuzeyinsesi.org\\\/\",\"name\":\"Kuzeyin Sesi\",\"description\":\"Do\u011fru Haberin Adresi\",\"potentialAction\":[{\"@type\":\"SearchAction\",\"target\":{\"@type\":\"EntryPoint\",\"urlTemplate\":\"https:\\\/\\\/kuzeyinsesi.org\\\/?s={search_term_string}\"},\"query-input\":{\"@type\":\"PropertyValueSpecification\",\"valueRequired\":true,\"valueName\":\"search_term_string\"}}],\"inLanguage\":\"tr\"},{\"@type\":\"Person\",\"@id\":\"https:\\\/\\\/kuzeyinsesi.org\\\/#\\\/schema\\\/person\\\/9f859689cdf01485597712386e37f5aa\",\"name\":\"Kuzeyin Sesi\",\"image\":{\"@type\":\"ImageObject\",\"inLanguage\":\"tr\",\"@id\":\"https:\\\/\\\/secure.gravatar.com\\\/avatar\\\/bab33852abfd8b282518d6ed81826833d77c3c882d9ab608add591ccace47a44?s=96&d=mm&r=g\",\"url\":\"https:\\\/\\\/secure.gravatar.com\\\/avatar\\\/bab33852abfd8b282518d6ed81826833d77c3c882d9ab608add591ccace47a44?s=96&d=mm&r=g\",\"contentUrl\":\"https:\\\/\\\/secure.gravatar.com\\\/avatar\\\/bab33852abfd8b282518d6ed81826833d77c3c882d9ab608add591ccace47a44?s=96&d=mm&r=g\",\"caption\":\"Kuzeyin Sesi\"},\"sameAs\":[\"https:\\\/\\\/kuzeyinsesi.org\"],\"url\":\"https:\\\/\\\/kuzeyinsesi.org\\\/index.php\\\/author\\\/guven\\\/\"}]}<\/script>\n<!-- \/ Yoast SEO plugin. -->","yoast_head_json":{"title":"Eski Meclis Ba\u015fkan\u0131 Siber\u2019den \u00e7a\u011fr\u0131: \u201cKarde\u015f Oca\u011f\u0131 ya\u015fayan bir m\u00fczeye d\u00f6n\u00fc\u015ft\u00fcr\u00fclmeli\u201d - Kuzeyin Sesi","robots":{"index":"index","follow":"follow","max-snippet":"max-snippet:-1","max-image-preview":"max-image-preview:large","max-video-preview":"max-video-preview:-1"},"canonical":"https:\/\/kuzeyinsesi.org\/index.php\/2024\/05\/14\/eski-meclis-baskani-siberden-cagri-kardes-ocagi-yasayan-bir-muzeye-donusturulmeli\/","og_locale":"tr_TR","og_type":"article","og_title":"Eski Meclis Ba\u015fkan\u0131 Siber\u2019den \u00e7a\u011fr\u0131: \u201cKarde\u015f Oca\u011f\u0131 ya\u015fayan bir m\u00fczeye d\u00f6n\u00fc\u015ft\u00fcr\u00fclmeli\u201d - Kuzeyin Sesi","og_description":"\u201cK\u0131br\u0131s\u2019ta J\u00f6n T\u00fcrk Hareketi-Kul\u00fcp-Karde\u015f Oca\u011f\u0131\u201d kitab\u0131n\u0131n yazar\u0131, eski Meclis Ba\u015fkan\u0131 Sibel Siber, Karde\u015f Oca\u011f\u0131 kul\u00fcb\u00fcne sahip \u00e7\u0131k\u0131lmas\u0131n\u0131 ve ya\u015fayan bir m\u00fczeye d\u00f6n\u00fc\u015ft\u00fcr\u00fclmesini istedi. TAK\u2019a a\u00e7\u0131klama yapan Siber, bug\u00fcn Karde\u015f Oca\u011f\u0131 Kul\u00fcb\u00fc\u2019n\u00fc ziyaret ederek \u00fcyelik ba\u015fvurusunda bulundu\u011funu bildirdi. Kul\u00fcb\u00fcn sadece 5 \u00fcyesi kald\u0131\u011f\u0131na i\u015faret eden Siber, K\u0131br\u0131sl\u0131 T\u00fcrklerin ilk kurumsal yap\u0131s\u0131 olan Karde\u015f Oca\u011f\u0131\u2019na sahip \u00e7\u0131k\u0131lmas\u0131 [&hellip;]","og_url":"https:\/\/kuzeyinsesi.org\/index.php\/2024\/05\/14\/eski-meclis-baskani-siberden-cagri-kardes-ocagi-yasayan-bir-muzeye-donusturulmeli\/","og_site_name":"Kuzeyin Sesi","article_publisher":"https:\/\/www.facebook.com\/kuzeyinsesii","article_published_time":"2024-05-14T14:36:13+00:00","og_image":[{"width":1235,"height":571,"url":"https:\/\/kuzeyinsesi.org\/wp-content\/uploads\/2024\/05\/kardes-ocagi3.jpg","type":"image\/jpeg"}],"author":"Kuzeyin Sesi","twitter_card":"summary_large_image","twitter_creator":"@kuzeyinsesii","twitter_site":"@kuzeyinsesii","twitter_misc":{"Yazan:":"Kuzeyin Sesi","Tahmini okuma s\u00fcresi":"2 dakika"},"schema":{"@context":"https:\/\/schema.org","@graph":[{"@type":"Article","@id":"https:\/\/kuzeyinsesi.org\/index.php\/2024\/05\/14\/eski-meclis-baskani-siberden-cagri-kardes-ocagi-yasayan-bir-muzeye-donusturulmeli\/#article","isPartOf":{"@id":"https:\/\/kuzeyinsesi.org\/index.php\/2024\/05\/14\/eski-meclis-baskani-siberden-cagri-kardes-ocagi-yasayan-bir-muzeye-donusturulmeli\/"},"author":{"name":"Kuzeyin Sesi","@id":"https:\/\/kuzeyinsesi.org\/#\/schema\/person\/9f859689cdf01485597712386e37f5aa"},"headline":"Eski Meclis Ba\u015fkan\u0131 Siber\u2019den \u00e7a\u011fr\u0131: \u201cKarde\u015f Oca\u011f\u0131 ya\u015fayan bir m\u00fczeye d\u00f6n\u00fc\u015ft\u00fcr\u00fclmeli\u201d","datePublished":"2024-05-14T14:36:13+00:00","mainEntityOfPage":{"@id":"https:\/\/kuzeyinsesi.org\/index.php\/2024\/05\/14\/eski-meclis-baskani-siberden-cagri-kardes-ocagi-yasayan-bir-muzeye-donusturulmeli\/"},"wordCount":356,"commentCount":0,"image":{"@id":"https:\/\/kuzeyinsesi.org\/index.php\/2024\/05\/14\/eski-meclis-baskani-siberden-cagri-kardes-ocagi-yasayan-bir-muzeye-donusturulmeli\/#primaryimage"},"thumbnailUrl":"https:\/\/kuzeyinsesi.org\/wp-content\/uploads\/2024\/05\/kardes-ocagi3.jpg","articleSection":["Ya\u015fam"],"inLanguage":"tr","potentialAction":[{"@type":"CommentAction","name":"Comment","target":["https:\/\/kuzeyinsesi.org\/index.php\/2024\/05\/14\/eski-meclis-baskani-siberden-cagri-kardes-ocagi-yasayan-bir-muzeye-donusturulmeli\/#respond"]}]},{"@type":"WebPage","@id":"https:\/\/kuzeyinsesi.org\/index.php\/2024\/05\/14\/eski-meclis-baskani-siberden-cagri-kardes-ocagi-yasayan-bir-muzeye-donusturulmeli\/","url":"https:\/\/kuzeyinsesi.org\/index.php\/2024\/05\/14\/eski-meclis-baskani-siberden-cagri-kardes-ocagi-yasayan-bir-muzeye-donusturulmeli\/","name":"Eski Meclis Ba\u015fkan\u0131 Siber\u2019den \u00e7a\u011fr\u0131: \u201cKarde\u015f Oca\u011f\u0131 ya\u015fayan bir m\u00fczeye d\u00f6n\u00fc\u015ft\u00fcr\u00fclmeli\u201d - Kuzeyin Sesi","isPartOf":{"@id":"https:\/\/kuzeyinsesi.org\/#website"},"primaryImageOfPage":{"@id":"https:\/\/kuzeyinsesi.org\/index.php\/2024\/05\/14\/eski-meclis-baskani-siberden-cagri-kardes-ocagi-yasayan-bir-muzeye-donusturulmeli\/#primaryimage"},"image":{"@id":"https:\/\/kuzeyinsesi.org\/index.php\/2024\/05\/14\/eski-meclis-baskani-siberden-cagri-kardes-ocagi-yasayan-bir-muzeye-donusturulmeli\/#primaryimage"},"thumbnailUrl":"https:\/\/kuzeyinsesi.org\/wp-content\/uploads\/2024\/05\/kardes-ocagi3.jpg","datePublished":"2024-05-14T14:36:13+00:00","author":{"@id":"https:\/\/kuzeyinsesi.org\/#\/schema\/person\/9f859689cdf01485597712386e37f5aa"},"breadcrumb":{"@id":"https:\/\/kuzeyinsesi.org\/index.php\/2024\/05\/14\/eski-meclis-baskani-siberden-cagri-kardes-ocagi-yasayan-bir-muzeye-donusturulmeli\/#breadcrumb"},"inLanguage":"tr","potentialAction":[{"@type":"ReadAction","target":["https:\/\/kuzeyinsesi.org\/index.php\/2024\/05\/14\/eski-meclis-baskani-siberden-cagri-kardes-ocagi-yasayan-bir-muzeye-donusturulmeli\/"]}]},{"@type":"ImageObject","inLanguage":"tr","@id":"https:\/\/kuzeyinsesi.org\/index.php\/2024\/05\/14\/eski-meclis-baskani-siberden-cagri-kardes-ocagi-yasayan-bir-muzeye-donusturulmeli\/#primaryimage","url":"https:\/\/kuzeyinsesi.org\/wp-content\/uploads\/2024\/05\/kardes-ocagi3.jpg","contentUrl":"https:\/\/kuzeyinsesi.org\/wp-content\/uploads\/2024\/05\/kardes-ocagi3.jpg","width":1235,"height":571},{"@type":"BreadcrumbList","@id":"https:\/\/kuzeyinsesi.org\/index.php\/2024\/05\/14\/eski-meclis-baskani-siberden-cagri-kardes-ocagi-yasayan-bir-muzeye-donusturulmeli\/#breadcrumb","itemListElement":[{"@type":"ListItem","position":1,"name":"Anasayfa","item":"https:\/\/kuzeyinsesi.org\/"},{"@type":"ListItem","position":2,"name":"Eski Meclis Ba\u015fkan\u0131 Siber\u2019den \u00e7a\u011fr\u0131: \u201cKarde\u015f Oca\u011f\u0131 ya\u015fayan bir m\u00fczeye d\u00f6n\u00fc\u015ft\u00fcr\u00fclmeli\u201d"}]},{"@type":"WebSite","@id":"https:\/\/kuzeyinsesi.org\/#website","url":"https:\/\/kuzeyinsesi.org\/","name":"Kuzeyin Sesi","description":"Do\u011fru Haberin Adresi","potentialAction":[{"@type":"SearchAction","target":{"@type":"EntryPoint","urlTemplate":"https:\/\/kuzeyinsesi.org\/?s={search_term_string}"},"query-input":{"@type":"PropertyValueSpecification","valueRequired":true,"valueName":"search_term_string"}}],"inLanguage":"tr"},{"@type":"Person","@id":"https:\/\/kuzeyinsesi.org\/#\/schema\/person\/9f859689cdf01485597712386e37f5aa","name":"Kuzeyin Sesi","image":{"@type":"ImageObject","inLanguage":"tr","@id":"https:\/\/secure.gravatar.com\/avatar\/bab33852abfd8b282518d6ed81826833d77c3c882d9ab608add591ccace47a44?s=96&d=mm&r=g","url":"https:\/\/secure.gravatar.com\/avatar\/bab33852abfd8b282518d6ed81826833d77c3c882d9ab608add591ccace47a44?s=96&d=mm&r=g","contentUrl":"https:\/\/secure.gravatar.com\/avatar\/bab33852abfd8b282518d6ed81826833d77c3c882d9ab608add591ccace47a44?s=96&d=mm&r=g","caption":"Kuzeyin Sesi"},"sameAs":["https:\/\/kuzeyinsesi.org"],"url":"https:\/\/kuzeyinsesi.org\/index.php\/author\/guven\/"}]}},"_links":{"self":[{"href":"https:\/\/kuzeyinsesi.org\/index.php\/wp-json\/wp\/v2\/posts\/2484","targetHints":{"allow":["GET"]}}],"collection":[{"href":"https:\/\/kuzeyinsesi.org\/index.php\/wp-json\/wp\/v2\/posts"}],"about":[{"href":"https:\/\/kuzeyinsesi.org\/index.php\/wp-json\/wp\/v2\/types\/post"}],"author":[{"embeddable":true,"href":"https:\/\/kuzeyinsesi.org\/index.php\/wp-json\/wp\/v2\/users\/1"}],"replies":[{"embeddable":true,"href":"https:\/\/kuzeyinsesi.org\/index.php\/wp-json\/wp\/v2\/comments?post=2484"}],"version-history":[{"count":0,"href":"https:\/\/kuzeyinsesi.org\/index.php\/wp-json\/wp\/v2\/posts\/2484\/revisions"}],"wp:featuredmedia":[{"embeddable":true,"href":"https:\/\/kuzeyinsesi.org\/index.php\/wp-json\/wp\/v2\/media\/2485"}],"wp:attachment":[{"href":"https:\/\/kuzeyinsesi.org\/index.php\/wp-json\/wp\/v2\/media?parent=2484"}],"wp:term":[{"taxonomy":"category","embeddable":true,"href":"https:\/\/kuzeyinsesi.org\/index.php\/wp-json\/wp\/v2\/categories?post=2484"},{"taxonomy":"post_tag","embeddable":true,"href":"https:\/\/kuzeyinsesi.org\/index.php\/wp-json\/wp\/v2\/tags?post=2484"}],"curies":[{"name":"wp","href":"https:\/\/api.w.org\/{rel}","templated":true}]}}