{"id":24736,"date":"2025-05-06T17:26:52","date_gmt":"2025-05-06T14:26:52","guid":{"rendered":"https:\/\/kuzeyinsesi.org\/index.php\/2025\/05\/06\/istanbul-devlet-tiyatrosunun-profesyonel-oyunu-15-16-mayista-daude-sahnelenecek\/"},"modified":"2025-05-06T17:26:52","modified_gmt":"2025-05-06T14:26:52","slug":"istanbul-devlet-tiyatrosunun-profesyonel-oyunu-15-16-mayista-daude-sahnelenecek","status":"publish","type":"post","link":"https:\/\/kuzeyinsesi.org\/index.php\/2025\/05\/06\/istanbul-devlet-tiyatrosunun-profesyonel-oyunu-15-16-mayista-daude-sahnelenecek\/","title":{"rendered":"\u0130stanbul Devlet Tiyatrosu\u2019nun \u201cProfesyonel\u201d oyunu 15-16 May\u0131s\u2019ta DA\u00dc\u2019de sahnelenecek"},"content":{"rendered":"<div>\n<div class=\"mariselle-image-container center\">\n                                            <\/div>\n<p>\n\u0130stanbul Devlet Tiyatrosu\u2019nun \u201cProfesyonel\u201d oyunu 15 May\u0131s\u2019ta DA\u00dc\u2019de sahnelenecek.<\/p>\n<p>Rauf Raif Denkta\u015f K\u00fclt\u00fcr ve Kongre Saray\u0131\u2019nda 15 May\u0131s 2025 Per\u015fembe g\u00fcn\u00fc saat 18.00\u2019de, \u00f6zel g\u00f6sterimle DA\u00dc \u00f6\u011frencileri i\u00e7in \u00fccretsiz olarak sahneye konacak.<\/p>\n<p>Oyun 16 May\u0131s Cuma g\u00fcn\u00fc ayn\u0131 mekanda saat 19.00\u2019da halka g\u00f6sterilecek. Biletler www.gisekibris.com adresi \u00fczerinden temin edebilecek.<\/p>\n<p>Do\u011fu Akdeniz \u00dcniversitesi\u2019nin (DA\u00dc) 27. Bahar Festivali etkinlikleri kapsam\u0131nda sahnelenecek oyunun ba\u015frollerinde Yetkin Dikinciler, B\u00fclent Emin Yarar, G\u00fclen \u00c7ehreli ve Cenap O\u011fuz yer al\u0131yor. Oyunu I\u015f\u0131l Kasapo\u011flu y\u00f6netiyor.<\/p>\n<\/p><\/div>\n<p><script async\n                    defer\n                    crossorigin=\"anonymous\"\n                    src=\"https:\/\/connect.facebook.net\/tr_TR\/sdk.js#xfbml=1&#038;version=v3.3\"\n            ><\/script><\/p>\n","protected":false},"excerpt":{"rendered":"<p>\u0130stanbul Devlet Tiyatrosu\u2019nun \u201cProfesyonel\u201d oyunu 15 May\u0131s\u2019ta DA\u00dc\u2019de sahnelenecek. Rauf Raif Denkta\u015f K\u00fclt\u00fcr ve Kongre Saray\u0131\u2019nda 15 May\u0131s 2025 Per\u015fembe g\u00fcn\u00fc saat 18.00\u2019de, \u00f6zel g\u00f6sterimle DA\u00dc \u00f6\u011frencileri i\u00e7in \u00fccretsiz olarak sahneye konacak. Oyun 16 May\u0131s Cuma g\u00fcn\u00fc ayn\u0131 mekanda saat 19.00\u2019da halka g\u00f6sterilecek. Biletler www.gisekibris.com adresi \u00fczerinden temin edebilecek. Do\u011fu Akdeniz \u00dcniversitesi\u2019nin (DA\u00dc) 27. Bahar [&hellip;]<\/p>\n","protected":false},"author":1,"featured_media":24737,"comment_status":"open","ping_status":"open","sticky":false,"template":"","format":"standard","meta":{"jnews-multi-image_gallery":[],"jnews_single_post":[],"jnews_primary_category":[],"jnews_social_meta":[],"jnews_override_counter":[],"footnotes":""},"categories":[6],"tags":[],"class_list":["post-24736","post","type-post","status-publish","format-standard","has-post-thumbnail","hentry","category-yasam"],"yoast_head":"<!-- This site is optimized with the Yoast SEO plugin v27.4 - https:\/\/yoast.com\/product\/yoast-seo-wordpress\/ -->\n<title>\u0130stanbul Devlet Tiyatrosu\u2019nun \u201cProfesyonel\u201d oyunu 15-16 May\u0131s\u2019ta DA\u00dc\u2019de sahnelenecek - Kuzeyin Sesi<\/title>\n<meta name=\"robots\" content=\"index, follow, max-snippet:-1, max-image-preview:large, max-video-preview:-1\" \/>\n<link rel=\"canonical\" href=\"https:\/\/kuzeyinsesi.org\/index.php\/2025\/05\/06\/istanbul-devlet-tiyatrosunun-profesyonel-oyunu-15-16-mayista-daude-sahnelenecek\/\" \/>\n<meta property=\"og:locale\" content=\"tr_TR\" \/>\n<meta property=\"og:type\" content=\"article\" \/>\n<meta property=\"og:title\" content=\"\u0130stanbul Devlet Tiyatrosu\u2019nun \u201cProfesyonel\u201d oyunu 15-16 May\u0131s\u2019ta DA\u00dc\u2019de sahnelenecek - Kuzeyin Sesi\" \/>\n<meta property=\"og:description\" content=\"\u0130stanbul Devlet Tiyatrosu\u2019nun \u201cProfesyonel\u201d oyunu 15 May\u0131s\u2019ta DA\u00dc\u2019de sahnelenecek. Rauf Raif Denkta\u015f K\u00fclt\u00fcr ve Kongre Saray\u0131\u2019nda 15 May\u0131s 2025 Per\u015fembe g\u00fcn\u00fc saat 18.00\u2019de, \u00f6zel g\u00f6sterimle DA\u00dc \u00f6\u011frencileri i\u00e7in \u00fccretsiz olarak sahneye konacak. Oyun 16 May\u0131s Cuma g\u00fcn\u00fc ayn\u0131 mekanda saat 19.00\u2019da halka g\u00f6sterilecek. Biletler www.gisekibris.com adresi \u00fczerinden temin edebilecek. Do\u011fu Akdeniz \u00dcniversitesi\u2019nin (DA\u00dc) 27. Bahar [&hellip;]\" \/>\n<meta property=\"og:url\" content=\"https:\/\/kuzeyinsesi.org\/index.php\/2025\/05\/06\/istanbul-devlet-tiyatrosunun-profesyonel-oyunu-15-16-mayista-daude-sahnelenecek\/\" \/>\n<meta property=\"og:site_name\" content=\"Kuzeyin Sesi\" \/>\n<meta property=\"article:publisher\" content=\"https:\/\/www.facebook.com\/kuzeyinsesii\" \/>\n<meta property=\"article:published_time\" content=\"2025-05-06T14:26:52+00:00\" \/>\n<meta property=\"og:image\" content=\"https:\/\/brtk.net\/wp-content\/uploads\/2025\/05\/06\/1746538645463PROFESYONEL-4-scaled.jpg?ver=a18bc314315219dbdd33840bf7b23bce\" \/>\n<meta name=\"author\" content=\"Kuzeyin Sesi\" \/>\n<meta name=\"twitter:card\" content=\"summary_large_image\" \/>\n<meta name=\"twitter:creator\" content=\"@kuzeyinsesii\" \/>\n<meta name=\"twitter:site\" content=\"@kuzeyinsesii\" \/>\n<meta name=\"twitter:label1\" content=\"Yazan:\" \/>\n\t<meta name=\"twitter:data1\" content=\"Kuzeyin Sesi\" \/>\n\t<meta name=\"twitter:label2\" content=\"Tahmini okuma s\u00fcresi\" \/>\n\t<meta name=\"twitter:data2\" content=\"1 dakika\" \/>\n<script type=\"application\/ld+json\" class=\"yoast-schema-graph\">{\"@context\":\"https:\\\/\\\/schema.org\",\"@graph\":[{\"@type\":\"Article\",\"@id\":\"https:\\\/\\\/kuzeyinsesi.org\\\/index.php\\\/2025\\\/05\\\/06\\\/istanbul-devlet-tiyatrosunun-profesyonel-oyunu-15-16-mayista-daude-sahnelenecek\\\/#article\",\"isPartOf\":{\"@id\":\"https:\\\/\\\/kuzeyinsesi.org\\\/index.php\\\/2025\\\/05\\\/06\\\/istanbul-devlet-tiyatrosunun-profesyonel-oyunu-15-16-mayista-daude-sahnelenecek\\\/\"},\"author\":{\"name\":\"Kuzeyin Sesi\",\"@id\":\"https:\\\/\\\/kuzeyinsesi.org\\\/#\\\/schema\\\/person\\\/9f859689cdf01485597712386e37f5aa\"},\"headline\":\"\u0130stanbul Devlet Tiyatrosu\u2019nun \u201cProfesyonel\u201d oyunu 15-16 May\u0131s\u2019ta DA\u00dc\u2019de sahnelenecek\",\"datePublished\":\"2025-05-06T14:26:52+00:00\",\"mainEntityOfPage\":{\"@id\":\"https:\\\/\\\/kuzeyinsesi.org\\\/index.php\\\/2025\\\/05\\\/06\\\/istanbul-devlet-tiyatrosunun-profesyonel-oyunu-15-16-mayista-daude-sahnelenecek\\\/\"},\"wordCount\":113,\"commentCount\":0,\"image\":{\"@id\":\"https:\\\/\\\/kuzeyinsesi.org\\\/index.php\\\/2025\\\/05\\\/06\\\/istanbul-devlet-tiyatrosunun-profesyonel-oyunu-15-16-mayista-daude-sahnelenecek\\\/#primaryimage\"},\"thumbnailUrl\":\"https:\\\/\\\/kuzeyinsesi.org\\\/wp-content\\\/uploads\\\/2025\\\/05\\\/1746538645463PROFESYONEL-4-scaled.jpg\",\"articleSection\":[\"Ya\u015fam\"],\"inLanguage\":\"tr\",\"potentialAction\":[{\"@type\":\"CommentAction\",\"name\":\"Comment\",\"target\":[\"https:\\\/\\\/kuzeyinsesi.org\\\/index.php\\\/2025\\\/05\\\/06\\\/istanbul-devlet-tiyatrosunun-profesyonel-oyunu-15-16-mayista-daude-sahnelenecek\\\/#respond\"]}]},{\"@type\":\"WebPage\",\"@id\":\"https:\\\/\\\/kuzeyinsesi.org\\\/index.php\\\/2025\\\/05\\\/06\\\/istanbul-devlet-tiyatrosunun-profesyonel-oyunu-15-16-mayista-daude-sahnelenecek\\\/\",\"url\":\"https:\\\/\\\/kuzeyinsesi.org\\\/index.php\\\/2025\\\/05\\\/06\\\/istanbul-devlet-tiyatrosunun-profesyonel-oyunu-15-16-mayista-daude-sahnelenecek\\\/\",\"name\":\"\u0130stanbul Devlet Tiyatrosu\u2019nun \u201cProfesyonel\u201d oyunu 15-16 May\u0131s\u2019ta DA\u00dc\u2019de sahnelenecek - Kuzeyin Sesi\",\"isPartOf\":{\"@id\":\"https:\\\/\\\/kuzeyinsesi.org\\\/#website\"},\"primaryImageOfPage\":{\"@id\":\"https:\\\/\\\/kuzeyinsesi.org\\\/index.php\\\/2025\\\/05\\\/06\\\/istanbul-devlet-tiyatrosunun-profesyonel-oyunu-15-16-mayista-daude-sahnelenecek\\\/#primaryimage\"},\"image\":{\"@id\":\"https:\\\/\\\/kuzeyinsesi.org\\\/index.php\\\/2025\\\/05\\\/06\\\/istanbul-devlet-tiyatrosunun-profesyonel-oyunu-15-16-mayista-daude-sahnelenecek\\\/#primaryimage\"},\"thumbnailUrl\":\"https:\\\/\\\/kuzeyinsesi.org\\\/wp-content\\\/uploads\\\/2025\\\/05\\\/1746538645463PROFESYONEL-4-scaled.jpg\",\"datePublished\":\"2025-05-06T14:26:52+00:00\",\"author\":{\"@id\":\"https:\\\/\\\/kuzeyinsesi.org\\\/#\\\/schema\\\/person\\\/9f859689cdf01485597712386e37f5aa\"},\"breadcrumb\":{\"@id\":\"https:\\\/\\\/kuzeyinsesi.org\\\/index.php\\\/2025\\\/05\\\/06\\\/istanbul-devlet-tiyatrosunun-profesyonel-oyunu-15-16-mayista-daude-sahnelenecek\\\/#breadcrumb\"},\"inLanguage\":\"tr\",\"potentialAction\":[{\"@type\":\"ReadAction\",\"target\":[\"https:\\\/\\\/kuzeyinsesi.org\\\/index.php\\\/2025\\\/05\\\/06\\\/istanbul-devlet-tiyatrosunun-profesyonel-oyunu-15-16-mayista-daude-sahnelenecek\\\/\"]}]},{\"@type\":\"ImageObject\",\"inLanguage\":\"tr\",\"@id\":\"https:\\\/\\\/kuzeyinsesi.org\\\/index.php\\\/2025\\\/05\\\/06\\\/istanbul-devlet-tiyatrosunun-profesyonel-oyunu-15-16-mayista-daude-sahnelenecek\\\/#primaryimage\",\"url\":\"https:\\\/\\\/kuzeyinsesi.org\\\/wp-content\\\/uploads\\\/2025\\\/05\\\/1746538645463PROFESYONEL-4-scaled.jpg\",\"contentUrl\":\"https:\\\/\\\/kuzeyinsesi.org\\\/wp-content\\\/uploads\\\/2025\\\/05\\\/1746538645463PROFESYONEL-4-scaled.jpg\",\"width\":2560,\"height\":1707},{\"@type\":\"BreadcrumbList\",\"@id\":\"https:\\\/\\\/kuzeyinsesi.org\\\/index.php\\\/2025\\\/05\\\/06\\\/istanbul-devlet-tiyatrosunun-profesyonel-oyunu-15-16-mayista-daude-sahnelenecek\\\/#breadcrumb\",\"itemListElement\":[{\"@type\":\"ListItem\",\"position\":1,\"name\":\"Anasayfa\",\"item\":\"https:\\\/\\\/kuzeyinsesi.org\\\/\"},{\"@type\":\"ListItem\",\"position\":2,\"name\":\"\u0130stanbul Devlet Tiyatrosu\u2019nun \u201cProfesyonel\u201d oyunu 15-16 May\u0131s\u2019ta DA\u00dc\u2019de sahnelenecek\"}]},{\"@type\":\"WebSite\",\"@id\":\"https:\\\/\\\/kuzeyinsesi.org\\\/#website\",\"url\":\"https:\\\/\\\/kuzeyinsesi.org\\\/\",\"name\":\"Kuzeyin Sesi\",\"description\":\"Do\u011fru Haberin Adresi\",\"potentialAction\":[{\"@type\":\"SearchAction\",\"target\":{\"@type\":\"EntryPoint\",\"urlTemplate\":\"https:\\\/\\\/kuzeyinsesi.org\\\/?s={search_term_string}\"},\"query-input\":{\"@type\":\"PropertyValueSpecification\",\"valueRequired\":true,\"valueName\":\"search_term_string\"}}],\"inLanguage\":\"tr\"},{\"@type\":\"Person\",\"@id\":\"https:\\\/\\\/kuzeyinsesi.org\\\/#\\\/schema\\\/person\\\/9f859689cdf01485597712386e37f5aa\",\"name\":\"Kuzeyin Sesi\",\"image\":{\"@type\":\"ImageObject\",\"inLanguage\":\"tr\",\"@id\":\"https:\\\/\\\/secure.gravatar.com\\\/avatar\\\/bab33852abfd8b282518d6ed81826833d77c3c882d9ab608add591ccace47a44?s=96&d=mm&r=g\",\"url\":\"https:\\\/\\\/secure.gravatar.com\\\/avatar\\\/bab33852abfd8b282518d6ed81826833d77c3c882d9ab608add591ccace47a44?s=96&d=mm&r=g\",\"contentUrl\":\"https:\\\/\\\/secure.gravatar.com\\\/avatar\\\/bab33852abfd8b282518d6ed81826833d77c3c882d9ab608add591ccace47a44?s=96&d=mm&r=g\",\"caption\":\"Kuzeyin Sesi\"},\"sameAs\":[\"https:\\\/\\\/kuzeyinsesi.org\"],\"url\":\"https:\\\/\\\/kuzeyinsesi.org\\\/index.php\\\/author\\\/guven\\\/\"}]}<\/script>\n<!-- \/ Yoast SEO plugin. -->","yoast_head_json":{"title":"\u0130stanbul Devlet Tiyatrosu\u2019nun \u201cProfesyonel\u201d oyunu 15-16 May\u0131s\u2019ta DA\u00dc\u2019de sahnelenecek - Kuzeyin Sesi","robots":{"index":"index","follow":"follow","max-snippet":"max-snippet:-1","max-image-preview":"max-image-preview:large","max-video-preview":"max-video-preview:-1"},"canonical":"https:\/\/kuzeyinsesi.org\/index.php\/2025\/05\/06\/istanbul-devlet-tiyatrosunun-profesyonel-oyunu-15-16-mayista-daude-sahnelenecek\/","og_locale":"tr_TR","og_type":"article","og_title":"\u0130stanbul Devlet Tiyatrosu\u2019nun \u201cProfesyonel\u201d oyunu 15-16 May\u0131s\u2019ta DA\u00dc\u2019de sahnelenecek - Kuzeyin Sesi","og_description":"\u0130stanbul Devlet Tiyatrosu\u2019nun \u201cProfesyonel\u201d oyunu 15 May\u0131s\u2019ta DA\u00dc\u2019de sahnelenecek. Rauf Raif Denkta\u015f K\u00fclt\u00fcr ve Kongre Saray\u0131\u2019nda 15 May\u0131s 2025 Per\u015fembe g\u00fcn\u00fc saat 18.00\u2019de, \u00f6zel g\u00f6sterimle DA\u00dc \u00f6\u011frencileri i\u00e7in \u00fccretsiz olarak sahneye konacak. Oyun 16 May\u0131s Cuma g\u00fcn\u00fc ayn\u0131 mekanda saat 19.00\u2019da halka g\u00f6sterilecek. Biletler www.gisekibris.com adresi \u00fczerinden temin edebilecek. Do\u011fu Akdeniz \u00dcniversitesi\u2019nin (DA\u00dc) 27. Bahar [&hellip;]","og_url":"https:\/\/kuzeyinsesi.org\/index.php\/2025\/05\/06\/istanbul-devlet-tiyatrosunun-profesyonel-oyunu-15-16-mayista-daude-sahnelenecek\/","og_site_name":"Kuzeyin Sesi","article_publisher":"https:\/\/www.facebook.com\/kuzeyinsesii","article_published_time":"2025-05-06T14:26:52+00:00","og_image":[{"url":"https:\/\/brtk.net\/wp-content\/uploads\/2025\/05\/06\/1746538645463PROFESYONEL-4-scaled.jpg?ver=a18bc314315219dbdd33840bf7b23bce","type":"","width":"","height":""}],"author":"Kuzeyin Sesi","twitter_card":"summary_large_image","twitter_creator":"@kuzeyinsesii","twitter_site":"@kuzeyinsesii","twitter_misc":{"Yazan:":"Kuzeyin Sesi","Tahmini okuma s\u00fcresi":"1 dakika"},"schema":{"@context":"https:\/\/schema.org","@graph":[{"@type":"Article","@id":"https:\/\/kuzeyinsesi.org\/index.php\/2025\/05\/06\/istanbul-devlet-tiyatrosunun-profesyonel-oyunu-15-16-mayista-daude-sahnelenecek\/#article","isPartOf":{"@id":"https:\/\/kuzeyinsesi.org\/index.php\/2025\/05\/06\/istanbul-devlet-tiyatrosunun-profesyonel-oyunu-15-16-mayista-daude-sahnelenecek\/"},"author":{"name":"Kuzeyin Sesi","@id":"https:\/\/kuzeyinsesi.org\/#\/schema\/person\/9f859689cdf01485597712386e37f5aa"},"headline":"\u0130stanbul Devlet Tiyatrosu\u2019nun \u201cProfesyonel\u201d oyunu 15-16 May\u0131s\u2019ta DA\u00dc\u2019de sahnelenecek","datePublished":"2025-05-06T14:26:52+00:00","mainEntityOfPage":{"@id":"https:\/\/kuzeyinsesi.org\/index.php\/2025\/05\/06\/istanbul-devlet-tiyatrosunun-profesyonel-oyunu-15-16-mayista-daude-sahnelenecek\/"},"wordCount":113,"commentCount":0,"image":{"@id":"https:\/\/kuzeyinsesi.org\/index.php\/2025\/05\/06\/istanbul-devlet-tiyatrosunun-profesyonel-oyunu-15-16-mayista-daude-sahnelenecek\/#primaryimage"},"thumbnailUrl":"https:\/\/kuzeyinsesi.org\/wp-content\/uploads\/2025\/05\/1746538645463PROFESYONEL-4-scaled.jpg","articleSection":["Ya\u015fam"],"inLanguage":"tr","potentialAction":[{"@type":"CommentAction","name":"Comment","target":["https:\/\/kuzeyinsesi.org\/index.php\/2025\/05\/06\/istanbul-devlet-tiyatrosunun-profesyonel-oyunu-15-16-mayista-daude-sahnelenecek\/#respond"]}]},{"@type":"WebPage","@id":"https:\/\/kuzeyinsesi.org\/index.php\/2025\/05\/06\/istanbul-devlet-tiyatrosunun-profesyonel-oyunu-15-16-mayista-daude-sahnelenecek\/","url":"https:\/\/kuzeyinsesi.org\/index.php\/2025\/05\/06\/istanbul-devlet-tiyatrosunun-profesyonel-oyunu-15-16-mayista-daude-sahnelenecek\/","name":"\u0130stanbul Devlet Tiyatrosu\u2019nun \u201cProfesyonel\u201d oyunu 15-16 May\u0131s\u2019ta DA\u00dc\u2019de sahnelenecek - Kuzeyin Sesi","isPartOf":{"@id":"https:\/\/kuzeyinsesi.org\/#website"},"primaryImageOfPage":{"@id":"https:\/\/kuzeyinsesi.org\/index.php\/2025\/05\/06\/istanbul-devlet-tiyatrosunun-profesyonel-oyunu-15-16-mayista-daude-sahnelenecek\/#primaryimage"},"image":{"@id":"https:\/\/kuzeyinsesi.org\/index.php\/2025\/05\/06\/istanbul-devlet-tiyatrosunun-profesyonel-oyunu-15-16-mayista-daude-sahnelenecek\/#primaryimage"},"thumbnailUrl":"https:\/\/kuzeyinsesi.org\/wp-content\/uploads\/2025\/05\/1746538645463PROFESYONEL-4-scaled.jpg","datePublished":"2025-05-06T14:26:52+00:00","author":{"@id":"https:\/\/kuzeyinsesi.org\/#\/schema\/person\/9f859689cdf01485597712386e37f5aa"},"breadcrumb":{"@id":"https:\/\/kuzeyinsesi.org\/index.php\/2025\/05\/06\/istanbul-devlet-tiyatrosunun-profesyonel-oyunu-15-16-mayista-daude-sahnelenecek\/#breadcrumb"},"inLanguage":"tr","potentialAction":[{"@type":"ReadAction","target":["https:\/\/kuzeyinsesi.org\/index.php\/2025\/05\/06\/istanbul-devlet-tiyatrosunun-profesyonel-oyunu-15-16-mayista-daude-sahnelenecek\/"]}]},{"@type":"ImageObject","inLanguage":"tr","@id":"https:\/\/kuzeyinsesi.org\/index.php\/2025\/05\/06\/istanbul-devlet-tiyatrosunun-profesyonel-oyunu-15-16-mayista-daude-sahnelenecek\/#primaryimage","url":"https:\/\/kuzeyinsesi.org\/wp-content\/uploads\/2025\/05\/1746538645463PROFESYONEL-4-scaled.jpg","contentUrl":"https:\/\/kuzeyinsesi.org\/wp-content\/uploads\/2025\/05\/1746538645463PROFESYONEL-4-scaled.jpg","width":2560,"height":1707},{"@type":"BreadcrumbList","@id":"https:\/\/kuzeyinsesi.org\/index.php\/2025\/05\/06\/istanbul-devlet-tiyatrosunun-profesyonel-oyunu-15-16-mayista-daude-sahnelenecek\/#breadcrumb","itemListElement":[{"@type":"ListItem","position":1,"name":"Anasayfa","item":"https:\/\/kuzeyinsesi.org\/"},{"@type":"ListItem","position":2,"name":"\u0130stanbul Devlet Tiyatrosu\u2019nun \u201cProfesyonel\u201d oyunu 15-16 May\u0131s\u2019ta DA\u00dc\u2019de sahnelenecek"}]},{"@type":"WebSite","@id":"https:\/\/kuzeyinsesi.org\/#website","url":"https:\/\/kuzeyinsesi.org\/","name":"Kuzeyin Sesi","description":"Do\u011fru Haberin Adresi","potentialAction":[{"@type":"SearchAction","target":{"@type":"EntryPoint","urlTemplate":"https:\/\/kuzeyinsesi.org\/?s={search_term_string}"},"query-input":{"@type":"PropertyValueSpecification","valueRequired":true,"valueName":"search_term_string"}}],"inLanguage":"tr"},{"@type":"Person","@id":"https:\/\/kuzeyinsesi.org\/#\/schema\/person\/9f859689cdf01485597712386e37f5aa","name":"Kuzeyin Sesi","image":{"@type":"ImageObject","inLanguage":"tr","@id":"https:\/\/secure.gravatar.com\/avatar\/bab33852abfd8b282518d6ed81826833d77c3c882d9ab608add591ccace47a44?s=96&d=mm&r=g","url":"https:\/\/secure.gravatar.com\/avatar\/bab33852abfd8b282518d6ed81826833d77c3c882d9ab608add591ccace47a44?s=96&d=mm&r=g","contentUrl":"https:\/\/secure.gravatar.com\/avatar\/bab33852abfd8b282518d6ed81826833d77c3c882d9ab608add591ccace47a44?s=96&d=mm&r=g","caption":"Kuzeyin Sesi"},"sameAs":["https:\/\/kuzeyinsesi.org"],"url":"https:\/\/kuzeyinsesi.org\/index.php\/author\/guven\/"}]}},"_links":{"self":[{"href":"https:\/\/kuzeyinsesi.org\/index.php\/wp-json\/wp\/v2\/posts\/24736","targetHints":{"allow":["GET"]}}],"collection":[{"href":"https:\/\/kuzeyinsesi.org\/index.php\/wp-json\/wp\/v2\/posts"}],"about":[{"href":"https:\/\/kuzeyinsesi.org\/index.php\/wp-json\/wp\/v2\/types\/post"}],"author":[{"embeddable":true,"href":"https:\/\/kuzeyinsesi.org\/index.php\/wp-json\/wp\/v2\/users\/1"}],"replies":[{"embeddable":true,"href":"https:\/\/kuzeyinsesi.org\/index.php\/wp-json\/wp\/v2\/comments?post=24736"}],"version-history":[{"count":0,"href":"https:\/\/kuzeyinsesi.org\/index.php\/wp-json\/wp\/v2\/posts\/24736\/revisions"}],"wp:featuredmedia":[{"embeddable":true,"href":"https:\/\/kuzeyinsesi.org\/index.php\/wp-json\/wp\/v2\/media\/24737"}],"wp:attachment":[{"href":"https:\/\/kuzeyinsesi.org\/index.php\/wp-json\/wp\/v2\/media?parent=24736"}],"wp:term":[{"taxonomy":"category","embeddable":true,"href":"https:\/\/kuzeyinsesi.org\/index.php\/wp-json\/wp\/v2\/categories?post=24736"},{"taxonomy":"post_tag","embeddable":true,"href":"https:\/\/kuzeyinsesi.org\/index.php\/wp-json\/wp\/v2\/tags?post=24736"}],"curies":[{"name":"wp","href":"https:\/\/api.w.org\/{rel}","templated":true}]}}