{"id":24697,"date":"2025-05-06T12:18:19","date_gmt":"2025-05-06T09:18:19","guid":{"rendered":"https:\/\/kuzeyinsesi.org\/index.php\/2025\/05\/06\/met-gala-2025-kirmizi-hali-gecidiyle-basladi-tema-siyahi-stili-terzilik\/"},"modified":"2025-05-06T12:18:19","modified_gmt":"2025-05-06T09:18:19","slug":"met-gala-2025-kirmizi-hali-gecidiyle-basladi-tema-siyahi-stili-terzilik","status":"publish","type":"post","link":"https:\/\/kuzeyinsesi.org\/index.php\/2025\/05\/06\/met-gala-2025-kirmizi-hali-gecidiyle-basladi-tema-siyahi-stili-terzilik\/","title":{"rendered":"Met Gala 2025, k\u0131rm\u0131z\u0131 hal\u0131 ge\u00e7idiyle ba\u015flad\u0131\u2026 Tema: \u201cSiyahi Stili Terzilik\u201d"},"content":{"rendered":"<div>\n<div class=\"mariselle-image-container center\">\n                                            <\/div>\n<p>\nABD\u2019nin New York kentindeki Metropolitan Sanat M\u00fczesi\u2019nde her y\u0131l ger\u00e7ekle\u015ftirilen ve \u00fcnl\u00fc isimlerin yo\u011fun kat\u0131l\u0131m g\u00f6sterdi\u011fi Met Gala, \u201cSuperfine: Tailoring Black Style\u201d (S\u00fcper Rafine: Siyahi Stili Terzilik) temas\u0131yla d\u00fczenlendi.<\/p>\n<p>New York City\u2019deki Metropolitan Museum of Art\u2019\u0131n Kost\u00fcm Enstit\u00fcs\u00fc yarar\u0131na d\u00fczenlenen ve resmi olarak Costume Institute Gala veya Costume Institute Benefit olarak adland\u0131r\u0131lan Met Gala, k\u0131rm\u0131z\u0131 hal\u0131 ge\u00e7idiyle ba\u015flad\u0131.<\/p>\n<p>Bu y\u0131l 10 May\u0131s-26 Ekim tarihleri aras\u0131nda ziyarete a\u00e7\u0131lacak yeni bahar sergisi kapsam\u0131nda d\u00fczenlenen gala, \u201cSuperfine: Tailoring Black Style\u201d (S\u00fcper Rafine: Siyahi Stili Terzilik) temas\u0131 etraf\u0131nda \u015fekillendi.<\/p>\n<p>Sergi, Atlantik diasporas\u0131ndaki siyahi kimli\u011fin olu\u015fumunda giyim ve tarz\u0131n oynad\u0131\u011f\u0131 merkezi rol\u00fc ele al\u0131yor.<\/p>\n<p>Metropolitan Museum of Art, galay\u0131 \u201c18. y\u00fczy\u0131l Atlantik d\u00fcnyas\u0131nda, k\u00f6le ticareti, s\u00f6m\u00fcrgecilik ve emperyalizmle beslenen yeni bir t\u00fcketim k\u00fclt\u00fcr\u00fc; zenginlik, ayr\u0131cal\u0131k ve zevki g\u00f6steren giysilere ve mallara eri\u015fim sa\u011flad\u0131.\u201d \u015feklinde ifade etti.<\/p>\n<p>Her y\u0131l oyuncular, m\u00fczisyenler, modeller ve moda d\u00fcnyas\u0131n\u0131n \u00f6nde gelen isimlerinin bir araya geldi\u011fi galaya bu y\u0131l da Nicki Minaj, Jenna Ortega, Usher, Cardi B, Louise Camuto Grieder, Daniel Grieder, Julia Carey, James Corden, Jeff Goldblum, Kerry Washington, Sam Smith, Sofia Richie, Willy Chavarria, Seung-cheol Choi, Terrence Thornton, Imaan Hammam, Keith Powers, Eva Chen ve Chris Rock gibi isimler kat\u0131ld\u0131.<\/p>\n<p>\u2013 Gala yak\u0131nlar\u0131nda Filistin\u2019e destek g\u00f6sterileri yap\u0131ld\u0131<\/p>\n<p>Met Gala etkinli\u011finin yap\u0131ld\u0131\u011f\u0131 New York Metropolitan Sanat M\u00fczesi yak\u0131n\u0131nda Filistin\u2019e destek g\u00f6sterisi d\u00fczenlendi.<\/p>\n<p>M\u00fczenin yak\u0131nlar\u0131ndaki Madison Avenue\u2019de toplanan kalabal\u0131k, Filistin\u2019e desteklerini dile getirdi.<\/p>\n<p>G\u00f6steride Filistin destek\u00e7isi grup ile \u0130srail yanl\u0131s\u0131 grup kar\u015f\u0131 kar\u015f\u0131ya gelirken, polis ekipleri g\u00fcvenlik \u00f6nlemi ald\u0131.<\/p>\n<p>Filistin\u2019e destek veren grup, bayraklarla \u201c\u0130srail Devleti d\u00fcnya Yahudilerini temsil etmiyor\u201d, \u201c\u00d6zg\u00fcr Filistin\u201d ve \u201c\u00d6zg\u00fcrl\u00fck, adalet\u201d yaz\u0131l\u0131 pankartlar ta\u015f\u0131d\u0131.<\/p>\n<p>K\u0131sa s\u00fcre sonra alana gelen \u0130srail yanl\u0131s\u0131 grup ise \u0130srail bayraklar\u0131 sallayarak \u0130branice mar\u015f s\u00f6yledi.<\/p>\n<\/p><\/div>\n<p><script async\n                    defer\n                    crossorigin=\"anonymous\"\n                    src=\"https:\/\/connect.facebook.net\/tr_TR\/sdk.js#xfbml=1&#038;version=v3.3\"\n            ><\/script><\/p>\n","protected":false},"excerpt":{"rendered":"<p>ABD\u2019nin New York kentindeki Metropolitan Sanat M\u00fczesi\u2019nde her y\u0131l ger\u00e7ekle\u015ftirilen ve \u00fcnl\u00fc isimlerin yo\u011fun kat\u0131l\u0131m g\u00f6sterdi\u011fi Met Gala, \u201cSuperfine: Tailoring Black Style\u201d (S\u00fcper Rafine: Siyahi Stili Terzilik) temas\u0131yla d\u00fczenlendi. New York City\u2019deki Metropolitan Museum of Art\u2019\u0131n Kost\u00fcm Enstit\u00fcs\u00fc yarar\u0131na d\u00fczenlenen ve resmi olarak Costume Institute Gala veya Costume Institute Benefit olarak adland\u0131r\u0131lan Met Gala, k\u0131rm\u0131z\u0131 [&hellip;]<\/p>\n","protected":false},"author":1,"featured_media":24698,"comment_status":"open","ping_status":"open","sticky":false,"template":"","format":"standard","meta":{"jnews-multi-image_gallery":[],"jnews_single_post":[],"jnews_primary_category":[],"jnews_social_meta":[],"jnews_override_counter":[],"footnotes":""},"categories":[6],"tags":[],"class_list":["post-24697","post","type-post","status-publish","format-standard","has-post-thumbnail","hentry","category-yasam"],"yoast_head":"<!-- This site is optimized with the Yoast SEO plugin v27.4 - https:\/\/yoast.com\/product\/yoast-seo-wordpress\/ -->\n<title>Met Gala 2025, k\u0131rm\u0131z\u0131 hal\u0131 ge\u00e7idiyle ba\u015flad\u0131\u2026 Tema: \u201cSiyahi Stili Terzilik\u201d - Kuzeyin Sesi<\/title>\n<meta name=\"robots\" content=\"index, follow, max-snippet:-1, max-image-preview:large, max-video-preview:-1\" \/>\n<link rel=\"canonical\" href=\"https:\/\/kuzeyinsesi.org\/index.php\/2025\/05\/06\/met-gala-2025-kirmizi-hali-gecidiyle-basladi-tema-siyahi-stili-terzilik\/\" \/>\n<meta property=\"og:locale\" content=\"tr_TR\" \/>\n<meta property=\"og:type\" content=\"article\" \/>\n<meta property=\"og:title\" content=\"Met Gala 2025, k\u0131rm\u0131z\u0131 hal\u0131 ge\u00e7idiyle ba\u015flad\u0131\u2026 Tema: \u201cSiyahi Stili Terzilik\u201d - Kuzeyin Sesi\" \/>\n<meta property=\"og:description\" content=\"ABD\u2019nin New York kentindeki Metropolitan Sanat M\u00fczesi\u2019nde her y\u0131l ger\u00e7ekle\u015ftirilen ve \u00fcnl\u00fc isimlerin yo\u011fun kat\u0131l\u0131m g\u00f6sterdi\u011fi Met Gala, \u201cSuperfine: Tailoring Black Style\u201d (S\u00fcper Rafine: Siyahi Stili Terzilik) temas\u0131yla d\u00fczenlendi. New York City\u2019deki Metropolitan Museum of Art\u2019\u0131n Kost\u00fcm Enstit\u00fcs\u00fc yarar\u0131na d\u00fczenlenen ve resmi olarak Costume Institute Gala veya Costume Institute Benefit olarak adland\u0131r\u0131lan Met Gala, k\u0131rm\u0131z\u0131 [&hellip;]\" \/>\n<meta property=\"og:url\" content=\"https:\/\/kuzeyinsesi.org\/index.php\/2025\/05\/06\/met-gala-2025-kirmizi-hali-gecidiyle-basladi-tema-siyahi-stili-terzilik\/\" \/>\n<meta property=\"og:site_name\" content=\"Kuzeyin Sesi\" \/>\n<meta property=\"article:publisher\" content=\"https:\/\/www.facebook.com\/kuzeyinsesii\" \/>\n<meta property=\"article:published_time\" content=\"2025-05-06T09:18:19+00:00\" \/>\n<meta property=\"og:image\" content=\"https:\/\/brtk.net\/wp-content\/uploads\/2025\/05\/06\/1746518701353GqNgZhpXcAAVE3X.jpg?ver=93b59ec87a8127ee67fda9e6d33db747\" \/>\n<meta name=\"author\" content=\"Kuzeyin Sesi\" \/>\n<meta name=\"twitter:card\" content=\"summary_large_image\" \/>\n<meta name=\"twitter:creator\" content=\"@kuzeyinsesii\" \/>\n<meta name=\"twitter:site\" content=\"@kuzeyinsesii\" \/>\n<meta name=\"twitter:label1\" content=\"Yazan:\" \/>\n\t<meta name=\"twitter:data1\" content=\"Kuzeyin Sesi\" \/>\n\t<meta name=\"twitter:label2\" content=\"Tahmini okuma s\u00fcresi\" \/>\n\t<meta name=\"twitter:data2\" content=\"2 dakika\" \/>\n<script type=\"application\/ld+json\" class=\"yoast-schema-graph\">{\"@context\":\"https:\\\/\\\/schema.org\",\"@graph\":[{\"@type\":\"Article\",\"@id\":\"https:\\\/\\\/kuzeyinsesi.org\\\/index.php\\\/2025\\\/05\\\/06\\\/met-gala-2025-kirmizi-hali-gecidiyle-basladi-tema-siyahi-stili-terzilik\\\/#article\",\"isPartOf\":{\"@id\":\"https:\\\/\\\/kuzeyinsesi.org\\\/index.php\\\/2025\\\/05\\\/06\\\/met-gala-2025-kirmizi-hali-gecidiyle-basladi-tema-siyahi-stili-terzilik\\\/\"},\"author\":{\"name\":\"Kuzeyin Sesi\",\"@id\":\"https:\\\/\\\/kuzeyinsesi.org\\\/#\\\/schema\\\/person\\\/9f859689cdf01485597712386e37f5aa\"},\"headline\":\"Met Gala 2025, k\u0131rm\u0131z\u0131 hal\u0131 ge\u00e7idiyle ba\u015flad\u0131\u2026 Tema: \u201cSiyahi Stili Terzilik\u201d\",\"datePublished\":\"2025-05-06T09:18:19+00:00\",\"mainEntityOfPage\":{\"@id\":\"https:\\\/\\\/kuzeyinsesi.org\\\/index.php\\\/2025\\\/05\\\/06\\\/met-gala-2025-kirmizi-hali-gecidiyle-basladi-tema-siyahi-stili-terzilik\\\/\"},\"wordCount\":380,\"commentCount\":0,\"image\":{\"@id\":\"https:\\\/\\\/kuzeyinsesi.org\\\/index.php\\\/2025\\\/05\\\/06\\\/met-gala-2025-kirmizi-hali-gecidiyle-basladi-tema-siyahi-stili-terzilik\\\/#primaryimage\"},\"thumbnailUrl\":\"https:\\\/\\\/kuzeyinsesi.org\\\/wp-content\\\/uploads\\\/2025\\\/05\\\/1746518701353GqNgZhpXcAAVE3X.jpg\",\"articleSection\":[\"Ya\u015fam\"],\"inLanguage\":\"tr\",\"potentialAction\":[{\"@type\":\"CommentAction\",\"name\":\"Comment\",\"target\":[\"https:\\\/\\\/kuzeyinsesi.org\\\/index.php\\\/2025\\\/05\\\/06\\\/met-gala-2025-kirmizi-hali-gecidiyle-basladi-tema-siyahi-stili-terzilik\\\/#respond\"]}]},{\"@type\":\"WebPage\",\"@id\":\"https:\\\/\\\/kuzeyinsesi.org\\\/index.php\\\/2025\\\/05\\\/06\\\/met-gala-2025-kirmizi-hali-gecidiyle-basladi-tema-siyahi-stili-terzilik\\\/\",\"url\":\"https:\\\/\\\/kuzeyinsesi.org\\\/index.php\\\/2025\\\/05\\\/06\\\/met-gala-2025-kirmizi-hali-gecidiyle-basladi-tema-siyahi-stili-terzilik\\\/\",\"name\":\"Met Gala 2025, k\u0131rm\u0131z\u0131 hal\u0131 ge\u00e7idiyle ba\u015flad\u0131\u2026 Tema: \u201cSiyahi Stili Terzilik\u201d - Kuzeyin Sesi\",\"isPartOf\":{\"@id\":\"https:\\\/\\\/kuzeyinsesi.org\\\/#website\"},\"primaryImageOfPage\":{\"@id\":\"https:\\\/\\\/kuzeyinsesi.org\\\/index.php\\\/2025\\\/05\\\/06\\\/met-gala-2025-kirmizi-hali-gecidiyle-basladi-tema-siyahi-stili-terzilik\\\/#primaryimage\"},\"image\":{\"@id\":\"https:\\\/\\\/kuzeyinsesi.org\\\/index.php\\\/2025\\\/05\\\/06\\\/met-gala-2025-kirmizi-hali-gecidiyle-basladi-tema-siyahi-stili-terzilik\\\/#primaryimage\"},\"thumbnailUrl\":\"https:\\\/\\\/kuzeyinsesi.org\\\/wp-content\\\/uploads\\\/2025\\\/05\\\/1746518701353GqNgZhpXcAAVE3X.jpg\",\"datePublished\":\"2025-05-06T09:18:19+00:00\",\"author\":{\"@id\":\"https:\\\/\\\/kuzeyinsesi.org\\\/#\\\/schema\\\/person\\\/9f859689cdf01485597712386e37f5aa\"},\"breadcrumb\":{\"@id\":\"https:\\\/\\\/kuzeyinsesi.org\\\/index.php\\\/2025\\\/05\\\/06\\\/met-gala-2025-kirmizi-hali-gecidiyle-basladi-tema-siyahi-stili-terzilik\\\/#breadcrumb\"},\"inLanguage\":\"tr\",\"potentialAction\":[{\"@type\":\"ReadAction\",\"target\":[\"https:\\\/\\\/kuzeyinsesi.org\\\/index.php\\\/2025\\\/05\\\/06\\\/met-gala-2025-kirmizi-hali-gecidiyle-basladi-tema-siyahi-stili-terzilik\\\/\"]}]},{\"@type\":\"ImageObject\",\"inLanguage\":\"tr\",\"@id\":\"https:\\\/\\\/kuzeyinsesi.org\\\/index.php\\\/2025\\\/05\\\/06\\\/met-gala-2025-kirmizi-hali-gecidiyle-basladi-tema-siyahi-stili-terzilik\\\/#primaryimage\",\"url\":\"https:\\\/\\\/kuzeyinsesi.org\\\/wp-content\\\/uploads\\\/2025\\\/05\\\/1746518701353GqNgZhpXcAAVE3X.jpg\",\"contentUrl\":\"https:\\\/\\\/kuzeyinsesi.org\\\/wp-content\\\/uploads\\\/2025\\\/05\\\/1746518701353GqNgZhpXcAAVE3X.jpg\",\"width\":510,\"height\":680},{\"@type\":\"BreadcrumbList\",\"@id\":\"https:\\\/\\\/kuzeyinsesi.org\\\/index.php\\\/2025\\\/05\\\/06\\\/met-gala-2025-kirmizi-hali-gecidiyle-basladi-tema-siyahi-stili-terzilik\\\/#breadcrumb\",\"itemListElement\":[{\"@type\":\"ListItem\",\"position\":1,\"name\":\"Anasayfa\",\"item\":\"https:\\\/\\\/kuzeyinsesi.org\\\/\"},{\"@type\":\"ListItem\",\"position\":2,\"name\":\"Met Gala 2025, k\u0131rm\u0131z\u0131 hal\u0131 ge\u00e7idiyle ba\u015flad\u0131\u2026 Tema: \u201cSiyahi Stili Terzilik\u201d\"}]},{\"@type\":\"WebSite\",\"@id\":\"https:\\\/\\\/kuzeyinsesi.org\\\/#website\",\"url\":\"https:\\\/\\\/kuzeyinsesi.org\\\/\",\"name\":\"Kuzeyin Sesi\",\"description\":\"Do\u011fru Haberin Adresi\",\"potentialAction\":[{\"@type\":\"SearchAction\",\"target\":{\"@type\":\"EntryPoint\",\"urlTemplate\":\"https:\\\/\\\/kuzeyinsesi.org\\\/?s={search_term_string}\"},\"query-input\":{\"@type\":\"PropertyValueSpecification\",\"valueRequired\":true,\"valueName\":\"search_term_string\"}}],\"inLanguage\":\"tr\"},{\"@type\":\"Person\",\"@id\":\"https:\\\/\\\/kuzeyinsesi.org\\\/#\\\/schema\\\/person\\\/9f859689cdf01485597712386e37f5aa\",\"name\":\"Kuzeyin Sesi\",\"image\":{\"@type\":\"ImageObject\",\"inLanguage\":\"tr\",\"@id\":\"https:\\\/\\\/secure.gravatar.com\\\/avatar\\\/bab33852abfd8b282518d6ed81826833d77c3c882d9ab608add591ccace47a44?s=96&d=mm&r=g\",\"url\":\"https:\\\/\\\/secure.gravatar.com\\\/avatar\\\/bab33852abfd8b282518d6ed81826833d77c3c882d9ab608add591ccace47a44?s=96&d=mm&r=g\",\"contentUrl\":\"https:\\\/\\\/secure.gravatar.com\\\/avatar\\\/bab33852abfd8b282518d6ed81826833d77c3c882d9ab608add591ccace47a44?s=96&d=mm&r=g\",\"caption\":\"Kuzeyin Sesi\"},\"sameAs\":[\"https:\\\/\\\/kuzeyinsesi.org\"],\"url\":\"https:\\\/\\\/kuzeyinsesi.org\\\/index.php\\\/author\\\/guven\\\/\"}]}<\/script>\n<!-- \/ Yoast SEO plugin. -->","yoast_head_json":{"title":"Met Gala 2025, k\u0131rm\u0131z\u0131 hal\u0131 ge\u00e7idiyle ba\u015flad\u0131\u2026 Tema: \u201cSiyahi Stili Terzilik\u201d - Kuzeyin Sesi","robots":{"index":"index","follow":"follow","max-snippet":"max-snippet:-1","max-image-preview":"max-image-preview:large","max-video-preview":"max-video-preview:-1"},"canonical":"https:\/\/kuzeyinsesi.org\/index.php\/2025\/05\/06\/met-gala-2025-kirmizi-hali-gecidiyle-basladi-tema-siyahi-stili-terzilik\/","og_locale":"tr_TR","og_type":"article","og_title":"Met Gala 2025, k\u0131rm\u0131z\u0131 hal\u0131 ge\u00e7idiyle ba\u015flad\u0131\u2026 Tema: \u201cSiyahi Stili Terzilik\u201d - Kuzeyin Sesi","og_description":"ABD\u2019nin New York kentindeki Metropolitan Sanat M\u00fczesi\u2019nde her y\u0131l ger\u00e7ekle\u015ftirilen ve \u00fcnl\u00fc isimlerin yo\u011fun kat\u0131l\u0131m g\u00f6sterdi\u011fi Met Gala, \u201cSuperfine: Tailoring Black Style\u201d (S\u00fcper Rafine: Siyahi Stili Terzilik) temas\u0131yla d\u00fczenlendi. New York City\u2019deki Metropolitan Museum of Art\u2019\u0131n Kost\u00fcm Enstit\u00fcs\u00fc yarar\u0131na d\u00fczenlenen ve resmi olarak Costume Institute Gala veya Costume Institute Benefit olarak adland\u0131r\u0131lan Met Gala, k\u0131rm\u0131z\u0131 [&hellip;]","og_url":"https:\/\/kuzeyinsesi.org\/index.php\/2025\/05\/06\/met-gala-2025-kirmizi-hali-gecidiyle-basladi-tema-siyahi-stili-terzilik\/","og_site_name":"Kuzeyin Sesi","article_publisher":"https:\/\/www.facebook.com\/kuzeyinsesii","article_published_time":"2025-05-06T09:18:19+00:00","og_image":[{"url":"https:\/\/brtk.net\/wp-content\/uploads\/2025\/05\/06\/1746518701353GqNgZhpXcAAVE3X.jpg?ver=93b59ec87a8127ee67fda9e6d33db747","type":"","width":"","height":""}],"author":"Kuzeyin Sesi","twitter_card":"summary_large_image","twitter_creator":"@kuzeyinsesii","twitter_site":"@kuzeyinsesii","twitter_misc":{"Yazan:":"Kuzeyin Sesi","Tahmini okuma s\u00fcresi":"2 dakika"},"schema":{"@context":"https:\/\/schema.org","@graph":[{"@type":"Article","@id":"https:\/\/kuzeyinsesi.org\/index.php\/2025\/05\/06\/met-gala-2025-kirmizi-hali-gecidiyle-basladi-tema-siyahi-stili-terzilik\/#article","isPartOf":{"@id":"https:\/\/kuzeyinsesi.org\/index.php\/2025\/05\/06\/met-gala-2025-kirmizi-hali-gecidiyle-basladi-tema-siyahi-stili-terzilik\/"},"author":{"name":"Kuzeyin Sesi","@id":"https:\/\/kuzeyinsesi.org\/#\/schema\/person\/9f859689cdf01485597712386e37f5aa"},"headline":"Met Gala 2025, k\u0131rm\u0131z\u0131 hal\u0131 ge\u00e7idiyle ba\u015flad\u0131\u2026 Tema: \u201cSiyahi Stili Terzilik\u201d","datePublished":"2025-05-06T09:18:19+00:00","mainEntityOfPage":{"@id":"https:\/\/kuzeyinsesi.org\/index.php\/2025\/05\/06\/met-gala-2025-kirmizi-hali-gecidiyle-basladi-tema-siyahi-stili-terzilik\/"},"wordCount":380,"commentCount":0,"image":{"@id":"https:\/\/kuzeyinsesi.org\/index.php\/2025\/05\/06\/met-gala-2025-kirmizi-hali-gecidiyle-basladi-tema-siyahi-stili-terzilik\/#primaryimage"},"thumbnailUrl":"https:\/\/kuzeyinsesi.org\/wp-content\/uploads\/2025\/05\/1746518701353GqNgZhpXcAAVE3X.jpg","articleSection":["Ya\u015fam"],"inLanguage":"tr","potentialAction":[{"@type":"CommentAction","name":"Comment","target":["https:\/\/kuzeyinsesi.org\/index.php\/2025\/05\/06\/met-gala-2025-kirmizi-hali-gecidiyle-basladi-tema-siyahi-stili-terzilik\/#respond"]}]},{"@type":"WebPage","@id":"https:\/\/kuzeyinsesi.org\/index.php\/2025\/05\/06\/met-gala-2025-kirmizi-hali-gecidiyle-basladi-tema-siyahi-stili-terzilik\/","url":"https:\/\/kuzeyinsesi.org\/index.php\/2025\/05\/06\/met-gala-2025-kirmizi-hali-gecidiyle-basladi-tema-siyahi-stili-terzilik\/","name":"Met Gala 2025, k\u0131rm\u0131z\u0131 hal\u0131 ge\u00e7idiyle ba\u015flad\u0131\u2026 Tema: \u201cSiyahi Stili Terzilik\u201d - Kuzeyin Sesi","isPartOf":{"@id":"https:\/\/kuzeyinsesi.org\/#website"},"primaryImageOfPage":{"@id":"https:\/\/kuzeyinsesi.org\/index.php\/2025\/05\/06\/met-gala-2025-kirmizi-hali-gecidiyle-basladi-tema-siyahi-stili-terzilik\/#primaryimage"},"image":{"@id":"https:\/\/kuzeyinsesi.org\/index.php\/2025\/05\/06\/met-gala-2025-kirmizi-hali-gecidiyle-basladi-tema-siyahi-stili-terzilik\/#primaryimage"},"thumbnailUrl":"https:\/\/kuzeyinsesi.org\/wp-content\/uploads\/2025\/05\/1746518701353GqNgZhpXcAAVE3X.jpg","datePublished":"2025-05-06T09:18:19+00:00","author":{"@id":"https:\/\/kuzeyinsesi.org\/#\/schema\/person\/9f859689cdf01485597712386e37f5aa"},"breadcrumb":{"@id":"https:\/\/kuzeyinsesi.org\/index.php\/2025\/05\/06\/met-gala-2025-kirmizi-hali-gecidiyle-basladi-tema-siyahi-stili-terzilik\/#breadcrumb"},"inLanguage":"tr","potentialAction":[{"@type":"ReadAction","target":["https:\/\/kuzeyinsesi.org\/index.php\/2025\/05\/06\/met-gala-2025-kirmizi-hali-gecidiyle-basladi-tema-siyahi-stili-terzilik\/"]}]},{"@type":"ImageObject","inLanguage":"tr","@id":"https:\/\/kuzeyinsesi.org\/index.php\/2025\/05\/06\/met-gala-2025-kirmizi-hali-gecidiyle-basladi-tema-siyahi-stili-terzilik\/#primaryimage","url":"https:\/\/kuzeyinsesi.org\/wp-content\/uploads\/2025\/05\/1746518701353GqNgZhpXcAAVE3X.jpg","contentUrl":"https:\/\/kuzeyinsesi.org\/wp-content\/uploads\/2025\/05\/1746518701353GqNgZhpXcAAVE3X.jpg","width":510,"height":680},{"@type":"BreadcrumbList","@id":"https:\/\/kuzeyinsesi.org\/index.php\/2025\/05\/06\/met-gala-2025-kirmizi-hali-gecidiyle-basladi-tema-siyahi-stili-terzilik\/#breadcrumb","itemListElement":[{"@type":"ListItem","position":1,"name":"Anasayfa","item":"https:\/\/kuzeyinsesi.org\/"},{"@type":"ListItem","position":2,"name":"Met Gala 2025, k\u0131rm\u0131z\u0131 hal\u0131 ge\u00e7idiyle ba\u015flad\u0131\u2026 Tema: \u201cSiyahi Stili Terzilik\u201d"}]},{"@type":"WebSite","@id":"https:\/\/kuzeyinsesi.org\/#website","url":"https:\/\/kuzeyinsesi.org\/","name":"Kuzeyin Sesi","description":"Do\u011fru Haberin Adresi","potentialAction":[{"@type":"SearchAction","target":{"@type":"EntryPoint","urlTemplate":"https:\/\/kuzeyinsesi.org\/?s={search_term_string}"},"query-input":{"@type":"PropertyValueSpecification","valueRequired":true,"valueName":"search_term_string"}}],"inLanguage":"tr"},{"@type":"Person","@id":"https:\/\/kuzeyinsesi.org\/#\/schema\/person\/9f859689cdf01485597712386e37f5aa","name":"Kuzeyin Sesi","image":{"@type":"ImageObject","inLanguage":"tr","@id":"https:\/\/secure.gravatar.com\/avatar\/bab33852abfd8b282518d6ed81826833d77c3c882d9ab608add591ccace47a44?s=96&d=mm&r=g","url":"https:\/\/secure.gravatar.com\/avatar\/bab33852abfd8b282518d6ed81826833d77c3c882d9ab608add591ccace47a44?s=96&d=mm&r=g","contentUrl":"https:\/\/secure.gravatar.com\/avatar\/bab33852abfd8b282518d6ed81826833d77c3c882d9ab608add591ccace47a44?s=96&d=mm&r=g","caption":"Kuzeyin Sesi"},"sameAs":["https:\/\/kuzeyinsesi.org"],"url":"https:\/\/kuzeyinsesi.org\/index.php\/author\/guven\/"}]}},"_links":{"self":[{"href":"https:\/\/kuzeyinsesi.org\/index.php\/wp-json\/wp\/v2\/posts\/24697","targetHints":{"allow":["GET"]}}],"collection":[{"href":"https:\/\/kuzeyinsesi.org\/index.php\/wp-json\/wp\/v2\/posts"}],"about":[{"href":"https:\/\/kuzeyinsesi.org\/index.php\/wp-json\/wp\/v2\/types\/post"}],"author":[{"embeddable":true,"href":"https:\/\/kuzeyinsesi.org\/index.php\/wp-json\/wp\/v2\/users\/1"}],"replies":[{"embeddable":true,"href":"https:\/\/kuzeyinsesi.org\/index.php\/wp-json\/wp\/v2\/comments?post=24697"}],"version-history":[{"count":0,"href":"https:\/\/kuzeyinsesi.org\/index.php\/wp-json\/wp\/v2\/posts\/24697\/revisions"}],"wp:featuredmedia":[{"embeddable":true,"href":"https:\/\/kuzeyinsesi.org\/index.php\/wp-json\/wp\/v2\/media\/24698"}],"wp:attachment":[{"href":"https:\/\/kuzeyinsesi.org\/index.php\/wp-json\/wp\/v2\/media?parent=24697"}],"wp:term":[{"taxonomy":"category","embeddable":true,"href":"https:\/\/kuzeyinsesi.org\/index.php\/wp-json\/wp\/v2\/categories?post=24697"},{"taxonomy":"post_tag","embeddable":true,"href":"https:\/\/kuzeyinsesi.org\/index.php\/wp-json\/wp\/v2\/tags?post=24697"}],"curies":[{"name":"wp","href":"https:\/\/api.w.org\/{rel}","templated":true}]}}