{"id":24688,"date":"2025-05-06T11:15:22","date_gmt":"2025-05-06T08:15:22","guid":{"rendered":"https:\/\/kuzeyinsesi.org\/index.php\/2025\/05\/06\/ruya-taner-gazimagusa-turk-maarif-koleji-ogrencileriyle-bir-araya-geldi\/"},"modified":"2025-05-06T11:15:22","modified_gmt":"2025-05-06T08:15:22","slug":"ruya-taner-gazimagusa-turk-maarif-koleji-ogrencileriyle-bir-araya-geldi","status":"publish","type":"post","link":"https:\/\/kuzeyinsesi.org\/index.php\/2025\/05\/06\/ruya-taner-gazimagusa-turk-maarif-koleji-ogrencileriyle-bir-araya-geldi\/","title":{"rendered":"R\u00fcya Taner, Gazima\u011fusa T\u00fcrk Maarif Koleji \u00f6\u011frencileriyle bir araya geldi"},"content":{"rendered":"<div>\n<div class=\"mariselle-image-container center\">\n                                            <\/div>\n<p>K\u0131br\u0131sl\u0131 T\u00fcrk piyanist R\u00fcya Taner \u201cR\u00fcya ile Ger\u00e7ek\u201d projesi kapsam\u0131nda Gazima\u011fusa T\u00fcrk Maarif Koleji\u2019nde \u00f6\u011frencilerle bir araya geldi.<\/p>\n<p>Taner yapt\u0131\u011f\u0131 a\u00e7\u0131klamada, m\u00fczi\u011fin d\u00f6n\u00fc\u015ft\u00fcr\u00fcc\u00fc g\u00fcc\u00fcn\u00fc gen\u00e7lerle payla\u015fmak amac\u0131yla y\u00fcr\u00fctt\u00fc\u011f\u00fc \u201cR\u00fcya ile Ger\u00e7ek\u201d projesi kapsam\u0131nda, gen\u00e7 bireylerin sanatla ba\u011f kurmalar\u0131n\u0131 sa\u011flamak, m\u00fczi\u011fin birle\u015ftirici dilinde bulu\u015fmalar\u0131na alan a\u00e7mak ve i\u00e7lerindeki potansiyeli ortaya \u00e7\u0131karmalar\u0131na katk\u0131 koymak istedi\u011fini s\u00f6yledi.<\/p>\n<p>Etkinlikte \u00f6\u011frencilerin Rus besteci Dmitri Shostakovich\u2019in bestesini \u00e7ald\u0131\u011f\u0131n\u0131 ve umutland\u0131\u011f\u0131n\u0131 ifade eden Taner, \u201cSanat\u0131n, \u00f6zelde ise m\u00fczi\u011fin yeniden birle\u015ftirici g\u00fcc\u00fcn\u00fc, iyile\u015ftirici etkisini umutla g\u00f6rd\u00fck.\u201d diye konu\u015ftu.<\/p>\n<p>Okul y\u00f6netimine, \u00f6\u011fretmenlere ve \u00f6\u011frencilere te\u015fekk\u00fcr eden Taner, projenin y\u0131l boyunca farkl\u0131 b\u00f6lgelerdeki okullarda devam edece\u011fini s\u00f6yledi.<\/p>\n<\/p><\/div>\n<p><script async\n                    defer\n                    crossorigin=\"anonymous\"\n                    src=\"https:\/\/connect.facebook.net\/tr_TR\/sdk.js#xfbml=1&#038;version=v3.3\"\n            ><\/script><\/p>\n","protected":false},"excerpt":{"rendered":"<p>K\u0131br\u0131sl\u0131 T\u00fcrk piyanist R\u00fcya Taner \u201cR\u00fcya ile Ger\u00e7ek\u201d projesi kapsam\u0131nda Gazima\u011fusa T\u00fcrk Maarif Koleji\u2019nde \u00f6\u011frencilerle bir araya geldi. Taner yapt\u0131\u011f\u0131 a\u00e7\u0131klamada, m\u00fczi\u011fin d\u00f6n\u00fc\u015ft\u00fcr\u00fcc\u00fc g\u00fcc\u00fcn\u00fc gen\u00e7lerle payla\u015fmak amac\u0131yla y\u00fcr\u00fctt\u00fc\u011f\u00fc \u201cR\u00fcya ile Ger\u00e7ek\u201d projesi kapsam\u0131nda, gen\u00e7 bireylerin sanatla ba\u011f kurmalar\u0131n\u0131 sa\u011flamak, m\u00fczi\u011fin birle\u015ftirici dilinde bulu\u015fmalar\u0131na alan a\u00e7mak ve i\u00e7lerindeki potansiyeli ortaya \u00e7\u0131karmalar\u0131na katk\u0131 koymak istedi\u011fini s\u00f6yledi. Etkinlikte [&hellip;]<\/p>\n","protected":false},"author":1,"featured_media":24689,"comment_status":"open","ping_status":"open","sticky":false,"template":"","format":"standard","meta":{"jnews-multi-image_gallery":[],"jnews_single_post":[],"jnews_primary_category":[],"jnews_social_meta":[],"jnews_override_counter":[],"footnotes":""},"categories":[6],"tags":[],"class_list":["post-24688","post","type-post","status-publish","format-standard","has-post-thumbnail","hentry","category-yasam"],"yoast_head":"<!-- This site is optimized with the Yoast SEO plugin v27.4 - https:\/\/yoast.com\/product\/yoast-seo-wordpress\/ -->\n<title>R\u00fcya Taner, Gazima\u011fusa T\u00fcrk Maarif Koleji \u00f6\u011frencileriyle bir araya geldi - Kuzeyin Sesi<\/title>\n<meta name=\"robots\" content=\"index, follow, max-snippet:-1, max-image-preview:large, max-video-preview:-1\" \/>\n<link rel=\"canonical\" href=\"https:\/\/kuzeyinsesi.org\/index.php\/2025\/05\/06\/ruya-taner-gazimagusa-turk-maarif-koleji-ogrencileriyle-bir-araya-geldi\/\" \/>\n<meta property=\"og:locale\" content=\"tr_TR\" \/>\n<meta property=\"og:type\" content=\"article\" \/>\n<meta property=\"og:title\" content=\"R\u00fcya Taner, Gazima\u011fusa T\u00fcrk Maarif Koleji \u00f6\u011frencileriyle bir araya geldi - Kuzeyin Sesi\" \/>\n<meta property=\"og:description\" content=\"K\u0131br\u0131sl\u0131 T\u00fcrk piyanist R\u00fcya Taner \u201cR\u00fcya ile Ger\u00e7ek\u201d projesi kapsam\u0131nda Gazima\u011fusa T\u00fcrk Maarif Koleji\u2019nde \u00f6\u011frencilerle bir araya geldi. Taner yapt\u0131\u011f\u0131 a\u00e7\u0131klamada, m\u00fczi\u011fin d\u00f6n\u00fc\u015ft\u00fcr\u00fcc\u00fc g\u00fcc\u00fcn\u00fc gen\u00e7lerle payla\u015fmak amac\u0131yla y\u00fcr\u00fctt\u00fc\u011f\u00fc \u201cR\u00fcya ile Ger\u00e7ek\u201d projesi kapsam\u0131nda, gen\u00e7 bireylerin sanatla ba\u011f kurmalar\u0131n\u0131 sa\u011flamak, m\u00fczi\u011fin birle\u015ftirici dilinde bulu\u015fmalar\u0131na alan a\u00e7mak ve i\u00e7lerindeki potansiyeli ortaya \u00e7\u0131karmalar\u0131na katk\u0131 koymak istedi\u011fini s\u00f6yledi. Etkinlikte [&hellip;]\" \/>\n<meta property=\"og:url\" content=\"https:\/\/kuzeyinsesi.org\/index.php\/2025\/05\/06\/ruya-taner-gazimagusa-turk-maarif-koleji-ogrencileriyle-bir-araya-geldi\/\" \/>\n<meta property=\"og:site_name\" content=\"Kuzeyin Sesi\" \/>\n<meta property=\"article:publisher\" content=\"https:\/\/www.facebook.com\/kuzeyinsesii\" \/>\n<meta property=\"article:published_time\" content=\"2025-05-06T08:15:22+00:00\" \/>\n<meta property=\"og:image\" content=\"https:\/\/brtk.net\/wp-content\/uploads\/2025\/05\/06\/52252.jpg?ver=988430f771026151f30008330e904317\" \/>\n<meta name=\"author\" content=\"Kuzeyin Sesi\" \/>\n<meta name=\"twitter:card\" content=\"summary_large_image\" \/>\n<meta name=\"twitter:creator\" content=\"@kuzeyinsesii\" \/>\n<meta name=\"twitter:site\" content=\"@kuzeyinsesii\" \/>\n<meta name=\"twitter:label1\" content=\"Yazan:\" \/>\n\t<meta name=\"twitter:data1\" content=\"Kuzeyin Sesi\" \/>\n\t<meta name=\"twitter:label2\" content=\"Tahmini okuma s\u00fcresi\" \/>\n\t<meta name=\"twitter:data2\" content=\"1 dakika\" \/>\n<script type=\"application\/ld+json\" class=\"yoast-schema-graph\">{\"@context\":\"https:\\\/\\\/schema.org\",\"@graph\":[{\"@type\":\"Article\",\"@id\":\"https:\\\/\\\/kuzeyinsesi.org\\\/index.php\\\/2025\\\/05\\\/06\\\/ruya-taner-gazimagusa-turk-maarif-koleji-ogrencileriyle-bir-araya-geldi\\\/#article\",\"isPartOf\":{\"@id\":\"https:\\\/\\\/kuzeyinsesi.org\\\/index.php\\\/2025\\\/05\\\/06\\\/ruya-taner-gazimagusa-turk-maarif-koleji-ogrencileriyle-bir-araya-geldi\\\/\"},\"author\":{\"name\":\"Kuzeyin Sesi\",\"@id\":\"https:\\\/\\\/kuzeyinsesi.org\\\/#\\\/schema\\\/person\\\/9f859689cdf01485597712386e37f5aa\"},\"headline\":\"R\u00fcya Taner, Gazima\u011fusa T\u00fcrk Maarif Koleji \u00f6\u011frencileriyle bir araya geldi\",\"datePublished\":\"2025-05-06T08:15:22+00:00\",\"mainEntityOfPage\":{\"@id\":\"https:\\\/\\\/kuzeyinsesi.org\\\/index.php\\\/2025\\\/05\\\/06\\\/ruya-taner-gazimagusa-turk-maarif-koleji-ogrencileriyle-bir-araya-geldi\\\/\"},\"wordCount\":169,\"commentCount\":0,\"image\":{\"@id\":\"https:\\\/\\\/kuzeyinsesi.org\\\/index.php\\\/2025\\\/05\\\/06\\\/ruya-taner-gazimagusa-turk-maarif-koleji-ogrencileriyle-bir-araya-geldi\\\/#primaryimage\"},\"thumbnailUrl\":\"https:\\\/\\\/kuzeyinsesi.org\\\/wp-content\\\/uploads\\\/2025\\\/05\\\/52252.jpg\",\"articleSection\":[\"Ya\u015fam\"],\"inLanguage\":\"tr\",\"potentialAction\":[{\"@type\":\"CommentAction\",\"name\":\"Comment\",\"target\":[\"https:\\\/\\\/kuzeyinsesi.org\\\/index.php\\\/2025\\\/05\\\/06\\\/ruya-taner-gazimagusa-turk-maarif-koleji-ogrencileriyle-bir-araya-geldi\\\/#respond\"]}]},{\"@type\":\"WebPage\",\"@id\":\"https:\\\/\\\/kuzeyinsesi.org\\\/index.php\\\/2025\\\/05\\\/06\\\/ruya-taner-gazimagusa-turk-maarif-koleji-ogrencileriyle-bir-araya-geldi\\\/\",\"url\":\"https:\\\/\\\/kuzeyinsesi.org\\\/index.php\\\/2025\\\/05\\\/06\\\/ruya-taner-gazimagusa-turk-maarif-koleji-ogrencileriyle-bir-araya-geldi\\\/\",\"name\":\"R\u00fcya Taner, Gazima\u011fusa T\u00fcrk Maarif Koleji \u00f6\u011frencileriyle bir araya geldi - Kuzeyin Sesi\",\"isPartOf\":{\"@id\":\"https:\\\/\\\/kuzeyinsesi.org\\\/#website\"},\"primaryImageOfPage\":{\"@id\":\"https:\\\/\\\/kuzeyinsesi.org\\\/index.php\\\/2025\\\/05\\\/06\\\/ruya-taner-gazimagusa-turk-maarif-koleji-ogrencileriyle-bir-araya-geldi\\\/#primaryimage\"},\"image\":{\"@id\":\"https:\\\/\\\/kuzeyinsesi.org\\\/index.php\\\/2025\\\/05\\\/06\\\/ruya-taner-gazimagusa-turk-maarif-koleji-ogrencileriyle-bir-araya-geldi\\\/#primaryimage\"},\"thumbnailUrl\":\"https:\\\/\\\/kuzeyinsesi.org\\\/wp-content\\\/uploads\\\/2025\\\/05\\\/52252.jpg\",\"datePublished\":\"2025-05-06T08:15:22+00:00\",\"author\":{\"@id\":\"https:\\\/\\\/kuzeyinsesi.org\\\/#\\\/schema\\\/person\\\/9f859689cdf01485597712386e37f5aa\"},\"breadcrumb\":{\"@id\":\"https:\\\/\\\/kuzeyinsesi.org\\\/index.php\\\/2025\\\/05\\\/06\\\/ruya-taner-gazimagusa-turk-maarif-koleji-ogrencileriyle-bir-araya-geldi\\\/#breadcrumb\"},\"inLanguage\":\"tr\",\"potentialAction\":[{\"@type\":\"ReadAction\",\"target\":[\"https:\\\/\\\/kuzeyinsesi.org\\\/index.php\\\/2025\\\/05\\\/06\\\/ruya-taner-gazimagusa-turk-maarif-koleji-ogrencileriyle-bir-araya-geldi\\\/\"]}]},{\"@type\":\"ImageObject\",\"inLanguage\":\"tr\",\"@id\":\"https:\\\/\\\/kuzeyinsesi.org\\\/index.php\\\/2025\\\/05\\\/06\\\/ruya-taner-gazimagusa-turk-maarif-koleji-ogrencileriyle-bir-araya-geldi\\\/#primaryimage\",\"url\":\"https:\\\/\\\/kuzeyinsesi.org\\\/wp-content\\\/uploads\\\/2025\\\/05\\\/52252.jpg\",\"contentUrl\":\"https:\\\/\\\/kuzeyinsesi.org\\\/wp-content\\\/uploads\\\/2025\\\/05\\\/52252.jpg\",\"width\":1200,\"height\":624},{\"@type\":\"BreadcrumbList\",\"@id\":\"https:\\\/\\\/kuzeyinsesi.org\\\/index.php\\\/2025\\\/05\\\/06\\\/ruya-taner-gazimagusa-turk-maarif-koleji-ogrencileriyle-bir-araya-geldi\\\/#breadcrumb\",\"itemListElement\":[{\"@type\":\"ListItem\",\"position\":1,\"name\":\"Anasayfa\",\"item\":\"https:\\\/\\\/kuzeyinsesi.org\\\/\"},{\"@type\":\"ListItem\",\"position\":2,\"name\":\"R\u00fcya Taner, Gazima\u011fusa T\u00fcrk Maarif Koleji \u00f6\u011frencileriyle bir araya geldi\"}]},{\"@type\":\"WebSite\",\"@id\":\"https:\\\/\\\/kuzeyinsesi.org\\\/#website\",\"url\":\"https:\\\/\\\/kuzeyinsesi.org\\\/\",\"name\":\"Kuzeyin Sesi\",\"description\":\"Do\u011fru Haberin Adresi\",\"potentialAction\":[{\"@type\":\"SearchAction\",\"target\":{\"@type\":\"EntryPoint\",\"urlTemplate\":\"https:\\\/\\\/kuzeyinsesi.org\\\/?s={search_term_string}\"},\"query-input\":{\"@type\":\"PropertyValueSpecification\",\"valueRequired\":true,\"valueName\":\"search_term_string\"}}],\"inLanguage\":\"tr\"},{\"@type\":\"Person\",\"@id\":\"https:\\\/\\\/kuzeyinsesi.org\\\/#\\\/schema\\\/person\\\/9f859689cdf01485597712386e37f5aa\",\"name\":\"Kuzeyin Sesi\",\"image\":{\"@type\":\"ImageObject\",\"inLanguage\":\"tr\",\"@id\":\"https:\\\/\\\/secure.gravatar.com\\\/avatar\\\/bab33852abfd8b282518d6ed81826833d77c3c882d9ab608add591ccace47a44?s=96&d=mm&r=g\",\"url\":\"https:\\\/\\\/secure.gravatar.com\\\/avatar\\\/bab33852abfd8b282518d6ed81826833d77c3c882d9ab608add591ccace47a44?s=96&d=mm&r=g\",\"contentUrl\":\"https:\\\/\\\/secure.gravatar.com\\\/avatar\\\/bab33852abfd8b282518d6ed81826833d77c3c882d9ab608add591ccace47a44?s=96&d=mm&r=g\",\"caption\":\"Kuzeyin Sesi\"},\"sameAs\":[\"https:\\\/\\\/kuzeyinsesi.org\"],\"url\":\"https:\\\/\\\/kuzeyinsesi.org\\\/index.php\\\/author\\\/guven\\\/\"}]}<\/script>\n<!-- \/ Yoast SEO plugin. -->","yoast_head_json":{"title":"R\u00fcya Taner, Gazima\u011fusa T\u00fcrk Maarif Koleji \u00f6\u011frencileriyle bir araya geldi - Kuzeyin Sesi","robots":{"index":"index","follow":"follow","max-snippet":"max-snippet:-1","max-image-preview":"max-image-preview:large","max-video-preview":"max-video-preview:-1"},"canonical":"https:\/\/kuzeyinsesi.org\/index.php\/2025\/05\/06\/ruya-taner-gazimagusa-turk-maarif-koleji-ogrencileriyle-bir-araya-geldi\/","og_locale":"tr_TR","og_type":"article","og_title":"R\u00fcya Taner, Gazima\u011fusa T\u00fcrk Maarif Koleji \u00f6\u011frencileriyle bir araya geldi - Kuzeyin Sesi","og_description":"K\u0131br\u0131sl\u0131 T\u00fcrk piyanist R\u00fcya Taner \u201cR\u00fcya ile Ger\u00e7ek\u201d projesi kapsam\u0131nda Gazima\u011fusa T\u00fcrk Maarif Koleji\u2019nde \u00f6\u011frencilerle bir araya geldi. Taner yapt\u0131\u011f\u0131 a\u00e7\u0131klamada, m\u00fczi\u011fin d\u00f6n\u00fc\u015ft\u00fcr\u00fcc\u00fc g\u00fcc\u00fcn\u00fc gen\u00e7lerle payla\u015fmak amac\u0131yla y\u00fcr\u00fctt\u00fc\u011f\u00fc \u201cR\u00fcya ile Ger\u00e7ek\u201d projesi kapsam\u0131nda, gen\u00e7 bireylerin sanatla ba\u011f kurmalar\u0131n\u0131 sa\u011flamak, m\u00fczi\u011fin birle\u015ftirici dilinde bulu\u015fmalar\u0131na alan a\u00e7mak ve i\u00e7lerindeki potansiyeli ortaya \u00e7\u0131karmalar\u0131na katk\u0131 koymak istedi\u011fini s\u00f6yledi. Etkinlikte [&hellip;]","og_url":"https:\/\/kuzeyinsesi.org\/index.php\/2025\/05\/06\/ruya-taner-gazimagusa-turk-maarif-koleji-ogrencileriyle-bir-araya-geldi\/","og_site_name":"Kuzeyin Sesi","article_publisher":"https:\/\/www.facebook.com\/kuzeyinsesii","article_published_time":"2025-05-06T08:15:22+00:00","og_image":[{"url":"https:\/\/brtk.net\/wp-content\/uploads\/2025\/05\/06\/52252.jpg?ver=988430f771026151f30008330e904317","type":"","width":"","height":""}],"author":"Kuzeyin Sesi","twitter_card":"summary_large_image","twitter_creator":"@kuzeyinsesii","twitter_site":"@kuzeyinsesii","twitter_misc":{"Yazan:":"Kuzeyin Sesi","Tahmini okuma s\u00fcresi":"1 dakika"},"schema":{"@context":"https:\/\/schema.org","@graph":[{"@type":"Article","@id":"https:\/\/kuzeyinsesi.org\/index.php\/2025\/05\/06\/ruya-taner-gazimagusa-turk-maarif-koleji-ogrencileriyle-bir-araya-geldi\/#article","isPartOf":{"@id":"https:\/\/kuzeyinsesi.org\/index.php\/2025\/05\/06\/ruya-taner-gazimagusa-turk-maarif-koleji-ogrencileriyle-bir-araya-geldi\/"},"author":{"name":"Kuzeyin Sesi","@id":"https:\/\/kuzeyinsesi.org\/#\/schema\/person\/9f859689cdf01485597712386e37f5aa"},"headline":"R\u00fcya Taner, Gazima\u011fusa T\u00fcrk Maarif Koleji \u00f6\u011frencileriyle bir araya geldi","datePublished":"2025-05-06T08:15:22+00:00","mainEntityOfPage":{"@id":"https:\/\/kuzeyinsesi.org\/index.php\/2025\/05\/06\/ruya-taner-gazimagusa-turk-maarif-koleji-ogrencileriyle-bir-araya-geldi\/"},"wordCount":169,"commentCount":0,"image":{"@id":"https:\/\/kuzeyinsesi.org\/index.php\/2025\/05\/06\/ruya-taner-gazimagusa-turk-maarif-koleji-ogrencileriyle-bir-araya-geldi\/#primaryimage"},"thumbnailUrl":"https:\/\/kuzeyinsesi.org\/wp-content\/uploads\/2025\/05\/52252.jpg","articleSection":["Ya\u015fam"],"inLanguage":"tr","potentialAction":[{"@type":"CommentAction","name":"Comment","target":["https:\/\/kuzeyinsesi.org\/index.php\/2025\/05\/06\/ruya-taner-gazimagusa-turk-maarif-koleji-ogrencileriyle-bir-araya-geldi\/#respond"]}]},{"@type":"WebPage","@id":"https:\/\/kuzeyinsesi.org\/index.php\/2025\/05\/06\/ruya-taner-gazimagusa-turk-maarif-koleji-ogrencileriyle-bir-araya-geldi\/","url":"https:\/\/kuzeyinsesi.org\/index.php\/2025\/05\/06\/ruya-taner-gazimagusa-turk-maarif-koleji-ogrencileriyle-bir-araya-geldi\/","name":"R\u00fcya Taner, Gazima\u011fusa T\u00fcrk Maarif Koleji \u00f6\u011frencileriyle bir araya geldi - Kuzeyin Sesi","isPartOf":{"@id":"https:\/\/kuzeyinsesi.org\/#website"},"primaryImageOfPage":{"@id":"https:\/\/kuzeyinsesi.org\/index.php\/2025\/05\/06\/ruya-taner-gazimagusa-turk-maarif-koleji-ogrencileriyle-bir-araya-geldi\/#primaryimage"},"image":{"@id":"https:\/\/kuzeyinsesi.org\/index.php\/2025\/05\/06\/ruya-taner-gazimagusa-turk-maarif-koleji-ogrencileriyle-bir-araya-geldi\/#primaryimage"},"thumbnailUrl":"https:\/\/kuzeyinsesi.org\/wp-content\/uploads\/2025\/05\/52252.jpg","datePublished":"2025-05-06T08:15:22+00:00","author":{"@id":"https:\/\/kuzeyinsesi.org\/#\/schema\/person\/9f859689cdf01485597712386e37f5aa"},"breadcrumb":{"@id":"https:\/\/kuzeyinsesi.org\/index.php\/2025\/05\/06\/ruya-taner-gazimagusa-turk-maarif-koleji-ogrencileriyle-bir-araya-geldi\/#breadcrumb"},"inLanguage":"tr","potentialAction":[{"@type":"ReadAction","target":["https:\/\/kuzeyinsesi.org\/index.php\/2025\/05\/06\/ruya-taner-gazimagusa-turk-maarif-koleji-ogrencileriyle-bir-araya-geldi\/"]}]},{"@type":"ImageObject","inLanguage":"tr","@id":"https:\/\/kuzeyinsesi.org\/index.php\/2025\/05\/06\/ruya-taner-gazimagusa-turk-maarif-koleji-ogrencileriyle-bir-araya-geldi\/#primaryimage","url":"https:\/\/kuzeyinsesi.org\/wp-content\/uploads\/2025\/05\/52252.jpg","contentUrl":"https:\/\/kuzeyinsesi.org\/wp-content\/uploads\/2025\/05\/52252.jpg","width":1200,"height":624},{"@type":"BreadcrumbList","@id":"https:\/\/kuzeyinsesi.org\/index.php\/2025\/05\/06\/ruya-taner-gazimagusa-turk-maarif-koleji-ogrencileriyle-bir-araya-geldi\/#breadcrumb","itemListElement":[{"@type":"ListItem","position":1,"name":"Anasayfa","item":"https:\/\/kuzeyinsesi.org\/"},{"@type":"ListItem","position":2,"name":"R\u00fcya Taner, Gazima\u011fusa T\u00fcrk Maarif Koleji \u00f6\u011frencileriyle bir araya geldi"}]},{"@type":"WebSite","@id":"https:\/\/kuzeyinsesi.org\/#website","url":"https:\/\/kuzeyinsesi.org\/","name":"Kuzeyin Sesi","description":"Do\u011fru Haberin Adresi","potentialAction":[{"@type":"SearchAction","target":{"@type":"EntryPoint","urlTemplate":"https:\/\/kuzeyinsesi.org\/?s={search_term_string}"},"query-input":{"@type":"PropertyValueSpecification","valueRequired":true,"valueName":"search_term_string"}}],"inLanguage":"tr"},{"@type":"Person","@id":"https:\/\/kuzeyinsesi.org\/#\/schema\/person\/9f859689cdf01485597712386e37f5aa","name":"Kuzeyin Sesi","image":{"@type":"ImageObject","inLanguage":"tr","@id":"https:\/\/secure.gravatar.com\/avatar\/bab33852abfd8b282518d6ed81826833d77c3c882d9ab608add591ccace47a44?s=96&d=mm&r=g","url":"https:\/\/secure.gravatar.com\/avatar\/bab33852abfd8b282518d6ed81826833d77c3c882d9ab608add591ccace47a44?s=96&d=mm&r=g","contentUrl":"https:\/\/secure.gravatar.com\/avatar\/bab33852abfd8b282518d6ed81826833d77c3c882d9ab608add591ccace47a44?s=96&d=mm&r=g","caption":"Kuzeyin Sesi"},"sameAs":["https:\/\/kuzeyinsesi.org"],"url":"https:\/\/kuzeyinsesi.org\/index.php\/author\/guven\/"}]}},"_links":{"self":[{"href":"https:\/\/kuzeyinsesi.org\/index.php\/wp-json\/wp\/v2\/posts\/24688","targetHints":{"allow":["GET"]}}],"collection":[{"href":"https:\/\/kuzeyinsesi.org\/index.php\/wp-json\/wp\/v2\/posts"}],"about":[{"href":"https:\/\/kuzeyinsesi.org\/index.php\/wp-json\/wp\/v2\/types\/post"}],"author":[{"embeddable":true,"href":"https:\/\/kuzeyinsesi.org\/index.php\/wp-json\/wp\/v2\/users\/1"}],"replies":[{"embeddable":true,"href":"https:\/\/kuzeyinsesi.org\/index.php\/wp-json\/wp\/v2\/comments?post=24688"}],"version-history":[{"count":0,"href":"https:\/\/kuzeyinsesi.org\/index.php\/wp-json\/wp\/v2\/posts\/24688\/revisions"}],"wp:featuredmedia":[{"embeddable":true,"href":"https:\/\/kuzeyinsesi.org\/index.php\/wp-json\/wp\/v2\/media\/24689"}],"wp:attachment":[{"href":"https:\/\/kuzeyinsesi.org\/index.php\/wp-json\/wp\/v2\/media?parent=24688"}],"wp:term":[{"taxonomy":"category","embeddable":true,"href":"https:\/\/kuzeyinsesi.org\/index.php\/wp-json\/wp\/v2\/categories?post=24688"},{"taxonomy":"post_tag","embeddable":true,"href":"https:\/\/kuzeyinsesi.org\/index.php\/wp-json\/wp\/v2\/tags?post=24688"}],"curies":[{"name":"wp","href":"https:\/\/api.w.org\/{rel}","templated":true}]}}