{"id":24683,"date":"2025-05-06T10:12:47","date_gmt":"2025-05-06T07:12:47","guid":{"rendered":"https:\/\/kuzeyinsesi.org\/index.php\/2025\/05\/06\/lefkosa-anadolu-guzel-sanatlar-lisesinden-gecmisten-gunumuze-mezunlar-sergisi-ve-konseri\/"},"modified":"2025-05-06T10:12:47","modified_gmt":"2025-05-06T07:12:47","slug":"lefkosa-anadolu-guzel-sanatlar-lisesinden-gecmisten-gunumuze-mezunlar-sergisi-ve-konseri","status":"publish","type":"post","link":"https:\/\/kuzeyinsesi.org\/index.php\/2025\/05\/06\/lefkosa-anadolu-guzel-sanatlar-lisesinden-gecmisten-gunumuze-mezunlar-sergisi-ve-konseri\/","title":{"rendered":"Lefko\u015fa Anadolu G\u00fczel Sanatlar Lisesi\u2019nden Ge\u00e7mi\u015ften G\u00fcn\u00fcm\u00fcze Mezunlar Sergisi ve Konseri"},"content":{"rendered":"<div>\n<div class=\"mariselle-image-container center\">\n                                            <\/div>\n<p> Lefko\u015fa Anadolu G\u00fczel Sanatlar Lisesi, \u201cGe\u00e7mi\u015ften G\u00fcn\u00fcm\u00fcze Mezunlar Sergisi\u201d ve \u201cGe\u00e7mi\u015ften G\u00fcn\u00fcm\u00fcze Mezunlar Konseri\u201d etkinlikleri d\u00fczenliyor.<\/p>\n<p>Sergi k\u00fcrat\u00f6rl\u00fc\u011f\u00fcn\u00fc okulun emekli \u00f6\u011fretmen ressam Ruzen Atakan \u00fcstlendi.  Konserde ise mezun sanat\u00e7\u0131lar Nihat A\u011fda\u00e7 ile Esra  Poyrazo\u011flu Alpan (keman &amp; piyano resitali) ve \u00f6\u011fretmen Fato\u015f \u00d6z\u00e7elik y\u00f6netimindeki \u201cMezunlar \u00c7oksesli Korosu\u201d sahne alacak.<\/p>\n<p>Yap\u0131lan a\u00e7\u0131klamada Lefko\u015fa Anadolu G\u00fczel Sanatlar Lisesi\u2019nin \u201csanat\u0131n toplumu iyile\u015ftiren, d\u00f6n\u00fc\u015ft\u00fcren, umut veren evrensel g\u00fcc\u00fcne inand\u0131\u011f\u0131\u201d ve \u201cokulun sanatsal de\u011feri topluma kazand\u0131ran misyonuyla bir ilke imza atman\u0131n gururunu ya\u015fad\u0131\u011f\u0131\u201d belirtildi.<\/p>\n<p>Mezunlar sergisinin 8 May\u0131s 2025 per\u015fembe g\u00fcn\u00fc saat 19.00\u2019da Bellapais Manast\u0131r\u0131\u2019nda ger\u00e7ekle\u015fecek. Mezunlar konseri de ayn\u0131 g\u00fcn yine Bellapais Manast\u0131r\u0131\u2019nda saat 20.30\u2019da ba\u015flayacak.<\/p>\n<\/p><\/div>\n<p><script async\n                    defer\n                    crossorigin=\"anonymous\"\n                    src=\"https:\/\/connect.facebook.net\/tr_TR\/sdk.js#xfbml=1&#038;version=v3.3\"\n            ><\/script><\/p>\n","protected":false},"excerpt":{"rendered":"<p>Lefko\u015fa Anadolu G\u00fczel Sanatlar Lisesi, \u201cGe\u00e7mi\u015ften G\u00fcn\u00fcm\u00fcze Mezunlar Sergisi\u201d ve \u201cGe\u00e7mi\u015ften G\u00fcn\u00fcm\u00fcze Mezunlar Konseri\u201d etkinlikleri d\u00fczenliyor. Sergi k\u00fcrat\u00f6rl\u00fc\u011f\u00fcn\u00fc okulun emekli \u00f6\u011fretmen ressam Ruzen Atakan \u00fcstlendi. Konserde ise mezun sanat\u00e7\u0131lar Nihat A\u011fda\u00e7 ile Esra Poyrazo\u011flu Alpan (keman &amp; piyano resitali) ve \u00f6\u011fretmen Fato\u015f \u00d6z\u00e7elik y\u00f6netimindeki \u201cMezunlar \u00c7oksesli Korosu\u201d sahne alacak. Yap\u0131lan a\u00e7\u0131klamada Lefko\u015fa Anadolu G\u00fczel Sanatlar [&hellip;]<\/p>\n","protected":false},"author":1,"featured_media":24684,"comment_status":"open","ping_status":"open","sticky":false,"template":"","format":"standard","meta":{"jnews-multi-image_gallery":[],"jnews_single_post":[],"jnews_primary_category":[],"jnews_social_meta":[],"jnews_override_counter":[],"footnotes":""},"categories":[6],"tags":[],"class_list":["post-24683","post","type-post","status-publish","format-standard","has-post-thumbnail","hentry","category-yasam"],"yoast_head":"<!-- This site is optimized with the Yoast SEO plugin v27.4 - https:\/\/yoast.com\/product\/yoast-seo-wordpress\/ -->\n<title>Lefko\u015fa Anadolu G\u00fczel Sanatlar Lisesi\u2019nden Ge\u00e7mi\u015ften G\u00fcn\u00fcm\u00fcze Mezunlar Sergisi ve Konseri - Kuzeyin Sesi<\/title>\n<meta name=\"robots\" content=\"index, follow, max-snippet:-1, max-image-preview:large, max-video-preview:-1\" \/>\n<link rel=\"canonical\" href=\"https:\/\/kuzeyinsesi.org\/index.php\/2025\/05\/06\/lefkosa-anadolu-guzel-sanatlar-lisesinden-gecmisten-gunumuze-mezunlar-sergisi-ve-konseri\/\" \/>\n<meta property=\"og:locale\" content=\"tr_TR\" \/>\n<meta property=\"og:type\" content=\"article\" \/>\n<meta property=\"og:title\" content=\"Lefko\u015fa Anadolu G\u00fczel Sanatlar Lisesi\u2019nden Ge\u00e7mi\u015ften G\u00fcn\u00fcm\u00fcze Mezunlar Sergisi ve Konseri - Kuzeyin Sesi\" \/>\n<meta property=\"og:description\" content=\"Lefko\u015fa Anadolu G\u00fczel Sanatlar Lisesi, \u201cGe\u00e7mi\u015ften G\u00fcn\u00fcm\u00fcze Mezunlar Sergisi\u201d ve \u201cGe\u00e7mi\u015ften G\u00fcn\u00fcm\u00fcze Mezunlar Konseri\u201d etkinlikleri d\u00fczenliyor. Sergi k\u00fcrat\u00f6rl\u00fc\u011f\u00fcn\u00fc okulun emekli \u00f6\u011fretmen ressam Ruzen Atakan \u00fcstlendi. Konserde ise mezun sanat\u00e7\u0131lar Nihat A\u011fda\u00e7 ile Esra Poyrazo\u011flu Alpan (keman &amp; piyano resitali) ve \u00f6\u011fretmen Fato\u015f \u00d6z\u00e7elik y\u00f6netimindeki \u201cMezunlar \u00c7oksesli Korosu\u201d sahne alacak. Yap\u0131lan a\u00e7\u0131klamada Lefko\u015fa Anadolu G\u00fczel Sanatlar [&hellip;]\" \/>\n<meta property=\"og:url\" content=\"https:\/\/kuzeyinsesi.org\/index.php\/2025\/05\/06\/lefkosa-anadolu-guzel-sanatlar-lisesinden-gecmisten-gunumuze-mezunlar-sergisi-ve-konseri\/\" \/>\n<meta property=\"og:site_name\" content=\"Kuzeyin Sesi\" \/>\n<meta property=\"article:publisher\" content=\"https:\/\/www.facebook.com\/kuzeyinsesii\" \/>\n<meta property=\"article:published_time\" content=\"2025-05-06T07:12:47+00:00\" \/>\n<meta property=\"og:image\" content=\"https:\/\/brtk.net\/wp-content\/uploads\/2025\/05\/06\/gs.jpg?ver=e1b24c468a6fbec8b85614b6915e4b4f\" \/>\n<meta name=\"author\" content=\"Kuzeyin Sesi\" \/>\n<meta name=\"twitter:card\" content=\"summary_large_image\" \/>\n<meta name=\"twitter:creator\" content=\"@kuzeyinsesii\" \/>\n<meta name=\"twitter:site\" content=\"@kuzeyinsesii\" \/>\n<meta name=\"twitter:label1\" content=\"Yazan:\" \/>\n\t<meta name=\"twitter:data1\" content=\"Kuzeyin Sesi\" \/>\n\t<meta name=\"twitter:label2\" content=\"Tahmini okuma s\u00fcresi\" \/>\n\t<meta name=\"twitter:data2\" content=\"1 dakika\" \/>\n<script type=\"application\/ld+json\" class=\"yoast-schema-graph\">{\"@context\":\"https:\\\/\\\/schema.org\",\"@graph\":[{\"@type\":\"Article\",\"@id\":\"https:\\\/\\\/kuzeyinsesi.org\\\/index.php\\\/2025\\\/05\\\/06\\\/lefkosa-anadolu-guzel-sanatlar-lisesinden-gecmisten-gunumuze-mezunlar-sergisi-ve-konseri\\\/#article\",\"isPartOf\":{\"@id\":\"https:\\\/\\\/kuzeyinsesi.org\\\/index.php\\\/2025\\\/05\\\/06\\\/lefkosa-anadolu-guzel-sanatlar-lisesinden-gecmisten-gunumuze-mezunlar-sergisi-ve-konseri\\\/\"},\"author\":{\"name\":\"Kuzeyin Sesi\",\"@id\":\"https:\\\/\\\/kuzeyinsesi.org\\\/#\\\/schema\\\/person\\\/9f859689cdf01485597712386e37f5aa\"},\"headline\":\"Lefko\u015fa Anadolu G\u00fczel Sanatlar Lisesi\u2019nden Ge\u00e7mi\u015ften G\u00fcn\u00fcm\u00fcze Mezunlar Sergisi ve Konseri\",\"datePublished\":\"2025-05-06T07:12:47+00:00\",\"mainEntityOfPage\":{\"@id\":\"https:\\\/\\\/kuzeyinsesi.org\\\/index.php\\\/2025\\\/05\\\/06\\\/lefkosa-anadolu-guzel-sanatlar-lisesinden-gecmisten-gunumuze-mezunlar-sergisi-ve-konseri\\\/\"},\"wordCount\":167,\"commentCount\":0,\"image\":{\"@id\":\"https:\\\/\\\/kuzeyinsesi.org\\\/index.php\\\/2025\\\/05\\\/06\\\/lefkosa-anadolu-guzel-sanatlar-lisesinden-gecmisten-gunumuze-mezunlar-sergisi-ve-konseri\\\/#primaryimage\"},\"thumbnailUrl\":\"https:\\\/\\\/kuzeyinsesi.org\\\/wp-content\\\/uploads\\\/2025\\\/05\\\/gs.jpg\",\"articleSection\":[\"Ya\u015fam\"],\"inLanguage\":\"tr\",\"potentialAction\":[{\"@type\":\"CommentAction\",\"name\":\"Comment\",\"target\":[\"https:\\\/\\\/kuzeyinsesi.org\\\/index.php\\\/2025\\\/05\\\/06\\\/lefkosa-anadolu-guzel-sanatlar-lisesinden-gecmisten-gunumuze-mezunlar-sergisi-ve-konseri\\\/#respond\"]}]},{\"@type\":\"WebPage\",\"@id\":\"https:\\\/\\\/kuzeyinsesi.org\\\/index.php\\\/2025\\\/05\\\/06\\\/lefkosa-anadolu-guzel-sanatlar-lisesinden-gecmisten-gunumuze-mezunlar-sergisi-ve-konseri\\\/\",\"url\":\"https:\\\/\\\/kuzeyinsesi.org\\\/index.php\\\/2025\\\/05\\\/06\\\/lefkosa-anadolu-guzel-sanatlar-lisesinden-gecmisten-gunumuze-mezunlar-sergisi-ve-konseri\\\/\",\"name\":\"Lefko\u015fa Anadolu G\u00fczel Sanatlar Lisesi\u2019nden Ge\u00e7mi\u015ften G\u00fcn\u00fcm\u00fcze Mezunlar Sergisi ve Konseri - Kuzeyin Sesi\",\"isPartOf\":{\"@id\":\"https:\\\/\\\/kuzeyinsesi.org\\\/#website\"},\"primaryImageOfPage\":{\"@id\":\"https:\\\/\\\/kuzeyinsesi.org\\\/index.php\\\/2025\\\/05\\\/06\\\/lefkosa-anadolu-guzel-sanatlar-lisesinden-gecmisten-gunumuze-mezunlar-sergisi-ve-konseri\\\/#primaryimage\"},\"image\":{\"@id\":\"https:\\\/\\\/kuzeyinsesi.org\\\/index.php\\\/2025\\\/05\\\/06\\\/lefkosa-anadolu-guzel-sanatlar-lisesinden-gecmisten-gunumuze-mezunlar-sergisi-ve-konseri\\\/#primaryimage\"},\"thumbnailUrl\":\"https:\\\/\\\/kuzeyinsesi.org\\\/wp-content\\\/uploads\\\/2025\\\/05\\\/gs.jpg\",\"datePublished\":\"2025-05-06T07:12:47+00:00\",\"author\":{\"@id\":\"https:\\\/\\\/kuzeyinsesi.org\\\/#\\\/schema\\\/person\\\/9f859689cdf01485597712386e37f5aa\"},\"breadcrumb\":{\"@id\":\"https:\\\/\\\/kuzeyinsesi.org\\\/index.php\\\/2025\\\/05\\\/06\\\/lefkosa-anadolu-guzel-sanatlar-lisesinden-gecmisten-gunumuze-mezunlar-sergisi-ve-konseri\\\/#breadcrumb\"},\"inLanguage\":\"tr\",\"potentialAction\":[{\"@type\":\"ReadAction\",\"target\":[\"https:\\\/\\\/kuzeyinsesi.org\\\/index.php\\\/2025\\\/05\\\/06\\\/lefkosa-anadolu-guzel-sanatlar-lisesinden-gecmisten-gunumuze-mezunlar-sergisi-ve-konseri\\\/\"]}]},{\"@type\":\"ImageObject\",\"inLanguage\":\"tr\",\"@id\":\"https:\\\/\\\/kuzeyinsesi.org\\\/index.php\\\/2025\\\/05\\\/06\\\/lefkosa-anadolu-guzel-sanatlar-lisesinden-gecmisten-gunumuze-mezunlar-sergisi-ve-konseri\\\/#primaryimage\",\"url\":\"https:\\\/\\\/kuzeyinsesi.org\\\/wp-content\\\/uploads\\\/2025\\\/05\\\/gs.jpg\",\"contentUrl\":\"https:\\\/\\\/kuzeyinsesi.org\\\/wp-content\\\/uploads\\\/2025\\\/05\\\/gs.jpg\",\"width\":1753,\"height\":732},{\"@type\":\"BreadcrumbList\",\"@id\":\"https:\\\/\\\/kuzeyinsesi.org\\\/index.php\\\/2025\\\/05\\\/06\\\/lefkosa-anadolu-guzel-sanatlar-lisesinden-gecmisten-gunumuze-mezunlar-sergisi-ve-konseri\\\/#breadcrumb\",\"itemListElement\":[{\"@type\":\"ListItem\",\"position\":1,\"name\":\"Anasayfa\",\"item\":\"https:\\\/\\\/kuzeyinsesi.org\\\/\"},{\"@type\":\"ListItem\",\"position\":2,\"name\":\"Lefko\u015fa Anadolu G\u00fczel Sanatlar Lisesi\u2019nden Ge\u00e7mi\u015ften G\u00fcn\u00fcm\u00fcze Mezunlar Sergisi ve Konseri\"}]},{\"@type\":\"WebSite\",\"@id\":\"https:\\\/\\\/kuzeyinsesi.org\\\/#website\",\"url\":\"https:\\\/\\\/kuzeyinsesi.org\\\/\",\"name\":\"Kuzeyin Sesi\",\"description\":\"Do\u011fru Haberin Adresi\",\"potentialAction\":[{\"@type\":\"SearchAction\",\"target\":{\"@type\":\"EntryPoint\",\"urlTemplate\":\"https:\\\/\\\/kuzeyinsesi.org\\\/?s={search_term_string}\"},\"query-input\":{\"@type\":\"PropertyValueSpecification\",\"valueRequired\":true,\"valueName\":\"search_term_string\"}}],\"inLanguage\":\"tr\"},{\"@type\":\"Person\",\"@id\":\"https:\\\/\\\/kuzeyinsesi.org\\\/#\\\/schema\\\/person\\\/9f859689cdf01485597712386e37f5aa\",\"name\":\"Kuzeyin Sesi\",\"image\":{\"@type\":\"ImageObject\",\"inLanguage\":\"tr\",\"@id\":\"https:\\\/\\\/secure.gravatar.com\\\/avatar\\\/bab33852abfd8b282518d6ed81826833d77c3c882d9ab608add591ccace47a44?s=96&d=mm&r=g\",\"url\":\"https:\\\/\\\/secure.gravatar.com\\\/avatar\\\/bab33852abfd8b282518d6ed81826833d77c3c882d9ab608add591ccace47a44?s=96&d=mm&r=g\",\"contentUrl\":\"https:\\\/\\\/secure.gravatar.com\\\/avatar\\\/bab33852abfd8b282518d6ed81826833d77c3c882d9ab608add591ccace47a44?s=96&d=mm&r=g\",\"caption\":\"Kuzeyin Sesi\"},\"sameAs\":[\"https:\\\/\\\/kuzeyinsesi.org\"],\"url\":\"https:\\\/\\\/kuzeyinsesi.org\\\/index.php\\\/author\\\/guven\\\/\"}]}<\/script>\n<!-- \/ Yoast SEO plugin. -->","yoast_head_json":{"title":"Lefko\u015fa Anadolu G\u00fczel Sanatlar Lisesi\u2019nden Ge\u00e7mi\u015ften G\u00fcn\u00fcm\u00fcze Mezunlar Sergisi ve Konseri - Kuzeyin Sesi","robots":{"index":"index","follow":"follow","max-snippet":"max-snippet:-1","max-image-preview":"max-image-preview:large","max-video-preview":"max-video-preview:-1"},"canonical":"https:\/\/kuzeyinsesi.org\/index.php\/2025\/05\/06\/lefkosa-anadolu-guzel-sanatlar-lisesinden-gecmisten-gunumuze-mezunlar-sergisi-ve-konseri\/","og_locale":"tr_TR","og_type":"article","og_title":"Lefko\u015fa Anadolu G\u00fczel Sanatlar Lisesi\u2019nden Ge\u00e7mi\u015ften G\u00fcn\u00fcm\u00fcze Mezunlar Sergisi ve Konseri - Kuzeyin Sesi","og_description":"Lefko\u015fa Anadolu G\u00fczel Sanatlar Lisesi, \u201cGe\u00e7mi\u015ften G\u00fcn\u00fcm\u00fcze Mezunlar Sergisi\u201d ve \u201cGe\u00e7mi\u015ften G\u00fcn\u00fcm\u00fcze Mezunlar Konseri\u201d etkinlikleri d\u00fczenliyor. Sergi k\u00fcrat\u00f6rl\u00fc\u011f\u00fcn\u00fc okulun emekli \u00f6\u011fretmen ressam Ruzen Atakan \u00fcstlendi. Konserde ise mezun sanat\u00e7\u0131lar Nihat A\u011fda\u00e7 ile Esra Poyrazo\u011flu Alpan (keman &amp; piyano resitali) ve \u00f6\u011fretmen Fato\u015f \u00d6z\u00e7elik y\u00f6netimindeki \u201cMezunlar \u00c7oksesli Korosu\u201d sahne alacak. Yap\u0131lan a\u00e7\u0131klamada Lefko\u015fa Anadolu G\u00fczel Sanatlar [&hellip;]","og_url":"https:\/\/kuzeyinsesi.org\/index.php\/2025\/05\/06\/lefkosa-anadolu-guzel-sanatlar-lisesinden-gecmisten-gunumuze-mezunlar-sergisi-ve-konseri\/","og_site_name":"Kuzeyin Sesi","article_publisher":"https:\/\/www.facebook.com\/kuzeyinsesii","article_published_time":"2025-05-06T07:12:47+00:00","og_image":[{"url":"https:\/\/brtk.net\/wp-content\/uploads\/2025\/05\/06\/gs.jpg?ver=e1b24c468a6fbec8b85614b6915e4b4f","type":"","width":"","height":""}],"author":"Kuzeyin Sesi","twitter_card":"summary_large_image","twitter_creator":"@kuzeyinsesii","twitter_site":"@kuzeyinsesii","twitter_misc":{"Yazan:":"Kuzeyin Sesi","Tahmini okuma s\u00fcresi":"1 dakika"},"schema":{"@context":"https:\/\/schema.org","@graph":[{"@type":"Article","@id":"https:\/\/kuzeyinsesi.org\/index.php\/2025\/05\/06\/lefkosa-anadolu-guzel-sanatlar-lisesinden-gecmisten-gunumuze-mezunlar-sergisi-ve-konseri\/#article","isPartOf":{"@id":"https:\/\/kuzeyinsesi.org\/index.php\/2025\/05\/06\/lefkosa-anadolu-guzel-sanatlar-lisesinden-gecmisten-gunumuze-mezunlar-sergisi-ve-konseri\/"},"author":{"name":"Kuzeyin Sesi","@id":"https:\/\/kuzeyinsesi.org\/#\/schema\/person\/9f859689cdf01485597712386e37f5aa"},"headline":"Lefko\u015fa Anadolu G\u00fczel Sanatlar Lisesi\u2019nden Ge\u00e7mi\u015ften G\u00fcn\u00fcm\u00fcze Mezunlar Sergisi ve Konseri","datePublished":"2025-05-06T07:12:47+00:00","mainEntityOfPage":{"@id":"https:\/\/kuzeyinsesi.org\/index.php\/2025\/05\/06\/lefkosa-anadolu-guzel-sanatlar-lisesinden-gecmisten-gunumuze-mezunlar-sergisi-ve-konseri\/"},"wordCount":167,"commentCount":0,"image":{"@id":"https:\/\/kuzeyinsesi.org\/index.php\/2025\/05\/06\/lefkosa-anadolu-guzel-sanatlar-lisesinden-gecmisten-gunumuze-mezunlar-sergisi-ve-konseri\/#primaryimage"},"thumbnailUrl":"https:\/\/kuzeyinsesi.org\/wp-content\/uploads\/2025\/05\/gs.jpg","articleSection":["Ya\u015fam"],"inLanguage":"tr","potentialAction":[{"@type":"CommentAction","name":"Comment","target":["https:\/\/kuzeyinsesi.org\/index.php\/2025\/05\/06\/lefkosa-anadolu-guzel-sanatlar-lisesinden-gecmisten-gunumuze-mezunlar-sergisi-ve-konseri\/#respond"]}]},{"@type":"WebPage","@id":"https:\/\/kuzeyinsesi.org\/index.php\/2025\/05\/06\/lefkosa-anadolu-guzel-sanatlar-lisesinden-gecmisten-gunumuze-mezunlar-sergisi-ve-konseri\/","url":"https:\/\/kuzeyinsesi.org\/index.php\/2025\/05\/06\/lefkosa-anadolu-guzel-sanatlar-lisesinden-gecmisten-gunumuze-mezunlar-sergisi-ve-konseri\/","name":"Lefko\u015fa Anadolu G\u00fczel Sanatlar Lisesi\u2019nden Ge\u00e7mi\u015ften G\u00fcn\u00fcm\u00fcze Mezunlar Sergisi ve Konseri - Kuzeyin Sesi","isPartOf":{"@id":"https:\/\/kuzeyinsesi.org\/#website"},"primaryImageOfPage":{"@id":"https:\/\/kuzeyinsesi.org\/index.php\/2025\/05\/06\/lefkosa-anadolu-guzel-sanatlar-lisesinden-gecmisten-gunumuze-mezunlar-sergisi-ve-konseri\/#primaryimage"},"image":{"@id":"https:\/\/kuzeyinsesi.org\/index.php\/2025\/05\/06\/lefkosa-anadolu-guzel-sanatlar-lisesinden-gecmisten-gunumuze-mezunlar-sergisi-ve-konseri\/#primaryimage"},"thumbnailUrl":"https:\/\/kuzeyinsesi.org\/wp-content\/uploads\/2025\/05\/gs.jpg","datePublished":"2025-05-06T07:12:47+00:00","author":{"@id":"https:\/\/kuzeyinsesi.org\/#\/schema\/person\/9f859689cdf01485597712386e37f5aa"},"breadcrumb":{"@id":"https:\/\/kuzeyinsesi.org\/index.php\/2025\/05\/06\/lefkosa-anadolu-guzel-sanatlar-lisesinden-gecmisten-gunumuze-mezunlar-sergisi-ve-konseri\/#breadcrumb"},"inLanguage":"tr","potentialAction":[{"@type":"ReadAction","target":["https:\/\/kuzeyinsesi.org\/index.php\/2025\/05\/06\/lefkosa-anadolu-guzel-sanatlar-lisesinden-gecmisten-gunumuze-mezunlar-sergisi-ve-konseri\/"]}]},{"@type":"ImageObject","inLanguage":"tr","@id":"https:\/\/kuzeyinsesi.org\/index.php\/2025\/05\/06\/lefkosa-anadolu-guzel-sanatlar-lisesinden-gecmisten-gunumuze-mezunlar-sergisi-ve-konseri\/#primaryimage","url":"https:\/\/kuzeyinsesi.org\/wp-content\/uploads\/2025\/05\/gs.jpg","contentUrl":"https:\/\/kuzeyinsesi.org\/wp-content\/uploads\/2025\/05\/gs.jpg","width":1753,"height":732},{"@type":"BreadcrumbList","@id":"https:\/\/kuzeyinsesi.org\/index.php\/2025\/05\/06\/lefkosa-anadolu-guzel-sanatlar-lisesinden-gecmisten-gunumuze-mezunlar-sergisi-ve-konseri\/#breadcrumb","itemListElement":[{"@type":"ListItem","position":1,"name":"Anasayfa","item":"https:\/\/kuzeyinsesi.org\/"},{"@type":"ListItem","position":2,"name":"Lefko\u015fa Anadolu G\u00fczel Sanatlar Lisesi\u2019nden Ge\u00e7mi\u015ften G\u00fcn\u00fcm\u00fcze Mezunlar Sergisi ve Konseri"}]},{"@type":"WebSite","@id":"https:\/\/kuzeyinsesi.org\/#website","url":"https:\/\/kuzeyinsesi.org\/","name":"Kuzeyin Sesi","description":"Do\u011fru Haberin Adresi","potentialAction":[{"@type":"SearchAction","target":{"@type":"EntryPoint","urlTemplate":"https:\/\/kuzeyinsesi.org\/?s={search_term_string}"},"query-input":{"@type":"PropertyValueSpecification","valueRequired":true,"valueName":"search_term_string"}}],"inLanguage":"tr"},{"@type":"Person","@id":"https:\/\/kuzeyinsesi.org\/#\/schema\/person\/9f859689cdf01485597712386e37f5aa","name":"Kuzeyin Sesi","image":{"@type":"ImageObject","inLanguage":"tr","@id":"https:\/\/secure.gravatar.com\/avatar\/bab33852abfd8b282518d6ed81826833d77c3c882d9ab608add591ccace47a44?s=96&d=mm&r=g","url":"https:\/\/secure.gravatar.com\/avatar\/bab33852abfd8b282518d6ed81826833d77c3c882d9ab608add591ccace47a44?s=96&d=mm&r=g","contentUrl":"https:\/\/secure.gravatar.com\/avatar\/bab33852abfd8b282518d6ed81826833d77c3c882d9ab608add591ccace47a44?s=96&d=mm&r=g","caption":"Kuzeyin Sesi"},"sameAs":["https:\/\/kuzeyinsesi.org"],"url":"https:\/\/kuzeyinsesi.org\/index.php\/author\/guven\/"}]}},"_links":{"self":[{"href":"https:\/\/kuzeyinsesi.org\/index.php\/wp-json\/wp\/v2\/posts\/24683","targetHints":{"allow":["GET"]}}],"collection":[{"href":"https:\/\/kuzeyinsesi.org\/index.php\/wp-json\/wp\/v2\/posts"}],"about":[{"href":"https:\/\/kuzeyinsesi.org\/index.php\/wp-json\/wp\/v2\/types\/post"}],"author":[{"embeddable":true,"href":"https:\/\/kuzeyinsesi.org\/index.php\/wp-json\/wp\/v2\/users\/1"}],"replies":[{"embeddable":true,"href":"https:\/\/kuzeyinsesi.org\/index.php\/wp-json\/wp\/v2\/comments?post=24683"}],"version-history":[{"count":0,"href":"https:\/\/kuzeyinsesi.org\/index.php\/wp-json\/wp\/v2\/posts\/24683\/revisions"}],"wp:featuredmedia":[{"embeddable":true,"href":"https:\/\/kuzeyinsesi.org\/index.php\/wp-json\/wp\/v2\/media\/24684"}],"wp:attachment":[{"href":"https:\/\/kuzeyinsesi.org\/index.php\/wp-json\/wp\/v2\/media?parent=24683"}],"wp:term":[{"taxonomy":"category","embeddable":true,"href":"https:\/\/kuzeyinsesi.org\/index.php\/wp-json\/wp\/v2\/categories?post=24683"},{"taxonomy":"post_tag","embeddable":true,"href":"https:\/\/kuzeyinsesi.org\/index.php\/wp-json\/wp\/v2\/tags?post=24683"}],"curies":[{"name":"wp","href":"https:\/\/api.w.org\/{rel}","templated":true}]}}