{"id":2466,"date":"2024-05-14T16:35:08","date_gmt":"2024-05-14T13:35:08","guid":{"rendered":"https:\/\/kuzeyinsesi.com\/index.php\/2024\/05\/14\/daude-rockn-emu-etkinligi-duzenlendi\/"},"modified":"2024-05-14T16:35:08","modified_gmt":"2024-05-14T13:35:08","slug":"daude-rockn-emu-etkinligi-duzenlendi","status":"publish","type":"post","link":"https:\/\/kuzeyinsesi.org\/index.php\/2024\/05\/14\/daude-rockn-emu-etkinligi-duzenlendi\/","title":{"rendered":"DA\u00dc\u2019de \u201cRock\u2019n EMU\u201d etkinli\u011fi d\u00fczenlendi"},"content":{"rendered":"<div>\n<div class=\"mariselle-image-container center\">\n                                            <\/div>\n<p> Do\u011fu Akdeniz \u00dcniversitesi (DA\u00dc) Sosyal ve K\u00fclt\u00fcrel Aktiviteler M\u00fcd\u00fcrl\u00fc\u011f\u00fc Etkinlik Birimi taraf\u0131ndan geleneksel olarak d\u00fczenlenen \u201cRock\u2019n EMU\u201d etkinli\u011finin 11\u2019incisi, DA\u00dc Yasin D\u00fc\u015f\u00fcner Stadyumu\u2019nda ger\u00e7ekle\u015fti.<\/p>\n<p>DA\u00dc Halkla \u0130li\u015fkiler ve Medya M\u00fcd\u00fcrl\u00fc\u011f\u00fc\u2019nden yap\u0131lan a\u00e7\u0131klamaya g\u00f6re, etkinlikte hem Kuzey K\u0131br\u0131s T\u00fcrk Cumhuriyeti\u2019nin hem de T\u00fcrkiye Cumhuriyeti\u2019nin \u00fcnl\u00fc rock gruplar\u0131 ve rock sanat\u00e7\u0131lar\u0131n\u0131n sahne ald\u0131\u011f\u0131 kaydedildi.<\/p>\n<p>A\u00e7\u0131klamada, ilk olarak KKTC\u2019nin sevilen rock gruplar\u0131ndan Living Coil\u2019in, ard\u0131ndan DDR ve gecenin ilerleyen saatlerinde ise Lick\u2019in sahne ald\u0131\u011f\u0131 belirtildi.<\/p>\n<p>T\u00fcrkiye\u2019nin rock sanat\u00e7\u0131lar\u0131ndan Can Gox\u2019un, \u201cHaydar Haydar\u201d ve \u201cUnutma Beni\u201d gibi eserleri seslendirdi\u011finin ifade edildi\u011fi a\u00e7\u0131klamada, T\u00fcrkiye\u2019nin rock gruplar\u0131ndan K\u00f6fn grubu \u201cBi Tek Ben Anlar\u0131m\u201d, \u201cAl Aram\u0131zdan\u201d ve \u201cKalpsiz Bir Serseri\u201d gibi par\u00e7alar\u0131 ve son olarak sahne alan Y\u00fczy\u00fczeyken Konu\u015furuz rock grubunun ise \u201cDinle Beni Bi\u201d, \u201cBo\u015f Gemiler\u201d, \u201cSen Vars\u0131n Diye\u201d, \u201cK\u00f6\u015feba\u015f\u0131\u201d gibi eserleri seslendirdi\u011fi belirtildi.<\/p>\n<p>A\u00e7\u0131klamada, konserler sonunda sanat\u00e7\u0131lara Rekt\u00f6r Vekili Prof. Prof. Dr. Osman Karatepe, Rekt\u00f6r Yard\u0131mc\u0131lar\u0131 Prof. Dr. Sonu\u00e7 Zorlu ve Prof. Dr. Ali \u00d6zt\u00fcren taraf\u0131ndan te\u015fekk\u00fcr plaketinin takdim edildi\u011fi kaydedildi.<\/p>\n<\/p><\/div>\n<p><script async\n                    defer\n                    crossorigin=\"anonymous\"\n                    src=\"https:\/\/connect.facebook.net\/tr_TR\/sdk.js#xfbml=1&#038;version=v3.3\"\n            ><\/script><\/p>\n","protected":false},"excerpt":{"rendered":"<p>Do\u011fu Akdeniz \u00dcniversitesi (DA\u00dc) Sosyal ve K\u00fclt\u00fcrel Aktiviteler M\u00fcd\u00fcrl\u00fc\u011f\u00fc Etkinlik Birimi taraf\u0131ndan geleneksel olarak d\u00fczenlenen \u201cRock\u2019n EMU\u201d etkinli\u011finin 11\u2019incisi, DA\u00dc Yasin D\u00fc\u015f\u00fcner Stadyumu\u2019nda ger\u00e7ekle\u015fti. DA\u00dc Halkla \u0130li\u015fkiler ve Medya M\u00fcd\u00fcrl\u00fc\u011f\u00fc\u2019nden yap\u0131lan a\u00e7\u0131klamaya g\u00f6re, etkinlikte hem Kuzey K\u0131br\u0131s T\u00fcrk Cumhuriyeti\u2019nin hem de T\u00fcrkiye Cumhuriyeti\u2019nin \u00fcnl\u00fc rock gruplar\u0131 ve rock sanat\u00e7\u0131lar\u0131n\u0131n sahne ald\u0131\u011f\u0131 kaydedildi. A\u00e7\u0131klamada, ilk olarak [&hellip;]<\/p>\n","protected":false},"author":1,"featured_media":2467,"comment_status":"open","ping_status":"open","sticky":false,"template":"","format":"standard","meta":{"jnews-multi-image_gallery":[],"jnews_single_post":[],"jnews_primary_category":[],"jnews_social_meta":[],"jnews_override_counter":[],"footnotes":""},"categories":[6],"tags":[],"class_list":["post-2466","post","type-post","status-publish","format-standard","has-post-thumbnail","hentry","category-yasam"],"yoast_head":"<!-- This site is optimized with the Yoast SEO plugin v27.5 - https:\/\/yoast.com\/product\/yoast-seo-wordpress\/ -->\n<title>DA\u00dc\u2019de \u201cRock\u2019n EMU\u201d etkinli\u011fi d\u00fczenlendi - Kuzeyin Sesi<\/title>\n<meta name=\"robots\" content=\"index, follow, max-snippet:-1, max-image-preview:large, max-video-preview:-1\" \/>\n<link rel=\"canonical\" href=\"https:\/\/kuzeyinsesi.org\/index.php\/2024\/05\/14\/daude-rockn-emu-etkinligi-duzenlendi\/\" \/>\n<meta property=\"og:locale\" content=\"tr_TR\" \/>\n<meta property=\"og:type\" content=\"article\" \/>\n<meta property=\"og:title\" content=\"DA\u00dc\u2019de \u201cRock\u2019n EMU\u201d etkinli\u011fi d\u00fczenlendi - Kuzeyin Sesi\" \/>\n<meta property=\"og:description\" content=\"Do\u011fu Akdeniz \u00dcniversitesi (DA\u00dc) Sosyal ve K\u00fclt\u00fcrel Aktiviteler M\u00fcd\u00fcrl\u00fc\u011f\u00fc Etkinlik Birimi taraf\u0131ndan geleneksel olarak d\u00fczenlenen \u201cRock\u2019n EMU\u201d etkinli\u011finin 11\u2019incisi, DA\u00dc Yasin D\u00fc\u015f\u00fcner Stadyumu\u2019nda ger\u00e7ekle\u015fti. DA\u00dc Halkla \u0130li\u015fkiler ve Medya M\u00fcd\u00fcrl\u00fc\u011f\u00fc\u2019nden yap\u0131lan a\u00e7\u0131klamaya g\u00f6re, etkinlikte hem Kuzey K\u0131br\u0131s T\u00fcrk Cumhuriyeti\u2019nin hem de T\u00fcrkiye Cumhuriyeti\u2019nin \u00fcnl\u00fc rock gruplar\u0131 ve rock sanat\u00e7\u0131lar\u0131n\u0131n sahne ald\u0131\u011f\u0131 kaydedildi. A\u00e7\u0131klamada, ilk olarak [&hellip;]\" \/>\n<meta property=\"og:url\" content=\"https:\/\/kuzeyinsesi.org\/index.php\/2024\/05\/14\/daude-rockn-emu-etkinligi-duzenlendi\/\" \/>\n<meta property=\"og:site_name\" content=\"Kuzeyin Sesi\" \/>\n<meta property=\"article:publisher\" content=\"https:\/\/www.facebook.com\/kuzeyinsesii\" \/>\n<meta property=\"article:published_time\" content=\"2024-05-14T13:35:08+00:00\" \/>\n<meta property=\"og:image\" content=\"https:\/\/kuzeyinsesi.org\/wp-content\/uploads\/2024\/05\/qwoeqg.jpg\" \/>\n\t<meta property=\"og:image:width\" content=\"1600\" \/>\n\t<meta property=\"og:image:height\" content=\"1198\" \/>\n\t<meta property=\"og:image:type\" content=\"image\/jpeg\" \/>\n<meta name=\"author\" content=\"Kuzeyin Sesi\" \/>\n<meta name=\"twitter:card\" content=\"summary_large_image\" \/>\n<meta name=\"twitter:creator\" content=\"@kuzeyinsesii\" \/>\n<meta name=\"twitter:site\" content=\"@kuzeyinsesii\" \/>\n<meta name=\"twitter:label1\" content=\"Yazan:\" \/>\n\t<meta name=\"twitter:data1\" content=\"Kuzeyin Sesi\" \/>\n\t<meta name=\"twitter:label2\" content=\"Tahmini okuma s\u00fcresi\" \/>\n\t<meta name=\"twitter:data2\" content=\"1 dakika\" \/>\n<script type=\"application\/ld+json\" class=\"yoast-schema-graph\">{\"@context\":\"https:\\\/\\\/schema.org\",\"@graph\":[{\"@type\":\"Article\",\"@id\":\"https:\\\/\\\/kuzeyinsesi.org\\\/index.php\\\/2024\\\/05\\\/14\\\/daude-rockn-emu-etkinligi-duzenlendi\\\/#article\",\"isPartOf\":{\"@id\":\"https:\\\/\\\/kuzeyinsesi.org\\\/index.php\\\/2024\\\/05\\\/14\\\/daude-rockn-emu-etkinligi-duzenlendi\\\/\"},\"author\":{\"name\":\"Kuzeyin Sesi\",\"@id\":\"https:\\\/\\\/kuzeyinsesi.org\\\/#\\\/schema\\\/person\\\/9f859689cdf01485597712386e37f5aa\"},\"headline\":\"DA\u00dc\u2019de \u201cRock\u2019n EMU\u201d etkinli\u011fi d\u00fczenlendi\",\"datePublished\":\"2024-05-14T13:35:08+00:00\",\"mainEntityOfPage\":{\"@id\":\"https:\\\/\\\/kuzeyinsesi.org\\\/index.php\\\/2024\\\/05\\\/14\\\/daude-rockn-emu-etkinligi-duzenlendi\\\/\"},\"wordCount\":232,\"commentCount\":0,\"image\":{\"@id\":\"https:\\\/\\\/kuzeyinsesi.org\\\/index.php\\\/2024\\\/05\\\/14\\\/daude-rockn-emu-etkinligi-duzenlendi\\\/#primaryimage\"},\"thumbnailUrl\":\"https:\\\/\\\/kuzeyinsesi.org\\\/wp-content\\\/uploads\\\/2024\\\/05\\\/qwoeqg.jpg\",\"articleSection\":[\"Ya\u015fam\"],\"inLanguage\":\"tr\",\"potentialAction\":[{\"@type\":\"CommentAction\",\"name\":\"Comment\",\"target\":[\"https:\\\/\\\/kuzeyinsesi.org\\\/index.php\\\/2024\\\/05\\\/14\\\/daude-rockn-emu-etkinligi-duzenlendi\\\/#respond\"]}]},{\"@type\":\"WebPage\",\"@id\":\"https:\\\/\\\/kuzeyinsesi.org\\\/index.php\\\/2024\\\/05\\\/14\\\/daude-rockn-emu-etkinligi-duzenlendi\\\/\",\"url\":\"https:\\\/\\\/kuzeyinsesi.org\\\/index.php\\\/2024\\\/05\\\/14\\\/daude-rockn-emu-etkinligi-duzenlendi\\\/\",\"name\":\"DA\u00dc\u2019de \u201cRock\u2019n EMU\u201d etkinli\u011fi d\u00fczenlendi - Kuzeyin Sesi\",\"isPartOf\":{\"@id\":\"https:\\\/\\\/kuzeyinsesi.org\\\/#website\"},\"primaryImageOfPage\":{\"@id\":\"https:\\\/\\\/kuzeyinsesi.org\\\/index.php\\\/2024\\\/05\\\/14\\\/daude-rockn-emu-etkinligi-duzenlendi\\\/#primaryimage\"},\"image\":{\"@id\":\"https:\\\/\\\/kuzeyinsesi.org\\\/index.php\\\/2024\\\/05\\\/14\\\/daude-rockn-emu-etkinligi-duzenlendi\\\/#primaryimage\"},\"thumbnailUrl\":\"https:\\\/\\\/kuzeyinsesi.org\\\/wp-content\\\/uploads\\\/2024\\\/05\\\/qwoeqg.jpg\",\"datePublished\":\"2024-05-14T13:35:08+00:00\",\"author\":{\"@id\":\"https:\\\/\\\/kuzeyinsesi.org\\\/#\\\/schema\\\/person\\\/9f859689cdf01485597712386e37f5aa\"},\"breadcrumb\":{\"@id\":\"https:\\\/\\\/kuzeyinsesi.org\\\/index.php\\\/2024\\\/05\\\/14\\\/daude-rockn-emu-etkinligi-duzenlendi\\\/#breadcrumb\"},\"inLanguage\":\"tr\",\"potentialAction\":[{\"@type\":\"ReadAction\",\"target\":[\"https:\\\/\\\/kuzeyinsesi.org\\\/index.php\\\/2024\\\/05\\\/14\\\/daude-rockn-emu-etkinligi-duzenlendi\\\/\"]}]},{\"@type\":\"ImageObject\",\"inLanguage\":\"tr\",\"@id\":\"https:\\\/\\\/kuzeyinsesi.org\\\/index.php\\\/2024\\\/05\\\/14\\\/daude-rockn-emu-etkinligi-duzenlendi\\\/#primaryimage\",\"url\":\"https:\\\/\\\/kuzeyinsesi.org\\\/wp-content\\\/uploads\\\/2024\\\/05\\\/qwoeqg.jpg\",\"contentUrl\":\"https:\\\/\\\/kuzeyinsesi.org\\\/wp-content\\\/uploads\\\/2024\\\/05\\\/qwoeqg.jpg\",\"width\":1600,\"height\":1198},{\"@type\":\"BreadcrumbList\",\"@id\":\"https:\\\/\\\/kuzeyinsesi.org\\\/index.php\\\/2024\\\/05\\\/14\\\/daude-rockn-emu-etkinligi-duzenlendi\\\/#breadcrumb\",\"itemListElement\":[{\"@type\":\"ListItem\",\"position\":1,\"name\":\"Anasayfa\",\"item\":\"https:\\\/\\\/kuzeyinsesi.org\\\/\"},{\"@type\":\"ListItem\",\"position\":2,\"name\":\"DA\u00dc\u2019de \u201cRock\u2019n EMU\u201d etkinli\u011fi d\u00fczenlendi\"}]},{\"@type\":\"WebSite\",\"@id\":\"https:\\\/\\\/kuzeyinsesi.org\\\/#website\",\"url\":\"https:\\\/\\\/kuzeyinsesi.org\\\/\",\"name\":\"Kuzeyin Sesi\",\"description\":\"Do\u011fru Haberin Adresi\",\"potentialAction\":[{\"@type\":\"SearchAction\",\"target\":{\"@type\":\"EntryPoint\",\"urlTemplate\":\"https:\\\/\\\/kuzeyinsesi.org\\\/?s={search_term_string}\"},\"query-input\":{\"@type\":\"PropertyValueSpecification\",\"valueRequired\":true,\"valueName\":\"search_term_string\"}}],\"inLanguage\":\"tr\"},{\"@type\":\"Person\",\"@id\":\"https:\\\/\\\/kuzeyinsesi.org\\\/#\\\/schema\\\/person\\\/9f859689cdf01485597712386e37f5aa\",\"name\":\"Kuzeyin Sesi\",\"image\":{\"@type\":\"ImageObject\",\"inLanguage\":\"tr\",\"@id\":\"https:\\\/\\\/secure.gravatar.com\\\/avatar\\\/bab33852abfd8b282518d6ed81826833d77c3c882d9ab608add591ccace47a44?s=96&d=mm&r=g\",\"url\":\"https:\\\/\\\/secure.gravatar.com\\\/avatar\\\/bab33852abfd8b282518d6ed81826833d77c3c882d9ab608add591ccace47a44?s=96&d=mm&r=g\",\"contentUrl\":\"https:\\\/\\\/secure.gravatar.com\\\/avatar\\\/bab33852abfd8b282518d6ed81826833d77c3c882d9ab608add591ccace47a44?s=96&d=mm&r=g\",\"caption\":\"Kuzeyin Sesi\"},\"sameAs\":[\"https:\\\/\\\/kuzeyinsesi.org\"],\"url\":\"https:\\\/\\\/kuzeyinsesi.org\\\/index.php\\\/author\\\/guven\\\/\"}]}<\/script>\n<!-- \/ Yoast SEO plugin. -->","yoast_head_json":{"title":"DA\u00dc\u2019de \u201cRock\u2019n EMU\u201d etkinli\u011fi d\u00fczenlendi - Kuzeyin Sesi","robots":{"index":"index","follow":"follow","max-snippet":"max-snippet:-1","max-image-preview":"max-image-preview:large","max-video-preview":"max-video-preview:-1"},"canonical":"https:\/\/kuzeyinsesi.org\/index.php\/2024\/05\/14\/daude-rockn-emu-etkinligi-duzenlendi\/","og_locale":"tr_TR","og_type":"article","og_title":"DA\u00dc\u2019de \u201cRock\u2019n EMU\u201d etkinli\u011fi d\u00fczenlendi - Kuzeyin Sesi","og_description":"Do\u011fu Akdeniz \u00dcniversitesi (DA\u00dc) Sosyal ve K\u00fclt\u00fcrel Aktiviteler M\u00fcd\u00fcrl\u00fc\u011f\u00fc Etkinlik Birimi taraf\u0131ndan geleneksel olarak d\u00fczenlenen \u201cRock\u2019n EMU\u201d etkinli\u011finin 11\u2019incisi, DA\u00dc Yasin D\u00fc\u015f\u00fcner Stadyumu\u2019nda ger\u00e7ekle\u015fti. DA\u00dc Halkla \u0130li\u015fkiler ve Medya M\u00fcd\u00fcrl\u00fc\u011f\u00fc\u2019nden yap\u0131lan a\u00e7\u0131klamaya g\u00f6re, etkinlikte hem Kuzey K\u0131br\u0131s T\u00fcrk Cumhuriyeti\u2019nin hem de T\u00fcrkiye Cumhuriyeti\u2019nin \u00fcnl\u00fc rock gruplar\u0131 ve rock sanat\u00e7\u0131lar\u0131n\u0131n sahne ald\u0131\u011f\u0131 kaydedildi. A\u00e7\u0131klamada, ilk olarak [&hellip;]","og_url":"https:\/\/kuzeyinsesi.org\/index.php\/2024\/05\/14\/daude-rockn-emu-etkinligi-duzenlendi\/","og_site_name":"Kuzeyin Sesi","article_publisher":"https:\/\/www.facebook.com\/kuzeyinsesii","article_published_time":"2024-05-14T13:35:08+00:00","og_image":[{"width":1600,"height":1198,"url":"https:\/\/kuzeyinsesi.org\/wp-content\/uploads\/2024\/05\/qwoeqg.jpg","type":"image\/jpeg"}],"author":"Kuzeyin Sesi","twitter_card":"summary_large_image","twitter_creator":"@kuzeyinsesii","twitter_site":"@kuzeyinsesii","twitter_misc":{"Yazan:":"Kuzeyin Sesi","Tahmini okuma s\u00fcresi":"1 dakika"},"schema":{"@context":"https:\/\/schema.org","@graph":[{"@type":"Article","@id":"https:\/\/kuzeyinsesi.org\/index.php\/2024\/05\/14\/daude-rockn-emu-etkinligi-duzenlendi\/#article","isPartOf":{"@id":"https:\/\/kuzeyinsesi.org\/index.php\/2024\/05\/14\/daude-rockn-emu-etkinligi-duzenlendi\/"},"author":{"name":"Kuzeyin Sesi","@id":"https:\/\/kuzeyinsesi.org\/#\/schema\/person\/9f859689cdf01485597712386e37f5aa"},"headline":"DA\u00dc\u2019de \u201cRock\u2019n EMU\u201d etkinli\u011fi d\u00fczenlendi","datePublished":"2024-05-14T13:35:08+00:00","mainEntityOfPage":{"@id":"https:\/\/kuzeyinsesi.org\/index.php\/2024\/05\/14\/daude-rockn-emu-etkinligi-duzenlendi\/"},"wordCount":232,"commentCount":0,"image":{"@id":"https:\/\/kuzeyinsesi.org\/index.php\/2024\/05\/14\/daude-rockn-emu-etkinligi-duzenlendi\/#primaryimage"},"thumbnailUrl":"https:\/\/kuzeyinsesi.org\/wp-content\/uploads\/2024\/05\/qwoeqg.jpg","articleSection":["Ya\u015fam"],"inLanguage":"tr","potentialAction":[{"@type":"CommentAction","name":"Comment","target":["https:\/\/kuzeyinsesi.org\/index.php\/2024\/05\/14\/daude-rockn-emu-etkinligi-duzenlendi\/#respond"]}]},{"@type":"WebPage","@id":"https:\/\/kuzeyinsesi.org\/index.php\/2024\/05\/14\/daude-rockn-emu-etkinligi-duzenlendi\/","url":"https:\/\/kuzeyinsesi.org\/index.php\/2024\/05\/14\/daude-rockn-emu-etkinligi-duzenlendi\/","name":"DA\u00dc\u2019de \u201cRock\u2019n EMU\u201d etkinli\u011fi d\u00fczenlendi - Kuzeyin Sesi","isPartOf":{"@id":"https:\/\/kuzeyinsesi.org\/#website"},"primaryImageOfPage":{"@id":"https:\/\/kuzeyinsesi.org\/index.php\/2024\/05\/14\/daude-rockn-emu-etkinligi-duzenlendi\/#primaryimage"},"image":{"@id":"https:\/\/kuzeyinsesi.org\/index.php\/2024\/05\/14\/daude-rockn-emu-etkinligi-duzenlendi\/#primaryimage"},"thumbnailUrl":"https:\/\/kuzeyinsesi.org\/wp-content\/uploads\/2024\/05\/qwoeqg.jpg","datePublished":"2024-05-14T13:35:08+00:00","author":{"@id":"https:\/\/kuzeyinsesi.org\/#\/schema\/person\/9f859689cdf01485597712386e37f5aa"},"breadcrumb":{"@id":"https:\/\/kuzeyinsesi.org\/index.php\/2024\/05\/14\/daude-rockn-emu-etkinligi-duzenlendi\/#breadcrumb"},"inLanguage":"tr","potentialAction":[{"@type":"ReadAction","target":["https:\/\/kuzeyinsesi.org\/index.php\/2024\/05\/14\/daude-rockn-emu-etkinligi-duzenlendi\/"]}]},{"@type":"ImageObject","inLanguage":"tr","@id":"https:\/\/kuzeyinsesi.org\/index.php\/2024\/05\/14\/daude-rockn-emu-etkinligi-duzenlendi\/#primaryimage","url":"https:\/\/kuzeyinsesi.org\/wp-content\/uploads\/2024\/05\/qwoeqg.jpg","contentUrl":"https:\/\/kuzeyinsesi.org\/wp-content\/uploads\/2024\/05\/qwoeqg.jpg","width":1600,"height":1198},{"@type":"BreadcrumbList","@id":"https:\/\/kuzeyinsesi.org\/index.php\/2024\/05\/14\/daude-rockn-emu-etkinligi-duzenlendi\/#breadcrumb","itemListElement":[{"@type":"ListItem","position":1,"name":"Anasayfa","item":"https:\/\/kuzeyinsesi.org\/"},{"@type":"ListItem","position":2,"name":"DA\u00dc\u2019de \u201cRock\u2019n EMU\u201d etkinli\u011fi d\u00fczenlendi"}]},{"@type":"WebSite","@id":"https:\/\/kuzeyinsesi.org\/#website","url":"https:\/\/kuzeyinsesi.org\/","name":"Kuzeyin Sesi","description":"Do\u011fru Haberin Adresi","potentialAction":[{"@type":"SearchAction","target":{"@type":"EntryPoint","urlTemplate":"https:\/\/kuzeyinsesi.org\/?s={search_term_string}"},"query-input":{"@type":"PropertyValueSpecification","valueRequired":true,"valueName":"search_term_string"}}],"inLanguage":"tr"},{"@type":"Person","@id":"https:\/\/kuzeyinsesi.org\/#\/schema\/person\/9f859689cdf01485597712386e37f5aa","name":"Kuzeyin Sesi","image":{"@type":"ImageObject","inLanguage":"tr","@id":"https:\/\/secure.gravatar.com\/avatar\/bab33852abfd8b282518d6ed81826833d77c3c882d9ab608add591ccace47a44?s=96&d=mm&r=g","url":"https:\/\/secure.gravatar.com\/avatar\/bab33852abfd8b282518d6ed81826833d77c3c882d9ab608add591ccace47a44?s=96&d=mm&r=g","contentUrl":"https:\/\/secure.gravatar.com\/avatar\/bab33852abfd8b282518d6ed81826833d77c3c882d9ab608add591ccace47a44?s=96&d=mm&r=g","caption":"Kuzeyin Sesi"},"sameAs":["https:\/\/kuzeyinsesi.org"],"url":"https:\/\/kuzeyinsesi.org\/index.php\/author\/guven\/"}]}},"_links":{"self":[{"href":"https:\/\/kuzeyinsesi.org\/index.php\/wp-json\/wp\/v2\/posts\/2466","targetHints":{"allow":["GET"]}}],"collection":[{"href":"https:\/\/kuzeyinsesi.org\/index.php\/wp-json\/wp\/v2\/posts"}],"about":[{"href":"https:\/\/kuzeyinsesi.org\/index.php\/wp-json\/wp\/v2\/types\/post"}],"author":[{"embeddable":true,"href":"https:\/\/kuzeyinsesi.org\/index.php\/wp-json\/wp\/v2\/users\/1"}],"replies":[{"embeddable":true,"href":"https:\/\/kuzeyinsesi.org\/index.php\/wp-json\/wp\/v2\/comments?post=2466"}],"version-history":[{"count":0,"href":"https:\/\/kuzeyinsesi.org\/index.php\/wp-json\/wp\/v2\/posts\/2466\/revisions"}],"wp:featuredmedia":[{"embeddable":true,"href":"https:\/\/kuzeyinsesi.org\/index.php\/wp-json\/wp\/v2\/media\/2467"}],"wp:attachment":[{"href":"https:\/\/kuzeyinsesi.org\/index.php\/wp-json\/wp\/v2\/media?parent=2466"}],"wp:term":[{"taxonomy":"category","embeddable":true,"href":"https:\/\/kuzeyinsesi.org\/index.php\/wp-json\/wp\/v2\/categories?post=2466"},{"taxonomy":"post_tag","embeddable":true,"href":"https:\/\/kuzeyinsesi.org\/index.php\/wp-json\/wp\/v2\/tags?post=2466"}],"curies":[{"name":"wp","href":"https:\/\/api.w.org\/{rel}","templated":true}]}}