{"id":24644,"date":"2025-05-05T15:46:14","date_gmt":"2025-05-05T12:46:14","guid":{"rendered":"https:\/\/kuzeyinsesi.org\/index.php\/2025\/05\/05\/devlet-fotograf-yarismasinin-basvuru-suresi-26-mayisa-uzatildi\/"},"modified":"2025-05-05T15:46:14","modified_gmt":"2025-05-05T12:46:14","slug":"devlet-fotograf-yarismasinin-basvuru-suresi-26-mayisa-uzatildi","status":"publish","type":"post","link":"https:\/\/kuzeyinsesi.org\/index.php\/2025\/05\/05\/devlet-fotograf-yarismasinin-basvuru-suresi-26-mayisa-uzatildi\/","title":{"rendered":"Devlet Foto\u011fraf Yar\u0131\u015fmas\u0131\u2019n\u0131n ba\u015fvuru s\u00fcresi 26 May\u0131s\u2019a uzat\u0131ld\u0131"},"content":{"rendered":"<div>\n<div class=\"mariselle-image-container center\">\n                                            <\/div>\n<p>33. Devlet Foto\u011fraf Yar\u0131\u015fmas\u0131na ba\u015fvuru s\u00fcresi uzat\u0131ld\u0131. Yar\u0131\u015fmaya, 26 May\u0131s\u2019a kadar ba\u015fvuru kabul edilecek.<\/p>\n<p>Turizm K\u00fclt\u00fcr Gen\u00e7lik ve \u00c7evre Bakanl\u0131\u011f\u0131, K\u00fclt\u00fcr Dairesi M\u00fcd\u00fcrl\u00fc\u011f\u00fc\u2019nden yap\u0131lan a\u00e7\u0131klamaya g\u00f6re, daha \u00f6nce 5 May\u0131s olarak duyurulan son ba\u015fvuru tarihi, 26 May\u0131s\u2019a uzat\u0131ld\u0131. Yar\u0131\u015fmaya ba\u015fvurular https:\/\/kulturdairesi.gov.ct.tr adresinden yap\u0131labilecek.  <\/p>\n<p>A\u00e7\u0131klamada, su alt\u0131 foto\u011fraf\u00e7\u0131l\u0131\u011f\u0131n\u0131n \u00f6zendirilmesi, KKTC\u2019nin su alt\u0131 zenginliklerinin tan\u0131t\u0131lmas\u0131 amac\u0131yla yar\u0131\u015fmaya Su Alt\u0131 Foto\u011fraf\u00e7\u0131l\u0131\u011f\u0131 kategorisinin eklendi\u011fi, b\u00f6ylece yar\u0131\u015fman\u0131n yedi kategoride d\u00fczenlenece\u011fi belirtildi.<\/p>\n<p><strong>Yar\u0131\u015fma kategorileri \u015f\u00f6yle:<\/strong><\/p>\n<p>\u201cSerbest (Siyah&amp;Beyaz), Serbest (Renkli), Do\u011fa (Renkli-Siyah&amp;Beyaz), Benim \u015eehrim: Ma\u011fusa\u2019m (Renkli-Siyah&amp;Beyaz), Kavramsal (Renkli-Siyah&amp;Beyaz), Mimari : Hakk\u0131 Atun ve Burhan Atun Eserleri (Siyah&amp;Beyaz), Su Alt\u0131 Foto\u011fraf\u00e7\u0131l\u0131\u011f\u0131: Kuzey K\u0131br\u0131s Denizleri (Renkli). <\/p>\n<p>A\u00e7\u0131klamada, yar\u0131\u015fma se\u00e7ici kurul \u00fcyelerinin, \u0130stanbul Ayd\u0131n \u00dcniversitesi G\u00fczel Sanatlar Fak\u00fcltesi Eski Dekan\u0131 ve Foto\u011fraf Sanat\u00e7\u0131s\u0131 Prof. Dr. \u00d6zer Kanburo\u011flu, Do\u011fu Akdeniz \u00dcniversitesi Mimarl\u0131k Fak\u00fcltesi Dekan\u0131 Prof. Dr. Resmiye Alpar Atun ve T\u00fcrkiye Foto\u011fraf Sanat\u0131 Federasyonu Ba\u015fkan\u0131 ve Foto\u011fraf Sanat\u00e7\u0131s\u0131 Dr. Sefa Ulukan oldu\u011fu belirtildi.<\/p>\n<p>Yar\u0131\u015fmada, Hakk\u0131 Atun ve Burhan Atun\u2019un eserleri konusunda Prof. Dr. Resmiye Alpar Atun, Su Alt\u0131 Foto\u011fraf\u00e7\u0131l\u0131\u011f\u0131 kategorisinde de Tevfik Camg\u00f6z\u2019\u00fcn bilir ki\u015fi olarak, Kurul\u2019a dan\u0131\u015fmanl\u0131k yapaca\u011f\u0131 ifade edildi.<\/p>\n<p>Yar\u0131\u015fmada 7 kategoride ba\u015far\u0131 ve mansiyon \u00f6d\u00fcl\u00fcn\u00fcn yan\u0131 s\u0131ra, Se\u00e7ici Kurul \u00d6zel \u00d6d\u00fcl\u00fc, K\u00fclt\u00fcr Dairesi \u00d6zel \u00d6d\u00fcl\u00fc ile En Fazla Eseri Sergilenen Foto\u011fraf\u00e7\u0131 \u00d6d\u00fcl\u00fc takdim edilecek.<\/p>\n<p>Ba\u015far\u0131l\u0131 eserlerin sahiplerine; 15 bin TL, eseri mansiyon \u00f6d\u00fcl\u00fcne laik g\u00f6r\u00fclen sanat\u00e7\u0131lara  8 bin ve \u00f6zel \u00f6d\u00fcle laik g\u00f6r\u00fclen \u00e7al\u0131\u015fmalara da 5 bin TL \u00f6d\u00fcl verilecek.<\/p>\n<p>A\u00e7\u0131klamada, \u00f6d\u00fcl t\u00f6reni ve sergi a\u00e7\u0131l\u0131\u015f\u0131n\u0131n 19 A\u011fustos D\u00fcnya Foto\u011fraf\u00e7\u0131l\u0131k G\u00fcn\u00fc\u2019nde,  Lefko\u015fa\u2019da K\u00fclt\u00fcr Dairesi\u2019nin belirleyece\u011fi bir sergi salonunda yer alaca\u011f\u0131 belirtildi.<\/p>\n<\/p><\/div>\n<p><script async\n                    defer\n                    crossorigin=\"anonymous\"\n                    src=\"https:\/\/connect.facebook.net\/tr_TR\/sdk.js#xfbml=1&#038;version=v3.3\"\n            ><\/script><\/p>\n","protected":false},"excerpt":{"rendered":"<p>33. Devlet Foto\u011fraf Yar\u0131\u015fmas\u0131na ba\u015fvuru s\u00fcresi uzat\u0131ld\u0131. Yar\u0131\u015fmaya, 26 May\u0131s\u2019a kadar ba\u015fvuru kabul edilecek. Turizm K\u00fclt\u00fcr Gen\u00e7lik ve \u00c7evre Bakanl\u0131\u011f\u0131, K\u00fclt\u00fcr Dairesi M\u00fcd\u00fcrl\u00fc\u011f\u00fc\u2019nden yap\u0131lan a\u00e7\u0131klamaya g\u00f6re, daha \u00f6nce 5 May\u0131s olarak duyurulan son ba\u015fvuru tarihi, 26 May\u0131s\u2019a uzat\u0131ld\u0131. Yar\u0131\u015fmaya ba\u015fvurular https:\/\/kulturdairesi.gov.ct.tr adresinden yap\u0131labilecek. A\u00e7\u0131klamada, su alt\u0131 foto\u011fraf\u00e7\u0131l\u0131\u011f\u0131n\u0131n \u00f6zendirilmesi, KKTC\u2019nin su alt\u0131 zenginliklerinin tan\u0131t\u0131lmas\u0131 amac\u0131yla yar\u0131\u015fmaya [&hellip;]<\/p>\n","protected":false},"author":1,"featured_media":24645,"comment_status":"open","ping_status":"open","sticky":false,"template":"","format":"standard","meta":{"jnews-multi-image_gallery":[],"jnews_single_post":[],"jnews_primary_category":[],"jnews_social_meta":[],"jnews_override_counter":[],"footnotes":""},"categories":[6],"tags":[],"class_list":["post-24644","post","type-post","status-publish","format-standard","has-post-thumbnail","hentry","category-yasam"],"yoast_head":"<!-- This site is optimized with the Yoast SEO plugin v27.4 - https:\/\/yoast.com\/product\/yoast-seo-wordpress\/ -->\n<title>Devlet Foto\u011fraf Yar\u0131\u015fmas\u0131\u2019n\u0131n ba\u015fvuru s\u00fcresi 26 May\u0131s\u2019a uzat\u0131ld\u0131 - Kuzeyin Sesi<\/title>\n<meta name=\"robots\" content=\"index, follow, max-snippet:-1, max-image-preview:large, max-video-preview:-1\" \/>\n<link rel=\"canonical\" href=\"https:\/\/kuzeyinsesi.org\/index.php\/2025\/05\/05\/devlet-fotograf-yarismasinin-basvuru-suresi-26-mayisa-uzatildi\/\" \/>\n<meta property=\"og:locale\" content=\"tr_TR\" \/>\n<meta property=\"og:type\" content=\"article\" \/>\n<meta property=\"og:title\" content=\"Devlet Foto\u011fraf Yar\u0131\u015fmas\u0131\u2019n\u0131n ba\u015fvuru s\u00fcresi 26 May\u0131s\u2019a uzat\u0131ld\u0131 - Kuzeyin Sesi\" \/>\n<meta property=\"og:description\" content=\"33. Devlet Foto\u011fraf Yar\u0131\u015fmas\u0131na ba\u015fvuru s\u00fcresi uzat\u0131ld\u0131. Yar\u0131\u015fmaya, 26 May\u0131s\u2019a kadar ba\u015fvuru kabul edilecek. Turizm K\u00fclt\u00fcr Gen\u00e7lik ve \u00c7evre Bakanl\u0131\u011f\u0131, K\u00fclt\u00fcr Dairesi M\u00fcd\u00fcrl\u00fc\u011f\u00fc\u2019nden yap\u0131lan a\u00e7\u0131klamaya g\u00f6re, daha \u00f6nce 5 May\u0131s olarak duyurulan son ba\u015fvuru tarihi, 26 May\u0131s\u2019a uzat\u0131ld\u0131. Yar\u0131\u015fmaya ba\u015fvurular https:\/\/kulturdairesi.gov.ct.tr adresinden yap\u0131labilecek. A\u00e7\u0131klamada, su alt\u0131 foto\u011fraf\u00e7\u0131l\u0131\u011f\u0131n\u0131n \u00f6zendirilmesi, KKTC\u2019nin su alt\u0131 zenginliklerinin tan\u0131t\u0131lmas\u0131 amac\u0131yla yar\u0131\u015fmaya [&hellip;]\" \/>\n<meta property=\"og:url\" content=\"https:\/\/kuzeyinsesi.org\/index.php\/2025\/05\/05\/devlet-fotograf-yarismasinin-basvuru-suresi-26-mayisa-uzatildi\/\" \/>\n<meta property=\"og:site_name\" content=\"Kuzeyin Sesi\" \/>\n<meta property=\"article:publisher\" content=\"https:\/\/www.facebook.com\/kuzeyinsesii\" \/>\n<meta property=\"article:published_time\" content=\"2025-05-05T12:46:14+00:00\" \/>\n<meta property=\"og:image\" content=\"https:\/\/brtk.net\/wp-content\/uploads\/2025\/05\/05\/98089.jpg?ver=11c33d018ad73b6229778a4c66c1f887\" \/>\n<meta name=\"author\" content=\"Kuzeyin Sesi\" \/>\n<meta name=\"twitter:card\" content=\"summary_large_image\" \/>\n<meta name=\"twitter:creator\" content=\"@kuzeyinsesii\" \/>\n<meta name=\"twitter:site\" content=\"@kuzeyinsesii\" \/>\n<meta name=\"twitter:label1\" content=\"Yazan:\" \/>\n\t<meta name=\"twitter:data1\" content=\"Kuzeyin Sesi\" \/>\n\t<meta name=\"twitter:label2\" content=\"Tahmini okuma s\u00fcresi\" \/>\n\t<meta name=\"twitter:data2\" content=\"2 dakika\" \/>\n<script type=\"application\/ld+json\" class=\"yoast-schema-graph\">{\"@context\":\"https:\\\/\\\/schema.org\",\"@graph\":[{\"@type\":\"Article\",\"@id\":\"https:\\\/\\\/kuzeyinsesi.org\\\/index.php\\\/2025\\\/05\\\/05\\\/devlet-fotograf-yarismasinin-basvuru-suresi-26-mayisa-uzatildi\\\/#article\",\"isPartOf\":{\"@id\":\"https:\\\/\\\/kuzeyinsesi.org\\\/index.php\\\/2025\\\/05\\\/05\\\/devlet-fotograf-yarismasinin-basvuru-suresi-26-mayisa-uzatildi\\\/\"},\"author\":{\"name\":\"Kuzeyin Sesi\",\"@id\":\"https:\\\/\\\/kuzeyinsesi.org\\\/#\\\/schema\\\/person\\\/9f859689cdf01485597712386e37f5aa\"},\"headline\":\"Devlet Foto\u011fraf Yar\u0131\u015fmas\u0131\u2019n\u0131n ba\u015fvuru s\u00fcresi 26 May\u0131s\u2019a uzat\u0131ld\u0131\",\"datePublished\":\"2025-05-05T12:46:14+00:00\",\"mainEntityOfPage\":{\"@id\":\"https:\\\/\\\/kuzeyinsesi.org\\\/index.php\\\/2025\\\/05\\\/05\\\/devlet-fotograf-yarismasinin-basvuru-suresi-26-mayisa-uzatildi\\\/\"},\"wordCount\":390,\"commentCount\":0,\"image\":{\"@id\":\"https:\\\/\\\/kuzeyinsesi.org\\\/index.php\\\/2025\\\/05\\\/05\\\/devlet-fotograf-yarismasinin-basvuru-suresi-26-mayisa-uzatildi\\\/#primaryimage\"},\"thumbnailUrl\":\"https:\\\/\\\/kuzeyinsesi.org\\\/wp-content\\\/uploads\\\/2025\\\/05\\\/98089.jpg\",\"articleSection\":[\"Ya\u015fam\"],\"inLanguage\":\"tr\",\"potentialAction\":[{\"@type\":\"CommentAction\",\"name\":\"Comment\",\"target\":[\"https:\\\/\\\/kuzeyinsesi.org\\\/index.php\\\/2025\\\/05\\\/05\\\/devlet-fotograf-yarismasinin-basvuru-suresi-26-mayisa-uzatildi\\\/#respond\"]}]},{\"@type\":\"WebPage\",\"@id\":\"https:\\\/\\\/kuzeyinsesi.org\\\/index.php\\\/2025\\\/05\\\/05\\\/devlet-fotograf-yarismasinin-basvuru-suresi-26-mayisa-uzatildi\\\/\",\"url\":\"https:\\\/\\\/kuzeyinsesi.org\\\/index.php\\\/2025\\\/05\\\/05\\\/devlet-fotograf-yarismasinin-basvuru-suresi-26-mayisa-uzatildi\\\/\",\"name\":\"Devlet Foto\u011fraf Yar\u0131\u015fmas\u0131\u2019n\u0131n ba\u015fvuru s\u00fcresi 26 May\u0131s\u2019a uzat\u0131ld\u0131 - Kuzeyin Sesi\",\"isPartOf\":{\"@id\":\"https:\\\/\\\/kuzeyinsesi.org\\\/#website\"},\"primaryImageOfPage\":{\"@id\":\"https:\\\/\\\/kuzeyinsesi.org\\\/index.php\\\/2025\\\/05\\\/05\\\/devlet-fotograf-yarismasinin-basvuru-suresi-26-mayisa-uzatildi\\\/#primaryimage\"},\"image\":{\"@id\":\"https:\\\/\\\/kuzeyinsesi.org\\\/index.php\\\/2025\\\/05\\\/05\\\/devlet-fotograf-yarismasinin-basvuru-suresi-26-mayisa-uzatildi\\\/#primaryimage\"},\"thumbnailUrl\":\"https:\\\/\\\/kuzeyinsesi.org\\\/wp-content\\\/uploads\\\/2025\\\/05\\\/98089.jpg\",\"datePublished\":\"2025-05-05T12:46:14+00:00\",\"author\":{\"@id\":\"https:\\\/\\\/kuzeyinsesi.org\\\/#\\\/schema\\\/person\\\/9f859689cdf01485597712386e37f5aa\"},\"breadcrumb\":{\"@id\":\"https:\\\/\\\/kuzeyinsesi.org\\\/index.php\\\/2025\\\/05\\\/05\\\/devlet-fotograf-yarismasinin-basvuru-suresi-26-mayisa-uzatildi\\\/#breadcrumb\"},\"inLanguage\":\"tr\",\"potentialAction\":[{\"@type\":\"ReadAction\",\"target\":[\"https:\\\/\\\/kuzeyinsesi.org\\\/index.php\\\/2025\\\/05\\\/05\\\/devlet-fotograf-yarismasinin-basvuru-suresi-26-mayisa-uzatildi\\\/\"]}]},{\"@type\":\"ImageObject\",\"inLanguage\":\"tr\",\"@id\":\"https:\\\/\\\/kuzeyinsesi.org\\\/index.php\\\/2025\\\/05\\\/05\\\/devlet-fotograf-yarismasinin-basvuru-suresi-26-mayisa-uzatildi\\\/#primaryimage\",\"url\":\"https:\\\/\\\/kuzeyinsesi.org\\\/wp-content\\\/uploads\\\/2025\\\/05\\\/98089.jpg\",\"contentUrl\":\"https:\\\/\\\/kuzeyinsesi.org\\\/wp-content\\\/uploads\\\/2025\\\/05\\\/98089.jpg\",\"width\":1600,\"height\":560},{\"@type\":\"BreadcrumbList\",\"@id\":\"https:\\\/\\\/kuzeyinsesi.org\\\/index.php\\\/2025\\\/05\\\/05\\\/devlet-fotograf-yarismasinin-basvuru-suresi-26-mayisa-uzatildi\\\/#breadcrumb\",\"itemListElement\":[{\"@type\":\"ListItem\",\"position\":1,\"name\":\"Anasayfa\",\"item\":\"https:\\\/\\\/kuzeyinsesi.org\\\/\"},{\"@type\":\"ListItem\",\"position\":2,\"name\":\"Devlet Foto\u011fraf Yar\u0131\u015fmas\u0131\u2019n\u0131n ba\u015fvuru s\u00fcresi 26 May\u0131s\u2019a uzat\u0131ld\u0131\"}]},{\"@type\":\"WebSite\",\"@id\":\"https:\\\/\\\/kuzeyinsesi.org\\\/#website\",\"url\":\"https:\\\/\\\/kuzeyinsesi.org\\\/\",\"name\":\"Kuzeyin Sesi\",\"description\":\"Do\u011fru Haberin Adresi\",\"potentialAction\":[{\"@type\":\"SearchAction\",\"target\":{\"@type\":\"EntryPoint\",\"urlTemplate\":\"https:\\\/\\\/kuzeyinsesi.org\\\/?s={search_term_string}\"},\"query-input\":{\"@type\":\"PropertyValueSpecification\",\"valueRequired\":true,\"valueName\":\"search_term_string\"}}],\"inLanguage\":\"tr\"},{\"@type\":\"Person\",\"@id\":\"https:\\\/\\\/kuzeyinsesi.org\\\/#\\\/schema\\\/person\\\/9f859689cdf01485597712386e37f5aa\",\"name\":\"Kuzeyin Sesi\",\"image\":{\"@type\":\"ImageObject\",\"inLanguage\":\"tr\",\"@id\":\"https:\\\/\\\/secure.gravatar.com\\\/avatar\\\/bab33852abfd8b282518d6ed81826833d77c3c882d9ab608add591ccace47a44?s=96&d=mm&r=g\",\"url\":\"https:\\\/\\\/secure.gravatar.com\\\/avatar\\\/bab33852abfd8b282518d6ed81826833d77c3c882d9ab608add591ccace47a44?s=96&d=mm&r=g\",\"contentUrl\":\"https:\\\/\\\/secure.gravatar.com\\\/avatar\\\/bab33852abfd8b282518d6ed81826833d77c3c882d9ab608add591ccace47a44?s=96&d=mm&r=g\",\"caption\":\"Kuzeyin Sesi\"},\"sameAs\":[\"https:\\\/\\\/kuzeyinsesi.org\"],\"url\":\"https:\\\/\\\/kuzeyinsesi.org\\\/index.php\\\/author\\\/guven\\\/\"}]}<\/script>\n<!-- \/ Yoast SEO plugin. -->","yoast_head_json":{"title":"Devlet Foto\u011fraf Yar\u0131\u015fmas\u0131\u2019n\u0131n ba\u015fvuru s\u00fcresi 26 May\u0131s\u2019a uzat\u0131ld\u0131 - Kuzeyin Sesi","robots":{"index":"index","follow":"follow","max-snippet":"max-snippet:-1","max-image-preview":"max-image-preview:large","max-video-preview":"max-video-preview:-1"},"canonical":"https:\/\/kuzeyinsesi.org\/index.php\/2025\/05\/05\/devlet-fotograf-yarismasinin-basvuru-suresi-26-mayisa-uzatildi\/","og_locale":"tr_TR","og_type":"article","og_title":"Devlet Foto\u011fraf Yar\u0131\u015fmas\u0131\u2019n\u0131n ba\u015fvuru s\u00fcresi 26 May\u0131s\u2019a uzat\u0131ld\u0131 - Kuzeyin Sesi","og_description":"33. Devlet Foto\u011fraf Yar\u0131\u015fmas\u0131na ba\u015fvuru s\u00fcresi uzat\u0131ld\u0131. Yar\u0131\u015fmaya, 26 May\u0131s\u2019a kadar ba\u015fvuru kabul edilecek. Turizm K\u00fclt\u00fcr Gen\u00e7lik ve \u00c7evre Bakanl\u0131\u011f\u0131, K\u00fclt\u00fcr Dairesi M\u00fcd\u00fcrl\u00fc\u011f\u00fc\u2019nden yap\u0131lan a\u00e7\u0131klamaya g\u00f6re, daha \u00f6nce 5 May\u0131s olarak duyurulan son ba\u015fvuru tarihi, 26 May\u0131s\u2019a uzat\u0131ld\u0131. Yar\u0131\u015fmaya ba\u015fvurular https:\/\/kulturdairesi.gov.ct.tr adresinden yap\u0131labilecek. A\u00e7\u0131klamada, su alt\u0131 foto\u011fraf\u00e7\u0131l\u0131\u011f\u0131n\u0131n \u00f6zendirilmesi, KKTC\u2019nin su alt\u0131 zenginliklerinin tan\u0131t\u0131lmas\u0131 amac\u0131yla yar\u0131\u015fmaya [&hellip;]","og_url":"https:\/\/kuzeyinsesi.org\/index.php\/2025\/05\/05\/devlet-fotograf-yarismasinin-basvuru-suresi-26-mayisa-uzatildi\/","og_site_name":"Kuzeyin Sesi","article_publisher":"https:\/\/www.facebook.com\/kuzeyinsesii","article_published_time":"2025-05-05T12:46:14+00:00","og_image":[{"url":"https:\/\/brtk.net\/wp-content\/uploads\/2025\/05\/05\/98089.jpg?ver=11c33d018ad73b6229778a4c66c1f887","type":"","width":"","height":""}],"author":"Kuzeyin Sesi","twitter_card":"summary_large_image","twitter_creator":"@kuzeyinsesii","twitter_site":"@kuzeyinsesii","twitter_misc":{"Yazan:":"Kuzeyin Sesi","Tahmini okuma s\u00fcresi":"2 dakika"},"schema":{"@context":"https:\/\/schema.org","@graph":[{"@type":"Article","@id":"https:\/\/kuzeyinsesi.org\/index.php\/2025\/05\/05\/devlet-fotograf-yarismasinin-basvuru-suresi-26-mayisa-uzatildi\/#article","isPartOf":{"@id":"https:\/\/kuzeyinsesi.org\/index.php\/2025\/05\/05\/devlet-fotograf-yarismasinin-basvuru-suresi-26-mayisa-uzatildi\/"},"author":{"name":"Kuzeyin Sesi","@id":"https:\/\/kuzeyinsesi.org\/#\/schema\/person\/9f859689cdf01485597712386e37f5aa"},"headline":"Devlet Foto\u011fraf Yar\u0131\u015fmas\u0131\u2019n\u0131n ba\u015fvuru s\u00fcresi 26 May\u0131s\u2019a uzat\u0131ld\u0131","datePublished":"2025-05-05T12:46:14+00:00","mainEntityOfPage":{"@id":"https:\/\/kuzeyinsesi.org\/index.php\/2025\/05\/05\/devlet-fotograf-yarismasinin-basvuru-suresi-26-mayisa-uzatildi\/"},"wordCount":390,"commentCount":0,"image":{"@id":"https:\/\/kuzeyinsesi.org\/index.php\/2025\/05\/05\/devlet-fotograf-yarismasinin-basvuru-suresi-26-mayisa-uzatildi\/#primaryimage"},"thumbnailUrl":"https:\/\/kuzeyinsesi.org\/wp-content\/uploads\/2025\/05\/98089.jpg","articleSection":["Ya\u015fam"],"inLanguage":"tr","potentialAction":[{"@type":"CommentAction","name":"Comment","target":["https:\/\/kuzeyinsesi.org\/index.php\/2025\/05\/05\/devlet-fotograf-yarismasinin-basvuru-suresi-26-mayisa-uzatildi\/#respond"]}]},{"@type":"WebPage","@id":"https:\/\/kuzeyinsesi.org\/index.php\/2025\/05\/05\/devlet-fotograf-yarismasinin-basvuru-suresi-26-mayisa-uzatildi\/","url":"https:\/\/kuzeyinsesi.org\/index.php\/2025\/05\/05\/devlet-fotograf-yarismasinin-basvuru-suresi-26-mayisa-uzatildi\/","name":"Devlet Foto\u011fraf Yar\u0131\u015fmas\u0131\u2019n\u0131n ba\u015fvuru s\u00fcresi 26 May\u0131s\u2019a uzat\u0131ld\u0131 - Kuzeyin Sesi","isPartOf":{"@id":"https:\/\/kuzeyinsesi.org\/#website"},"primaryImageOfPage":{"@id":"https:\/\/kuzeyinsesi.org\/index.php\/2025\/05\/05\/devlet-fotograf-yarismasinin-basvuru-suresi-26-mayisa-uzatildi\/#primaryimage"},"image":{"@id":"https:\/\/kuzeyinsesi.org\/index.php\/2025\/05\/05\/devlet-fotograf-yarismasinin-basvuru-suresi-26-mayisa-uzatildi\/#primaryimage"},"thumbnailUrl":"https:\/\/kuzeyinsesi.org\/wp-content\/uploads\/2025\/05\/98089.jpg","datePublished":"2025-05-05T12:46:14+00:00","author":{"@id":"https:\/\/kuzeyinsesi.org\/#\/schema\/person\/9f859689cdf01485597712386e37f5aa"},"breadcrumb":{"@id":"https:\/\/kuzeyinsesi.org\/index.php\/2025\/05\/05\/devlet-fotograf-yarismasinin-basvuru-suresi-26-mayisa-uzatildi\/#breadcrumb"},"inLanguage":"tr","potentialAction":[{"@type":"ReadAction","target":["https:\/\/kuzeyinsesi.org\/index.php\/2025\/05\/05\/devlet-fotograf-yarismasinin-basvuru-suresi-26-mayisa-uzatildi\/"]}]},{"@type":"ImageObject","inLanguage":"tr","@id":"https:\/\/kuzeyinsesi.org\/index.php\/2025\/05\/05\/devlet-fotograf-yarismasinin-basvuru-suresi-26-mayisa-uzatildi\/#primaryimage","url":"https:\/\/kuzeyinsesi.org\/wp-content\/uploads\/2025\/05\/98089.jpg","contentUrl":"https:\/\/kuzeyinsesi.org\/wp-content\/uploads\/2025\/05\/98089.jpg","width":1600,"height":560},{"@type":"BreadcrumbList","@id":"https:\/\/kuzeyinsesi.org\/index.php\/2025\/05\/05\/devlet-fotograf-yarismasinin-basvuru-suresi-26-mayisa-uzatildi\/#breadcrumb","itemListElement":[{"@type":"ListItem","position":1,"name":"Anasayfa","item":"https:\/\/kuzeyinsesi.org\/"},{"@type":"ListItem","position":2,"name":"Devlet Foto\u011fraf Yar\u0131\u015fmas\u0131\u2019n\u0131n ba\u015fvuru s\u00fcresi 26 May\u0131s\u2019a uzat\u0131ld\u0131"}]},{"@type":"WebSite","@id":"https:\/\/kuzeyinsesi.org\/#website","url":"https:\/\/kuzeyinsesi.org\/","name":"Kuzeyin Sesi","description":"Do\u011fru Haberin Adresi","potentialAction":[{"@type":"SearchAction","target":{"@type":"EntryPoint","urlTemplate":"https:\/\/kuzeyinsesi.org\/?s={search_term_string}"},"query-input":{"@type":"PropertyValueSpecification","valueRequired":true,"valueName":"search_term_string"}}],"inLanguage":"tr"},{"@type":"Person","@id":"https:\/\/kuzeyinsesi.org\/#\/schema\/person\/9f859689cdf01485597712386e37f5aa","name":"Kuzeyin Sesi","image":{"@type":"ImageObject","inLanguage":"tr","@id":"https:\/\/secure.gravatar.com\/avatar\/bab33852abfd8b282518d6ed81826833d77c3c882d9ab608add591ccace47a44?s=96&d=mm&r=g","url":"https:\/\/secure.gravatar.com\/avatar\/bab33852abfd8b282518d6ed81826833d77c3c882d9ab608add591ccace47a44?s=96&d=mm&r=g","contentUrl":"https:\/\/secure.gravatar.com\/avatar\/bab33852abfd8b282518d6ed81826833d77c3c882d9ab608add591ccace47a44?s=96&d=mm&r=g","caption":"Kuzeyin Sesi"},"sameAs":["https:\/\/kuzeyinsesi.org"],"url":"https:\/\/kuzeyinsesi.org\/index.php\/author\/guven\/"}]}},"_links":{"self":[{"href":"https:\/\/kuzeyinsesi.org\/index.php\/wp-json\/wp\/v2\/posts\/24644","targetHints":{"allow":["GET"]}}],"collection":[{"href":"https:\/\/kuzeyinsesi.org\/index.php\/wp-json\/wp\/v2\/posts"}],"about":[{"href":"https:\/\/kuzeyinsesi.org\/index.php\/wp-json\/wp\/v2\/types\/post"}],"author":[{"embeddable":true,"href":"https:\/\/kuzeyinsesi.org\/index.php\/wp-json\/wp\/v2\/users\/1"}],"replies":[{"embeddable":true,"href":"https:\/\/kuzeyinsesi.org\/index.php\/wp-json\/wp\/v2\/comments?post=24644"}],"version-history":[{"count":0,"href":"https:\/\/kuzeyinsesi.org\/index.php\/wp-json\/wp\/v2\/posts\/24644\/revisions"}],"wp:featuredmedia":[{"embeddable":true,"href":"https:\/\/kuzeyinsesi.org\/index.php\/wp-json\/wp\/v2\/media\/24645"}],"wp:attachment":[{"href":"https:\/\/kuzeyinsesi.org\/index.php\/wp-json\/wp\/v2\/media?parent=24644"}],"wp:term":[{"taxonomy":"category","embeddable":true,"href":"https:\/\/kuzeyinsesi.org\/index.php\/wp-json\/wp\/v2\/categories?post=24644"},{"taxonomy":"post_tag","embeddable":true,"href":"https:\/\/kuzeyinsesi.org\/index.php\/wp-json\/wp\/v2\/tags?post=24644"}],"curies":[{"name":"wp","href":"https:\/\/api.w.org\/{rel}","templated":true}]}}