{"id":24590,"date":"2025-05-04T21:18:44","date_gmt":"2025-05-04T18:18:44","guid":{"rendered":"https:\/\/kuzeyinsesi.org\/index.php\/2025\/05\/04\/20-ipek-koza-festivali-sona-erdi\/"},"modified":"2025-05-04T21:18:44","modified_gmt":"2025-05-04T18:18:44","slug":"20-ipek-koza-festivali-sona-erdi","status":"publish","type":"post","link":"https:\/\/kuzeyinsesi.org\/index.php\/2025\/05\/04\/20-ipek-koza-festivali-sona-erdi\/","title":{"rendered":"20. \u0130pek Koza Festivali sona erdi"},"content":{"rendered":"<div>\n<div class=\"mariselle-image-container center\">\n                                            <\/div>\n<p>\nGirne Belediyesi taraf\u0131ndan Bellapais k\u00f6y meydan\u0131nda d\u00fczenlen 20. \u0130pek Koza Festivali sona erdi.<\/p>\n<div class=\"mariselle-image-container center\">\n                <img decoding=\"async\" width=\"1286\" height=\"860\" class=\"lazy-image\" alt=\"\" sizes=\"(max-width: 1286px) 100vw, 1286px\" src=\"https:\/\/brtk.net\/wp-content\/uploads\/2025\/05\/04\/495016836_1615535486044932_5613471931227624775_n.jpg?ver=2bc7808c2d42084f1fd0e8256aac6120\" srcset=\"https:\/\/brtk.net\/wp-content\/uploads\/2025\/05\/04\/495016836_1615535486044932_5613471931227624775_n.jpg?ver=2bc7808c2d42084f1fd0e8256aac6120 1286w, https:\/\/brtk.net\/wp-content\/uploads\/2025\/05\/04\/495016836_1615535486044932_5613471931227624775_n-300x201.jpg?ver=c9f980fbb8eef0f1a942b1809e41ce6c 300w, https:\/\/brtk.net\/wp-content\/uploads\/2025\/05\/04\/495016836_1615535486044932_5613471931227624775_n-1024x685.jpg?ver=c9f980fbb8eef0f1a942b1809e41ce6c 1024w, https:\/\/brtk.net\/wp-content\/uploads\/2025\/05\/04\/495016836_1615535486044932_5613471931227624775_n-768x514.jpg?ver=c9f980fbb8eef0f1a942b1809e41ce6c 768w\"\/>                            <\/div>\n<p>Girne Belediyesi\u2019nden verilen bilgiye g\u00f6re, Beylerbeyi Muhtarl\u0131\u011f\u0131 ve Ye\u015fil Bar\u0131\u015f Hareketi i\u015fbirli\u011finde ger\u00e7ekle\u015ftirilen festival K\u0131br\u0131s\u2019ta ipek b\u00f6cek\u00e7ili\u011fi tarihi, ipekb\u00f6ce\u011fi yeti\u015ftiricili\u011fi konulu s\u00f6yle\u015filer, ipek koza el i\u015fi sanat\u0131 \u00fcretim \u00e7al\u0131\u015fmalar\u0131, \u015fiir-m\u00fczik dinletisi, seramik ve ipek koza el i\u015fi \u00fcretimi canl\u0131 performanslar\u0131 gibi etkinliklere ev sahipli\u011fi yapt\u0131.<\/p>\n<p>Bug\u00fcn dut fidan\u0131 dikimi de yap\u0131lan festival saat 17.45\u2019te ba\u015flayan Ya\u011fmur \u00d6zeren ve Serhat Canda\u015f konseri ile tamamland\u0131.<\/p>\n<\/p><\/div>\n<p><script async\n                    defer\n                    crossorigin=\"anonymous\"\n                    src=\"https:\/\/connect.facebook.net\/tr_TR\/sdk.js#xfbml=1&#038;version=v3.3\"\n            ><\/script><\/p>\n","protected":false},"excerpt":{"rendered":"<p>Girne Belediyesi taraf\u0131ndan Bellapais k\u00f6y meydan\u0131nda d\u00fczenlen 20. \u0130pek Koza Festivali sona erdi. Girne Belediyesi\u2019nden verilen bilgiye g\u00f6re, Beylerbeyi Muhtarl\u0131\u011f\u0131 ve Ye\u015fil Bar\u0131\u015f Hareketi i\u015fbirli\u011finde ger\u00e7ekle\u015ftirilen festival K\u0131br\u0131s\u2019ta ipek b\u00f6cek\u00e7ili\u011fi tarihi, ipekb\u00f6ce\u011fi yeti\u015ftiricili\u011fi konulu s\u00f6yle\u015filer, ipek koza el i\u015fi sanat\u0131 \u00fcretim \u00e7al\u0131\u015fmalar\u0131, \u015fiir-m\u00fczik dinletisi, seramik ve ipek koza el i\u015fi \u00fcretimi canl\u0131 performanslar\u0131 gibi etkinliklere [&hellip;]<\/p>\n","protected":false},"author":1,"featured_media":24591,"comment_status":"open","ping_status":"open","sticky":false,"template":"","format":"standard","meta":{"jnews-multi-image_gallery":[],"jnews_single_post":[],"jnews_primary_category":[],"jnews_social_meta":[],"jnews_override_counter":[],"footnotes":""},"categories":[6],"tags":[],"class_list":["post-24590","post","type-post","status-publish","format-standard","has-post-thumbnail","hentry","category-yasam"],"yoast_head":"<!-- This site is optimized with the Yoast SEO plugin v27.4 - https:\/\/yoast.com\/product\/yoast-seo-wordpress\/ -->\n<title>20. \u0130pek Koza Festivali sona erdi - Kuzeyin Sesi<\/title>\n<meta name=\"robots\" content=\"index, follow, max-snippet:-1, max-image-preview:large, max-video-preview:-1\" \/>\n<link rel=\"canonical\" href=\"https:\/\/kuzeyinsesi.org\/index.php\/2025\/05\/04\/20-ipek-koza-festivali-sona-erdi\/\" \/>\n<meta property=\"og:locale\" content=\"tr_TR\" \/>\n<meta property=\"og:type\" content=\"article\" \/>\n<meta property=\"og:title\" content=\"20. \u0130pek Koza Festivali sona erdi - Kuzeyin Sesi\" \/>\n<meta property=\"og:description\" content=\"Girne Belediyesi taraf\u0131ndan Bellapais k\u00f6y meydan\u0131nda d\u00fczenlen 20. \u0130pek Koza Festivali sona erdi. Girne Belediyesi\u2019nden verilen bilgiye g\u00f6re, Beylerbeyi Muhtarl\u0131\u011f\u0131 ve Ye\u015fil Bar\u0131\u015f Hareketi i\u015fbirli\u011finde ger\u00e7ekle\u015ftirilen festival K\u0131br\u0131s\u2019ta ipek b\u00f6cek\u00e7ili\u011fi tarihi, ipekb\u00f6ce\u011fi yeti\u015ftiricili\u011fi konulu s\u00f6yle\u015filer, ipek koza el i\u015fi sanat\u0131 \u00fcretim \u00e7al\u0131\u015fmalar\u0131, \u015fiir-m\u00fczik dinletisi, seramik ve ipek koza el i\u015fi \u00fcretimi canl\u0131 performanslar\u0131 gibi etkinliklere [&hellip;]\" \/>\n<meta property=\"og:url\" content=\"https:\/\/kuzeyinsesi.org\/index.php\/2025\/05\/04\/20-ipek-koza-festivali-sona-erdi\/\" \/>\n<meta property=\"og:site_name\" content=\"Kuzeyin Sesi\" \/>\n<meta property=\"article:publisher\" content=\"https:\/\/www.facebook.com\/kuzeyinsesii\" \/>\n<meta property=\"article:published_time\" content=\"2025-05-04T18:18:44+00:00\" \/>\n<meta property=\"og:image\" content=\"https:\/\/brtk.net\/wp-content\/uploads\/2025\/05\/04\/495370950_1615534609378353_1040694670293784224_n.jpg?ver=d4762781e09e214fb76d5b2d6fea9294\" \/>\n<meta name=\"author\" content=\"Kuzeyin Sesi\" \/>\n<meta name=\"twitter:card\" content=\"summary_large_image\" \/>\n<meta name=\"twitter:creator\" content=\"@kuzeyinsesii\" \/>\n<meta name=\"twitter:site\" content=\"@kuzeyinsesii\" \/>\n<meta name=\"twitter:label1\" content=\"Yazan:\" \/>\n\t<meta name=\"twitter:data1\" content=\"Kuzeyin Sesi\" \/>\n\t<meta name=\"twitter:label2\" content=\"Tahmini okuma s\u00fcresi\" \/>\n\t<meta name=\"twitter:data2\" content=\"1 dakika\" \/>\n<script type=\"application\/ld+json\" class=\"yoast-schema-graph\">{\"@context\":\"https:\\\/\\\/schema.org\",\"@graph\":[{\"@type\":\"Article\",\"@id\":\"https:\\\/\\\/kuzeyinsesi.org\\\/index.php\\\/2025\\\/05\\\/04\\\/20-ipek-koza-festivali-sona-erdi\\\/#article\",\"isPartOf\":{\"@id\":\"https:\\\/\\\/kuzeyinsesi.org\\\/index.php\\\/2025\\\/05\\\/04\\\/20-ipek-koza-festivali-sona-erdi\\\/\"},\"author\":{\"name\":\"Kuzeyin Sesi\",\"@id\":\"https:\\\/\\\/kuzeyinsesi.org\\\/#\\\/schema\\\/person\\\/9f859689cdf01485597712386e37f5aa\"},\"headline\":\"20. \u0130pek Koza Festivali sona erdi\",\"datePublished\":\"2025-05-04T18:18:44+00:00\",\"mainEntityOfPage\":{\"@id\":\"https:\\\/\\\/kuzeyinsesi.org\\\/index.php\\\/2025\\\/05\\\/04\\\/20-ipek-koza-festivali-sona-erdi\\\/\"},\"wordCount\":112,\"commentCount\":0,\"image\":{\"@id\":\"https:\\\/\\\/kuzeyinsesi.org\\\/index.php\\\/2025\\\/05\\\/04\\\/20-ipek-koza-festivali-sona-erdi\\\/#primaryimage\"},\"thumbnailUrl\":\"https:\\\/\\\/kuzeyinsesi.org\\\/wp-content\\\/uploads\\\/2025\\\/05\\\/495016836_1615535486044932_5613471931227624775_n.jpg\",\"articleSection\":[\"Ya\u015fam\"],\"inLanguage\":\"tr\",\"potentialAction\":[{\"@type\":\"CommentAction\",\"name\":\"Comment\",\"target\":[\"https:\\\/\\\/kuzeyinsesi.org\\\/index.php\\\/2025\\\/05\\\/04\\\/20-ipek-koza-festivali-sona-erdi\\\/#respond\"]}]},{\"@type\":\"WebPage\",\"@id\":\"https:\\\/\\\/kuzeyinsesi.org\\\/index.php\\\/2025\\\/05\\\/04\\\/20-ipek-koza-festivali-sona-erdi\\\/\",\"url\":\"https:\\\/\\\/kuzeyinsesi.org\\\/index.php\\\/2025\\\/05\\\/04\\\/20-ipek-koza-festivali-sona-erdi\\\/\",\"name\":\"20. \u0130pek Koza Festivali sona erdi - Kuzeyin Sesi\",\"isPartOf\":{\"@id\":\"https:\\\/\\\/kuzeyinsesi.org\\\/#website\"},\"primaryImageOfPage\":{\"@id\":\"https:\\\/\\\/kuzeyinsesi.org\\\/index.php\\\/2025\\\/05\\\/04\\\/20-ipek-koza-festivali-sona-erdi\\\/#primaryimage\"},\"image\":{\"@id\":\"https:\\\/\\\/kuzeyinsesi.org\\\/index.php\\\/2025\\\/05\\\/04\\\/20-ipek-koza-festivali-sona-erdi\\\/#primaryimage\"},\"thumbnailUrl\":\"https:\\\/\\\/kuzeyinsesi.org\\\/wp-content\\\/uploads\\\/2025\\\/05\\\/495016836_1615535486044932_5613471931227624775_n.jpg\",\"datePublished\":\"2025-05-04T18:18:44+00:00\",\"author\":{\"@id\":\"https:\\\/\\\/kuzeyinsesi.org\\\/#\\\/schema\\\/person\\\/9f859689cdf01485597712386e37f5aa\"},\"breadcrumb\":{\"@id\":\"https:\\\/\\\/kuzeyinsesi.org\\\/index.php\\\/2025\\\/05\\\/04\\\/20-ipek-koza-festivali-sona-erdi\\\/#breadcrumb\"},\"inLanguage\":\"tr\",\"potentialAction\":[{\"@type\":\"ReadAction\",\"target\":[\"https:\\\/\\\/kuzeyinsesi.org\\\/index.php\\\/2025\\\/05\\\/04\\\/20-ipek-koza-festivali-sona-erdi\\\/\"]}]},{\"@type\":\"ImageObject\",\"inLanguage\":\"tr\",\"@id\":\"https:\\\/\\\/kuzeyinsesi.org\\\/index.php\\\/2025\\\/05\\\/04\\\/20-ipek-koza-festivali-sona-erdi\\\/#primaryimage\",\"url\":\"https:\\\/\\\/kuzeyinsesi.org\\\/wp-content\\\/uploads\\\/2025\\\/05\\\/495016836_1615535486044932_5613471931227624775_n.jpg\",\"contentUrl\":\"https:\\\/\\\/kuzeyinsesi.org\\\/wp-content\\\/uploads\\\/2025\\\/05\\\/495016836_1615535486044932_5613471931227624775_n.jpg\",\"width\":1286,\"height\":860},{\"@type\":\"BreadcrumbList\",\"@id\":\"https:\\\/\\\/kuzeyinsesi.org\\\/index.php\\\/2025\\\/05\\\/04\\\/20-ipek-koza-festivali-sona-erdi\\\/#breadcrumb\",\"itemListElement\":[{\"@type\":\"ListItem\",\"position\":1,\"name\":\"Anasayfa\",\"item\":\"https:\\\/\\\/kuzeyinsesi.org\\\/\"},{\"@type\":\"ListItem\",\"position\":2,\"name\":\"20. \u0130pek Koza Festivali sona erdi\"}]},{\"@type\":\"WebSite\",\"@id\":\"https:\\\/\\\/kuzeyinsesi.org\\\/#website\",\"url\":\"https:\\\/\\\/kuzeyinsesi.org\\\/\",\"name\":\"Kuzeyin Sesi\",\"description\":\"Do\u011fru Haberin Adresi\",\"potentialAction\":[{\"@type\":\"SearchAction\",\"target\":{\"@type\":\"EntryPoint\",\"urlTemplate\":\"https:\\\/\\\/kuzeyinsesi.org\\\/?s={search_term_string}\"},\"query-input\":{\"@type\":\"PropertyValueSpecification\",\"valueRequired\":true,\"valueName\":\"search_term_string\"}}],\"inLanguage\":\"tr\"},{\"@type\":\"Person\",\"@id\":\"https:\\\/\\\/kuzeyinsesi.org\\\/#\\\/schema\\\/person\\\/9f859689cdf01485597712386e37f5aa\",\"name\":\"Kuzeyin Sesi\",\"image\":{\"@type\":\"ImageObject\",\"inLanguage\":\"tr\",\"@id\":\"https:\\\/\\\/secure.gravatar.com\\\/avatar\\\/bab33852abfd8b282518d6ed81826833d77c3c882d9ab608add591ccace47a44?s=96&d=mm&r=g\",\"url\":\"https:\\\/\\\/secure.gravatar.com\\\/avatar\\\/bab33852abfd8b282518d6ed81826833d77c3c882d9ab608add591ccace47a44?s=96&d=mm&r=g\",\"contentUrl\":\"https:\\\/\\\/secure.gravatar.com\\\/avatar\\\/bab33852abfd8b282518d6ed81826833d77c3c882d9ab608add591ccace47a44?s=96&d=mm&r=g\",\"caption\":\"Kuzeyin Sesi\"},\"sameAs\":[\"https:\\\/\\\/kuzeyinsesi.org\"],\"url\":\"https:\\\/\\\/kuzeyinsesi.org\\\/index.php\\\/author\\\/guven\\\/\"}]}<\/script>\n<!-- \/ Yoast SEO plugin. -->","yoast_head_json":{"title":"20. \u0130pek Koza Festivali sona erdi - Kuzeyin Sesi","robots":{"index":"index","follow":"follow","max-snippet":"max-snippet:-1","max-image-preview":"max-image-preview:large","max-video-preview":"max-video-preview:-1"},"canonical":"https:\/\/kuzeyinsesi.org\/index.php\/2025\/05\/04\/20-ipek-koza-festivali-sona-erdi\/","og_locale":"tr_TR","og_type":"article","og_title":"20. \u0130pek Koza Festivali sona erdi - Kuzeyin Sesi","og_description":"Girne Belediyesi taraf\u0131ndan Bellapais k\u00f6y meydan\u0131nda d\u00fczenlen 20. \u0130pek Koza Festivali sona erdi. Girne Belediyesi\u2019nden verilen bilgiye g\u00f6re, Beylerbeyi Muhtarl\u0131\u011f\u0131 ve Ye\u015fil Bar\u0131\u015f Hareketi i\u015fbirli\u011finde ger\u00e7ekle\u015ftirilen festival K\u0131br\u0131s\u2019ta ipek b\u00f6cek\u00e7ili\u011fi tarihi, ipekb\u00f6ce\u011fi yeti\u015ftiricili\u011fi konulu s\u00f6yle\u015filer, ipek koza el i\u015fi sanat\u0131 \u00fcretim \u00e7al\u0131\u015fmalar\u0131, \u015fiir-m\u00fczik dinletisi, seramik ve ipek koza el i\u015fi \u00fcretimi canl\u0131 performanslar\u0131 gibi etkinliklere [&hellip;]","og_url":"https:\/\/kuzeyinsesi.org\/index.php\/2025\/05\/04\/20-ipek-koza-festivali-sona-erdi\/","og_site_name":"Kuzeyin Sesi","article_publisher":"https:\/\/www.facebook.com\/kuzeyinsesii","article_published_time":"2025-05-04T18:18:44+00:00","og_image":[{"url":"https:\/\/brtk.net\/wp-content\/uploads\/2025\/05\/04\/495370950_1615534609378353_1040694670293784224_n.jpg?ver=d4762781e09e214fb76d5b2d6fea9294","type":"","width":"","height":""}],"author":"Kuzeyin Sesi","twitter_card":"summary_large_image","twitter_creator":"@kuzeyinsesii","twitter_site":"@kuzeyinsesii","twitter_misc":{"Yazan:":"Kuzeyin Sesi","Tahmini okuma s\u00fcresi":"1 dakika"},"schema":{"@context":"https:\/\/schema.org","@graph":[{"@type":"Article","@id":"https:\/\/kuzeyinsesi.org\/index.php\/2025\/05\/04\/20-ipek-koza-festivali-sona-erdi\/#article","isPartOf":{"@id":"https:\/\/kuzeyinsesi.org\/index.php\/2025\/05\/04\/20-ipek-koza-festivali-sona-erdi\/"},"author":{"name":"Kuzeyin Sesi","@id":"https:\/\/kuzeyinsesi.org\/#\/schema\/person\/9f859689cdf01485597712386e37f5aa"},"headline":"20. \u0130pek Koza Festivali sona erdi","datePublished":"2025-05-04T18:18:44+00:00","mainEntityOfPage":{"@id":"https:\/\/kuzeyinsesi.org\/index.php\/2025\/05\/04\/20-ipek-koza-festivali-sona-erdi\/"},"wordCount":112,"commentCount":0,"image":{"@id":"https:\/\/kuzeyinsesi.org\/index.php\/2025\/05\/04\/20-ipek-koza-festivali-sona-erdi\/#primaryimage"},"thumbnailUrl":"https:\/\/kuzeyinsesi.org\/wp-content\/uploads\/2025\/05\/495016836_1615535486044932_5613471931227624775_n.jpg","articleSection":["Ya\u015fam"],"inLanguage":"tr","potentialAction":[{"@type":"CommentAction","name":"Comment","target":["https:\/\/kuzeyinsesi.org\/index.php\/2025\/05\/04\/20-ipek-koza-festivali-sona-erdi\/#respond"]}]},{"@type":"WebPage","@id":"https:\/\/kuzeyinsesi.org\/index.php\/2025\/05\/04\/20-ipek-koza-festivali-sona-erdi\/","url":"https:\/\/kuzeyinsesi.org\/index.php\/2025\/05\/04\/20-ipek-koza-festivali-sona-erdi\/","name":"20. \u0130pek Koza Festivali sona erdi - Kuzeyin Sesi","isPartOf":{"@id":"https:\/\/kuzeyinsesi.org\/#website"},"primaryImageOfPage":{"@id":"https:\/\/kuzeyinsesi.org\/index.php\/2025\/05\/04\/20-ipek-koza-festivali-sona-erdi\/#primaryimage"},"image":{"@id":"https:\/\/kuzeyinsesi.org\/index.php\/2025\/05\/04\/20-ipek-koza-festivali-sona-erdi\/#primaryimage"},"thumbnailUrl":"https:\/\/kuzeyinsesi.org\/wp-content\/uploads\/2025\/05\/495016836_1615535486044932_5613471931227624775_n.jpg","datePublished":"2025-05-04T18:18:44+00:00","author":{"@id":"https:\/\/kuzeyinsesi.org\/#\/schema\/person\/9f859689cdf01485597712386e37f5aa"},"breadcrumb":{"@id":"https:\/\/kuzeyinsesi.org\/index.php\/2025\/05\/04\/20-ipek-koza-festivali-sona-erdi\/#breadcrumb"},"inLanguage":"tr","potentialAction":[{"@type":"ReadAction","target":["https:\/\/kuzeyinsesi.org\/index.php\/2025\/05\/04\/20-ipek-koza-festivali-sona-erdi\/"]}]},{"@type":"ImageObject","inLanguage":"tr","@id":"https:\/\/kuzeyinsesi.org\/index.php\/2025\/05\/04\/20-ipek-koza-festivali-sona-erdi\/#primaryimage","url":"https:\/\/kuzeyinsesi.org\/wp-content\/uploads\/2025\/05\/495016836_1615535486044932_5613471931227624775_n.jpg","contentUrl":"https:\/\/kuzeyinsesi.org\/wp-content\/uploads\/2025\/05\/495016836_1615535486044932_5613471931227624775_n.jpg","width":1286,"height":860},{"@type":"BreadcrumbList","@id":"https:\/\/kuzeyinsesi.org\/index.php\/2025\/05\/04\/20-ipek-koza-festivali-sona-erdi\/#breadcrumb","itemListElement":[{"@type":"ListItem","position":1,"name":"Anasayfa","item":"https:\/\/kuzeyinsesi.org\/"},{"@type":"ListItem","position":2,"name":"20. \u0130pek Koza Festivali sona erdi"}]},{"@type":"WebSite","@id":"https:\/\/kuzeyinsesi.org\/#website","url":"https:\/\/kuzeyinsesi.org\/","name":"Kuzeyin Sesi","description":"Do\u011fru Haberin Adresi","potentialAction":[{"@type":"SearchAction","target":{"@type":"EntryPoint","urlTemplate":"https:\/\/kuzeyinsesi.org\/?s={search_term_string}"},"query-input":{"@type":"PropertyValueSpecification","valueRequired":true,"valueName":"search_term_string"}}],"inLanguage":"tr"},{"@type":"Person","@id":"https:\/\/kuzeyinsesi.org\/#\/schema\/person\/9f859689cdf01485597712386e37f5aa","name":"Kuzeyin Sesi","image":{"@type":"ImageObject","inLanguage":"tr","@id":"https:\/\/secure.gravatar.com\/avatar\/bab33852abfd8b282518d6ed81826833d77c3c882d9ab608add591ccace47a44?s=96&d=mm&r=g","url":"https:\/\/secure.gravatar.com\/avatar\/bab33852abfd8b282518d6ed81826833d77c3c882d9ab608add591ccace47a44?s=96&d=mm&r=g","contentUrl":"https:\/\/secure.gravatar.com\/avatar\/bab33852abfd8b282518d6ed81826833d77c3c882d9ab608add591ccace47a44?s=96&d=mm&r=g","caption":"Kuzeyin Sesi"},"sameAs":["https:\/\/kuzeyinsesi.org"],"url":"https:\/\/kuzeyinsesi.org\/index.php\/author\/guven\/"}]}},"_links":{"self":[{"href":"https:\/\/kuzeyinsesi.org\/index.php\/wp-json\/wp\/v2\/posts\/24590","targetHints":{"allow":["GET"]}}],"collection":[{"href":"https:\/\/kuzeyinsesi.org\/index.php\/wp-json\/wp\/v2\/posts"}],"about":[{"href":"https:\/\/kuzeyinsesi.org\/index.php\/wp-json\/wp\/v2\/types\/post"}],"author":[{"embeddable":true,"href":"https:\/\/kuzeyinsesi.org\/index.php\/wp-json\/wp\/v2\/users\/1"}],"replies":[{"embeddable":true,"href":"https:\/\/kuzeyinsesi.org\/index.php\/wp-json\/wp\/v2\/comments?post=24590"}],"version-history":[{"count":0,"href":"https:\/\/kuzeyinsesi.org\/index.php\/wp-json\/wp\/v2\/posts\/24590\/revisions"}],"wp:featuredmedia":[{"embeddable":true,"href":"https:\/\/kuzeyinsesi.org\/index.php\/wp-json\/wp\/v2\/media\/24591"}],"wp:attachment":[{"href":"https:\/\/kuzeyinsesi.org\/index.php\/wp-json\/wp\/v2\/media?parent=24590"}],"wp:term":[{"taxonomy":"category","embeddable":true,"href":"https:\/\/kuzeyinsesi.org\/index.php\/wp-json\/wp\/v2\/categories?post=24590"},{"taxonomy":"post_tag","embeddable":true,"href":"https:\/\/kuzeyinsesi.org\/index.php\/wp-json\/wp\/v2\/tags?post=24590"}],"curies":[{"name":"wp","href":"https:\/\/api.w.org\/{rel}","templated":true}]}}