{"id":24584,"date":"2025-05-04T20:17:24","date_gmt":"2025-05-04T17:17:24","guid":{"rendered":"https:\/\/kuzeyinsesi.org\/index.php\/2025\/05\/04\/yakin-manzaralar-uzak-diyarlar-sergisi-aciliyor\/"},"modified":"2025-05-04T20:17:24","modified_gmt":"2025-05-04T17:17:24","slug":"yakin-manzaralar-uzak-diyarlar-sergisi-aciliyor","status":"publish","type":"post","link":"https:\/\/kuzeyinsesi.org\/index.php\/2025\/05\/04\/yakin-manzaralar-uzak-diyarlar-sergisi-aciliyor\/","title":{"rendered":"\u201cYak\u0131n Manzaralar \u2013 Uzak Diyarlar\u201d   sergisi a\u00e7\u0131l\u0131yor"},"content":{"rendered":"<div>\n<div class=\"mariselle-image-container center\">\n                                            <\/div>\n<p> Bellapais Begonvil Inner Wheel Derne\u011fi\u2019nin d\u00fczenledi\u011fi ve foto\u011fraf sanat\u00e7\u0131lar\u0131 Ye\u015fim \u00d6rek ile Mustafa Atun\u2019un eserlerini bir araya getiren \u201cYak\u0131n Manzaralar \u2013 Uzak Diyarlar\u201d foto\u011fraf sergisi, sanatseverlerle bulu\u015fmaya haz\u0131rlan\u0131yor. K\u00fcrat\u00f6rl\u00fc\u011f\u00fcn\u00fc \u0130smail G\u00f6k\u00e7e\u2019nin \u00fcstlendi\u011fi sergi,R\u00fcstem Kitabevi Sanat Galerisi\u2019nde ziyaret edilebilecek.<\/p>\n<p>Serginin resmi a\u00e7\u0131l\u0131\u015f\u0131 ise 6 May\u0131s Sal\u0131 g\u00fcn\u00fc saat 18:00\u2019de ger\u00e7ekle\u015ftirilecek. A\u00e7\u0131l\u0131\u015f etkinli\u011finde, Dr. Asl\u0131 Giray Akyunak (piyano) ve Heran Mirillo (fl\u00fct) taraf\u0131ndan sunulacak olan m\u00fczik dinletisi, davetlilere keyifli bir sanat ak\u015fam\u0131 ya\u015fatacak.<\/p>\n<div class=\"mariselle-image-container center\">\n                <img decoding=\"async\" width=\"1563\" height=\"682\" class=\"lazy-image\" alt=\"\" sizes=\"(max-width: 1563px) 100vw, 1563px\" src=\"https:\/\/brtk.net\/wp-content\/uploads\/2025\/05\/04\/e11400d4-ebfc-4e7b-958b-e51e0f55969d.jpg?ver=6e40331450600e75299b684bb6922eb6\" srcset=\"https:\/\/brtk.net\/wp-content\/uploads\/2025\/05\/04\/e11400d4-ebfc-4e7b-958b-e51e0f55969d.jpg?ver=6e40331450600e75299b684bb6922eb6 1563w, https:\/\/brtk.net\/wp-content\/uploads\/2025\/05\/04\/e11400d4-ebfc-4e7b-958b-e51e0f55969d-300x131.jpg?ver=a95d584f92d3159e65d6b8668f1e52a0 300w, https:\/\/brtk.net\/wp-content\/uploads\/2025\/05\/04\/e11400d4-ebfc-4e7b-958b-e51e0f55969d-1024x447.jpg?ver=a95d584f92d3159e65d6b8668f1e52a0 1024w, https:\/\/brtk.net\/wp-content\/uploads\/2025\/05\/04\/e11400d4-ebfc-4e7b-958b-e51e0f55969d-768x335.jpg?ver=a95d584f92d3159e65d6b8668f1e52a0 768w, https:\/\/brtk.net\/wp-content\/uploads\/2025\/05\/04\/e11400d4-ebfc-4e7b-958b-e51e0f55969d-1536x670.jpg?ver=a95d584f92d3159e65d6b8668f1e52a0 1536w\"\/>                            <\/div>\n<p>\u00d6te yandan, sergi kapsam\u0131nda anlaml\u0131 bir etkinli\u011fe de imza at\u0131ld\u0131. 3 May\u0131s Cumartesi g\u00fcn\u00fc saat 18:00\u2019de d\u00fczenlenen \u201cUzak Diyarlara M\u00fczikli Anlat\u0131mla Yolculuk\u201d program\u0131nda, profesyonel turist rehberi \u00d6zge Ersu, kat\u0131l\u0131mc\u0131lar\u0131 m\u00fczik e\u015fli\u011finde farkl\u0131 co\u011frafyalara do\u011fru bir yolculu\u011fa \u00e7\u0131kard\u0131. Bu \u00f6zel etkinlikten elde edilen t\u00fcm gelirin, Kemal Sara\u00e7o\u011flu L\u00f6semili \u00c7ocuklar ve Kanserle Sava\u015f Vakf\u0131\u2019na ba\u011f\u0131\u015flanaca\u011f\u0131 belirtildi.<\/p>\n<p>\u201cYak\u0131n Manzaralar \u2013 Uzak Diyarlar\u201d sergisi, farkl\u0131 bak\u0131\u015f a\u00e7\u0131lar\u0131ndan yans\u0131yan \u00e7e\u015fitli co\u011frafyalar\u0131n g\u00fczelliklerini ve \u00f6zg\u00fcnl\u00fc\u011f\u00fcn\u00fc sanatseverlerin be\u011fenisine sunmay\u0131 ama\u00e7l\u0131yor. Sergi, 14 May\u0131s tarihine kadar R\u00fcstem Kitabevi Sanat Galerisi\u2019nde a\u00e7\u0131k kalacak.<\/p>\n<\/p><\/div>\n<p><script async\n                    defer\n                    crossorigin=\"anonymous\"\n                    src=\"https:\/\/connect.facebook.net\/tr_TR\/sdk.js#xfbml=1&#038;version=v3.3\"\n            ><\/script><\/p>\n","protected":false},"excerpt":{"rendered":"<p>Bellapais Begonvil Inner Wheel Derne\u011fi\u2019nin d\u00fczenledi\u011fi ve foto\u011fraf sanat\u00e7\u0131lar\u0131 Ye\u015fim \u00d6rek ile Mustafa Atun\u2019un eserlerini bir araya getiren \u201cYak\u0131n Manzaralar \u2013 Uzak Diyarlar\u201d foto\u011fraf sergisi, sanatseverlerle bulu\u015fmaya haz\u0131rlan\u0131yor. K\u00fcrat\u00f6rl\u00fc\u011f\u00fcn\u00fc \u0130smail G\u00f6k\u00e7e\u2019nin \u00fcstlendi\u011fi sergi,R\u00fcstem Kitabevi Sanat Galerisi\u2019nde ziyaret edilebilecek. Serginin resmi a\u00e7\u0131l\u0131\u015f\u0131 ise 6 May\u0131s Sal\u0131 g\u00fcn\u00fc saat 18:00\u2019de ger\u00e7ekle\u015ftirilecek. A\u00e7\u0131l\u0131\u015f etkinli\u011finde, Dr. Asl\u0131 Giray Akyunak [&hellip;]<\/p>\n","protected":false},"author":1,"featured_media":24585,"comment_status":"open","ping_status":"open","sticky":false,"template":"","format":"standard","meta":{"jnews-multi-image_gallery":[],"jnews_single_post":[],"jnews_primary_category":[],"jnews_social_meta":[],"jnews_override_counter":[],"footnotes":""},"categories":[6],"tags":[],"class_list":["post-24584","post","type-post","status-publish","format-standard","has-post-thumbnail","hentry","category-yasam"],"yoast_head":"<!-- This site is optimized with the Yoast SEO plugin v27.4 - https:\/\/yoast.com\/product\/yoast-seo-wordpress\/ -->\n<title>\u201cYak\u0131n Manzaralar \u2013 Uzak Diyarlar\u201d  sergisi a\u00e7\u0131l\u0131yor - Kuzeyin Sesi<\/title>\n<meta name=\"robots\" content=\"index, follow, max-snippet:-1, max-image-preview:large, max-video-preview:-1\" \/>\n<link rel=\"canonical\" href=\"https:\/\/kuzeyinsesi.org\/index.php\/2025\/05\/04\/yakin-manzaralar-uzak-diyarlar-sergisi-aciliyor\/\" \/>\n<meta property=\"og:locale\" content=\"tr_TR\" \/>\n<meta property=\"og:type\" content=\"article\" \/>\n<meta property=\"og:title\" content=\"\u201cYak\u0131n Manzaralar \u2013 Uzak Diyarlar\u201d  sergisi a\u00e7\u0131l\u0131yor - Kuzeyin Sesi\" \/>\n<meta property=\"og:description\" content=\"Bellapais Begonvil Inner Wheel Derne\u011fi\u2019nin d\u00fczenledi\u011fi ve foto\u011fraf sanat\u00e7\u0131lar\u0131 Ye\u015fim \u00d6rek ile Mustafa Atun\u2019un eserlerini bir araya getiren \u201cYak\u0131n Manzaralar \u2013 Uzak Diyarlar\u201d foto\u011fraf sergisi, sanatseverlerle bulu\u015fmaya haz\u0131rlan\u0131yor. K\u00fcrat\u00f6rl\u00fc\u011f\u00fcn\u00fc \u0130smail G\u00f6k\u00e7e\u2019nin \u00fcstlendi\u011fi sergi,R\u00fcstem Kitabevi Sanat Galerisi\u2019nde ziyaret edilebilecek. Serginin resmi a\u00e7\u0131l\u0131\u015f\u0131 ise 6 May\u0131s Sal\u0131 g\u00fcn\u00fc saat 18:00\u2019de ger\u00e7ekle\u015ftirilecek. A\u00e7\u0131l\u0131\u015f etkinli\u011finde, Dr. Asl\u0131 Giray Akyunak [&hellip;]\" \/>\n<meta property=\"og:url\" content=\"https:\/\/kuzeyinsesi.org\/index.php\/2025\/05\/04\/yakin-manzaralar-uzak-diyarlar-sergisi-aciliyor\/\" \/>\n<meta property=\"og:site_name\" content=\"Kuzeyin Sesi\" \/>\n<meta property=\"article:publisher\" content=\"https:\/\/www.facebook.com\/kuzeyinsesii\" \/>\n<meta property=\"article:published_time\" content=\"2025-05-04T17:17:24+00:00\" \/>\n<meta property=\"og:image\" content=\"https:\/\/brtk.net\/wp-content\/uploads\/2025\/05\/04\/d538a69d-8a4a-40dd-8968-c41b22ac132a.jpg?ver=8e1d5a775e3fcc0935f161292bfe67cf\" \/>\n<meta name=\"author\" content=\"Kuzeyin Sesi\" \/>\n<meta name=\"twitter:card\" content=\"summary_large_image\" \/>\n<meta name=\"twitter:creator\" content=\"@kuzeyinsesii\" \/>\n<meta name=\"twitter:site\" content=\"@kuzeyinsesii\" \/>\n<meta name=\"twitter:label1\" content=\"Yazan:\" \/>\n\t<meta name=\"twitter:data1\" content=\"Kuzeyin Sesi\" \/>\n\t<meta name=\"twitter:label2\" content=\"Tahmini okuma s\u00fcresi\" \/>\n\t<meta name=\"twitter:data2\" content=\"1 dakika\" \/>\n<script type=\"application\/ld+json\" class=\"yoast-schema-graph\">{\"@context\":\"https:\\\/\\\/schema.org\",\"@graph\":[{\"@type\":\"Article\",\"@id\":\"https:\\\/\\\/kuzeyinsesi.org\\\/index.php\\\/2025\\\/05\\\/04\\\/yakin-manzaralar-uzak-diyarlar-sergisi-aciliyor\\\/#article\",\"isPartOf\":{\"@id\":\"https:\\\/\\\/kuzeyinsesi.org\\\/index.php\\\/2025\\\/05\\\/04\\\/yakin-manzaralar-uzak-diyarlar-sergisi-aciliyor\\\/\"},\"author\":{\"name\":\"Kuzeyin Sesi\",\"@id\":\"https:\\\/\\\/kuzeyinsesi.org\\\/#\\\/schema\\\/person\\\/9f859689cdf01485597712386e37f5aa\"},\"headline\":\"\u201cYak\u0131n Manzaralar \u2013 Uzak Diyarlar\u201d sergisi a\u00e7\u0131l\u0131yor\",\"datePublished\":\"2025-05-04T17:17:24+00:00\",\"mainEntityOfPage\":{\"@id\":\"https:\\\/\\\/kuzeyinsesi.org\\\/index.php\\\/2025\\\/05\\\/04\\\/yakin-manzaralar-uzak-diyarlar-sergisi-aciliyor\\\/\"},\"wordCount\":235,\"commentCount\":0,\"image\":{\"@id\":\"https:\\\/\\\/kuzeyinsesi.org\\\/index.php\\\/2025\\\/05\\\/04\\\/yakin-manzaralar-uzak-diyarlar-sergisi-aciliyor\\\/#primaryimage\"},\"thumbnailUrl\":\"https:\\\/\\\/kuzeyinsesi.org\\\/wp-content\\\/uploads\\\/2025\\\/05\\\/e11400d4-ebfc-4e7b-958b-e51e0f55969d.jpg\",\"articleSection\":[\"Ya\u015fam\"],\"inLanguage\":\"tr\",\"potentialAction\":[{\"@type\":\"CommentAction\",\"name\":\"Comment\",\"target\":[\"https:\\\/\\\/kuzeyinsesi.org\\\/index.php\\\/2025\\\/05\\\/04\\\/yakin-manzaralar-uzak-diyarlar-sergisi-aciliyor\\\/#respond\"]}]},{\"@type\":\"WebPage\",\"@id\":\"https:\\\/\\\/kuzeyinsesi.org\\\/index.php\\\/2025\\\/05\\\/04\\\/yakin-manzaralar-uzak-diyarlar-sergisi-aciliyor\\\/\",\"url\":\"https:\\\/\\\/kuzeyinsesi.org\\\/index.php\\\/2025\\\/05\\\/04\\\/yakin-manzaralar-uzak-diyarlar-sergisi-aciliyor\\\/\",\"name\":\"\u201cYak\u0131n Manzaralar \u2013 Uzak Diyarlar\u201d sergisi a\u00e7\u0131l\u0131yor - Kuzeyin Sesi\",\"isPartOf\":{\"@id\":\"https:\\\/\\\/kuzeyinsesi.org\\\/#website\"},\"primaryImageOfPage\":{\"@id\":\"https:\\\/\\\/kuzeyinsesi.org\\\/index.php\\\/2025\\\/05\\\/04\\\/yakin-manzaralar-uzak-diyarlar-sergisi-aciliyor\\\/#primaryimage\"},\"image\":{\"@id\":\"https:\\\/\\\/kuzeyinsesi.org\\\/index.php\\\/2025\\\/05\\\/04\\\/yakin-manzaralar-uzak-diyarlar-sergisi-aciliyor\\\/#primaryimage\"},\"thumbnailUrl\":\"https:\\\/\\\/kuzeyinsesi.org\\\/wp-content\\\/uploads\\\/2025\\\/05\\\/e11400d4-ebfc-4e7b-958b-e51e0f55969d.jpg\",\"datePublished\":\"2025-05-04T17:17:24+00:00\",\"author\":{\"@id\":\"https:\\\/\\\/kuzeyinsesi.org\\\/#\\\/schema\\\/person\\\/9f859689cdf01485597712386e37f5aa\"},\"breadcrumb\":{\"@id\":\"https:\\\/\\\/kuzeyinsesi.org\\\/index.php\\\/2025\\\/05\\\/04\\\/yakin-manzaralar-uzak-diyarlar-sergisi-aciliyor\\\/#breadcrumb\"},\"inLanguage\":\"tr\",\"potentialAction\":[{\"@type\":\"ReadAction\",\"target\":[\"https:\\\/\\\/kuzeyinsesi.org\\\/index.php\\\/2025\\\/05\\\/04\\\/yakin-manzaralar-uzak-diyarlar-sergisi-aciliyor\\\/\"]}]},{\"@type\":\"ImageObject\",\"inLanguage\":\"tr\",\"@id\":\"https:\\\/\\\/kuzeyinsesi.org\\\/index.php\\\/2025\\\/05\\\/04\\\/yakin-manzaralar-uzak-diyarlar-sergisi-aciliyor\\\/#primaryimage\",\"url\":\"https:\\\/\\\/kuzeyinsesi.org\\\/wp-content\\\/uploads\\\/2025\\\/05\\\/e11400d4-ebfc-4e7b-958b-e51e0f55969d.jpg\",\"contentUrl\":\"https:\\\/\\\/kuzeyinsesi.org\\\/wp-content\\\/uploads\\\/2025\\\/05\\\/e11400d4-ebfc-4e7b-958b-e51e0f55969d.jpg\",\"width\":1563,\"height\":682},{\"@type\":\"BreadcrumbList\",\"@id\":\"https:\\\/\\\/kuzeyinsesi.org\\\/index.php\\\/2025\\\/05\\\/04\\\/yakin-manzaralar-uzak-diyarlar-sergisi-aciliyor\\\/#breadcrumb\",\"itemListElement\":[{\"@type\":\"ListItem\",\"position\":1,\"name\":\"Anasayfa\",\"item\":\"https:\\\/\\\/kuzeyinsesi.org\\\/\"},{\"@type\":\"ListItem\",\"position\":2,\"name\":\"\u201cYak\u0131n Manzaralar \u2013 Uzak Diyarlar\u201d sergisi a\u00e7\u0131l\u0131yor\"}]},{\"@type\":\"WebSite\",\"@id\":\"https:\\\/\\\/kuzeyinsesi.org\\\/#website\",\"url\":\"https:\\\/\\\/kuzeyinsesi.org\\\/\",\"name\":\"Kuzeyin Sesi\",\"description\":\"Do\u011fru Haberin Adresi\",\"potentialAction\":[{\"@type\":\"SearchAction\",\"target\":{\"@type\":\"EntryPoint\",\"urlTemplate\":\"https:\\\/\\\/kuzeyinsesi.org\\\/?s={search_term_string}\"},\"query-input\":{\"@type\":\"PropertyValueSpecification\",\"valueRequired\":true,\"valueName\":\"search_term_string\"}}],\"inLanguage\":\"tr\"},{\"@type\":\"Person\",\"@id\":\"https:\\\/\\\/kuzeyinsesi.org\\\/#\\\/schema\\\/person\\\/9f859689cdf01485597712386e37f5aa\",\"name\":\"Kuzeyin Sesi\",\"image\":{\"@type\":\"ImageObject\",\"inLanguage\":\"tr\",\"@id\":\"https:\\\/\\\/secure.gravatar.com\\\/avatar\\\/bab33852abfd8b282518d6ed81826833d77c3c882d9ab608add591ccace47a44?s=96&d=mm&r=g\",\"url\":\"https:\\\/\\\/secure.gravatar.com\\\/avatar\\\/bab33852abfd8b282518d6ed81826833d77c3c882d9ab608add591ccace47a44?s=96&d=mm&r=g\",\"contentUrl\":\"https:\\\/\\\/secure.gravatar.com\\\/avatar\\\/bab33852abfd8b282518d6ed81826833d77c3c882d9ab608add591ccace47a44?s=96&d=mm&r=g\",\"caption\":\"Kuzeyin Sesi\"},\"sameAs\":[\"https:\\\/\\\/kuzeyinsesi.org\"],\"url\":\"https:\\\/\\\/kuzeyinsesi.org\\\/index.php\\\/author\\\/guven\\\/\"}]}<\/script>\n<!-- \/ Yoast SEO plugin. -->","yoast_head_json":{"title":"\u201cYak\u0131n Manzaralar \u2013 Uzak Diyarlar\u201d  sergisi a\u00e7\u0131l\u0131yor - Kuzeyin Sesi","robots":{"index":"index","follow":"follow","max-snippet":"max-snippet:-1","max-image-preview":"max-image-preview:large","max-video-preview":"max-video-preview:-1"},"canonical":"https:\/\/kuzeyinsesi.org\/index.php\/2025\/05\/04\/yakin-manzaralar-uzak-diyarlar-sergisi-aciliyor\/","og_locale":"tr_TR","og_type":"article","og_title":"\u201cYak\u0131n Manzaralar \u2013 Uzak Diyarlar\u201d  sergisi a\u00e7\u0131l\u0131yor - Kuzeyin Sesi","og_description":"Bellapais Begonvil Inner Wheel Derne\u011fi\u2019nin d\u00fczenledi\u011fi ve foto\u011fraf sanat\u00e7\u0131lar\u0131 Ye\u015fim \u00d6rek ile Mustafa Atun\u2019un eserlerini bir araya getiren \u201cYak\u0131n Manzaralar \u2013 Uzak Diyarlar\u201d foto\u011fraf sergisi, sanatseverlerle bulu\u015fmaya haz\u0131rlan\u0131yor. K\u00fcrat\u00f6rl\u00fc\u011f\u00fcn\u00fc \u0130smail G\u00f6k\u00e7e\u2019nin \u00fcstlendi\u011fi sergi,R\u00fcstem Kitabevi Sanat Galerisi\u2019nde ziyaret edilebilecek. Serginin resmi a\u00e7\u0131l\u0131\u015f\u0131 ise 6 May\u0131s Sal\u0131 g\u00fcn\u00fc saat 18:00\u2019de ger\u00e7ekle\u015ftirilecek. A\u00e7\u0131l\u0131\u015f etkinli\u011finde, Dr. Asl\u0131 Giray Akyunak [&hellip;]","og_url":"https:\/\/kuzeyinsesi.org\/index.php\/2025\/05\/04\/yakin-manzaralar-uzak-diyarlar-sergisi-aciliyor\/","og_site_name":"Kuzeyin Sesi","article_publisher":"https:\/\/www.facebook.com\/kuzeyinsesii","article_published_time":"2025-05-04T17:17:24+00:00","og_image":[{"url":"https:\/\/brtk.net\/wp-content\/uploads\/2025\/05\/04\/d538a69d-8a4a-40dd-8968-c41b22ac132a.jpg?ver=8e1d5a775e3fcc0935f161292bfe67cf","type":"","width":"","height":""}],"author":"Kuzeyin Sesi","twitter_card":"summary_large_image","twitter_creator":"@kuzeyinsesii","twitter_site":"@kuzeyinsesii","twitter_misc":{"Yazan:":"Kuzeyin Sesi","Tahmini okuma s\u00fcresi":"1 dakika"},"schema":{"@context":"https:\/\/schema.org","@graph":[{"@type":"Article","@id":"https:\/\/kuzeyinsesi.org\/index.php\/2025\/05\/04\/yakin-manzaralar-uzak-diyarlar-sergisi-aciliyor\/#article","isPartOf":{"@id":"https:\/\/kuzeyinsesi.org\/index.php\/2025\/05\/04\/yakin-manzaralar-uzak-diyarlar-sergisi-aciliyor\/"},"author":{"name":"Kuzeyin Sesi","@id":"https:\/\/kuzeyinsesi.org\/#\/schema\/person\/9f859689cdf01485597712386e37f5aa"},"headline":"\u201cYak\u0131n Manzaralar \u2013 Uzak Diyarlar\u201d sergisi a\u00e7\u0131l\u0131yor","datePublished":"2025-05-04T17:17:24+00:00","mainEntityOfPage":{"@id":"https:\/\/kuzeyinsesi.org\/index.php\/2025\/05\/04\/yakin-manzaralar-uzak-diyarlar-sergisi-aciliyor\/"},"wordCount":235,"commentCount":0,"image":{"@id":"https:\/\/kuzeyinsesi.org\/index.php\/2025\/05\/04\/yakin-manzaralar-uzak-diyarlar-sergisi-aciliyor\/#primaryimage"},"thumbnailUrl":"https:\/\/kuzeyinsesi.org\/wp-content\/uploads\/2025\/05\/e11400d4-ebfc-4e7b-958b-e51e0f55969d.jpg","articleSection":["Ya\u015fam"],"inLanguage":"tr","potentialAction":[{"@type":"CommentAction","name":"Comment","target":["https:\/\/kuzeyinsesi.org\/index.php\/2025\/05\/04\/yakin-manzaralar-uzak-diyarlar-sergisi-aciliyor\/#respond"]}]},{"@type":"WebPage","@id":"https:\/\/kuzeyinsesi.org\/index.php\/2025\/05\/04\/yakin-manzaralar-uzak-diyarlar-sergisi-aciliyor\/","url":"https:\/\/kuzeyinsesi.org\/index.php\/2025\/05\/04\/yakin-manzaralar-uzak-diyarlar-sergisi-aciliyor\/","name":"\u201cYak\u0131n Manzaralar \u2013 Uzak Diyarlar\u201d sergisi a\u00e7\u0131l\u0131yor - Kuzeyin Sesi","isPartOf":{"@id":"https:\/\/kuzeyinsesi.org\/#website"},"primaryImageOfPage":{"@id":"https:\/\/kuzeyinsesi.org\/index.php\/2025\/05\/04\/yakin-manzaralar-uzak-diyarlar-sergisi-aciliyor\/#primaryimage"},"image":{"@id":"https:\/\/kuzeyinsesi.org\/index.php\/2025\/05\/04\/yakin-manzaralar-uzak-diyarlar-sergisi-aciliyor\/#primaryimage"},"thumbnailUrl":"https:\/\/kuzeyinsesi.org\/wp-content\/uploads\/2025\/05\/e11400d4-ebfc-4e7b-958b-e51e0f55969d.jpg","datePublished":"2025-05-04T17:17:24+00:00","author":{"@id":"https:\/\/kuzeyinsesi.org\/#\/schema\/person\/9f859689cdf01485597712386e37f5aa"},"breadcrumb":{"@id":"https:\/\/kuzeyinsesi.org\/index.php\/2025\/05\/04\/yakin-manzaralar-uzak-diyarlar-sergisi-aciliyor\/#breadcrumb"},"inLanguage":"tr","potentialAction":[{"@type":"ReadAction","target":["https:\/\/kuzeyinsesi.org\/index.php\/2025\/05\/04\/yakin-manzaralar-uzak-diyarlar-sergisi-aciliyor\/"]}]},{"@type":"ImageObject","inLanguage":"tr","@id":"https:\/\/kuzeyinsesi.org\/index.php\/2025\/05\/04\/yakin-manzaralar-uzak-diyarlar-sergisi-aciliyor\/#primaryimage","url":"https:\/\/kuzeyinsesi.org\/wp-content\/uploads\/2025\/05\/e11400d4-ebfc-4e7b-958b-e51e0f55969d.jpg","contentUrl":"https:\/\/kuzeyinsesi.org\/wp-content\/uploads\/2025\/05\/e11400d4-ebfc-4e7b-958b-e51e0f55969d.jpg","width":1563,"height":682},{"@type":"BreadcrumbList","@id":"https:\/\/kuzeyinsesi.org\/index.php\/2025\/05\/04\/yakin-manzaralar-uzak-diyarlar-sergisi-aciliyor\/#breadcrumb","itemListElement":[{"@type":"ListItem","position":1,"name":"Anasayfa","item":"https:\/\/kuzeyinsesi.org\/"},{"@type":"ListItem","position":2,"name":"\u201cYak\u0131n Manzaralar \u2013 Uzak Diyarlar\u201d sergisi a\u00e7\u0131l\u0131yor"}]},{"@type":"WebSite","@id":"https:\/\/kuzeyinsesi.org\/#website","url":"https:\/\/kuzeyinsesi.org\/","name":"Kuzeyin Sesi","description":"Do\u011fru Haberin Adresi","potentialAction":[{"@type":"SearchAction","target":{"@type":"EntryPoint","urlTemplate":"https:\/\/kuzeyinsesi.org\/?s={search_term_string}"},"query-input":{"@type":"PropertyValueSpecification","valueRequired":true,"valueName":"search_term_string"}}],"inLanguage":"tr"},{"@type":"Person","@id":"https:\/\/kuzeyinsesi.org\/#\/schema\/person\/9f859689cdf01485597712386e37f5aa","name":"Kuzeyin Sesi","image":{"@type":"ImageObject","inLanguage":"tr","@id":"https:\/\/secure.gravatar.com\/avatar\/bab33852abfd8b282518d6ed81826833d77c3c882d9ab608add591ccace47a44?s=96&d=mm&r=g","url":"https:\/\/secure.gravatar.com\/avatar\/bab33852abfd8b282518d6ed81826833d77c3c882d9ab608add591ccace47a44?s=96&d=mm&r=g","contentUrl":"https:\/\/secure.gravatar.com\/avatar\/bab33852abfd8b282518d6ed81826833d77c3c882d9ab608add591ccace47a44?s=96&d=mm&r=g","caption":"Kuzeyin Sesi"},"sameAs":["https:\/\/kuzeyinsesi.org"],"url":"https:\/\/kuzeyinsesi.org\/index.php\/author\/guven\/"}]}},"_links":{"self":[{"href":"https:\/\/kuzeyinsesi.org\/index.php\/wp-json\/wp\/v2\/posts\/24584","targetHints":{"allow":["GET"]}}],"collection":[{"href":"https:\/\/kuzeyinsesi.org\/index.php\/wp-json\/wp\/v2\/posts"}],"about":[{"href":"https:\/\/kuzeyinsesi.org\/index.php\/wp-json\/wp\/v2\/types\/post"}],"author":[{"embeddable":true,"href":"https:\/\/kuzeyinsesi.org\/index.php\/wp-json\/wp\/v2\/users\/1"}],"replies":[{"embeddable":true,"href":"https:\/\/kuzeyinsesi.org\/index.php\/wp-json\/wp\/v2\/comments?post=24584"}],"version-history":[{"count":0,"href":"https:\/\/kuzeyinsesi.org\/index.php\/wp-json\/wp\/v2\/posts\/24584\/revisions"}],"wp:featuredmedia":[{"embeddable":true,"href":"https:\/\/kuzeyinsesi.org\/index.php\/wp-json\/wp\/v2\/media\/24585"}],"wp:attachment":[{"href":"https:\/\/kuzeyinsesi.org\/index.php\/wp-json\/wp\/v2\/media?parent=24584"}],"wp:term":[{"taxonomy":"category","embeddable":true,"href":"https:\/\/kuzeyinsesi.org\/index.php\/wp-json\/wp\/v2\/categories?post=24584"},{"taxonomy":"post_tag","embeddable":true,"href":"https:\/\/kuzeyinsesi.org\/index.php\/wp-json\/wp\/v2\/tags?post=24584"}],"curies":[{"name":"wp","href":"https:\/\/api.w.org\/{rel}","templated":true}]}}