{"id":24551,"date":"2025-05-04T15:09:14","date_gmt":"2025-05-04T12:09:14","guid":{"rendered":"https:\/\/kuzeyinsesi.org\/index.php\/2025\/05\/04\/yarin-aksam-piyanist-acar-20-uluslararasi-bellapais-ilkbahar-muzik-festivali-kapsaminda-konser-verecek\/"},"modified":"2025-05-04T15:09:14","modified_gmt":"2025-05-04T12:09:14","slug":"yarin-aksam-piyanist-acar-20-uluslararasi-bellapais-ilkbahar-muzik-festivali-kapsaminda-konser-verecek","status":"publish","type":"post","link":"https:\/\/kuzeyinsesi.org\/index.php\/2025\/05\/04\/yarin-aksam-piyanist-acar-20-uluslararasi-bellapais-ilkbahar-muzik-festivali-kapsaminda-konser-verecek\/","title":{"rendered":"Yar\u0131n ak\u015fam Piyanist Acar 20. Uluslararas\u0131 Bellapais \u0130lkbahar M\u00fczik Festivali kapsam\u0131nda konser verecek"},"content":{"rendered":"<div>\n<div class=\"mariselle-image-container center\">\n                                            <\/div>\n<p>Piyanist Pelin Ece Acar 20. Uluslararas\u0131 Bellapais \u0130lkbahar M\u00fczik Festivali kapsam\u0131nda yar\u0131n ak\u015fam resital verecek.<\/p>\n<p> KKTC K\u0131z \u0130zci \u00d6rg\u00fct\u00fc Derne\u011fi yarar\u0131na verilecek konser Bellapais Manast\u0131r\u0131\u2019nda yer alacak ve saat 20.00\u2019 de ba\u015flayacak.<\/p>\n<p>Kuzey K\u0131br\u0131s M\u00fczik Derne\u011fi\u2019nden verilen bilgiye g\u00f6re Derne\u011fin bu y\u0131l Turizm Bakanl\u0131\u011f\u0131, Deniz Plaza, Bellapais Gardens, Kybele ve Huzur A\u011fa\u00e7 katk\u0131lar\u0131yla ger\u00e7ekle\u015ftirdi\u011fi festival kapsam\u0131nda sahne alacak Acar resitalde Chopin, Ravel ve Rachmaninov\u2019 un yap\u0131tlar\u0131n\u0131 seslendirecek.<\/p>\n<p> -Sal\u0131 ak\u015fam\u0131 Kyrenia International Choir konseri\u2026<\/p>\n<p>Festival 6 May\u0131s Sal\u0131 ak\u015fam\u0131  Kyrenia International Choir konseri ile devam edecek.<\/p>\n<p>Konserleri i\u00e7in giri\u015f biletleri 400 TL\u2019ye Deniz Plazalar, Bellapais Gardens, Kybele, Bellapais Manast\u0131r giri\u015finden veya online olarak gi\u015fekibris.com ile kibrisbiletcim.com\u2019 dan temin edilebilir.<\/p>\n<\/p><\/div>\n<p><script async\n                    defer\n                    crossorigin=\"anonymous\"\n                    src=\"https:\/\/connect.facebook.net\/tr_TR\/sdk.js#xfbml=1&#038;version=v3.3\"\n            ><\/script><\/p>\n","protected":false},"excerpt":{"rendered":"<p>Piyanist Pelin Ece Acar 20. Uluslararas\u0131 Bellapais \u0130lkbahar M\u00fczik Festivali kapsam\u0131nda yar\u0131n ak\u015fam resital verecek. KKTC K\u0131z \u0130zci \u00d6rg\u00fct\u00fc Derne\u011fi yarar\u0131na verilecek konser Bellapais Manast\u0131r\u0131\u2019nda yer alacak ve saat 20.00\u2019 de ba\u015flayacak. Kuzey K\u0131br\u0131s M\u00fczik Derne\u011fi\u2019nden verilen bilgiye g\u00f6re Derne\u011fin bu y\u0131l Turizm Bakanl\u0131\u011f\u0131, Deniz Plaza, Bellapais Gardens, Kybele ve Huzur A\u011fa\u00e7 katk\u0131lar\u0131yla ger\u00e7ekle\u015ftirdi\u011fi festival [&hellip;]<\/p>\n","protected":false},"author":1,"featured_media":24552,"comment_status":"open","ping_status":"open","sticky":false,"template":"","format":"standard","meta":{"jnews-multi-image_gallery":[],"jnews_single_post":[],"jnews_primary_category":[],"jnews_social_meta":[],"jnews_override_counter":[],"footnotes":""},"categories":[6],"tags":[],"class_list":["post-24551","post","type-post","status-publish","format-standard","has-post-thumbnail","hentry","category-yasam"],"yoast_head":"<!-- This site is optimized with the Yoast SEO plugin v27.4 - https:\/\/yoast.com\/product\/yoast-seo-wordpress\/ -->\n<title>Yar\u0131n ak\u015fam Piyanist Acar 20. Uluslararas\u0131 Bellapais \u0130lkbahar M\u00fczik Festivali kapsam\u0131nda konser verecek - Kuzeyin Sesi<\/title>\n<meta name=\"robots\" content=\"index, follow, max-snippet:-1, max-image-preview:large, max-video-preview:-1\" \/>\n<link rel=\"canonical\" href=\"https:\/\/kuzeyinsesi.org\/index.php\/2025\/05\/04\/yarin-aksam-piyanist-acar-20-uluslararasi-bellapais-ilkbahar-muzik-festivali-kapsaminda-konser-verecek\/\" \/>\n<meta property=\"og:locale\" content=\"tr_TR\" \/>\n<meta property=\"og:type\" content=\"article\" \/>\n<meta property=\"og:title\" content=\"Yar\u0131n ak\u015fam Piyanist Acar 20. Uluslararas\u0131 Bellapais \u0130lkbahar M\u00fczik Festivali kapsam\u0131nda konser verecek - Kuzeyin Sesi\" \/>\n<meta property=\"og:description\" content=\"Piyanist Pelin Ece Acar 20. Uluslararas\u0131 Bellapais \u0130lkbahar M\u00fczik Festivali kapsam\u0131nda yar\u0131n ak\u015fam resital verecek. KKTC K\u0131z \u0130zci \u00d6rg\u00fct\u00fc Derne\u011fi yarar\u0131na verilecek konser Bellapais Manast\u0131r\u0131\u2019nda yer alacak ve saat 20.00\u2019 de ba\u015flayacak. Kuzey K\u0131br\u0131s M\u00fczik Derne\u011fi\u2019nden verilen bilgiye g\u00f6re Derne\u011fin bu y\u0131l Turizm Bakanl\u0131\u011f\u0131, Deniz Plaza, Bellapais Gardens, Kybele ve Huzur A\u011fa\u00e7 katk\u0131lar\u0131yla ger\u00e7ekle\u015ftirdi\u011fi festival [&hellip;]\" \/>\n<meta property=\"og:url\" content=\"https:\/\/kuzeyinsesi.org\/index.php\/2025\/05\/04\/yarin-aksam-piyanist-acar-20-uluslararasi-bellapais-ilkbahar-muzik-festivali-kapsaminda-konser-verecek\/\" \/>\n<meta property=\"og:site_name\" content=\"Kuzeyin Sesi\" \/>\n<meta property=\"article:publisher\" content=\"https:\/\/www.facebook.com\/kuzeyinsesii\" \/>\n<meta property=\"article:published_time\" content=\"2025-05-04T12:09:14+00:00\" \/>\n<meta property=\"og:image\" content=\"https:\/\/brtk.net\/wp-content\/uploads\/2025\/05\/04\/1746353071316Bellapais-Muzik-Festivali.jpeg?ver=ead953b37a692b76cbf89deb676496ac\" \/>\n<meta name=\"author\" content=\"Kuzeyin Sesi\" \/>\n<meta name=\"twitter:card\" content=\"summary_large_image\" \/>\n<meta name=\"twitter:creator\" content=\"@kuzeyinsesii\" \/>\n<meta name=\"twitter:site\" content=\"@kuzeyinsesii\" \/>\n<meta name=\"twitter:label1\" content=\"Yazan:\" \/>\n\t<meta name=\"twitter:data1\" content=\"Kuzeyin Sesi\" \/>\n\t<meta name=\"twitter:label2\" content=\"Tahmini okuma s\u00fcresi\" \/>\n\t<meta name=\"twitter:data2\" content=\"1 dakika\" \/>\n<script type=\"application\/ld+json\" class=\"yoast-schema-graph\">{\"@context\":\"https:\\\/\\\/schema.org\",\"@graph\":[{\"@type\":\"Article\",\"@id\":\"https:\\\/\\\/kuzeyinsesi.org\\\/index.php\\\/2025\\\/05\\\/04\\\/yarin-aksam-piyanist-acar-20-uluslararasi-bellapais-ilkbahar-muzik-festivali-kapsaminda-konser-verecek\\\/#article\",\"isPartOf\":{\"@id\":\"https:\\\/\\\/kuzeyinsesi.org\\\/index.php\\\/2025\\\/05\\\/04\\\/yarin-aksam-piyanist-acar-20-uluslararasi-bellapais-ilkbahar-muzik-festivali-kapsaminda-konser-verecek\\\/\"},\"author\":{\"name\":\"Kuzeyin Sesi\",\"@id\":\"https:\\\/\\\/kuzeyinsesi.org\\\/#\\\/schema\\\/person\\\/9f859689cdf01485597712386e37f5aa\"},\"headline\":\"Yar\u0131n ak\u015fam Piyanist Acar 20. Uluslararas\u0131 Bellapais \u0130lkbahar M\u00fczik Festivali kapsam\u0131nda konser verecek\",\"datePublished\":\"2025-05-04T12:09:14+00:00\",\"mainEntityOfPage\":{\"@id\":\"https:\\\/\\\/kuzeyinsesi.org\\\/index.php\\\/2025\\\/05\\\/04\\\/yarin-aksam-piyanist-acar-20-uluslararasi-bellapais-ilkbahar-muzik-festivali-kapsaminda-konser-verecek\\\/\"},\"wordCount\":158,\"commentCount\":0,\"image\":{\"@id\":\"https:\\\/\\\/kuzeyinsesi.org\\\/index.php\\\/2025\\\/05\\\/04\\\/yarin-aksam-piyanist-acar-20-uluslararasi-bellapais-ilkbahar-muzik-festivali-kapsaminda-konser-verecek\\\/#primaryimage\"},\"thumbnailUrl\":\"https:\\\/\\\/kuzeyinsesi.org\\\/wp-content\\\/uploads\\\/2025\\\/05\\\/1746353071316Bellapais-Muzik-Festivali.jpeg\",\"articleSection\":[\"Ya\u015fam\"],\"inLanguage\":\"tr\",\"potentialAction\":[{\"@type\":\"CommentAction\",\"name\":\"Comment\",\"target\":[\"https:\\\/\\\/kuzeyinsesi.org\\\/index.php\\\/2025\\\/05\\\/04\\\/yarin-aksam-piyanist-acar-20-uluslararasi-bellapais-ilkbahar-muzik-festivali-kapsaminda-konser-verecek\\\/#respond\"]}]},{\"@type\":\"WebPage\",\"@id\":\"https:\\\/\\\/kuzeyinsesi.org\\\/index.php\\\/2025\\\/05\\\/04\\\/yarin-aksam-piyanist-acar-20-uluslararasi-bellapais-ilkbahar-muzik-festivali-kapsaminda-konser-verecek\\\/\",\"url\":\"https:\\\/\\\/kuzeyinsesi.org\\\/index.php\\\/2025\\\/05\\\/04\\\/yarin-aksam-piyanist-acar-20-uluslararasi-bellapais-ilkbahar-muzik-festivali-kapsaminda-konser-verecek\\\/\",\"name\":\"Yar\u0131n ak\u015fam Piyanist Acar 20. Uluslararas\u0131 Bellapais \u0130lkbahar M\u00fczik Festivali kapsam\u0131nda konser verecek - Kuzeyin Sesi\",\"isPartOf\":{\"@id\":\"https:\\\/\\\/kuzeyinsesi.org\\\/#website\"},\"primaryImageOfPage\":{\"@id\":\"https:\\\/\\\/kuzeyinsesi.org\\\/index.php\\\/2025\\\/05\\\/04\\\/yarin-aksam-piyanist-acar-20-uluslararasi-bellapais-ilkbahar-muzik-festivali-kapsaminda-konser-verecek\\\/#primaryimage\"},\"image\":{\"@id\":\"https:\\\/\\\/kuzeyinsesi.org\\\/index.php\\\/2025\\\/05\\\/04\\\/yarin-aksam-piyanist-acar-20-uluslararasi-bellapais-ilkbahar-muzik-festivali-kapsaminda-konser-verecek\\\/#primaryimage\"},\"thumbnailUrl\":\"https:\\\/\\\/kuzeyinsesi.org\\\/wp-content\\\/uploads\\\/2025\\\/05\\\/1746353071316Bellapais-Muzik-Festivali.jpeg\",\"datePublished\":\"2025-05-04T12:09:14+00:00\",\"author\":{\"@id\":\"https:\\\/\\\/kuzeyinsesi.org\\\/#\\\/schema\\\/person\\\/9f859689cdf01485597712386e37f5aa\"},\"breadcrumb\":{\"@id\":\"https:\\\/\\\/kuzeyinsesi.org\\\/index.php\\\/2025\\\/05\\\/04\\\/yarin-aksam-piyanist-acar-20-uluslararasi-bellapais-ilkbahar-muzik-festivali-kapsaminda-konser-verecek\\\/#breadcrumb\"},\"inLanguage\":\"tr\",\"potentialAction\":[{\"@type\":\"ReadAction\",\"target\":[\"https:\\\/\\\/kuzeyinsesi.org\\\/index.php\\\/2025\\\/05\\\/04\\\/yarin-aksam-piyanist-acar-20-uluslararasi-bellapais-ilkbahar-muzik-festivali-kapsaminda-konser-verecek\\\/\"]}]},{\"@type\":\"ImageObject\",\"inLanguage\":\"tr\",\"@id\":\"https:\\\/\\\/kuzeyinsesi.org\\\/index.php\\\/2025\\\/05\\\/04\\\/yarin-aksam-piyanist-acar-20-uluslararasi-bellapais-ilkbahar-muzik-festivali-kapsaminda-konser-verecek\\\/#primaryimage\",\"url\":\"https:\\\/\\\/kuzeyinsesi.org\\\/wp-content\\\/uploads\\\/2025\\\/05\\\/1746353071316Bellapais-Muzik-Festivali.jpeg\",\"contentUrl\":\"https:\\\/\\\/kuzeyinsesi.org\\\/wp-content\\\/uploads\\\/2025\\\/05\\\/1746353071316Bellapais-Muzik-Festivali.jpeg\",\"width\":1000,\"height\":1000},{\"@type\":\"BreadcrumbList\",\"@id\":\"https:\\\/\\\/kuzeyinsesi.org\\\/index.php\\\/2025\\\/05\\\/04\\\/yarin-aksam-piyanist-acar-20-uluslararasi-bellapais-ilkbahar-muzik-festivali-kapsaminda-konser-verecek\\\/#breadcrumb\",\"itemListElement\":[{\"@type\":\"ListItem\",\"position\":1,\"name\":\"Anasayfa\",\"item\":\"https:\\\/\\\/kuzeyinsesi.org\\\/\"},{\"@type\":\"ListItem\",\"position\":2,\"name\":\"Yar\u0131n ak\u015fam Piyanist Acar 20. Uluslararas\u0131 Bellapais \u0130lkbahar M\u00fczik Festivali kapsam\u0131nda konser verecek\"}]},{\"@type\":\"WebSite\",\"@id\":\"https:\\\/\\\/kuzeyinsesi.org\\\/#website\",\"url\":\"https:\\\/\\\/kuzeyinsesi.org\\\/\",\"name\":\"Kuzeyin Sesi\",\"description\":\"Do\u011fru Haberin Adresi\",\"potentialAction\":[{\"@type\":\"SearchAction\",\"target\":{\"@type\":\"EntryPoint\",\"urlTemplate\":\"https:\\\/\\\/kuzeyinsesi.org\\\/?s={search_term_string}\"},\"query-input\":{\"@type\":\"PropertyValueSpecification\",\"valueRequired\":true,\"valueName\":\"search_term_string\"}}],\"inLanguage\":\"tr\"},{\"@type\":\"Person\",\"@id\":\"https:\\\/\\\/kuzeyinsesi.org\\\/#\\\/schema\\\/person\\\/9f859689cdf01485597712386e37f5aa\",\"name\":\"Kuzeyin Sesi\",\"image\":{\"@type\":\"ImageObject\",\"inLanguage\":\"tr\",\"@id\":\"https:\\\/\\\/secure.gravatar.com\\\/avatar\\\/bab33852abfd8b282518d6ed81826833d77c3c882d9ab608add591ccace47a44?s=96&d=mm&r=g\",\"url\":\"https:\\\/\\\/secure.gravatar.com\\\/avatar\\\/bab33852abfd8b282518d6ed81826833d77c3c882d9ab608add591ccace47a44?s=96&d=mm&r=g\",\"contentUrl\":\"https:\\\/\\\/secure.gravatar.com\\\/avatar\\\/bab33852abfd8b282518d6ed81826833d77c3c882d9ab608add591ccace47a44?s=96&d=mm&r=g\",\"caption\":\"Kuzeyin Sesi\"},\"sameAs\":[\"https:\\\/\\\/kuzeyinsesi.org\"],\"url\":\"https:\\\/\\\/kuzeyinsesi.org\\\/index.php\\\/author\\\/guven\\\/\"}]}<\/script>\n<!-- \/ Yoast SEO plugin. -->","yoast_head_json":{"title":"Yar\u0131n ak\u015fam Piyanist Acar 20. Uluslararas\u0131 Bellapais \u0130lkbahar M\u00fczik Festivali kapsam\u0131nda konser verecek - Kuzeyin Sesi","robots":{"index":"index","follow":"follow","max-snippet":"max-snippet:-1","max-image-preview":"max-image-preview:large","max-video-preview":"max-video-preview:-1"},"canonical":"https:\/\/kuzeyinsesi.org\/index.php\/2025\/05\/04\/yarin-aksam-piyanist-acar-20-uluslararasi-bellapais-ilkbahar-muzik-festivali-kapsaminda-konser-verecek\/","og_locale":"tr_TR","og_type":"article","og_title":"Yar\u0131n ak\u015fam Piyanist Acar 20. Uluslararas\u0131 Bellapais \u0130lkbahar M\u00fczik Festivali kapsam\u0131nda konser verecek - Kuzeyin Sesi","og_description":"Piyanist Pelin Ece Acar 20. Uluslararas\u0131 Bellapais \u0130lkbahar M\u00fczik Festivali kapsam\u0131nda yar\u0131n ak\u015fam resital verecek. KKTC K\u0131z \u0130zci \u00d6rg\u00fct\u00fc Derne\u011fi yarar\u0131na verilecek konser Bellapais Manast\u0131r\u0131\u2019nda yer alacak ve saat 20.00\u2019 de ba\u015flayacak. Kuzey K\u0131br\u0131s M\u00fczik Derne\u011fi\u2019nden verilen bilgiye g\u00f6re Derne\u011fin bu y\u0131l Turizm Bakanl\u0131\u011f\u0131, Deniz Plaza, Bellapais Gardens, Kybele ve Huzur A\u011fa\u00e7 katk\u0131lar\u0131yla ger\u00e7ekle\u015ftirdi\u011fi festival [&hellip;]","og_url":"https:\/\/kuzeyinsesi.org\/index.php\/2025\/05\/04\/yarin-aksam-piyanist-acar-20-uluslararasi-bellapais-ilkbahar-muzik-festivali-kapsaminda-konser-verecek\/","og_site_name":"Kuzeyin Sesi","article_publisher":"https:\/\/www.facebook.com\/kuzeyinsesii","article_published_time":"2025-05-04T12:09:14+00:00","og_image":[{"url":"https:\/\/brtk.net\/wp-content\/uploads\/2025\/05\/04\/1746353071316Bellapais-Muzik-Festivali.jpeg?ver=ead953b37a692b76cbf89deb676496ac","type":"","width":"","height":""}],"author":"Kuzeyin Sesi","twitter_card":"summary_large_image","twitter_creator":"@kuzeyinsesii","twitter_site":"@kuzeyinsesii","twitter_misc":{"Yazan:":"Kuzeyin Sesi","Tahmini okuma s\u00fcresi":"1 dakika"},"schema":{"@context":"https:\/\/schema.org","@graph":[{"@type":"Article","@id":"https:\/\/kuzeyinsesi.org\/index.php\/2025\/05\/04\/yarin-aksam-piyanist-acar-20-uluslararasi-bellapais-ilkbahar-muzik-festivali-kapsaminda-konser-verecek\/#article","isPartOf":{"@id":"https:\/\/kuzeyinsesi.org\/index.php\/2025\/05\/04\/yarin-aksam-piyanist-acar-20-uluslararasi-bellapais-ilkbahar-muzik-festivali-kapsaminda-konser-verecek\/"},"author":{"name":"Kuzeyin Sesi","@id":"https:\/\/kuzeyinsesi.org\/#\/schema\/person\/9f859689cdf01485597712386e37f5aa"},"headline":"Yar\u0131n ak\u015fam Piyanist Acar 20. Uluslararas\u0131 Bellapais \u0130lkbahar M\u00fczik Festivali kapsam\u0131nda konser verecek","datePublished":"2025-05-04T12:09:14+00:00","mainEntityOfPage":{"@id":"https:\/\/kuzeyinsesi.org\/index.php\/2025\/05\/04\/yarin-aksam-piyanist-acar-20-uluslararasi-bellapais-ilkbahar-muzik-festivali-kapsaminda-konser-verecek\/"},"wordCount":158,"commentCount":0,"image":{"@id":"https:\/\/kuzeyinsesi.org\/index.php\/2025\/05\/04\/yarin-aksam-piyanist-acar-20-uluslararasi-bellapais-ilkbahar-muzik-festivali-kapsaminda-konser-verecek\/#primaryimage"},"thumbnailUrl":"https:\/\/kuzeyinsesi.org\/wp-content\/uploads\/2025\/05\/1746353071316Bellapais-Muzik-Festivali.jpeg","articleSection":["Ya\u015fam"],"inLanguage":"tr","potentialAction":[{"@type":"CommentAction","name":"Comment","target":["https:\/\/kuzeyinsesi.org\/index.php\/2025\/05\/04\/yarin-aksam-piyanist-acar-20-uluslararasi-bellapais-ilkbahar-muzik-festivali-kapsaminda-konser-verecek\/#respond"]}]},{"@type":"WebPage","@id":"https:\/\/kuzeyinsesi.org\/index.php\/2025\/05\/04\/yarin-aksam-piyanist-acar-20-uluslararasi-bellapais-ilkbahar-muzik-festivali-kapsaminda-konser-verecek\/","url":"https:\/\/kuzeyinsesi.org\/index.php\/2025\/05\/04\/yarin-aksam-piyanist-acar-20-uluslararasi-bellapais-ilkbahar-muzik-festivali-kapsaminda-konser-verecek\/","name":"Yar\u0131n ak\u015fam Piyanist Acar 20. Uluslararas\u0131 Bellapais \u0130lkbahar M\u00fczik Festivali kapsam\u0131nda konser verecek - Kuzeyin Sesi","isPartOf":{"@id":"https:\/\/kuzeyinsesi.org\/#website"},"primaryImageOfPage":{"@id":"https:\/\/kuzeyinsesi.org\/index.php\/2025\/05\/04\/yarin-aksam-piyanist-acar-20-uluslararasi-bellapais-ilkbahar-muzik-festivali-kapsaminda-konser-verecek\/#primaryimage"},"image":{"@id":"https:\/\/kuzeyinsesi.org\/index.php\/2025\/05\/04\/yarin-aksam-piyanist-acar-20-uluslararasi-bellapais-ilkbahar-muzik-festivali-kapsaminda-konser-verecek\/#primaryimage"},"thumbnailUrl":"https:\/\/kuzeyinsesi.org\/wp-content\/uploads\/2025\/05\/1746353071316Bellapais-Muzik-Festivali.jpeg","datePublished":"2025-05-04T12:09:14+00:00","author":{"@id":"https:\/\/kuzeyinsesi.org\/#\/schema\/person\/9f859689cdf01485597712386e37f5aa"},"breadcrumb":{"@id":"https:\/\/kuzeyinsesi.org\/index.php\/2025\/05\/04\/yarin-aksam-piyanist-acar-20-uluslararasi-bellapais-ilkbahar-muzik-festivali-kapsaminda-konser-verecek\/#breadcrumb"},"inLanguage":"tr","potentialAction":[{"@type":"ReadAction","target":["https:\/\/kuzeyinsesi.org\/index.php\/2025\/05\/04\/yarin-aksam-piyanist-acar-20-uluslararasi-bellapais-ilkbahar-muzik-festivali-kapsaminda-konser-verecek\/"]}]},{"@type":"ImageObject","inLanguage":"tr","@id":"https:\/\/kuzeyinsesi.org\/index.php\/2025\/05\/04\/yarin-aksam-piyanist-acar-20-uluslararasi-bellapais-ilkbahar-muzik-festivali-kapsaminda-konser-verecek\/#primaryimage","url":"https:\/\/kuzeyinsesi.org\/wp-content\/uploads\/2025\/05\/1746353071316Bellapais-Muzik-Festivali.jpeg","contentUrl":"https:\/\/kuzeyinsesi.org\/wp-content\/uploads\/2025\/05\/1746353071316Bellapais-Muzik-Festivali.jpeg","width":1000,"height":1000},{"@type":"BreadcrumbList","@id":"https:\/\/kuzeyinsesi.org\/index.php\/2025\/05\/04\/yarin-aksam-piyanist-acar-20-uluslararasi-bellapais-ilkbahar-muzik-festivali-kapsaminda-konser-verecek\/#breadcrumb","itemListElement":[{"@type":"ListItem","position":1,"name":"Anasayfa","item":"https:\/\/kuzeyinsesi.org\/"},{"@type":"ListItem","position":2,"name":"Yar\u0131n ak\u015fam Piyanist Acar 20. Uluslararas\u0131 Bellapais \u0130lkbahar M\u00fczik Festivali kapsam\u0131nda konser verecek"}]},{"@type":"WebSite","@id":"https:\/\/kuzeyinsesi.org\/#website","url":"https:\/\/kuzeyinsesi.org\/","name":"Kuzeyin Sesi","description":"Do\u011fru Haberin Adresi","potentialAction":[{"@type":"SearchAction","target":{"@type":"EntryPoint","urlTemplate":"https:\/\/kuzeyinsesi.org\/?s={search_term_string}"},"query-input":{"@type":"PropertyValueSpecification","valueRequired":true,"valueName":"search_term_string"}}],"inLanguage":"tr"},{"@type":"Person","@id":"https:\/\/kuzeyinsesi.org\/#\/schema\/person\/9f859689cdf01485597712386e37f5aa","name":"Kuzeyin Sesi","image":{"@type":"ImageObject","inLanguage":"tr","@id":"https:\/\/secure.gravatar.com\/avatar\/bab33852abfd8b282518d6ed81826833d77c3c882d9ab608add591ccace47a44?s=96&d=mm&r=g","url":"https:\/\/secure.gravatar.com\/avatar\/bab33852abfd8b282518d6ed81826833d77c3c882d9ab608add591ccace47a44?s=96&d=mm&r=g","contentUrl":"https:\/\/secure.gravatar.com\/avatar\/bab33852abfd8b282518d6ed81826833d77c3c882d9ab608add591ccace47a44?s=96&d=mm&r=g","caption":"Kuzeyin Sesi"},"sameAs":["https:\/\/kuzeyinsesi.org"],"url":"https:\/\/kuzeyinsesi.org\/index.php\/author\/guven\/"}]}},"_links":{"self":[{"href":"https:\/\/kuzeyinsesi.org\/index.php\/wp-json\/wp\/v2\/posts\/24551","targetHints":{"allow":["GET"]}}],"collection":[{"href":"https:\/\/kuzeyinsesi.org\/index.php\/wp-json\/wp\/v2\/posts"}],"about":[{"href":"https:\/\/kuzeyinsesi.org\/index.php\/wp-json\/wp\/v2\/types\/post"}],"author":[{"embeddable":true,"href":"https:\/\/kuzeyinsesi.org\/index.php\/wp-json\/wp\/v2\/users\/1"}],"replies":[{"embeddable":true,"href":"https:\/\/kuzeyinsesi.org\/index.php\/wp-json\/wp\/v2\/comments?post=24551"}],"version-history":[{"count":0,"href":"https:\/\/kuzeyinsesi.org\/index.php\/wp-json\/wp\/v2\/posts\/24551\/revisions"}],"wp:featuredmedia":[{"embeddable":true,"href":"https:\/\/kuzeyinsesi.org\/index.php\/wp-json\/wp\/v2\/media\/24552"}],"wp:attachment":[{"href":"https:\/\/kuzeyinsesi.org\/index.php\/wp-json\/wp\/v2\/media?parent=24551"}],"wp:term":[{"taxonomy":"category","embeddable":true,"href":"https:\/\/kuzeyinsesi.org\/index.php\/wp-json\/wp\/v2\/categories?post=24551"},{"taxonomy":"post_tag","embeddable":true,"href":"https:\/\/kuzeyinsesi.org\/index.php\/wp-json\/wp\/v2\/tags?post=24551"}],"curies":[{"name":"wp","href":"https:\/\/api.w.org\/{rel}","templated":true}]}}