{"id":24523,"date":"2025-05-04T13:07:13","date_gmt":"2025-05-04T10:07:13","guid":{"rendered":"https:\/\/kuzeyinsesi.org\/index.php\/2025\/05\/04\/piyanist-ruya-taner-yarin-magusa-tmk-carsamba-gunu-ise-lefkosa-guzel-sanatlar-lisesinde-ogrencilerle-bir-araya-gelecek\/"},"modified":"2025-05-04T13:07:13","modified_gmt":"2025-05-04T10:07:13","slug":"piyanist-ruya-taner-yarin-magusa-tmk-carsamba-gunu-ise-lefkosa-guzel-sanatlar-lisesinde-ogrencilerle-bir-araya-gelecek","status":"publish","type":"post","link":"https:\/\/kuzeyinsesi.org\/index.php\/2025\/05\/04\/piyanist-ruya-taner-yarin-magusa-tmk-carsamba-gunu-ise-lefkosa-guzel-sanatlar-lisesinde-ogrencilerle-bir-araya-gelecek\/","title":{"rendered":"Piyanist R\u00fcya Taner, yar\u0131n Ma\u011fusa TMK \u00e7ar\u015famba g\u00fcn\u00fc ise Lefko\u015fa G\u00fczel Sanatlar Lisesi\u2019nde \u00f6\u011frencilerle bir araya gelecek"},"content":{"rendered":"<div>\n<div class=\"mariselle-image-container center\">\n                                            <\/div>\n<p>Devlet sanat\u00e7\u0131s\u0131, piyanist R\u00fcya Taner \u201cR\u00fcya ile Ger\u00e7ek\u201d sosyal sorumluluk projesi kapsam\u0131nda yar\u0131n Ma\u011fusa T\u00fcrk Maarif Koleji, 7 May\u0131s \u00c7ar\u015famba g\u00fcn\u00fc ise Lefko\u015fa G\u00fczel Sanatlar Lisesi\u2019nde \u00f6\u011frencilerle bir araya gelecek.<\/p>\n<p>Taner, kendi \u00f6nc\u00fcl\u00fc\u011f\u00fcnde y\u00fcr\u00fct\u00fclen proje kapsam\u0131nda yar\u0131n saat 10.00\u2019da Ma\u011fusa T\u00fcrk Maarif Koleji\u2019nde \u00f6\u011frencilerle sohbet edecek ve k\u0131sa bir piyano dinletisi sunacak.<\/p>\n<p>R\u00fcya Taner\u2019in Lefko\u015fa G\u00fczel Sanatlar Lisesi\u2019ndeki \u00f6\u011frencilerle bulu\u015fmas\u0131 ise saat 10.30\u2019da  olacak.<\/p>\n<p> \u201cR\u00fcya ile Ger\u00e7ek\u201d sosyal sorumluluk projesi kapsam\u0131nda farkl\u0131 b\u00f6lgelerdeki okullarda d\u00fczenlenen bulu\u015fmalar\u0131n, \u00f6\u011frencilerin sanata olan ilgisini art\u0131rmay\u0131 ve onlar\u0131 yarat\u0131c\u0131 alanlara te\u015fvik etmeyi ama\u00e7lad\u0131\u011f\u0131 kaydedilen a\u00e7\u0131klamada \u201cProje, yaln\u0131zca bir konser etkinli\u011fi olman\u0131n \u00f6tesinde, gen\u00e7lerle birebir temas kurularak onlar\u0131n hayalleri, hedefleri ve duygular\u0131na dokunan bir sanat deneyimi sunuyor.\u201d denildi.<\/p>\n<\/p><\/div>\n<p><script async\n                    defer\n                    crossorigin=\"anonymous\"\n                    src=\"https:\/\/connect.facebook.net\/tr_TR\/sdk.js#xfbml=1&#038;version=v3.3\"\n            ><\/script><\/p>\n","protected":false},"excerpt":{"rendered":"<p>Devlet sanat\u00e7\u0131s\u0131, piyanist R\u00fcya Taner \u201cR\u00fcya ile Ger\u00e7ek\u201d sosyal sorumluluk projesi kapsam\u0131nda yar\u0131n Ma\u011fusa T\u00fcrk Maarif Koleji, 7 May\u0131s \u00c7ar\u015famba g\u00fcn\u00fc ise Lefko\u015fa G\u00fczel Sanatlar Lisesi\u2019nde \u00f6\u011frencilerle bir araya gelecek. Taner, kendi \u00f6nc\u00fcl\u00fc\u011f\u00fcnde y\u00fcr\u00fct\u00fclen proje kapsam\u0131nda yar\u0131n saat 10.00\u2019da Ma\u011fusa T\u00fcrk Maarif Koleji\u2019nde \u00f6\u011frencilerle sohbet edecek ve k\u0131sa bir piyano dinletisi sunacak. R\u00fcya Taner\u2019in Lefko\u015fa [&hellip;]<\/p>\n","protected":false},"author":1,"featured_media":24524,"comment_status":"open","ping_status":"open","sticky":false,"template":"","format":"standard","meta":{"jnews-multi-image_gallery":[],"jnews_single_post":[],"jnews_primary_category":[],"jnews_social_meta":[],"jnews_override_counter":[],"footnotes":""},"categories":[6],"tags":[],"class_list":["post-24523","post","type-post","status-publish","format-standard","has-post-thumbnail","hentry","category-yasam"],"yoast_head":"<!-- This site is optimized with the Yoast SEO plugin v27.4 - https:\/\/yoast.com\/product\/yoast-seo-wordpress\/ -->\n<title>Piyanist R\u00fcya Taner, yar\u0131n Ma\u011fusa TMK \u00e7ar\u015famba g\u00fcn\u00fc ise Lefko\u015fa G\u00fczel Sanatlar Lisesi\u2019nde \u00f6\u011frencilerle bir araya gelecek - Kuzeyin Sesi<\/title>\n<meta name=\"robots\" content=\"index, follow, max-snippet:-1, max-image-preview:large, max-video-preview:-1\" \/>\n<link rel=\"canonical\" href=\"https:\/\/kuzeyinsesi.org\/index.php\/2025\/05\/04\/piyanist-ruya-taner-yarin-magusa-tmk-carsamba-gunu-ise-lefkosa-guzel-sanatlar-lisesinde-ogrencilerle-bir-araya-gelecek\/\" \/>\n<meta property=\"og:locale\" content=\"tr_TR\" \/>\n<meta property=\"og:type\" content=\"article\" \/>\n<meta property=\"og:title\" content=\"Piyanist R\u00fcya Taner, yar\u0131n Ma\u011fusa TMK \u00e7ar\u015famba g\u00fcn\u00fc ise Lefko\u015fa G\u00fczel Sanatlar Lisesi\u2019nde \u00f6\u011frencilerle bir araya gelecek - Kuzeyin Sesi\" \/>\n<meta property=\"og:description\" content=\"Devlet sanat\u00e7\u0131s\u0131, piyanist R\u00fcya Taner \u201cR\u00fcya ile Ger\u00e7ek\u201d sosyal sorumluluk projesi kapsam\u0131nda yar\u0131n Ma\u011fusa T\u00fcrk Maarif Koleji, 7 May\u0131s \u00c7ar\u015famba g\u00fcn\u00fc ise Lefko\u015fa G\u00fczel Sanatlar Lisesi\u2019nde \u00f6\u011frencilerle bir araya gelecek. Taner, kendi \u00f6nc\u00fcl\u00fc\u011f\u00fcnde y\u00fcr\u00fct\u00fclen proje kapsam\u0131nda yar\u0131n saat 10.00\u2019da Ma\u011fusa T\u00fcrk Maarif Koleji\u2019nde \u00f6\u011frencilerle sohbet edecek ve k\u0131sa bir piyano dinletisi sunacak. R\u00fcya Taner\u2019in Lefko\u015fa [&hellip;]\" \/>\n<meta property=\"og:url\" content=\"https:\/\/kuzeyinsesi.org\/index.php\/2025\/05\/04\/piyanist-ruya-taner-yarin-magusa-tmk-carsamba-gunu-ise-lefkosa-guzel-sanatlar-lisesinde-ogrencilerle-bir-araya-gelecek\/\" \/>\n<meta property=\"og:site_name\" content=\"Kuzeyin Sesi\" \/>\n<meta property=\"article:publisher\" content=\"https:\/\/www.facebook.com\/kuzeyinsesii\" \/>\n<meta property=\"article:published_time\" content=\"2025-05-04T10:07:13+00:00\" \/>\n<meta property=\"og:image\" content=\"https:\/\/brtk.net\/wp-content\/uploads\/2025\/05\/04\/ryataner.jpg?ver=9969ee383beebdb1fc646c8781f09785\" \/>\n<meta name=\"author\" content=\"Kuzeyin Sesi\" \/>\n<meta name=\"twitter:card\" content=\"summary_large_image\" \/>\n<meta name=\"twitter:creator\" content=\"@kuzeyinsesii\" \/>\n<meta name=\"twitter:site\" content=\"@kuzeyinsesii\" \/>\n<meta name=\"twitter:label1\" content=\"Yazan:\" \/>\n\t<meta name=\"twitter:data1\" content=\"Kuzeyin Sesi\" \/>\n\t<meta name=\"twitter:label2\" content=\"Tahmini okuma s\u00fcresi\" \/>\n\t<meta name=\"twitter:data2\" content=\"1 dakika\" \/>\n<script type=\"application\/ld+json\" class=\"yoast-schema-graph\">{\"@context\":\"https:\\\/\\\/schema.org\",\"@graph\":[{\"@type\":\"Article\",\"@id\":\"https:\\\/\\\/kuzeyinsesi.org\\\/index.php\\\/2025\\\/05\\\/04\\\/piyanist-ruya-taner-yarin-magusa-tmk-carsamba-gunu-ise-lefkosa-guzel-sanatlar-lisesinde-ogrencilerle-bir-araya-gelecek\\\/#article\",\"isPartOf\":{\"@id\":\"https:\\\/\\\/kuzeyinsesi.org\\\/index.php\\\/2025\\\/05\\\/04\\\/piyanist-ruya-taner-yarin-magusa-tmk-carsamba-gunu-ise-lefkosa-guzel-sanatlar-lisesinde-ogrencilerle-bir-araya-gelecek\\\/\"},\"author\":{\"name\":\"Kuzeyin Sesi\",\"@id\":\"https:\\\/\\\/kuzeyinsesi.org\\\/#\\\/schema\\\/person\\\/9f859689cdf01485597712386e37f5aa\"},\"headline\":\"Piyanist R\u00fcya Taner, yar\u0131n Ma\u011fusa TMK \u00e7ar\u015famba g\u00fcn\u00fc ise Lefko\u015fa G\u00fczel Sanatlar Lisesi\u2019nde \u00f6\u011frencilerle bir araya gelecek\",\"datePublished\":\"2025-05-04T10:07:13+00:00\",\"mainEntityOfPage\":{\"@id\":\"https:\\\/\\\/kuzeyinsesi.org\\\/index.php\\\/2025\\\/05\\\/04\\\/piyanist-ruya-taner-yarin-magusa-tmk-carsamba-gunu-ise-lefkosa-guzel-sanatlar-lisesinde-ogrencilerle-bir-araya-gelecek\\\/\"},\"wordCount\":185,\"commentCount\":0,\"image\":{\"@id\":\"https:\\\/\\\/kuzeyinsesi.org\\\/index.php\\\/2025\\\/05\\\/04\\\/piyanist-ruya-taner-yarin-magusa-tmk-carsamba-gunu-ise-lefkosa-guzel-sanatlar-lisesinde-ogrencilerle-bir-araya-gelecek\\\/#primaryimage\"},\"thumbnailUrl\":\"https:\\\/\\\/kuzeyinsesi.org\\\/wp-content\\\/uploads\\\/2025\\\/05\\\/ryataner.jpg\",\"articleSection\":[\"Ya\u015fam\"],\"inLanguage\":\"tr\",\"potentialAction\":[{\"@type\":\"CommentAction\",\"name\":\"Comment\",\"target\":[\"https:\\\/\\\/kuzeyinsesi.org\\\/index.php\\\/2025\\\/05\\\/04\\\/piyanist-ruya-taner-yarin-magusa-tmk-carsamba-gunu-ise-lefkosa-guzel-sanatlar-lisesinde-ogrencilerle-bir-araya-gelecek\\\/#respond\"]}]},{\"@type\":\"WebPage\",\"@id\":\"https:\\\/\\\/kuzeyinsesi.org\\\/index.php\\\/2025\\\/05\\\/04\\\/piyanist-ruya-taner-yarin-magusa-tmk-carsamba-gunu-ise-lefkosa-guzel-sanatlar-lisesinde-ogrencilerle-bir-araya-gelecek\\\/\",\"url\":\"https:\\\/\\\/kuzeyinsesi.org\\\/index.php\\\/2025\\\/05\\\/04\\\/piyanist-ruya-taner-yarin-magusa-tmk-carsamba-gunu-ise-lefkosa-guzel-sanatlar-lisesinde-ogrencilerle-bir-araya-gelecek\\\/\",\"name\":\"Piyanist R\u00fcya Taner, yar\u0131n Ma\u011fusa TMK \u00e7ar\u015famba g\u00fcn\u00fc ise Lefko\u015fa G\u00fczel Sanatlar Lisesi\u2019nde \u00f6\u011frencilerle bir araya gelecek - Kuzeyin Sesi\",\"isPartOf\":{\"@id\":\"https:\\\/\\\/kuzeyinsesi.org\\\/#website\"},\"primaryImageOfPage\":{\"@id\":\"https:\\\/\\\/kuzeyinsesi.org\\\/index.php\\\/2025\\\/05\\\/04\\\/piyanist-ruya-taner-yarin-magusa-tmk-carsamba-gunu-ise-lefkosa-guzel-sanatlar-lisesinde-ogrencilerle-bir-araya-gelecek\\\/#primaryimage\"},\"image\":{\"@id\":\"https:\\\/\\\/kuzeyinsesi.org\\\/index.php\\\/2025\\\/05\\\/04\\\/piyanist-ruya-taner-yarin-magusa-tmk-carsamba-gunu-ise-lefkosa-guzel-sanatlar-lisesinde-ogrencilerle-bir-araya-gelecek\\\/#primaryimage\"},\"thumbnailUrl\":\"https:\\\/\\\/kuzeyinsesi.org\\\/wp-content\\\/uploads\\\/2025\\\/05\\\/ryataner.jpg\",\"datePublished\":\"2025-05-04T10:07:13+00:00\",\"author\":{\"@id\":\"https:\\\/\\\/kuzeyinsesi.org\\\/#\\\/schema\\\/person\\\/9f859689cdf01485597712386e37f5aa\"},\"breadcrumb\":{\"@id\":\"https:\\\/\\\/kuzeyinsesi.org\\\/index.php\\\/2025\\\/05\\\/04\\\/piyanist-ruya-taner-yarin-magusa-tmk-carsamba-gunu-ise-lefkosa-guzel-sanatlar-lisesinde-ogrencilerle-bir-araya-gelecek\\\/#breadcrumb\"},\"inLanguage\":\"tr\",\"potentialAction\":[{\"@type\":\"ReadAction\",\"target\":[\"https:\\\/\\\/kuzeyinsesi.org\\\/index.php\\\/2025\\\/05\\\/04\\\/piyanist-ruya-taner-yarin-magusa-tmk-carsamba-gunu-ise-lefkosa-guzel-sanatlar-lisesinde-ogrencilerle-bir-araya-gelecek\\\/\"]}]},{\"@type\":\"ImageObject\",\"inLanguage\":\"tr\",\"@id\":\"https:\\\/\\\/kuzeyinsesi.org\\\/index.php\\\/2025\\\/05\\\/04\\\/piyanist-ruya-taner-yarin-magusa-tmk-carsamba-gunu-ise-lefkosa-guzel-sanatlar-lisesinde-ogrencilerle-bir-araya-gelecek\\\/#primaryimage\",\"url\":\"https:\\\/\\\/kuzeyinsesi.org\\\/wp-content\\\/uploads\\\/2025\\\/05\\\/ryataner.jpg\",\"contentUrl\":\"https:\\\/\\\/kuzeyinsesi.org\\\/wp-content\\\/uploads\\\/2025\\\/05\\\/ryataner.jpg\",\"width\":910,\"height\":430},{\"@type\":\"BreadcrumbList\",\"@id\":\"https:\\\/\\\/kuzeyinsesi.org\\\/index.php\\\/2025\\\/05\\\/04\\\/piyanist-ruya-taner-yarin-magusa-tmk-carsamba-gunu-ise-lefkosa-guzel-sanatlar-lisesinde-ogrencilerle-bir-araya-gelecek\\\/#breadcrumb\",\"itemListElement\":[{\"@type\":\"ListItem\",\"position\":1,\"name\":\"Anasayfa\",\"item\":\"https:\\\/\\\/kuzeyinsesi.org\\\/\"},{\"@type\":\"ListItem\",\"position\":2,\"name\":\"Piyanist R\u00fcya Taner, yar\u0131n Ma\u011fusa TMK \u00e7ar\u015famba g\u00fcn\u00fc ise Lefko\u015fa G\u00fczel Sanatlar Lisesi\u2019nde \u00f6\u011frencilerle bir araya gelecek\"}]},{\"@type\":\"WebSite\",\"@id\":\"https:\\\/\\\/kuzeyinsesi.org\\\/#website\",\"url\":\"https:\\\/\\\/kuzeyinsesi.org\\\/\",\"name\":\"Kuzeyin Sesi\",\"description\":\"Do\u011fru Haberin Adresi\",\"potentialAction\":[{\"@type\":\"SearchAction\",\"target\":{\"@type\":\"EntryPoint\",\"urlTemplate\":\"https:\\\/\\\/kuzeyinsesi.org\\\/?s={search_term_string}\"},\"query-input\":{\"@type\":\"PropertyValueSpecification\",\"valueRequired\":true,\"valueName\":\"search_term_string\"}}],\"inLanguage\":\"tr\"},{\"@type\":\"Person\",\"@id\":\"https:\\\/\\\/kuzeyinsesi.org\\\/#\\\/schema\\\/person\\\/9f859689cdf01485597712386e37f5aa\",\"name\":\"Kuzeyin Sesi\",\"image\":{\"@type\":\"ImageObject\",\"inLanguage\":\"tr\",\"@id\":\"https:\\\/\\\/secure.gravatar.com\\\/avatar\\\/bab33852abfd8b282518d6ed81826833d77c3c882d9ab608add591ccace47a44?s=96&d=mm&r=g\",\"url\":\"https:\\\/\\\/secure.gravatar.com\\\/avatar\\\/bab33852abfd8b282518d6ed81826833d77c3c882d9ab608add591ccace47a44?s=96&d=mm&r=g\",\"contentUrl\":\"https:\\\/\\\/secure.gravatar.com\\\/avatar\\\/bab33852abfd8b282518d6ed81826833d77c3c882d9ab608add591ccace47a44?s=96&d=mm&r=g\",\"caption\":\"Kuzeyin Sesi\"},\"sameAs\":[\"https:\\\/\\\/kuzeyinsesi.org\"],\"url\":\"https:\\\/\\\/kuzeyinsesi.org\\\/index.php\\\/author\\\/guven\\\/\"}]}<\/script>\n<!-- \/ Yoast SEO plugin. -->","yoast_head_json":{"title":"Piyanist R\u00fcya Taner, yar\u0131n Ma\u011fusa TMK \u00e7ar\u015famba g\u00fcn\u00fc ise Lefko\u015fa G\u00fczel Sanatlar Lisesi\u2019nde \u00f6\u011frencilerle bir araya gelecek - Kuzeyin Sesi","robots":{"index":"index","follow":"follow","max-snippet":"max-snippet:-1","max-image-preview":"max-image-preview:large","max-video-preview":"max-video-preview:-1"},"canonical":"https:\/\/kuzeyinsesi.org\/index.php\/2025\/05\/04\/piyanist-ruya-taner-yarin-magusa-tmk-carsamba-gunu-ise-lefkosa-guzel-sanatlar-lisesinde-ogrencilerle-bir-araya-gelecek\/","og_locale":"tr_TR","og_type":"article","og_title":"Piyanist R\u00fcya Taner, yar\u0131n Ma\u011fusa TMK \u00e7ar\u015famba g\u00fcn\u00fc ise Lefko\u015fa G\u00fczel Sanatlar Lisesi\u2019nde \u00f6\u011frencilerle bir araya gelecek - Kuzeyin Sesi","og_description":"Devlet sanat\u00e7\u0131s\u0131, piyanist R\u00fcya Taner \u201cR\u00fcya ile Ger\u00e7ek\u201d sosyal sorumluluk projesi kapsam\u0131nda yar\u0131n Ma\u011fusa T\u00fcrk Maarif Koleji, 7 May\u0131s \u00c7ar\u015famba g\u00fcn\u00fc ise Lefko\u015fa G\u00fczel Sanatlar Lisesi\u2019nde \u00f6\u011frencilerle bir araya gelecek. Taner, kendi \u00f6nc\u00fcl\u00fc\u011f\u00fcnde y\u00fcr\u00fct\u00fclen proje kapsam\u0131nda yar\u0131n saat 10.00\u2019da Ma\u011fusa T\u00fcrk Maarif Koleji\u2019nde \u00f6\u011frencilerle sohbet edecek ve k\u0131sa bir piyano dinletisi sunacak. R\u00fcya Taner\u2019in Lefko\u015fa [&hellip;]","og_url":"https:\/\/kuzeyinsesi.org\/index.php\/2025\/05\/04\/piyanist-ruya-taner-yarin-magusa-tmk-carsamba-gunu-ise-lefkosa-guzel-sanatlar-lisesinde-ogrencilerle-bir-araya-gelecek\/","og_site_name":"Kuzeyin Sesi","article_publisher":"https:\/\/www.facebook.com\/kuzeyinsesii","article_published_time":"2025-05-04T10:07:13+00:00","og_image":[{"url":"https:\/\/brtk.net\/wp-content\/uploads\/2025\/05\/04\/ryataner.jpg?ver=9969ee383beebdb1fc646c8781f09785","type":"","width":"","height":""}],"author":"Kuzeyin Sesi","twitter_card":"summary_large_image","twitter_creator":"@kuzeyinsesii","twitter_site":"@kuzeyinsesii","twitter_misc":{"Yazan:":"Kuzeyin Sesi","Tahmini okuma s\u00fcresi":"1 dakika"},"schema":{"@context":"https:\/\/schema.org","@graph":[{"@type":"Article","@id":"https:\/\/kuzeyinsesi.org\/index.php\/2025\/05\/04\/piyanist-ruya-taner-yarin-magusa-tmk-carsamba-gunu-ise-lefkosa-guzel-sanatlar-lisesinde-ogrencilerle-bir-araya-gelecek\/#article","isPartOf":{"@id":"https:\/\/kuzeyinsesi.org\/index.php\/2025\/05\/04\/piyanist-ruya-taner-yarin-magusa-tmk-carsamba-gunu-ise-lefkosa-guzel-sanatlar-lisesinde-ogrencilerle-bir-araya-gelecek\/"},"author":{"name":"Kuzeyin Sesi","@id":"https:\/\/kuzeyinsesi.org\/#\/schema\/person\/9f859689cdf01485597712386e37f5aa"},"headline":"Piyanist R\u00fcya Taner, yar\u0131n Ma\u011fusa TMK \u00e7ar\u015famba g\u00fcn\u00fc ise Lefko\u015fa G\u00fczel Sanatlar Lisesi\u2019nde \u00f6\u011frencilerle bir araya gelecek","datePublished":"2025-05-04T10:07:13+00:00","mainEntityOfPage":{"@id":"https:\/\/kuzeyinsesi.org\/index.php\/2025\/05\/04\/piyanist-ruya-taner-yarin-magusa-tmk-carsamba-gunu-ise-lefkosa-guzel-sanatlar-lisesinde-ogrencilerle-bir-araya-gelecek\/"},"wordCount":185,"commentCount":0,"image":{"@id":"https:\/\/kuzeyinsesi.org\/index.php\/2025\/05\/04\/piyanist-ruya-taner-yarin-magusa-tmk-carsamba-gunu-ise-lefkosa-guzel-sanatlar-lisesinde-ogrencilerle-bir-araya-gelecek\/#primaryimage"},"thumbnailUrl":"https:\/\/kuzeyinsesi.org\/wp-content\/uploads\/2025\/05\/ryataner.jpg","articleSection":["Ya\u015fam"],"inLanguage":"tr","potentialAction":[{"@type":"CommentAction","name":"Comment","target":["https:\/\/kuzeyinsesi.org\/index.php\/2025\/05\/04\/piyanist-ruya-taner-yarin-magusa-tmk-carsamba-gunu-ise-lefkosa-guzel-sanatlar-lisesinde-ogrencilerle-bir-araya-gelecek\/#respond"]}]},{"@type":"WebPage","@id":"https:\/\/kuzeyinsesi.org\/index.php\/2025\/05\/04\/piyanist-ruya-taner-yarin-magusa-tmk-carsamba-gunu-ise-lefkosa-guzel-sanatlar-lisesinde-ogrencilerle-bir-araya-gelecek\/","url":"https:\/\/kuzeyinsesi.org\/index.php\/2025\/05\/04\/piyanist-ruya-taner-yarin-magusa-tmk-carsamba-gunu-ise-lefkosa-guzel-sanatlar-lisesinde-ogrencilerle-bir-araya-gelecek\/","name":"Piyanist R\u00fcya Taner, yar\u0131n Ma\u011fusa TMK \u00e7ar\u015famba g\u00fcn\u00fc ise Lefko\u015fa G\u00fczel Sanatlar Lisesi\u2019nde \u00f6\u011frencilerle bir araya gelecek - Kuzeyin Sesi","isPartOf":{"@id":"https:\/\/kuzeyinsesi.org\/#website"},"primaryImageOfPage":{"@id":"https:\/\/kuzeyinsesi.org\/index.php\/2025\/05\/04\/piyanist-ruya-taner-yarin-magusa-tmk-carsamba-gunu-ise-lefkosa-guzel-sanatlar-lisesinde-ogrencilerle-bir-araya-gelecek\/#primaryimage"},"image":{"@id":"https:\/\/kuzeyinsesi.org\/index.php\/2025\/05\/04\/piyanist-ruya-taner-yarin-magusa-tmk-carsamba-gunu-ise-lefkosa-guzel-sanatlar-lisesinde-ogrencilerle-bir-araya-gelecek\/#primaryimage"},"thumbnailUrl":"https:\/\/kuzeyinsesi.org\/wp-content\/uploads\/2025\/05\/ryataner.jpg","datePublished":"2025-05-04T10:07:13+00:00","author":{"@id":"https:\/\/kuzeyinsesi.org\/#\/schema\/person\/9f859689cdf01485597712386e37f5aa"},"breadcrumb":{"@id":"https:\/\/kuzeyinsesi.org\/index.php\/2025\/05\/04\/piyanist-ruya-taner-yarin-magusa-tmk-carsamba-gunu-ise-lefkosa-guzel-sanatlar-lisesinde-ogrencilerle-bir-araya-gelecek\/#breadcrumb"},"inLanguage":"tr","potentialAction":[{"@type":"ReadAction","target":["https:\/\/kuzeyinsesi.org\/index.php\/2025\/05\/04\/piyanist-ruya-taner-yarin-magusa-tmk-carsamba-gunu-ise-lefkosa-guzel-sanatlar-lisesinde-ogrencilerle-bir-araya-gelecek\/"]}]},{"@type":"ImageObject","inLanguage":"tr","@id":"https:\/\/kuzeyinsesi.org\/index.php\/2025\/05\/04\/piyanist-ruya-taner-yarin-magusa-tmk-carsamba-gunu-ise-lefkosa-guzel-sanatlar-lisesinde-ogrencilerle-bir-araya-gelecek\/#primaryimage","url":"https:\/\/kuzeyinsesi.org\/wp-content\/uploads\/2025\/05\/ryataner.jpg","contentUrl":"https:\/\/kuzeyinsesi.org\/wp-content\/uploads\/2025\/05\/ryataner.jpg","width":910,"height":430},{"@type":"BreadcrumbList","@id":"https:\/\/kuzeyinsesi.org\/index.php\/2025\/05\/04\/piyanist-ruya-taner-yarin-magusa-tmk-carsamba-gunu-ise-lefkosa-guzel-sanatlar-lisesinde-ogrencilerle-bir-araya-gelecek\/#breadcrumb","itemListElement":[{"@type":"ListItem","position":1,"name":"Anasayfa","item":"https:\/\/kuzeyinsesi.org\/"},{"@type":"ListItem","position":2,"name":"Piyanist R\u00fcya Taner, yar\u0131n Ma\u011fusa TMK \u00e7ar\u015famba g\u00fcn\u00fc ise Lefko\u015fa G\u00fczel Sanatlar Lisesi\u2019nde \u00f6\u011frencilerle bir araya gelecek"}]},{"@type":"WebSite","@id":"https:\/\/kuzeyinsesi.org\/#website","url":"https:\/\/kuzeyinsesi.org\/","name":"Kuzeyin Sesi","description":"Do\u011fru Haberin Adresi","potentialAction":[{"@type":"SearchAction","target":{"@type":"EntryPoint","urlTemplate":"https:\/\/kuzeyinsesi.org\/?s={search_term_string}"},"query-input":{"@type":"PropertyValueSpecification","valueRequired":true,"valueName":"search_term_string"}}],"inLanguage":"tr"},{"@type":"Person","@id":"https:\/\/kuzeyinsesi.org\/#\/schema\/person\/9f859689cdf01485597712386e37f5aa","name":"Kuzeyin Sesi","image":{"@type":"ImageObject","inLanguage":"tr","@id":"https:\/\/secure.gravatar.com\/avatar\/bab33852abfd8b282518d6ed81826833d77c3c882d9ab608add591ccace47a44?s=96&d=mm&r=g","url":"https:\/\/secure.gravatar.com\/avatar\/bab33852abfd8b282518d6ed81826833d77c3c882d9ab608add591ccace47a44?s=96&d=mm&r=g","contentUrl":"https:\/\/secure.gravatar.com\/avatar\/bab33852abfd8b282518d6ed81826833d77c3c882d9ab608add591ccace47a44?s=96&d=mm&r=g","caption":"Kuzeyin Sesi"},"sameAs":["https:\/\/kuzeyinsesi.org"],"url":"https:\/\/kuzeyinsesi.org\/index.php\/author\/guven\/"}]}},"_links":{"self":[{"href":"https:\/\/kuzeyinsesi.org\/index.php\/wp-json\/wp\/v2\/posts\/24523","targetHints":{"allow":["GET"]}}],"collection":[{"href":"https:\/\/kuzeyinsesi.org\/index.php\/wp-json\/wp\/v2\/posts"}],"about":[{"href":"https:\/\/kuzeyinsesi.org\/index.php\/wp-json\/wp\/v2\/types\/post"}],"author":[{"embeddable":true,"href":"https:\/\/kuzeyinsesi.org\/index.php\/wp-json\/wp\/v2\/users\/1"}],"replies":[{"embeddable":true,"href":"https:\/\/kuzeyinsesi.org\/index.php\/wp-json\/wp\/v2\/comments?post=24523"}],"version-history":[{"count":0,"href":"https:\/\/kuzeyinsesi.org\/index.php\/wp-json\/wp\/v2\/posts\/24523\/revisions"}],"wp:featuredmedia":[{"embeddable":true,"href":"https:\/\/kuzeyinsesi.org\/index.php\/wp-json\/wp\/v2\/media\/24524"}],"wp:attachment":[{"href":"https:\/\/kuzeyinsesi.org\/index.php\/wp-json\/wp\/v2\/media?parent=24523"}],"wp:term":[{"taxonomy":"category","embeddable":true,"href":"https:\/\/kuzeyinsesi.org\/index.php\/wp-json\/wp\/v2\/categories?post=24523"},{"taxonomy":"post_tag","embeddable":true,"href":"https:\/\/kuzeyinsesi.org\/index.php\/wp-json\/wp\/v2\/tags?post=24523"}],"curies":[{"name":"wp","href":"https:\/\/api.w.org\/{rel}","templated":true}]}}