{"id":24476,"date":"2025-05-03T18:44:35","date_gmt":"2025-05-03T15:44:35","guid":{"rendered":"https:\/\/kuzeyinsesi.org\/index.php\/2025\/05\/03\/tatar-ergenin-gorunmeyen-kizlar-sergisine-katildi\/"},"modified":"2025-05-03T18:44:35","modified_gmt":"2025-05-03T15:44:35","slug":"tatar-ergenin-gorunmeyen-kizlar-sergisine-katildi","status":"publish","type":"post","link":"https:\/\/kuzeyinsesi.org\/index.php\/2025\/05\/03\/tatar-ergenin-gorunmeyen-kizlar-sergisine-katildi\/","title":{"rendered":"Tatar, Ergen\u2019in \u201cG\u00f6r\u00fcnmeyen K\u0131zlar\u201d sergisine kat\u0131ld\u0131"},"content":{"rendered":"<div>\n<div class=\"mariselle-image-container center\">\n                                            <\/div>\n<p>Cumhurba\u015fkan\u0131 Ersin Tatar, Sanat\u00e7\u0131 Elif Varol Ergen\u2019in \u201cG\u00f6r\u00fcnmeyen K\u0131zlar\u201d (Unseen Daughters) adl\u0131 ki\u015fisel sergisine kat\u0131ld\u0131.<\/p>\n<p>Cumhurba\u015fkanl\u0131\u011f\u0131\u2019ndan verilen bilgiye g\u00f6re, YD\u00dc Atat\u00fcrk K\u00fclt\u00fcr ve Kongre Merkezi Sergi Salonu\u2019nda ger\u00e7ekle\u015fen sergi a\u00e7\u0131l\u0131\u015f\u0131nda  konu\u015fan  Cumhurba\u015fkan\u0131 Ersin Tatar, sergide bulunmaktan duydu\u011fu memnuniyeti ifade etti. Eserleri sergilenen sanat\u00e7\u0131y\u0131 tebrik ederek ba\u015far\u0131lar dileyen Cumhurba\u015fkan\u0131 Tatar, YD\u00dc\u2019n\u00fcn sanata, bilime, evrenselli\u011fe ve \u00e7al\u0131\u015ftaylara b\u00fcy\u00fck \u00f6nem verdi\u011fine dikkat \u00e7ekti.<\/p>\n<p>Tatar, K\u0131br\u0131s T\u00fcrk k\u00fclt\u00fcr\u00fcn\u00fcn sanata d\u00f6n\u00fc\u015ft\u00fcr\u00fcl\u00fcp gelecek ku\u015faklara aktar\u0131lmas\u0131n\u0131n \u00f6nemine i\u015faret etti.<\/p>\n<p>Cumhurba\u015fkan\u0131 Ersin Tatar \u015funlar\u0131 kaydetti:<\/p>\n<p>\u201cTarihsel ge\u00e7mi\u015fimiz, sanat ve k\u00fclt\u00fcr\u00fcm\u00fcz bizlerin kimli\u011fidir. Sanat evrenseldir ve d\u00fcnya dilidir. Bizler sanat ve sanata verdi\u011fimiz de\u011fer ile bizlere uygulanan t\u00fcm  izolasyonlar\u0131 a\u015f\u0131yoruz. Yabanc\u0131 sanat\u00e7\u0131larla yapt\u0131\u011f\u0131m\u0131z k\u00fclt\u00fcrel faaliyetler, K\u0131br\u0131s T\u00fcrk halk\u0131 olarak ne kadar evrensel ve \u00e7a\u011fda\u015f oldu\u011fumuzun bir g\u00f6stergesidir. \u00dclkemizin tan\u0131t\u0131m\u0131na katk\u0131 sa\u011flayan, bu u\u011furda emek veren t\u00fcm sanat\u00e7\u0131lar\u0131m\u0131z\u0131 tebrik eder, emeklerinden dolay\u0131 te\u015fekk\u00fcr ederim\u201d dedi.<\/p>\n<\/p><\/div>\n<p><script async\n                    defer\n                    crossorigin=\"anonymous\"\n                    src=\"https:\/\/connect.facebook.net\/tr_TR\/sdk.js#xfbml=1&#038;version=v3.3\"\n            ><\/script><\/p>\n","protected":false},"excerpt":{"rendered":"<p>Cumhurba\u015fkan\u0131 Ersin Tatar, Sanat\u00e7\u0131 Elif Varol Ergen\u2019in \u201cG\u00f6r\u00fcnmeyen K\u0131zlar\u201d (Unseen Daughters) adl\u0131 ki\u015fisel sergisine kat\u0131ld\u0131. Cumhurba\u015fkanl\u0131\u011f\u0131\u2019ndan verilen bilgiye g\u00f6re, YD\u00dc Atat\u00fcrk K\u00fclt\u00fcr ve Kongre Merkezi Sergi Salonu\u2019nda ger\u00e7ekle\u015fen sergi a\u00e7\u0131l\u0131\u015f\u0131nda konu\u015fan Cumhurba\u015fkan\u0131 Ersin Tatar, sergide bulunmaktan duydu\u011fu memnuniyeti ifade etti. Eserleri sergilenen sanat\u00e7\u0131y\u0131 tebrik ederek ba\u015far\u0131lar dileyen Cumhurba\u015fkan\u0131 Tatar, YD\u00dc\u2019n\u00fcn sanata, bilime, evrenselli\u011fe ve \u00e7al\u0131\u015ftaylara [&hellip;]<\/p>\n","protected":false},"author":1,"featured_media":24477,"comment_status":"open","ping_status":"open","sticky":false,"template":"","format":"standard","meta":{"jnews-multi-image_gallery":[],"jnews_single_post":[],"jnews_primary_category":[],"jnews_social_meta":[],"jnews_override_counter":[],"footnotes":""},"categories":[6],"tags":[],"class_list":["post-24476","post","type-post","status-publish","format-standard","has-post-thumbnail","hentry","category-yasam"],"yoast_head":"<!-- This site is optimized with the Yoast SEO plugin v27.4 - https:\/\/yoast.com\/product\/yoast-seo-wordpress\/ -->\n<title>Tatar, Ergen\u2019in \u201cG\u00f6r\u00fcnmeyen K\u0131zlar\u201d sergisine kat\u0131ld\u0131 - Kuzeyin Sesi<\/title>\n<meta name=\"robots\" content=\"index, follow, max-snippet:-1, max-image-preview:large, max-video-preview:-1\" \/>\n<link rel=\"canonical\" href=\"https:\/\/kuzeyinsesi.org\/index.php\/2025\/05\/03\/tatar-ergenin-gorunmeyen-kizlar-sergisine-katildi\/\" \/>\n<meta property=\"og:locale\" content=\"tr_TR\" \/>\n<meta property=\"og:type\" content=\"article\" \/>\n<meta property=\"og:title\" content=\"Tatar, Ergen\u2019in \u201cG\u00f6r\u00fcnmeyen K\u0131zlar\u201d sergisine kat\u0131ld\u0131 - Kuzeyin Sesi\" \/>\n<meta property=\"og:description\" content=\"Cumhurba\u015fkan\u0131 Ersin Tatar, Sanat\u00e7\u0131 Elif Varol Ergen\u2019in \u201cG\u00f6r\u00fcnmeyen K\u0131zlar\u201d (Unseen Daughters) adl\u0131 ki\u015fisel sergisine kat\u0131ld\u0131. Cumhurba\u015fkanl\u0131\u011f\u0131\u2019ndan verilen bilgiye g\u00f6re, YD\u00dc Atat\u00fcrk K\u00fclt\u00fcr ve Kongre Merkezi Sergi Salonu\u2019nda ger\u00e7ekle\u015fen sergi a\u00e7\u0131l\u0131\u015f\u0131nda konu\u015fan Cumhurba\u015fkan\u0131 Ersin Tatar, sergide bulunmaktan duydu\u011fu memnuniyeti ifade etti. Eserleri sergilenen sanat\u00e7\u0131y\u0131 tebrik ederek ba\u015far\u0131lar dileyen Cumhurba\u015fkan\u0131 Tatar, YD\u00dc\u2019n\u00fcn sanata, bilime, evrenselli\u011fe ve \u00e7al\u0131\u015ftaylara [&hellip;]\" \/>\n<meta property=\"og:url\" content=\"https:\/\/kuzeyinsesi.org\/index.php\/2025\/05\/03\/tatar-ergenin-gorunmeyen-kizlar-sergisine-katildi\/\" \/>\n<meta property=\"og:site_name\" content=\"Kuzeyin Sesi\" \/>\n<meta property=\"article:publisher\" content=\"https:\/\/www.facebook.com\/kuzeyinsesii\" \/>\n<meta property=\"article:published_time\" content=\"2025-05-03T15:44:35+00:00\" \/>\n<meta property=\"og:image\" content=\"https:\/\/brtk.net\/wp-content\/uploads\/2025\/05\/03\/1746260162785Tatar-Sanatci-Elif-Varol-Ergenin-Gorunmeyen-Kizlar-Unseen-Daughters-adli-kisisel-sergisine-katildi-3.jpeg?ver=56e15b2b6b45e1b983f984b6230850d6\" \/>\n<meta name=\"author\" content=\"Kuzeyin Sesi\" \/>\n<meta name=\"twitter:card\" content=\"summary_large_image\" \/>\n<meta name=\"twitter:creator\" content=\"@kuzeyinsesii\" \/>\n<meta name=\"twitter:site\" content=\"@kuzeyinsesii\" \/>\n<meta name=\"twitter:label1\" content=\"Yazan:\" \/>\n\t<meta name=\"twitter:data1\" content=\"Kuzeyin Sesi\" \/>\n\t<meta name=\"twitter:label2\" content=\"Tahmini okuma s\u00fcresi\" \/>\n\t<meta name=\"twitter:data2\" content=\"1 dakika\" \/>\n<script type=\"application\/ld+json\" class=\"yoast-schema-graph\">{\"@context\":\"https:\\\/\\\/schema.org\",\"@graph\":[{\"@type\":\"Article\",\"@id\":\"https:\\\/\\\/kuzeyinsesi.org\\\/index.php\\\/2025\\\/05\\\/03\\\/tatar-ergenin-gorunmeyen-kizlar-sergisine-katildi\\\/#article\",\"isPartOf\":{\"@id\":\"https:\\\/\\\/kuzeyinsesi.org\\\/index.php\\\/2025\\\/05\\\/03\\\/tatar-ergenin-gorunmeyen-kizlar-sergisine-katildi\\\/\"},\"author\":{\"name\":\"Kuzeyin Sesi\",\"@id\":\"https:\\\/\\\/kuzeyinsesi.org\\\/#\\\/schema\\\/person\\\/9f859689cdf01485597712386e37f5aa\"},\"headline\":\"Tatar, Ergen\u2019in \u201cG\u00f6r\u00fcnmeyen K\u0131zlar\u201d sergisine kat\u0131ld\u0131\",\"datePublished\":\"2025-05-03T15:44:35+00:00\",\"mainEntityOfPage\":{\"@id\":\"https:\\\/\\\/kuzeyinsesi.org\\\/index.php\\\/2025\\\/05\\\/03\\\/tatar-ergenin-gorunmeyen-kizlar-sergisine-katildi\\\/\"},\"wordCount\":230,\"commentCount\":0,\"image\":{\"@id\":\"https:\\\/\\\/kuzeyinsesi.org\\\/index.php\\\/2025\\\/05\\\/03\\\/tatar-ergenin-gorunmeyen-kizlar-sergisine-katildi\\\/#primaryimage\"},\"thumbnailUrl\":\"https:\\\/\\\/kuzeyinsesi.org\\\/wp-content\\\/uploads\\\/2025\\\/05\\\/1746260162785Tatar-Sanatci-Elif-Varol-Ergenin-Gorunmeyen-Kizlar-Unseen-Daughters-adli-kisisel-sergis.jpeg\",\"articleSection\":[\"Ya\u015fam\"],\"inLanguage\":\"tr\",\"potentialAction\":[{\"@type\":\"CommentAction\",\"name\":\"Comment\",\"target\":[\"https:\\\/\\\/kuzeyinsesi.org\\\/index.php\\\/2025\\\/05\\\/03\\\/tatar-ergenin-gorunmeyen-kizlar-sergisine-katildi\\\/#respond\"]}]},{\"@type\":\"WebPage\",\"@id\":\"https:\\\/\\\/kuzeyinsesi.org\\\/index.php\\\/2025\\\/05\\\/03\\\/tatar-ergenin-gorunmeyen-kizlar-sergisine-katildi\\\/\",\"url\":\"https:\\\/\\\/kuzeyinsesi.org\\\/index.php\\\/2025\\\/05\\\/03\\\/tatar-ergenin-gorunmeyen-kizlar-sergisine-katildi\\\/\",\"name\":\"Tatar, Ergen\u2019in \u201cG\u00f6r\u00fcnmeyen K\u0131zlar\u201d sergisine kat\u0131ld\u0131 - Kuzeyin Sesi\",\"isPartOf\":{\"@id\":\"https:\\\/\\\/kuzeyinsesi.org\\\/#website\"},\"primaryImageOfPage\":{\"@id\":\"https:\\\/\\\/kuzeyinsesi.org\\\/index.php\\\/2025\\\/05\\\/03\\\/tatar-ergenin-gorunmeyen-kizlar-sergisine-katildi\\\/#primaryimage\"},\"image\":{\"@id\":\"https:\\\/\\\/kuzeyinsesi.org\\\/index.php\\\/2025\\\/05\\\/03\\\/tatar-ergenin-gorunmeyen-kizlar-sergisine-katildi\\\/#primaryimage\"},\"thumbnailUrl\":\"https:\\\/\\\/kuzeyinsesi.org\\\/wp-content\\\/uploads\\\/2025\\\/05\\\/1746260162785Tatar-Sanatci-Elif-Varol-Ergenin-Gorunmeyen-Kizlar-Unseen-Daughters-adli-kisisel-sergis.jpeg\",\"datePublished\":\"2025-05-03T15:44:35+00:00\",\"author\":{\"@id\":\"https:\\\/\\\/kuzeyinsesi.org\\\/#\\\/schema\\\/person\\\/9f859689cdf01485597712386e37f5aa\"},\"breadcrumb\":{\"@id\":\"https:\\\/\\\/kuzeyinsesi.org\\\/index.php\\\/2025\\\/05\\\/03\\\/tatar-ergenin-gorunmeyen-kizlar-sergisine-katildi\\\/#breadcrumb\"},\"inLanguage\":\"tr\",\"potentialAction\":[{\"@type\":\"ReadAction\",\"target\":[\"https:\\\/\\\/kuzeyinsesi.org\\\/index.php\\\/2025\\\/05\\\/03\\\/tatar-ergenin-gorunmeyen-kizlar-sergisine-katildi\\\/\"]}]},{\"@type\":\"ImageObject\",\"inLanguage\":\"tr\",\"@id\":\"https:\\\/\\\/kuzeyinsesi.org\\\/index.php\\\/2025\\\/05\\\/03\\\/tatar-ergenin-gorunmeyen-kizlar-sergisine-katildi\\\/#primaryimage\",\"url\":\"https:\\\/\\\/kuzeyinsesi.org\\\/wp-content\\\/uploads\\\/2025\\\/05\\\/1746260162785Tatar-Sanatci-Elif-Varol-Ergenin-Gorunmeyen-Kizlar-Unseen-Daughters-adli-kisisel-sergis.jpeg\",\"contentUrl\":\"https:\\\/\\\/kuzeyinsesi.org\\\/wp-content\\\/uploads\\\/2025\\\/05\\\/1746260162785Tatar-Sanatci-Elif-Varol-Ergenin-Gorunmeyen-Kizlar-Unseen-Daughters-adli-kisisel-sergis.jpeg\",\"width\":1600,\"height\":1066},{\"@type\":\"BreadcrumbList\",\"@id\":\"https:\\\/\\\/kuzeyinsesi.org\\\/index.php\\\/2025\\\/05\\\/03\\\/tatar-ergenin-gorunmeyen-kizlar-sergisine-katildi\\\/#breadcrumb\",\"itemListElement\":[{\"@type\":\"ListItem\",\"position\":1,\"name\":\"Anasayfa\",\"item\":\"https:\\\/\\\/kuzeyinsesi.org\\\/\"},{\"@type\":\"ListItem\",\"position\":2,\"name\":\"Tatar, Ergen\u2019in \u201cG\u00f6r\u00fcnmeyen K\u0131zlar\u201d sergisine kat\u0131ld\u0131\"}]},{\"@type\":\"WebSite\",\"@id\":\"https:\\\/\\\/kuzeyinsesi.org\\\/#website\",\"url\":\"https:\\\/\\\/kuzeyinsesi.org\\\/\",\"name\":\"Kuzeyin Sesi\",\"description\":\"Do\u011fru Haberin Adresi\",\"potentialAction\":[{\"@type\":\"SearchAction\",\"target\":{\"@type\":\"EntryPoint\",\"urlTemplate\":\"https:\\\/\\\/kuzeyinsesi.org\\\/?s={search_term_string}\"},\"query-input\":{\"@type\":\"PropertyValueSpecification\",\"valueRequired\":true,\"valueName\":\"search_term_string\"}}],\"inLanguage\":\"tr\"},{\"@type\":\"Person\",\"@id\":\"https:\\\/\\\/kuzeyinsesi.org\\\/#\\\/schema\\\/person\\\/9f859689cdf01485597712386e37f5aa\",\"name\":\"Kuzeyin Sesi\",\"image\":{\"@type\":\"ImageObject\",\"inLanguage\":\"tr\",\"@id\":\"https:\\\/\\\/secure.gravatar.com\\\/avatar\\\/bab33852abfd8b282518d6ed81826833d77c3c882d9ab608add591ccace47a44?s=96&d=mm&r=g\",\"url\":\"https:\\\/\\\/secure.gravatar.com\\\/avatar\\\/bab33852abfd8b282518d6ed81826833d77c3c882d9ab608add591ccace47a44?s=96&d=mm&r=g\",\"contentUrl\":\"https:\\\/\\\/secure.gravatar.com\\\/avatar\\\/bab33852abfd8b282518d6ed81826833d77c3c882d9ab608add591ccace47a44?s=96&d=mm&r=g\",\"caption\":\"Kuzeyin Sesi\"},\"sameAs\":[\"https:\\\/\\\/kuzeyinsesi.org\"],\"url\":\"https:\\\/\\\/kuzeyinsesi.org\\\/index.php\\\/author\\\/guven\\\/\"}]}<\/script>\n<!-- \/ Yoast SEO plugin. -->","yoast_head_json":{"title":"Tatar, Ergen\u2019in \u201cG\u00f6r\u00fcnmeyen K\u0131zlar\u201d sergisine kat\u0131ld\u0131 - Kuzeyin Sesi","robots":{"index":"index","follow":"follow","max-snippet":"max-snippet:-1","max-image-preview":"max-image-preview:large","max-video-preview":"max-video-preview:-1"},"canonical":"https:\/\/kuzeyinsesi.org\/index.php\/2025\/05\/03\/tatar-ergenin-gorunmeyen-kizlar-sergisine-katildi\/","og_locale":"tr_TR","og_type":"article","og_title":"Tatar, Ergen\u2019in \u201cG\u00f6r\u00fcnmeyen K\u0131zlar\u201d sergisine kat\u0131ld\u0131 - Kuzeyin Sesi","og_description":"Cumhurba\u015fkan\u0131 Ersin Tatar, Sanat\u00e7\u0131 Elif Varol Ergen\u2019in \u201cG\u00f6r\u00fcnmeyen K\u0131zlar\u201d (Unseen Daughters) adl\u0131 ki\u015fisel sergisine kat\u0131ld\u0131. Cumhurba\u015fkanl\u0131\u011f\u0131\u2019ndan verilen bilgiye g\u00f6re, YD\u00dc Atat\u00fcrk K\u00fclt\u00fcr ve Kongre Merkezi Sergi Salonu\u2019nda ger\u00e7ekle\u015fen sergi a\u00e7\u0131l\u0131\u015f\u0131nda konu\u015fan Cumhurba\u015fkan\u0131 Ersin Tatar, sergide bulunmaktan duydu\u011fu memnuniyeti ifade etti. Eserleri sergilenen sanat\u00e7\u0131y\u0131 tebrik ederek ba\u015far\u0131lar dileyen Cumhurba\u015fkan\u0131 Tatar, YD\u00dc\u2019n\u00fcn sanata, bilime, evrenselli\u011fe ve \u00e7al\u0131\u015ftaylara [&hellip;]","og_url":"https:\/\/kuzeyinsesi.org\/index.php\/2025\/05\/03\/tatar-ergenin-gorunmeyen-kizlar-sergisine-katildi\/","og_site_name":"Kuzeyin Sesi","article_publisher":"https:\/\/www.facebook.com\/kuzeyinsesii","article_published_time":"2025-05-03T15:44:35+00:00","og_image":[{"url":"https:\/\/brtk.net\/wp-content\/uploads\/2025\/05\/03\/1746260162785Tatar-Sanatci-Elif-Varol-Ergenin-Gorunmeyen-Kizlar-Unseen-Daughters-adli-kisisel-sergisine-katildi-3.jpeg?ver=56e15b2b6b45e1b983f984b6230850d6","type":"","width":"","height":""}],"author":"Kuzeyin Sesi","twitter_card":"summary_large_image","twitter_creator":"@kuzeyinsesii","twitter_site":"@kuzeyinsesii","twitter_misc":{"Yazan:":"Kuzeyin Sesi","Tahmini okuma s\u00fcresi":"1 dakika"},"schema":{"@context":"https:\/\/schema.org","@graph":[{"@type":"Article","@id":"https:\/\/kuzeyinsesi.org\/index.php\/2025\/05\/03\/tatar-ergenin-gorunmeyen-kizlar-sergisine-katildi\/#article","isPartOf":{"@id":"https:\/\/kuzeyinsesi.org\/index.php\/2025\/05\/03\/tatar-ergenin-gorunmeyen-kizlar-sergisine-katildi\/"},"author":{"name":"Kuzeyin Sesi","@id":"https:\/\/kuzeyinsesi.org\/#\/schema\/person\/9f859689cdf01485597712386e37f5aa"},"headline":"Tatar, Ergen\u2019in \u201cG\u00f6r\u00fcnmeyen K\u0131zlar\u201d sergisine kat\u0131ld\u0131","datePublished":"2025-05-03T15:44:35+00:00","mainEntityOfPage":{"@id":"https:\/\/kuzeyinsesi.org\/index.php\/2025\/05\/03\/tatar-ergenin-gorunmeyen-kizlar-sergisine-katildi\/"},"wordCount":230,"commentCount":0,"image":{"@id":"https:\/\/kuzeyinsesi.org\/index.php\/2025\/05\/03\/tatar-ergenin-gorunmeyen-kizlar-sergisine-katildi\/#primaryimage"},"thumbnailUrl":"https:\/\/kuzeyinsesi.org\/wp-content\/uploads\/2025\/05\/1746260162785Tatar-Sanatci-Elif-Varol-Ergenin-Gorunmeyen-Kizlar-Unseen-Daughters-adli-kisisel-sergis.jpeg","articleSection":["Ya\u015fam"],"inLanguage":"tr","potentialAction":[{"@type":"CommentAction","name":"Comment","target":["https:\/\/kuzeyinsesi.org\/index.php\/2025\/05\/03\/tatar-ergenin-gorunmeyen-kizlar-sergisine-katildi\/#respond"]}]},{"@type":"WebPage","@id":"https:\/\/kuzeyinsesi.org\/index.php\/2025\/05\/03\/tatar-ergenin-gorunmeyen-kizlar-sergisine-katildi\/","url":"https:\/\/kuzeyinsesi.org\/index.php\/2025\/05\/03\/tatar-ergenin-gorunmeyen-kizlar-sergisine-katildi\/","name":"Tatar, Ergen\u2019in \u201cG\u00f6r\u00fcnmeyen K\u0131zlar\u201d sergisine kat\u0131ld\u0131 - Kuzeyin Sesi","isPartOf":{"@id":"https:\/\/kuzeyinsesi.org\/#website"},"primaryImageOfPage":{"@id":"https:\/\/kuzeyinsesi.org\/index.php\/2025\/05\/03\/tatar-ergenin-gorunmeyen-kizlar-sergisine-katildi\/#primaryimage"},"image":{"@id":"https:\/\/kuzeyinsesi.org\/index.php\/2025\/05\/03\/tatar-ergenin-gorunmeyen-kizlar-sergisine-katildi\/#primaryimage"},"thumbnailUrl":"https:\/\/kuzeyinsesi.org\/wp-content\/uploads\/2025\/05\/1746260162785Tatar-Sanatci-Elif-Varol-Ergenin-Gorunmeyen-Kizlar-Unseen-Daughters-adli-kisisel-sergis.jpeg","datePublished":"2025-05-03T15:44:35+00:00","author":{"@id":"https:\/\/kuzeyinsesi.org\/#\/schema\/person\/9f859689cdf01485597712386e37f5aa"},"breadcrumb":{"@id":"https:\/\/kuzeyinsesi.org\/index.php\/2025\/05\/03\/tatar-ergenin-gorunmeyen-kizlar-sergisine-katildi\/#breadcrumb"},"inLanguage":"tr","potentialAction":[{"@type":"ReadAction","target":["https:\/\/kuzeyinsesi.org\/index.php\/2025\/05\/03\/tatar-ergenin-gorunmeyen-kizlar-sergisine-katildi\/"]}]},{"@type":"ImageObject","inLanguage":"tr","@id":"https:\/\/kuzeyinsesi.org\/index.php\/2025\/05\/03\/tatar-ergenin-gorunmeyen-kizlar-sergisine-katildi\/#primaryimage","url":"https:\/\/kuzeyinsesi.org\/wp-content\/uploads\/2025\/05\/1746260162785Tatar-Sanatci-Elif-Varol-Ergenin-Gorunmeyen-Kizlar-Unseen-Daughters-adli-kisisel-sergis.jpeg","contentUrl":"https:\/\/kuzeyinsesi.org\/wp-content\/uploads\/2025\/05\/1746260162785Tatar-Sanatci-Elif-Varol-Ergenin-Gorunmeyen-Kizlar-Unseen-Daughters-adli-kisisel-sergis.jpeg","width":1600,"height":1066},{"@type":"BreadcrumbList","@id":"https:\/\/kuzeyinsesi.org\/index.php\/2025\/05\/03\/tatar-ergenin-gorunmeyen-kizlar-sergisine-katildi\/#breadcrumb","itemListElement":[{"@type":"ListItem","position":1,"name":"Anasayfa","item":"https:\/\/kuzeyinsesi.org\/"},{"@type":"ListItem","position":2,"name":"Tatar, Ergen\u2019in \u201cG\u00f6r\u00fcnmeyen K\u0131zlar\u201d sergisine kat\u0131ld\u0131"}]},{"@type":"WebSite","@id":"https:\/\/kuzeyinsesi.org\/#website","url":"https:\/\/kuzeyinsesi.org\/","name":"Kuzeyin Sesi","description":"Do\u011fru Haberin Adresi","potentialAction":[{"@type":"SearchAction","target":{"@type":"EntryPoint","urlTemplate":"https:\/\/kuzeyinsesi.org\/?s={search_term_string}"},"query-input":{"@type":"PropertyValueSpecification","valueRequired":true,"valueName":"search_term_string"}}],"inLanguage":"tr"},{"@type":"Person","@id":"https:\/\/kuzeyinsesi.org\/#\/schema\/person\/9f859689cdf01485597712386e37f5aa","name":"Kuzeyin Sesi","image":{"@type":"ImageObject","inLanguage":"tr","@id":"https:\/\/secure.gravatar.com\/avatar\/bab33852abfd8b282518d6ed81826833d77c3c882d9ab608add591ccace47a44?s=96&d=mm&r=g","url":"https:\/\/secure.gravatar.com\/avatar\/bab33852abfd8b282518d6ed81826833d77c3c882d9ab608add591ccace47a44?s=96&d=mm&r=g","contentUrl":"https:\/\/secure.gravatar.com\/avatar\/bab33852abfd8b282518d6ed81826833d77c3c882d9ab608add591ccace47a44?s=96&d=mm&r=g","caption":"Kuzeyin Sesi"},"sameAs":["https:\/\/kuzeyinsesi.org"],"url":"https:\/\/kuzeyinsesi.org\/index.php\/author\/guven\/"}]}},"_links":{"self":[{"href":"https:\/\/kuzeyinsesi.org\/index.php\/wp-json\/wp\/v2\/posts\/24476","targetHints":{"allow":["GET"]}}],"collection":[{"href":"https:\/\/kuzeyinsesi.org\/index.php\/wp-json\/wp\/v2\/posts"}],"about":[{"href":"https:\/\/kuzeyinsesi.org\/index.php\/wp-json\/wp\/v2\/types\/post"}],"author":[{"embeddable":true,"href":"https:\/\/kuzeyinsesi.org\/index.php\/wp-json\/wp\/v2\/users\/1"}],"replies":[{"embeddable":true,"href":"https:\/\/kuzeyinsesi.org\/index.php\/wp-json\/wp\/v2\/comments?post=24476"}],"version-history":[{"count":0,"href":"https:\/\/kuzeyinsesi.org\/index.php\/wp-json\/wp\/v2\/posts\/24476\/revisions"}],"wp:featuredmedia":[{"embeddable":true,"href":"https:\/\/kuzeyinsesi.org\/index.php\/wp-json\/wp\/v2\/media\/24477"}],"wp:attachment":[{"href":"https:\/\/kuzeyinsesi.org\/index.php\/wp-json\/wp\/v2\/media?parent=24476"}],"wp:term":[{"taxonomy":"category","embeddable":true,"href":"https:\/\/kuzeyinsesi.org\/index.php\/wp-json\/wp\/v2\/categories?post=24476"},{"taxonomy":"post_tag","embeddable":true,"href":"https:\/\/kuzeyinsesi.org\/index.php\/wp-json\/wp\/v2\/tags?post=24476"}],"curies":[{"name":"wp","href":"https:\/\/api.w.org\/{rel}","templated":true}]}}