{"id":24237,"date":"2025-04-30T20:59:39","date_gmt":"2025-04-30T17:59:39","guid":{"rendered":"https:\/\/kuzeyinsesi.org\/index.php\/2025\/04\/30\/cumhurbaskani-tatara-album-takdimi-yapildi\/"},"modified":"2025-04-30T20:59:39","modified_gmt":"2025-04-30T17:59:39","slug":"cumhurbaskani-tatara-album-takdimi-yapildi","status":"publish","type":"post","link":"https:\/\/kuzeyinsesi.org\/index.php\/2025\/04\/30\/cumhurbaskani-tatara-album-takdimi-yapildi\/","title":{"rendered":"Cumhurba\u015fkan\u0131 Tatar\u2019a alb\u00fcm takdimi yap\u0131ld\u0131"},"content":{"rendered":"<div>\n<div class=\"mariselle-image-container center\">\n                                            <\/div>\n<p>Cumhurba\u015fkan\u0131 Ersin Tatar, sanat\u00e7\u0131 Cansu \u015eanl\u0131da\u011f ve Prof. Dr. Tamer \u015eanl\u0131da\u011f\u2019\u0131 kabul ederek g\u00f6r\u00fc\u015ft\u00fc.  <\/p>\n<p>Kabulde ziyaretten duydu\u011fu memnuniyeti ifade eden Cumhurba\u015fkan\u0131 Ersin Tatar\u2019a, piyanist Cansu \u015eanl\u0131da\u011f alb\u00fcm takdim etti. <\/p>\n<p>K\u00fclt\u00fcr ve sanat\u0131n \u00f6nemine de\u011finen Cumhurba\u015fkan\u0131 Tatar, bu \u00e7al\u0131\u015fman\u0131n sanat anlam\u0131nda da \u00f6nemli bir \u00e7al\u0131\u015fma oldu\u011funu dile getirdi ve Cansu \u015eanl\u0131da\u011f\u2019a ba\u015far\u0131lar diledi. \u00dclkemizi yurtd\u0131\u015f\u0131 \u00e7al\u0131\u015fmalar\u0131nda temsil eden sanat\u00e7\u0131m\u0131z\u0131n, yetenekleriyle K\u0131br\u0131s T\u00fcrk k\u00fclt\u00fcr\u00fcne ve m\u00fczi\u011fine renk katmas\u0131n\u0131n, bir tan\u0131t\u0131m oldu\u011funu vurgulad\u0131.<\/p>\n<p>Cumhurba\u015fkan\u0131 Tatar, bu gibi \u00e7al\u0131\u015fmalar\u0131n K\u0131br\u0131s T\u00fcrk halk\u0131n\u0131n dinamik ve \u00fcretken yap\u0131s\u0131yla bu topraklarda var oldu\u011fu mesaj\u0131n\u0131 ileterek, verilen m\u00fccadeleye \u00f6nemli katk\u0131 koydu\u011funu kaydetti.<\/p>\n<\/p><\/div>\n<p><script async\n                    defer\n                    crossorigin=\"anonymous\"\n                    src=\"https:\/\/connect.facebook.net\/tr_TR\/sdk.js#xfbml=1&#038;version=v3.3\"\n            ><\/script><\/p>\n","protected":false},"excerpt":{"rendered":"<p>Cumhurba\u015fkan\u0131 Ersin Tatar, sanat\u00e7\u0131 Cansu \u015eanl\u0131da\u011f ve Prof. Dr. Tamer \u015eanl\u0131da\u011f\u2019\u0131 kabul ederek g\u00f6r\u00fc\u015ft\u00fc. Kabulde ziyaretten duydu\u011fu memnuniyeti ifade eden Cumhurba\u015fkan\u0131 Ersin Tatar\u2019a, piyanist Cansu \u015eanl\u0131da\u011f alb\u00fcm takdim etti. K\u00fclt\u00fcr ve sanat\u0131n \u00f6nemine de\u011finen Cumhurba\u015fkan\u0131 Tatar, bu \u00e7al\u0131\u015fman\u0131n sanat anlam\u0131nda da \u00f6nemli bir \u00e7al\u0131\u015fma oldu\u011funu dile getirdi ve Cansu \u015eanl\u0131da\u011f\u2019a ba\u015far\u0131lar diledi. \u00dclkemizi yurtd\u0131\u015f\u0131 \u00e7al\u0131\u015fmalar\u0131nda [&hellip;]<\/p>\n","protected":false},"author":1,"featured_media":24238,"comment_status":"open","ping_status":"open","sticky":false,"template":"","format":"standard","meta":{"jnews-multi-image_gallery":[],"jnews_single_post":[],"jnews_primary_category":[],"jnews_social_meta":[],"jnews_override_counter":[],"footnotes":""},"categories":[6],"tags":[],"class_list":["post-24237","post","type-post","status-publish","format-standard","has-post-thumbnail","hentry","category-yasam"],"yoast_head":"<!-- This site is optimized with the Yoast SEO plugin v27.4 - https:\/\/yoast.com\/product\/yoast-seo-wordpress\/ -->\n<title>Cumhurba\u015fkan\u0131 Tatar\u2019a alb\u00fcm takdimi yap\u0131ld\u0131 - Kuzeyin Sesi<\/title>\n<meta name=\"robots\" content=\"index, follow, max-snippet:-1, max-image-preview:large, max-video-preview:-1\" \/>\n<link rel=\"canonical\" href=\"https:\/\/kuzeyinsesi.org\/index.php\/2025\/04\/30\/cumhurbaskani-tatara-album-takdimi-yapildi\/\" \/>\n<meta property=\"og:locale\" content=\"tr_TR\" \/>\n<meta property=\"og:type\" content=\"article\" \/>\n<meta property=\"og:title\" content=\"Cumhurba\u015fkan\u0131 Tatar\u2019a alb\u00fcm takdimi yap\u0131ld\u0131 - Kuzeyin Sesi\" \/>\n<meta property=\"og:description\" content=\"Cumhurba\u015fkan\u0131 Ersin Tatar, sanat\u00e7\u0131 Cansu \u015eanl\u0131da\u011f ve Prof. Dr. Tamer \u015eanl\u0131da\u011f\u2019\u0131 kabul ederek g\u00f6r\u00fc\u015ft\u00fc. Kabulde ziyaretten duydu\u011fu memnuniyeti ifade eden Cumhurba\u015fkan\u0131 Ersin Tatar\u2019a, piyanist Cansu \u015eanl\u0131da\u011f alb\u00fcm takdim etti. K\u00fclt\u00fcr ve sanat\u0131n \u00f6nemine de\u011finen Cumhurba\u015fkan\u0131 Tatar, bu \u00e7al\u0131\u015fman\u0131n sanat anlam\u0131nda da \u00f6nemli bir \u00e7al\u0131\u015fma oldu\u011funu dile getirdi ve Cansu \u015eanl\u0131da\u011f\u2019a ba\u015far\u0131lar diledi. \u00dclkemizi yurtd\u0131\u015f\u0131 \u00e7al\u0131\u015fmalar\u0131nda [&hellip;]\" \/>\n<meta property=\"og:url\" content=\"https:\/\/kuzeyinsesi.org\/index.php\/2025\/04\/30\/cumhurbaskani-tatara-album-takdimi-yapildi\/\" \/>\n<meta property=\"og:site_name\" content=\"Kuzeyin Sesi\" \/>\n<meta property=\"article:publisher\" content=\"https:\/\/www.facebook.com\/kuzeyinsesii\" \/>\n<meta property=\"article:published_time\" content=\"2025-04-30T17:59:39+00:00\" \/>\n<meta property=\"og:image\" content=\"https:\/\/brtk.net\/wp-content\/uploads\/2025\/04\/30\/239482.jpg?ver=2c41b3f4837859ad0d05f2fb146d1ce8\" \/>\n<meta name=\"author\" content=\"Kuzeyin Sesi\" \/>\n<meta name=\"twitter:card\" content=\"summary_large_image\" \/>\n<meta name=\"twitter:creator\" content=\"@kuzeyinsesii\" \/>\n<meta name=\"twitter:site\" content=\"@kuzeyinsesii\" \/>\n<meta name=\"twitter:label1\" content=\"Yazan:\" \/>\n\t<meta name=\"twitter:data1\" content=\"Kuzeyin Sesi\" \/>\n\t<meta name=\"twitter:label2\" content=\"Tahmini okuma s\u00fcresi\" \/>\n\t<meta name=\"twitter:data2\" content=\"1 dakika\" \/>\n<script type=\"application\/ld+json\" class=\"yoast-schema-graph\">{\"@context\":\"https:\\\/\\\/schema.org\",\"@graph\":[{\"@type\":\"Article\",\"@id\":\"https:\\\/\\\/kuzeyinsesi.org\\\/index.php\\\/2025\\\/04\\\/30\\\/cumhurbaskani-tatara-album-takdimi-yapildi\\\/#article\",\"isPartOf\":{\"@id\":\"https:\\\/\\\/kuzeyinsesi.org\\\/index.php\\\/2025\\\/04\\\/30\\\/cumhurbaskani-tatara-album-takdimi-yapildi\\\/\"},\"author\":{\"name\":\"Kuzeyin Sesi\",\"@id\":\"https:\\\/\\\/kuzeyinsesi.org\\\/#\\\/schema\\\/person\\\/9f859689cdf01485597712386e37f5aa\"},\"headline\":\"Cumhurba\u015fkan\u0131 Tatar\u2019a alb\u00fcm takdimi yap\u0131ld\u0131\",\"datePublished\":\"2025-04-30T17:59:39+00:00\",\"mainEntityOfPage\":{\"@id\":\"https:\\\/\\\/kuzeyinsesi.org\\\/index.php\\\/2025\\\/04\\\/30\\\/cumhurbaskani-tatara-album-takdimi-yapildi\\\/\"},\"wordCount\":159,\"commentCount\":0,\"image\":{\"@id\":\"https:\\\/\\\/kuzeyinsesi.org\\\/index.php\\\/2025\\\/04\\\/30\\\/cumhurbaskani-tatara-album-takdimi-yapildi\\\/#primaryimage\"},\"thumbnailUrl\":\"https:\\\/\\\/kuzeyinsesi.org\\\/wp-content\\\/uploads\\\/2025\\\/04\\\/239482.jpg\",\"articleSection\":[\"Ya\u015fam\"],\"inLanguage\":\"tr\",\"potentialAction\":[{\"@type\":\"CommentAction\",\"name\":\"Comment\",\"target\":[\"https:\\\/\\\/kuzeyinsesi.org\\\/index.php\\\/2025\\\/04\\\/30\\\/cumhurbaskani-tatara-album-takdimi-yapildi\\\/#respond\"]}]},{\"@type\":\"WebPage\",\"@id\":\"https:\\\/\\\/kuzeyinsesi.org\\\/index.php\\\/2025\\\/04\\\/30\\\/cumhurbaskani-tatara-album-takdimi-yapildi\\\/\",\"url\":\"https:\\\/\\\/kuzeyinsesi.org\\\/index.php\\\/2025\\\/04\\\/30\\\/cumhurbaskani-tatara-album-takdimi-yapildi\\\/\",\"name\":\"Cumhurba\u015fkan\u0131 Tatar\u2019a alb\u00fcm takdimi yap\u0131ld\u0131 - Kuzeyin Sesi\",\"isPartOf\":{\"@id\":\"https:\\\/\\\/kuzeyinsesi.org\\\/#website\"},\"primaryImageOfPage\":{\"@id\":\"https:\\\/\\\/kuzeyinsesi.org\\\/index.php\\\/2025\\\/04\\\/30\\\/cumhurbaskani-tatara-album-takdimi-yapildi\\\/#primaryimage\"},\"image\":{\"@id\":\"https:\\\/\\\/kuzeyinsesi.org\\\/index.php\\\/2025\\\/04\\\/30\\\/cumhurbaskani-tatara-album-takdimi-yapildi\\\/#primaryimage\"},\"thumbnailUrl\":\"https:\\\/\\\/kuzeyinsesi.org\\\/wp-content\\\/uploads\\\/2025\\\/04\\\/239482.jpg\",\"datePublished\":\"2025-04-30T17:59:39+00:00\",\"author\":{\"@id\":\"https:\\\/\\\/kuzeyinsesi.org\\\/#\\\/schema\\\/person\\\/9f859689cdf01485597712386e37f5aa\"},\"breadcrumb\":{\"@id\":\"https:\\\/\\\/kuzeyinsesi.org\\\/index.php\\\/2025\\\/04\\\/30\\\/cumhurbaskani-tatara-album-takdimi-yapildi\\\/#breadcrumb\"},\"inLanguage\":\"tr\",\"potentialAction\":[{\"@type\":\"ReadAction\",\"target\":[\"https:\\\/\\\/kuzeyinsesi.org\\\/index.php\\\/2025\\\/04\\\/30\\\/cumhurbaskani-tatara-album-takdimi-yapildi\\\/\"]}]},{\"@type\":\"ImageObject\",\"inLanguage\":\"tr\",\"@id\":\"https:\\\/\\\/kuzeyinsesi.org\\\/index.php\\\/2025\\\/04\\\/30\\\/cumhurbaskani-tatara-album-takdimi-yapildi\\\/#primaryimage\",\"url\":\"https:\\\/\\\/kuzeyinsesi.org\\\/wp-content\\\/uploads\\\/2025\\\/04\\\/239482.jpg\",\"contentUrl\":\"https:\\\/\\\/kuzeyinsesi.org\\\/wp-content\\\/uploads\\\/2025\\\/04\\\/239482.jpg\",\"width\":2369,\"height\":1311},{\"@type\":\"BreadcrumbList\",\"@id\":\"https:\\\/\\\/kuzeyinsesi.org\\\/index.php\\\/2025\\\/04\\\/30\\\/cumhurbaskani-tatara-album-takdimi-yapildi\\\/#breadcrumb\",\"itemListElement\":[{\"@type\":\"ListItem\",\"position\":1,\"name\":\"Anasayfa\",\"item\":\"https:\\\/\\\/kuzeyinsesi.org\\\/\"},{\"@type\":\"ListItem\",\"position\":2,\"name\":\"Cumhurba\u015fkan\u0131 Tatar\u2019a alb\u00fcm takdimi yap\u0131ld\u0131\"}]},{\"@type\":\"WebSite\",\"@id\":\"https:\\\/\\\/kuzeyinsesi.org\\\/#website\",\"url\":\"https:\\\/\\\/kuzeyinsesi.org\\\/\",\"name\":\"Kuzeyin Sesi\",\"description\":\"Do\u011fru Haberin Adresi\",\"potentialAction\":[{\"@type\":\"SearchAction\",\"target\":{\"@type\":\"EntryPoint\",\"urlTemplate\":\"https:\\\/\\\/kuzeyinsesi.org\\\/?s={search_term_string}\"},\"query-input\":{\"@type\":\"PropertyValueSpecification\",\"valueRequired\":true,\"valueName\":\"search_term_string\"}}],\"inLanguage\":\"tr\"},{\"@type\":\"Person\",\"@id\":\"https:\\\/\\\/kuzeyinsesi.org\\\/#\\\/schema\\\/person\\\/9f859689cdf01485597712386e37f5aa\",\"name\":\"Kuzeyin Sesi\",\"image\":{\"@type\":\"ImageObject\",\"inLanguage\":\"tr\",\"@id\":\"https:\\\/\\\/secure.gravatar.com\\\/avatar\\\/bab33852abfd8b282518d6ed81826833d77c3c882d9ab608add591ccace47a44?s=96&d=mm&r=g\",\"url\":\"https:\\\/\\\/secure.gravatar.com\\\/avatar\\\/bab33852abfd8b282518d6ed81826833d77c3c882d9ab608add591ccace47a44?s=96&d=mm&r=g\",\"contentUrl\":\"https:\\\/\\\/secure.gravatar.com\\\/avatar\\\/bab33852abfd8b282518d6ed81826833d77c3c882d9ab608add591ccace47a44?s=96&d=mm&r=g\",\"caption\":\"Kuzeyin Sesi\"},\"sameAs\":[\"https:\\\/\\\/kuzeyinsesi.org\"],\"url\":\"https:\\\/\\\/kuzeyinsesi.org\\\/index.php\\\/author\\\/guven\\\/\"}]}<\/script>\n<!-- \/ Yoast SEO plugin. -->","yoast_head_json":{"title":"Cumhurba\u015fkan\u0131 Tatar\u2019a alb\u00fcm takdimi yap\u0131ld\u0131 - Kuzeyin Sesi","robots":{"index":"index","follow":"follow","max-snippet":"max-snippet:-1","max-image-preview":"max-image-preview:large","max-video-preview":"max-video-preview:-1"},"canonical":"https:\/\/kuzeyinsesi.org\/index.php\/2025\/04\/30\/cumhurbaskani-tatara-album-takdimi-yapildi\/","og_locale":"tr_TR","og_type":"article","og_title":"Cumhurba\u015fkan\u0131 Tatar\u2019a alb\u00fcm takdimi yap\u0131ld\u0131 - Kuzeyin Sesi","og_description":"Cumhurba\u015fkan\u0131 Ersin Tatar, sanat\u00e7\u0131 Cansu \u015eanl\u0131da\u011f ve Prof. Dr. Tamer \u015eanl\u0131da\u011f\u2019\u0131 kabul ederek g\u00f6r\u00fc\u015ft\u00fc. Kabulde ziyaretten duydu\u011fu memnuniyeti ifade eden Cumhurba\u015fkan\u0131 Ersin Tatar\u2019a, piyanist Cansu \u015eanl\u0131da\u011f alb\u00fcm takdim etti. K\u00fclt\u00fcr ve sanat\u0131n \u00f6nemine de\u011finen Cumhurba\u015fkan\u0131 Tatar, bu \u00e7al\u0131\u015fman\u0131n sanat anlam\u0131nda da \u00f6nemli bir \u00e7al\u0131\u015fma oldu\u011funu dile getirdi ve Cansu \u015eanl\u0131da\u011f\u2019a ba\u015far\u0131lar diledi. \u00dclkemizi yurtd\u0131\u015f\u0131 \u00e7al\u0131\u015fmalar\u0131nda [&hellip;]","og_url":"https:\/\/kuzeyinsesi.org\/index.php\/2025\/04\/30\/cumhurbaskani-tatara-album-takdimi-yapildi\/","og_site_name":"Kuzeyin Sesi","article_publisher":"https:\/\/www.facebook.com\/kuzeyinsesii","article_published_time":"2025-04-30T17:59:39+00:00","og_image":[{"url":"https:\/\/brtk.net\/wp-content\/uploads\/2025\/04\/30\/239482.jpg?ver=2c41b3f4837859ad0d05f2fb146d1ce8","type":"","width":"","height":""}],"author":"Kuzeyin Sesi","twitter_card":"summary_large_image","twitter_creator":"@kuzeyinsesii","twitter_site":"@kuzeyinsesii","twitter_misc":{"Yazan:":"Kuzeyin Sesi","Tahmini okuma s\u00fcresi":"1 dakika"},"schema":{"@context":"https:\/\/schema.org","@graph":[{"@type":"Article","@id":"https:\/\/kuzeyinsesi.org\/index.php\/2025\/04\/30\/cumhurbaskani-tatara-album-takdimi-yapildi\/#article","isPartOf":{"@id":"https:\/\/kuzeyinsesi.org\/index.php\/2025\/04\/30\/cumhurbaskani-tatara-album-takdimi-yapildi\/"},"author":{"name":"Kuzeyin Sesi","@id":"https:\/\/kuzeyinsesi.org\/#\/schema\/person\/9f859689cdf01485597712386e37f5aa"},"headline":"Cumhurba\u015fkan\u0131 Tatar\u2019a alb\u00fcm takdimi yap\u0131ld\u0131","datePublished":"2025-04-30T17:59:39+00:00","mainEntityOfPage":{"@id":"https:\/\/kuzeyinsesi.org\/index.php\/2025\/04\/30\/cumhurbaskani-tatara-album-takdimi-yapildi\/"},"wordCount":159,"commentCount":0,"image":{"@id":"https:\/\/kuzeyinsesi.org\/index.php\/2025\/04\/30\/cumhurbaskani-tatara-album-takdimi-yapildi\/#primaryimage"},"thumbnailUrl":"https:\/\/kuzeyinsesi.org\/wp-content\/uploads\/2025\/04\/239482.jpg","articleSection":["Ya\u015fam"],"inLanguage":"tr","potentialAction":[{"@type":"CommentAction","name":"Comment","target":["https:\/\/kuzeyinsesi.org\/index.php\/2025\/04\/30\/cumhurbaskani-tatara-album-takdimi-yapildi\/#respond"]}]},{"@type":"WebPage","@id":"https:\/\/kuzeyinsesi.org\/index.php\/2025\/04\/30\/cumhurbaskani-tatara-album-takdimi-yapildi\/","url":"https:\/\/kuzeyinsesi.org\/index.php\/2025\/04\/30\/cumhurbaskani-tatara-album-takdimi-yapildi\/","name":"Cumhurba\u015fkan\u0131 Tatar\u2019a alb\u00fcm takdimi yap\u0131ld\u0131 - Kuzeyin Sesi","isPartOf":{"@id":"https:\/\/kuzeyinsesi.org\/#website"},"primaryImageOfPage":{"@id":"https:\/\/kuzeyinsesi.org\/index.php\/2025\/04\/30\/cumhurbaskani-tatara-album-takdimi-yapildi\/#primaryimage"},"image":{"@id":"https:\/\/kuzeyinsesi.org\/index.php\/2025\/04\/30\/cumhurbaskani-tatara-album-takdimi-yapildi\/#primaryimage"},"thumbnailUrl":"https:\/\/kuzeyinsesi.org\/wp-content\/uploads\/2025\/04\/239482.jpg","datePublished":"2025-04-30T17:59:39+00:00","author":{"@id":"https:\/\/kuzeyinsesi.org\/#\/schema\/person\/9f859689cdf01485597712386e37f5aa"},"breadcrumb":{"@id":"https:\/\/kuzeyinsesi.org\/index.php\/2025\/04\/30\/cumhurbaskani-tatara-album-takdimi-yapildi\/#breadcrumb"},"inLanguage":"tr","potentialAction":[{"@type":"ReadAction","target":["https:\/\/kuzeyinsesi.org\/index.php\/2025\/04\/30\/cumhurbaskani-tatara-album-takdimi-yapildi\/"]}]},{"@type":"ImageObject","inLanguage":"tr","@id":"https:\/\/kuzeyinsesi.org\/index.php\/2025\/04\/30\/cumhurbaskani-tatara-album-takdimi-yapildi\/#primaryimage","url":"https:\/\/kuzeyinsesi.org\/wp-content\/uploads\/2025\/04\/239482.jpg","contentUrl":"https:\/\/kuzeyinsesi.org\/wp-content\/uploads\/2025\/04\/239482.jpg","width":2369,"height":1311},{"@type":"BreadcrumbList","@id":"https:\/\/kuzeyinsesi.org\/index.php\/2025\/04\/30\/cumhurbaskani-tatara-album-takdimi-yapildi\/#breadcrumb","itemListElement":[{"@type":"ListItem","position":1,"name":"Anasayfa","item":"https:\/\/kuzeyinsesi.org\/"},{"@type":"ListItem","position":2,"name":"Cumhurba\u015fkan\u0131 Tatar\u2019a alb\u00fcm takdimi yap\u0131ld\u0131"}]},{"@type":"WebSite","@id":"https:\/\/kuzeyinsesi.org\/#website","url":"https:\/\/kuzeyinsesi.org\/","name":"Kuzeyin Sesi","description":"Do\u011fru Haberin Adresi","potentialAction":[{"@type":"SearchAction","target":{"@type":"EntryPoint","urlTemplate":"https:\/\/kuzeyinsesi.org\/?s={search_term_string}"},"query-input":{"@type":"PropertyValueSpecification","valueRequired":true,"valueName":"search_term_string"}}],"inLanguage":"tr"},{"@type":"Person","@id":"https:\/\/kuzeyinsesi.org\/#\/schema\/person\/9f859689cdf01485597712386e37f5aa","name":"Kuzeyin Sesi","image":{"@type":"ImageObject","inLanguage":"tr","@id":"https:\/\/secure.gravatar.com\/avatar\/bab33852abfd8b282518d6ed81826833d77c3c882d9ab608add591ccace47a44?s=96&d=mm&r=g","url":"https:\/\/secure.gravatar.com\/avatar\/bab33852abfd8b282518d6ed81826833d77c3c882d9ab608add591ccace47a44?s=96&d=mm&r=g","contentUrl":"https:\/\/secure.gravatar.com\/avatar\/bab33852abfd8b282518d6ed81826833d77c3c882d9ab608add591ccace47a44?s=96&d=mm&r=g","caption":"Kuzeyin Sesi"},"sameAs":["https:\/\/kuzeyinsesi.org"],"url":"https:\/\/kuzeyinsesi.org\/index.php\/author\/guven\/"}]}},"_links":{"self":[{"href":"https:\/\/kuzeyinsesi.org\/index.php\/wp-json\/wp\/v2\/posts\/24237","targetHints":{"allow":["GET"]}}],"collection":[{"href":"https:\/\/kuzeyinsesi.org\/index.php\/wp-json\/wp\/v2\/posts"}],"about":[{"href":"https:\/\/kuzeyinsesi.org\/index.php\/wp-json\/wp\/v2\/types\/post"}],"author":[{"embeddable":true,"href":"https:\/\/kuzeyinsesi.org\/index.php\/wp-json\/wp\/v2\/users\/1"}],"replies":[{"embeddable":true,"href":"https:\/\/kuzeyinsesi.org\/index.php\/wp-json\/wp\/v2\/comments?post=24237"}],"version-history":[{"count":0,"href":"https:\/\/kuzeyinsesi.org\/index.php\/wp-json\/wp\/v2\/posts\/24237\/revisions"}],"wp:featuredmedia":[{"embeddable":true,"href":"https:\/\/kuzeyinsesi.org\/index.php\/wp-json\/wp\/v2\/media\/24238"}],"wp:attachment":[{"href":"https:\/\/kuzeyinsesi.org\/index.php\/wp-json\/wp\/v2\/media?parent=24237"}],"wp:term":[{"taxonomy":"category","embeddable":true,"href":"https:\/\/kuzeyinsesi.org\/index.php\/wp-json\/wp\/v2\/categories?post=24237"},{"taxonomy":"post_tag","embeddable":true,"href":"https:\/\/kuzeyinsesi.org\/index.php\/wp-json\/wp\/v2\/tags?post=24237"}],"curies":[{"name":"wp","href":"https:\/\/api.w.org\/{rel}","templated":true}]}}