{"id":24233,"date":"2025-04-30T19:58:54","date_gmt":"2025-04-30T16:58:54","guid":{"rendered":"https:\/\/kuzeyinsesi.org\/index.php\/2025\/04\/30\/kibris-kapilari-ve-sandiklari-muzesinde-nesli-tukenen-kibris-cuce-su-aygiri-icin-ozel-bir-bolum-acildi\/"},"modified":"2025-04-30T19:58:54","modified_gmt":"2025-04-30T16:58:54","slug":"kibris-kapilari-ve-sandiklari-muzesinde-nesli-tukenen-kibris-cuce-su-aygiri-icin-ozel-bir-bolum-acildi","status":"publish","type":"post","link":"https:\/\/kuzeyinsesi.org\/index.php\/2025\/04\/30\/kibris-kapilari-ve-sandiklari-muzesinde-nesli-tukenen-kibris-cuce-su-aygiri-icin-ozel-bir-bolum-acildi\/","title":{"rendered":"\u201cK\u0131br\u0131s Kap\u0131lar\u0131 ve Sand\u0131klar\u0131 M\u00fczesi\u2019nde, nesli t\u00fckenen K\u0131br\u0131s C\u00fcce Su Ayg\u0131r\u0131 i\u00e7in \u00f6zel bir b\u00f6l\u00fcm a\u00e7\u0131ld\u0131"},"content":{"rendered":"<div>\n<div class=\"mariselle-image-container center\">\n                                            <\/div>\n<p>K\u0131br\u0131s Kap\u0131lar\u0131 ve Sand\u0131klar\u0131 M\u00fczesi\u2019nde yer alan \u201cK\u0131br\u0131s C\u00fcce Su Ayg\u0131r\u0131\u201d b\u00f6l\u00fcm\u00fcn\u00fcn a\u00e7\u0131l\u0131\u015f\u0131 d\u00fczenlenen t\u00f6renle ger\u00e7ekle\u015ftirildi.A\u00e7\u0131l\u0131\u015fta konu\u015fan Cumhurba\u015fkan\u0131 Ersin Tatar, K\u0131br\u0131s adas\u0131n\u0131n tarih boyunca bir\u00e7ok medeniyete ev sahipli\u011fi yapt\u0131\u011f\u0131n\u0131 ve zengin bir k\u00fclt\u00fcrel miras\u0131 bar\u0131nd\u0131rd\u0131\u011f\u0131na i\u015faret etti.<\/p>\n<p>Cumhurba\u015fkan\u0131 Tatar,\u201d D\u00fcnya miras\u0131 bizlere emanet. \u0130n\u015fallah biz bu topraklarda hep var olaca\u011f\u0131z ve bizim h\u00fck\u00fcmdarl\u0131\u011f\u0131m\u0131z olacak. Onun i\u00e7in bu miras\u0131 koruyabilmek, g\u00fcn y\u00fcz\u00fcne \u00e7\u0131karabilmek bizlerin sorumlulu\u011fundad\u0131r. \u201d dedi. Tatar, bu k\u00fclt\u00fcr miras\u0131n\u0131n korunmas\u0131 y\u00f6n\u00fcnde yap\u0131lan \u00e7al\u0131\u015fmalar\u0131n turizme, k\u00fclt\u00fcrel varl\u0131\u011fa ve gelecek nesillere yans\u0131mas\u0131 olaca\u011f\u0131n\u0131 belirtti.<\/p>\n<p>Cumhurba\u015fkan\u0131 Tatar, K\u0131br\u0131s\u2019tan \u00e7al\u0131nan ve Amerika, \u0130ngiltere\u2019deki m\u00fczelerde sergilenen tarihi eserlerin oldu\u011funu s\u00f6yledi. Tatar \u201c T\u00fcrkiye Cumhuriyeti taraf\u0131ndan yap\u0131ld\u0131\u011f\u0131 gibi bir g\u00fcn bizde dava a\u00e7arak \u00fclkemizin tarihi miras\u0131n\u0131 geri \u00fclkemize in\u015fallah getirece\u011fiz\u201d dedi.Yeni Cumhurba\u015fkanl\u0131\u011f\u0131 binas\u0131na ta\u015f\u0131nacaklar\u0131n\u0131 an\u0131msatan Tatar, mevcut saray\u0131n m\u00fcze olaca\u011f\u0131n\u0131, \u00f6yle temenni etti\u011fini belirtti. <\/p>\n<p>Cumhurba\u015fkan\u0131 Ersin Tatar\u2019\u0131n e\u015fi Sibel Tatar ise K\u0131br\u0131s k\u00fclt\u00fcr\u00fcn\u00fcn korunmas\u0131 ve gelece\u011fe ta\u015f\u0131nmas\u0131na y\u00f6nelik yap\u0131lan \u00e7al\u0131\u015fmalar\u0131 anlatt\u0131. Tatar, bu \u00e7al\u0131\u015fmalar\u0131 yaparken bir\u00e7ok k\u0131ymetli k\u00fclt\u00fcrel mirasa ula\u015ft\u0131klar\u0131n\u0131 da belirtti. <\/p>\n<p>M\u00fczeye kazand\u0131rd\u0131klar\u0131 c\u00fcce su ayg\u0131r\u0131 fosilinin turistler ve turizm i\u00e7in \u00f6nemine dikkat \u00e7eken Sibel Tatar, kap\u0131lar ve sand\u0131klar\u0131n da b\u00fcy\u00fck \u00f6nem ta\u015f\u0131d\u0131\u011f\u0131na vurgu yapt\u0131. Sibel Tatar, C\u00fcce su ayg\u0131r\u0131n\u0131n m\u00fczede yer alan halinin \u00fc\u00e7te birinin orijinal oldu\u011funu, di\u011ferlerinin de maket olarak yer ald\u0131\u011f\u0131n\u0131 belirtti.<\/p>\n<p>K\u0131ymetli adan\u0131n k\u0131ymetli tarihini d\u00fcnya ile payla\u015fman\u0131n g\u00f6revleri oldu\u011funu anlatan Sibel Tatar, \u201c\u00dclkemiz \u00e7ok zengin ve l\u00fctfen ona sahip \u00e7\u0131kal\u0131m\u201d dedi.<\/p>\n<p>Eski Eserler ve M\u00fczeler Dairesi M\u00fcd\u00fcr\u00fc Emine Ziba ise daire olarak m\u00fczelere verdikleri \u00f6neme i\u015faret ederek, bu y\u00f6nde \u00e7al\u0131\u015fmalar yapmaya devam edeceklerini kaydetti. Ziba ayr\u0131ca, \u00fclkeye arkeoloji m\u00fczesi kazand\u0131rma temennisi de dile getirdi. K\u0131br\u0131s T\u00fcrk Rehberler Derne\u011fi Ba\u015fkan\u0131 Dener \u00d6\u011fmen de, k\u00fclt\u00fcrel ve tarihi eserlerin korunmas\u0131n\u0131n \u00f6nemine i\u015faret etti.<\/p>\n<\/p><\/div>\n<p><script async\n                    defer\n                    crossorigin=\"anonymous\"\n                    src=\"https:\/\/connect.facebook.net\/tr_TR\/sdk.js#xfbml=1&#038;version=v3.3\"\n            ><\/script><\/p>\n","protected":false},"excerpt":{"rendered":"<p>K\u0131br\u0131s Kap\u0131lar\u0131 ve Sand\u0131klar\u0131 M\u00fczesi\u2019nde yer alan \u201cK\u0131br\u0131s C\u00fcce Su Ayg\u0131r\u0131\u201d b\u00f6l\u00fcm\u00fcn\u00fcn a\u00e7\u0131l\u0131\u015f\u0131 d\u00fczenlenen t\u00f6renle ger\u00e7ekle\u015ftirildi.A\u00e7\u0131l\u0131\u015fta konu\u015fan Cumhurba\u015fkan\u0131 Ersin Tatar, K\u0131br\u0131s adas\u0131n\u0131n tarih boyunca bir\u00e7ok medeniyete ev sahipli\u011fi yapt\u0131\u011f\u0131n\u0131 ve zengin bir k\u00fclt\u00fcrel miras\u0131 bar\u0131nd\u0131rd\u0131\u011f\u0131na i\u015faret etti. Cumhurba\u015fkan\u0131 Tatar,\u201d D\u00fcnya miras\u0131 bizlere emanet. \u0130n\u015fallah biz bu topraklarda hep var olaca\u011f\u0131z ve bizim h\u00fck\u00fcmdarl\u0131\u011f\u0131m\u0131z olacak. Onun [&hellip;]<\/p>\n","protected":false},"author":1,"featured_media":24234,"comment_status":"open","ping_status":"open","sticky":false,"template":"","format":"standard","meta":{"jnews-multi-image_gallery":[],"jnews_single_post":[],"jnews_primary_category":[],"jnews_social_meta":[],"jnews_override_counter":[],"footnotes":""},"categories":[6],"tags":[],"class_list":["post-24233","post","type-post","status-publish","format-standard","has-post-thumbnail","hentry","category-yasam"],"yoast_head":"<!-- This site is optimized with the Yoast SEO plugin v27.4 - https:\/\/yoast.com\/product\/yoast-seo-wordpress\/ -->\n<title>\u201cK\u0131br\u0131s Kap\u0131lar\u0131 ve Sand\u0131klar\u0131 M\u00fczesi\u2019nde, nesli t\u00fckenen K\u0131br\u0131s C\u00fcce Su Ayg\u0131r\u0131 i\u00e7in \u00f6zel bir b\u00f6l\u00fcm a\u00e7\u0131ld\u0131 - Kuzeyin Sesi<\/title>\n<meta name=\"robots\" content=\"index, follow, max-snippet:-1, max-image-preview:large, max-video-preview:-1\" \/>\n<link rel=\"canonical\" href=\"https:\/\/kuzeyinsesi.org\/index.php\/2025\/04\/30\/kibris-kapilari-ve-sandiklari-muzesinde-nesli-tukenen-kibris-cuce-su-aygiri-icin-ozel-bir-bolum-acildi\/\" \/>\n<meta property=\"og:locale\" content=\"tr_TR\" \/>\n<meta property=\"og:type\" content=\"article\" \/>\n<meta property=\"og:title\" content=\"\u201cK\u0131br\u0131s Kap\u0131lar\u0131 ve Sand\u0131klar\u0131 M\u00fczesi\u2019nde, nesli t\u00fckenen K\u0131br\u0131s C\u00fcce Su Ayg\u0131r\u0131 i\u00e7in \u00f6zel bir b\u00f6l\u00fcm a\u00e7\u0131ld\u0131 - Kuzeyin Sesi\" \/>\n<meta property=\"og:description\" content=\"K\u0131br\u0131s Kap\u0131lar\u0131 ve Sand\u0131klar\u0131 M\u00fczesi\u2019nde yer alan \u201cK\u0131br\u0131s C\u00fcce Su Ayg\u0131r\u0131\u201d b\u00f6l\u00fcm\u00fcn\u00fcn a\u00e7\u0131l\u0131\u015f\u0131 d\u00fczenlenen t\u00f6renle ger\u00e7ekle\u015ftirildi.A\u00e7\u0131l\u0131\u015fta konu\u015fan Cumhurba\u015fkan\u0131 Ersin Tatar, K\u0131br\u0131s adas\u0131n\u0131n tarih boyunca bir\u00e7ok medeniyete ev sahipli\u011fi yapt\u0131\u011f\u0131n\u0131 ve zengin bir k\u00fclt\u00fcrel miras\u0131 bar\u0131nd\u0131rd\u0131\u011f\u0131na i\u015faret etti. Cumhurba\u015fkan\u0131 Tatar,\u201d D\u00fcnya miras\u0131 bizlere emanet. \u0130n\u015fallah biz bu topraklarda hep var olaca\u011f\u0131z ve bizim h\u00fck\u00fcmdarl\u0131\u011f\u0131m\u0131z olacak. Onun [&hellip;]\" \/>\n<meta property=\"og:url\" content=\"https:\/\/kuzeyinsesi.org\/index.php\/2025\/04\/30\/kibris-kapilari-ve-sandiklari-muzesinde-nesli-tukenen-kibris-cuce-su-aygiri-icin-ozel-bir-bolum-acildi\/\" \/>\n<meta property=\"og:site_name\" content=\"Kuzeyin Sesi\" \/>\n<meta property=\"article:publisher\" content=\"https:\/\/www.facebook.com\/kuzeyinsesii\" \/>\n<meta property=\"article:published_time\" content=\"2025-04-30T16:58:54+00:00\" \/>\n<meta property=\"og:image\" content=\"https:\/\/brtk.net\/wp-content\/uploads\/2025\/04\/30\/Screenshot_20250430_104648_X.jpg?ver=08f9da2b6fa14d6d15d52cb6332fb3c5\" \/>\n<meta name=\"author\" content=\"Kuzeyin Sesi\" \/>\n<meta name=\"twitter:card\" content=\"summary_large_image\" \/>\n<meta name=\"twitter:creator\" content=\"@kuzeyinsesii\" \/>\n<meta name=\"twitter:site\" content=\"@kuzeyinsesii\" \/>\n<meta name=\"twitter:label1\" content=\"Yazan:\" \/>\n\t<meta name=\"twitter:data1\" content=\"Kuzeyin Sesi\" \/>\n\t<meta name=\"twitter:label2\" content=\"Tahmini okuma s\u00fcresi\" \/>\n\t<meta name=\"twitter:data2\" content=\"2 dakika\" \/>\n<script type=\"application\/ld+json\" class=\"yoast-schema-graph\">{\"@context\":\"https:\\\/\\\/schema.org\",\"@graph\":[{\"@type\":\"Article\",\"@id\":\"https:\\\/\\\/kuzeyinsesi.org\\\/index.php\\\/2025\\\/04\\\/30\\\/kibris-kapilari-ve-sandiklari-muzesinde-nesli-tukenen-kibris-cuce-su-aygiri-icin-ozel-bir-bolum-acildi\\\/#article\",\"isPartOf\":{\"@id\":\"https:\\\/\\\/kuzeyinsesi.org\\\/index.php\\\/2025\\\/04\\\/30\\\/kibris-kapilari-ve-sandiklari-muzesinde-nesli-tukenen-kibris-cuce-su-aygiri-icin-ozel-bir-bolum-acildi\\\/\"},\"author\":{\"name\":\"Kuzeyin Sesi\",\"@id\":\"https:\\\/\\\/kuzeyinsesi.org\\\/#\\\/schema\\\/person\\\/9f859689cdf01485597712386e37f5aa\"},\"headline\":\"\u201cK\u0131br\u0131s Kap\u0131lar\u0131 ve Sand\u0131klar\u0131 M\u00fczesi\u2019nde, nesli t\u00fckenen K\u0131br\u0131s C\u00fcce Su Ayg\u0131r\u0131 i\u00e7in \u00f6zel bir b\u00f6l\u00fcm a\u00e7\u0131ld\u0131\",\"datePublished\":\"2025-04-30T16:58:54+00:00\",\"mainEntityOfPage\":{\"@id\":\"https:\\\/\\\/kuzeyinsesi.org\\\/index.php\\\/2025\\\/04\\\/30\\\/kibris-kapilari-ve-sandiklari-muzesinde-nesli-tukenen-kibris-cuce-su-aygiri-icin-ozel-bir-bolum-acildi\\\/\"},\"wordCount\":466,\"commentCount\":0,\"image\":{\"@id\":\"https:\\\/\\\/kuzeyinsesi.org\\\/index.php\\\/2025\\\/04\\\/30\\\/kibris-kapilari-ve-sandiklari-muzesinde-nesli-tukenen-kibris-cuce-su-aygiri-icin-ozel-bir-bolum-acildi\\\/#primaryimage\"},\"thumbnailUrl\":\"https:\\\/\\\/kuzeyinsesi.org\\\/wp-content\\\/uploads\\\/2025\\\/04\\\/Screenshot_20250430_104648_X.jpg\",\"articleSection\":[\"Ya\u015fam\"],\"inLanguage\":\"tr\",\"potentialAction\":[{\"@type\":\"CommentAction\",\"name\":\"Comment\",\"target\":[\"https:\\\/\\\/kuzeyinsesi.org\\\/index.php\\\/2025\\\/04\\\/30\\\/kibris-kapilari-ve-sandiklari-muzesinde-nesli-tukenen-kibris-cuce-su-aygiri-icin-ozel-bir-bolum-acildi\\\/#respond\"]}]},{\"@type\":\"WebPage\",\"@id\":\"https:\\\/\\\/kuzeyinsesi.org\\\/index.php\\\/2025\\\/04\\\/30\\\/kibris-kapilari-ve-sandiklari-muzesinde-nesli-tukenen-kibris-cuce-su-aygiri-icin-ozel-bir-bolum-acildi\\\/\",\"url\":\"https:\\\/\\\/kuzeyinsesi.org\\\/index.php\\\/2025\\\/04\\\/30\\\/kibris-kapilari-ve-sandiklari-muzesinde-nesli-tukenen-kibris-cuce-su-aygiri-icin-ozel-bir-bolum-acildi\\\/\",\"name\":\"\u201cK\u0131br\u0131s Kap\u0131lar\u0131 ve Sand\u0131klar\u0131 M\u00fczesi\u2019nde, nesli t\u00fckenen K\u0131br\u0131s C\u00fcce Su Ayg\u0131r\u0131 i\u00e7in \u00f6zel bir b\u00f6l\u00fcm a\u00e7\u0131ld\u0131 - Kuzeyin Sesi\",\"isPartOf\":{\"@id\":\"https:\\\/\\\/kuzeyinsesi.org\\\/#website\"},\"primaryImageOfPage\":{\"@id\":\"https:\\\/\\\/kuzeyinsesi.org\\\/index.php\\\/2025\\\/04\\\/30\\\/kibris-kapilari-ve-sandiklari-muzesinde-nesli-tukenen-kibris-cuce-su-aygiri-icin-ozel-bir-bolum-acildi\\\/#primaryimage\"},\"image\":{\"@id\":\"https:\\\/\\\/kuzeyinsesi.org\\\/index.php\\\/2025\\\/04\\\/30\\\/kibris-kapilari-ve-sandiklari-muzesinde-nesli-tukenen-kibris-cuce-su-aygiri-icin-ozel-bir-bolum-acildi\\\/#primaryimage\"},\"thumbnailUrl\":\"https:\\\/\\\/kuzeyinsesi.org\\\/wp-content\\\/uploads\\\/2025\\\/04\\\/Screenshot_20250430_104648_X.jpg\",\"datePublished\":\"2025-04-30T16:58:54+00:00\",\"author\":{\"@id\":\"https:\\\/\\\/kuzeyinsesi.org\\\/#\\\/schema\\\/person\\\/9f859689cdf01485597712386e37f5aa\"},\"breadcrumb\":{\"@id\":\"https:\\\/\\\/kuzeyinsesi.org\\\/index.php\\\/2025\\\/04\\\/30\\\/kibris-kapilari-ve-sandiklari-muzesinde-nesli-tukenen-kibris-cuce-su-aygiri-icin-ozel-bir-bolum-acildi\\\/#breadcrumb\"},\"inLanguage\":\"tr\",\"potentialAction\":[{\"@type\":\"ReadAction\",\"target\":[\"https:\\\/\\\/kuzeyinsesi.org\\\/index.php\\\/2025\\\/04\\\/30\\\/kibris-kapilari-ve-sandiklari-muzesinde-nesli-tukenen-kibris-cuce-su-aygiri-icin-ozel-bir-bolum-acildi\\\/\"]}]},{\"@type\":\"ImageObject\",\"inLanguage\":\"tr\",\"@id\":\"https:\\\/\\\/kuzeyinsesi.org\\\/index.php\\\/2025\\\/04\\\/30\\\/kibris-kapilari-ve-sandiklari-muzesinde-nesli-tukenen-kibris-cuce-su-aygiri-icin-ozel-bir-bolum-acildi\\\/#primaryimage\",\"url\":\"https:\\\/\\\/kuzeyinsesi.org\\\/wp-content\\\/uploads\\\/2025\\\/04\\\/Screenshot_20250430_104648_X.jpg\",\"contentUrl\":\"https:\\\/\\\/kuzeyinsesi.org\\\/wp-content\\\/uploads\\\/2025\\\/04\\\/Screenshot_20250430_104648_X.jpg\",\"width\":1080,\"height\":564},{\"@type\":\"BreadcrumbList\",\"@id\":\"https:\\\/\\\/kuzeyinsesi.org\\\/index.php\\\/2025\\\/04\\\/30\\\/kibris-kapilari-ve-sandiklari-muzesinde-nesli-tukenen-kibris-cuce-su-aygiri-icin-ozel-bir-bolum-acildi\\\/#breadcrumb\",\"itemListElement\":[{\"@type\":\"ListItem\",\"position\":1,\"name\":\"Anasayfa\",\"item\":\"https:\\\/\\\/kuzeyinsesi.org\\\/\"},{\"@type\":\"ListItem\",\"position\":2,\"name\":\"\u201cK\u0131br\u0131s Kap\u0131lar\u0131 ve Sand\u0131klar\u0131 M\u00fczesi\u2019nde, nesli t\u00fckenen K\u0131br\u0131s C\u00fcce Su Ayg\u0131r\u0131 i\u00e7in \u00f6zel bir b\u00f6l\u00fcm a\u00e7\u0131ld\u0131\"}]},{\"@type\":\"WebSite\",\"@id\":\"https:\\\/\\\/kuzeyinsesi.org\\\/#website\",\"url\":\"https:\\\/\\\/kuzeyinsesi.org\\\/\",\"name\":\"Kuzeyin Sesi\",\"description\":\"Do\u011fru Haberin Adresi\",\"potentialAction\":[{\"@type\":\"SearchAction\",\"target\":{\"@type\":\"EntryPoint\",\"urlTemplate\":\"https:\\\/\\\/kuzeyinsesi.org\\\/?s={search_term_string}\"},\"query-input\":{\"@type\":\"PropertyValueSpecification\",\"valueRequired\":true,\"valueName\":\"search_term_string\"}}],\"inLanguage\":\"tr\"},{\"@type\":\"Person\",\"@id\":\"https:\\\/\\\/kuzeyinsesi.org\\\/#\\\/schema\\\/person\\\/9f859689cdf01485597712386e37f5aa\",\"name\":\"Kuzeyin Sesi\",\"image\":{\"@type\":\"ImageObject\",\"inLanguage\":\"tr\",\"@id\":\"https:\\\/\\\/secure.gravatar.com\\\/avatar\\\/bab33852abfd8b282518d6ed81826833d77c3c882d9ab608add591ccace47a44?s=96&d=mm&r=g\",\"url\":\"https:\\\/\\\/secure.gravatar.com\\\/avatar\\\/bab33852abfd8b282518d6ed81826833d77c3c882d9ab608add591ccace47a44?s=96&d=mm&r=g\",\"contentUrl\":\"https:\\\/\\\/secure.gravatar.com\\\/avatar\\\/bab33852abfd8b282518d6ed81826833d77c3c882d9ab608add591ccace47a44?s=96&d=mm&r=g\",\"caption\":\"Kuzeyin Sesi\"},\"sameAs\":[\"https:\\\/\\\/kuzeyinsesi.org\"],\"url\":\"https:\\\/\\\/kuzeyinsesi.org\\\/index.php\\\/author\\\/guven\\\/\"}]}<\/script>\n<!-- \/ Yoast SEO plugin. -->","yoast_head_json":{"title":"\u201cK\u0131br\u0131s Kap\u0131lar\u0131 ve Sand\u0131klar\u0131 M\u00fczesi\u2019nde, nesli t\u00fckenen K\u0131br\u0131s C\u00fcce Su Ayg\u0131r\u0131 i\u00e7in \u00f6zel bir b\u00f6l\u00fcm a\u00e7\u0131ld\u0131 - Kuzeyin Sesi","robots":{"index":"index","follow":"follow","max-snippet":"max-snippet:-1","max-image-preview":"max-image-preview:large","max-video-preview":"max-video-preview:-1"},"canonical":"https:\/\/kuzeyinsesi.org\/index.php\/2025\/04\/30\/kibris-kapilari-ve-sandiklari-muzesinde-nesli-tukenen-kibris-cuce-su-aygiri-icin-ozel-bir-bolum-acildi\/","og_locale":"tr_TR","og_type":"article","og_title":"\u201cK\u0131br\u0131s Kap\u0131lar\u0131 ve Sand\u0131klar\u0131 M\u00fczesi\u2019nde, nesli t\u00fckenen K\u0131br\u0131s C\u00fcce Su Ayg\u0131r\u0131 i\u00e7in \u00f6zel bir b\u00f6l\u00fcm a\u00e7\u0131ld\u0131 - Kuzeyin Sesi","og_description":"K\u0131br\u0131s Kap\u0131lar\u0131 ve Sand\u0131klar\u0131 M\u00fczesi\u2019nde yer alan \u201cK\u0131br\u0131s C\u00fcce Su Ayg\u0131r\u0131\u201d b\u00f6l\u00fcm\u00fcn\u00fcn a\u00e7\u0131l\u0131\u015f\u0131 d\u00fczenlenen t\u00f6renle ger\u00e7ekle\u015ftirildi.A\u00e7\u0131l\u0131\u015fta konu\u015fan Cumhurba\u015fkan\u0131 Ersin Tatar, K\u0131br\u0131s adas\u0131n\u0131n tarih boyunca bir\u00e7ok medeniyete ev sahipli\u011fi yapt\u0131\u011f\u0131n\u0131 ve zengin bir k\u00fclt\u00fcrel miras\u0131 bar\u0131nd\u0131rd\u0131\u011f\u0131na i\u015faret etti. Cumhurba\u015fkan\u0131 Tatar,\u201d D\u00fcnya miras\u0131 bizlere emanet. \u0130n\u015fallah biz bu topraklarda hep var olaca\u011f\u0131z ve bizim h\u00fck\u00fcmdarl\u0131\u011f\u0131m\u0131z olacak. Onun [&hellip;]","og_url":"https:\/\/kuzeyinsesi.org\/index.php\/2025\/04\/30\/kibris-kapilari-ve-sandiklari-muzesinde-nesli-tukenen-kibris-cuce-su-aygiri-icin-ozel-bir-bolum-acildi\/","og_site_name":"Kuzeyin Sesi","article_publisher":"https:\/\/www.facebook.com\/kuzeyinsesii","article_published_time":"2025-04-30T16:58:54+00:00","og_image":[{"url":"https:\/\/brtk.net\/wp-content\/uploads\/2025\/04\/30\/Screenshot_20250430_104648_X.jpg?ver=08f9da2b6fa14d6d15d52cb6332fb3c5","type":"","width":"","height":""}],"author":"Kuzeyin Sesi","twitter_card":"summary_large_image","twitter_creator":"@kuzeyinsesii","twitter_site":"@kuzeyinsesii","twitter_misc":{"Yazan:":"Kuzeyin Sesi","Tahmini okuma s\u00fcresi":"2 dakika"},"schema":{"@context":"https:\/\/schema.org","@graph":[{"@type":"Article","@id":"https:\/\/kuzeyinsesi.org\/index.php\/2025\/04\/30\/kibris-kapilari-ve-sandiklari-muzesinde-nesli-tukenen-kibris-cuce-su-aygiri-icin-ozel-bir-bolum-acildi\/#article","isPartOf":{"@id":"https:\/\/kuzeyinsesi.org\/index.php\/2025\/04\/30\/kibris-kapilari-ve-sandiklari-muzesinde-nesli-tukenen-kibris-cuce-su-aygiri-icin-ozel-bir-bolum-acildi\/"},"author":{"name":"Kuzeyin Sesi","@id":"https:\/\/kuzeyinsesi.org\/#\/schema\/person\/9f859689cdf01485597712386e37f5aa"},"headline":"\u201cK\u0131br\u0131s Kap\u0131lar\u0131 ve Sand\u0131klar\u0131 M\u00fczesi\u2019nde, nesli t\u00fckenen K\u0131br\u0131s C\u00fcce Su Ayg\u0131r\u0131 i\u00e7in \u00f6zel bir b\u00f6l\u00fcm a\u00e7\u0131ld\u0131","datePublished":"2025-04-30T16:58:54+00:00","mainEntityOfPage":{"@id":"https:\/\/kuzeyinsesi.org\/index.php\/2025\/04\/30\/kibris-kapilari-ve-sandiklari-muzesinde-nesli-tukenen-kibris-cuce-su-aygiri-icin-ozel-bir-bolum-acildi\/"},"wordCount":466,"commentCount":0,"image":{"@id":"https:\/\/kuzeyinsesi.org\/index.php\/2025\/04\/30\/kibris-kapilari-ve-sandiklari-muzesinde-nesli-tukenen-kibris-cuce-su-aygiri-icin-ozel-bir-bolum-acildi\/#primaryimage"},"thumbnailUrl":"https:\/\/kuzeyinsesi.org\/wp-content\/uploads\/2025\/04\/Screenshot_20250430_104648_X.jpg","articleSection":["Ya\u015fam"],"inLanguage":"tr","potentialAction":[{"@type":"CommentAction","name":"Comment","target":["https:\/\/kuzeyinsesi.org\/index.php\/2025\/04\/30\/kibris-kapilari-ve-sandiklari-muzesinde-nesli-tukenen-kibris-cuce-su-aygiri-icin-ozel-bir-bolum-acildi\/#respond"]}]},{"@type":"WebPage","@id":"https:\/\/kuzeyinsesi.org\/index.php\/2025\/04\/30\/kibris-kapilari-ve-sandiklari-muzesinde-nesli-tukenen-kibris-cuce-su-aygiri-icin-ozel-bir-bolum-acildi\/","url":"https:\/\/kuzeyinsesi.org\/index.php\/2025\/04\/30\/kibris-kapilari-ve-sandiklari-muzesinde-nesli-tukenen-kibris-cuce-su-aygiri-icin-ozel-bir-bolum-acildi\/","name":"\u201cK\u0131br\u0131s Kap\u0131lar\u0131 ve Sand\u0131klar\u0131 M\u00fczesi\u2019nde, nesli t\u00fckenen K\u0131br\u0131s C\u00fcce Su Ayg\u0131r\u0131 i\u00e7in \u00f6zel bir b\u00f6l\u00fcm a\u00e7\u0131ld\u0131 - Kuzeyin Sesi","isPartOf":{"@id":"https:\/\/kuzeyinsesi.org\/#website"},"primaryImageOfPage":{"@id":"https:\/\/kuzeyinsesi.org\/index.php\/2025\/04\/30\/kibris-kapilari-ve-sandiklari-muzesinde-nesli-tukenen-kibris-cuce-su-aygiri-icin-ozel-bir-bolum-acildi\/#primaryimage"},"image":{"@id":"https:\/\/kuzeyinsesi.org\/index.php\/2025\/04\/30\/kibris-kapilari-ve-sandiklari-muzesinde-nesli-tukenen-kibris-cuce-su-aygiri-icin-ozel-bir-bolum-acildi\/#primaryimage"},"thumbnailUrl":"https:\/\/kuzeyinsesi.org\/wp-content\/uploads\/2025\/04\/Screenshot_20250430_104648_X.jpg","datePublished":"2025-04-30T16:58:54+00:00","author":{"@id":"https:\/\/kuzeyinsesi.org\/#\/schema\/person\/9f859689cdf01485597712386e37f5aa"},"breadcrumb":{"@id":"https:\/\/kuzeyinsesi.org\/index.php\/2025\/04\/30\/kibris-kapilari-ve-sandiklari-muzesinde-nesli-tukenen-kibris-cuce-su-aygiri-icin-ozel-bir-bolum-acildi\/#breadcrumb"},"inLanguage":"tr","potentialAction":[{"@type":"ReadAction","target":["https:\/\/kuzeyinsesi.org\/index.php\/2025\/04\/30\/kibris-kapilari-ve-sandiklari-muzesinde-nesli-tukenen-kibris-cuce-su-aygiri-icin-ozel-bir-bolum-acildi\/"]}]},{"@type":"ImageObject","inLanguage":"tr","@id":"https:\/\/kuzeyinsesi.org\/index.php\/2025\/04\/30\/kibris-kapilari-ve-sandiklari-muzesinde-nesli-tukenen-kibris-cuce-su-aygiri-icin-ozel-bir-bolum-acildi\/#primaryimage","url":"https:\/\/kuzeyinsesi.org\/wp-content\/uploads\/2025\/04\/Screenshot_20250430_104648_X.jpg","contentUrl":"https:\/\/kuzeyinsesi.org\/wp-content\/uploads\/2025\/04\/Screenshot_20250430_104648_X.jpg","width":1080,"height":564},{"@type":"BreadcrumbList","@id":"https:\/\/kuzeyinsesi.org\/index.php\/2025\/04\/30\/kibris-kapilari-ve-sandiklari-muzesinde-nesli-tukenen-kibris-cuce-su-aygiri-icin-ozel-bir-bolum-acildi\/#breadcrumb","itemListElement":[{"@type":"ListItem","position":1,"name":"Anasayfa","item":"https:\/\/kuzeyinsesi.org\/"},{"@type":"ListItem","position":2,"name":"\u201cK\u0131br\u0131s Kap\u0131lar\u0131 ve Sand\u0131klar\u0131 M\u00fczesi\u2019nde, nesli t\u00fckenen K\u0131br\u0131s C\u00fcce Su Ayg\u0131r\u0131 i\u00e7in \u00f6zel bir b\u00f6l\u00fcm a\u00e7\u0131ld\u0131"}]},{"@type":"WebSite","@id":"https:\/\/kuzeyinsesi.org\/#website","url":"https:\/\/kuzeyinsesi.org\/","name":"Kuzeyin Sesi","description":"Do\u011fru Haberin Adresi","potentialAction":[{"@type":"SearchAction","target":{"@type":"EntryPoint","urlTemplate":"https:\/\/kuzeyinsesi.org\/?s={search_term_string}"},"query-input":{"@type":"PropertyValueSpecification","valueRequired":true,"valueName":"search_term_string"}}],"inLanguage":"tr"},{"@type":"Person","@id":"https:\/\/kuzeyinsesi.org\/#\/schema\/person\/9f859689cdf01485597712386e37f5aa","name":"Kuzeyin Sesi","image":{"@type":"ImageObject","inLanguage":"tr","@id":"https:\/\/secure.gravatar.com\/avatar\/bab33852abfd8b282518d6ed81826833d77c3c882d9ab608add591ccace47a44?s=96&d=mm&r=g","url":"https:\/\/secure.gravatar.com\/avatar\/bab33852abfd8b282518d6ed81826833d77c3c882d9ab608add591ccace47a44?s=96&d=mm&r=g","contentUrl":"https:\/\/secure.gravatar.com\/avatar\/bab33852abfd8b282518d6ed81826833d77c3c882d9ab608add591ccace47a44?s=96&d=mm&r=g","caption":"Kuzeyin Sesi"},"sameAs":["https:\/\/kuzeyinsesi.org"],"url":"https:\/\/kuzeyinsesi.org\/index.php\/author\/guven\/"}]}},"_links":{"self":[{"href":"https:\/\/kuzeyinsesi.org\/index.php\/wp-json\/wp\/v2\/posts\/24233","targetHints":{"allow":["GET"]}}],"collection":[{"href":"https:\/\/kuzeyinsesi.org\/index.php\/wp-json\/wp\/v2\/posts"}],"about":[{"href":"https:\/\/kuzeyinsesi.org\/index.php\/wp-json\/wp\/v2\/types\/post"}],"author":[{"embeddable":true,"href":"https:\/\/kuzeyinsesi.org\/index.php\/wp-json\/wp\/v2\/users\/1"}],"replies":[{"embeddable":true,"href":"https:\/\/kuzeyinsesi.org\/index.php\/wp-json\/wp\/v2\/comments?post=24233"}],"version-history":[{"count":0,"href":"https:\/\/kuzeyinsesi.org\/index.php\/wp-json\/wp\/v2\/posts\/24233\/revisions"}],"wp:featuredmedia":[{"embeddable":true,"href":"https:\/\/kuzeyinsesi.org\/index.php\/wp-json\/wp\/v2\/media\/24234"}],"wp:attachment":[{"href":"https:\/\/kuzeyinsesi.org\/index.php\/wp-json\/wp\/v2\/media?parent=24233"}],"wp:term":[{"taxonomy":"category","embeddable":true,"href":"https:\/\/kuzeyinsesi.org\/index.php\/wp-json\/wp\/v2\/categories?post=24233"},{"taxonomy":"post_tag","embeddable":true,"href":"https:\/\/kuzeyinsesi.org\/index.php\/wp-json\/wp\/v2\/tags?post=24233"}],"curies":[{"name":"wp","href":"https:\/\/api.w.org\/{rel}","templated":true}]}}