{"id":24227,"date":"2025-04-30T18:57:59","date_gmt":"2025-04-30T15:57:59","guid":{"rendered":"https:\/\/kuzeyinsesi.org\/index.php\/2025\/04\/30\/basaran-duzgunun-ikinci-romani-pembe-boyali-odanin-tanitimi-yapildi\/"},"modified":"2025-04-30T18:57:59","modified_gmt":"2025-04-30T15:57:59","slug":"basaran-duzgunun-ikinci-romani-pembe-boyali-odanin-tanitimi-yapildi","status":"publish","type":"post","link":"https:\/\/kuzeyinsesi.org\/index.php\/2025\/04\/30\/basaran-duzgunun-ikinci-romani-pembe-boyali-odanin-tanitimi-yapildi\/","title":{"rendered":"Ba\u015faran D\u00fczg\u00fcn\u2019\u00fcn ikinci roman\u0131 Pembe Boyal\u0131 Oda\u2019n\u0131n tan\u0131t\u0131m\u0131 yap\u0131ld\u0131"},"content":{"rendered":"<div>\n<div class=\"mariselle-image-container center\">\n                                            <\/div>\n<p>Ba\u015faran D\u00fczg\u00fcn\u2019\u00fcn ikinci roman\u0131 Pembe Boyal\u0131 Oda\u2019n\u0131n tan\u0131t\u0131m ve imza etkinli\u011fi yap\u0131ld\u0131.<\/p>\n<p>Verilen bilgiye g\u00f6re, etkinlikte konu\u015fan Ba\u015faran D\u00fczg\u00fcn \u201cBu topraklarda evrensel \u00f6l\u00e7\u00fctlerde edebi eserlere konu olabilecek olaylar ya\u015fand\u0131. Roman\u0131 ac\u0131 ile var olma m\u00fccadelesi veren insanlar\u0131 anlat\u0131yor\u201d dedi.<\/p>\n<p>I\u015f\u0131k Kitabevi\u2019nde ger\u00e7ekle\u015ftirilen etkinlikte konu\u015fan sanat\u00e7\u0131, yazar Ahmet Okan, Pembe Boyal\u0131 Oda roman\u0131n\u0131n sanatsal a\u00e7\u0131dan de\u011ferlendirmesini yapt\u0131.<\/p>\n<p>Okan, \u00fclkede romanc\u0131l\u0131\u011f\u0131n ivme kazand\u0131\u011f\u0131n\u0131, bunun sevindirici bir geli\u015fme ve Ba\u015faran D\u00fczg\u00fcn\u2019\u00fcn romanlar\u0131n\u0131n bu topraklarda ya\u015fananlar\u0131 yans\u0131tmas\u0131 bak\u0131m\u0131ndan \u00f6nemli oldu\u011funu belirtti.<\/p>\n<p>Pembe Boyal\u0131 Oda\u2019n\u0131n bir d\u00f6nem kendi kabu\u011funu k\u0131rmaya \u00e7al\u0131\u015fan insanlar\u0131n tekam\u00fcl\u00fcn\u00fc anlatt\u0131\u011f\u0131n\u0131 belirten Ahmet Okan, romanc\u0131l\u0131\u011f\u0131n yayg\u0131nla\u015fmas\u0131 temennisinde bulundu.<\/p>\n<p>Pembe Boyal\u0131 Oda roman\u0131n\u0131n Edit\u00f6r\u00fc Nurper Moreket ise roman\u0131n \u00f6n haz\u0131rl\u0131k ve yaz\u0131m s\u00fcre\u00e7leri ile ilgili \u00e7e\u015fitli bilgiler verdi. Konular\u0131n se\u00e7imi ve redaksiyonunda uzun s\u00fcreler \u00e7e\u015fitli ara\u015ft\u0131rmalar, g\u00f6r\u00fc\u015fmeler ve okumalar yap\u0131ld\u0131\u011f\u0131n\u0131 belirten Moreket \u201c\u00d6ks\u00fcz Atlar \u00dclkesi ve pe\u015fi s\u0131ra Pembe Boyal\u0131 Oda, Toplumsal Ger\u00e7ek\u00e7ilik ak\u0131m\u0131n\u0131n \u00fclkemizdeki \u00f6rnekleri olarak g\u00f6sterilebilir\u201d dedi.<\/p>\n<\/p><\/div>\n<p><script async\n                    defer\n                    crossorigin=\"anonymous\"\n                    src=\"https:\/\/connect.facebook.net\/tr_TR\/sdk.js#xfbml=1&#038;version=v3.3\"\n            ><\/script><\/p>\n","protected":false},"excerpt":{"rendered":"<p>Ba\u015faran D\u00fczg\u00fcn\u2019\u00fcn ikinci roman\u0131 Pembe Boyal\u0131 Oda\u2019n\u0131n tan\u0131t\u0131m ve imza etkinli\u011fi yap\u0131ld\u0131. Verilen bilgiye g\u00f6re, etkinlikte konu\u015fan Ba\u015faran D\u00fczg\u00fcn \u201cBu topraklarda evrensel \u00f6l\u00e7\u00fctlerde edebi eserlere konu olabilecek olaylar ya\u015fand\u0131. Roman\u0131 ac\u0131 ile var olma m\u00fccadelesi veren insanlar\u0131 anlat\u0131yor\u201d dedi. I\u015f\u0131k Kitabevi\u2019nde ger\u00e7ekle\u015ftirilen etkinlikte konu\u015fan sanat\u00e7\u0131, yazar Ahmet Okan, Pembe Boyal\u0131 Oda roman\u0131n\u0131n sanatsal a\u00e7\u0131dan de\u011ferlendirmesini [&hellip;]<\/p>\n","protected":false},"author":1,"featured_media":24228,"comment_status":"open","ping_status":"open","sticky":false,"template":"","format":"standard","meta":{"jnews-multi-image_gallery":[],"jnews_single_post":[],"jnews_primary_category":[],"jnews_social_meta":[],"jnews_override_counter":[],"footnotes":""},"categories":[6],"tags":[],"class_list":["post-24227","post","type-post","status-publish","format-standard","has-post-thumbnail","hentry","category-yasam"],"yoast_head":"<!-- This site is optimized with the Yoast SEO plugin v27.4 - https:\/\/yoast.com\/product\/yoast-seo-wordpress\/ -->\n<title>Ba\u015faran D\u00fczg\u00fcn\u2019\u00fcn ikinci roman\u0131 Pembe Boyal\u0131 Oda\u2019n\u0131n tan\u0131t\u0131m\u0131 yap\u0131ld\u0131 - Kuzeyin Sesi<\/title>\n<meta name=\"robots\" content=\"index, follow, max-snippet:-1, max-image-preview:large, max-video-preview:-1\" \/>\n<link rel=\"canonical\" href=\"https:\/\/kuzeyinsesi.org\/index.php\/2025\/04\/30\/basaran-duzgunun-ikinci-romani-pembe-boyali-odanin-tanitimi-yapildi\/\" \/>\n<meta property=\"og:locale\" content=\"tr_TR\" \/>\n<meta property=\"og:type\" content=\"article\" \/>\n<meta property=\"og:title\" content=\"Ba\u015faran D\u00fczg\u00fcn\u2019\u00fcn ikinci roman\u0131 Pembe Boyal\u0131 Oda\u2019n\u0131n tan\u0131t\u0131m\u0131 yap\u0131ld\u0131 - Kuzeyin Sesi\" \/>\n<meta property=\"og:description\" content=\"Ba\u015faran D\u00fczg\u00fcn\u2019\u00fcn ikinci roman\u0131 Pembe Boyal\u0131 Oda\u2019n\u0131n tan\u0131t\u0131m ve imza etkinli\u011fi yap\u0131ld\u0131. Verilen bilgiye g\u00f6re, etkinlikte konu\u015fan Ba\u015faran D\u00fczg\u00fcn \u201cBu topraklarda evrensel \u00f6l\u00e7\u00fctlerde edebi eserlere konu olabilecek olaylar ya\u015fand\u0131. Roman\u0131 ac\u0131 ile var olma m\u00fccadelesi veren insanlar\u0131 anlat\u0131yor\u201d dedi. I\u015f\u0131k Kitabevi\u2019nde ger\u00e7ekle\u015ftirilen etkinlikte konu\u015fan sanat\u00e7\u0131, yazar Ahmet Okan, Pembe Boyal\u0131 Oda roman\u0131n\u0131n sanatsal a\u00e7\u0131dan de\u011ferlendirmesini [&hellip;]\" \/>\n<meta property=\"og:url\" content=\"https:\/\/kuzeyinsesi.org\/index.php\/2025\/04\/30\/basaran-duzgunun-ikinci-romani-pembe-boyali-odanin-tanitimi-yapildi\/\" \/>\n<meta property=\"og:site_name\" content=\"Kuzeyin Sesi\" \/>\n<meta property=\"article:publisher\" content=\"https:\/\/www.facebook.com\/kuzeyinsesii\" \/>\n<meta property=\"article:published_time\" content=\"2025-04-30T15:57:59+00:00\" \/>\n<meta property=\"og:image\" content=\"https:\/\/brtk.net\/wp-content\/uploads\/2025\/04\/30\/09480194810.jpeg?ver=5f5e636ae7a20a69d429711ea1528a5d\" \/>\n<meta name=\"author\" content=\"Kuzeyin Sesi\" \/>\n<meta name=\"twitter:card\" content=\"summary_large_image\" \/>\n<meta name=\"twitter:creator\" content=\"@kuzeyinsesii\" \/>\n<meta name=\"twitter:site\" content=\"@kuzeyinsesii\" \/>\n<meta name=\"twitter:label1\" content=\"Yazan:\" \/>\n\t<meta name=\"twitter:data1\" content=\"Kuzeyin Sesi\" \/>\n\t<meta name=\"twitter:label2\" content=\"Tahmini okuma s\u00fcresi\" \/>\n\t<meta name=\"twitter:data2\" content=\"1 dakika\" \/>\n<script type=\"application\/ld+json\" class=\"yoast-schema-graph\">{\"@context\":\"https:\\\/\\\/schema.org\",\"@graph\":[{\"@type\":\"Article\",\"@id\":\"https:\\\/\\\/kuzeyinsesi.org\\\/index.php\\\/2025\\\/04\\\/30\\\/basaran-duzgunun-ikinci-romani-pembe-boyali-odanin-tanitimi-yapildi\\\/#article\",\"isPartOf\":{\"@id\":\"https:\\\/\\\/kuzeyinsesi.org\\\/index.php\\\/2025\\\/04\\\/30\\\/basaran-duzgunun-ikinci-romani-pembe-boyali-odanin-tanitimi-yapildi\\\/\"},\"author\":{\"name\":\"Kuzeyin Sesi\",\"@id\":\"https:\\\/\\\/kuzeyinsesi.org\\\/#\\\/schema\\\/person\\\/9f859689cdf01485597712386e37f5aa\"},\"headline\":\"Ba\u015faran D\u00fczg\u00fcn\u2019\u00fcn ikinci roman\u0131 Pembe Boyal\u0131 Oda\u2019n\u0131n tan\u0131t\u0131m\u0131 yap\u0131ld\u0131\",\"datePublished\":\"2025-04-30T15:57:59+00:00\",\"mainEntityOfPage\":{\"@id\":\"https:\\\/\\\/kuzeyinsesi.org\\\/index.php\\\/2025\\\/04\\\/30\\\/basaran-duzgunun-ikinci-romani-pembe-boyali-odanin-tanitimi-yapildi\\\/\"},\"wordCount\":250,\"commentCount\":0,\"image\":{\"@id\":\"https:\\\/\\\/kuzeyinsesi.org\\\/index.php\\\/2025\\\/04\\\/30\\\/basaran-duzgunun-ikinci-romani-pembe-boyali-odanin-tanitimi-yapildi\\\/#primaryimage\"},\"thumbnailUrl\":\"https:\\\/\\\/kuzeyinsesi.org\\\/wp-content\\\/uploads\\\/2025\\\/04\\\/09480194810.jpeg\",\"articleSection\":[\"Ya\u015fam\"],\"inLanguage\":\"tr\",\"potentialAction\":[{\"@type\":\"CommentAction\",\"name\":\"Comment\",\"target\":[\"https:\\\/\\\/kuzeyinsesi.org\\\/index.php\\\/2025\\\/04\\\/30\\\/basaran-duzgunun-ikinci-romani-pembe-boyali-odanin-tanitimi-yapildi\\\/#respond\"]}]},{\"@type\":\"WebPage\",\"@id\":\"https:\\\/\\\/kuzeyinsesi.org\\\/index.php\\\/2025\\\/04\\\/30\\\/basaran-duzgunun-ikinci-romani-pembe-boyali-odanin-tanitimi-yapildi\\\/\",\"url\":\"https:\\\/\\\/kuzeyinsesi.org\\\/index.php\\\/2025\\\/04\\\/30\\\/basaran-duzgunun-ikinci-romani-pembe-boyali-odanin-tanitimi-yapildi\\\/\",\"name\":\"Ba\u015faran D\u00fczg\u00fcn\u2019\u00fcn ikinci roman\u0131 Pembe Boyal\u0131 Oda\u2019n\u0131n tan\u0131t\u0131m\u0131 yap\u0131ld\u0131 - Kuzeyin Sesi\",\"isPartOf\":{\"@id\":\"https:\\\/\\\/kuzeyinsesi.org\\\/#website\"},\"primaryImageOfPage\":{\"@id\":\"https:\\\/\\\/kuzeyinsesi.org\\\/index.php\\\/2025\\\/04\\\/30\\\/basaran-duzgunun-ikinci-romani-pembe-boyali-odanin-tanitimi-yapildi\\\/#primaryimage\"},\"image\":{\"@id\":\"https:\\\/\\\/kuzeyinsesi.org\\\/index.php\\\/2025\\\/04\\\/30\\\/basaran-duzgunun-ikinci-romani-pembe-boyali-odanin-tanitimi-yapildi\\\/#primaryimage\"},\"thumbnailUrl\":\"https:\\\/\\\/kuzeyinsesi.org\\\/wp-content\\\/uploads\\\/2025\\\/04\\\/09480194810.jpeg\",\"datePublished\":\"2025-04-30T15:57:59+00:00\",\"author\":{\"@id\":\"https:\\\/\\\/kuzeyinsesi.org\\\/#\\\/schema\\\/person\\\/9f859689cdf01485597712386e37f5aa\"},\"breadcrumb\":{\"@id\":\"https:\\\/\\\/kuzeyinsesi.org\\\/index.php\\\/2025\\\/04\\\/30\\\/basaran-duzgunun-ikinci-romani-pembe-boyali-odanin-tanitimi-yapildi\\\/#breadcrumb\"},\"inLanguage\":\"tr\",\"potentialAction\":[{\"@type\":\"ReadAction\",\"target\":[\"https:\\\/\\\/kuzeyinsesi.org\\\/index.php\\\/2025\\\/04\\\/30\\\/basaran-duzgunun-ikinci-romani-pembe-boyali-odanin-tanitimi-yapildi\\\/\"]}]},{\"@type\":\"ImageObject\",\"inLanguage\":\"tr\",\"@id\":\"https:\\\/\\\/kuzeyinsesi.org\\\/index.php\\\/2025\\\/04\\\/30\\\/basaran-duzgunun-ikinci-romani-pembe-boyali-odanin-tanitimi-yapildi\\\/#primaryimage\",\"url\":\"https:\\\/\\\/kuzeyinsesi.org\\\/wp-content\\\/uploads\\\/2025\\\/04\\\/09480194810.jpeg\",\"contentUrl\":\"https:\\\/\\\/kuzeyinsesi.org\\\/wp-content\\\/uploads\\\/2025\\\/04\\\/09480194810.jpeg\",\"width\":1200,\"height\":696},{\"@type\":\"BreadcrumbList\",\"@id\":\"https:\\\/\\\/kuzeyinsesi.org\\\/index.php\\\/2025\\\/04\\\/30\\\/basaran-duzgunun-ikinci-romani-pembe-boyali-odanin-tanitimi-yapildi\\\/#breadcrumb\",\"itemListElement\":[{\"@type\":\"ListItem\",\"position\":1,\"name\":\"Anasayfa\",\"item\":\"https:\\\/\\\/kuzeyinsesi.org\\\/\"},{\"@type\":\"ListItem\",\"position\":2,\"name\":\"Ba\u015faran D\u00fczg\u00fcn\u2019\u00fcn ikinci roman\u0131 Pembe Boyal\u0131 Oda\u2019n\u0131n tan\u0131t\u0131m\u0131 yap\u0131ld\u0131\"}]},{\"@type\":\"WebSite\",\"@id\":\"https:\\\/\\\/kuzeyinsesi.org\\\/#website\",\"url\":\"https:\\\/\\\/kuzeyinsesi.org\\\/\",\"name\":\"Kuzeyin Sesi\",\"description\":\"Do\u011fru Haberin Adresi\",\"potentialAction\":[{\"@type\":\"SearchAction\",\"target\":{\"@type\":\"EntryPoint\",\"urlTemplate\":\"https:\\\/\\\/kuzeyinsesi.org\\\/?s={search_term_string}\"},\"query-input\":{\"@type\":\"PropertyValueSpecification\",\"valueRequired\":true,\"valueName\":\"search_term_string\"}}],\"inLanguage\":\"tr\"},{\"@type\":\"Person\",\"@id\":\"https:\\\/\\\/kuzeyinsesi.org\\\/#\\\/schema\\\/person\\\/9f859689cdf01485597712386e37f5aa\",\"name\":\"Kuzeyin Sesi\",\"image\":{\"@type\":\"ImageObject\",\"inLanguage\":\"tr\",\"@id\":\"https:\\\/\\\/secure.gravatar.com\\\/avatar\\\/bab33852abfd8b282518d6ed81826833d77c3c882d9ab608add591ccace47a44?s=96&d=mm&r=g\",\"url\":\"https:\\\/\\\/secure.gravatar.com\\\/avatar\\\/bab33852abfd8b282518d6ed81826833d77c3c882d9ab608add591ccace47a44?s=96&d=mm&r=g\",\"contentUrl\":\"https:\\\/\\\/secure.gravatar.com\\\/avatar\\\/bab33852abfd8b282518d6ed81826833d77c3c882d9ab608add591ccace47a44?s=96&d=mm&r=g\",\"caption\":\"Kuzeyin Sesi\"},\"sameAs\":[\"https:\\\/\\\/kuzeyinsesi.org\"],\"url\":\"https:\\\/\\\/kuzeyinsesi.org\\\/index.php\\\/author\\\/guven\\\/\"}]}<\/script>\n<!-- \/ Yoast SEO plugin. -->","yoast_head_json":{"title":"Ba\u015faran D\u00fczg\u00fcn\u2019\u00fcn ikinci roman\u0131 Pembe Boyal\u0131 Oda\u2019n\u0131n tan\u0131t\u0131m\u0131 yap\u0131ld\u0131 - Kuzeyin Sesi","robots":{"index":"index","follow":"follow","max-snippet":"max-snippet:-1","max-image-preview":"max-image-preview:large","max-video-preview":"max-video-preview:-1"},"canonical":"https:\/\/kuzeyinsesi.org\/index.php\/2025\/04\/30\/basaran-duzgunun-ikinci-romani-pembe-boyali-odanin-tanitimi-yapildi\/","og_locale":"tr_TR","og_type":"article","og_title":"Ba\u015faran D\u00fczg\u00fcn\u2019\u00fcn ikinci roman\u0131 Pembe Boyal\u0131 Oda\u2019n\u0131n tan\u0131t\u0131m\u0131 yap\u0131ld\u0131 - Kuzeyin Sesi","og_description":"Ba\u015faran D\u00fczg\u00fcn\u2019\u00fcn ikinci roman\u0131 Pembe Boyal\u0131 Oda\u2019n\u0131n tan\u0131t\u0131m ve imza etkinli\u011fi yap\u0131ld\u0131. Verilen bilgiye g\u00f6re, etkinlikte konu\u015fan Ba\u015faran D\u00fczg\u00fcn \u201cBu topraklarda evrensel \u00f6l\u00e7\u00fctlerde edebi eserlere konu olabilecek olaylar ya\u015fand\u0131. Roman\u0131 ac\u0131 ile var olma m\u00fccadelesi veren insanlar\u0131 anlat\u0131yor\u201d dedi. I\u015f\u0131k Kitabevi\u2019nde ger\u00e7ekle\u015ftirilen etkinlikte konu\u015fan sanat\u00e7\u0131, yazar Ahmet Okan, Pembe Boyal\u0131 Oda roman\u0131n\u0131n sanatsal a\u00e7\u0131dan de\u011ferlendirmesini [&hellip;]","og_url":"https:\/\/kuzeyinsesi.org\/index.php\/2025\/04\/30\/basaran-duzgunun-ikinci-romani-pembe-boyali-odanin-tanitimi-yapildi\/","og_site_name":"Kuzeyin Sesi","article_publisher":"https:\/\/www.facebook.com\/kuzeyinsesii","article_published_time":"2025-04-30T15:57:59+00:00","og_image":[{"url":"https:\/\/brtk.net\/wp-content\/uploads\/2025\/04\/30\/09480194810.jpeg?ver=5f5e636ae7a20a69d429711ea1528a5d","type":"","width":"","height":""}],"author":"Kuzeyin Sesi","twitter_card":"summary_large_image","twitter_creator":"@kuzeyinsesii","twitter_site":"@kuzeyinsesii","twitter_misc":{"Yazan:":"Kuzeyin Sesi","Tahmini okuma s\u00fcresi":"1 dakika"},"schema":{"@context":"https:\/\/schema.org","@graph":[{"@type":"Article","@id":"https:\/\/kuzeyinsesi.org\/index.php\/2025\/04\/30\/basaran-duzgunun-ikinci-romani-pembe-boyali-odanin-tanitimi-yapildi\/#article","isPartOf":{"@id":"https:\/\/kuzeyinsesi.org\/index.php\/2025\/04\/30\/basaran-duzgunun-ikinci-romani-pembe-boyali-odanin-tanitimi-yapildi\/"},"author":{"name":"Kuzeyin Sesi","@id":"https:\/\/kuzeyinsesi.org\/#\/schema\/person\/9f859689cdf01485597712386e37f5aa"},"headline":"Ba\u015faran D\u00fczg\u00fcn\u2019\u00fcn ikinci roman\u0131 Pembe Boyal\u0131 Oda\u2019n\u0131n tan\u0131t\u0131m\u0131 yap\u0131ld\u0131","datePublished":"2025-04-30T15:57:59+00:00","mainEntityOfPage":{"@id":"https:\/\/kuzeyinsesi.org\/index.php\/2025\/04\/30\/basaran-duzgunun-ikinci-romani-pembe-boyali-odanin-tanitimi-yapildi\/"},"wordCount":250,"commentCount":0,"image":{"@id":"https:\/\/kuzeyinsesi.org\/index.php\/2025\/04\/30\/basaran-duzgunun-ikinci-romani-pembe-boyali-odanin-tanitimi-yapildi\/#primaryimage"},"thumbnailUrl":"https:\/\/kuzeyinsesi.org\/wp-content\/uploads\/2025\/04\/09480194810.jpeg","articleSection":["Ya\u015fam"],"inLanguage":"tr","potentialAction":[{"@type":"CommentAction","name":"Comment","target":["https:\/\/kuzeyinsesi.org\/index.php\/2025\/04\/30\/basaran-duzgunun-ikinci-romani-pembe-boyali-odanin-tanitimi-yapildi\/#respond"]}]},{"@type":"WebPage","@id":"https:\/\/kuzeyinsesi.org\/index.php\/2025\/04\/30\/basaran-duzgunun-ikinci-romani-pembe-boyali-odanin-tanitimi-yapildi\/","url":"https:\/\/kuzeyinsesi.org\/index.php\/2025\/04\/30\/basaran-duzgunun-ikinci-romani-pembe-boyali-odanin-tanitimi-yapildi\/","name":"Ba\u015faran D\u00fczg\u00fcn\u2019\u00fcn ikinci roman\u0131 Pembe Boyal\u0131 Oda\u2019n\u0131n tan\u0131t\u0131m\u0131 yap\u0131ld\u0131 - Kuzeyin Sesi","isPartOf":{"@id":"https:\/\/kuzeyinsesi.org\/#website"},"primaryImageOfPage":{"@id":"https:\/\/kuzeyinsesi.org\/index.php\/2025\/04\/30\/basaran-duzgunun-ikinci-romani-pembe-boyali-odanin-tanitimi-yapildi\/#primaryimage"},"image":{"@id":"https:\/\/kuzeyinsesi.org\/index.php\/2025\/04\/30\/basaran-duzgunun-ikinci-romani-pembe-boyali-odanin-tanitimi-yapildi\/#primaryimage"},"thumbnailUrl":"https:\/\/kuzeyinsesi.org\/wp-content\/uploads\/2025\/04\/09480194810.jpeg","datePublished":"2025-04-30T15:57:59+00:00","author":{"@id":"https:\/\/kuzeyinsesi.org\/#\/schema\/person\/9f859689cdf01485597712386e37f5aa"},"breadcrumb":{"@id":"https:\/\/kuzeyinsesi.org\/index.php\/2025\/04\/30\/basaran-duzgunun-ikinci-romani-pembe-boyali-odanin-tanitimi-yapildi\/#breadcrumb"},"inLanguage":"tr","potentialAction":[{"@type":"ReadAction","target":["https:\/\/kuzeyinsesi.org\/index.php\/2025\/04\/30\/basaran-duzgunun-ikinci-romani-pembe-boyali-odanin-tanitimi-yapildi\/"]}]},{"@type":"ImageObject","inLanguage":"tr","@id":"https:\/\/kuzeyinsesi.org\/index.php\/2025\/04\/30\/basaran-duzgunun-ikinci-romani-pembe-boyali-odanin-tanitimi-yapildi\/#primaryimage","url":"https:\/\/kuzeyinsesi.org\/wp-content\/uploads\/2025\/04\/09480194810.jpeg","contentUrl":"https:\/\/kuzeyinsesi.org\/wp-content\/uploads\/2025\/04\/09480194810.jpeg","width":1200,"height":696},{"@type":"BreadcrumbList","@id":"https:\/\/kuzeyinsesi.org\/index.php\/2025\/04\/30\/basaran-duzgunun-ikinci-romani-pembe-boyali-odanin-tanitimi-yapildi\/#breadcrumb","itemListElement":[{"@type":"ListItem","position":1,"name":"Anasayfa","item":"https:\/\/kuzeyinsesi.org\/"},{"@type":"ListItem","position":2,"name":"Ba\u015faran D\u00fczg\u00fcn\u2019\u00fcn ikinci roman\u0131 Pembe Boyal\u0131 Oda\u2019n\u0131n tan\u0131t\u0131m\u0131 yap\u0131ld\u0131"}]},{"@type":"WebSite","@id":"https:\/\/kuzeyinsesi.org\/#website","url":"https:\/\/kuzeyinsesi.org\/","name":"Kuzeyin Sesi","description":"Do\u011fru Haberin Adresi","potentialAction":[{"@type":"SearchAction","target":{"@type":"EntryPoint","urlTemplate":"https:\/\/kuzeyinsesi.org\/?s={search_term_string}"},"query-input":{"@type":"PropertyValueSpecification","valueRequired":true,"valueName":"search_term_string"}}],"inLanguage":"tr"},{"@type":"Person","@id":"https:\/\/kuzeyinsesi.org\/#\/schema\/person\/9f859689cdf01485597712386e37f5aa","name":"Kuzeyin Sesi","image":{"@type":"ImageObject","inLanguage":"tr","@id":"https:\/\/secure.gravatar.com\/avatar\/bab33852abfd8b282518d6ed81826833d77c3c882d9ab608add591ccace47a44?s=96&d=mm&r=g","url":"https:\/\/secure.gravatar.com\/avatar\/bab33852abfd8b282518d6ed81826833d77c3c882d9ab608add591ccace47a44?s=96&d=mm&r=g","contentUrl":"https:\/\/secure.gravatar.com\/avatar\/bab33852abfd8b282518d6ed81826833d77c3c882d9ab608add591ccace47a44?s=96&d=mm&r=g","caption":"Kuzeyin Sesi"},"sameAs":["https:\/\/kuzeyinsesi.org"],"url":"https:\/\/kuzeyinsesi.org\/index.php\/author\/guven\/"}]}},"_links":{"self":[{"href":"https:\/\/kuzeyinsesi.org\/index.php\/wp-json\/wp\/v2\/posts\/24227","targetHints":{"allow":["GET"]}}],"collection":[{"href":"https:\/\/kuzeyinsesi.org\/index.php\/wp-json\/wp\/v2\/posts"}],"about":[{"href":"https:\/\/kuzeyinsesi.org\/index.php\/wp-json\/wp\/v2\/types\/post"}],"author":[{"embeddable":true,"href":"https:\/\/kuzeyinsesi.org\/index.php\/wp-json\/wp\/v2\/users\/1"}],"replies":[{"embeddable":true,"href":"https:\/\/kuzeyinsesi.org\/index.php\/wp-json\/wp\/v2\/comments?post=24227"}],"version-history":[{"count":0,"href":"https:\/\/kuzeyinsesi.org\/index.php\/wp-json\/wp\/v2\/posts\/24227\/revisions"}],"wp:featuredmedia":[{"embeddable":true,"href":"https:\/\/kuzeyinsesi.org\/index.php\/wp-json\/wp\/v2\/media\/24228"}],"wp:attachment":[{"href":"https:\/\/kuzeyinsesi.org\/index.php\/wp-json\/wp\/v2\/media?parent=24227"}],"wp:term":[{"taxonomy":"category","embeddable":true,"href":"https:\/\/kuzeyinsesi.org\/index.php\/wp-json\/wp\/v2\/categories?post=24227"},{"taxonomy":"post_tag","embeddable":true,"href":"https:\/\/kuzeyinsesi.org\/index.php\/wp-json\/wp\/v2\/tags?post=24227"}],"curies":[{"name":"wp","href":"https:\/\/api.w.org\/{rel}","templated":true}]}}