{"id":24195,"date":"2025-04-30T16:55:47","date_gmt":"2025-04-30T13:55:47","guid":{"rendered":"https:\/\/kuzeyinsesi.org\/index.php\/2025\/04\/30\/kibris-oykuleri-girne-halk-kutuphanesinde-tanitildi\/"},"modified":"2025-04-30T16:55:47","modified_gmt":"2025-04-30T13:55:47","slug":"kibris-oykuleri-girne-halk-kutuphanesinde-tanitildi","status":"publish","type":"post","link":"https:\/\/kuzeyinsesi.org\/index.php\/2025\/04\/30\/kibris-oykuleri-girne-halk-kutuphanesinde-tanitildi\/","title":{"rendered":"\u201cK\u0131br\u0131s \u00d6yk\u00fcleri\u201d Girne Halk K\u00fct\u00fcphanesi\u2019nde tan\u0131t\u0131ld\u0131"},"content":{"rendered":"<div>\n<div class=\"mariselle-image-container center\">\n                                            <\/div>\n<p>\nTelsim ile Milli E\u011fitim Bakanl\u0131\u011f\u0131 i\u015f birli\u011finde d\u00fczenlenen K\u0131sa \u00d6yk\u00fc Yar\u0131\u015fmalar\u0131 kapsam\u0131nda yay\u0131mlanan \u201cK\u0131br\u0131s \u00d6yk\u00fcleri\u201d adl\u0131 kitab\u0131n tan\u0131t\u0131m\u0131, Lefko\u015fa\u2019dan sonra K\u00fclt\u00fcr Dairesi\u2019nin destekleriyle Girne Halk K\u00fct\u00fcphanesi\u2019nde de yap\u0131ld\u0131.<\/p>\n<div class=\"mariselle-image-container center\">\n                <img decoding=\"async\" width=\"624\" height=\"351\" class=\"lazy-image\" alt=\"\" sizes=\"(max-width: 624px) 100vw, 624px\" src=\"https:\/\/brtk.net\/wp-content\/uploads\/2025\/04\/30\/1746016447788telsim-girne-kitap-tanitimi-8-5.jpg?ver=c4a2be91a24d95ba218a5f62327bc6f4\" srcset=\"https:\/\/brtk.net\/wp-content\/uploads\/2025\/04\/30\/1746016447788telsim-girne-kitap-tanitimi-8-5.jpg?ver=c4a2be91a24d95ba218a5f62327bc6f4 624w, https:\/\/brtk.net\/wp-content\/uploads\/2025\/04\/30\/1746016447788telsim-girne-kitap-tanitimi-8-5-300x169.jpg?ver=db6e6be496918d1c542ec490d7e0af58 300w\"\/>                            <\/div>\n<p>Telsim\u2019den yap\u0131lan a\u00e7\u0131klamaya g\u00f6re, kitap tan\u0131t\u0131m etkinli\u011fine Telsim Genel M\u00fcd\u00fcr Yard\u0131mc\u0131s\u0131 Fevzi Tanp\u0131nar, Girne Halk K\u00fct\u00fcphanesi Sorumlusu Rukiye Kaymak, Telsim Kurumsal \u0130leti\u015fim M\u00fcd\u00fcr\u00fc Nil Zorlu Atai, kitab\u0131n \u00e7izimlerini yapan Kemal Beh\u00e7et Caymaz, kitab\u0131n edit\u00f6rl\u00fc\u011f\u00fcn\u00fc yapan Ceyhan \u00d6zy\u0131ld\u0131z ile Anafartalar Lisesi, Girne Do\u011fa Koleji, Lapta Yavuzlar Lisesi, O\u011fuz Veli Ortaokulu ve Osman Nejat Konuk Ortaokulu\u2019nun \u00f6\u011frencileri ile \u00f6\u011fretmenleri kat\u0131ld\u0131.<\/p>\n<div class=\"mariselle-image-container center\">\n                <img decoding=\"async\" width=\"624\" height=\"351\" class=\"lazy-image\" alt=\"\" sizes=\"(max-width: 624px) 100vw, 624px\" src=\"https:\/\/brtk.net\/wp-content\/uploads\/2025\/04\/30\/1746016438908telsim-girne-kitap-tanitimi-8-2.jpg?ver=4d30211c8734ad839ebd49f8d0a00f66\" srcset=\"https:\/\/brtk.net\/wp-content\/uploads\/2025\/04\/30\/1746016438908telsim-girne-kitap-tanitimi-8-2.jpg?ver=4d30211c8734ad839ebd49f8d0a00f66 624w, https:\/\/brtk.net\/wp-content\/uploads\/2025\/04\/30\/1746016438908telsim-girne-kitap-tanitimi-8-2-300x169.jpg?ver=c4a2be91a24d95ba218a5f62327bc6f4 300w\"\/>                            <\/div>\n<p>Fevzi Tanp\u0131nar ve Ceyhan \u00d6zy\u0131ld\u0131z\u2019\u0131n konu\u015fmalar\u0131n\u0131n ard\u0131ndan kitab\u0131n ill\u00fcstrasyonlar\u0131n\u0131 yapan Kemal Beh\u00e7et Caymaz da k\u0131sa bir konu\u015fma yaparak \u201cPortakal \u00c7i\u00e7e\u011fi\u201d hikayesini okudu.<\/p>\n<p>Kemal Sara\u00e7o\u011flu L\u00f6semili \u00c7ocuklar ve Kanserle Sava\u015f Vakf\u0131\u2019n\u0131n da kat\u0131ld\u0131\u011f\u0131 etkinlikte kitap sat\u0131\u015flar\u0131 yap\u0131ld\u0131 ve t\u00fcm gelir vak\u0131fa ba\u011f\u0131\u015fland\u0131.<\/p>\n<p>Telsim Genel M\u00fcd\u00fcr Yard\u0131mc\u0131s\u0131 Fevzi Tanp\u0131nar, K\u0131br\u0131s \u00d6yk\u00fcleri Kitab\u0131\u2019n\u0131n gelecek nesillere b\u0131rak\u0131lacak bir bellek oldu\u011funu s\u00f6yleyerek, kitap okuman\u0131n \u00f6nemine de\u011findi.<\/p>\n<p>Tanp\u0131nar, \u201cK\u0131br\u0131s \u00d6yk\u00fcleri Kitab\u0131 sizler gibi gen\u00e7 yazarlar\u0131n kaleminden \u00e7\u0131km\u0131\u015f bir kitap ve hem bug\u00fcn\u00fcm\u00fcz\u00fc ayd\u0131nlat\u0131yor hem de gelece\u011fe umut ta\u015f\u0131yor. \u201d dedi.<\/p>\n<\/p><\/div>\n<p><script async\n                    defer\n                    crossorigin=\"anonymous\"\n                    src=\"https:\/\/connect.facebook.net\/tr_TR\/sdk.js#xfbml=1&#038;version=v3.3\"\n            ><\/script><\/p>\n","protected":false},"excerpt":{"rendered":"<p>Telsim ile Milli E\u011fitim Bakanl\u0131\u011f\u0131 i\u015f birli\u011finde d\u00fczenlenen K\u0131sa \u00d6yk\u00fc Yar\u0131\u015fmalar\u0131 kapsam\u0131nda yay\u0131mlanan \u201cK\u0131br\u0131s \u00d6yk\u00fcleri\u201d adl\u0131 kitab\u0131n tan\u0131t\u0131m\u0131, Lefko\u015fa\u2019dan sonra K\u00fclt\u00fcr Dairesi\u2019nin destekleriyle Girne Halk K\u00fct\u00fcphanesi\u2019nde de yap\u0131ld\u0131. Telsim\u2019den yap\u0131lan a\u00e7\u0131klamaya g\u00f6re, kitap tan\u0131t\u0131m etkinli\u011fine Telsim Genel M\u00fcd\u00fcr Yard\u0131mc\u0131s\u0131 Fevzi Tanp\u0131nar, Girne Halk K\u00fct\u00fcphanesi Sorumlusu Rukiye Kaymak, Telsim Kurumsal \u0130leti\u015fim M\u00fcd\u00fcr\u00fc Nil Zorlu Atai, kitab\u0131n [&hellip;]<\/p>\n","protected":false},"author":1,"featured_media":24196,"comment_status":"open","ping_status":"open","sticky":false,"template":"","format":"standard","meta":{"jnews-multi-image_gallery":[],"jnews_single_post":[],"jnews_primary_category":[],"jnews_social_meta":[],"jnews_override_counter":[],"footnotes":""},"categories":[6],"tags":[],"class_list":["post-24195","post","type-post","status-publish","format-standard","has-post-thumbnail","hentry","category-yasam"],"yoast_head":"<!-- This site is optimized with the Yoast SEO plugin v27.4 - https:\/\/yoast.com\/product\/yoast-seo-wordpress\/ -->\n<title>\u201cK\u0131br\u0131s \u00d6yk\u00fcleri\u201d Girne Halk K\u00fct\u00fcphanesi\u2019nde tan\u0131t\u0131ld\u0131 - Kuzeyin Sesi<\/title>\n<meta name=\"robots\" content=\"index, follow, max-snippet:-1, max-image-preview:large, max-video-preview:-1\" \/>\n<link rel=\"canonical\" href=\"https:\/\/kuzeyinsesi.org\/index.php\/2025\/04\/30\/kibris-oykuleri-girne-halk-kutuphanesinde-tanitildi\/\" \/>\n<meta property=\"og:locale\" content=\"tr_TR\" \/>\n<meta property=\"og:type\" content=\"article\" \/>\n<meta property=\"og:title\" content=\"\u201cK\u0131br\u0131s \u00d6yk\u00fcleri\u201d Girne Halk K\u00fct\u00fcphanesi\u2019nde tan\u0131t\u0131ld\u0131 - Kuzeyin Sesi\" \/>\n<meta property=\"og:description\" content=\"Telsim ile Milli E\u011fitim Bakanl\u0131\u011f\u0131 i\u015f birli\u011finde d\u00fczenlenen K\u0131sa \u00d6yk\u00fc Yar\u0131\u015fmalar\u0131 kapsam\u0131nda yay\u0131mlanan \u201cK\u0131br\u0131s \u00d6yk\u00fcleri\u201d adl\u0131 kitab\u0131n tan\u0131t\u0131m\u0131, Lefko\u015fa\u2019dan sonra K\u00fclt\u00fcr Dairesi\u2019nin destekleriyle Girne Halk K\u00fct\u00fcphanesi\u2019nde de yap\u0131ld\u0131. Telsim\u2019den yap\u0131lan a\u00e7\u0131klamaya g\u00f6re, kitap tan\u0131t\u0131m etkinli\u011fine Telsim Genel M\u00fcd\u00fcr Yard\u0131mc\u0131s\u0131 Fevzi Tanp\u0131nar, Girne Halk K\u00fct\u00fcphanesi Sorumlusu Rukiye Kaymak, Telsim Kurumsal \u0130leti\u015fim M\u00fcd\u00fcr\u00fc Nil Zorlu Atai, kitab\u0131n [&hellip;]\" \/>\n<meta property=\"og:url\" content=\"https:\/\/kuzeyinsesi.org\/index.php\/2025\/04\/30\/kibris-oykuleri-girne-halk-kutuphanesinde-tanitildi\/\" \/>\n<meta property=\"og:site_name\" content=\"Kuzeyin Sesi\" \/>\n<meta property=\"article:publisher\" content=\"https:\/\/www.facebook.com\/kuzeyinsesii\" \/>\n<meta property=\"article:published_time\" content=\"2025-04-30T13:55:47+00:00\" \/>\n<meta property=\"og:image\" content=\"https:\/\/brtk.net\/wp-content\/uploads\/2025\/04\/30\/1746016447788telsim-girne-kitap-tanitimi-8-5.jpg?ver=c4a2be91a24d95ba218a5f62327bc6f4\" \/>\n<meta name=\"author\" content=\"Kuzeyin Sesi\" \/>\n<meta name=\"twitter:card\" content=\"summary_large_image\" \/>\n<meta name=\"twitter:creator\" content=\"@kuzeyinsesii\" \/>\n<meta name=\"twitter:site\" content=\"@kuzeyinsesii\" \/>\n<meta name=\"twitter:label1\" content=\"Yazan:\" \/>\n\t<meta name=\"twitter:data1\" content=\"Kuzeyin Sesi\" \/>\n\t<meta name=\"twitter:label2\" content=\"Tahmini okuma s\u00fcresi\" \/>\n\t<meta name=\"twitter:data2\" content=\"1 dakika\" \/>\n<script type=\"application\/ld+json\" class=\"yoast-schema-graph\">{\"@context\":\"https:\\\/\\\/schema.org\",\"@graph\":[{\"@type\":\"Article\",\"@id\":\"https:\\\/\\\/kuzeyinsesi.org\\\/index.php\\\/2025\\\/04\\\/30\\\/kibris-oykuleri-girne-halk-kutuphanesinde-tanitildi\\\/#article\",\"isPartOf\":{\"@id\":\"https:\\\/\\\/kuzeyinsesi.org\\\/index.php\\\/2025\\\/04\\\/30\\\/kibris-oykuleri-girne-halk-kutuphanesinde-tanitildi\\\/\"},\"author\":{\"name\":\"Kuzeyin Sesi\",\"@id\":\"https:\\\/\\\/kuzeyinsesi.org\\\/#\\\/schema\\\/person\\\/9f859689cdf01485597712386e37f5aa\"},\"headline\":\"\u201cK\u0131br\u0131s \u00d6yk\u00fcleri\u201d Girne Halk K\u00fct\u00fcphanesi\u2019nde tan\u0131t\u0131ld\u0131\",\"datePublished\":\"2025-04-30T13:55:47+00:00\",\"mainEntityOfPage\":{\"@id\":\"https:\\\/\\\/kuzeyinsesi.org\\\/index.php\\\/2025\\\/04\\\/30\\\/kibris-oykuleri-girne-halk-kutuphanesinde-tanitildi\\\/\"},\"wordCount\":288,\"commentCount\":0,\"image\":{\"@id\":\"https:\\\/\\\/kuzeyinsesi.org\\\/index.php\\\/2025\\\/04\\\/30\\\/kibris-oykuleri-girne-halk-kutuphanesinde-tanitildi\\\/#primaryimage\"},\"thumbnailUrl\":\"https:\\\/\\\/kuzeyinsesi.org\\\/wp-content\\\/uploads\\\/2025\\\/04\\\/1746016437287telsim-girne-kitap-tanitimi-8-1.jpg\",\"articleSection\":[\"Ya\u015fam\"],\"inLanguage\":\"tr\",\"potentialAction\":[{\"@type\":\"CommentAction\",\"name\":\"Comment\",\"target\":[\"https:\\\/\\\/kuzeyinsesi.org\\\/index.php\\\/2025\\\/04\\\/30\\\/kibris-oykuleri-girne-halk-kutuphanesinde-tanitildi\\\/#respond\"]}]},{\"@type\":\"WebPage\",\"@id\":\"https:\\\/\\\/kuzeyinsesi.org\\\/index.php\\\/2025\\\/04\\\/30\\\/kibris-oykuleri-girne-halk-kutuphanesinde-tanitildi\\\/\",\"url\":\"https:\\\/\\\/kuzeyinsesi.org\\\/index.php\\\/2025\\\/04\\\/30\\\/kibris-oykuleri-girne-halk-kutuphanesinde-tanitildi\\\/\",\"name\":\"\u201cK\u0131br\u0131s \u00d6yk\u00fcleri\u201d Girne Halk K\u00fct\u00fcphanesi\u2019nde tan\u0131t\u0131ld\u0131 - Kuzeyin Sesi\",\"isPartOf\":{\"@id\":\"https:\\\/\\\/kuzeyinsesi.org\\\/#website\"},\"primaryImageOfPage\":{\"@id\":\"https:\\\/\\\/kuzeyinsesi.org\\\/index.php\\\/2025\\\/04\\\/30\\\/kibris-oykuleri-girne-halk-kutuphanesinde-tanitildi\\\/#primaryimage\"},\"image\":{\"@id\":\"https:\\\/\\\/kuzeyinsesi.org\\\/index.php\\\/2025\\\/04\\\/30\\\/kibris-oykuleri-girne-halk-kutuphanesinde-tanitildi\\\/#primaryimage\"},\"thumbnailUrl\":\"https:\\\/\\\/kuzeyinsesi.org\\\/wp-content\\\/uploads\\\/2025\\\/04\\\/1746016437287telsim-girne-kitap-tanitimi-8-1.jpg\",\"datePublished\":\"2025-04-30T13:55:47+00:00\",\"author\":{\"@id\":\"https:\\\/\\\/kuzeyinsesi.org\\\/#\\\/schema\\\/person\\\/9f859689cdf01485597712386e37f5aa\"},\"breadcrumb\":{\"@id\":\"https:\\\/\\\/kuzeyinsesi.org\\\/index.php\\\/2025\\\/04\\\/30\\\/kibris-oykuleri-girne-halk-kutuphanesinde-tanitildi\\\/#breadcrumb\"},\"inLanguage\":\"tr\",\"potentialAction\":[{\"@type\":\"ReadAction\",\"target\":[\"https:\\\/\\\/kuzeyinsesi.org\\\/index.php\\\/2025\\\/04\\\/30\\\/kibris-oykuleri-girne-halk-kutuphanesinde-tanitildi\\\/\"]}]},{\"@type\":\"ImageObject\",\"inLanguage\":\"tr\",\"@id\":\"https:\\\/\\\/kuzeyinsesi.org\\\/index.php\\\/2025\\\/04\\\/30\\\/kibris-oykuleri-girne-halk-kutuphanesinde-tanitildi\\\/#primaryimage\",\"url\":\"https:\\\/\\\/kuzeyinsesi.org\\\/wp-content\\\/uploads\\\/2025\\\/04\\\/1746016437287telsim-girne-kitap-tanitimi-8-1.jpg\",\"contentUrl\":\"https:\\\/\\\/kuzeyinsesi.org\\\/wp-content\\\/uploads\\\/2025\\\/04\\\/1746016437287telsim-girne-kitap-tanitimi-8-1.jpg\",\"width\":624,\"height\":371},{\"@type\":\"BreadcrumbList\",\"@id\":\"https:\\\/\\\/kuzeyinsesi.org\\\/index.php\\\/2025\\\/04\\\/30\\\/kibris-oykuleri-girne-halk-kutuphanesinde-tanitildi\\\/#breadcrumb\",\"itemListElement\":[{\"@type\":\"ListItem\",\"position\":1,\"name\":\"Anasayfa\",\"item\":\"https:\\\/\\\/kuzeyinsesi.org\\\/\"},{\"@type\":\"ListItem\",\"position\":2,\"name\":\"\u201cK\u0131br\u0131s \u00d6yk\u00fcleri\u201d Girne Halk K\u00fct\u00fcphanesi\u2019nde tan\u0131t\u0131ld\u0131\"}]},{\"@type\":\"WebSite\",\"@id\":\"https:\\\/\\\/kuzeyinsesi.org\\\/#website\",\"url\":\"https:\\\/\\\/kuzeyinsesi.org\\\/\",\"name\":\"Kuzeyin Sesi\",\"description\":\"Do\u011fru Haberin Adresi\",\"potentialAction\":[{\"@type\":\"SearchAction\",\"target\":{\"@type\":\"EntryPoint\",\"urlTemplate\":\"https:\\\/\\\/kuzeyinsesi.org\\\/?s={search_term_string}\"},\"query-input\":{\"@type\":\"PropertyValueSpecification\",\"valueRequired\":true,\"valueName\":\"search_term_string\"}}],\"inLanguage\":\"tr\"},{\"@type\":\"Person\",\"@id\":\"https:\\\/\\\/kuzeyinsesi.org\\\/#\\\/schema\\\/person\\\/9f859689cdf01485597712386e37f5aa\",\"name\":\"Kuzeyin Sesi\",\"image\":{\"@type\":\"ImageObject\",\"inLanguage\":\"tr\",\"@id\":\"https:\\\/\\\/secure.gravatar.com\\\/avatar\\\/bab33852abfd8b282518d6ed81826833d77c3c882d9ab608add591ccace47a44?s=96&d=mm&r=g\",\"url\":\"https:\\\/\\\/secure.gravatar.com\\\/avatar\\\/bab33852abfd8b282518d6ed81826833d77c3c882d9ab608add591ccace47a44?s=96&d=mm&r=g\",\"contentUrl\":\"https:\\\/\\\/secure.gravatar.com\\\/avatar\\\/bab33852abfd8b282518d6ed81826833d77c3c882d9ab608add591ccace47a44?s=96&d=mm&r=g\",\"caption\":\"Kuzeyin Sesi\"},\"sameAs\":[\"https:\\\/\\\/kuzeyinsesi.org\"],\"url\":\"https:\\\/\\\/kuzeyinsesi.org\\\/index.php\\\/author\\\/guven\\\/\"}]}<\/script>\n<!-- \/ Yoast SEO plugin. -->","yoast_head_json":{"title":"\u201cK\u0131br\u0131s \u00d6yk\u00fcleri\u201d Girne Halk K\u00fct\u00fcphanesi\u2019nde tan\u0131t\u0131ld\u0131 - Kuzeyin Sesi","robots":{"index":"index","follow":"follow","max-snippet":"max-snippet:-1","max-image-preview":"max-image-preview:large","max-video-preview":"max-video-preview:-1"},"canonical":"https:\/\/kuzeyinsesi.org\/index.php\/2025\/04\/30\/kibris-oykuleri-girne-halk-kutuphanesinde-tanitildi\/","og_locale":"tr_TR","og_type":"article","og_title":"\u201cK\u0131br\u0131s \u00d6yk\u00fcleri\u201d Girne Halk K\u00fct\u00fcphanesi\u2019nde tan\u0131t\u0131ld\u0131 - Kuzeyin Sesi","og_description":"Telsim ile Milli E\u011fitim Bakanl\u0131\u011f\u0131 i\u015f birli\u011finde d\u00fczenlenen K\u0131sa \u00d6yk\u00fc Yar\u0131\u015fmalar\u0131 kapsam\u0131nda yay\u0131mlanan \u201cK\u0131br\u0131s \u00d6yk\u00fcleri\u201d adl\u0131 kitab\u0131n tan\u0131t\u0131m\u0131, Lefko\u015fa\u2019dan sonra K\u00fclt\u00fcr Dairesi\u2019nin destekleriyle Girne Halk K\u00fct\u00fcphanesi\u2019nde de yap\u0131ld\u0131. Telsim\u2019den yap\u0131lan a\u00e7\u0131klamaya g\u00f6re, kitap tan\u0131t\u0131m etkinli\u011fine Telsim Genel M\u00fcd\u00fcr Yard\u0131mc\u0131s\u0131 Fevzi Tanp\u0131nar, Girne Halk K\u00fct\u00fcphanesi Sorumlusu Rukiye Kaymak, Telsim Kurumsal \u0130leti\u015fim M\u00fcd\u00fcr\u00fc Nil Zorlu Atai, kitab\u0131n [&hellip;]","og_url":"https:\/\/kuzeyinsesi.org\/index.php\/2025\/04\/30\/kibris-oykuleri-girne-halk-kutuphanesinde-tanitildi\/","og_site_name":"Kuzeyin Sesi","article_publisher":"https:\/\/www.facebook.com\/kuzeyinsesii","article_published_time":"2025-04-30T13:55:47+00:00","og_image":[{"url":"https:\/\/brtk.net\/wp-content\/uploads\/2025\/04\/30\/1746016447788telsim-girne-kitap-tanitimi-8-5.jpg?ver=c4a2be91a24d95ba218a5f62327bc6f4","type":"","width":"","height":""}],"author":"Kuzeyin Sesi","twitter_card":"summary_large_image","twitter_creator":"@kuzeyinsesii","twitter_site":"@kuzeyinsesii","twitter_misc":{"Yazan:":"Kuzeyin Sesi","Tahmini okuma s\u00fcresi":"1 dakika"},"schema":{"@context":"https:\/\/schema.org","@graph":[{"@type":"Article","@id":"https:\/\/kuzeyinsesi.org\/index.php\/2025\/04\/30\/kibris-oykuleri-girne-halk-kutuphanesinde-tanitildi\/#article","isPartOf":{"@id":"https:\/\/kuzeyinsesi.org\/index.php\/2025\/04\/30\/kibris-oykuleri-girne-halk-kutuphanesinde-tanitildi\/"},"author":{"name":"Kuzeyin Sesi","@id":"https:\/\/kuzeyinsesi.org\/#\/schema\/person\/9f859689cdf01485597712386e37f5aa"},"headline":"\u201cK\u0131br\u0131s \u00d6yk\u00fcleri\u201d Girne Halk K\u00fct\u00fcphanesi\u2019nde tan\u0131t\u0131ld\u0131","datePublished":"2025-04-30T13:55:47+00:00","mainEntityOfPage":{"@id":"https:\/\/kuzeyinsesi.org\/index.php\/2025\/04\/30\/kibris-oykuleri-girne-halk-kutuphanesinde-tanitildi\/"},"wordCount":288,"commentCount":0,"image":{"@id":"https:\/\/kuzeyinsesi.org\/index.php\/2025\/04\/30\/kibris-oykuleri-girne-halk-kutuphanesinde-tanitildi\/#primaryimage"},"thumbnailUrl":"https:\/\/kuzeyinsesi.org\/wp-content\/uploads\/2025\/04\/1746016437287telsim-girne-kitap-tanitimi-8-1.jpg","articleSection":["Ya\u015fam"],"inLanguage":"tr","potentialAction":[{"@type":"CommentAction","name":"Comment","target":["https:\/\/kuzeyinsesi.org\/index.php\/2025\/04\/30\/kibris-oykuleri-girne-halk-kutuphanesinde-tanitildi\/#respond"]}]},{"@type":"WebPage","@id":"https:\/\/kuzeyinsesi.org\/index.php\/2025\/04\/30\/kibris-oykuleri-girne-halk-kutuphanesinde-tanitildi\/","url":"https:\/\/kuzeyinsesi.org\/index.php\/2025\/04\/30\/kibris-oykuleri-girne-halk-kutuphanesinde-tanitildi\/","name":"\u201cK\u0131br\u0131s \u00d6yk\u00fcleri\u201d Girne Halk K\u00fct\u00fcphanesi\u2019nde tan\u0131t\u0131ld\u0131 - Kuzeyin Sesi","isPartOf":{"@id":"https:\/\/kuzeyinsesi.org\/#website"},"primaryImageOfPage":{"@id":"https:\/\/kuzeyinsesi.org\/index.php\/2025\/04\/30\/kibris-oykuleri-girne-halk-kutuphanesinde-tanitildi\/#primaryimage"},"image":{"@id":"https:\/\/kuzeyinsesi.org\/index.php\/2025\/04\/30\/kibris-oykuleri-girne-halk-kutuphanesinde-tanitildi\/#primaryimage"},"thumbnailUrl":"https:\/\/kuzeyinsesi.org\/wp-content\/uploads\/2025\/04\/1746016437287telsim-girne-kitap-tanitimi-8-1.jpg","datePublished":"2025-04-30T13:55:47+00:00","author":{"@id":"https:\/\/kuzeyinsesi.org\/#\/schema\/person\/9f859689cdf01485597712386e37f5aa"},"breadcrumb":{"@id":"https:\/\/kuzeyinsesi.org\/index.php\/2025\/04\/30\/kibris-oykuleri-girne-halk-kutuphanesinde-tanitildi\/#breadcrumb"},"inLanguage":"tr","potentialAction":[{"@type":"ReadAction","target":["https:\/\/kuzeyinsesi.org\/index.php\/2025\/04\/30\/kibris-oykuleri-girne-halk-kutuphanesinde-tanitildi\/"]}]},{"@type":"ImageObject","inLanguage":"tr","@id":"https:\/\/kuzeyinsesi.org\/index.php\/2025\/04\/30\/kibris-oykuleri-girne-halk-kutuphanesinde-tanitildi\/#primaryimage","url":"https:\/\/kuzeyinsesi.org\/wp-content\/uploads\/2025\/04\/1746016437287telsim-girne-kitap-tanitimi-8-1.jpg","contentUrl":"https:\/\/kuzeyinsesi.org\/wp-content\/uploads\/2025\/04\/1746016437287telsim-girne-kitap-tanitimi-8-1.jpg","width":624,"height":371},{"@type":"BreadcrumbList","@id":"https:\/\/kuzeyinsesi.org\/index.php\/2025\/04\/30\/kibris-oykuleri-girne-halk-kutuphanesinde-tanitildi\/#breadcrumb","itemListElement":[{"@type":"ListItem","position":1,"name":"Anasayfa","item":"https:\/\/kuzeyinsesi.org\/"},{"@type":"ListItem","position":2,"name":"\u201cK\u0131br\u0131s \u00d6yk\u00fcleri\u201d Girne Halk K\u00fct\u00fcphanesi\u2019nde tan\u0131t\u0131ld\u0131"}]},{"@type":"WebSite","@id":"https:\/\/kuzeyinsesi.org\/#website","url":"https:\/\/kuzeyinsesi.org\/","name":"Kuzeyin Sesi","description":"Do\u011fru Haberin Adresi","potentialAction":[{"@type":"SearchAction","target":{"@type":"EntryPoint","urlTemplate":"https:\/\/kuzeyinsesi.org\/?s={search_term_string}"},"query-input":{"@type":"PropertyValueSpecification","valueRequired":true,"valueName":"search_term_string"}}],"inLanguage":"tr"},{"@type":"Person","@id":"https:\/\/kuzeyinsesi.org\/#\/schema\/person\/9f859689cdf01485597712386e37f5aa","name":"Kuzeyin Sesi","image":{"@type":"ImageObject","inLanguage":"tr","@id":"https:\/\/secure.gravatar.com\/avatar\/bab33852abfd8b282518d6ed81826833d77c3c882d9ab608add591ccace47a44?s=96&d=mm&r=g","url":"https:\/\/secure.gravatar.com\/avatar\/bab33852abfd8b282518d6ed81826833d77c3c882d9ab608add591ccace47a44?s=96&d=mm&r=g","contentUrl":"https:\/\/secure.gravatar.com\/avatar\/bab33852abfd8b282518d6ed81826833d77c3c882d9ab608add591ccace47a44?s=96&d=mm&r=g","caption":"Kuzeyin Sesi"},"sameAs":["https:\/\/kuzeyinsesi.org"],"url":"https:\/\/kuzeyinsesi.org\/index.php\/author\/guven\/"}]}},"_links":{"self":[{"href":"https:\/\/kuzeyinsesi.org\/index.php\/wp-json\/wp\/v2\/posts\/24195","targetHints":{"allow":["GET"]}}],"collection":[{"href":"https:\/\/kuzeyinsesi.org\/index.php\/wp-json\/wp\/v2\/posts"}],"about":[{"href":"https:\/\/kuzeyinsesi.org\/index.php\/wp-json\/wp\/v2\/types\/post"}],"author":[{"embeddable":true,"href":"https:\/\/kuzeyinsesi.org\/index.php\/wp-json\/wp\/v2\/users\/1"}],"replies":[{"embeddable":true,"href":"https:\/\/kuzeyinsesi.org\/index.php\/wp-json\/wp\/v2\/comments?post=24195"}],"version-history":[{"count":0,"href":"https:\/\/kuzeyinsesi.org\/index.php\/wp-json\/wp\/v2\/posts\/24195\/revisions"}],"wp:featuredmedia":[{"embeddable":true,"href":"https:\/\/kuzeyinsesi.org\/index.php\/wp-json\/wp\/v2\/media\/24196"}],"wp:attachment":[{"href":"https:\/\/kuzeyinsesi.org\/index.php\/wp-json\/wp\/v2\/media?parent=24195"}],"wp:term":[{"taxonomy":"category","embeddable":true,"href":"https:\/\/kuzeyinsesi.org\/index.php\/wp-json\/wp\/v2\/categories?post=24195"},{"taxonomy":"post_tag","embeddable":true,"href":"https:\/\/kuzeyinsesi.org\/index.php\/wp-json\/wp\/v2\/tags?post=24195"}],"curies":[{"name":"wp","href":"https:\/\/api.w.org\/{rel}","templated":true}]}}