{"id":24168,"date":"2025-04-30T15:53:07","date_gmt":"2025-04-30T12:53:07","guid":{"rendered":"https:\/\/kuzeyinsesi.org\/index.php\/2025\/04\/30\/cumhurbaskani-tatar-meral-vedat-ertungu-lisesinin-bahar-senligi-ve-yil-sonu-sergisine-katildi\/"},"modified":"2025-04-30T15:53:07","modified_gmt":"2025-04-30T12:53:07","slug":"cumhurbaskani-tatar-meral-vedat-ertungu-lisesinin-bahar-senligi-ve-yil-sonu-sergisine-katildi","status":"publish","type":"post","link":"https:\/\/kuzeyinsesi.org\/index.php\/2025\/04\/30\/cumhurbaskani-tatar-meral-vedat-ertungu-lisesinin-bahar-senligi-ve-yil-sonu-sergisine-katildi\/","title":{"rendered":"Cumhurba\u015fkan\u0131 Tatar, Meral-Vedat Ert\u00fcng\u00fc Lisesi\u2019nin Bahar \u015eenli\u011fi ve Y\u0131l Sonu Sergisi\u2019ne kat\u0131ld\u0131"},"content":{"rendered":"<div>\n<div class=\"mariselle-image-container center\">\n                                            <\/div>\n<p>Cumhurba\u015fkan\u0131 Ersin Tatar, Meral-Vedat Ert\u00fcng\u00fc Lisesi\u2019nin Bahar \u015eenli\u011fi ve Y\u0131l Sonu Sergisi a\u00e7\u0131l\u0131\u015f\u0131na kat\u0131ld\u0131. Tatar, sosyal etkinlikler ve faaliyetlerin \u00f6nemine de\u011finerek, \u201c\u00c7ocuklar\u0131n sosyal anlamda da g\u00fc\u00e7l\u00fc olabilmeleri \u00e7ok \u00f6nemli.\u201d dedi.<\/p>\n<p>Meral-Vedat Ert\u00fcng\u00fc Lisesi\u2019nde sayg\u0131 duru\u015fu ve \u0130stiklal Mar\u015f\u0131\u2019n\u0131n okunmas\u0131yla ba\u015flayan etkinlikte; Cumhurba\u015fkan\u0131 Ersin Tatar, Ekonomi ve Enerji Bakan\u0131 Olgun Amcao\u011flu ve Meral-Vedat Ert\u00fcng\u00fc Lisesi M\u00fcd\u00fcr\u00fc Canev Osmanl\u0131 birer konu\u015fma yapt\u0131.<\/p>\n<p>Konu\u015fmalar\u0131n ard\u0131ndan sergi a\u00e7\u0131l\u0131\u015f\u0131 ger\u00e7ekle\u015ftirildi, ayr\u0131ca okulda \u00e7e\u015fitli etkinlikler de yer ald\u0131.<\/p>\n<div class=\"mariselle-image-container center\">\n                <img decoding=\"async\" width=\"2560\" height=\"1706\" class=\"lazy-image\" alt=\"\" sizes=\"(max-width: 2560px) 100vw, 2560px\" src=\"https:\/\/brtk.net\/wp-content\/uploads\/2025\/04\/30\/1746005533597MERAL-VEDAT-ERTUNGU-LISESININ-BAHAR-SENLIGI-VE-YIL-SONU-SERGISI-10.jpeg?ver=9efa905ec5ecb6edf4a8367f90a00f5c\" srcset=\"https:\/\/brtk.net\/wp-content\/uploads\/2025\/04\/30\/1746005533597MERAL-VEDAT-ERTUNGU-LISESININ-BAHAR-SENLIGI-VE-YIL-SONU-SERGISI-10.jpeg?ver=9efa905ec5ecb6edf4a8367f90a00f5c 2560w, https:\/\/brtk.net\/wp-content\/uploads\/2025\/04\/30\/1746005533597MERAL-VEDAT-ERTUNGU-LISESININ-BAHAR-SENLIGI-VE-YIL-SONU-SERGISI-10-300x200.jpeg?ver=9efa905ec5ecb6edf4a8367f90a00f5c 300w, https:\/\/brtk.net\/wp-content\/uploads\/2025\/04\/30\/1746005533597MERAL-VEDAT-ERTUNGU-LISESININ-BAHAR-SENLIGI-VE-YIL-SONU-SERGISI-10-1024x682.jpeg?ver=9efa905ec5ecb6edf4a8367f90a00f5c 1024w, https:\/\/brtk.net\/wp-content\/uploads\/2025\/04\/30\/1746005533597MERAL-VEDAT-ERTUNGU-LISESININ-BAHAR-SENLIGI-VE-YIL-SONU-SERGISI-10-768x512.jpeg?ver=8704dd967f173d44a24ffb06857b45f7 768w, https:\/\/brtk.net\/wp-content\/uploads\/2025\/04\/30\/1746005533597MERAL-VEDAT-ERTUNGU-LISESININ-BAHAR-SENLIGI-VE-YIL-SONU-SERGISI-10-1536x1024.jpeg?ver=ce5ddd145725a316041be35c16827866 1536w, https:\/\/brtk.net\/wp-content\/uploads\/2025\/04\/30\/1746005533597MERAL-VEDAT-ERTUNGU-LISESININ-BAHAR-SENLIGI-VE-YIL-SONU-SERGISI-10-2048x1365.jpeg?ver=a568161e2db651b4c2dac8ae05f2ad31 2048w\"\/>                            <\/div>\n<p>Cumhurba\u015fkan\u0131 Ersin Tatar, y\u0131llardan beri g\u00fczel Lefko\u015fa\u2019n\u0131n G\u00f6nyeli b\u00f6lgesinde, \u00e7ocuklara iyi bir e\u011fitim verilebilmesi i\u00e7in her t\u00fcrl\u00fc deste\u011fi verdiklerini kaydetti.<\/p>\n<p>Meral-Vedat Ert\u00fcng\u00fc ailesinin yapt\u0131klar\u0131 yat\u0131r\u0131mla buran\u0131n bir e\u011fitim yuvas\u0131 oldu\u011funu belirten Tatar, \u00f6\u011fretmenlerin fedakarl\u0131klar\u0131 ve gayretleriyle \u00e7ocuklar\u0131n yeti\u015fti\u011fini ve e\u011fitim g\u00f6rd\u00fc\u011f\u00fcn\u00fc kaydetti.<\/p>\n<p>\u00c7ocuklar\u0131n sosyal anlamda da g\u00fc\u00e7l\u00fc olabilmesi i\u00e7in b\u00f6ylesi etkinliklerde bulu\u015ftuklar\u0131n\u0131 belirten Tatar, \u201c\u00c7ocuklar\u0131n gelecekte bu \u00fclkenin ger\u00e7ek anlamda y\u00f6neticileri olabilmeleri ve \u00fclkenin gelece\u011fine y\u00f6n verebilmeleri i\u00e7in, sosyal anlamda da g\u00fc\u00e7l\u00fc olabilmeleri \u00e7ok \u00f6nemlidir.\u201d diye konu\u015ftu.<\/p>\n<p>Tatar, sosyal etkinlikler ve faaliyetlerin \u00e7ok \u00f6nemli oldu\u011funu vurgulad\u0131.<\/p>\n<p>G\u00f6sterdi\u011fi hassasiyetlerden dolay\u0131 Bakan Olgun Amcao\u011flu\u2019nu tebrik eden Cumhurba\u015fkan\u0131 Tatar, \u201c\u00c7\u00fcnk\u00fc bu fikir, ondan bana geldi.\u201d diyerek okulun yap\u0131m\u0131yla ilgili s\u00fcrece de\u011findi.<\/p>\n<p>Cumhurba\u015fkanl\u0131\u011f\u0131 ve Cumhuriyet Meclisi Yerle\u015fkesi\u2019ne de de\u011finen Tatar, ayr\u0131ca yerle\u015fkenin yan\u0131nda 400 d\u00f6n\u00fcml\u00fck milli bir park\u0131n \u015fu anda ortaya \u00e7\u0131kt\u0131\u011f\u0131n\u0131 dile getirdi.<\/p>\n<p>\u201cB\u00f6ylesine bir eseri Kuzey K\u0131br\u0131s T\u00fcrk Cumhuriyeti\u2019ne kazand\u0131r\u0131yoruz.\u201d diyen Tatar, \u00f6\u011frencilere hitaben yapt\u0131\u011f\u0131 konu\u015fmada, \u201c\u0130\u015fte bu eser, sizlerin olacakt\u0131r. Oradaki eserler sizlerindir.\u201d ifadesini kulland\u0131.<\/p>\n<p>T\u00fcrkiye Cumhuriyeti Cumhurba\u015fkan\u0131 Recep Tayyip Erdo\u011fan ile birlikte 3 May\u0131s Cumartesi g\u00fcn\u00fc yerle\u015fkenin a\u00e7\u0131l\u0131\u015f\u0131n\u0131 yapacaklar\u0131n\u0131 belirten Tatar, \u201cSizleri de bekliyoruz ve oraya davet ediyoruz.\u201d \u015feklinde konu\u015ftu.<\/p>\n<p>Ekonomi ve Enerji Bakan\u0131 Olgun Amcao\u011flu da, Meral-Vedat Ert\u00fcng\u00fc Lisesi\u2019nde ger\u00e7ekle\u015ftirilen her etkinli\u011fine kat\u0131lmak i\u00e7in \u00f6zen g\u00f6sterdi\u011fini ifade etti.<\/p>\n<p>Meral-Vedat Ert\u00fcng\u00fc Lisesi\u2019nin Bakanl\u0131\u011f\u0131 d\u00f6neminde temelleri at\u0131lan 16 okuldan biri oldu\u011funu ifade eden Amcao\u011flu, okulun yap\u0131m\u0131yla ilgili s\u00fcrece de\u011findi.<\/p>\n<p>D\u00f6nemin Milli E\u011fitim ve K\u00fclt\u00fcr Bakan\u0131 olarak Cumhurba\u015fkan\u0131\u2019na gidip bu araziyi talep etti\u011fini ifade eden Amcao\u011flu, Cumhurba\u015fkanl\u0131\u011f\u0131 ad\u0131na ayr\u0131lm\u0131\u015f arazinin Ert\u00fcng\u00fc ailesine verildi\u011fini s\u00f6yledi.<\/p>\n<p>Buradaki e\u011fitim yuvas\u0131n\u0131n kurulmas\u0131 i\u00e7in ilk temelleri atma \u015fans\u0131 bulduklar\u0131n\u0131 belirten Amcao\u011flu, okulun \u00e7ocuklar\u0131n gelece\u011fi i\u00e7in \u00f6nemli bir yat\u0131r\u0131m oldu\u011funu vurgulad\u0131.<\/p>\n<p>\u201c650 \u00f6\u011frencimiz bu e\u011fitim yuvas\u0131na gelip, aileleriyle ve sevenleriyle bulu\u015fabilmesini ve onlar\u0131n yeteneklerinin sergilenebilmesini sa\u011flayabiliyoruz. Her \u015fey \u00e7ocuklar i\u00e7in\u2026\u201d diyen Amcao\u011flu, eme\u011fi ge\u00e7enlere te\u015fekk\u00fcr etti.<\/p>\n<p>Meral-Vedat Ert\u00fcng\u00fc Lisesi M\u00fcd\u00fcr\u00fc Canev Osmanl\u0131 da, \u201cOkulun geleneksel hale gelen bahar \u015fenli\u011fi ve y\u0131l sonu sergisine ho\u015f geldiniz.\u201d diyerek s\u00f6zlerine ba\u015flad\u0131.<\/p>\n<p>Osmanl\u0131, bug\u00fcn burada sadece bir e\u011fitim ve \u00f6\u011fretim de\u011fil; ayn\u0131 zamanda \u00e7ocuklar\u0131n emeklerinin, hayallerinin ve yarat\u0131c\u0131l\u0131klar\u0131n\u0131n somutla\u015ft\u0131\u011f\u0131 \u00f6zel bir g\u00fcn\u00fc birlikte ya\u015fad\u0131klar\u0131n\u0131 kaydetti.<\/p>\n<p>\u00d6\u011frencilerin y\u0131l boyunca edindikleri bilgi ve becerilerinin, \u00f6\u011fretmenlerin \u00f6zverili rehberli\u011fiyle bir araya getirerek haz\u0131rlad\u0131klar\u0131 serginin, onlar\u0131n ne kadar b\u00fcy\u00fck bir potansiyele sahip oldu\u011funu bir kez daha g\u00f6sterdi\u011fini ifade eden Osmanl\u0131, \u201cCumhurba\u015fkan\u0131m, de\u011ferli konuklar, sizlerin burada bulunmas\u0131 bizler i\u00e7in b\u00fcy\u00fck bir onur ve motivasyon kayna\u011f\u0131d\u0131r. E\u011fitime verdi\u011finiz destek ve g\u00f6sterdi\u011finiz ilgi, biz e\u011fitimciler i\u00e7in yolumuzu ayd\u0131nlatan bir \u0131\u015f\u0131kt\u0131r.\u201d dedi.<\/p>\n<p>Osmanl\u0131, hep birlikte daha g\u00fc\u00e7l\u00fc bir gelecek in\u015fa etmek ad\u0131na bu desteklerin devam\u0131n\u0131 g\u00f6rmenin kendilerini onurland\u0131rd\u0131\u011f\u0131n\u0131 belirtti.<\/p>\n<p>\u201cBug\u00fcn burada g\u00f6rece\u011finiz her \u00e7al\u0131\u015fma bir \u00e7ocu\u011fun sabr\u0131n\u0131, merak\u0131n\u0131 ve azmini yans\u0131t\u0131yor\u201d diyen Osmanl\u0131 konu\u015fmas\u0131nda, \u201cOnlar\u0131n \u00f6zg\u00fcvenle b\u00fcy\u00fcmesi, fikirlerini ifade edebilmesi ve \u00fcretken bireyler olarak topluma kat\u0131labilmesi i\u00e7in e\u011fitim ortamlar\u0131n\u0131n bu t\u00fcr etkinliklerle zenginle\u015ftirilmesi b\u00fcy\u00fck \u00f6nem ta\u015f\u0131maktad\u0131r.\u201d ifadelerini kulland\u0131.<\/p>\n<\/p><\/div>\n<p><script async\n                    defer\n                    crossorigin=\"anonymous\"\n                    src=\"https:\/\/connect.facebook.net\/tr_TR\/sdk.js#xfbml=1&#038;version=v3.3\"\n            ><\/script><\/p>\n","protected":false},"excerpt":{"rendered":"<p>Cumhurba\u015fkan\u0131 Ersin Tatar, Meral-Vedat Ert\u00fcng\u00fc Lisesi\u2019nin Bahar \u015eenli\u011fi ve Y\u0131l Sonu Sergisi a\u00e7\u0131l\u0131\u015f\u0131na kat\u0131ld\u0131. Tatar, sosyal etkinlikler ve faaliyetlerin \u00f6nemine de\u011finerek, \u201c\u00c7ocuklar\u0131n sosyal anlamda da g\u00fc\u00e7l\u00fc olabilmeleri \u00e7ok \u00f6nemli.\u201d dedi. Meral-Vedat Ert\u00fcng\u00fc Lisesi\u2019nde sayg\u0131 duru\u015fu ve \u0130stiklal Mar\u015f\u0131\u2019n\u0131n okunmas\u0131yla ba\u015flayan etkinlikte; Cumhurba\u015fkan\u0131 Ersin Tatar, Ekonomi ve Enerji Bakan\u0131 Olgun Amcao\u011flu ve Meral-Vedat Ert\u00fcng\u00fc Lisesi M\u00fcd\u00fcr\u00fc [&hellip;]<\/p>\n","protected":false},"author":1,"featured_media":24169,"comment_status":"open","ping_status":"open","sticky":false,"template":"","format":"standard","meta":{"jnews-multi-image_gallery":[],"jnews_single_post":[],"jnews_primary_category":[],"jnews_social_meta":[],"jnews_override_counter":[],"footnotes":""},"categories":[6],"tags":[],"class_list":["post-24168","post","type-post","status-publish","format-standard","has-post-thumbnail","hentry","category-yasam"],"yoast_head":"<!-- This site is optimized with the Yoast SEO plugin v27.4 - https:\/\/yoast.com\/product\/yoast-seo-wordpress\/ -->\n<title>Cumhurba\u015fkan\u0131 Tatar, Meral-Vedat Ert\u00fcng\u00fc Lisesi\u2019nin Bahar \u015eenli\u011fi ve Y\u0131l Sonu Sergisi\u2019ne kat\u0131ld\u0131 - Kuzeyin Sesi<\/title>\n<meta name=\"robots\" content=\"index, follow, max-snippet:-1, max-image-preview:large, max-video-preview:-1\" \/>\n<link rel=\"canonical\" href=\"https:\/\/kuzeyinsesi.org\/index.php\/2025\/04\/30\/cumhurbaskani-tatar-meral-vedat-ertungu-lisesinin-bahar-senligi-ve-yil-sonu-sergisine-katildi\/\" \/>\n<meta property=\"og:locale\" content=\"tr_TR\" \/>\n<meta property=\"og:type\" content=\"article\" \/>\n<meta property=\"og:title\" content=\"Cumhurba\u015fkan\u0131 Tatar, Meral-Vedat Ert\u00fcng\u00fc Lisesi\u2019nin Bahar \u015eenli\u011fi ve Y\u0131l Sonu Sergisi\u2019ne kat\u0131ld\u0131 - Kuzeyin Sesi\" \/>\n<meta property=\"og:description\" content=\"Cumhurba\u015fkan\u0131 Ersin Tatar, Meral-Vedat Ert\u00fcng\u00fc Lisesi\u2019nin Bahar \u015eenli\u011fi ve Y\u0131l Sonu Sergisi a\u00e7\u0131l\u0131\u015f\u0131na kat\u0131ld\u0131. Tatar, sosyal etkinlikler ve faaliyetlerin \u00f6nemine de\u011finerek, \u201c\u00c7ocuklar\u0131n sosyal anlamda da g\u00fc\u00e7l\u00fc olabilmeleri \u00e7ok \u00f6nemli.\u201d dedi. Meral-Vedat Ert\u00fcng\u00fc Lisesi\u2019nde sayg\u0131 duru\u015fu ve \u0130stiklal Mar\u015f\u0131\u2019n\u0131n okunmas\u0131yla ba\u015flayan etkinlikte; Cumhurba\u015fkan\u0131 Ersin Tatar, Ekonomi ve Enerji Bakan\u0131 Olgun Amcao\u011flu ve Meral-Vedat Ert\u00fcng\u00fc Lisesi M\u00fcd\u00fcr\u00fc [&hellip;]\" \/>\n<meta property=\"og:url\" content=\"https:\/\/kuzeyinsesi.org\/index.php\/2025\/04\/30\/cumhurbaskani-tatar-meral-vedat-ertungu-lisesinin-bahar-senligi-ve-yil-sonu-sergisine-katildi\/\" \/>\n<meta property=\"og:site_name\" content=\"Kuzeyin Sesi\" \/>\n<meta property=\"article:publisher\" content=\"https:\/\/www.facebook.com\/kuzeyinsesii\" \/>\n<meta property=\"article:published_time\" content=\"2025-04-30T12:53:07+00:00\" \/>\n<meta property=\"og:image\" content=\"https:\/\/brtk.net\/wp-content\/uploads\/2025\/04\/30\/1746003842876Cumhurbaskani-Tatar-Meral-Vedat-Ertungu-Lisesinin-Bahar-Senligi-ve-Yil-Sonu-Sergisi-MK.jpg?ver=b43a219bb6653ac64a90beb9d78b0b20\" \/>\n<meta name=\"author\" content=\"Kuzeyin Sesi\" \/>\n<meta name=\"twitter:card\" content=\"summary_large_image\" \/>\n<meta name=\"twitter:creator\" content=\"@kuzeyinsesii\" \/>\n<meta name=\"twitter:site\" content=\"@kuzeyinsesii\" \/>\n<meta name=\"twitter:label1\" content=\"Yazan:\" \/>\n\t<meta name=\"twitter:data1\" content=\"Kuzeyin Sesi\" \/>\n\t<meta name=\"twitter:label2\" content=\"Tahmini okuma s\u00fcresi\" \/>\n\t<meta name=\"twitter:data2\" content=\"4 dakika\" \/>\n<script type=\"application\/ld+json\" class=\"yoast-schema-graph\">{\"@context\":\"https:\\\/\\\/schema.org\",\"@graph\":[{\"@type\":\"Article\",\"@id\":\"https:\\\/\\\/kuzeyinsesi.org\\\/index.php\\\/2025\\\/04\\\/30\\\/cumhurbaskani-tatar-meral-vedat-ertungu-lisesinin-bahar-senligi-ve-yil-sonu-sergisine-katildi\\\/#article\",\"isPartOf\":{\"@id\":\"https:\\\/\\\/kuzeyinsesi.org\\\/index.php\\\/2025\\\/04\\\/30\\\/cumhurbaskani-tatar-meral-vedat-ertungu-lisesinin-bahar-senligi-ve-yil-sonu-sergisine-katildi\\\/\"},\"author\":{\"name\":\"Kuzeyin Sesi\",\"@id\":\"https:\\\/\\\/kuzeyinsesi.org\\\/#\\\/schema\\\/person\\\/9f859689cdf01485597712386e37f5aa\"},\"headline\":\"Cumhurba\u015fkan\u0131 Tatar, Meral-Vedat Ert\u00fcng\u00fc Lisesi\u2019nin Bahar \u015eenli\u011fi ve Y\u0131l Sonu Sergisi\u2019ne kat\u0131ld\u0131\",\"datePublished\":\"2025-04-30T12:53:07+00:00\",\"mainEntityOfPage\":{\"@id\":\"https:\\\/\\\/kuzeyinsesi.org\\\/index.php\\\/2025\\\/04\\\/30\\\/cumhurbaskani-tatar-meral-vedat-ertungu-lisesinin-bahar-senligi-ve-yil-sonu-sergisine-katildi\\\/\"},\"wordCount\":784,\"commentCount\":0,\"image\":{\"@id\":\"https:\\\/\\\/kuzeyinsesi.org\\\/index.php\\\/2025\\\/04\\\/30\\\/cumhurbaskani-tatar-meral-vedat-ertungu-lisesinin-bahar-senligi-ve-yil-sonu-sergisine-katildi\\\/#primaryimage\"},\"thumbnailUrl\":\"https:\\\/\\\/kuzeyinsesi.org\\\/wp-content\\\/uploads\\\/2025\\\/04\\\/1746003842876Cumhurbaskani-Tatar-Meral-Vedat-Ertungu-Lisesinin-Bahar-Senligi-ve-Yil-Sonu-Sergisi-MK.jpeg\",\"articleSection\":[\"Ya\u015fam\"],\"inLanguage\":\"tr\",\"potentialAction\":[{\"@type\":\"CommentAction\",\"name\":\"Comment\",\"target\":[\"https:\\\/\\\/kuzeyinsesi.org\\\/index.php\\\/2025\\\/04\\\/30\\\/cumhurbaskani-tatar-meral-vedat-ertungu-lisesinin-bahar-senligi-ve-yil-sonu-sergisine-katildi\\\/#respond\"]}]},{\"@type\":\"WebPage\",\"@id\":\"https:\\\/\\\/kuzeyinsesi.org\\\/index.php\\\/2025\\\/04\\\/30\\\/cumhurbaskani-tatar-meral-vedat-ertungu-lisesinin-bahar-senligi-ve-yil-sonu-sergisine-katildi\\\/\",\"url\":\"https:\\\/\\\/kuzeyinsesi.org\\\/index.php\\\/2025\\\/04\\\/30\\\/cumhurbaskani-tatar-meral-vedat-ertungu-lisesinin-bahar-senligi-ve-yil-sonu-sergisine-katildi\\\/\",\"name\":\"Cumhurba\u015fkan\u0131 Tatar, Meral-Vedat Ert\u00fcng\u00fc Lisesi\u2019nin Bahar \u015eenli\u011fi ve Y\u0131l Sonu Sergisi\u2019ne kat\u0131ld\u0131 - Kuzeyin Sesi\",\"isPartOf\":{\"@id\":\"https:\\\/\\\/kuzeyinsesi.org\\\/#website\"},\"primaryImageOfPage\":{\"@id\":\"https:\\\/\\\/kuzeyinsesi.org\\\/index.php\\\/2025\\\/04\\\/30\\\/cumhurbaskani-tatar-meral-vedat-ertungu-lisesinin-bahar-senligi-ve-yil-sonu-sergisine-katildi\\\/#primaryimage\"},\"image\":{\"@id\":\"https:\\\/\\\/kuzeyinsesi.org\\\/index.php\\\/2025\\\/04\\\/30\\\/cumhurbaskani-tatar-meral-vedat-ertungu-lisesinin-bahar-senligi-ve-yil-sonu-sergisine-katildi\\\/#primaryimage\"},\"thumbnailUrl\":\"https:\\\/\\\/kuzeyinsesi.org\\\/wp-content\\\/uploads\\\/2025\\\/04\\\/1746003842876Cumhurbaskani-Tatar-Meral-Vedat-Ertungu-Lisesinin-Bahar-Senligi-ve-Yil-Sonu-Sergisi-MK.jpeg\",\"datePublished\":\"2025-04-30T12:53:07+00:00\",\"author\":{\"@id\":\"https:\\\/\\\/kuzeyinsesi.org\\\/#\\\/schema\\\/person\\\/9f859689cdf01485597712386e37f5aa\"},\"breadcrumb\":{\"@id\":\"https:\\\/\\\/kuzeyinsesi.org\\\/index.php\\\/2025\\\/04\\\/30\\\/cumhurbaskani-tatar-meral-vedat-ertungu-lisesinin-bahar-senligi-ve-yil-sonu-sergisine-katildi\\\/#breadcrumb\"},\"inLanguage\":\"tr\",\"potentialAction\":[{\"@type\":\"ReadAction\",\"target\":[\"https:\\\/\\\/kuzeyinsesi.org\\\/index.php\\\/2025\\\/04\\\/30\\\/cumhurbaskani-tatar-meral-vedat-ertungu-lisesinin-bahar-senligi-ve-yil-sonu-sergisine-katildi\\\/\"]}]},{\"@type\":\"ImageObject\",\"inLanguage\":\"tr\",\"@id\":\"https:\\\/\\\/kuzeyinsesi.org\\\/index.php\\\/2025\\\/04\\\/30\\\/cumhurbaskani-tatar-meral-vedat-ertungu-lisesinin-bahar-senligi-ve-yil-sonu-sergisine-katildi\\\/#primaryimage\",\"url\":\"https:\\\/\\\/kuzeyinsesi.org\\\/wp-content\\\/uploads\\\/2025\\\/04\\\/1746003842876Cumhurbaskani-Tatar-Meral-Vedat-Ertungu-Lisesinin-Bahar-Senligi-ve-Yil-Sonu-Sergisi-MK.jpeg\",\"contentUrl\":\"https:\\\/\\\/kuzeyinsesi.org\\\/wp-content\\\/uploads\\\/2025\\\/04\\\/1746003842876Cumhurbaskani-Tatar-Meral-Vedat-Ertungu-Lisesinin-Bahar-Senligi-ve-Yil-Sonu-Sergisi-MK.jpeg\",\"width\":1495,\"height\":803},{\"@type\":\"BreadcrumbList\",\"@id\":\"https:\\\/\\\/kuzeyinsesi.org\\\/index.php\\\/2025\\\/04\\\/30\\\/cumhurbaskani-tatar-meral-vedat-ertungu-lisesinin-bahar-senligi-ve-yil-sonu-sergisine-katildi\\\/#breadcrumb\",\"itemListElement\":[{\"@type\":\"ListItem\",\"position\":1,\"name\":\"Anasayfa\",\"item\":\"https:\\\/\\\/kuzeyinsesi.org\\\/\"},{\"@type\":\"ListItem\",\"position\":2,\"name\":\"Cumhurba\u015fkan\u0131 Tatar, Meral-Vedat Ert\u00fcng\u00fc Lisesi\u2019nin Bahar \u015eenli\u011fi ve Y\u0131l Sonu Sergisi\u2019ne kat\u0131ld\u0131\"}]},{\"@type\":\"WebSite\",\"@id\":\"https:\\\/\\\/kuzeyinsesi.org\\\/#website\",\"url\":\"https:\\\/\\\/kuzeyinsesi.org\\\/\",\"name\":\"Kuzeyin Sesi\",\"description\":\"Do\u011fru Haberin Adresi\",\"potentialAction\":[{\"@type\":\"SearchAction\",\"target\":{\"@type\":\"EntryPoint\",\"urlTemplate\":\"https:\\\/\\\/kuzeyinsesi.org\\\/?s={search_term_string}\"},\"query-input\":{\"@type\":\"PropertyValueSpecification\",\"valueRequired\":true,\"valueName\":\"search_term_string\"}}],\"inLanguage\":\"tr\"},{\"@type\":\"Person\",\"@id\":\"https:\\\/\\\/kuzeyinsesi.org\\\/#\\\/schema\\\/person\\\/9f859689cdf01485597712386e37f5aa\",\"name\":\"Kuzeyin Sesi\",\"image\":{\"@type\":\"ImageObject\",\"inLanguage\":\"tr\",\"@id\":\"https:\\\/\\\/secure.gravatar.com\\\/avatar\\\/bab33852abfd8b282518d6ed81826833d77c3c882d9ab608add591ccace47a44?s=96&d=mm&r=g\",\"url\":\"https:\\\/\\\/secure.gravatar.com\\\/avatar\\\/bab33852abfd8b282518d6ed81826833d77c3c882d9ab608add591ccace47a44?s=96&d=mm&r=g\",\"contentUrl\":\"https:\\\/\\\/secure.gravatar.com\\\/avatar\\\/bab33852abfd8b282518d6ed81826833d77c3c882d9ab608add591ccace47a44?s=96&d=mm&r=g\",\"caption\":\"Kuzeyin Sesi\"},\"sameAs\":[\"https:\\\/\\\/kuzeyinsesi.org\"],\"url\":\"https:\\\/\\\/kuzeyinsesi.org\\\/index.php\\\/author\\\/guven\\\/\"}]}<\/script>\n<!-- \/ Yoast SEO plugin. -->","yoast_head_json":{"title":"Cumhurba\u015fkan\u0131 Tatar, Meral-Vedat Ert\u00fcng\u00fc Lisesi\u2019nin Bahar \u015eenli\u011fi ve Y\u0131l Sonu Sergisi\u2019ne kat\u0131ld\u0131 - Kuzeyin Sesi","robots":{"index":"index","follow":"follow","max-snippet":"max-snippet:-1","max-image-preview":"max-image-preview:large","max-video-preview":"max-video-preview:-1"},"canonical":"https:\/\/kuzeyinsesi.org\/index.php\/2025\/04\/30\/cumhurbaskani-tatar-meral-vedat-ertungu-lisesinin-bahar-senligi-ve-yil-sonu-sergisine-katildi\/","og_locale":"tr_TR","og_type":"article","og_title":"Cumhurba\u015fkan\u0131 Tatar, Meral-Vedat Ert\u00fcng\u00fc Lisesi\u2019nin Bahar \u015eenli\u011fi ve Y\u0131l Sonu Sergisi\u2019ne kat\u0131ld\u0131 - Kuzeyin Sesi","og_description":"Cumhurba\u015fkan\u0131 Ersin Tatar, Meral-Vedat Ert\u00fcng\u00fc Lisesi\u2019nin Bahar \u015eenli\u011fi ve Y\u0131l Sonu Sergisi a\u00e7\u0131l\u0131\u015f\u0131na kat\u0131ld\u0131. Tatar, sosyal etkinlikler ve faaliyetlerin \u00f6nemine de\u011finerek, \u201c\u00c7ocuklar\u0131n sosyal anlamda da g\u00fc\u00e7l\u00fc olabilmeleri \u00e7ok \u00f6nemli.\u201d dedi. Meral-Vedat Ert\u00fcng\u00fc Lisesi\u2019nde sayg\u0131 duru\u015fu ve \u0130stiklal Mar\u015f\u0131\u2019n\u0131n okunmas\u0131yla ba\u015flayan etkinlikte; Cumhurba\u015fkan\u0131 Ersin Tatar, Ekonomi ve Enerji Bakan\u0131 Olgun Amcao\u011flu ve Meral-Vedat Ert\u00fcng\u00fc Lisesi M\u00fcd\u00fcr\u00fc [&hellip;]","og_url":"https:\/\/kuzeyinsesi.org\/index.php\/2025\/04\/30\/cumhurbaskani-tatar-meral-vedat-ertungu-lisesinin-bahar-senligi-ve-yil-sonu-sergisine-katildi\/","og_site_name":"Kuzeyin Sesi","article_publisher":"https:\/\/www.facebook.com\/kuzeyinsesii","article_published_time":"2025-04-30T12:53:07+00:00","og_image":[{"url":"https:\/\/brtk.net\/wp-content\/uploads\/2025\/04\/30\/1746003842876Cumhurbaskani-Tatar-Meral-Vedat-Ertungu-Lisesinin-Bahar-Senligi-ve-Yil-Sonu-Sergisi-MK.jpg?ver=b43a219bb6653ac64a90beb9d78b0b20","type":"","width":"","height":""}],"author":"Kuzeyin Sesi","twitter_card":"summary_large_image","twitter_creator":"@kuzeyinsesii","twitter_site":"@kuzeyinsesii","twitter_misc":{"Yazan:":"Kuzeyin Sesi","Tahmini okuma s\u00fcresi":"4 dakika"},"schema":{"@context":"https:\/\/schema.org","@graph":[{"@type":"Article","@id":"https:\/\/kuzeyinsesi.org\/index.php\/2025\/04\/30\/cumhurbaskani-tatar-meral-vedat-ertungu-lisesinin-bahar-senligi-ve-yil-sonu-sergisine-katildi\/#article","isPartOf":{"@id":"https:\/\/kuzeyinsesi.org\/index.php\/2025\/04\/30\/cumhurbaskani-tatar-meral-vedat-ertungu-lisesinin-bahar-senligi-ve-yil-sonu-sergisine-katildi\/"},"author":{"name":"Kuzeyin Sesi","@id":"https:\/\/kuzeyinsesi.org\/#\/schema\/person\/9f859689cdf01485597712386e37f5aa"},"headline":"Cumhurba\u015fkan\u0131 Tatar, Meral-Vedat Ert\u00fcng\u00fc Lisesi\u2019nin Bahar \u015eenli\u011fi ve Y\u0131l Sonu Sergisi\u2019ne kat\u0131ld\u0131","datePublished":"2025-04-30T12:53:07+00:00","mainEntityOfPage":{"@id":"https:\/\/kuzeyinsesi.org\/index.php\/2025\/04\/30\/cumhurbaskani-tatar-meral-vedat-ertungu-lisesinin-bahar-senligi-ve-yil-sonu-sergisine-katildi\/"},"wordCount":784,"commentCount":0,"image":{"@id":"https:\/\/kuzeyinsesi.org\/index.php\/2025\/04\/30\/cumhurbaskani-tatar-meral-vedat-ertungu-lisesinin-bahar-senligi-ve-yil-sonu-sergisine-katildi\/#primaryimage"},"thumbnailUrl":"https:\/\/kuzeyinsesi.org\/wp-content\/uploads\/2025\/04\/1746003842876Cumhurbaskani-Tatar-Meral-Vedat-Ertungu-Lisesinin-Bahar-Senligi-ve-Yil-Sonu-Sergisi-MK.jpeg","articleSection":["Ya\u015fam"],"inLanguage":"tr","potentialAction":[{"@type":"CommentAction","name":"Comment","target":["https:\/\/kuzeyinsesi.org\/index.php\/2025\/04\/30\/cumhurbaskani-tatar-meral-vedat-ertungu-lisesinin-bahar-senligi-ve-yil-sonu-sergisine-katildi\/#respond"]}]},{"@type":"WebPage","@id":"https:\/\/kuzeyinsesi.org\/index.php\/2025\/04\/30\/cumhurbaskani-tatar-meral-vedat-ertungu-lisesinin-bahar-senligi-ve-yil-sonu-sergisine-katildi\/","url":"https:\/\/kuzeyinsesi.org\/index.php\/2025\/04\/30\/cumhurbaskani-tatar-meral-vedat-ertungu-lisesinin-bahar-senligi-ve-yil-sonu-sergisine-katildi\/","name":"Cumhurba\u015fkan\u0131 Tatar, Meral-Vedat Ert\u00fcng\u00fc Lisesi\u2019nin Bahar \u015eenli\u011fi ve Y\u0131l Sonu Sergisi\u2019ne kat\u0131ld\u0131 - Kuzeyin Sesi","isPartOf":{"@id":"https:\/\/kuzeyinsesi.org\/#website"},"primaryImageOfPage":{"@id":"https:\/\/kuzeyinsesi.org\/index.php\/2025\/04\/30\/cumhurbaskani-tatar-meral-vedat-ertungu-lisesinin-bahar-senligi-ve-yil-sonu-sergisine-katildi\/#primaryimage"},"image":{"@id":"https:\/\/kuzeyinsesi.org\/index.php\/2025\/04\/30\/cumhurbaskani-tatar-meral-vedat-ertungu-lisesinin-bahar-senligi-ve-yil-sonu-sergisine-katildi\/#primaryimage"},"thumbnailUrl":"https:\/\/kuzeyinsesi.org\/wp-content\/uploads\/2025\/04\/1746003842876Cumhurbaskani-Tatar-Meral-Vedat-Ertungu-Lisesinin-Bahar-Senligi-ve-Yil-Sonu-Sergisi-MK.jpeg","datePublished":"2025-04-30T12:53:07+00:00","author":{"@id":"https:\/\/kuzeyinsesi.org\/#\/schema\/person\/9f859689cdf01485597712386e37f5aa"},"breadcrumb":{"@id":"https:\/\/kuzeyinsesi.org\/index.php\/2025\/04\/30\/cumhurbaskani-tatar-meral-vedat-ertungu-lisesinin-bahar-senligi-ve-yil-sonu-sergisine-katildi\/#breadcrumb"},"inLanguage":"tr","potentialAction":[{"@type":"ReadAction","target":["https:\/\/kuzeyinsesi.org\/index.php\/2025\/04\/30\/cumhurbaskani-tatar-meral-vedat-ertungu-lisesinin-bahar-senligi-ve-yil-sonu-sergisine-katildi\/"]}]},{"@type":"ImageObject","inLanguage":"tr","@id":"https:\/\/kuzeyinsesi.org\/index.php\/2025\/04\/30\/cumhurbaskani-tatar-meral-vedat-ertungu-lisesinin-bahar-senligi-ve-yil-sonu-sergisine-katildi\/#primaryimage","url":"https:\/\/kuzeyinsesi.org\/wp-content\/uploads\/2025\/04\/1746003842876Cumhurbaskani-Tatar-Meral-Vedat-Ertungu-Lisesinin-Bahar-Senligi-ve-Yil-Sonu-Sergisi-MK.jpeg","contentUrl":"https:\/\/kuzeyinsesi.org\/wp-content\/uploads\/2025\/04\/1746003842876Cumhurbaskani-Tatar-Meral-Vedat-Ertungu-Lisesinin-Bahar-Senligi-ve-Yil-Sonu-Sergisi-MK.jpeg","width":1495,"height":803},{"@type":"BreadcrumbList","@id":"https:\/\/kuzeyinsesi.org\/index.php\/2025\/04\/30\/cumhurbaskani-tatar-meral-vedat-ertungu-lisesinin-bahar-senligi-ve-yil-sonu-sergisine-katildi\/#breadcrumb","itemListElement":[{"@type":"ListItem","position":1,"name":"Anasayfa","item":"https:\/\/kuzeyinsesi.org\/"},{"@type":"ListItem","position":2,"name":"Cumhurba\u015fkan\u0131 Tatar, Meral-Vedat Ert\u00fcng\u00fc Lisesi\u2019nin Bahar \u015eenli\u011fi ve Y\u0131l Sonu Sergisi\u2019ne kat\u0131ld\u0131"}]},{"@type":"WebSite","@id":"https:\/\/kuzeyinsesi.org\/#website","url":"https:\/\/kuzeyinsesi.org\/","name":"Kuzeyin Sesi","description":"Do\u011fru Haberin Adresi","potentialAction":[{"@type":"SearchAction","target":{"@type":"EntryPoint","urlTemplate":"https:\/\/kuzeyinsesi.org\/?s={search_term_string}"},"query-input":{"@type":"PropertyValueSpecification","valueRequired":true,"valueName":"search_term_string"}}],"inLanguage":"tr"},{"@type":"Person","@id":"https:\/\/kuzeyinsesi.org\/#\/schema\/person\/9f859689cdf01485597712386e37f5aa","name":"Kuzeyin Sesi","image":{"@type":"ImageObject","inLanguage":"tr","@id":"https:\/\/secure.gravatar.com\/avatar\/bab33852abfd8b282518d6ed81826833d77c3c882d9ab608add591ccace47a44?s=96&d=mm&r=g","url":"https:\/\/secure.gravatar.com\/avatar\/bab33852abfd8b282518d6ed81826833d77c3c882d9ab608add591ccace47a44?s=96&d=mm&r=g","contentUrl":"https:\/\/secure.gravatar.com\/avatar\/bab33852abfd8b282518d6ed81826833d77c3c882d9ab608add591ccace47a44?s=96&d=mm&r=g","caption":"Kuzeyin Sesi"},"sameAs":["https:\/\/kuzeyinsesi.org"],"url":"https:\/\/kuzeyinsesi.org\/index.php\/author\/guven\/"}]}},"_links":{"self":[{"href":"https:\/\/kuzeyinsesi.org\/index.php\/wp-json\/wp\/v2\/posts\/24168","targetHints":{"allow":["GET"]}}],"collection":[{"href":"https:\/\/kuzeyinsesi.org\/index.php\/wp-json\/wp\/v2\/posts"}],"about":[{"href":"https:\/\/kuzeyinsesi.org\/index.php\/wp-json\/wp\/v2\/types\/post"}],"author":[{"embeddable":true,"href":"https:\/\/kuzeyinsesi.org\/index.php\/wp-json\/wp\/v2\/users\/1"}],"replies":[{"embeddable":true,"href":"https:\/\/kuzeyinsesi.org\/index.php\/wp-json\/wp\/v2\/comments?post=24168"}],"version-history":[{"count":0,"href":"https:\/\/kuzeyinsesi.org\/index.php\/wp-json\/wp\/v2\/posts\/24168\/revisions"}],"wp:featuredmedia":[{"embeddable":true,"href":"https:\/\/kuzeyinsesi.org\/index.php\/wp-json\/wp\/v2\/media\/24169"}],"wp:attachment":[{"href":"https:\/\/kuzeyinsesi.org\/index.php\/wp-json\/wp\/v2\/media?parent=24168"}],"wp:term":[{"taxonomy":"category","embeddable":true,"href":"https:\/\/kuzeyinsesi.org\/index.php\/wp-json\/wp\/v2\/categories?post=24168"},{"taxonomy":"post_tag","embeddable":true,"href":"https:\/\/kuzeyinsesi.org\/index.php\/wp-json\/wp\/v2\/tags?post=24168"}],"curies":[{"name":"wp","href":"https:\/\/api.w.org\/{rel}","templated":true}]}}