{"id":24133,"date":"2025-04-29T16:17:40","date_gmt":"2025-04-29T13:17:40","guid":{"rendered":"https:\/\/kuzeyinsesi.org\/index.php\/2025\/04\/29\/anadolu-guzel-sanatlar-lisesi-ogretmen-ve-ogrencileri-lefkosa-surici-sanat-bulusmalarinda-sahne-alacak\/"},"modified":"2025-04-29T16:17:40","modified_gmt":"2025-04-29T13:17:40","slug":"anadolu-guzel-sanatlar-lisesi-ogretmen-ve-ogrencileri-lefkosa-surici-sanat-bulusmalarinda-sahne-alacak","status":"publish","type":"post","link":"https:\/\/kuzeyinsesi.org\/index.php\/2025\/04\/29\/anadolu-guzel-sanatlar-lisesi-ogretmen-ve-ogrencileri-lefkosa-surici-sanat-bulusmalarinda-sahne-alacak\/","title":{"rendered":"Anadolu G\u00fczel Sanatlar Lisesi \u00f6\u011fretmen ve \u00f6\u011frencileri Lefko\u015fa Suri\u00e7i Sanat Bulu\u015fmalar\u0131\u2019nda sahne alacak"},"content":{"rendered":"<div>\n<div class=\"mariselle-image-container none\">\n                                            <\/div>\n<p style=\"font-weight: 300;\"><span style=\"font-weight: 300 !important;\">Ba\u015fbakan Yard\u0131mc\u0131l\u0131\u011f\u0131, Turizm, K\u00fclt\u00fcr, Gen\u00e7lik ve \u00c7evre Bakanl\u0131\u011f\u0131\u2019na ba\u011fl\u0131 K\u00fclt\u00fcr Dairesi\u2019nin d\u00fczenledi\u011fi Lefko\u015fa Suri\u00e7i Sanat Bulu\u015fmalar\u0131, Lefko\u015fa Anadolu G\u00fczel Sanatlar Lisesi \u00f6\u011fretmen ve \u00f6\u011frencilerinin sunaca\u011f\u0131 m\u00fczik dinletisi ile devam edecek.<\/span><\/p>\n<p style=\"font-weight: 300;\"><span style=\"font-weight: 300 !important;\">K\u00fclt\u00fcr Dairesi\u2019nden yap\u0131lan a\u00e7\u0131klamaya g\u00f6re,\u00a0 Lefko\u015fa Anadolu G\u00fczel Sanatlar Lisesi \u00f6\u011fretmen ve \u00f6\u011frencileri, cumartesi g\u00fcn\u00fc saat 12.00\u2019de Kumarc\u0131lar Han\u0131\u2019nda sahneye \u00e7\u0131kacak.<\/span><\/p>\n<p style=\"font-weight: 300;\"><span style=\"font-weight: 300 !important;\">K\u00fclt\u00fcr Dairesi\u2019nin, a\u00e7\u0131l\u0131\u015f\u0131n\u0131 12 Nisan tarihinde, Lefko\u015fa Anadolu G\u00fczel Sanatlar Lisesi\u2019nin \u00f6\u011fretmen ve \u00f6\u011frencilerinin sundu\u011fu Klasik Esintiler ba\u015fl\u0131kl\u0131 m\u00fczik dinletisiyle yapt\u0131\u011f\u0131 Lefko\u015fa Suri\u00e7i Sanat Bulu\u015fmalar\u0131, 31 May\u0131s Cumartesi g\u00fcn\u00fcne kadar Kumarc\u0131lar Han\u0131\u2019nda devam edecek.<\/span><\/p>\n<p style=\"font-weight: 300;\"><span style=\"font-weight: 300 !important;\">K\u00fclt\u00fcr Dairesi M\u00fcd\u00fcr\u00fc \u015eirin Zaima\u011fao\u011flu, Lefko\u015fa Suri\u00e7i Sanat Bulu\u015fmalar\u0131\u2019n\u0131n nisan ay\u0131nda gen\u00e7 m\u00fczisyenleri konuk etti\u011fini belirterek, may\u0131s ay\u0131nda ise Nafiz D\u00f6lek, Erkan Da\u011fl\u0131, Umut Albayrak ve Arman Ratip\u2019in sahneye \u00e7\u0131kaca\u011f\u0131n\u0131 belirtti.<\/span><\/p>\n<p style=\"font-weight: 300;\"><span style=\"font-weight: 300 !important;\">Lefko\u015fa Suri\u00e7i Sanat Bulu\u015fmalar\u0131\u2019n\u0131 halka a\u00e7\u0131k olarak d\u00fczenlediklerini hat\u0131rlatan Zaima\u011fao\u011flu, ge\u00e7en haftaki etkinlikte Grup Gam\u2019\u0131n sahneye \u00e7\u0131kt\u0131\u011f\u0131n\u0131, bu hafta ise yeniden ve son kez Lefko\u015fa Anadolu G\u00fczel Sanatlar Lisesi \u00f6\u011fretmen ve \u00f6\u011frencilerinin Kumarc\u0131lar Han\u0131\u2019nda olaca\u011f\u0131n\u0131 duyurdu.<\/span><\/p>\n<p style=\"font-weight: 300;\"><span style=\"font-weight: 300 !important;\">10 May\u0131s Cumartesi g\u00fcn\u00fc Nafiz D\u00f6lek, 17 May\u0131s Cumartesi g\u00fcn\u00fc Erkan Da\u011fl\u0131, 24 May\u0131s Cumartesi g\u00fcn\u00fc Umut Albayrak ve 31 May\u0131s Cumartesi kapan\u0131\u015f etkinli\u011finde ise Arman Ratip\u2019in konuk edilece\u011fini a\u00e7\u0131klayan Zaima\u011fao\u011flu, t\u00fcm sanatseverleri cumartesi g\u00fcnlerinde Lefko\u015fa Suri\u00e7i Sanat Bulu\u015fmalar\u0131\u2019na davet etti.<\/span><\/p>\n<p>\u00a0<\/p>\n<\/p><\/div>\n<p><script async\n                    defer\n                    crossorigin=\"anonymous\"\n                    src=\"https:\/\/connect.facebook.net\/tr_TR\/sdk.js#xfbml=1&#038;version=v3.3\"\n            ><\/script><\/p>\n","protected":false},"excerpt":{"rendered":"<p>Ba\u015fbakan Yard\u0131mc\u0131l\u0131\u011f\u0131, Turizm, K\u00fclt\u00fcr, Gen\u00e7lik ve \u00c7evre Bakanl\u0131\u011f\u0131\u2019na ba\u011fl\u0131 K\u00fclt\u00fcr Dairesi\u2019nin d\u00fczenledi\u011fi Lefko\u015fa Suri\u00e7i Sanat Bulu\u015fmalar\u0131, Lefko\u015fa Anadolu G\u00fczel Sanatlar Lisesi \u00f6\u011fretmen ve \u00f6\u011frencilerinin sunaca\u011f\u0131 m\u00fczik dinletisi ile devam edecek. K\u00fclt\u00fcr Dairesi\u2019nden yap\u0131lan a\u00e7\u0131klamaya g\u00f6re,\u00a0 Lefko\u015fa Anadolu G\u00fczel Sanatlar Lisesi \u00f6\u011fretmen ve \u00f6\u011frencileri, cumartesi g\u00fcn\u00fc saat 12.00\u2019de Kumarc\u0131lar Han\u0131\u2019nda sahneye \u00e7\u0131kacak. K\u00fclt\u00fcr Dairesi\u2019nin, a\u00e7\u0131l\u0131\u015f\u0131n\u0131 12 [&hellip;]<\/p>\n","protected":false},"author":1,"featured_media":24134,"comment_status":"open","ping_status":"open","sticky":false,"template":"","format":"standard","meta":{"jnews-multi-image_gallery":[],"jnews_single_post":[],"jnews_primary_category":[],"jnews_social_meta":[],"jnews_override_counter":[],"footnotes":""},"categories":[6],"tags":[],"class_list":["post-24133","post","type-post","status-publish","format-standard","has-post-thumbnail","hentry","category-yasam"],"yoast_head":"<!-- This site is optimized with the Yoast SEO plugin v27.4 - https:\/\/yoast.com\/product\/yoast-seo-wordpress\/ -->\n<title>Anadolu G\u00fczel Sanatlar Lisesi \u00f6\u011fretmen ve \u00f6\u011frencileri Lefko\u015fa Suri\u00e7i Sanat Bulu\u015fmalar\u0131\u2019nda sahne alacak - Kuzeyin Sesi<\/title>\n<meta name=\"robots\" content=\"index, follow, max-snippet:-1, max-image-preview:large, max-video-preview:-1\" \/>\n<link rel=\"canonical\" href=\"https:\/\/kuzeyinsesi.org\/index.php\/2025\/04\/29\/anadolu-guzel-sanatlar-lisesi-ogretmen-ve-ogrencileri-lefkosa-surici-sanat-bulusmalarinda-sahne-alacak\/\" \/>\n<meta property=\"og:locale\" content=\"tr_TR\" \/>\n<meta property=\"og:type\" content=\"article\" \/>\n<meta property=\"og:title\" content=\"Anadolu G\u00fczel Sanatlar Lisesi \u00f6\u011fretmen ve \u00f6\u011frencileri Lefko\u015fa Suri\u00e7i Sanat Bulu\u015fmalar\u0131\u2019nda sahne alacak - Kuzeyin Sesi\" \/>\n<meta property=\"og:description\" content=\"Ba\u015fbakan Yard\u0131mc\u0131l\u0131\u011f\u0131, Turizm, K\u00fclt\u00fcr, Gen\u00e7lik ve \u00c7evre Bakanl\u0131\u011f\u0131\u2019na ba\u011fl\u0131 K\u00fclt\u00fcr Dairesi\u2019nin d\u00fczenledi\u011fi Lefko\u015fa Suri\u00e7i Sanat Bulu\u015fmalar\u0131, Lefko\u015fa Anadolu G\u00fczel Sanatlar Lisesi \u00f6\u011fretmen ve \u00f6\u011frencilerinin sunaca\u011f\u0131 m\u00fczik dinletisi ile devam edecek. K\u00fclt\u00fcr Dairesi\u2019nden yap\u0131lan a\u00e7\u0131klamaya g\u00f6re,\u00a0 Lefko\u015fa Anadolu G\u00fczel Sanatlar Lisesi \u00f6\u011fretmen ve \u00f6\u011frencileri, cumartesi g\u00fcn\u00fc saat 12.00\u2019de Kumarc\u0131lar Han\u0131\u2019nda sahneye \u00e7\u0131kacak. K\u00fclt\u00fcr Dairesi\u2019nin, a\u00e7\u0131l\u0131\u015f\u0131n\u0131 12 [&hellip;]\" \/>\n<meta property=\"og:url\" content=\"https:\/\/kuzeyinsesi.org\/index.php\/2025\/04\/29\/anadolu-guzel-sanatlar-lisesi-ogretmen-ve-ogrencileri-lefkosa-surici-sanat-bulusmalarinda-sahne-alacak\/\" \/>\n<meta property=\"og:site_name\" content=\"Kuzeyin Sesi\" \/>\n<meta property=\"article:publisher\" content=\"https:\/\/www.facebook.com\/kuzeyinsesii\" \/>\n<meta property=\"article:published_time\" content=\"2025-04-29T13:17:40+00:00\" \/>\n<meta property=\"og:image\" content=\"https:\/\/brtk.net\/wp-content\/uploads\/2025\/04\/29\/1745927861913surici-sanat-bulusmasi-1.jpg?ver=8a8d50448250315168d5c0bd5cbb1c2c\" \/>\n<meta name=\"author\" content=\"Kuzeyin Sesi\" \/>\n<meta name=\"twitter:card\" content=\"summary_large_image\" \/>\n<meta name=\"twitter:creator\" content=\"@kuzeyinsesii\" \/>\n<meta name=\"twitter:site\" content=\"@kuzeyinsesii\" \/>\n<meta name=\"twitter:label1\" content=\"Yazan:\" \/>\n\t<meta name=\"twitter:data1\" content=\"Kuzeyin Sesi\" \/>\n\t<meta name=\"twitter:label2\" content=\"Tahmini okuma s\u00fcresi\" \/>\n\t<meta name=\"twitter:data2\" content=\"1 dakika\" \/>\n<script type=\"application\/ld+json\" class=\"yoast-schema-graph\">{\"@context\":\"https:\\\/\\\/schema.org\",\"@graph\":[{\"@type\":\"Article\",\"@id\":\"https:\\\/\\\/kuzeyinsesi.org\\\/index.php\\\/2025\\\/04\\\/29\\\/anadolu-guzel-sanatlar-lisesi-ogretmen-ve-ogrencileri-lefkosa-surici-sanat-bulusmalarinda-sahne-alacak\\\/#article\",\"isPartOf\":{\"@id\":\"https:\\\/\\\/kuzeyinsesi.org\\\/index.php\\\/2025\\\/04\\\/29\\\/anadolu-guzel-sanatlar-lisesi-ogretmen-ve-ogrencileri-lefkosa-surici-sanat-bulusmalarinda-sahne-alacak\\\/\"},\"author\":{\"name\":\"Kuzeyin Sesi\",\"@id\":\"https:\\\/\\\/kuzeyinsesi.org\\\/#\\\/schema\\\/person\\\/9f859689cdf01485597712386e37f5aa\"},\"headline\":\"Anadolu G\u00fczel Sanatlar Lisesi \u00f6\u011fretmen ve \u00f6\u011frencileri Lefko\u015fa Suri\u00e7i Sanat Bulu\u015fmalar\u0131\u2019nda sahne alacak\",\"datePublished\":\"2025-04-29T13:17:40+00:00\",\"mainEntityOfPage\":{\"@id\":\"https:\\\/\\\/kuzeyinsesi.org\\\/index.php\\\/2025\\\/04\\\/29\\\/anadolu-guzel-sanatlar-lisesi-ogretmen-ve-ogrencileri-lefkosa-surici-sanat-bulusmalarinda-sahne-alacak\\\/\"},\"wordCount\":313,\"commentCount\":0,\"image\":{\"@id\":\"https:\\\/\\\/kuzeyinsesi.org\\\/index.php\\\/2025\\\/04\\\/29\\\/anadolu-guzel-sanatlar-lisesi-ogretmen-ve-ogrencileri-lefkosa-surici-sanat-bulusmalarinda-sahne-alacak\\\/#primaryimage\"},\"thumbnailUrl\":\"https:\\\/\\\/kuzeyinsesi.org\\\/wp-content\\\/uploads\\\/2025\\\/04\\\/1745927861913surici-sanat-bulusmasi-1.jpg\",\"articleSection\":[\"Ya\u015fam\"],\"inLanguage\":\"tr\",\"potentialAction\":[{\"@type\":\"CommentAction\",\"name\":\"Comment\",\"target\":[\"https:\\\/\\\/kuzeyinsesi.org\\\/index.php\\\/2025\\\/04\\\/29\\\/anadolu-guzel-sanatlar-lisesi-ogretmen-ve-ogrencileri-lefkosa-surici-sanat-bulusmalarinda-sahne-alacak\\\/#respond\"]}]},{\"@type\":\"WebPage\",\"@id\":\"https:\\\/\\\/kuzeyinsesi.org\\\/index.php\\\/2025\\\/04\\\/29\\\/anadolu-guzel-sanatlar-lisesi-ogretmen-ve-ogrencileri-lefkosa-surici-sanat-bulusmalarinda-sahne-alacak\\\/\",\"url\":\"https:\\\/\\\/kuzeyinsesi.org\\\/index.php\\\/2025\\\/04\\\/29\\\/anadolu-guzel-sanatlar-lisesi-ogretmen-ve-ogrencileri-lefkosa-surici-sanat-bulusmalarinda-sahne-alacak\\\/\",\"name\":\"Anadolu G\u00fczel Sanatlar Lisesi \u00f6\u011fretmen ve \u00f6\u011frencileri Lefko\u015fa Suri\u00e7i Sanat Bulu\u015fmalar\u0131\u2019nda sahne alacak - Kuzeyin Sesi\",\"isPartOf\":{\"@id\":\"https:\\\/\\\/kuzeyinsesi.org\\\/#website\"},\"primaryImageOfPage\":{\"@id\":\"https:\\\/\\\/kuzeyinsesi.org\\\/index.php\\\/2025\\\/04\\\/29\\\/anadolu-guzel-sanatlar-lisesi-ogretmen-ve-ogrencileri-lefkosa-surici-sanat-bulusmalarinda-sahne-alacak\\\/#primaryimage\"},\"image\":{\"@id\":\"https:\\\/\\\/kuzeyinsesi.org\\\/index.php\\\/2025\\\/04\\\/29\\\/anadolu-guzel-sanatlar-lisesi-ogretmen-ve-ogrencileri-lefkosa-surici-sanat-bulusmalarinda-sahne-alacak\\\/#primaryimage\"},\"thumbnailUrl\":\"https:\\\/\\\/kuzeyinsesi.org\\\/wp-content\\\/uploads\\\/2025\\\/04\\\/1745927861913surici-sanat-bulusmasi-1.jpg\",\"datePublished\":\"2025-04-29T13:17:40+00:00\",\"author\":{\"@id\":\"https:\\\/\\\/kuzeyinsesi.org\\\/#\\\/schema\\\/person\\\/9f859689cdf01485597712386e37f5aa\"},\"breadcrumb\":{\"@id\":\"https:\\\/\\\/kuzeyinsesi.org\\\/index.php\\\/2025\\\/04\\\/29\\\/anadolu-guzel-sanatlar-lisesi-ogretmen-ve-ogrencileri-lefkosa-surici-sanat-bulusmalarinda-sahne-alacak\\\/#breadcrumb\"},\"inLanguage\":\"tr\",\"potentialAction\":[{\"@type\":\"ReadAction\",\"target\":[\"https:\\\/\\\/kuzeyinsesi.org\\\/index.php\\\/2025\\\/04\\\/29\\\/anadolu-guzel-sanatlar-lisesi-ogretmen-ve-ogrencileri-lefkosa-surici-sanat-bulusmalarinda-sahne-alacak\\\/\"]}]},{\"@type\":\"ImageObject\",\"inLanguage\":\"tr\",\"@id\":\"https:\\\/\\\/kuzeyinsesi.org\\\/index.php\\\/2025\\\/04\\\/29\\\/anadolu-guzel-sanatlar-lisesi-ogretmen-ve-ogrencileri-lefkosa-surici-sanat-bulusmalarinda-sahne-alacak\\\/#primaryimage\",\"url\":\"https:\\\/\\\/kuzeyinsesi.org\\\/wp-content\\\/uploads\\\/2025\\\/04\\\/1745927861913surici-sanat-bulusmasi-1.jpg\",\"contentUrl\":\"https:\\\/\\\/kuzeyinsesi.org\\\/wp-content\\\/uploads\\\/2025\\\/04\\\/1745927861913surici-sanat-bulusmasi-1.jpg\",\"width\":930,\"height\":502},{\"@type\":\"BreadcrumbList\",\"@id\":\"https:\\\/\\\/kuzeyinsesi.org\\\/index.php\\\/2025\\\/04\\\/29\\\/anadolu-guzel-sanatlar-lisesi-ogretmen-ve-ogrencileri-lefkosa-surici-sanat-bulusmalarinda-sahne-alacak\\\/#breadcrumb\",\"itemListElement\":[{\"@type\":\"ListItem\",\"position\":1,\"name\":\"Anasayfa\",\"item\":\"https:\\\/\\\/kuzeyinsesi.org\\\/\"},{\"@type\":\"ListItem\",\"position\":2,\"name\":\"Anadolu G\u00fczel Sanatlar Lisesi \u00f6\u011fretmen ve \u00f6\u011frencileri Lefko\u015fa Suri\u00e7i Sanat Bulu\u015fmalar\u0131\u2019nda sahne alacak\"}]},{\"@type\":\"WebSite\",\"@id\":\"https:\\\/\\\/kuzeyinsesi.org\\\/#website\",\"url\":\"https:\\\/\\\/kuzeyinsesi.org\\\/\",\"name\":\"Kuzeyin Sesi\",\"description\":\"Do\u011fru Haberin Adresi\",\"potentialAction\":[{\"@type\":\"SearchAction\",\"target\":{\"@type\":\"EntryPoint\",\"urlTemplate\":\"https:\\\/\\\/kuzeyinsesi.org\\\/?s={search_term_string}\"},\"query-input\":{\"@type\":\"PropertyValueSpecification\",\"valueRequired\":true,\"valueName\":\"search_term_string\"}}],\"inLanguage\":\"tr\"},{\"@type\":\"Person\",\"@id\":\"https:\\\/\\\/kuzeyinsesi.org\\\/#\\\/schema\\\/person\\\/9f859689cdf01485597712386e37f5aa\",\"name\":\"Kuzeyin Sesi\",\"image\":{\"@type\":\"ImageObject\",\"inLanguage\":\"tr\",\"@id\":\"https:\\\/\\\/secure.gravatar.com\\\/avatar\\\/bab33852abfd8b282518d6ed81826833d77c3c882d9ab608add591ccace47a44?s=96&d=mm&r=g\",\"url\":\"https:\\\/\\\/secure.gravatar.com\\\/avatar\\\/bab33852abfd8b282518d6ed81826833d77c3c882d9ab608add591ccace47a44?s=96&d=mm&r=g\",\"contentUrl\":\"https:\\\/\\\/secure.gravatar.com\\\/avatar\\\/bab33852abfd8b282518d6ed81826833d77c3c882d9ab608add591ccace47a44?s=96&d=mm&r=g\",\"caption\":\"Kuzeyin Sesi\"},\"sameAs\":[\"https:\\\/\\\/kuzeyinsesi.org\"],\"url\":\"https:\\\/\\\/kuzeyinsesi.org\\\/index.php\\\/author\\\/guven\\\/\"}]}<\/script>\n<!-- \/ Yoast SEO plugin. -->","yoast_head_json":{"title":"Anadolu G\u00fczel Sanatlar Lisesi \u00f6\u011fretmen ve \u00f6\u011frencileri Lefko\u015fa Suri\u00e7i Sanat Bulu\u015fmalar\u0131\u2019nda sahne alacak - Kuzeyin Sesi","robots":{"index":"index","follow":"follow","max-snippet":"max-snippet:-1","max-image-preview":"max-image-preview:large","max-video-preview":"max-video-preview:-1"},"canonical":"https:\/\/kuzeyinsesi.org\/index.php\/2025\/04\/29\/anadolu-guzel-sanatlar-lisesi-ogretmen-ve-ogrencileri-lefkosa-surici-sanat-bulusmalarinda-sahne-alacak\/","og_locale":"tr_TR","og_type":"article","og_title":"Anadolu G\u00fczel Sanatlar Lisesi \u00f6\u011fretmen ve \u00f6\u011frencileri Lefko\u015fa Suri\u00e7i Sanat Bulu\u015fmalar\u0131\u2019nda sahne alacak - Kuzeyin Sesi","og_description":"Ba\u015fbakan Yard\u0131mc\u0131l\u0131\u011f\u0131, Turizm, K\u00fclt\u00fcr, Gen\u00e7lik ve \u00c7evre Bakanl\u0131\u011f\u0131\u2019na ba\u011fl\u0131 K\u00fclt\u00fcr Dairesi\u2019nin d\u00fczenledi\u011fi Lefko\u015fa Suri\u00e7i Sanat Bulu\u015fmalar\u0131, Lefko\u015fa Anadolu G\u00fczel Sanatlar Lisesi \u00f6\u011fretmen ve \u00f6\u011frencilerinin sunaca\u011f\u0131 m\u00fczik dinletisi ile devam edecek. K\u00fclt\u00fcr Dairesi\u2019nden yap\u0131lan a\u00e7\u0131klamaya g\u00f6re,\u00a0 Lefko\u015fa Anadolu G\u00fczel Sanatlar Lisesi \u00f6\u011fretmen ve \u00f6\u011frencileri, cumartesi g\u00fcn\u00fc saat 12.00\u2019de Kumarc\u0131lar Han\u0131\u2019nda sahneye \u00e7\u0131kacak. K\u00fclt\u00fcr Dairesi\u2019nin, a\u00e7\u0131l\u0131\u015f\u0131n\u0131 12 [&hellip;]","og_url":"https:\/\/kuzeyinsesi.org\/index.php\/2025\/04\/29\/anadolu-guzel-sanatlar-lisesi-ogretmen-ve-ogrencileri-lefkosa-surici-sanat-bulusmalarinda-sahne-alacak\/","og_site_name":"Kuzeyin Sesi","article_publisher":"https:\/\/www.facebook.com\/kuzeyinsesii","article_published_time":"2025-04-29T13:17:40+00:00","og_image":[{"url":"https:\/\/brtk.net\/wp-content\/uploads\/2025\/04\/29\/1745927861913surici-sanat-bulusmasi-1.jpg?ver=8a8d50448250315168d5c0bd5cbb1c2c","type":"","width":"","height":""}],"author":"Kuzeyin Sesi","twitter_card":"summary_large_image","twitter_creator":"@kuzeyinsesii","twitter_site":"@kuzeyinsesii","twitter_misc":{"Yazan:":"Kuzeyin Sesi","Tahmini okuma s\u00fcresi":"1 dakika"},"schema":{"@context":"https:\/\/schema.org","@graph":[{"@type":"Article","@id":"https:\/\/kuzeyinsesi.org\/index.php\/2025\/04\/29\/anadolu-guzel-sanatlar-lisesi-ogretmen-ve-ogrencileri-lefkosa-surici-sanat-bulusmalarinda-sahne-alacak\/#article","isPartOf":{"@id":"https:\/\/kuzeyinsesi.org\/index.php\/2025\/04\/29\/anadolu-guzel-sanatlar-lisesi-ogretmen-ve-ogrencileri-lefkosa-surici-sanat-bulusmalarinda-sahne-alacak\/"},"author":{"name":"Kuzeyin Sesi","@id":"https:\/\/kuzeyinsesi.org\/#\/schema\/person\/9f859689cdf01485597712386e37f5aa"},"headline":"Anadolu G\u00fczel Sanatlar Lisesi \u00f6\u011fretmen ve \u00f6\u011frencileri Lefko\u015fa Suri\u00e7i Sanat Bulu\u015fmalar\u0131\u2019nda sahne alacak","datePublished":"2025-04-29T13:17:40+00:00","mainEntityOfPage":{"@id":"https:\/\/kuzeyinsesi.org\/index.php\/2025\/04\/29\/anadolu-guzel-sanatlar-lisesi-ogretmen-ve-ogrencileri-lefkosa-surici-sanat-bulusmalarinda-sahne-alacak\/"},"wordCount":313,"commentCount":0,"image":{"@id":"https:\/\/kuzeyinsesi.org\/index.php\/2025\/04\/29\/anadolu-guzel-sanatlar-lisesi-ogretmen-ve-ogrencileri-lefkosa-surici-sanat-bulusmalarinda-sahne-alacak\/#primaryimage"},"thumbnailUrl":"https:\/\/kuzeyinsesi.org\/wp-content\/uploads\/2025\/04\/1745927861913surici-sanat-bulusmasi-1.jpg","articleSection":["Ya\u015fam"],"inLanguage":"tr","potentialAction":[{"@type":"CommentAction","name":"Comment","target":["https:\/\/kuzeyinsesi.org\/index.php\/2025\/04\/29\/anadolu-guzel-sanatlar-lisesi-ogretmen-ve-ogrencileri-lefkosa-surici-sanat-bulusmalarinda-sahne-alacak\/#respond"]}]},{"@type":"WebPage","@id":"https:\/\/kuzeyinsesi.org\/index.php\/2025\/04\/29\/anadolu-guzel-sanatlar-lisesi-ogretmen-ve-ogrencileri-lefkosa-surici-sanat-bulusmalarinda-sahne-alacak\/","url":"https:\/\/kuzeyinsesi.org\/index.php\/2025\/04\/29\/anadolu-guzel-sanatlar-lisesi-ogretmen-ve-ogrencileri-lefkosa-surici-sanat-bulusmalarinda-sahne-alacak\/","name":"Anadolu G\u00fczel Sanatlar Lisesi \u00f6\u011fretmen ve \u00f6\u011frencileri Lefko\u015fa Suri\u00e7i Sanat Bulu\u015fmalar\u0131\u2019nda sahne alacak - Kuzeyin Sesi","isPartOf":{"@id":"https:\/\/kuzeyinsesi.org\/#website"},"primaryImageOfPage":{"@id":"https:\/\/kuzeyinsesi.org\/index.php\/2025\/04\/29\/anadolu-guzel-sanatlar-lisesi-ogretmen-ve-ogrencileri-lefkosa-surici-sanat-bulusmalarinda-sahne-alacak\/#primaryimage"},"image":{"@id":"https:\/\/kuzeyinsesi.org\/index.php\/2025\/04\/29\/anadolu-guzel-sanatlar-lisesi-ogretmen-ve-ogrencileri-lefkosa-surici-sanat-bulusmalarinda-sahne-alacak\/#primaryimage"},"thumbnailUrl":"https:\/\/kuzeyinsesi.org\/wp-content\/uploads\/2025\/04\/1745927861913surici-sanat-bulusmasi-1.jpg","datePublished":"2025-04-29T13:17:40+00:00","author":{"@id":"https:\/\/kuzeyinsesi.org\/#\/schema\/person\/9f859689cdf01485597712386e37f5aa"},"breadcrumb":{"@id":"https:\/\/kuzeyinsesi.org\/index.php\/2025\/04\/29\/anadolu-guzel-sanatlar-lisesi-ogretmen-ve-ogrencileri-lefkosa-surici-sanat-bulusmalarinda-sahne-alacak\/#breadcrumb"},"inLanguage":"tr","potentialAction":[{"@type":"ReadAction","target":["https:\/\/kuzeyinsesi.org\/index.php\/2025\/04\/29\/anadolu-guzel-sanatlar-lisesi-ogretmen-ve-ogrencileri-lefkosa-surici-sanat-bulusmalarinda-sahne-alacak\/"]}]},{"@type":"ImageObject","inLanguage":"tr","@id":"https:\/\/kuzeyinsesi.org\/index.php\/2025\/04\/29\/anadolu-guzel-sanatlar-lisesi-ogretmen-ve-ogrencileri-lefkosa-surici-sanat-bulusmalarinda-sahne-alacak\/#primaryimage","url":"https:\/\/kuzeyinsesi.org\/wp-content\/uploads\/2025\/04\/1745927861913surici-sanat-bulusmasi-1.jpg","contentUrl":"https:\/\/kuzeyinsesi.org\/wp-content\/uploads\/2025\/04\/1745927861913surici-sanat-bulusmasi-1.jpg","width":930,"height":502},{"@type":"BreadcrumbList","@id":"https:\/\/kuzeyinsesi.org\/index.php\/2025\/04\/29\/anadolu-guzel-sanatlar-lisesi-ogretmen-ve-ogrencileri-lefkosa-surici-sanat-bulusmalarinda-sahne-alacak\/#breadcrumb","itemListElement":[{"@type":"ListItem","position":1,"name":"Anasayfa","item":"https:\/\/kuzeyinsesi.org\/"},{"@type":"ListItem","position":2,"name":"Anadolu G\u00fczel Sanatlar Lisesi \u00f6\u011fretmen ve \u00f6\u011frencileri Lefko\u015fa Suri\u00e7i Sanat Bulu\u015fmalar\u0131\u2019nda sahne alacak"}]},{"@type":"WebSite","@id":"https:\/\/kuzeyinsesi.org\/#website","url":"https:\/\/kuzeyinsesi.org\/","name":"Kuzeyin Sesi","description":"Do\u011fru Haberin Adresi","potentialAction":[{"@type":"SearchAction","target":{"@type":"EntryPoint","urlTemplate":"https:\/\/kuzeyinsesi.org\/?s={search_term_string}"},"query-input":{"@type":"PropertyValueSpecification","valueRequired":true,"valueName":"search_term_string"}}],"inLanguage":"tr"},{"@type":"Person","@id":"https:\/\/kuzeyinsesi.org\/#\/schema\/person\/9f859689cdf01485597712386e37f5aa","name":"Kuzeyin Sesi","image":{"@type":"ImageObject","inLanguage":"tr","@id":"https:\/\/secure.gravatar.com\/avatar\/bab33852abfd8b282518d6ed81826833d77c3c882d9ab608add591ccace47a44?s=96&d=mm&r=g","url":"https:\/\/secure.gravatar.com\/avatar\/bab33852abfd8b282518d6ed81826833d77c3c882d9ab608add591ccace47a44?s=96&d=mm&r=g","contentUrl":"https:\/\/secure.gravatar.com\/avatar\/bab33852abfd8b282518d6ed81826833d77c3c882d9ab608add591ccace47a44?s=96&d=mm&r=g","caption":"Kuzeyin Sesi"},"sameAs":["https:\/\/kuzeyinsesi.org"],"url":"https:\/\/kuzeyinsesi.org\/index.php\/author\/guven\/"}]}},"_links":{"self":[{"href":"https:\/\/kuzeyinsesi.org\/index.php\/wp-json\/wp\/v2\/posts\/24133","targetHints":{"allow":["GET"]}}],"collection":[{"href":"https:\/\/kuzeyinsesi.org\/index.php\/wp-json\/wp\/v2\/posts"}],"about":[{"href":"https:\/\/kuzeyinsesi.org\/index.php\/wp-json\/wp\/v2\/types\/post"}],"author":[{"embeddable":true,"href":"https:\/\/kuzeyinsesi.org\/index.php\/wp-json\/wp\/v2\/users\/1"}],"replies":[{"embeddable":true,"href":"https:\/\/kuzeyinsesi.org\/index.php\/wp-json\/wp\/v2\/comments?post=24133"}],"version-history":[{"count":0,"href":"https:\/\/kuzeyinsesi.org\/index.php\/wp-json\/wp\/v2\/posts\/24133\/revisions"}],"wp:featuredmedia":[{"embeddable":true,"href":"https:\/\/kuzeyinsesi.org\/index.php\/wp-json\/wp\/v2\/media\/24134"}],"wp:attachment":[{"href":"https:\/\/kuzeyinsesi.org\/index.php\/wp-json\/wp\/v2\/media?parent=24133"}],"wp:term":[{"taxonomy":"category","embeddable":true,"href":"https:\/\/kuzeyinsesi.org\/index.php\/wp-json\/wp\/v2\/categories?post=24133"},{"taxonomy":"post_tag","embeddable":true,"href":"https:\/\/kuzeyinsesi.org\/index.php\/wp-json\/wp\/v2\/tags?post=24133"}],"curies":[{"name":"wp","href":"https:\/\/api.w.org\/{rel}","templated":true}]}}