{"id":24076,"date":"2025-04-29T00:47:17","date_gmt":"2025-04-28T21:47:17","guid":{"rendered":"https:\/\/kuzeyinsesi.org\/index.php\/2025\/04\/29\/guzelyurtta-cocuklar-doyasiya-eglendi\/"},"modified":"2025-04-29T00:47:17","modified_gmt":"2025-04-28T21:47:17","slug":"guzelyurtta-cocuklar-doyasiya-eglendi","status":"publish","type":"post","link":"https:\/\/kuzeyinsesi.org\/index.php\/2025\/04\/29\/guzelyurtta-cocuklar-doyasiya-eglendi\/","title":{"rendered":"G\u00fczelyurt\u2019ta \u00e7ocuklar doyas\u0131ya e\u011flendi"},"content":{"rendered":"<div>\n<div class=\"mariselle-image-container center\">\n                                            <\/div>\n<p>G\u00fczelyurt Belediyesi\u2019nin 23 Nisan Ulusal Egemenlik ve \u00c7ocuk Bayram\u0131 dolay\u0131s\u0131yla belediye s\u0131n\u0131rlar\u0131na ba\u011fl\u0131 ana okul ve ilkokullara y\u00f6nelik 28-29 Nisan tarihlerinde organize etti\u011fi \u00e7ocuk e\u011flence program\u0131n\u0131n ilki bug\u00fcn saat 09.00\u2019da yap\u0131ld\u0131.<\/p>\n<p>G\u00fczelyurt Belediyesi\u2019nden verilen bilgiye g\u00f6re, Atat\u00fcrk K\u00fclt\u00fcr Merkezi\u2019ndeki e\u011flenceye kat\u0131lan \u00e7ocuklar kendileri i\u00e7in haz\u0131rlanan etkinlikte doyas\u0131ya e\u011flendi.<\/p>\n<p>G\u00fczelyurt Belediye Ba\u015fkan\u0131 Mahmut \u00d6z\u00e7\u0131nar etkinli\u011fe kat\u0131larak yapt\u0131\u011f\u0131 konu\u015fmada gelece\u011fe umutla bakan, yar\u0131n\u0131n gelece\u011fi \u00e7ocuklar\u0131n bayram\u0131n\u0131 en i\u00e7ten duygularla kutlad\u0131\u011f\u0131n\u0131 ifade etti. <\/p>\n<p>E\u011flence kapsam\u0131nda animasyon ve jongk\u00f6r g\u00f6sterileri renkli g\u00f6r\u00fcnt\u00fclere sahne olurken, \u00e7ocuklardan b\u00fcy\u00fck be\u011feni toplad\u0131. <\/p>\n<p>\u00c7ocuk \u015eenli\u011fi yar\u0131n da devam edecek<\/p>\n<\/p><\/div>\n<p><script async\n                    defer\n                    crossorigin=\"anonymous\"\n                    src=\"https:\/\/connect.facebook.net\/tr_TR\/sdk.js#xfbml=1&#038;version=v3.3\"\n            ><\/script><\/p>\n","protected":false},"excerpt":{"rendered":"<p>G\u00fczelyurt Belediyesi\u2019nin 23 Nisan Ulusal Egemenlik ve \u00c7ocuk Bayram\u0131 dolay\u0131s\u0131yla belediye s\u0131n\u0131rlar\u0131na ba\u011fl\u0131 ana okul ve ilkokullara y\u00f6nelik 28-29 Nisan tarihlerinde organize etti\u011fi \u00e7ocuk e\u011flence program\u0131n\u0131n ilki bug\u00fcn saat 09.00\u2019da yap\u0131ld\u0131. G\u00fczelyurt Belediyesi\u2019nden verilen bilgiye g\u00f6re, Atat\u00fcrk K\u00fclt\u00fcr Merkezi\u2019ndeki e\u011flenceye kat\u0131lan \u00e7ocuklar kendileri i\u00e7in haz\u0131rlanan etkinlikte doyas\u0131ya e\u011flendi. G\u00fczelyurt Belediye Ba\u015fkan\u0131 Mahmut \u00d6z\u00e7\u0131nar etkinli\u011fe kat\u0131larak [&hellip;]<\/p>\n","protected":false},"author":1,"featured_media":24077,"comment_status":"open","ping_status":"open","sticky":false,"template":"","format":"standard","meta":{"jnews-multi-image_gallery":[],"jnews_single_post":[],"jnews_primary_category":[],"jnews_social_meta":[],"jnews_override_counter":[],"footnotes":""},"categories":[6],"tags":[],"class_list":["post-24076","post","type-post","status-publish","format-standard","has-post-thumbnail","hentry","category-yasam"],"yoast_head":"<!-- This site is optimized with the Yoast SEO plugin v27.4 - https:\/\/yoast.com\/product\/yoast-seo-wordpress\/ -->\n<title>G\u00fczelyurt\u2019ta \u00e7ocuklar doyas\u0131ya e\u011flendi - Kuzeyin Sesi<\/title>\n<meta name=\"robots\" content=\"index, follow, max-snippet:-1, max-image-preview:large, max-video-preview:-1\" \/>\n<link rel=\"canonical\" href=\"https:\/\/kuzeyinsesi.org\/index.php\/2025\/04\/29\/guzelyurtta-cocuklar-doyasiya-eglendi\/\" \/>\n<meta property=\"og:locale\" content=\"tr_TR\" \/>\n<meta property=\"og:type\" content=\"article\" \/>\n<meta property=\"og:title\" content=\"G\u00fczelyurt\u2019ta \u00e7ocuklar doyas\u0131ya e\u011flendi - Kuzeyin Sesi\" \/>\n<meta property=\"og:description\" content=\"G\u00fczelyurt Belediyesi\u2019nin 23 Nisan Ulusal Egemenlik ve \u00c7ocuk Bayram\u0131 dolay\u0131s\u0131yla belediye s\u0131n\u0131rlar\u0131na ba\u011fl\u0131 ana okul ve ilkokullara y\u00f6nelik 28-29 Nisan tarihlerinde organize etti\u011fi \u00e7ocuk e\u011flence program\u0131n\u0131n ilki bug\u00fcn saat 09.00\u2019da yap\u0131ld\u0131. G\u00fczelyurt Belediyesi\u2019nden verilen bilgiye g\u00f6re, Atat\u00fcrk K\u00fclt\u00fcr Merkezi\u2019ndeki e\u011flenceye kat\u0131lan \u00e7ocuklar kendileri i\u00e7in haz\u0131rlanan etkinlikte doyas\u0131ya e\u011flendi. G\u00fczelyurt Belediye Ba\u015fkan\u0131 Mahmut \u00d6z\u00e7\u0131nar etkinli\u011fe kat\u0131larak [&hellip;]\" \/>\n<meta property=\"og:url\" content=\"https:\/\/kuzeyinsesi.org\/index.php\/2025\/04\/29\/guzelyurtta-cocuklar-doyasiya-eglendi\/\" \/>\n<meta property=\"og:site_name\" content=\"Kuzeyin Sesi\" \/>\n<meta property=\"article:publisher\" content=\"https:\/\/www.facebook.com\/kuzeyinsesii\" \/>\n<meta property=\"article:published_time\" content=\"2025-04-28T21:47:17+00:00\" \/>\n<meta property=\"og:image\" content=\"https:\/\/brtk.net\/wp-content\/uploads\/2025\/04\/28\/02482084.jpeg?ver=0b38a0e919aa61144861cedb54adbdd5\" \/>\n<meta name=\"author\" content=\"Kuzeyin Sesi\" \/>\n<meta name=\"twitter:card\" content=\"summary_large_image\" \/>\n<meta name=\"twitter:creator\" content=\"@kuzeyinsesii\" \/>\n<meta name=\"twitter:site\" content=\"@kuzeyinsesii\" \/>\n<meta name=\"twitter:label1\" content=\"Yazan:\" \/>\n\t<meta name=\"twitter:data1\" content=\"Kuzeyin Sesi\" \/>\n\t<meta name=\"twitter:label2\" content=\"Tahmini okuma s\u00fcresi\" \/>\n\t<meta name=\"twitter:data2\" content=\"1 dakika\" \/>\n<script type=\"application\/ld+json\" class=\"yoast-schema-graph\">{\"@context\":\"https:\\\/\\\/schema.org\",\"@graph\":[{\"@type\":\"Article\",\"@id\":\"https:\\\/\\\/kuzeyinsesi.org\\\/index.php\\\/2025\\\/04\\\/29\\\/guzelyurtta-cocuklar-doyasiya-eglendi\\\/#article\",\"isPartOf\":{\"@id\":\"https:\\\/\\\/kuzeyinsesi.org\\\/index.php\\\/2025\\\/04\\\/29\\\/guzelyurtta-cocuklar-doyasiya-eglendi\\\/\"},\"author\":{\"name\":\"Kuzeyin Sesi\",\"@id\":\"https:\\\/\\\/kuzeyinsesi.org\\\/#\\\/schema\\\/person\\\/9f859689cdf01485597712386e37f5aa\"},\"headline\":\"G\u00fczelyurt\u2019ta \u00e7ocuklar doyas\u0131ya e\u011flendi\",\"datePublished\":\"2025-04-28T21:47:17+00:00\",\"mainEntityOfPage\":{\"@id\":\"https:\\\/\\\/kuzeyinsesi.org\\\/index.php\\\/2025\\\/04\\\/29\\\/guzelyurtta-cocuklar-doyasiya-eglendi\\\/\"},\"wordCount\":151,\"commentCount\":0,\"image\":{\"@id\":\"https:\\\/\\\/kuzeyinsesi.org\\\/index.php\\\/2025\\\/04\\\/29\\\/guzelyurtta-cocuklar-doyasiya-eglendi\\\/#primaryimage\"},\"thumbnailUrl\":\"https:\\\/\\\/kuzeyinsesi.org\\\/wp-content\\\/uploads\\\/2025\\\/04\\\/02482084.jpeg\",\"articleSection\":[\"Ya\u015fam\"],\"inLanguage\":\"tr\",\"potentialAction\":[{\"@type\":\"CommentAction\",\"name\":\"Comment\",\"target\":[\"https:\\\/\\\/kuzeyinsesi.org\\\/index.php\\\/2025\\\/04\\\/29\\\/guzelyurtta-cocuklar-doyasiya-eglendi\\\/#respond\"]}]},{\"@type\":\"WebPage\",\"@id\":\"https:\\\/\\\/kuzeyinsesi.org\\\/index.php\\\/2025\\\/04\\\/29\\\/guzelyurtta-cocuklar-doyasiya-eglendi\\\/\",\"url\":\"https:\\\/\\\/kuzeyinsesi.org\\\/index.php\\\/2025\\\/04\\\/29\\\/guzelyurtta-cocuklar-doyasiya-eglendi\\\/\",\"name\":\"G\u00fczelyurt\u2019ta \u00e7ocuklar doyas\u0131ya e\u011flendi - Kuzeyin Sesi\",\"isPartOf\":{\"@id\":\"https:\\\/\\\/kuzeyinsesi.org\\\/#website\"},\"primaryImageOfPage\":{\"@id\":\"https:\\\/\\\/kuzeyinsesi.org\\\/index.php\\\/2025\\\/04\\\/29\\\/guzelyurtta-cocuklar-doyasiya-eglendi\\\/#primaryimage\"},\"image\":{\"@id\":\"https:\\\/\\\/kuzeyinsesi.org\\\/index.php\\\/2025\\\/04\\\/29\\\/guzelyurtta-cocuklar-doyasiya-eglendi\\\/#primaryimage\"},\"thumbnailUrl\":\"https:\\\/\\\/kuzeyinsesi.org\\\/wp-content\\\/uploads\\\/2025\\\/04\\\/02482084.jpeg\",\"datePublished\":\"2025-04-28T21:47:17+00:00\",\"author\":{\"@id\":\"https:\\\/\\\/kuzeyinsesi.org\\\/#\\\/schema\\\/person\\\/9f859689cdf01485597712386e37f5aa\"},\"breadcrumb\":{\"@id\":\"https:\\\/\\\/kuzeyinsesi.org\\\/index.php\\\/2025\\\/04\\\/29\\\/guzelyurtta-cocuklar-doyasiya-eglendi\\\/#breadcrumb\"},\"inLanguage\":\"tr\",\"potentialAction\":[{\"@type\":\"ReadAction\",\"target\":[\"https:\\\/\\\/kuzeyinsesi.org\\\/index.php\\\/2025\\\/04\\\/29\\\/guzelyurtta-cocuklar-doyasiya-eglendi\\\/\"]}]},{\"@type\":\"ImageObject\",\"inLanguage\":\"tr\",\"@id\":\"https:\\\/\\\/kuzeyinsesi.org\\\/index.php\\\/2025\\\/04\\\/29\\\/guzelyurtta-cocuklar-doyasiya-eglendi\\\/#primaryimage\",\"url\":\"https:\\\/\\\/kuzeyinsesi.org\\\/wp-content\\\/uploads\\\/2025\\\/04\\\/02482084.jpeg\",\"contentUrl\":\"https:\\\/\\\/kuzeyinsesi.org\\\/wp-content\\\/uploads\\\/2025\\\/04\\\/02482084.jpeg\",\"width\":2048,\"height\":1536},{\"@type\":\"BreadcrumbList\",\"@id\":\"https:\\\/\\\/kuzeyinsesi.org\\\/index.php\\\/2025\\\/04\\\/29\\\/guzelyurtta-cocuklar-doyasiya-eglendi\\\/#breadcrumb\",\"itemListElement\":[{\"@type\":\"ListItem\",\"position\":1,\"name\":\"Anasayfa\",\"item\":\"https:\\\/\\\/kuzeyinsesi.org\\\/\"},{\"@type\":\"ListItem\",\"position\":2,\"name\":\"G\u00fczelyurt\u2019ta \u00e7ocuklar doyas\u0131ya e\u011flendi\"}]},{\"@type\":\"WebSite\",\"@id\":\"https:\\\/\\\/kuzeyinsesi.org\\\/#website\",\"url\":\"https:\\\/\\\/kuzeyinsesi.org\\\/\",\"name\":\"Kuzeyin Sesi\",\"description\":\"Do\u011fru Haberin Adresi\",\"potentialAction\":[{\"@type\":\"SearchAction\",\"target\":{\"@type\":\"EntryPoint\",\"urlTemplate\":\"https:\\\/\\\/kuzeyinsesi.org\\\/?s={search_term_string}\"},\"query-input\":{\"@type\":\"PropertyValueSpecification\",\"valueRequired\":true,\"valueName\":\"search_term_string\"}}],\"inLanguage\":\"tr\"},{\"@type\":\"Person\",\"@id\":\"https:\\\/\\\/kuzeyinsesi.org\\\/#\\\/schema\\\/person\\\/9f859689cdf01485597712386e37f5aa\",\"name\":\"Kuzeyin Sesi\",\"image\":{\"@type\":\"ImageObject\",\"inLanguage\":\"tr\",\"@id\":\"https:\\\/\\\/secure.gravatar.com\\\/avatar\\\/bab33852abfd8b282518d6ed81826833d77c3c882d9ab608add591ccace47a44?s=96&d=mm&r=g\",\"url\":\"https:\\\/\\\/secure.gravatar.com\\\/avatar\\\/bab33852abfd8b282518d6ed81826833d77c3c882d9ab608add591ccace47a44?s=96&d=mm&r=g\",\"contentUrl\":\"https:\\\/\\\/secure.gravatar.com\\\/avatar\\\/bab33852abfd8b282518d6ed81826833d77c3c882d9ab608add591ccace47a44?s=96&d=mm&r=g\",\"caption\":\"Kuzeyin Sesi\"},\"sameAs\":[\"https:\\\/\\\/kuzeyinsesi.org\"],\"url\":\"https:\\\/\\\/kuzeyinsesi.org\\\/index.php\\\/author\\\/guven\\\/\"}]}<\/script>\n<!-- \/ Yoast SEO plugin. -->","yoast_head_json":{"title":"G\u00fczelyurt\u2019ta \u00e7ocuklar doyas\u0131ya e\u011flendi - Kuzeyin Sesi","robots":{"index":"index","follow":"follow","max-snippet":"max-snippet:-1","max-image-preview":"max-image-preview:large","max-video-preview":"max-video-preview:-1"},"canonical":"https:\/\/kuzeyinsesi.org\/index.php\/2025\/04\/29\/guzelyurtta-cocuklar-doyasiya-eglendi\/","og_locale":"tr_TR","og_type":"article","og_title":"G\u00fczelyurt\u2019ta \u00e7ocuklar doyas\u0131ya e\u011flendi - Kuzeyin Sesi","og_description":"G\u00fczelyurt Belediyesi\u2019nin 23 Nisan Ulusal Egemenlik ve \u00c7ocuk Bayram\u0131 dolay\u0131s\u0131yla belediye s\u0131n\u0131rlar\u0131na ba\u011fl\u0131 ana okul ve ilkokullara y\u00f6nelik 28-29 Nisan tarihlerinde organize etti\u011fi \u00e7ocuk e\u011flence program\u0131n\u0131n ilki bug\u00fcn saat 09.00\u2019da yap\u0131ld\u0131. G\u00fczelyurt Belediyesi\u2019nden verilen bilgiye g\u00f6re, Atat\u00fcrk K\u00fclt\u00fcr Merkezi\u2019ndeki e\u011flenceye kat\u0131lan \u00e7ocuklar kendileri i\u00e7in haz\u0131rlanan etkinlikte doyas\u0131ya e\u011flendi. G\u00fczelyurt Belediye Ba\u015fkan\u0131 Mahmut \u00d6z\u00e7\u0131nar etkinli\u011fe kat\u0131larak [&hellip;]","og_url":"https:\/\/kuzeyinsesi.org\/index.php\/2025\/04\/29\/guzelyurtta-cocuklar-doyasiya-eglendi\/","og_site_name":"Kuzeyin Sesi","article_publisher":"https:\/\/www.facebook.com\/kuzeyinsesii","article_published_time":"2025-04-28T21:47:17+00:00","og_image":[{"url":"https:\/\/brtk.net\/wp-content\/uploads\/2025\/04\/28\/02482084.jpeg?ver=0b38a0e919aa61144861cedb54adbdd5","type":"","width":"","height":""}],"author":"Kuzeyin Sesi","twitter_card":"summary_large_image","twitter_creator":"@kuzeyinsesii","twitter_site":"@kuzeyinsesii","twitter_misc":{"Yazan:":"Kuzeyin Sesi","Tahmini okuma s\u00fcresi":"1 dakika"},"schema":{"@context":"https:\/\/schema.org","@graph":[{"@type":"Article","@id":"https:\/\/kuzeyinsesi.org\/index.php\/2025\/04\/29\/guzelyurtta-cocuklar-doyasiya-eglendi\/#article","isPartOf":{"@id":"https:\/\/kuzeyinsesi.org\/index.php\/2025\/04\/29\/guzelyurtta-cocuklar-doyasiya-eglendi\/"},"author":{"name":"Kuzeyin Sesi","@id":"https:\/\/kuzeyinsesi.org\/#\/schema\/person\/9f859689cdf01485597712386e37f5aa"},"headline":"G\u00fczelyurt\u2019ta \u00e7ocuklar doyas\u0131ya e\u011flendi","datePublished":"2025-04-28T21:47:17+00:00","mainEntityOfPage":{"@id":"https:\/\/kuzeyinsesi.org\/index.php\/2025\/04\/29\/guzelyurtta-cocuklar-doyasiya-eglendi\/"},"wordCount":151,"commentCount":0,"image":{"@id":"https:\/\/kuzeyinsesi.org\/index.php\/2025\/04\/29\/guzelyurtta-cocuklar-doyasiya-eglendi\/#primaryimage"},"thumbnailUrl":"https:\/\/kuzeyinsesi.org\/wp-content\/uploads\/2025\/04\/02482084.jpeg","articleSection":["Ya\u015fam"],"inLanguage":"tr","potentialAction":[{"@type":"CommentAction","name":"Comment","target":["https:\/\/kuzeyinsesi.org\/index.php\/2025\/04\/29\/guzelyurtta-cocuklar-doyasiya-eglendi\/#respond"]}]},{"@type":"WebPage","@id":"https:\/\/kuzeyinsesi.org\/index.php\/2025\/04\/29\/guzelyurtta-cocuklar-doyasiya-eglendi\/","url":"https:\/\/kuzeyinsesi.org\/index.php\/2025\/04\/29\/guzelyurtta-cocuklar-doyasiya-eglendi\/","name":"G\u00fczelyurt\u2019ta \u00e7ocuklar doyas\u0131ya e\u011flendi - Kuzeyin Sesi","isPartOf":{"@id":"https:\/\/kuzeyinsesi.org\/#website"},"primaryImageOfPage":{"@id":"https:\/\/kuzeyinsesi.org\/index.php\/2025\/04\/29\/guzelyurtta-cocuklar-doyasiya-eglendi\/#primaryimage"},"image":{"@id":"https:\/\/kuzeyinsesi.org\/index.php\/2025\/04\/29\/guzelyurtta-cocuklar-doyasiya-eglendi\/#primaryimage"},"thumbnailUrl":"https:\/\/kuzeyinsesi.org\/wp-content\/uploads\/2025\/04\/02482084.jpeg","datePublished":"2025-04-28T21:47:17+00:00","author":{"@id":"https:\/\/kuzeyinsesi.org\/#\/schema\/person\/9f859689cdf01485597712386e37f5aa"},"breadcrumb":{"@id":"https:\/\/kuzeyinsesi.org\/index.php\/2025\/04\/29\/guzelyurtta-cocuklar-doyasiya-eglendi\/#breadcrumb"},"inLanguage":"tr","potentialAction":[{"@type":"ReadAction","target":["https:\/\/kuzeyinsesi.org\/index.php\/2025\/04\/29\/guzelyurtta-cocuklar-doyasiya-eglendi\/"]}]},{"@type":"ImageObject","inLanguage":"tr","@id":"https:\/\/kuzeyinsesi.org\/index.php\/2025\/04\/29\/guzelyurtta-cocuklar-doyasiya-eglendi\/#primaryimage","url":"https:\/\/kuzeyinsesi.org\/wp-content\/uploads\/2025\/04\/02482084.jpeg","contentUrl":"https:\/\/kuzeyinsesi.org\/wp-content\/uploads\/2025\/04\/02482084.jpeg","width":2048,"height":1536},{"@type":"BreadcrumbList","@id":"https:\/\/kuzeyinsesi.org\/index.php\/2025\/04\/29\/guzelyurtta-cocuklar-doyasiya-eglendi\/#breadcrumb","itemListElement":[{"@type":"ListItem","position":1,"name":"Anasayfa","item":"https:\/\/kuzeyinsesi.org\/"},{"@type":"ListItem","position":2,"name":"G\u00fczelyurt\u2019ta \u00e7ocuklar doyas\u0131ya e\u011flendi"}]},{"@type":"WebSite","@id":"https:\/\/kuzeyinsesi.org\/#website","url":"https:\/\/kuzeyinsesi.org\/","name":"Kuzeyin Sesi","description":"Do\u011fru Haberin Adresi","potentialAction":[{"@type":"SearchAction","target":{"@type":"EntryPoint","urlTemplate":"https:\/\/kuzeyinsesi.org\/?s={search_term_string}"},"query-input":{"@type":"PropertyValueSpecification","valueRequired":true,"valueName":"search_term_string"}}],"inLanguage":"tr"},{"@type":"Person","@id":"https:\/\/kuzeyinsesi.org\/#\/schema\/person\/9f859689cdf01485597712386e37f5aa","name":"Kuzeyin Sesi","image":{"@type":"ImageObject","inLanguage":"tr","@id":"https:\/\/secure.gravatar.com\/avatar\/bab33852abfd8b282518d6ed81826833d77c3c882d9ab608add591ccace47a44?s=96&d=mm&r=g","url":"https:\/\/secure.gravatar.com\/avatar\/bab33852abfd8b282518d6ed81826833d77c3c882d9ab608add591ccace47a44?s=96&d=mm&r=g","contentUrl":"https:\/\/secure.gravatar.com\/avatar\/bab33852abfd8b282518d6ed81826833d77c3c882d9ab608add591ccace47a44?s=96&d=mm&r=g","caption":"Kuzeyin Sesi"},"sameAs":["https:\/\/kuzeyinsesi.org"],"url":"https:\/\/kuzeyinsesi.org\/index.php\/author\/guven\/"}]}},"_links":{"self":[{"href":"https:\/\/kuzeyinsesi.org\/index.php\/wp-json\/wp\/v2\/posts\/24076","targetHints":{"allow":["GET"]}}],"collection":[{"href":"https:\/\/kuzeyinsesi.org\/index.php\/wp-json\/wp\/v2\/posts"}],"about":[{"href":"https:\/\/kuzeyinsesi.org\/index.php\/wp-json\/wp\/v2\/types\/post"}],"author":[{"embeddable":true,"href":"https:\/\/kuzeyinsesi.org\/index.php\/wp-json\/wp\/v2\/users\/1"}],"replies":[{"embeddable":true,"href":"https:\/\/kuzeyinsesi.org\/index.php\/wp-json\/wp\/v2\/comments?post=24076"}],"version-history":[{"count":0,"href":"https:\/\/kuzeyinsesi.org\/index.php\/wp-json\/wp\/v2\/posts\/24076\/revisions"}],"wp:featuredmedia":[{"embeddable":true,"href":"https:\/\/kuzeyinsesi.org\/index.php\/wp-json\/wp\/v2\/media\/24077"}],"wp:attachment":[{"href":"https:\/\/kuzeyinsesi.org\/index.php\/wp-json\/wp\/v2\/media?parent=24076"}],"wp:term":[{"taxonomy":"category","embeddable":true,"href":"https:\/\/kuzeyinsesi.org\/index.php\/wp-json\/wp\/v2\/categories?post=24076"},{"taxonomy":"post_tag","embeddable":true,"href":"https:\/\/kuzeyinsesi.org\/index.php\/wp-json\/wp\/v2\/tags?post=24076"}],"curies":[{"name":"wp","href":"https:\/\/api.w.org\/{rel}","templated":true}]}}